




{"id":96007,"date":"2026-08-29T14:48:29","date_gmt":"2026-08-29T12:48:29","guid":{"rendered":"https:\/\/qtmm.org\/pamyatayemo-zahysnykiv-ukrayiny\/"},"modified":"2026-09-01T11:29:22","modified_gmt":"2026-09-01T09:29:22","slug":"pamyatayemo-zahysnykiv-ukrayiny","status":"publish","type":"post","link":"https:\/\/qtmm.org\/qt\/pamyatayemo-zahysnykiv-ukrayiny\/","title":{"rendered":"Ukrayina qor\u00e7alay\u0131c\u0131lar\u0131n\u0131 hat\u0131rlaym\u0131z"},"content":{"rendered":"\n<p class=\"wp-block-paragraph\">Arman ay\u0131n\u0131\u00f1 29-\u0131 \u2013 Ukrayina mustaqilligi, suvereniteti ve topraq b\u00fct\u00fcnligi o\u011frunda k\u00fcre\u015fte el\u00e2k ol\u011fan <strong>Ukrayina qor\u00e7alay\u0131c\u0131lar\u0131n\u0131\u00f1 hat\u0131ra k\u00fcn\u00fc.<\/strong><\/p>\n\n\n\n<p class=\"wp-block-paragraph\">Bu, Ukrayina qor\u00e7ala\u011fan arbiy h\u0131zmet\u00e7iler ve g\u00f6\u00f1\u00fcllilerni\u00f1 hat\u0131ra k\u00fcn\u00fcdir, \u00f6z soy-soplar\u0131n\u0131, qorantalar\u0131n\u0131, \u015feer ve k\u00f6ylerini qor\u00e7alap, cenk meydan\u0131nda el\u00e2k ol\u011fanlarn\u0131\u00f1 hat\u0131ra k\u00fcn\u00fcdir. So\u00f1una qadar antlar\u0131na ve Ukrayina\u011fa sad\u0131q qal\u011fanlarn\u0131\u00f1 hat\u0131ra k\u00fcn\u00fcdir.<\/p>\n\n\n\n<p class=\"wp-block-paragraph\">Er bir \u00f6l\u00fcni\u00f1 ayr\u0131 ik\u00e2yesi: qorantas\u0131, dostlar\u0131, qarda\u015flar\u0131 bar. Er bir adn\u0131\u00f1 arqas\u0131nda devam etmeli ol\u011fan ayat bar. Biz olarn\u0131 hat\u0131rlaym\u0131z ve Ukrayinan\u0131\u00f1 serbest olmaq i\u00e7\u00fcn \u00f6degen fiyat\u0131n\u0131 a\u00f1laym\u0131z.<\/p>\n\n\n\n<p class=\"wp-block-paragraph\">Ukrayina qor\u00e7alay\u0131c\u0131lar\u0131 aras\u0131nda <strong>onlarnen q\u0131r\u0131mtatar arbiy h\u0131zmet\u00e7isi<\/strong> de bar. Olar Ukrayina, on\u0131\u00f1 topraq b\u00fct\u00fcnligi ve Q\u0131r\u0131mn\u0131\u00f1 serbest olaca\u011f\u0131 kelecek i\u00e7\u00fcn k\u00fcre\u015fe ediler.<\/p>\n\n\n\n<p class=\"wp-block-paragraph\">Q\u0131r\u0131mtatarlar i\u00e7\u00fcn bu k\u00fcre\u015fni\u00f1 hususiy bir manas\u0131 bar. Halq\u0131m\u0131zn\u0131\u00f1 \u00e7oqus\u0131 endi on eki y\u0131ldan berli Q\u0131r\u0131mn\u0131\u00f1 Rusiye i\u015f\u011fali \u015faraitinde ya\u015famaq mecbur, bug\u00fcn q\u0131r\u0131mtatar arbiy h\u0131zmet\u00e7ileri ise \u00f6z Vatan\u0131n\u0131 azat et\u00fcv k\u00fcn\u00fcni&nbsp; yaq\u0131nla\u015faraq, Ukrayinan\u0131 qor\u00e7alaylar..<\/p>\n\n\n\n<p class=\"wp-block-paragraph\">Biz, el\u00e2k ol\u011fan b\u00fct\u00fcn Ukrayina qor\u00e7alay\u0131c\u0131lar\u0131n\u0131 hat\u0131rlaym\u0131z.<\/p>\n\n\n\n<p class=\"wp-block-paragraph\">Biz, k\u00fcre\u015fmege devam etkenlerni unutmazm\u0131z.<\/p>\n\n\n\n<p class=\"wp-block-paragraph\"><strong>Ukrayina qor\u00e7alay\u0131c\u0131lar\u0131n\u0131\u00f1 canlar\u0131 nur i\u00e7inde yats\u0131nlar!<\/strong><\/p>\n","protected":false},"excerpt":{"rendered":"<p>Arman ay\u0131n\u0131\u00f1 29-\u0131 \u2013 Ukrayina mustaqilligi, suvereniteti ve topraq b\u00fct\u00fcnligi o\u011frunda k\u00fcre\u015fte el\u00e2k ol\u011fan Ukrayina qor\u00e7alay\u0131c\u0131lar\u0131n\u0131\u00f1 hat\u0131ra k\u00fcn\u00fc. Bu, Ukrayina qor\u00e7ala\u011fan arbiy h\u0131zmet\u00e7iler ve g\u00f6\u00f1\u00fcllilerni\u00f1 hat\u0131ra k\u00fcn\u00fcdir, \u00f6z soy-soplar\u0131n\u0131, qorantalar\u0131n\u0131, \u015feer ve k\u00f6ylerini qor\u00e7alap, cenk meydan\u0131nda el\u00e2k ol\u011fanlarn\u0131\u00f1 hat\u0131ra k\u00fcn\u00fcdir. So\u00f1una qadar antlar\u0131na ve Ukrayina\u011fa sad\u0131q qal\u011fanlarn\u0131\u00f1 hat\u0131ra k\u00fcn\u00fcdir. Er bir \u00f6l\u00fcni\u00f1 ayr\u0131 ik\u00e2yesi: qorantas\u0131, [&hellip;]<\/p>\n","protected":false},"author":8,"featured_media":96009,"comment_status":"closed","ping_status":"closed","sticky":false,"template":"","format":"standard","meta":{"inline_featured_image":false,"footnotes":""},"categories":[265],"tags":[],"class_list":["post-96007","post","type-post","status-publish","format-standard","has-post-thumbnail","hentry","category-haberler"],"acf":[],"yoast_head":"<!-- This site is optimized with the Yoast SEO plugin v28.3 - https:\/\/yoast.com\/product\/yoast-seo-wordpress\/ -->\n<title>Ukrayina qor\u00e7alay\u0131c\u0131lar\u0131n\u0131 hat\u0131rlaym\u0131z - Meclis<\/title>\n<meta name=\"description\" content=\"Arman ay\u0131n\u0131\u00f1 29-\u0131 \u2013 Ukrayina mustaqilligi, suvereniteti ve topraq b\u00fct\u00fcnligi o\u011frunda k\u00fcre\u015fte el\u00e2k ol\u011fan Ukrayina qor\u00e7alay\u0131c\u0131lar\u0131n\u0131\u00f1 hat\u0131ra k\u00fcn\u00fc.\" \/>\n<meta name=\"robots\" content=\"index, follow, max-snippet:-1, max-image-preview:large, max-video-preview:-1\" \/>\n<link rel=\"canonical\" href=\"https:\/\/qtmm.org\/qt\/pamyatayemo-zahysnykiv-ukrayiny\/\" \/>\n<meta property=\"og:locale\" content=\"en_US\" \/>\n<meta property=\"og:type\" content=\"article\" \/>\n<meta property=\"og:title\" content=\"Ukrayina qor\u00e7alay\u0131c\u0131lar\u0131n\u0131 hat\u0131rlaym\u0131z - Meclis\" \/>\n<meta property=\"og:description\" content=\"Arman ay\u0131n\u0131\u00f1 29-\u0131 \u2013 Ukrayina mustaqilligi, suvereniteti ve topraq b\u00fct\u00fcnligi o\u011frunda k\u00fcre\u015fte el\u00e2k ol\u011fan Ukrayina qor\u00e7alay\u0131c\u0131lar\u0131n\u0131\u00f1 hat\u0131ra k\u00fcn\u00fc.\" \/>\n<meta property=\"og:url\" content=\"https:\/\/qtmm.org\/qt\/pamyatayemo-zahysnykiv-ukrayiny\/\" \/>\n<meta property=\"og:site_name\" content=\"\u041c\u0435\u0434\u0436\u043b\u0456\u0441\" \/>\n<meta property=\"article:publisher\" content=\"https:\/\/www.facebook.com\/qtmm.info\/\" \/>\n<meta property=\"article:published_time\" content=\"2026-08-29T12:48:29+00:00\" \/>\n<meta property=\"article:modified_time\" content=\"2026-09-01T09:29:22+00:00\" \/>\n<meta property=\"og:image\" content=\"https:\/\/qtmm.org\/wp-content\/uploads\/2026\/08\/qorcalayicilarini.png\" \/>\n\t<meta property=\"og:image:width\" content=\"1920\" \/>\n\t<meta property=\"og:image:height\" content=\"1020\" \/>\n\t<meta property=\"og:image:type\" content=\"image\/png\" \/>\n<meta name=\"author\" content=\"Umerova Aishe\" \/>\n<meta name=\"twitter:card\" content=\"summary_large_image\" \/>\n<meta name=\"twitter:label1\" content=\"Written by\" \/>\n\t<meta name=\"twitter:data1\" content=\"Umerova Aishe\" \/>\n\t<meta name=\"twitter:label2\" content=\"Est. reading time\" \/>\n\t<meta name=\"twitter:data2\" content=\"2 minutes\" \/>\n<script type=\"application\/ld+json\" class=\"yoast-schema-graph\">{\"@context\":\"https:\\\/\\\/schema.org\",\"@graph\":[{\"@type\":\"Article\",\"@id\":\"https:\\\/\\\/qtmm.org\\\/qt\\\/pamyatayemo-zahysnykiv-ukrayiny\\\/#article\",\"isPartOf\":{\"@id\":\"https:\\\/\\\/qtmm.org\\\/qt\\\/pamyatayemo-zahysnykiv-ukrayiny\\\/\"},\"author\":{\"name\":\"Umerova Aishe\",\"@id\":\"https:\\\/\\\/qtmm.org\\\/qt\\\/#\\\/schema\\\/person\\\/961a79ddce3f674d41d4aabf45de486b\"},\"headline\":\"Ukrayina qor\u00e7alay\u0131c\u0131lar\u0131n\u0131 hat\u0131rlaym\u0131z\",\"datePublished\":\"2026-08-29T12:48:29+00:00\",\"dateModified\":\"2026-09-01T09:29:22+00:00\",\"mainEntityOfPage\":{\"@id\":\"https:\\\/\\\/qtmm.org\\\/qt\\\/pamyatayemo-zahysnykiv-ukrayiny\\\/\"},\"wordCount\":270,\"publisher\":{\"@id\":\"https:\\\/\\\/qtmm.org\\\/qt\\\/#organization\"},\"image\":{\"@id\":\"https:\\\/\\\/qtmm.org\\\/qt\\\/pamyatayemo-zahysnykiv-ukrayiny\\\/#primaryimage\"},\"thumbnailUrl\":\"https:\\\/\\\/qtmm.org\\\/wp-content\\\/uploads\\\/2026\\\/08\\\/qorcalayicilarini.png\",\"articleSection\":[\"Haberler\"],\"inLanguage\":\"qt\"},{\"@type\":\"WebPage\",\"@id\":\"https:\\\/\\\/qtmm.org\\\/qt\\\/pamyatayemo-zahysnykiv-ukrayiny\\\/\",\"url\":\"https:\\\/\\\/qtmm.org\\\/qt\\\/pamyatayemo-zahysnykiv-ukrayiny\\\/\",\"name\":\"Ukrayina qor\u00e7alay\u0131c\u0131lar\u0131n\u0131 hat\u0131rlaym\u0131z - Meclis\",\"isPartOf\":{\"@id\":\"https:\\\/\\\/qtmm.org\\\/qt\\\/#website\"},\"primaryImageOfPage\":{\"@id\":\"https:\\\/\\\/qtmm.org\\\/qt\\\/pamyatayemo-zahysnykiv-ukrayiny\\\/#primaryimage\"},\"image\":{\"@id\":\"https:\\\/\\\/qtmm.org\\\/qt\\\/pamyatayemo-zahysnykiv-ukrayiny\\\/#primaryimage\"},\"thumbnailUrl\":\"https:\\\/\\\/qtmm.org\\\/wp-content\\\/uploads\\\/2026\\\/08\\\/qorcalayicilarini.png\",\"datePublished\":\"2026-08-29T12:48:29+00:00\",\"dateModified\":\"2026-09-01T09:29:22+00:00\",\"description\":\"Arman ay\u0131n\u0131\u00f1 29-\u0131 \u2013 Ukrayina mustaqilligi, suvereniteti ve topraq b\u00fct\u00fcnligi o\u011frunda k\u00fcre\u015fte el\u00e2k ol\u011fan Ukrayina qor\u00e7alay\u0131c\u0131lar\u0131n\u0131\u00f1 hat\u0131ra k\u00fcn\u00fc.\",\"breadcrumb\":{\"@id\":\"https:\\\/\\\/qtmm.org\\\/qt\\\/pamyatayemo-zahysnykiv-ukrayiny\\\/#breadcrumb\"},\"inLanguage\":\"qt\",\"potentialAction\":[{\"@type\":\"ReadAction\",\"target\":[\"https:\\\/\\\/qtmm.org\\\/qt\\\/pamyatayemo-zahysnykiv-ukrayiny\\\/\"]}]},{\"@type\":\"ImageObject\",\"inLanguage\":\"qt\",\"@id\":\"https:\\\/\\\/qtmm.org\\\/qt\\\/pamyatayemo-zahysnykiv-ukrayiny\\\/#primaryimage\",\"url\":\"https:\\\/\\\/qtmm.org\\\/wp-content\\\/uploads\\\/2026\\\/08\\\/qorcalayicilarini.png\",\"contentUrl\":\"https:\\\/\\\/qtmm.org\\\/wp-content\\\/uploads\\\/2026\\\/08\\\/qorcalayicilarini.png\",\"width\":1920,\"height\":1020},{\"@type\":\"BreadcrumbList\",\"@id\":\"https:\\\/\\\/qtmm.org\\\/qt\\\/pamyatayemo-zahysnykiv-ukrayiny\\\/#breadcrumb\",\"itemListElement\":[{\"@type\":\"ListItem\",\"position\":1,\"name\":\"\u0413\u043e\u043b\u043e\u0432\u043d\u0430\",\"item\":\"https:\\\/\\\/qtmm.org\\\/qt\\\/\"},{\"@type\":\"ListItem\",\"position\":2,\"name\":\"Ukrayina qor\u00e7alay\u0131c\u0131lar\u0131n\u0131 hat\u0131rlaym\u0131z\"}]},{\"@type\":\"WebSite\",\"@id\":\"https:\\\/\\\/qtmm.org\\\/qt\\\/#website\",\"url\":\"https:\\\/\\\/qtmm.org\\\/qt\\\/\",\"name\":\"\u041c\u0435\u0434\u0436\u043b\u0456\u0441\",\"description\":\"\",\"publisher\":{\"@id\":\"https:\\\/\\\/qtmm.org\\\/qt\\\/#organization\"},\"potentialAction\":[{\"@type\":\"SearchAction\",\"target\":{\"@type\":\"EntryPoint\",\"urlTemplate\":\"https:\\\/\\\/qtmm.org\\\/qt\\\/?s={search_term_string}\"},\"query-input\":{\"@type\":\"PropertyValueSpecification\",\"valueRequired\":true,\"valueName\":\"search_term_string\"}}],\"inLanguage\":\"qt\"},{\"@type\":\"Organization\",\"@id\":\"https:\\\/\\\/qtmm.org\\\/qt\\\/#organization\",\"name\":\"\u041c\u0435\u0434\u0436\u043b\u0456\u0441\",\"url\":\"https:\\\/\\\/qtmm.org\\\/qt\\\/\",\"logo\":{\"@type\":\"ImageObject\",\"inLanguage\":\"qt\",\"@id\":\"https:\\\/\\\/qtmm.org\\\/qt\\\/#\\\/schema\\\/logo\\\/image\\\/\",\"url\":\"https:\\\/\\\/qtmm.org\\\/wp-content\\\/uploads\\\/2024\\\/12\\\/ua-mejlis-logo-rgb.svg\",\"contentUrl\":\"https:\\\/\\\/qtmm.org\\\/wp-content\\\/uploads\\\/2024\\\/12\\\/ua-mejlis-logo-rgb.svg\",\"caption\":\"\u041c\u0435\u0434\u0436\u043b\u0456\u0441\"},\"image\":{\"@id\":\"https:\\\/\\\/qtmm.org\\\/qt\\\/#\\\/schema\\\/logo\\\/image\\\/\"},\"sameAs\":[\"https:\\\/\\\/www.facebook.com\\\/qtmm.info\\\/\"]},{\"@type\":\"Person\",\"@id\":\"https:\\\/\\\/qtmm.org\\\/qt\\\/#\\\/schema\\\/person\\\/961a79ddce3f674d41d4aabf45de486b\",\"name\":\"Umerova Aishe\",\"image\":{\"@type\":\"ImageObject\",\"inLanguage\":\"qt\",\"@id\":\"https:\\\/\\\/secure.gravatar.com\\\/avatar\\\/4f0a62f3f36fc2f60bbf771d5f06f982ca5c51bbaadd7cbce3db1397962a559d?s=96&d=mm&r=g\",\"url\":\"https:\\\/\\\/secure.gravatar.com\\\/avatar\\\/4f0a62f3f36fc2f60bbf771d5f06f982ca5c51bbaadd7cbce3db1397962a559d?s=96&d=mm&r=g\",\"contentUrl\":\"https:\\\/\\\/secure.gravatar.com\\\/avatar\\\/4f0a62f3f36fc2f60bbf771d5f06f982ca5c51bbaadd7cbce3db1397962a559d?s=96&d=mm&r=g\",\"caption\":\"Umerova Aishe\"},\"url\":\"https:\\\/\\\/qtmm.org\\\/qt\\\/author\\\/aishe-umerova\\\/\"}]}<\/script>\n<!-- \/ Yoast SEO plugin. -->","yoast_head_json":{"title":"Ukrayina qor\u00e7alay\u0131c\u0131lar\u0131n\u0131 hat\u0131rlaym\u0131z - Meclis","description":"Arman ay\u0131n\u0131\u00f1 29-\u0131 \u2013 Ukrayina mustaqilligi, suvereniteti ve topraq b\u00fct\u00fcnligi o\u011frunda k\u00fcre\u015fte el\u00e2k ol\u011fan Ukrayina qor\u00e7alay\u0131c\u0131lar\u0131n\u0131\u00f1 hat\u0131ra k\u00fcn\u00fc.","robots":{"index":"index","follow":"follow","max-snippet":"max-snippet:-1","max-image-preview":"max-image-preview:large","max-video-preview":"max-video-preview:-1"},"canonical":"https:\/\/qtmm.org\/qt\/pamyatayemo-zahysnykiv-ukrayiny\/","og_locale":"en_US","og_type":"article","og_title":"Ukrayina qor\u00e7alay\u0131c\u0131lar\u0131n\u0131 hat\u0131rlaym\u0131z - Meclis","og_description":"Arman ay\u0131n\u0131\u00f1 29-\u0131 \u2013 Ukrayina mustaqilligi, suvereniteti ve topraq b\u00fct\u00fcnligi o\u011frunda k\u00fcre\u015fte el\u00e2k ol\u011fan Ukrayina qor\u00e7alay\u0131c\u0131lar\u0131n\u0131\u00f1 hat\u0131ra k\u00fcn\u00fc.","og_url":"https:\/\/qtmm.org\/qt\/pamyatayemo-zahysnykiv-ukrayiny\/","og_site_name":"\u041c\u0435\u0434\u0436\u043b\u0456\u0441","article_publisher":"https:\/\/www.facebook.com\/qtmm.info\/","article_published_time":"2026-08-29T12:48:29+00:00","article_modified_time":"2026-09-01T09:29:22+00:00","og_image":[{"width":1920,"height":1020,"url":"https:\/\/qtmm.org\/wp-content\/uploads\/2026\/08\/qorcalayicilarini.png","type":"image\/png"}],"author":"Umerova Aishe","twitter_card":"summary_large_image","twitter_misc":{"Written by":"Umerova Aishe","Est. reading time":"2 minutes"},"schema":{"@context":"https:\/\/schema.org","@graph":[{"@type":"Article","@id":"https:\/\/qtmm.org\/qt\/pamyatayemo-zahysnykiv-ukrayiny\/#article","isPartOf":{"@id":"https:\/\/qtmm.org\/qt\/pamyatayemo-zahysnykiv-ukrayiny\/"},"author":{"name":"Umerova Aishe","@id":"https:\/\/qtmm.org\/qt\/#\/schema\/person\/961a79ddce3f674d41d4aabf45de486b"},"headline":"Ukrayina qor\u00e7alay\u0131c\u0131lar\u0131n\u0131 hat\u0131rlaym\u0131z","datePublished":"2026-08-29T12:48:29+00:00","dateModified":"2026-09-01T09:29:22+00:00","mainEntityOfPage":{"@id":"https:\/\/qtmm.org\/qt\/pamyatayemo-zahysnykiv-ukrayiny\/"},"wordCount":270,"publisher":{"@id":"https:\/\/qtmm.org\/qt\/#organization"},"image":{"@id":"https:\/\/qtmm.org\/qt\/pamyatayemo-zahysnykiv-ukrayiny\/#primaryimage"},"thumbnailUrl":"https:\/\/qtmm.org\/wp-content\/uploads\/2026\/08\/qorcalayicilarini.png","articleSection":["Haberler"],"inLanguage":"qt"},{"@type":"WebPage","@id":"https:\/\/qtmm.org\/qt\/pamyatayemo-zahysnykiv-ukrayiny\/","url":"https:\/\/qtmm.org\/qt\/pamyatayemo-zahysnykiv-ukrayiny\/","name":"Ukrayina qor\u00e7alay\u0131c\u0131lar\u0131n\u0131 hat\u0131rlaym\u0131z - Meclis","isPartOf":{"@id":"https:\/\/qtmm.org\/qt\/#website"},"primaryImageOfPage":{"@id":"https:\/\/qtmm.org\/qt\/pamyatayemo-zahysnykiv-ukrayiny\/#primaryimage"},"image":{"@id":"https:\/\/qtmm.org\/qt\/pamyatayemo-zahysnykiv-ukrayiny\/#primaryimage"},"thumbnailUrl":"https:\/\/qtmm.org\/wp-content\/uploads\/2026\/08\/qorcalayicilarini.png","datePublished":"2026-08-29T12:48:29+00:00","dateModified":"2026-09-01T09:29:22+00:00","description":"Arman ay\u0131n\u0131\u00f1 29-\u0131 \u2013 Ukrayina mustaqilligi, suvereniteti ve topraq b\u00fct\u00fcnligi o\u011frunda k\u00fcre\u015fte el\u00e2k ol\u011fan Ukrayina qor\u00e7alay\u0131c\u0131lar\u0131n\u0131\u00f1 hat\u0131ra k\u00fcn\u00fc.","breadcrumb":{"@id":"https:\/\/qtmm.org\/qt\/pamyatayemo-zahysnykiv-ukrayiny\/#breadcrumb"},"inLanguage":"qt","potentialAction":[{"@type":"ReadAction","target":["https:\/\/qtmm.org\/qt\/pamyatayemo-zahysnykiv-ukrayiny\/"]}]},{"@type":"ImageObject","inLanguage":"qt","@id":"https:\/\/qtmm.org\/qt\/pamyatayemo-zahysnykiv-ukrayiny\/#primaryimage","url":"https:\/\/qtmm.org\/wp-content\/uploads\/2026\/08\/qorcalayicilarini.png","contentUrl":"https:\/\/qtmm.org\/wp-content\/uploads\/2026\/08\/qorcalayicilarini.png","width":1920,"height":1020},{"@type":"BreadcrumbList","@id":"https:\/\/qtmm.org\/qt\/pamyatayemo-zahysnykiv-ukrayiny\/#breadcrumb","itemListElement":[{"@type":"ListItem","position":1,"name":"\u0413\u043e\u043b\u043e\u0432\u043d\u0430","item":"https:\/\/qtmm.org\/qt\/"},{"@type":"ListItem","position":2,"name":"Ukrayina qor\u00e7alay\u0131c\u0131lar\u0131n\u0131 hat\u0131rlaym\u0131z"}]},{"@type":"WebSite","@id":"https:\/\/qtmm.org\/qt\/#website","url":"https:\/\/qtmm.org\/qt\/","name":"\u041c\u0435\u0434\u0436\u043b\u0456\u0441","description":"","publisher":{"@id":"https:\/\/qtmm.org\/qt\/#organization"},"potentialAction":[{"@type":"SearchAction","target":{"@type":"EntryPoint","urlTemplate":"https:\/\/qtmm.org\/qt\/?s={search_term_string}"},"query-input":{"@type":"PropertyValueSpecification","valueRequired":true,"valueName":"search_term_string"}}],"inLanguage":"qt"},{"@type":"Organization","@id":"https:\/\/qtmm.org\/qt\/#organization","name":"\u041c\u0435\u0434\u0436\u043b\u0456\u0441","url":"https:\/\/qtmm.org\/qt\/","logo":{"@type":"ImageObject","inLanguage":"qt","@id":"https:\/\/qtmm.org\/qt\/#\/schema\/logo\/image\/","url":"https:\/\/qtmm.org\/wp-content\/uploads\/2024\/12\/ua-mejlis-logo-rgb.svg","contentUrl":"https:\/\/qtmm.org\/wp-content\/uploads\/2024\/12\/ua-mejlis-logo-rgb.svg","caption":"\u041c\u0435\u0434\u0436\u043b\u0456\u0441"},"image":{"@id":"https:\/\/qtmm.org\/qt\/#\/schema\/logo\/image\/"},"sameAs":["https:\/\/www.facebook.com\/qtmm.info\/"]},{"@type":"Person","@id":"https:\/\/qtmm.org\/qt\/#\/schema\/person\/961a79ddce3f674d41d4aabf45de486b","name":"Umerova Aishe","image":{"@type":"ImageObject","inLanguage":"qt","@id":"https:\/\/secure.gravatar.com\/avatar\/4f0a62f3f36fc2f60bbf771d5f06f982ca5c51bbaadd7cbce3db1397962a559d?s=96&d=mm&r=g","url":"https:\/\/secure.gravatar.com\/avatar\/4f0a62f3f36fc2f60bbf771d5f06f982ca5c51bbaadd7cbce3db1397962a559d?s=96&d=mm&r=g","contentUrl":"https:\/\/secure.gravatar.com\/avatar\/4f0a62f3f36fc2f60bbf771d5f06f982ca5c51bbaadd7cbce3db1397962a559d?s=96&d=mm&r=g","caption":"Umerova Aishe"},"url":"https:\/\/qtmm.org\/qt\/author\/aishe-umerova\/"}]}},"_links":{"self":[{"href":"https:\/\/qtmm.org\/qt\/wp-json\/wp\/v2\/posts\/96007","targetHints":{"allow":["GET"]}}],"collection":[{"href":"https:\/\/qtmm.org\/qt\/wp-json\/wp\/v2\/posts"}],"about":[{"href":"https:\/\/qtmm.org\/qt\/wp-json\/wp\/v2\/types\/post"}],"author":[{"embeddable":true,"href":"https:\/\/qtmm.org\/qt\/wp-json\/wp\/v2\/users\/8"}],"replies":[{"embeddable":true,"href":"https:\/\/qtmm.org\/qt\/wp-json\/wp\/v2\/comments?post=96007"}],"version-history":[{"count":1,"href":"https:\/\/qtmm.org\/qt\/wp-json\/wp\/v2\/posts\/96007\/revisions"}],"predecessor-version":[{"id":96013,"href":"https:\/\/qtmm.org\/qt\/wp-json\/wp\/v2\/posts\/96007\/revisions\/96013"}],"wp:featuredmedia":[{"embeddable":true,"href":"https:\/\/qtmm.org\/qt\/wp-json\/wp\/v2\/media\/96009"}],"wp:attachment":[{"href":"https:\/\/qtmm.org\/qt\/wp-json\/wp\/v2\/media?parent=96007"}],"wp:term":[{"taxonomy":"category","embeddable":true,"href":"https:\/\/qtmm.org\/qt\/wp-json\/wp\/v2\/categories?post=96007"},{"taxonomy":"post_tag","embeddable":true,"href":"https:\/\/qtmm.org\/qt\/wp-json\/wp\/v2\/tags?post=96007"}],"curies":[{"name":"wp","href":"https:\/\/api.w.org\/{rel}","templated":true}]}}