




{"id":95999,"date":"2026-08-24T08:00:54","date_gmt":"2026-08-24T06:00:54","guid":{"rendered":"https:\/\/qtmm.org\/z-dnem-nezalezhnosti-ukrayiny\/"},"modified":"2026-09-01T11:25:51","modified_gmt":"2026-09-01T09:25:51","slug":"z-dnem-nezalezhnosti-ukrayiny","status":"publish","type":"post","link":"https:\/\/qtmm.org\/qt\/z-dnem-nezalezhnosti-ukrayiny\/","title":{"rendered":"Ukrayina Mustaqillik K\u00fcn\u00fc hay\u0131rl\u0131 olsun!"},"content":{"rendered":"\n<p class=\"wp-block-paragraph\">Bir \u00e7oq nesil taraf\u0131ndan k\u00fcre\u015filgen ve bug\u00fcn mustaqil Ukrayina devletini yoq etmek, halq\u0131n\u0131 esir etmek, \u00f6z kelecegini serbest belgilemek aqq\u0131ndan marum qald\u0131rmaq niyetinen ukrayin topra\u011f\u0131na istil\u00e2 etken Rusiye istil\u00e2c\u0131s\u0131na qar\u015f\u0131 \u015fiddetli cenkte k\u00fcre\u015filgen Ukrayina mustaqilligi \u2013 ukrayin milletini\u00f1 e\u00f1 y\u00fcksek variyetidir. Ve on\u0131\u00f1 sayesinde as\u0131rlar devam\u0131nda inki\u015faf etecek.<\/p>\n\n\n\n<p class=\"wp-block-paragraph\">Q\u0131r\u0131mtatar halq\u0131 i\u00e7\u00fcn Ukrayina mustaqilligi \u2013 Ukrayinan\u0131\u00f1 ay\u0131r\u0131lmaz bir q\u0131sm\u0131 ol\u011fan \u00f6z tuv\u011fan topra\u011f\u0131nda, Q\u0131r\u0131mda, on\u0131\u00f1 saqlanuv\u0131 ve serbest inki\u015faf\u0131n\u0131 kefil etken bir de bir degerliktir. Q\u0131r\u0131mtatarlar bu degerlikni ukrayinlernen beraber 35 y\u0131l devam\u0131nda saylap keleler ve bug\u00fcn b\u00fct\u00fcn millet ve dinlerni\u00f1 vatanda\u015flar\u0131nen beraberlikte Ukrayinan\u0131 Rusiye barbarlar\u0131ndan qor\u00e7alaylar.<\/p>\n\n\n\n<p class=\"wp-block-paragraph\"><strong>Q\u0131r\u0131mtatar Milliy Meclisi ad\u0131ndan er kesni Ukrayina Mustaqillik K\u00fcn\u00fcnen hay\u0131rlaym\u0131z!<\/strong><\/p>\n\n\n\n<p class=\"wp-block-paragraph\">Ukrayina\u011fa \u015fan-\u015ferefler<\/p>\n\n\n\n<p class=\"has-text-align-right wp-block-paragraph\">Refat \u00c7ubarov<br>Q\u0131r\u0131mtatar Milliy Meclisini\u00f1 Reisi<\/p>\n\n\n\n<p class=\"has-text-align-right wp-block-paragraph\"><\/p>\n\n\n\n<p class=\"wp-block-paragraph\">K\u0131yiv \u015f.<br>2026 senesi arman ay\u0131n\u0131\u00f1 24-\u00fc<\/p>\n","protected":false},"excerpt":{"rendered":"<p>Bir \u00e7oq nesil taraf\u0131ndan k\u00fcre\u015filgen ve bug\u00fcn mustaqil Ukrayina devletini yoq etmek, halq\u0131n\u0131 esir etmek, \u00f6z kelecegini serbest belgilemek aqq\u0131ndan marum qald\u0131rmaq niyetinen ukrayin topra\u011f\u0131na istil\u00e2 etken Rusiye istil\u00e2c\u0131s\u0131na qar\u015f\u0131 \u015fiddetli cenkte k\u00fcre\u015filgen Ukrayina mustaqilligi \u2013 ukrayin milletini\u00f1 e\u00f1 y\u00fcksek variyetidir. Ve on\u0131\u00f1 sayesinde as\u0131rlar devam\u0131nda inki\u015faf etecek. Q\u0131r\u0131mtatar halq\u0131 i\u00e7\u00fcn Ukrayina mustaqilligi \u2013 Ukrayinan\u0131\u00f1 [&hellip;]<\/p>\n","protected":false},"author":8,"featured_media":96000,"comment_status":"closed","ping_status":"closed","sticky":false,"template":"","format":"standard","meta":{"inline_featured_image":false,"footnotes":""},"categories":[265],"tags":[],"class_list":["post-95999","post","type-post","status-publish","format-standard","has-post-thumbnail","hentry","category-haberler"],"acf":[],"yoast_head":"<!-- This site is optimized with the Yoast SEO plugin v28.3 - https:\/\/yoast.com\/product\/yoast-seo-wordpress\/ -->\n<title>Ukrayina Mustaqillik K\u00fcn\u00fc hay\u0131rl\u0131 olsun! - Meclis<\/title>\n<meta name=\"description\" content=\"Q\u0131r\u0131mtatar Milliy Meclisi ad\u0131ndan er kesni Ukrayina Mustaqillik K\u00fcn\u00fcnen hay\u0131rlaym\u0131z!\" \/>\n<meta name=\"robots\" content=\"index, follow, max-snippet:-1, max-image-preview:large, max-video-preview:-1\" \/>\n<link rel=\"canonical\" href=\"https:\/\/qtmm.org\/qt\/z-dnem-nezalezhnosti-ukrayiny\/\" \/>\n<meta property=\"og:locale\" content=\"en_US\" \/>\n<meta property=\"og:type\" content=\"article\" \/>\n<meta property=\"og:title\" content=\"Ukrayina Mustaqillik K\u00fcn\u00fc hay\u0131rl\u0131 olsun! - Meclis\" \/>\n<meta property=\"og:description\" content=\"Q\u0131r\u0131mtatar Milliy Meclisi ad\u0131ndan er kesni Ukrayina Mustaqillik K\u00fcn\u00fcnen hay\u0131rlaym\u0131z!\" \/>\n<meta property=\"og:url\" content=\"https:\/\/qtmm.org\/qt\/z-dnem-nezalezhnosti-ukrayiny\/\" \/>\n<meta property=\"og:site_name\" content=\"\u041c\u0435\u0434\u0436\u043b\u0456\u0441\" \/>\n<meta property=\"article:publisher\" content=\"https:\/\/www.facebook.com\/qtmm.info\/\" \/>\n<meta property=\"article:published_time\" content=\"2026-08-24T06:00:54+00:00\" \/>\n<meta property=\"article:modified_time\" content=\"2026-09-01T09:25:51+00:00\" \/>\n<meta property=\"og:image\" content=\"https:\/\/qtmm.org\/wp-content\/uploads\/2026\/08\/mustaqillik.png\" \/>\n\t<meta property=\"og:image:width\" content=\"1920\" \/>\n\t<meta property=\"og:image:height\" content=\"1020\" \/>\n\t<meta property=\"og:image:type\" content=\"image\/png\" \/>\n<meta name=\"author\" content=\"Umerova Aishe\" \/>\n<meta name=\"twitter:card\" content=\"summary_large_image\" \/>\n<meta name=\"twitter:label1\" content=\"Written by\" \/>\n\t<meta name=\"twitter:data1\" content=\"Umerova Aishe\" \/>\n\t<meta name=\"twitter:label2\" content=\"Est. reading time\" \/>\n\t<meta name=\"twitter:data2\" content=\"1 minute\" \/>\n<script type=\"application\/ld+json\" class=\"yoast-schema-graph\">{\"@context\":\"https:\\\/\\\/schema.org\",\"@graph\":[{\"@type\":\"Article\",\"@id\":\"https:\\\/\\\/qtmm.org\\\/qt\\\/z-dnem-nezalezhnosti-ukrayiny\\\/#article\",\"isPartOf\":{\"@id\":\"https:\\\/\\\/qtmm.org\\\/qt\\\/z-dnem-nezalezhnosti-ukrayiny\\\/\"},\"author\":{\"name\":\"Umerova Aishe\",\"@id\":\"https:\\\/\\\/qtmm.org\\\/qt\\\/#\\\/schema\\\/person\\\/961a79ddce3f674d41d4aabf45de486b\"},\"headline\":\"Ukrayina Mustaqillik K\u00fcn\u00fc hay\u0131rl\u0131 olsun!\",\"datePublished\":\"2026-08-24T06:00:54+00:00\",\"dateModified\":\"2026-09-01T09:25:51+00:00\",\"mainEntityOfPage\":{\"@id\":\"https:\\\/\\\/qtmm.org\\\/qt\\\/z-dnem-nezalezhnosti-ukrayiny\\\/\"},\"wordCount\":176,\"publisher\":{\"@id\":\"https:\\\/\\\/qtmm.org\\\/qt\\\/#organization\"},\"image\":{\"@id\":\"https:\\\/\\\/qtmm.org\\\/qt\\\/z-dnem-nezalezhnosti-ukrayiny\\\/#primaryimage\"},\"thumbnailUrl\":\"https:\\\/\\\/qtmm.org\\\/wp-content\\\/uploads\\\/2026\\\/08\\\/mustaqillik.png\",\"articleSection\":[\"Haberler\"],\"inLanguage\":\"qt\"},{\"@type\":\"WebPage\",\"@id\":\"https:\\\/\\\/qtmm.org\\\/qt\\\/z-dnem-nezalezhnosti-ukrayiny\\\/\",\"url\":\"https:\\\/\\\/qtmm.org\\\/qt\\\/z-dnem-nezalezhnosti-ukrayiny\\\/\",\"name\":\"Ukrayina Mustaqillik K\u00fcn\u00fc hay\u0131rl\u0131 olsun! - Meclis\",\"isPartOf\":{\"@id\":\"https:\\\/\\\/qtmm.org\\\/qt\\\/#website\"},\"primaryImageOfPage\":{\"@id\":\"https:\\\/\\\/qtmm.org\\\/qt\\\/z-dnem-nezalezhnosti-ukrayiny\\\/#primaryimage\"},\"image\":{\"@id\":\"https:\\\/\\\/qtmm.org\\\/qt\\\/z-dnem-nezalezhnosti-ukrayiny\\\/#primaryimage\"},\"thumbnailUrl\":\"https:\\\/\\\/qtmm.org\\\/wp-content\\\/uploads\\\/2026\\\/08\\\/mustaqillik.png\",\"datePublished\":\"2026-08-24T06:00:54+00:00\",\"dateModified\":\"2026-09-01T09:25:51+00:00\",\"description\":\"Q\u0131r\u0131mtatar Milliy Meclisi ad\u0131ndan er kesni Ukrayina Mustaqillik K\u00fcn\u00fcnen hay\u0131rlaym\u0131z!\",\"breadcrumb\":{\"@id\":\"https:\\\/\\\/qtmm.org\\\/qt\\\/z-dnem-nezalezhnosti-ukrayiny\\\/#breadcrumb\"},\"inLanguage\":\"qt\",\"potentialAction\":[{\"@type\":\"ReadAction\",\"target\":[\"https:\\\/\\\/qtmm.org\\\/qt\\\/z-dnem-nezalezhnosti-ukrayiny\\\/\"]}]},{\"@type\":\"ImageObject\",\"inLanguage\":\"qt\",\"@id\":\"https:\\\/\\\/qtmm.org\\\/qt\\\/z-dnem-nezalezhnosti-ukrayiny\\\/#primaryimage\",\"url\":\"https:\\\/\\\/qtmm.org\\\/wp-content\\\/uploads\\\/2026\\\/08\\\/mustaqillik.png\",\"contentUrl\":\"https:\\\/\\\/qtmm.org\\\/wp-content\\\/uploads\\\/2026\\\/08\\\/mustaqillik.png\",\"width\":1920,\"height\":1020},{\"@type\":\"BreadcrumbList\",\"@id\":\"https:\\\/\\\/qtmm.org\\\/qt\\\/z-dnem-nezalezhnosti-ukrayiny\\\/#breadcrumb\",\"itemListElement\":[{\"@type\":\"ListItem\",\"position\":1,\"name\":\"\u0413\u043e\u043b\u043e\u0432\u043d\u0430\",\"item\":\"https:\\\/\\\/qtmm.org\\\/qt\\\/\"},{\"@type\":\"ListItem\",\"position\":2,\"name\":\"Ukrayina Mustaqillik K\u00fcn\u00fc hay\u0131rl\u0131 olsun!\"}]},{\"@type\":\"WebSite\",\"@id\":\"https:\\\/\\\/qtmm.org\\\/qt\\\/#website\",\"url\":\"https:\\\/\\\/qtmm.org\\\/qt\\\/\",\"name\":\"\u041c\u0435\u0434\u0436\u043b\u0456\u0441\",\"description\":\"\",\"publisher\":{\"@id\":\"https:\\\/\\\/qtmm.org\\\/qt\\\/#organization\"},\"potentialAction\":[{\"@type\":\"SearchAction\",\"target\":{\"@type\":\"EntryPoint\",\"urlTemplate\":\"https:\\\/\\\/qtmm.org\\\/qt\\\/?s={search_term_string}\"},\"query-input\":{\"@type\":\"PropertyValueSpecification\",\"valueRequired\":true,\"valueName\":\"search_term_string\"}}],\"inLanguage\":\"qt\"},{\"@type\":\"Organization\",\"@id\":\"https:\\\/\\\/qtmm.org\\\/qt\\\/#organization\",\"name\":\"\u041c\u0435\u0434\u0436\u043b\u0456\u0441\",\"url\":\"https:\\\/\\\/qtmm.org\\\/qt\\\/\",\"logo\":{\"@type\":\"ImageObject\",\"inLanguage\":\"qt\",\"@id\":\"https:\\\/\\\/qtmm.org\\\/qt\\\/#\\\/schema\\\/logo\\\/image\\\/\",\"url\":\"https:\\\/\\\/qtmm.org\\\/wp-content\\\/uploads\\\/2024\\\/12\\\/ua-mejlis-logo-rgb.svg\",\"contentUrl\":\"https:\\\/\\\/qtmm.org\\\/wp-content\\\/uploads\\\/2024\\\/12\\\/ua-mejlis-logo-rgb.svg\",\"caption\":\"\u041c\u0435\u0434\u0436\u043b\u0456\u0441\"},\"image\":{\"@id\":\"https:\\\/\\\/qtmm.org\\\/qt\\\/#\\\/schema\\\/logo\\\/image\\\/\"},\"sameAs\":[\"https:\\\/\\\/www.facebook.com\\\/qtmm.info\\\/\"]},{\"@type\":\"Person\",\"@id\":\"https:\\\/\\\/qtmm.org\\\/qt\\\/#\\\/schema\\\/person\\\/961a79ddce3f674d41d4aabf45de486b\",\"name\":\"Umerova Aishe\",\"image\":{\"@type\":\"ImageObject\",\"inLanguage\":\"qt\",\"@id\":\"https:\\\/\\\/secure.gravatar.com\\\/avatar\\\/4f0a62f3f36fc2f60bbf771d5f06f982ca5c51bbaadd7cbce3db1397962a559d?s=96&d=mm&r=g\",\"url\":\"https:\\\/\\\/secure.gravatar.com\\\/avatar\\\/4f0a62f3f36fc2f60bbf771d5f06f982ca5c51bbaadd7cbce3db1397962a559d?s=96&d=mm&r=g\",\"contentUrl\":\"https:\\\/\\\/secure.gravatar.com\\\/avatar\\\/4f0a62f3f36fc2f60bbf771d5f06f982ca5c51bbaadd7cbce3db1397962a559d?s=96&d=mm&r=g\",\"caption\":\"Umerova Aishe\"},\"url\":\"https:\\\/\\\/qtmm.org\\\/qt\\\/author\\\/aishe-umerova\\\/\"}]}<\/script>\n<!-- \/ Yoast SEO plugin. -->","yoast_head_json":{"title":"Ukrayina Mustaqillik K\u00fcn\u00fc hay\u0131rl\u0131 olsun! - Meclis","description":"Q\u0131r\u0131mtatar Milliy Meclisi ad\u0131ndan er kesni Ukrayina Mustaqillik K\u00fcn\u00fcnen hay\u0131rlaym\u0131z!","robots":{"index":"index","follow":"follow","max-snippet":"max-snippet:-1","max-image-preview":"max-image-preview:large","max-video-preview":"max-video-preview:-1"},"canonical":"https:\/\/qtmm.org\/qt\/z-dnem-nezalezhnosti-ukrayiny\/","og_locale":"en_US","og_type":"article","og_title":"Ukrayina Mustaqillik K\u00fcn\u00fc hay\u0131rl\u0131 olsun! - Meclis","og_description":"Q\u0131r\u0131mtatar Milliy Meclisi ad\u0131ndan er kesni Ukrayina Mustaqillik K\u00fcn\u00fcnen hay\u0131rlaym\u0131z!","og_url":"https:\/\/qtmm.org\/qt\/z-dnem-nezalezhnosti-ukrayiny\/","og_site_name":"\u041c\u0435\u0434\u0436\u043b\u0456\u0441","article_publisher":"https:\/\/www.facebook.com\/qtmm.info\/","article_published_time":"2026-08-24T06:00:54+00:00","article_modified_time":"2026-09-01T09:25:51+00:00","og_image":[{"width":1920,"height":1020,"url":"https:\/\/qtmm.org\/wp-content\/uploads\/2026\/08\/mustaqillik.png","type":"image\/png"}],"author":"Umerova Aishe","twitter_card":"summary_large_image","twitter_misc":{"Written by":"Umerova Aishe","Est. reading time":"1 minute"},"schema":{"@context":"https:\/\/schema.org","@graph":[{"@type":"Article","@id":"https:\/\/qtmm.org\/qt\/z-dnem-nezalezhnosti-ukrayiny\/#article","isPartOf":{"@id":"https:\/\/qtmm.org\/qt\/z-dnem-nezalezhnosti-ukrayiny\/"},"author":{"name":"Umerova Aishe","@id":"https:\/\/qtmm.org\/qt\/#\/schema\/person\/961a79ddce3f674d41d4aabf45de486b"},"headline":"Ukrayina Mustaqillik K\u00fcn\u00fc hay\u0131rl\u0131 olsun!","datePublished":"2026-08-24T06:00:54+00:00","dateModified":"2026-09-01T09:25:51+00:00","mainEntityOfPage":{"@id":"https:\/\/qtmm.org\/qt\/z-dnem-nezalezhnosti-ukrayiny\/"},"wordCount":176,"publisher":{"@id":"https:\/\/qtmm.org\/qt\/#organization"},"image":{"@id":"https:\/\/qtmm.org\/qt\/z-dnem-nezalezhnosti-ukrayiny\/#primaryimage"},"thumbnailUrl":"https:\/\/qtmm.org\/wp-content\/uploads\/2026\/08\/mustaqillik.png","articleSection":["Haberler"],"inLanguage":"qt"},{"@type":"WebPage","@id":"https:\/\/qtmm.org\/qt\/z-dnem-nezalezhnosti-ukrayiny\/","url":"https:\/\/qtmm.org\/qt\/z-dnem-nezalezhnosti-ukrayiny\/","name":"Ukrayina Mustaqillik K\u00fcn\u00fc hay\u0131rl\u0131 olsun! - Meclis","isPartOf":{"@id":"https:\/\/qtmm.org\/qt\/#website"},"primaryImageOfPage":{"@id":"https:\/\/qtmm.org\/qt\/z-dnem-nezalezhnosti-ukrayiny\/#primaryimage"},"image":{"@id":"https:\/\/qtmm.org\/qt\/z-dnem-nezalezhnosti-ukrayiny\/#primaryimage"},"thumbnailUrl":"https:\/\/qtmm.org\/wp-content\/uploads\/2026\/08\/mustaqillik.png","datePublished":"2026-08-24T06:00:54+00:00","dateModified":"2026-09-01T09:25:51+00:00","description":"Q\u0131r\u0131mtatar Milliy Meclisi ad\u0131ndan er kesni Ukrayina Mustaqillik K\u00fcn\u00fcnen hay\u0131rlaym\u0131z!","breadcrumb":{"@id":"https:\/\/qtmm.org\/qt\/z-dnem-nezalezhnosti-ukrayiny\/#breadcrumb"},"inLanguage":"qt","potentialAction":[{"@type":"ReadAction","target":["https:\/\/qtmm.org\/qt\/z-dnem-nezalezhnosti-ukrayiny\/"]}]},{"@type":"ImageObject","inLanguage":"qt","@id":"https:\/\/qtmm.org\/qt\/z-dnem-nezalezhnosti-ukrayiny\/#primaryimage","url":"https:\/\/qtmm.org\/wp-content\/uploads\/2026\/08\/mustaqillik.png","contentUrl":"https:\/\/qtmm.org\/wp-content\/uploads\/2026\/08\/mustaqillik.png","width":1920,"height":1020},{"@type":"BreadcrumbList","@id":"https:\/\/qtmm.org\/qt\/z-dnem-nezalezhnosti-ukrayiny\/#breadcrumb","itemListElement":[{"@type":"ListItem","position":1,"name":"\u0413\u043e\u043b\u043e\u0432\u043d\u0430","item":"https:\/\/qtmm.org\/qt\/"},{"@type":"ListItem","position":2,"name":"Ukrayina Mustaqillik K\u00fcn\u00fc hay\u0131rl\u0131 olsun!"}]},{"@type":"WebSite","@id":"https:\/\/qtmm.org\/qt\/#website","url":"https:\/\/qtmm.org\/qt\/","name":"\u041c\u0435\u0434\u0436\u043b\u0456\u0441","description":"","publisher":{"@id":"https:\/\/qtmm.org\/qt\/#organization"},"potentialAction":[{"@type":"SearchAction","target":{"@type":"EntryPoint","urlTemplate":"https:\/\/qtmm.org\/qt\/?s={search_term_string}"},"query-input":{"@type":"PropertyValueSpecification","valueRequired":true,"valueName":"search_term_string"}}],"inLanguage":"qt"},{"@type":"Organization","@id":"https:\/\/qtmm.org\/qt\/#organization","name":"\u041c\u0435\u0434\u0436\u043b\u0456\u0441","url":"https:\/\/qtmm.org\/qt\/","logo":{"@type":"ImageObject","inLanguage":"qt","@id":"https:\/\/qtmm.org\/qt\/#\/schema\/logo\/image\/","url":"https:\/\/qtmm.org\/wp-content\/uploads\/2024\/12\/ua-mejlis-logo-rgb.svg","contentUrl":"https:\/\/qtmm.org\/wp-content\/uploads\/2024\/12\/ua-mejlis-logo-rgb.svg","caption":"\u041c\u0435\u0434\u0436\u043b\u0456\u0441"},"image":{"@id":"https:\/\/qtmm.org\/qt\/#\/schema\/logo\/image\/"},"sameAs":["https:\/\/www.facebook.com\/qtmm.info\/"]},{"@type":"Person","@id":"https:\/\/qtmm.org\/qt\/#\/schema\/person\/961a79ddce3f674d41d4aabf45de486b","name":"Umerova Aishe","image":{"@type":"ImageObject","inLanguage":"qt","@id":"https:\/\/secure.gravatar.com\/avatar\/4f0a62f3f36fc2f60bbf771d5f06f982ca5c51bbaadd7cbce3db1397962a559d?s=96&d=mm&r=g","url":"https:\/\/secure.gravatar.com\/avatar\/4f0a62f3f36fc2f60bbf771d5f06f982ca5c51bbaadd7cbce3db1397962a559d?s=96&d=mm&r=g","contentUrl":"https:\/\/secure.gravatar.com\/avatar\/4f0a62f3f36fc2f60bbf771d5f06f982ca5c51bbaadd7cbce3db1397962a559d?s=96&d=mm&r=g","caption":"Umerova Aishe"},"url":"https:\/\/qtmm.org\/qt\/author\/aishe-umerova\/"}]}},"_links":{"self":[{"href":"https:\/\/qtmm.org\/qt\/wp-json\/wp\/v2\/posts\/95999","targetHints":{"allow":["GET"]}}],"collection":[{"href":"https:\/\/qtmm.org\/qt\/wp-json\/wp\/v2\/posts"}],"about":[{"href":"https:\/\/qtmm.org\/qt\/wp-json\/wp\/v2\/types\/post"}],"author":[{"embeddable":true,"href":"https:\/\/qtmm.org\/qt\/wp-json\/wp\/v2\/users\/8"}],"replies":[{"embeddable":true,"href":"https:\/\/qtmm.org\/qt\/wp-json\/wp\/v2\/comments?post=95999"}],"version-history":[{"count":1,"href":"https:\/\/qtmm.org\/qt\/wp-json\/wp\/v2\/posts\/95999\/revisions"}],"predecessor-version":[{"id":96005,"href":"https:\/\/qtmm.org\/qt\/wp-json\/wp\/v2\/posts\/95999\/revisions\/96005"}],"wp:featuredmedia":[{"embeddable":true,"href":"https:\/\/qtmm.org\/qt\/wp-json\/wp\/v2\/media\/96000"}],"wp:attachment":[{"href":"https:\/\/qtmm.org\/qt\/wp-json\/wp\/v2\/media?parent=95999"}],"wp:term":[{"taxonomy":"category","embeddable":true,"href":"https:\/\/qtmm.org\/qt\/wp-json\/wp\/v2\/categories?post=95999"},{"taxonomy":"post_tag","embeddable":true,"href":"https:\/\/qtmm.org\/qt\/wp-json\/wp\/v2\/tags?post=95999"}],"curies":[{"name":"wp","href":"https:\/\/api.w.org\/{rel}","templated":true}]}}