




{"id":95991,"date":"2026-08-23T10:05:58","date_gmt":"2026-08-23T08:05:58","guid":{"rendered":"https:\/\/qtmm.org\/z-dnem-derzhavnogo-prapora-ukrayiny\/"},"modified":"2026-09-01T11:26:04","modified_gmt":"2026-09-01T09:26:04","slug":"z-dnem-derzhavnogo-prapora-ukrayiny","status":"publish","type":"post","link":"https:\/\/qtmm.org\/qt\/z-dnem-derzhavnogo-prapora-ukrayiny\/","title":{"rendered":"Ukrayina Devlet Bayra\u011f\u0131 K\u00fcn\u00fc\u00f1iz hay\u0131rl\u0131 olsun!"},"content":{"rendered":"\n<p class=\"wp-block-paragraph\">\u00dcrmetli vatanda\u015flar!<br><\/p>\n\n\n\n<p class=\"wp-block-paragraph\">\u00dcrmetli dostlar!<br><\/p>\n\n\n\n<p class=\"wp-block-paragraph\">Arman ay\u0131n\u0131\u00f1 23-nde mustaqil Ukrayinan\u0131\u00f1 e\u00f1 m\u00fcim timsallerinden biri ol\u011fan <strong>Ukrayina Devlet Bayra\u011f\u0131<\/strong>n\u0131 \u011furur ve teren \u00fcrmetnen a\u00f1am\u0131z.<\/p>\n\n\n\n<p class=\"wp-block-paragraph\">Epimiz i\u00e7\u00fcn renkleri s\u0131\u00f1\u0131rs\u0131z t\u0131n\u00e7 k\u00f6k ve bereketli ukrayin topraqlar\u0131n\u0131\u00f1 alt\u0131n\u0131 ol\u011fan Ukrayina Devlet Bayra\u011f\u0131 ukrayin milletini\u00f1 q\u0131r\u0131lmazl\u0131\u011f\u0131, azatl\u0131qqa \u0131nt\u0131luv\u0131, milliy itibar\u0131 ve devlet mustaqilligini\u00f1 timsalidir.<\/p>\n\n\n\n<p class=\"wp-block-paragraph\">Ukrayina Devlet Bayra\u011f\u0131n\u0131\u00f1 teren timsali on\u0131 q\u0131r\u0131mtatar milliy bayra\u011f\u0131nen birle\u015ftire. Q\u0131r\u0131mtatar bayra\u011f\u0131n\u0131\u00f1 mav\u0131 t\u00fcs\u00fc de temiz k\u00f6k, bar\u0131\u015f\u0131q, namus ve temiz fikirlerni\u00f1 timsali ola. Ve alt\u0131n tam\u011fa \u2013 Ukrayina bayra\u011f\u0131ndaki bo\u011fday tarlas\u0131n\u0131\u00f1 alt\u0131n\u0131 kibi \u2013 topra\u011f\u0131m\u0131zn\u0131\u00f1 zenginligini ve maneviy miras\u0131n\u0131, nesillerni\u00f1 devaml\u0131\u011f\u0131n\u0131 ve milliy ananelerni\u00f1 de\u00f1i\u015fmezligini aks ete. Bug\u00fcn bu renkler bizim qarda\u015fl\u0131\u011f\u0131m\u0131zn\u0131\u00f1, ortaq tarihiy taqdirimizni\u00f1 ve \u00f6z topra\u011f\u0131m\u0131zda serbest ya\u015fama\u011fa \u0131nt\u0131l\u011fan\u0131m\u0131zn\u0131\u00f1 umumiy timsali old\u0131.<\/p>\n\n\n\n<p class=\"wp-block-paragraph\">Ukrayina Devlet Bayra\u011f\u0131, mustaqil Ukrayina devletini yoq etmek, halq\u0131n\u0131 esir etmek ve \u00f6z kelecegini serbest belgilemek aqq\u0131m\u0131zdan marum etmek niyetinen topra\u011f\u0131m\u0131z\u011fa istil\u00e2 etken Rusiye istil\u00e2c\u0131s\u0131na qar\u015f\u0131 umumiy k\u00fcre\u015fte devletimizni\u00f1 b\u00fct\u00fcn vatanda\u015flar\u0131n\u0131, etnik tam\u0131rlar\u0131 ya da dinine baqmadan, toplay ve birle\u015ftire.<\/p>\n\n\n\n<p class=\"wp-block-paragraph\">As\u0131rlar devam\u0131nda Ukrayina devletini\u00f1 serbestligi ve mustaqilligi i\u00e7\u00fcn k\u00fcre\u015fken b\u00fct\u00fcn askerler nesillerine minnetdarl\u0131\u011f\u0131m\u0131zn\u0131 bildiremiz. Bug\u00fcn, on eki y\u0131ldan ziyade devam etken Rusiye-Ukrayina cenki vaqt\u0131nda ol\u011fan\u0131 kibi, devletimizni\u00f1 topraq b\u00fct\u00fcnligi, suvereniteti ve mustaqilligini qor\u00e7ala\u011fan Ukrayina qor\u00e7alay\u0131c\u0131lar\u0131na ba\u015f egemiz. Ukrayina Qaramanlar\u0131n\u0131\u00f1 hat\u0131ras\u0131n\u0131 anmaq i\u00e7\u00fcn ba\u015f\u0131m\u0131zn\u0131 egemiz<\/p>\n\n\n\n<p class=\"wp-block-paragraph\">Ukrayina Devlet Bayra\u011f\u0131 K\u00fcn\u00fcne vaqt\u0131nca i\u015f\u011fal etilgen Q\u0131r\u0131m ve Rusiye taraf\u0131ndan zapt etilgen diger ukrayin topraqlar\u0131n\u0131\u00f1 repressiyalar, taqip ve i\u015f\u011fal rejimlerini\u00f1 daimiy basq\u0131s\u0131na baqmadan, Rusiye i\u015f\u011faline raz\u0131 olma\u011fan b\u00fct\u00fcn sakinlerine birdemlik bildiremiz. Olarn\u0131\u00f1 sab\u0131rl\u0131l\u0131\u011f\u0131, Ukrayina Bayra\u011f\u0131 azat etilgen er bir \u015feer ve k\u00f6yni\u00f1 \u00fcst\u00fcnde tekrar k\u00f6terilip, Vatan\u0131m\u0131z\u011fa azatl\u0131q, bar\u0131\u015f\u0131q ve adaletni qaytar\u011fan k\u00fcn\u00fcni yaq\u0131nla\u015ft\u0131ra.<\/p>\n\n\n\n<p class=\"wp-block-paragraph\"><strong>Q\u0131r\u0131mtatar Milliy Meclisi ad\u0131ndan er kesni Ukrayina Devlet Bayra\u011f\u0131 K\u00fcn\u00fcnen hay\u0131rlaym\u0131z!<\/strong><\/p>\n\n\n\n<p class=\"wp-block-paragraph\">Ukrayina\u011fa \u015fan-\u015ferefler<br><\/p>\n\n\n\n<p class=\"has-text-align-right wp-block-paragraph\">Refat \u00c7ubarov<br>Q\u0131r\u0131mtatar Milliy Meclisini\u00f1 Reisi<\/p>\n\n\n\n<p class=\"wp-block-paragraph\">K\u0131yiv \u015f.<br>2026 senesi arman ay\u0131n\u0131\u00f1 23-\u00fc<\/p>\n","protected":false},"excerpt":{"rendered":"<p>\u00dcrmetli vatanda\u015flar! \u00dcrmetli dostlar! Arman ay\u0131n\u0131\u00f1 23-nde mustaqil Ukrayinan\u0131\u00f1 e\u00f1 m\u00fcim timsallerinden biri ol\u011fan Ukrayina Devlet Bayra\u011f\u0131n\u0131 \u011furur ve teren \u00fcrmetnen a\u00f1am\u0131z. Epimiz i\u00e7\u00fcn renkleri s\u0131\u00f1\u0131rs\u0131z t\u0131n\u00e7 k\u00f6k ve bereketli ukrayin topraqlar\u0131n\u0131\u00f1 alt\u0131n\u0131 ol\u011fan Ukrayina Devlet Bayra\u011f\u0131 ukrayin milletini\u00f1 q\u0131r\u0131lmazl\u0131\u011f\u0131, azatl\u0131qqa \u0131nt\u0131luv\u0131, milliy itibar\u0131 ve devlet mustaqilligini\u00f1 timsalidir. Ukrayina Devlet Bayra\u011f\u0131n\u0131\u00f1 teren timsali on\u0131 q\u0131r\u0131mtatar [&hellip;]<\/p>\n","protected":false},"author":8,"featured_media":95992,"comment_status":"closed","ping_status":"closed","sticky":false,"template":"","format":"standard","meta":{"inline_featured_image":false,"footnotes":""},"categories":[265],"tags":[],"class_list":["post-95991","post","type-post","status-publish","format-standard","has-post-thumbnail","hentry","category-haberler"],"acf":[],"yoast_head":"<!-- This site is optimized with the Yoast SEO plugin v28.3 - https:\/\/yoast.com\/product\/yoast-seo-wordpress\/ -->\n<title>Ukrayina Devlet Bayra\u011f\u0131 K\u00fcn\u00fc\u00f1iz hay\u0131rl\u0131 olsun! - Meclis<\/title>\n<meta name=\"description\" content=\"Q\u0131r\u0131mtatar Milliy Meclisi ad\u0131ndan er kesni Ukrayina Devlet Bayra\u011f\u0131 K\u00fcn\u00fcnen hay\u0131rlaym\u0131z!\" \/>\n<meta name=\"robots\" content=\"index, follow, max-snippet:-1, max-image-preview:large, max-video-preview:-1\" \/>\n<link rel=\"canonical\" href=\"https:\/\/qtmm.org\/qt\/z-dnem-derzhavnogo-prapora-ukrayiny\/\" \/>\n<meta property=\"og:locale\" content=\"en_US\" \/>\n<meta property=\"og:type\" content=\"article\" \/>\n<meta property=\"og:title\" content=\"Ukrayina Devlet Bayra\u011f\u0131 K\u00fcn\u00fc\u00f1iz hay\u0131rl\u0131 olsun! - Meclis\" \/>\n<meta property=\"og:description\" content=\"Q\u0131r\u0131mtatar Milliy Meclisi ad\u0131ndan er kesni Ukrayina Devlet Bayra\u011f\u0131 K\u00fcn\u00fcnen hay\u0131rlaym\u0131z!\" \/>\n<meta property=\"og:url\" content=\"https:\/\/qtmm.org\/qt\/z-dnem-derzhavnogo-prapora-ukrayiny\/\" \/>\n<meta property=\"og:site_name\" content=\"\u041c\u0435\u0434\u0436\u043b\u0456\u0441\" \/>\n<meta property=\"article:publisher\" content=\"https:\/\/www.facebook.com\/qtmm.info\/\" \/>\n<meta property=\"article:published_time\" content=\"2026-08-23T08:05:58+00:00\" \/>\n<meta property=\"article:modified_time\" content=\"2026-09-01T09:26:04+00:00\" \/>\n<meta property=\"og:image\" content=\"https:\/\/qtmm.org\/wp-content\/uploads\/2026\/08\/devlet-1024x544.png\" \/>\n\t<meta property=\"og:image:width\" content=\"1024\" \/>\n\t<meta property=\"og:image:height\" content=\"544\" \/>\n\t<meta property=\"og:image:type\" content=\"image\/png\" \/>\n<meta name=\"author\" content=\"Umerova Aishe\" \/>\n<meta name=\"twitter:card\" content=\"summary_large_image\" \/>\n<meta name=\"twitter:label1\" content=\"Written by\" \/>\n\t<meta name=\"twitter:data1\" content=\"Umerova Aishe\" \/>\n\t<meta name=\"twitter:label2\" content=\"Est. reading time\" \/>\n\t<meta name=\"twitter:data2\" content=\"2 minutes\" \/>\n<script type=\"application\/ld+json\" class=\"yoast-schema-graph\">{\"@context\":\"https:\\\/\\\/schema.org\",\"@graph\":[{\"@type\":\"Article\",\"@id\":\"https:\\\/\\\/qtmm.org\\\/qt\\\/z-dnem-derzhavnogo-prapora-ukrayiny\\\/#article\",\"isPartOf\":{\"@id\":\"https:\\\/\\\/qtmm.org\\\/qt\\\/z-dnem-derzhavnogo-prapora-ukrayiny\\\/\"},\"author\":{\"name\":\"Umerova Aishe\",\"@id\":\"https:\\\/\\\/qtmm.org\\\/qt\\\/#\\\/schema\\\/person\\\/961a79ddce3f674d41d4aabf45de486b\"},\"headline\":\"Ukrayina Devlet Bayra\u011f\u0131 K\u00fcn\u00fc\u00f1iz hay\u0131rl\u0131 olsun!\",\"datePublished\":\"2026-08-23T08:05:58+00:00\",\"dateModified\":\"2026-09-01T09:26:04+00:00\",\"mainEntityOfPage\":{\"@id\":\"https:\\\/\\\/qtmm.org\\\/qt\\\/z-dnem-derzhavnogo-prapora-ukrayiny\\\/\"},\"wordCount\":423,\"publisher\":{\"@id\":\"https:\\\/\\\/qtmm.org\\\/qt\\\/#organization\"},\"image\":{\"@id\":\"https:\\\/\\\/qtmm.org\\\/qt\\\/z-dnem-derzhavnogo-prapora-ukrayiny\\\/#primaryimage\"},\"thumbnailUrl\":\"https:\\\/\\\/qtmm.org\\\/wp-content\\\/uploads\\\/2026\\\/08\\\/devlet.png\",\"articleSection\":[\"Haberler\"],\"inLanguage\":\"qt\"},{\"@type\":\"WebPage\",\"@id\":\"https:\\\/\\\/qtmm.org\\\/qt\\\/z-dnem-derzhavnogo-prapora-ukrayiny\\\/\",\"url\":\"https:\\\/\\\/qtmm.org\\\/qt\\\/z-dnem-derzhavnogo-prapora-ukrayiny\\\/\",\"name\":\"Ukrayina Devlet Bayra\u011f\u0131 K\u00fcn\u00fc\u00f1iz hay\u0131rl\u0131 olsun! - Meclis\",\"isPartOf\":{\"@id\":\"https:\\\/\\\/qtmm.org\\\/qt\\\/#website\"},\"primaryImageOfPage\":{\"@id\":\"https:\\\/\\\/qtmm.org\\\/qt\\\/z-dnem-derzhavnogo-prapora-ukrayiny\\\/#primaryimage\"},\"image\":{\"@id\":\"https:\\\/\\\/qtmm.org\\\/qt\\\/z-dnem-derzhavnogo-prapora-ukrayiny\\\/#primaryimage\"},\"thumbnailUrl\":\"https:\\\/\\\/qtmm.org\\\/wp-content\\\/uploads\\\/2026\\\/08\\\/devlet.png\",\"datePublished\":\"2026-08-23T08:05:58+00:00\",\"dateModified\":\"2026-09-01T09:26:04+00:00\",\"description\":\"Q\u0131r\u0131mtatar Milliy Meclisi ad\u0131ndan er kesni Ukrayina Devlet Bayra\u011f\u0131 K\u00fcn\u00fcnen hay\u0131rlaym\u0131z!\",\"breadcrumb\":{\"@id\":\"https:\\\/\\\/qtmm.org\\\/qt\\\/z-dnem-derzhavnogo-prapora-ukrayiny\\\/#breadcrumb\"},\"inLanguage\":\"qt\",\"potentialAction\":[{\"@type\":\"ReadAction\",\"target\":[\"https:\\\/\\\/qtmm.org\\\/qt\\\/z-dnem-derzhavnogo-prapora-ukrayiny\\\/\"]}]},{\"@type\":\"ImageObject\",\"inLanguage\":\"qt\",\"@id\":\"https:\\\/\\\/qtmm.org\\\/qt\\\/z-dnem-derzhavnogo-prapora-ukrayiny\\\/#primaryimage\",\"url\":\"https:\\\/\\\/qtmm.org\\\/wp-content\\\/uploads\\\/2026\\\/08\\\/devlet.png\",\"contentUrl\":\"https:\\\/\\\/qtmm.org\\\/wp-content\\\/uploads\\\/2026\\\/08\\\/devlet.png\",\"width\":1920,\"height\":1020},{\"@type\":\"BreadcrumbList\",\"@id\":\"https:\\\/\\\/qtmm.org\\\/qt\\\/z-dnem-derzhavnogo-prapora-ukrayiny\\\/#breadcrumb\",\"itemListElement\":[{\"@type\":\"ListItem\",\"position\":1,\"name\":\"\u0413\u043e\u043b\u043e\u0432\u043d\u0430\",\"item\":\"https:\\\/\\\/qtmm.org\\\/qt\\\/\"},{\"@type\":\"ListItem\",\"position\":2,\"name\":\"Ukrayina Devlet Bayra\u011f\u0131 K\u00fcn\u00fc\u00f1iz hay\u0131rl\u0131 olsun!\"}]},{\"@type\":\"WebSite\",\"@id\":\"https:\\\/\\\/qtmm.org\\\/qt\\\/#website\",\"url\":\"https:\\\/\\\/qtmm.org\\\/qt\\\/\",\"name\":\"\u041c\u0435\u0434\u0436\u043b\u0456\u0441\",\"description\":\"\",\"publisher\":{\"@id\":\"https:\\\/\\\/qtmm.org\\\/qt\\\/#organization\"},\"potentialAction\":[{\"@type\":\"SearchAction\",\"target\":{\"@type\":\"EntryPoint\",\"urlTemplate\":\"https:\\\/\\\/qtmm.org\\\/qt\\\/?s={search_term_string}\"},\"query-input\":{\"@type\":\"PropertyValueSpecification\",\"valueRequired\":true,\"valueName\":\"search_term_string\"}}],\"inLanguage\":\"qt\"},{\"@type\":\"Organization\",\"@id\":\"https:\\\/\\\/qtmm.org\\\/qt\\\/#organization\",\"name\":\"\u041c\u0435\u0434\u0436\u043b\u0456\u0441\",\"url\":\"https:\\\/\\\/qtmm.org\\\/qt\\\/\",\"logo\":{\"@type\":\"ImageObject\",\"inLanguage\":\"qt\",\"@id\":\"https:\\\/\\\/qtmm.org\\\/qt\\\/#\\\/schema\\\/logo\\\/image\\\/\",\"url\":\"https:\\\/\\\/qtmm.org\\\/wp-content\\\/uploads\\\/2024\\\/12\\\/ua-mejlis-logo-rgb.svg\",\"contentUrl\":\"https:\\\/\\\/qtmm.org\\\/wp-content\\\/uploads\\\/2024\\\/12\\\/ua-mejlis-logo-rgb.svg\",\"caption\":\"\u041c\u0435\u0434\u0436\u043b\u0456\u0441\"},\"image\":{\"@id\":\"https:\\\/\\\/qtmm.org\\\/qt\\\/#\\\/schema\\\/logo\\\/image\\\/\"},\"sameAs\":[\"https:\\\/\\\/www.facebook.com\\\/qtmm.info\\\/\"]},{\"@type\":\"Person\",\"@id\":\"https:\\\/\\\/qtmm.org\\\/qt\\\/#\\\/schema\\\/person\\\/961a79ddce3f674d41d4aabf45de486b\",\"name\":\"Umerova Aishe\",\"image\":{\"@type\":\"ImageObject\",\"inLanguage\":\"qt\",\"@id\":\"https:\\\/\\\/secure.gravatar.com\\\/avatar\\\/4f0a62f3f36fc2f60bbf771d5f06f982ca5c51bbaadd7cbce3db1397962a559d?s=96&d=mm&r=g\",\"url\":\"https:\\\/\\\/secure.gravatar.com\\\/avatar\\\/4f0a62f3f36fc2f60bbf771d5f06f982ca5c51bbaadd7cbce3db1397962a559d?s=96&d=mm&r=g\",\"contentUrl\":\"https:\\\/\\\/secure.gravatar.com\\\/avatar\\\/4f0a62f3f36fc2f60bbf771d5f06f982ca5c51bbaadd7cbce3db1397962a559d?s=96&d=mm&r=g\",\"caption\":\"Umerova Aishe\"},\"url\":\"https:\\\/\\\/qtmm.org\\\/qt\\\/author\\\/aishe-umerova\\\/\"}]}<\/script>\n<!-- \/ Yoast SEO plugin. -->","yoast_head_json":{"title":"Ukrayina Devlet Bayra\u011f\u0131 K\u00fcn\u00fc\u00f1iz hay\u0131rl\u0131 olsun! - Meclis","description":"Q\u0131r\u0131mtatar Milliy Meclisi ad\u0131ndan er kesni Ukrayina Devlet Bayra\u011f\u0131 K\u00fcn\u00fcnen hay\u0131rlaym\u0131z!","robots":{"index":"index","follow":"follow","max-snippet":"max-snippet:-1","max-image-preview":"max-image-preview:large","max-video-preview":"max-video-preview:-1"},"canonical":"https:\/\/qtmm.org\/qt\/z-dnem-derzhavnogo-prapora-ukrayiny\/","og_locale":"en_US","og_type":"article","og_title":"Ukrayina Devlet Bayra\u011f\u0131 K\u00fcn\u00fc\u00f1iz hay\u0131rl\u0131 olsun! - Meclis","og_description":"Q\u0131r\u0131mtatar Milliy Meclisi ad\u0131ndan er kesni Ukrayina Devlet Bayra\u011f\u0131 K\u00fcn\u00fcnen hay\u0131rlaym\u0131z!","og_url":"https:\/\/qtmm.org\/qt\/z-dnem-derzhavnogo-prapora-ukrayiny\/","og_site_name":"\u041c\u0435\u0434\u0436\u043b\u0456\u0441","article_publisher":"https:\/\/www.facebook.com\/qtmm.info\/","article_published_time":"2026-08-23T08:05:58+00:00","article_modified_time":"2026-09-01T09:26:04+00:00","og_image":[{"width":1024,"height":544,"url":"https:\/\/qtmm.org\/wp-content\/uploads\/2026\/08\/devlet-1024x544.png","type":"image\/png"}],"author":"Umerova Aishe","twitter_card":"summary_large_image","twitter_misc":{"Written by":"Umerova Aishe","Est. reading time":"2 minutes"},"schema":{"@context":"https:\/\/schema.org","@graph":[{"@type":"Article","@id":"https:\/\/qtmm.org\/qt\/z-dnem-derzhavnogo-prapora-ukrayiny\/#article","isPartOf":{"@id":"https:\/\/qtmm.org\/qt\/z-dnem-derzhavnogo-prapora-ukrayiny\/"},"author":{"name":"Umerova Aishe","@id":"https:\/\/qtmm.org\/qt\/#\/schema\/person\/961a79ddce3f674d41d4aabf45de486b"},"headline":"Ukrayina Devlet Bayra\u011f\u0131 K\u00fcn\u00fc\u00f1iz hay\u0131rl\u0131 olsun!","datePublished":"2026-08-23T08:05:58+00:00","dateModified":"2026-09-01T09:26:04+00:00","mainEntityOfPage":{"@id":"https:\/\/qtmm.org\/qt\/z-dnem-derzhavnogo-prapora-ukrayiny\/"},"wordCount":423,"publisher":{"@id":"https:\/\/qtmm.org\/qt\/#organization"},"image":{"@id":"https:\/\/qtmm.org\/qt\/z-dnem-derzhavnogo-prapora-ukrayiny\/#primaryimage"},"thumbnailUrl":"https:\/\/qtmm.org\/wp-content\/uploads\/2026\/08\/devlet.png","articleSection":["Haberler"],"inLanguage":"qt"},{"@type":"WebPage","@id":"https:\/\/qtmm.org\/qt\/z-dnem-derzhavnogo-prapora-ukrayiny\/","url":"https:\/\/qtmm.org\/qt\/z-dnem-derzhavnogo-prapora-ukrayiny\/","name":"Ukrayina Devlet Bayra\u011f\u0131 K\u00fcn\u00fc\u00f1iz hay\u0131rl\u0131 olsun! - Meclis","isPartOf":{"@id":"https:\/\/qtmm.org\/qt\/#website"},"primaryImageOfPage":{"@id":"https:\/\/qtmm.org\/qt\/z-dnem-derzhavnogo-prapora-ukrayiny\/#primaryimage"},"image":{"@id":"https:\/\/qtmm.org\/qt\/z-dnem-derzhavnogo-prapora-ukrayiny\/#primaryimage"},"thumbnailUrl":"https:\/\/qtmm.org\/wp-content\/uploads\/2026\/08\/devlet.png","datePublished":"2026-08-23T08:05:58+00:00","dateModified":"2026-09-01T09:26:04+00:00","description":"Q\u0131r\u0131mtatar Milliy Meclisi ad\u0131ndan er kesni Ukrayina Devlet Bayra\u011f\u0131 K\u00fcn\u00fcnen hay\u0131rlaym\u0131z!","breadcrumb":{"@id":"https:\/\/qtmm.org\/qt\/z-dnem-derzhavnogo-prapora-ukrayiny\/#breadcrumb"},"inLanguage":"qt","potentialAction":[{"@type":"ReadAction","target":["https:\/\/qtmm.org\/qt\/z-dnem-derzhavnogo-prapora-ukrayiny\/"]}]},{"@type":"ImageObject","inLanguage":"qt","@id":"https:\/\/qtmm.org\/qt\/z-dnem-derzhavnogo-prapora-ukrayiny\/#primaryimage","url":"https:\/\/qtmm.org\/wp-content\/uploads\/2026\/08\/devlet.png","contentUrl":"https:\/\/qtmm.org\/wp-content\/uploads\/2026\/08\/devlet.png","width":1920,"height":1020},{"@type":"BreadcrumbList","@id":"https:\/\/qtmm.org\/qt\/z-dnem-derzhavnogo-prapora-ukrayiny\/#breadcrumb","itemListElement":[{"@type":"ListItem","position":1,"name":"\u0413\u043e\u043b\u043e\u0432\u043d\u0430","item":"https:\/\/qtmm.org\/qt\/"},{"@type":"ListItem","position":2,"name":"Ukrayina Devlet Bayra\u011f\u0131 K\u00fcn\u00fc\u00f1iz hay\u0131rl\u0131 olsun!"}]},{"@type":"WebSite","@id":"https:\/\/qtmm.org\/qt\/#website","url":"https:\/\/qtmm.org\/qt\/","name":"\u041c\u0435\u0434\u0436\u043b\u0456\u0441","description":"","publisher":{"@id":"https:\/\/qtmm.org\/qt\/#organization"},"potentialAction":[{"@type":"SearchAction","target":{"@type":"EntryPoint","urlTemplate":"https:\/\/qtmm.org\/qt\/?s={search_term_string}"},"query-input":{"@type":"PropertyValueSpecification","valueRequired":true,"valueName":"search_term_string"}}],"inLanguage":"qt"},{"@type":"Organization","@id":"https:\/\/qtmm.org\/qt\/#organization","name":"\u041c\u0435\u0434\u0436\u043b\u0456\u0441","url":"https:\/\/qtmm.org\/qt\/","logo":{"@type":"ImageObject","inLanguage":"qt","@id":"https:\/\/qtmm.org\/qt\/#\/schema\/logo\/image\/","url":"https:\/\/qtmm.org\/wp-content\/uploads\/2024\/12\/ua-mejlis-logo-rgb.svg","contentUrl":"https:\/\/qtmm.org\/wp-content\/uploads\/2024\/12\/ua-mejlis-logo-rgb.svg","caption":"\u041c\u0435\u0434\u0436\u043b\u0456\u0441"},"image":{"@id":"https:\/\/qtmm.org\/qt\/#\/schema\/logo\/image\/"},"sameAs":["https:\/\/www.facebook.com\/qtmm.info\/"]},{"@type":"Person","@id":"https:\/\/qtmm.org\/qt\/#\/schema\/person\/961a79ddce3f674d41d4aabf45de486b","name":"Umerova Aishe","image":{"@type":"ImageObject","inLanguage":"qt","@id":"https:\/\/secure.gravatar.com\/avatar\/4f0a62f3f36fc2f60bbf771d5f06f982ca5c51bbaadd7cbce3db1397962a559d?s=96&d=mm&r=g","url":"https:\/\/secure.gravatar.com\/avatar\/4f0a62f3f36fc2f60bbf771d5f06f982ca5c51bbaadd7cbce3db1397962a559d?s=96&d=mm&r=g","contentUrl":"https:\/\/secure.gravatar.com\/avatar\/4f0a62f3f36fc2f60bbf771d5f06f982ca5c51bbaadd7cbce3db1397962a559d?s=96&d=mm&r=g","caption":"Umerova Aishe"},"url":"https:\/\/qtmm.org\/qt\/author\/aishe-umerova\/"}]}},"_links":{"self":[{"href":"https:\/\/qtmm.org\/qt\/wp-json\/wp\/v2\/posts\/95991","targetHints":{"allow":["GET"]}}],"collection":[{"href":"https:\/\/qtmm.org\/qt\/wp-json\/wp\/v2\/posts"}],"about":[{"href":"https:\/\/qtmm.org\/qt\/wp-json\/wp\/v2\/types\/post"}],"author":[{"embeddable":true,"href":"https:\/\/qtmm.org\/qt\/wp-json\/wp\/v2\/users\/8"}],"replies":[{"embeddable":true,"href":"https:\/\/qtmm.org\/qt\/wp-json\/wp\/v2\/comments?post=95991"}],"version-history":[{"count":1,"href":"https:\/\/qtmm.org\/qt\/wp-json\/wp\/v2\/posts\/95991\/revisions"}],"predecessor-version":[{"id":95997,"href":"https:\/\/qtmm.org\/qt\/wp-json\/wp\/v2\/posts\/95991\/revisions\/95997"}],"wp:featuredmedia":[{"embeddable":true,"href":"https:\/\/qtmm.org\/qt\/wp-json\/wp\/v2\/media\/95992"}],"wp:attachment":[{"href":"https:\/\/qtmm.org\/qt\/wp-json\/wp\/v2\/media?parent=95991"}],"wp:term":[{"taxonomy":"category","embeddable":true,"href":"https:\/\/qtmm.org\/qt\/wp-json\/wp\/v2\/categories?post=95991"},{"taxonomy":"post_tag","embeddable":true,"href":"https:\/\/qtmm.org\/qt\/wp-json\/wp\/v2\/tags?post=95991"}],"curies":[{"name":"wp","href":"https:\/\/api.w.org\/{rel}","templated":true}]}}