




{"id":94803,"date":"2026-03-20T12:00:00","date_gmt":"2026-03-20T10:00:00","guid":{"rendered":"https:\/\/qtmm.org\/den-narodzhennya-vydatnogo-krymskotatarskogo-prosvitnyka-ismayila-gasprynskogo\/"},"modified":"2026-04-28T15:48:56","modified_gmt":"2026-04-28T13:48:56","slug":"den-narodzhennya-vydatnogo-krymskotatarskogo-prosvitnyka-ismayila-gasprynskogo","status":"publish","type":"post","link":"https:\/\/qtmm.org\/qt\/den-narodzhennya-vydatnogo-krymskotatarskogo-prosvitnyka-ismayila-gasprynskogo\/","title":{"rendered":"Belli q\u0131r\u0131mtatar maarif\u00e7isi \u0130smail Gasprinskiyni\u00f1 do\u011f\u011fan k\u00fcn\u00fc"},"content":{"rendered":"\n<p>Saban ay\u0131n\u0131\u00f1 20-nde (baz\u0131 menbalar\u011fa k\u00f6re \u2013 sabann\u0131\u00f1 21-nde) belli q\u0131r\u0131mtatar maarif\u00e7isi, m\u00fctefekkiri ve isl\u00e2at\u00e7\u0131s\u0131 <strong>\u0130smail Gasprinkiy<\/strong>ni\u00f1 do\u011f\u011fan k\u00fcn\u00fc qayd etile.<\/p>\n\n\n\n<p>On\u0131\u00f1 ad\u0131 tek q\u0131r\u0131mtatar halq\u0131n\u0131\u00f1 degil, <strong>b\u00fct\u00fcn t\u00fcrk d\u00fcnyas\u0131<\/strong>n\u0131\u00f1 tarih\u0131na yaz\u0131ld\u0131. O, tasilni\u00f1 zemaneviyle\u015ftiril\u00fcvini\u00f1 te\u015febb\u00fcs\u00e7isi, ya\u00f1\u0131 pedagogik sistemas\u0131n\u0131\u00f1 (us\u00fcl-i cadiy) quruc\u0131s\u0131 ve milliy canlanuvn\u0131\u00f1 \u011fayreviy ilhamc\u0131s\u0131 old\u0131.<\/p>\n\n\n\n<p>On\u0131\u00f1 taraf\u0131ndan te\u015fkil etilgen &#8220;Terciman&#8221; gazetas\u0131 vastas\u0131nen Gasprinskiy ya\u00f1\u0131 cemiyet fikrini \u015fekillendirdi, ziyal\u0131larn\u0131 birle\u015ftirdi ve inki\u015faf, tasil ve a\u00f1la\u015fuv \u011fayelerini tarqatt\u0131. On\u0131\u00f1 &#8220;<strong>Tilde, Fikirde, \u0130\u015fte Birlik<\/strong>&#8221; printsipi bir nesil i\u00e7\u00fcn yol k\u00f6stergi\u00e7i old\u0131.<\/p>\n\n\n\n<p>XIX as\u0131rn\u0131\u00f1 so\u00f1unda \u2013 XX as\u0131rn\u0131\u00f1 ba\u015f\u0131nda on\u0131\u00f1 faaliyeti neticesinde ya\u00f1\u0131 q\u0131r\u0131mtatar ziyal\u0131s\u0131 <strong>\u015fekillendi<\/strong> \u2013 tasil al\u011fan, mes\u00fcliyetli, d\u00fcnya\u011fa a\u00e7\u0131q, amma \u00f6z medeniyetine teren ba\u011fl\u0131 edi. Gasprinskiyni\u00f1 \u011fayelerinen terbiyelengen ocalar, jurnalistler, medeniyet ve siyaset erbaplar\u0131 so\u00f1ra milliy areketni\u00f1 temeli old\u0131lar ve <strong>1917<\/strong> senesini\u00f1 vaqialar\u0131nda, \u015fu c\u00fcmleden Birinci Q\u0131r\u0131mtatar Milliy Qurultay\u0131n\u0131\u00f1 te\u015fkil etilmesinde ve Q\u0131r\u0131m Halq Cumhuriyetini\u00f1 il\u00e2n etilmesinde m\u00fcim rol oynad\u0131lar.<\/p>\n\n\n\n<p>O, tasil, medeniyet ve s\u00f6z k\u00fc\u00e7\u00fcne i\u015fan\u0131p, q\u0131r\u0131mtatar halq\u0131n\u0131\u00f1 aqlar\u0131, menligi ve kelecegi o\u011frunda k\u00fcre\u015fini\u00f1 temelini qoyd\u0131.<\/p>\n\n\n\n<p>Ulu maarif\u00e7ini\u00f1 hat\u0131ras\u0131n\u0131 \u00fcrmet etip, biz on\u0131\u00f1 i\u015fini devam etemiz \u2013 tilimiz, medeniyetimiz ve kimligimizni saqlap qalmaq ve inki\u015faf ettirmek.<\/p>\n","protected":false},"excerpt":{"rendered":"<p>Saban ay\u0131n\u0131\u00f1 20-nde (baz\u0131 menbalar\u011fa k\u00f6re \u2013 sabann\u0131\u00f1 21-nde) belli q\u0131r\u0131mtatar maarif\u00e7isi, m\u00fctefekkiri ve isl\u00e2at\u00e7\u0131s\u0131 \u0130smail Gasprinkiyni\u00f1 do\u011f\u011fan k\u00fcn\u00fc qayd etile. On\u0131\u00f1 ad\u0131 tek q\u0131r\u0131mtatar halq\u0131n\u0131\u00f1 degil, b\u00fct\u00fcn t\u00fcrk d\u00fcnyas\u0131n\u0131\u00f1 tarih\u0131na yaz\u0131ld\u0131. O, tasilni\u00f1 zemaneviyle\u015ftiril\u00fcvini\u00f1 te\u015febb\u00fcs\u00e7isi, ya\u00f1\u0131 pedagogik sistemas\u0131n\u0131\u00f1 (us\u00fcl-i cadiy) quruc\u0131s\u0131 ve milliy canlanuvn\u0131\u00f1 \u011fayreviy ilhamc\u0131s\u0131 old\u0131. On\u0131\u00f1 taraf\u0131ndan te\u015fkil etilgen &#8220;Terciman&#8221; gazetas\u0131 vastas\u0131nen [&hellip;]<\/p>\n","protected":false},"author":8,"featured_media":94810,"comment_status":"closed","ping_status":"closed","sticky":false,"template":"","format":"standard","meta":{"inline_featured_image":false,"footnotes":""},"categories":[265],"tags":[],"class_list":["post-94803","post","type-post","status-publish","format-standard","has-post-thumbnail","hentry","category-haberler"],"acf":[],"yoast_head":"<!-- This site is optimized with the Yoast SEO plugin v27.4 - https:\/\/yoast.com\/product\/yoast-seo-wordpress\/ -->\n<title>Belli q\u0131r\u0131mtatar maarif\u00e7isi \u0130smail Gasprinskiyni\u00f1 do\u011f\u011fan k\u00fcn\u00fc - Meclis<\/title>\n<meta name=\"description\" content=\"Saban ay\u0131n\u0131\u00f1 20-nde belli q\u0131r\u0131mtatar maarif\u00e7isi, m\u00fctefekkiri ve isl\u00e2at\u00e7\u0131s\u0131 \u0130smail Gasprinkiyni\u00f1 do\u011f\u011fan k\u00fcn\u00fc qayd etile.\" \/>\n<meta name=\"robots\" content=\"index, follow, max-snippet:-1, max-image-preview:large, max-video-preview:-1\" \/>\n<link rel=\"canonical\" href=\"https:\/\/qtmm.org\/qt\/den-narodzhennya-vydatnogo-krymskotatarskogo-prosvitnyka-ismayila-gasprynskogo\/\" \/>\n<meta property=\"og:locale\" content=\"en_US\" \/>\n<meta property=\"og:type\" content=\"article\" \/>\n<meta property=\"og:title\" content=\"Belli q\u0131r\u0131mtatar maarif\u00e7isi \u0130smail Gasprinskiyni\u00f1 do\u011f\u011fan k\u00fcn\u00fc - Meclis\" \/>\n<meta property=\"og:description\" content=\"Saban ay\u0131n\u0131\u00f1 20-nde belli q\u0131r\u0131mtatar maarif\u00e7isi, m\u00fctefekkiri ve isl\u00e2at\u00e7\u0131s\u0131 \u0130smail Gasprinkiyni\u00f1 do\u011f\u011fan k\u00fcn\u00fc qayd etile.\" \/>\n<meta property=\"og:url\" content=\"https:\/\/qtmm.org\/qt\/den-narodzhennya-vydatnogo-krymskotatarskogo-prosvitnyka-ismayila-gasprynskogo\/\" \/>\n<meta property=\"og:site_name\" content=\"\u041c\u0435\u0434\u0436\u043b\u0456\u0441\" \/>\n<meta property=\"article:publisher\" content=\"https:\/\/www.facebook.com\/qtmm.info\/\" \/>\n<meta property=\"article:published_time\" content=\"2026-03-20T10:00:00+00:00\" \/>\n<meta property=\"article:modified_time\" content=\"2026-04-28T13:48:56+00:00\" \/>\n<meta property=\"og:image\" content=\"https:\/\/qtmm.org\/wp-content\/uploads\/2026\/03\/gasprinskiynin.jpg\" \/>\n\t<meta property=\"og:image:width\" content=\"1920\" \/>\n\t<meta property=\"og:image:height\" content=\"1080\" \/>\n\t<meta property=\"og:image:type\" content=\"image\/jpeg\" \/>\n<meta name=\"author\" content=\"Umerova Aishe\" \/>\n<meta name=\"twitter:card\" content=\"summary_large_image\" \/>\n<meta name=\"twitter:label1\" content=\"Written by\" \/>\n\t<meta name=\"twitter:data1\" content=\"Umerova Aishe\" \/>\n\t<meta name=\"twitter:label2\" content=\"Est. reading time\" \/>\n\t<meta name=\"twitter:data2\" content=\"2 minutes\" \/>\n<script type=\"application\/ld+json\" class=\"yoast-schema-graph\">{\"@context\":\"https:\\\/\\\/schema.org\",\"@graph\":[{\"@type\":\"Article\",\"@id\":\"https:\\\/\\\/qtmm.org\\\/qt\\\/den-narodzhennya-vydatnogo-krymskotatarskogo-prosvitnyka-ismayila-gasprynskogo\\\/#article\",\"isPartOf\":{\"@id\":\"https:\\\/\\\/qtmm.org\\\/qt\\\/den-narodzhennya-vydatnogo-krymskotatarskogo-prosvitnyka-ismayila-gasprynskogo\\\/\"},\"author\":{\"name\":\"Umerova Aishe\",\"@id\":\"https:\\\/\\\/qtmm.org\\\/qt\\\/#\\\/schema\\\/person\\\/961a79ddce3f674d41d4aabf45de486b\"},\"headline\":\"Belli q\u0131r\u0131mtatar maarif\u00e7isi \u0130smail Gasprinskiyni\u00f1 do\u011f\u011fan k\u00fcn\u00fc\",\"datePublished\":\"2026-03-20T10:00:00+00:00\",\"dateModified\":\"2026-04-28T13:48:56+00:00\",\"mainEntityOfPage\":{\"@id\":\"https:\\\/\\\/qtmm.org\\\/qt\\\/den-narodzhennya-vydatnogo-krymskotatarskogo-prosvitnyka-ismayila-gasprynskogo\\\/\"},\"wordCount\":268,\"publisher\":{\"@id\":\"https:\\\/\\\/qtmm.org\\\/qt\\\/#organization\"},\"image\":{\"@id\":\"https:\\\/\\\/qtmm.org\\\/qt\\\/den-narodzhennya-vydatnogo-krymskotatarskogo-prosvitnyka-ismayila-gasprynskogo\\\/#primaryimage\"},\"thumbnailUrl\":\"https:\\\/\\\/qtmm.org\\\/wp-content\\\/uploads\\\/2026\\\/03\\\/gasprinskiynin.jpg\",\"articleSection\":[\"Haberler\"],\"inLanguage\":\"qt\"},{\"@type\":\"WebPage\",\"@id\":\"https:\\\/\\\/qtmm.org\\\/qt\\\/den-narodzhennya-vydatnogo-krymskotatarskogo-prosvitnyka-ismayila-gasprynskogo\\\/\",\"url\":\"https:\\\/\\\/qtmm.org\\\/qt\\\/den-narodzhennya-vydatnogo-krymskotatarskogo-prosvitnyka-ismayila-gasprynskogo\\\/\",\"name\":\"Belli q\u0131r\u0131mtatar maarif\u00e7isi \u0130smail Gasprinskiyni\u00f1 do\u011f\u011fan k\u00fcn\u00fc - Meclis\",\"isPartOf\":{\"@id\":\"https:\\\/\\\/qtmm.org\\\/qt\\\/#website\"},\"primaryImageOfPage\":{\"@id\":\"https:\\\/\\\/qtmm.org\\\/qt\\\/den-narodzhennya-vydatnogo-krymskotatarskogo-prosvitnyka-ismayila-gasprynskogo\\\/#primaryimage\"},\"image\":{\"@id\":\"https:\\\/\\\/qtmm.org\\\/qt\\\/den-narodzhennya-vydatnogo-krymskotatarskogo-prosvitnyka-ismayila-gasprynskogo\\\/#primaryimage\"},\"thumbnailUrl\":\"https:\\\/\\\/qtmm.org\\\/wp-content\\\/uploads\\\/2026\\\/03\\\/gasprinskiynin.jpg\",\"datePublished\":\"2026-03-20T10:00:00+00:00\",\"dateModified\":\"2026-04-28T13:48:56+00:00\",\"description\":\"Saban ay\u0131n\u0131\u00f1 20-nde belli q\u0131r\u0131mtatar maarif\u00e7isi, m\u00fctefekkiri ve isl\u00e2at\u00e7\u0131s\u0131 \u0130smail Gasprinkiyni\u00f1 do\u011f\u011fan k\u00fcn\u00fc qayd etile.\",\"breadcrumb\":{\"@id\":\"https:\\\/\\\/qtmm.org\\\/qt\\\/den-narodzhennya-vydatnogo-krymskotatarskogo-prosvitnyka-ismayila-gasprynskogo\\\/#breadcrumb\"},\"inLanguage\":\"qt\",\"potentialAction\":[{\"@type\":\"ReadAction\",\"target\":[\"https:\\\/\\\/qtmm.org\\\/qt\\\/den-narodzhennya-vydatnogo-krymskotatarskogo-prosvitnyka-ismayila-gasprynskogo\\\/\"]}]},{\"@type\":\"ImageObject\",\"inLanguage\":\"qt\",\"@id\":\"https:\\\/\\\/qtmm.org\\\/qt\\\/den-narodzhennya-vydatnogo-krymskotatarskogo-prosvitnyka-ismayila-gasprynskogo\\\/#primaryimage\",\"url\":\"https:\\\/\\\/qtmm.org\\\/wp-content\\\/uploads\\\/2026\\\/03\\\/gasprinskiynin.jpg\",\"contentUrl\":\"https:\\\/\\\/qtmm.org\\\/wp-content\\\/uploads\\\/2026\\\/03\\\/gasprinskiynin.jpg\",\"width\":1920,\"height\":1080},{\"@type\":\"BreadcrumbList\",\"@id\":\"https:\\\/\\\/qtmm.org\\\/qt\\\/den-narodzhennya-vydatnogo-krymskotatarskogo-prosvitnyka-ismayila-gasprynskogo\\\/#breadcrumb\",\"itemListElement\":[{\"@type\":\"ListItem\",\"position\":1,\"name\":\"\u0413\u043e\u043b\u043e\u0432\u043d\u0430\",\"item\":\"https:\\\/\\\/qtmm.org\\\/qt\\\/\"},{\"@type\":\"ListItem\",\"position\":2,\"name\":\"Belli q\u0131r\u0131mtatar maarif\u00e7isi \u0130smail Gasprinskiyni\u00f1 do\u011f\u011fan k\u00fcn\u00fc\"}]},{\"@type\":\"WebSite\",\"@id\":\"https:\\\/\\\/qtmm.org\\\/qt\\\/#website\",\"url\":\"https:\\\/\\\/qtmm.org\\\/qt\\\/\",\"name\":\"\u041c\u0435\u0434\u0436\u043b\u0456\u0441\",\"description\":\"\",\"publisher\":{\"@id\":\"https:\\\/\\\/qtmm.org\\\/qt\\\/#organization\"},\"potentialAction\":[{\"@type\":\"SearchAction\",\"target\":{\"@type\":\"EntryPoint\",\"urlTemplate\":\"https:\\\/\\\/qtmm.org\\\/qt\\\/?s={search_term_string}\"},\"query-input\":{\"@type\":\"PropertyValueSpecification\",\"valueRequired\":true,\"valueName\":\"search_term_string\"}}],\"inLanguage\":\"qt\"},{\"@type\":\"Organization\",\"@id\":\"https:\\\/\\\/qtmm.org\\\/qt\\\/#organization\",\"name\":\"\u041c\u0435\u0434\u0436\u043b\u0456\u0441\",\"url\":\"https:\\\/\\\/qtmm.org\\\/qt\\\/\",\"logo\":{\"@type\":\"ImageObject\",\"inLanguage\":\"qt\",\"@id\":\"https:\\\/\\\/qtmm.org\\\/qt\\\/#\\\/schema\\\/logo\\\/image\\\/\",\"url\":\"https:\\\/\\\/qtmm.org\\\/wp-content\\\/uploads\\\/2024\\\/12\\\/ua-mejlis-logo-rgb.svg\",\"contentUrl\":\"https:\\\/\\\/qtmm.org\\\/wp-content\\\/uploads\\\/2024\\\/12\\\/ua-mejlis-logo-rgb.svg\",\"caption\":\"\u041c\u0435\u0434\u0436\u043b\u0456\u0441\"},\"image\":{\"@id\":\"https:\\\/\\\/qtmm.org\\\/qt\\\/#\\\/schema\\\/logo\\\/image\\\/\"},\"sameAs\":[\"https:\\\/\\\/www.facebook.com\\\/qtmm.info\\\/\"]},{\"@type\":\"Person\",\"@id\":\"https:\\\/\\\/qtmm.org\\\/qt\\\/#\\\/schema\\\/person\\\/961a79ddce3f674d41d4aabf45de486b\",\"name\":\"Umerova Aishe\",\"image\":{\"@type\":\"ImageObject\",\"inLanguage\":\"qt\",\"@id\":\"https:\\\/\\\/secure.gravatar.com\\\/avatar\\\/4f0a62f3f36fc2f60bbf771d5f06f982ca5c51bbaadd7cbce3db1397962a559d?s=96&d=mm&r=g\",\"url\":\"https:\\\/\\\/secure.gravatar.com\\\/avatar\\\/4f0a62f3f36fc2f60bbf771d5f06f982ca5c51bbaadd7cbce3db1397962a559d?s=96&d=mm&r=g\",\"contentUrl\":\"https:\\\/\\\/secure.gravatar.com\\\/avatar\\\/4f0a62f3f36fc2f60bbf771d5f06f982ca5c51bbaadd7cbce3db1397962a559d?s=96&d=mm&r=g\",\"caption\":\"Umerova Aishe\"},\"url\":\"https:\\\/\\\/qtmm.org\\\/qt\\\/author\\\/aishe-umerova\\\/\"}]}<\/script>\n<!-- \/ Yoast SEO plugin. -->","yoast_head_json":{"title":"Belli q\u0131r\u0131mtatar maarif\u00e7isi \u0130smail Gasprinskiyni\u00f1 do\u011f\u011fan k\u00fcn\u00fc - Meclis","description":"Saban ay\u0131n\u0131\u00f1 20-nde belli q\u0131r\u0131mtatar maarif\u00e7isi, m\u00fctefekkiri ve isl\u00e2at\u00e7\u0131s\u0131 \u0130smail Gasprinkiyni\u00f1 do\u011f\u011fan k\u00fcn\u00fc qayd etile.","robots":{"index":"index","follow":"follow","max-snippet":"max-snippet:-1","max-image-preview":"max-image-preview:large","max-video-preview":"max-video-preview:-1"},"canonical":"https:\/\/qtmm.org\/qt\/den-narodzhennya-vydatnogo-krymskotatarskogo-prosvitnyka-ismayila-gasprynskogo\/","og_locale":"en_US","og_type":"article","og_title":"Belli q\u0131r\u0131mtatar maarif\u00e7isi \u0130smail Gasprinskiyni\u00f1 do\u011f\u011fan k\u00fcn\u00fc - Meclis","og_description":"Saban ay\u0131n\u0131\u00f1 20-nde belli q\u0131r\u0131mtatar maarif\u00e7isi, m\u00fctefekkiri ve isl\u00e2at\u00e7\u0131s\u0131 \u0130smail Gasprinkiyni\u00f1 do\u011f\u011fan k\u00fcn\u00fc qayd etile.","og_url":"https:\/\/qtmm.org\/qt\/den-narodzhennya-vydatnogo-krymskotatarskogo-prosvitnyka-ismayila-gasprynskogo\/","og_site_name":"\u041c\u0435\u0434\u0436\u043b\u0456\u0441","article_publisher":"https:\/\/www.facebook.com\/qtmm.info\/","article_published_time":"2026-03-20T10:00:00+00:00","article_modified_time":"2026-04-28T13:48:56+00:00","og_image":[{"width":1920,"height":1080,"url":"https:\/\/qtmm.org\/wp-content\/uploads\/2026\/03\/gasprinskiynin.jpg","type":"image\/jpeg"}],"author":"Umerova Aishe","twitter_card":"summary_large_image","twitter_misc":{"Written by":"Umerova Aishe","Est. reading time":"2 minutes"},"schema":{"@context":"https:\/\/schema.org","@graph":[{"@type":"Article","@id":"https:\/\/qtmm.org\/qt\/den-narodzhennya-vydatnogo-krymskotatarskogo-prosvitnyka-ismayila-gasprynskogo\/#article","isPartOf":{"@id":"https:\/\/qtmm.org\/qt\/den-narodzhennya-vydatnogo-krymskotatarskogo-prosvitnyka-ismayila-gasprynskogo\/"},"author":{"name":"Umerova Aishe","@id":"https:\/\/qtmm.org\/qt\/#\/schema\/person\/961a79ddce3f674d41d4aabf45de486b"},"headline":"Belli q\u0131r\u0131mtatar maarif\u00e7isi \u0130smail Gasprinskiyni\u00f1 do\u011f\u011fan k\u00fcn\u00fc","datePublished":"2026-03-20T10:00:00+00:00","dateModified":"2026-04-28T13:48:56+00:00","mainEntityOfPage":{"@id":"https:\/\/qtmm.org\/qt\/den-narodzhennya-vydatnogo-krymskotatarskogo-prosvitnyka-ismayila-gasprynskogo\/"},"wordCount":268,"publisher":{"@id":"https:\/\/qtmm.org\/qt\/#organization"},"image":{"@id":"https:\/\/qtmm.org\/qt\/den-narodzhennya-vydatnogo-krymskotatarskogo-prosvitnyka-ismayila-gasprynskogo\/#primaryimage"},"thumbnailUrl":"https:\/\/qtmm.org\/wp-content\/uploads\/2026\/03\/gasprinskiynin.jpg","articleSection":["Haberler"],"inLanguage":"qt"},{"@type":"WebPage","@id":"https:\/\/qtmm.org\/qt\/den-narodzhennya-vydatnogo-krymskotatarskogo-prosvitnyka-ismayila-gasprynskogo\/","url":"https:\/\/qtmm.org\/qt\/den-narodzhennya-vydatnogo-krymskotatarskogo-prosvitnyka-ismayila-gasprynskogo\/","name":"Belli q\u0131r\u0131mtatar maarif\u00e7isi \u0130smail Gasprinskiyni\u00f1 do\u011f\u011fan k\u00fcn\u00fc - Meclis","isPartOf":{"@id":"https:\/\/qtmm.org\/qt\/#website"},"primaryImageOfPage":{"@id":"https:\/\/qtmm.org\/qt\/den-narodzhennya-vydatnogo-krymskotatarskogo-prosvitnyka-ismayila-gasprynskogo\/#primaryimage"},"image":{"@id":"https:\/\/qtmm.org\/qt\/den-narodzhennya-vydatnogo-krymskotatarskogo-prosvitnyka-ismayila-gasprynskogo\/#primaryimage"},"thumbnailUrl":"https:\/\/qtmm.org\/wp-content\/uploads\/2026\/03\/gasprinskiynin.jpg","datePublished":"2026-03-20T10:00:00+00:00","dateModified":"2026-04-28T13:48:56+00:00","description":"Saban ay\u0131n\u0131\u00f1 20-nde belli q\u0131r\u0131mtatar maarif\u00e7isi, m\u00fctefekkiri ve isl\u00e2at\u00e7\u0131s\u0131 \u0130smail Gasprinkiyni\u00f1 do\u011f\u011fan k\u00fcn\u00fc qayd etile.","breadcrumb":{"@id":"https:\/\/qtmm.org\/qt\/den-narodzhennya-vydatnogo-krymskotatarskogo-prosvitnyka-ismayila-gasprynskogo\/#breadcrumb"},"inLanguage":"qt","potentialAction":[{"@type":"ReadAction","target":["https:\/\/qtmm.org\/qt\/den-narodzhennya-vydatnogo-krymskotatarskogo-prosvitnyka-ismayila-gasprynskogo\/"]}]},{"@type":"ImageObject","inLanguage":"qt","@id":"https:\/\/qtmm.org\/qt\/den-narodzhennya-vydatnogo-krymskotatarskogo-prosvitnyka-ismayila-gasprynskogo\/#primaryimage","url":"https:\/\/qtmm.org\/wp-content\/uploads\/2026\/03\/gasprinskiynin.jpg","contentUrl":"https:\/\/qtmm.org\/wp-content\/uploads\/2026\/03\/gasprinskiynin.jpg","width":1920,"height":1080},{"@type":"BreadcrumbList","@id":"https:\/\/qtmm.org\/qt\/den-narodzhennya-vydatnogo-krymskotatarskogo-prosvitnyka-ismayila-gasprynskogo\/#breadcrumb","itemListElement":[{"@type":"ListItem","position":1,"name":"\u0413\u043e\u043b\u043e\u0432\u043d\u0430","item":"https:\/\/qtmm.org\/qt\/"},{"@type":"ListItem","position":2,"name":"Belli q\u0131r\u0131mtatar maarif\u00e7isi \u0130smail Gasprinskiyni\u00f1 do\u011f\u011fan k\u00fcn\u00fc"}]},{"@type":"WebSite","@id":"https:\/\/qtmm.org\/qt\/#website","url":"https:\/\/qtmm.org\/qt\/","name":"\u041c\u0435\u0434\u0436\u043b\u0456\u0441","description":"","publisher":{"@id":"https:\/\/qtmm.org\/qt\/#organization"},"potentialAction":[{"@type":"SearchAction","target":{"@type":"EntryPoint","urlTemplate":"https:\/\/qtmm.org\/qt\/?s={search_term_string}"},"query-input":{"@type":"PropertyValueSpecification","valueRequired":true,"valueName":"search_term_string"}}],"inLanguage":"qt"},{"@type":"Organization","@id":"https:\/\/qtmm.org\/qt\/#organization","name":"\u041c\u0435\u0434\u0436\u043b\u0456\u0441","url":"https:\/\/qtmm.org\/qt\/","logo":{"@type":"ImageObject","inLanguage":"qt","@id":"https:\/\/qtmm.org\/qt\/#\/schema\/logo\/image\/","url":"https:\/\/qtmm.org\/wp-content\/uploads\/2024\/12\/ua-mejlis-logo-rgb.svg","contentUrl":"https:\/\/qtmm.org\/wp-content\/uploads\/2024\/12\/ua-mejlis-logo-rgb.svg","caption":"\u041c\u0435\u0434\u0436\u043b\u0456\u0441"},"image":{"@id":"https:\/\/qtmm.org\/qt\/#\/schema\/logo\/image\/"},"sameAs":["https:\/\/www.facebook.com\/qtmm.info\/"]},{"@type":"Person","@id":"https:\/\/qtmm.org\/qt\/#\/schema\/person\/961a79ddce3f674d41d4aabf45de486b","name":"Umerova Aishe","image":{"@type":"ImageObject","inLanguage":"qt","@id":"https:\/\/secure.gravatar.com\/avatar\/4f0a62f3f36fc2f60bbf771d5f06f982ca5c51bbaadd7cbce3db1397962a559d?s=96&d=mm&r=g","url":"https:\/\/secure.gravatar.com\/avatar\/4f0a62f3f36fc2f60bbf771d5f06f982ca5c51bbaadd7cbce3db1397962a559d?s=96&d=mm&r=g","contentUrl":"https:\/\/secure.gravatar.com\/avatar\/4f0a62f3f36fc2f60bbf771d5f06f982ca5c51bbaadd7cbce3db1397962a559d?s=96&d=mm&r=g","caption":"Umerova Aishe"},"url":"https:\/\/qtmm.org\/qt\/author\/aishe-umerova\/"}]}},"_links":{"self":[{"href":"https:\/\/qtmm.org\/qt\/wp-json\/wp\/v2\/posts\/94803","targetHints":{"allow":["GET"]}}],"collection":[{"href":"https:\/\/qtmm.org\/qt\/wp-json\/wp\/v2\/posts"}],"about":[{"href":"https:\/\/qtmm.org\/qt\/wp-json\/wp\/v2\/types\/post"}],"author":[{"embeddable":true,"href":"https:\/\/qtmm.org\/qt\/wp-json\/wp\/v2\/users\/8"}],"replies":[{"embeddable":true,"href":"https:\/\/qtmm.org\/qt\/wp-json\/wp\/v2\/comments?post=94803"}],"version-history":[{"count":1,"href":"https:\/\/qtmm.org\/qt\/wp-json\/wp\/v2\/posts\/94803\/revisions"}],"predecessor-version":[{"id":94809,"href":"https:\/\/qtmm.org\/qt\/wp-json\/wp\/v2\/posts\/94803\/revisions\/94809"}],"wp:featuredmedia":[{"embeddable":true,"href":"https:\/\/qtmm.org\/qt\/wp-json\/wp\/v2\/media\/94810"}],"wp:attachment":[{"href":"https:\/\/qtmm.org\/qt\/wp-json\/wp\/v2\/media?parent=94803"}],"wp:term":[{"taxonomy":"category","embeddable":true,"href":"https:\/\/qtmm.org\/qt\/wp-json\/wp\/v2\/categories?post=94803"},{"taxonomy":"post_tag","embeddable":true,"href":"https:\/\/qtmm.org\/qt\/wp-json\/wp\/v2\/tags?post=94803"}],"curies":[{"name":"wp","href":"https:\/\/api.w.org\/{rel}","templated":true}]}}