




{"id":91870,"date":"2026-03-07T10:27:08","date_gmt":"2026-03-07T08:27:08","guid":{"rendered":"https:\/\/qtmm.org\/pislya-tryvaloyi-hvoroby-pishla-z-zhyttya-lejlya-aliyeva-maty-vykradenogo-ervina-ibragimova\/"},"modified":"2026-03-27T12:47:16","modified_gmt":"2026-03-27T10:47:16","slug":"pislya-tryvaloyi-hvoroby-pishla-z-zhyttya-lejlya-aliyeva-maty-vykradenogo-ervina-ibragimova","status":"publish","type":"post","link":"https:\/\/qtmm.org\/qt\/pislya-tryvaloyi-hvoroby-pishla-z-zhyttya-lejlya-aliyeva-maty-vykradenogo-ervina-ibragimova\/","title":{"rendered":"Devaml\u0131 hastal\u0131qtan so\u00f1 h\u0131rs\u0131zlan\u011fan Ervin \u0130bragimovn\u0131\u00f1 anas\u0131 Leyl\u00e2 Aliyeva vefat etti"},"content":{"rendered":"\n<p>Q\u0131r\u0131mtatar Milliy Meclisi tuv\u011fanlar\u0131 ve yaq\u0131nlar\u0131na a\u011f\u0131r \u011fay\u0131p munasebetinen samimiy taziye bildire \u2013 Ba\u011f\u00e7asarayda uzun s\u00fcrgen hastal\u0131qtan so\u00f1 qa\u00e7\u0131r\u0131l\u011fan q\u0131r\u0131mtatar faalcisi <strong>Ervin \u0130bragimov<\/strong>n\u0131\u00f1 anas\u0131 <strong>Leyl\u00e2 Aliyeva vefat etti<\/strong>.<\/p>\n\n\n\n<p>Ervin \u0130bragimov \u2013 B\u00fct\u00fcnd\u00fcnya q\u0131r\u0131mtatar kongressi icra eyyetini\u00f1 azas\u0131, q\u0131r\u0131mtatar milliy areketini\u00f1 faalcisi, ukrayin devlet h\u0131zmet\u00e7isi. 2016 senesi may\u0131sn\u0131\u00f1 24-ne ke\u00e7er gecesi Ba\u011f\u00e7asarayda on\u0131 i\u015f\u011falli Rusiye qurul\u0131\u015flar\u0131n\u0131\u00f1 vekilleri <strong>h\u0131rs\u0131zlad\u0131lar<\/strong>. Nezaret kameralar\u0131 urbas\u0131 ol\u011fan qa\u00e7 qa\u00e7 \u015fah\u0131sn\u0131\u00f1 ma\u015finan\u0131 toqtatqan\u0131n\u0131 qayd etti, bundan so\u00f1 quvet\u00e7iler Ervinni mikroavtobusqa mindirip, belli olma\u011fan yerge al\u0131p kettiler. O vaq\u0131ttan berli on\u0131\u00f1 bulun\u011fan yeri belli degil.<\/p>\n\n\n\n<p>Qorantas\u0131, uquq qor\u00e7alay\u0131c\u0131lar ve halqara te\u015fkil\u00e2tlarn\u0131\u00f1 muracaatlar\u0131na baqmadan, i\u015f\u011falli Rusiye akimiyeti bu cinayetni semereli \u015fekilde taqiq etmedi. Ervin \u0130bragimovn\u0131\u00f1 h\u0131rs\u0131zlanmas\u0131 vaqt\u0131nca i\u015f\u011fal etilgen Q\u0131r\u0131mda zorbal\u0131qnen \u011fay\u0131p oluv timsallerinden biri old\u0131.<\/p>\n\n\n\n<p>Bu y\u0131llar devam\u0131nda Ervinni\u00f1 anas\u0131 o\u011flun\u0131 bir daa k\u00f6rmege \u00fcm\u00fct ete ve on\u0131\u00f1 qaytmas\u0131n\u0131 bekley edi, l\u00e2kin bu vaqia Leyl\u00e2 han\u0131mn\u0131\u00f1 sa\u011fl\u0131\u011f\u0131n\u0131 baya\u011f\u0131 bozd\u0131.<\/p>\n\n\n\n<p>Q\u0131r\u0131mtatar Milliy Meclisi Leyl\u00e2 han\u0131mn\u0131\u00f1 qorantas\u0131 ve yaq\u0131nlar\u0131nen beraber \u011fay\u0131p\u0131n\u0131\u00f1 ac\u0131s\u0131n\u0131 payla\u015fa.<\/p>\n\n\n\n<p>Allah rahmet eylesin!<\/p>\n\n\n\n<p><strong>Cenaze 2026 senesi saban ay\u0131n\u0131\u00f1 7-nde saat 13:00-da Ba\u011f\u00e7asaray \u015feerinde olacaq.<\/strong><\/p>\n","protected":false},"excerpt":{"rendered":"<p>Q\u0131r\u0131mtatar Milliy Meclisi tuv\u011fanlar\u0131 ve yaq\u0131nlar\u0131na a\u011f\u0131r \u011fay\u0131p munasebetinen samimiy taziye bildire \u2013 Ba\u011f\u00e7asarayda uzun s\u00fcrgen hastal\u0131qtan so\u00f1 qa\u00e7\u0131r\u0131l\u011fan q\u0131r\u0131mtatar faalcisi Ervin \u0130bragimovn\u0131\u00f1 anas\u0131 Leyl\u00e2 Aliyeva vefat etti. Ervin \u0130bragimov \u2013 B\u00fct\u00fcnd\u00fcnya q\u0131r\u0131mtatar kongressi icra eyyetini\u00f1 azas\u0131, q\u0131r\u0131mtatar milliy areketini\u00f1 faalcisi, ukrayin devlet h\u0131zmet\u00e7isi. 2016 senesi may\u0131sn\u0131\u00f1 24-ne ke\u00e7er gecesi Ba\u011f\u00e7asarayda on\u0131 i\u015f\u011falli Rusiye qurul\u0131\u015flar\u0131n\u0131\u00f1 [&hellip;]<\/p>\n","protected":false},"author":8,"featured_media":91881,"comment_status":"closed","ping_status":"closed","sticky":false,"template":"","format":"standard","meta":{"inline_featured_image":false,"footnotes":""},"categories":[265],"tags":[],"class_list":["post-91870","post","type-post","status-publish","format-standard","has-post-thumbnail","hentry","category-haberler"],"acf":[],"yoast_head":"<!-- This site is optimized with the Yoast SEO plugin v27.4 - https:\/\/yoast.com\/product\/yoast-seo-wordpress\/ -->\n<title>Devaml\u0131 hastal\u0131qtan so\u00f1 h\u0131rs\u0131zlan\u011fan Ervin \u0130bragimovn\u0131\u00f1 anas\u0131 Leyl\u00e2 Aliyeva vefat etti - Meclis<\/title>\n<meta name=\"description\" content=\"Ba\u011f\u00e7asarayda uzun s\u00fcrgen hastal\u0131qtan so\u00f1 qa\u00e7\u0131r\u0131l\u011fan q\u0131r\u0131mtatar faalcisi Ervin \u0130bragimovn\u0131\u00f1 anas\u0131 Leyl\u00e2 Aliyeva vefat etti.\" \/>\n<meta name=\"robots\" content=\"index, follow, max-snippet:-1, max-image-preview:large, max-video-preview:-1\" \/>\n<link rel=\"canonical\" href=\"https:\/\/qtmm.org\/qt\/pislya-tryvaloyi-hvoroby-pishla-z-zhyttya-lejlya-aliyeva-maty-vykradenogo-ervina-ibragimova\/\" \/>\n<meta property=\"og:locale\" content=\"en_US\" \/>\n<meta property=\"og:type\" content=\"article\" \/>\n<meta property=\"og:title\" content=\"Devaml\u0131 hastal\u0131qtan so\u00f1 h\u0131rs\u0131zlan\u011fan Ervin \u0130bragimovn\u0131\u00f1 anas\u0131 Leyl\u00e2 Aliyeva vefat etti - Meclis\" \/>\n<meta property=\"og:description\" content=\"Ba\u011f\u00e7asarayda uzun s\u00fcrgen hastal\u0131qtan so\u00f1 qa\u00e7\u0131r\u0131l\u011fan q\u0131r\u0131mtatar faalcisi Ervin \u0130bragimovn\u0131\u00f1 anas\u0131 Leyl\u00e2 Aliyeva vefat etti.\" \/>\n<meta property=\"og:url\" content=\"https:\/\/qtmm.org\/qt\/pislya-tryvaloyi-hvoroby-pishla-z-zhyttya-lejlya-aliyeva-maty-vykradenogo-ervina-ibragimova\/\" \/>\n<meta property=\"og:site_name\" content=\"\u041c\u0435\u0434\u0436\u043b\u0456\u0441\" \/>\n<meta property=\"article:publisher\" content=\"https:\/\/www.facebook.com\/qtmm.info\/\" \/>\n<meta property=\"article:published_time\" content=\"2026-03-07T08:27:08+00:00\" \/>\n<meta property=\"article:modified_time\" content=\"2026-03-27T10:47:16+00:00\" \/>\n<meta property=\"og:image\" content=\"https:\/\/qtmm.org\/wp-content\/uploads\/2026\/03\/aliyeva.jpg\" \/>\n\t<meta property=\"og:image:width\" content=\"1920\" \/>\n\t<meta property=\"og:image:height\" content=\"1080\" \/>\n\t<meta property=\"og:image:type\" content=\"image\/jpeg\" \/>\n<meta name=\"author\" content=\"Umerova Aishe\" \/>\n<meta name=\"twitter:card\" content=\"summary_large_image\" \/>\n<meta name=\"twitter:label1\" content=\"Written by\" \/>\n\t<meta name=\"twitter:data1\" content=\"Umerova Aishe\" \/>\n\t<meta name=\"twitter:label2\" content=\"Est. reading time\" \/>\n\t<meta name=\"twitter:data2\" content=\"2 minutes\" \/>\n<script type=\"application\/ld+json\" class=\"yoast-schema-graph\">{\"@context\":\"https:\\\/\\\/schema.org\",\"@graph\":[{\"@type\":\"Article\",\"@id\":\"https:\\\/\\\/qtmm.org\\\/qt\\\/pislya-tryvaloyi-hvoroby-pishla-z-zhyttya-lejlya-aliyeva-maty-vykradenogo-ervina-ibragimova\\\/#article\",\"isPartOf\":{\"@id\":\"https:\\\/\\\/qtmm.org\\\/qt\\\/pislya-tryvaloyi-hvoroby-pishla-z-zhyttya-lejlya-aliyeva-maty-vykradenogo-ervina-ibragimova\\\/\"},\"author\":{\"name\":\"Umerova Aishe\",\"@id\":\"https:\\\/\\\/qtmm.org\\\/qt\\\/#\\\/schema\\\/person\\\/961a79ddce3f674d41d4aabf45de486b\"},\"headline\":\"Devaml\u0131 hastal\u0131qtan so\u00f1 h\u0131rs\u0131zlan\u011fan Ervin \u0130bragimovn\u0131\u00f1 anas\u0131 Leyl\u00e2 Aliyeva vefat etti\",\"datePublished\":\"2026-03-07T08:27:08+00:00\",\"dateModified\":\"2026-03-27T10:47:16+00:00\",\"mainEntityOfPage\":{\"@id\":\"https:\\\/\\\/qtmm.org\\\/qt\\\/pislya-tryvaloyi-hvoroby-pishla-z-zhyttya-lejlya-aliyeva-maty-vykradenogo-ervina-ibragimova\\\/\"},\"wordCount\":257,\"publisher\":{\"@id\":\"https:\\\/\\\/qtmm.org\\\/qt\\\/#organization\"},\"image\":{\"@id\":\"https:\\\/\\\/qtmm.org\\\/qt\\\/pislya-tryvaloyi-hvoroby-pishla-z-zhyttya-lejlya-aliyeva-maty-vykradenogo-ervina-ibragimova\\\/#primaryimage\"},\"thumbnailUrl\":\"https:\\\/\\\/qtmm.org\\\/wp-content\\\/uploads\\\/2026\\\/03\\\/aliyeva.jpg\",\"articleSection\":[\"Haberler\"],\"inLanguage\":\"qt\"},{\"@type\":\"WebPage\",\"@id\":\"https:\\\/\\\/qtmm.org\\\/qt\\\/pislya-tryvaloyi-hvoroby-pishla-z-zhyttya-lejlya-aliyeva-maty-vykradenogo-ervina-ibragimova\\\/\",\"url\":\"https:\\\/\\\/qtmm.org\\\/qt\\\/pislya-tryvaloyi-hvoroby-pishla-z-zhyttya-lejlya-aliyeva-maty-vykradenogo-ervina-ibragimova\\\/\",\"name\":\"Devaml\u0131 hastal\u0131qtan so\u00f1 h\u0131rs\u0131zlan\u011fan Ervin \u0130bragimovn\u0131\u00f1 anas\u0131 Leyl\u00e2 Aliyeva vefat etti - Meclis\",\"isPartOf\":{\"@id\":\"https:\\\/\\\/qtmm.org\\\/qt\\\/#website\"},\"primaryImageOfPage\":{\"@id\":\"https:\\\/\\\/qtmm.org\\\/qt\\\/pislya-tryvaloyi-hvoroby-pishla-z-zhyttya-lejlya-aliyeva-maty-vykradenogo-ervina-ibragimova\\\/#primaryimage\"},\"image\":{\"@id\":\"https:\\\/\\\/qtmm.org\\\/qt\\\/pislya-tryvaloyi-hvoroby-pishla-z-zhyttya-lejlya-aliyeva-maty-vykradenogo-ervina-ibragimova\\\/#primaryimage\"},\"thumbnailUrl\":\"https:\\\/\\\/qtmm.org\\\/wp-content\\\/uploads\\\/2026\\\/03\\\/aliyeva.jpg\",\"datePublished\":\"2026-03-07T08:27:08+00:00\",\"dateModified\":\"2026-03-27T10:47:16+00:00\",\"description\":\"Ba\u011f\u00e7asarayda uzun s\u00fcrgen hastal\u0131qtan so\u00f1 qa\u00e7\u0131r\u0131l\u011fan q\u0131r\u0131mtatar faalcisi Ervin \u0130bragimovn\u0131\u00f1 anas\u0131 Leyl\u00e2 Aliyeva vefat etti.\",\"breadcrumb\":{\"@id\":\"https:\\\/\\\/qtmm.org\\\/qt\\\/pislya-tryvaloyi-hvoroby-pishla-z-zhyttya-lejlya-aliyeva-maty-vykradenogo-ervina-ibragimova\\\/#breadcrumb\"},\"inLanguage\":\"qt\",\"potentialAction\":[{\"@type\":\"ReadAction\",\"target\":[\"https:\\\/\\\/qtmm.org\\\/qt\\\/pislya-tryvaloyi-hvoroby-pishla-z-zhyttya-lejlya-aliyeva-maty-vykradenogo-ervina-ibragimova\\\/\"]}]},{\"@type\":\"ImageObject\",\"inLanguage\":\"qt\",\"@id\":\"https:\\\/\\\/qtmm.org\\\/qt\\\/pislya-tryvaloyi-hvoroby-pishla-z-zhyttya-lejlya-aliyeva-maty-vykradenogo-ervina-ibragimova\\\/#primaryimage\",\"url\":\"https:\\\/\\\/qtmm.org\\\/wp-content\\\/uploads\\\/2026\\\/03\\\/aliyeva.jpg\",\"contentUrl\":\"https:\\\/\\\/qtmm.org\\\/wp-content\\\/uploads\\\/2026\\\/03\\\/aliyeva.jpg\",\"width\":1920,\"height\":1080},{\"@type\":\"BreadcrumbList\",\"@id\":\"https:\\\/\\\/qtmm.org\\\/qt\\\/pislya-tryvaloyi-hvoroby-pishla-z-zhyttya-lejlya-aliyeva-maty-vykradenogo-ervina-ibragimova\\\/#breadcrumb\",\"itemListElement\":[{\"@type\":\"ListItem\",\"position\":1,\"name\":\"\u0413\u043e\u043b\u043e\u0432\u043d\u0430\",\"item\":\"https:\\\/\\\/qtmm.org\\\/qt\\\/\"},{\"@type\":\"ListItem\",\"position\":2,\"name\":\"Devaml\u0131 hastal\u0131qtan so\u00f1 h\u0131rs\u0131zlan\u011fan Ervin \u0130bragimovn\u0131\u00f1 anas\u0131 Leyl\u00e2 Aliyeva vefat etti\"}]},{\"@type\":\"WebSite\",\"@id\":\"https:\\\/\\\/qtmm.org\\\/qt\\\/#website\",\"url\":\"https:\\\/\\\/qtmm.org\\\/qt\\\/\",\"name\":\"\u041c\u0435\u0434\u0436\u043b\u0456\u0441\",\"description\":\"\",\"publisher\":{\"@id\":\"https:\\\/\\\/qtmm.org\\\/qt\\\/#organization\"},\"potentialAction\":[{\"@type\":\"SearchAction\",\"target\":{\"@type\":\"EntryPoint\",\"urlTemplate\":\"https:\\\/\\\/qtmm.org\\\/qt\\\/?s={search_term_string}\"},\"query-input\":{\"@type\":\"PropertyValueSpecification\",\"valueRequired\":true,\"valueName\":\"search_term_string\"}}],\"inLanguage\":\"qt\"},{\"@type\":\"Organization\",\"@id\":\"https:\\\/\\\/qtmm.org\\\/qt\\\/#organization\",\"name\":\"\u041c\u0435\u0434\u0436\u043b\u0456\u0441\",\"url\":\"https:\\\/\\\/qtmm.org\\\/qt\\\/\",\"logo\":{\"@type\":\"ImageObject\",\"inLanguage\":\"qt\",\"@id\":\"https:\\\/\\\/qtmm.org\\\/qt\\\/#\\\/schema\\\/logo\\\/image\\\/\",\"url\":\"https:\\\/\\\/qtmm.org\\\/wp-content\\\/uploads\\\/2024\\\/12\\\/ua-mejlis-logo-rgb.svg\",\"contentUrl\":\"https:\\\/\\\/qtmm.org\\\/wp-content\\\/uploads\\\/2024\\\/12\\\/ua-mejlis-logo-rgb.svg\",\"caption\":\"\u041c\u0435\u0434\u0436\u043b\u0456\u0441\"},\"image\":{\"@id\":\"https:\\\/\\\/qtmm.org\\\/qt\\\/#\\\/schema\\\/logo\\\/image\\\/\"},\"sameAs\":[\"https:\\\/\\\/www.facebook.com\\\/qtmm.info\\\/\"]},{\"@type\":\"Person\",\"@id\":\"https:\\\/\\\/qtmm.org\\\/qt\\\/#\\\/schema\\\/person\\\/961a79ddce3f674d41d4aabf45de486b\",\"name\":\"Umerova Aishe\",\"image\":{\"@type\":\"ImageObject\",\"inLanguage\":\"qt\",\"@id\":\"https:\\\/\\\/secure.gravatar.com\\\/avatar\\\/4f0a62f3f36fc2f60bbf771d5f06f982ca5c51bbaadd7cbce3db1397962a559d?s=96&d=mm&r=g\",\"url\":\"https:\\\/\\\/secure.gravatar.com\\\/avatar\\\/4f0a62f3f36fc2f60bbf771d5f06f982ca5c51bbaadd7cbce3db1397962a559d?s=96&d=mm&r=g\",\"contentUrl\":\"https:\\\/\\\/secure.gravatar.com\\\/avatar\\\/4f0a62f3f36fc2f60bbf771d5f06f982ca5c51bbaadd7cbce3db1397962a559d?s=96&d=mm&r=g\",\"caption\":\"Umerova Aishe\"},\"url\":\"https:\\\/\\\/qtmm.org\\\/qt\\\/author\\\/aishe-umerova\\\/\"}]}<\/script>\n<!-- \/ Yoast SEO plugin. -->","yoast_head_json":{"title":"Devaml\u0131 hastal\u0131qtan so\u00f1 h\u0131rs\u0131zlan\u011fan Ervin \u0130bragimovn\u0131\u00f1 anas\u0131 Leyl\u00e2 Aliyeva vefat etti - Meclis","description":"Ba\u011f\u00e7asarayda uzun s\u00fcrgen hastal\u0131qtan so\u00f1 qa\u00e7\u0131r\u0131l\u011fan q\u0131r\u0131mtatar faalcisi Ervin \u0130bragimovn\u0131\u00f1 anas\u0131 Leyl\u00e2 Aliyeva vefat etti.","robots":{"index":"index","follow":"follow","max-snippet":"max-snippet:-1","max-image-preview":"max-image-preview:large","max-video-preview":"max-video-preview:-1"},"canonical":"https:\/\/qtmm.org\/qt\/pislya-tryvaloyi-hvoroby-pishla-z-zhyttya-lejlya-aliyeva-maty-vykradenogo-ervina-ibragimova\/","og_locale":"en_US","og_type":"article","og_title":"Devaml\u0131 hastal\u0131qtan so\u00f1 h\u0131rs\u0131zlan\u011fan Ervin \u0130bragimovn\u0131\u00f1 anas\u0131 Leyl\u00e2 Aliyeva vefat etti - Meclis","og_description":"Ba\u011f\u00e7asarayda uzun s\u00fcrgen hastal\u0131qtan so\u00f1 qa\u00e7\u0131r\u0131l\u011fan q\u0131r\u0131mtatar faalcisi Ervin \u0130bragimovn\u0131\u00f1 anas\u0131 Leyl\u00e2 Aliyeva vefat etti.","og_url":"https:\/\/qtmm.org\/qt\/pislya-tryvaloyi-hvoroby-pishla-z-zhyttya-lejlya-aliyeva-maty-vykradenogo-ervina-ibragimova\/","og_site_name":"\u041c\u0435\u0434\u0436\u043b\u0456\u0441","article_publisher":"https:\/\/www.facebook.com\/qtmm.info\/","article_published_time":"2026-03-07T08:27:08+00:00","article_modified_time":"2026-03-27T10:47:16+00:00","og_image":[{"width":1920,"height":1080,"url":"https:\/\/qtmm.org\/wp-content\/uploads\/2026\/03\/aliyeva.jpg","type":"image\/jpeg"}],"author":"Umerova Aishe","twitter_card":"summary_large_image","twitter_misc":{"Written by":"Umerova Aishe","Est. reading time":"2 minutes"},"schema":{"@context":"https:\/\/schema.org","@graph":[{"@type":"Article","@id":"https:\/\/qtmm.org\/qt\/pislya-tryvaloyi-hvoroby-pishla-z-zhyttya-lejlya-aliyeva-maty-vykradenogo-ervina-ibragimova\/#article","isPartOf":{"@id":"https:\/\/qtmm.org\/qt\/pislya-tryvaloyi-hvoroby-pishla-z-zhyttya-lejlya-aliyeva-maty-vykradenogo-ervina-ibragimova\/"},"author":{"name":"Umerova Aishe","@id":"https:\/\/qtmm.org\/qt\/#\/schema\/person\/961a79ddce3f674d41d4aabf45de486b"},"headline":"Devaml\u0131 hastal\u0131qtan so\u00f1 h\u0131rs\u0131zlan\u011fan Ervin \u0130bragimovn\u0131\u00f1 anas\u0131 Leyl\u00e2 Aliyeva vefat etti","datePublished":"2026-03-07T08:27:08+00:00","dateModified":"2026-03-27T10:47:16+00:00","mainEntityOfPage":{"@id":"https:\/\/qtmm.org\/qt\/pislya-tryvaloyi-hvoroby-pishla-z-zhyttya-lejlya-aliyeva-maty-vykradenogo-ervina-ibragimova\/"},"wordCount":257,"publisher":{"@id":"https:\/\/qtmm.org\/qt\/#organization"},"image":{"@id":"https:\/\/qtmm.org\/qt\/pislya-tryvaloyi-hvoroby-pishla-z-zhyttya-lejlya-aliyeva-maty-vykradenogo-ervina-ibragimova\/#primaryimage"},"thumbnailUrl":"https:\/\/qtmm.org\/wp-content\/uploads\/2026\/03\/aliyeva.jpg","articleSection":["Haberler"],"inLanguage":"qt"},{"@type":"WebPage","@id":"https:\/\/qtmm.org\/qt\/pislya-tryvaloyi-hvoroby-pishla-z-zhyttya-lejlya-aliyeva-maty-vykradenogo-ervina-ibragimova\/","url":"https:\/\/qtmm.org\/qt\/pislya-tryvaloyi-hvoroby-pishla-z-zhyttya-lejlya-aliyeva-maty-vykradenogo-ervina-ibragimova\/","name":"Devaml\u0131 hastal\u0131qtan so\u00f1 h\u0131rs\u0131zlan\u011fan Ervin \u0130bragimovn\u0131\u00f1 anas\u0131 Leyl\u00e2 Aliyeva vefat etti - Meclis","isPartOf":{"@id":"https:\/\/qtmm.org\/qt\/#website"},"primaryImageOfPage":{"@id":"https:\/\/qtmm.org\/qt\/pislya-tryvaloyi-hvoroby-pishla-z-zhyttya-lejlya-aliyeva-maty-vykradenogo-ervina-ibragimova\/#primaryimage"},"image":{"@id":"https:\/\/qtmm.org\/qt\/pislya-tryvaloyi-hvoroby-pishla-z-zhyttya-lejlya-aliyeva-maty-vykradenogo-ervina-ibragimova\/#primaryimage"},"thumbnailUrl":"https:\/\/qtmm.org\/wp-content\/uploads\/2026\/03\/aliyeva.jpg","datePublished":"2026-03-07T08:27:08+00:00","dateModified":"2026-03-27T10:47:16+00:00","description":"Ba\u011f\u00e7asarayda uzun s\u00fcrgen hastal\u0131qtan so\u00f1 qa\u00e7\u0131r\u0131l\u011fan q\u0131r\u0131mtatar faalcisi Ervin \u0130bragimovn\u0131\u00f1 anas\u0131 Leyl\u00e2 Aliyeva vefat etti.","breadcrumb":{"@id":"https:\/\/qtmm.org\/qt\/pislya-tryvaloyi-hvoroby-pishla-z-zhyttya-lejlya-aliyeva-maty-vykradenogo-ervina-ibragimova\/#breadcrumb"},"inLanguage":"qt","potentialAction":[{"@type":"ReadAction","target":["https:\/\/qtmm.org\/qt\/pislya-tryvaloyi-hvoroby-pishla-z-zhyttya-lejlya-aliyeva-maty-vykradenogo-ervina-ibragimova\/"]}]},{"@type":"ImageObject","inLanguage":"qt","@id":"https:\/\/qtmm.org\/qt\/pislya-tryvaloyi-hvoroby-pishla-z-zhyttya-lejlya-aliyeva-maty-vykradenogo-ervina-ibragimova\/#primaryimage","url":"https:\/\/qtmm.org\/wp-content\/uploads\/2026\/03\/aliyeva.jpg","contentUrl":"https:\/\/qtmm.org\/wp-content\/uploads\/2026\/03\/aliyeva.jpg","width":1920,"height":1080},{"@type":"BreadcrumbList","@id":"https:\/\/qtmm.org\/qt\/pislya-tryvaloyi-hvoroby-pishla-z-zhyttya-lejlya-aliyeva-maty-vykradenogo-ervina-ibragimova\/#breadcrumb","itemListElement":[{"@type":"ListItem","position":1,"name":"\u0413\u043e\u043b\u043e\u0432\u043d\u0430","item":"https:\/\/qtmm.org\/qt\/"},{"@type":"ListItem","position":2,"name":"Devaml\u0131 hastal\u0131qtan so\u00f1 h\u0131rs\u0131zlan\u011fan Ervin \u0130bragimovn\u0131\u00f1 anas\u0131 Leyl\u00e2 Aliyeva vefat etti"}]},{"@type":"WebSite","@id":"https:\/\/qtmm.org\/qt\/#website","url":"https:\/\/qtmm.org\/qt\/","name":"\u041c\u0435\u0434\u0436\u043b\u0456\u0441","description":"","publisher":{"@id":"https:\/\/qtmm.org\/qt\/#organization"},"potentialAction":[{"@type":"SearchAction","target":{"@type":"EntryPoint","urlTemplate":"https:\/\/qtmm.org\/qt\/?s={search_term_string}"},"query-input":{"@type":"PropertyValueSpecification","valueRequired":true,"valueName":"search_term_string"}}],"inLanguage":"qt"},{"@type":"Organization","@id":"https:\/\/qtmm.org\/qt\/#organization","name":"\u041c\u0435\u0434\u0436\u043b\u0456\u0441","url":"https:\/\/qtmm.org\/qt\/","logo":{"@type":"ImageObject","inLanguage":"qt","@id":"https:\/\/qtmm.org\/qt\/#\/schema\/logo\/image\/","url":"https:\/\/qtmm.org\/wp-content\/uploads\/2024\/12\/ua-mejlis-logo-rgb.svg","contentUrl":"https:\/\/qtmm.org\/wp-content\/uploads\/2024\/12\/ua-mejlis-logo-rgb.svg","caption":"\u041c\u0435\u0434\u0436\u043b\u0456\u0441"},"image":{"@id":"https:\/\/qtmm.org\/qt\/#\/schema\/logo\/image\/"},"sameAs":["https:\/\/www.facebook.com\/qtmm.info\/"]},{"@type":"Person","@id":"https:\/\/qtmm.org\/qt\/#\/schema\/person\/961a79ddce3f674d41d4aabf45de486b","name":"Umerova Aishe","image":{"@type":"ImageObject","inLanguage":"qt","@id":"https:\/\/secure.gravatar.com\/avatar\/4f0a62f3f36fc2f60bbf771d5f06f982ca5c51bbaadd7cbce3db1397962a559d?s=96&d=mm&r=g","url":"https:\/\/secure.gravatar.com\/avatar\/4f0a62f3f36fc2f60bbf771d5f06f982ca5c51bbaadd7cbce3db1397962a559d?s=96&d=mm&r=g","contentUrl":"https:\/\/secure.gravatar.com\/avatar\/4f0a62f3f36fc2f60bbf771d5f06f982ca5c51bbaadd7cbce3db1397962a559d?s=96&d=mm&r=g","caption":"Umerova Aishe"},"url":"https:\/\/qtmm.org\/qt\/author\/aishe-umerova\/"}]}},"_links":{"self":[{"href":"https:\/\/qtmm.org\/qt\/wp-json\/wp\/v2\/posts\/91870","targetHints":{"allow":["GET"]}}],"collection":[{"href":"https:\/\/qtmm.org\/qt\/wp-json\/wp\/v2\/posts"}],"about":[{"href":"https:\/\/qtmm.org\/qt\/wp-json\/wp\/v2\/types\/post"}],"author":[{"embeddable":true,"href":"https:\/\/qtmm.org\/qt\/wp-json\/wp\/v2\/users\/8"}],"replies":[{"embeddable":true,"href":"https:\/\/qtmm.org\/qt\/wp-json\/wp\/v2\/comments?post=91870"}],"version-history":[{"count":2,"href":"https:\/\/qtmm.org\/qt\/wp-json\/wp\/v2\/posts\/91870\/revisions"}],"predecessor-version":[{"id":91886,"href":"https:\/\/qtmm.org\/qt\/wp-json\/wp\/v2\/posts\/91870\/revisions\/91886"}],"wp:featuredmedia":[{"embeddable":true,"href":"https:\/\/qtmm.org\/qt\/wp-json\/wp\/v2\/media\/91881"}],"wp:attachment":[{"href":"https:\/\/qtmm.org\/qt\/wp-json\/wp\/v2\/media?parent=91870"}],"wp:term":[{"taxonomy":"category","embeddable":true,"href":"https:\/\/qtmm.org\/qt\/wp-json\/wp\/v2\/categories?post=91870"},{"taxonomy":"post_tag","embeddable":true,"href":"https:\/\/qtmm.org\/qt\/wp-json\/wp\/v2\/tags?post=91870"}],"curies":[{"name":"wp","href":"https:\/\/api.w.org\/{rel}","templated":true}]}}