




{"id":87238,"date":"2025-03-07T17:12:40","date_gmt":"2025-03-07T15:12:40","guid":{"rendered":"https:\/\/qtmm.org\/v-medzhlisi-krymskotatarskogo-narodu-provely-iftar-dlya-vykladachiv\/"},"modified":"2025-03-11T16:52:53","modified_gmt":"2025-03-11T14:52:53","slug":"v-medzhlisi-krymskotatarskogo-narodu-provely-iftar-dlya-vykladachiv","status":"publish","type":"post","link":"https:\/\/qtmm.org\/qt\/v-medzhlisi-krymskotatarskogo-narodu-provely-iftar-dlya-vykladachiv\/","title":{"rendered":"Q\u0131r\u0131mtatar Milliy Meclisinde ocalar i\u00e7\u00fcn iftar ol\u0131p ke\u00e7ti"},"content":{"rendered":"\n<p>Saban ay\u0131n\u0131\u00f1 6-nda K\u0131yivde Q\u0131r\u0131mtatar Milliy Meclisi ve &#8220;Q\u0131r\u0131m cebesi&#8221; birle\u015fken te\u015febb\u00fcsi taraf\u0131ndan te\u015fkil etilgen iftar ol\u0131p ke\u00e7ti. O\u00f1a aliy oquv yurtlar\u0131 ve &#8220;Birlik&#8221; q\u0131r\u0131mtatar litseyini\u00f1 ocalar\u0131 davet etildi.<\/p>\n\n\n\n<p>Te\u015fkil\u00e2t\u00e7\u0131larn\u0131\u00f1 qayd etkenlerine k\u00f6re, Q\u0131r\u0131mtatar \u00d6illiy Meclisini\u00f1 bazas\u0131nda k\u00fctleviy iftarlar Ramadan ay\u0131 devam\u0131nda, aftada bir qa\u00e7 kere, \u00e7e\u015fit faaliyet saalar\u0131n\u0131\u00f1 vekillerini davet etip, ke\u00e7irilmesi planla\u015ft\u0131r\u0131la.<\/p>\n\n\n\n<figure class=\"wp-block-gallery has-nested-images columns-default is-cropped wp-block-gallery-1 is-layout-flex wp-block-gallery-is-layout-flex\">\n<figure class=\"wp-block-image size-large\"><img loading=\"lazy\" decoding=\"async\" width=\"1024\" height=\"576\" data-id=\"87154\" src=\"https:\/\/qtmm.org\/wp-content\/uploads\/2025\/03\/1-1024x576.jpg\" alt=\"\" class=\"wp-image-87154\" srcset=\"https:\/\/qtmm.org\/wp-content\/uploads\/2025\/03\/1-1024x576.jpg 1024w, https:\/\/qtmm.org\/wp-content\/uploads\/2025\/03\/1-300x169.jpg 300w, https:\/\/qtmm.org\/wp-content\/uploads\/2025\/03\/1-768x432.jpg 768w, https:\/\/qtmm.org\/wp-content\/uploads\/2025\/03\/1-1536x864.jpg 1536w, https:\/\/qtmm.org\/wp-content\/uploads\/2025\/03\/1.jpg 1920w\" sizes=\"auto, (max-width: 1024px) 100vw, 1024px\" \/><\/figure>\n\n\n\n<figure class=\"wp-block-image size-large\"><img loading=\"lazy\" decoding=\"async\" width=\"1024\" height=\"576\" data-id=\"87158\" src=\"https:\/\/qtmm.org\/wp-content\/uploads\/2025\/03\/2-1024x576.jpg\" alt=\"\" class=\"wp-image-87158\" srcset=\"https:\/\/qtmm.org\/wp-content\/uploads\/2025\/03\/2-1024x576.jpg 1024w, https:\/\/qtmm.org\/wp-content\/uploads\/2025\/03\/2-300x169.jpg 300w, https:\/\/qtmm.org\/wp-content\/uploads\/2025\/03\/2-768x432.jpg 768w, https:\/\/qtmm.org\/wp-content\/uploads\/2025\/03\/2-1536x864.jpg 1536w, https:\/\/qtmm.org\/wp-content\/uploads\/2025\/03\/2.jpg 1920w\" sizes=\"auto, (max-width: 1024px) 100vw, 1024px\" \/><\/figure>\n\n\n\n<figure class=\"wp-block-image size-large\"><img loading=\"lazy\" decoding=\"async\" width=\"1024\" height=\"576\" data-id=\"87162\" src=\"https:\/\/qtmm.org\/wp-content\/uploads\/2025\/03\/3-1024x576.jpg\" alt=\"\" class=\"wp-image-87162\" srcset=\"https:\/\/qtmm.org\/wp-content\/uploads\/2025\/03\/3-1024x576.jpg 1024w, https:\/\/qtmm.org\/wp-content\/uploads\/2025\/03\/3-300x169.jpg 300w, https:\/\/qtmm.org\/wp-content\/uploads\/2025\/03\/3-768x432.jpg 768w, https:\/\/qtmm.org\/wp-content\/uploads\/2025\/03\/3-1536x864.jpg 1536w, https:\/\/qtmm.org\/wp-content\/uploads\/2025\/03\/3.jpg 1920w\" sizes=\"auto, (max-width: 1024px) 100vw, 1024px\" \/><\/figure>\n<\/figure>\n","protected":false},"excerpt":{"rendered":"<p>Saban ay\u0131n\u0131\u00f1 6-nda K\u0131yivde Q\u0131r\u0131mtatar Milliy Meclisi ve &#8220;Q\u0131r\u0131m cebesi&#8221; birle\u015fken te\u015febb\u00fcsi taraf\u0131ndan te\u015fkil etilgen iftar ol\u0131p ke\u00e7ti. O\u00f1a aliy oquv yurtlar\u0131 ve &#8220;Birlik&#8221; q\u0131r\u0131mtatar litseyini\u00f1 ocalar\u0131 davet etildi. Te\u015fkil\u00e2t\u00e7\u0131larn\u0131\u00f1 qayd etkenlerine k\u00f6re, Q\u0131r\u0131mtatar \u00d6illiy Meclisini\u00f1 bazas\u0131nda k\u00fctleviy iftarlar Ramadan ay\u0131 devam\u0131nda, aftada bir qa\u00e7 kere, \u00e7e\u015fit faaliyet saalar\u0131n\u0131\u00f1 vekillerini davet etip, ke\u00e7irilmesi planla\u015ft\u0131r\u0131la.<\/p>\n","protected":false},"author":8,"featured_media":87112,"comment_status":"closed","ping_status":"closed","sticky":false,"template":"","format":"standard","meta":{"inline_featured_image":false,"footnotes":""},"categories":[265],"tags":[],"class_list":["post-87238","post","type-post","status-publish","format-standard","has-post-thumbnail","hentry","category-haberler"],"acf":[],"yoast_head":"<!-- This site is optimized with the Yoast SEO plugin v27.4 - https:\/\/yoast.com\/product\/yoast-seo-wordpress\/ -->\n<title>Q\u0131r\u0131mtatar Milliy Meclisinde ocalar i\u00e7\u00fcn iftar ol\u0131p ke\u00e7ti - Meclis<\/title>\n<meta name=\"description\" content=\"Saban ay\u0131n\u0131\u00f1 6-nda K\u0131yivde Q\u0131r\u0131mtatar Milliy Meclisi ve &quot;Q\u0131r\u0131m cebesi&quot; birle\u015fken te\u015febb\u00fcsi taraf\u0131ndan te\u015fkil etilgen iftar ol\u0131p ke\u00e7ti. O\u00f1a aliy oquv yurtlar\u0131 ve &quot;Birlik&quot; q\u0131r\u0131mtatar litseyini\u00f1 ocalar\u0131 davet etildi.\" \/>\n<meta name=\"robots\" content=\"index, follow, max-snippet:-1, max-image-preview:large, max-video-preview:-1\" \/>\n<link rel=\"canonical\" href=\"https:\/\/qtmm.org\/qt\/v-medzhlisi-krymskotatarskogo-narodu-provely-iftar-dlya-vykladachiv\/\" \/>\n<meta property=\"og:locale\" content=\"en_US\" \/>\n<meta property=\"og:type\" content=\"article\" \/>\n<meta property=\"og:title\" content=\"Q\u0131r\u0131mtatar Milliy Meclisinde ocalar i\u00e7\u00fcn iftar ol\u0131p ke\u00e7ti - Meclis\" \/>\n<meta property=\"og:description\" content=\"Saban ay\u0131n\u0131\u00f1 6-nda K\u0131yivde Q\u0131r\u0131mtatar Milliy Meclisi ve &quot;Q\u0131r\u0131m cebesi&quot; birle\u015fken te\u015febb\u00fcsi taraf\u0131ndan te\u015fkil etilgen iftar ol\u0131p ke\u00e7ti. O\u00f1a aliy oquv yurtlar\u0131 ve &quot;Birlik&quot; q\u0131r\u0131mtatar litseyini\u00f1 ocalar\u0131 davet etildi.\" \/>\n<meta property=\"og:url\" content=\"https:\/\/qtmm.org\/qt\/v-medzhlisi-krymskotatarskogo-narodu-provely-iftar-dlya-vykladachiv\/\" \/>\n<meta property=\"og:site_name\" content=\"\u041c\u0435\u0434\u0436\u043b\u0456\u0441\" \/>\n<meta property=\"article:publisher\" content=\"https:\/\/www.facebook.com\/qtmm.info\/\" \/>\n<meta property=\"article:published_time\" content=\"2025-03-07T15:12:40+00:00\" \/>\n<meta property=\"article:modified_time\" content=\"2025-03-11T14:52:53+00:00\" \/>\n<meta property=\"og:image\" content=\"https:\/\/qtmm.org\/wp-content\/uploads\/2025\/03\/iftar.jpg\" \/>\n\t<meta property=\"og:image:width\" content=\"1920\" \/>\n\t<meta property=\"og:image:height\" content=\"1080\" \/>\n\t<meta property=\"og:image:type\" content=\"image\/jpeg\" \/>\n<meta name=\"author\" content=\"Umerova Aishe\" \/>\n<meta name=\"twitter:card\" content=\"summary_large_image\" \/>\n<meta name=\"twitter:label1\" content=\"Written by\" \/>\n\t<meta name=\"twitter:data1\" content=\"Umerova Aishe\" \/>\n\t<meta name=\"twitter:label2\" content=\"Est. reading time\" \/>\n\t<meta name=\"twitter:data2\" content=\"2 minutes\" \/>\n<script type=\"application\/ld+json\" class=\"yoast-schema-graph\">{\"@context\":\"https:\\\/\\\/schema.org\",\"@graph\":[{\"@type\":\"Article\",\"@id\":\"https:\\\/\\\/qtmm.org\\\/qt\\\/v-medzhlisi-krymskotatarskogo-narodu-provely-iftar-dlya-vykladachiv\\\/#article\",\"isPartOf\":{\"@id\":\"https:\\\/\\\/qtmm.org\\\/qt\\\/v-medzhlisi-krymskotatarskogo-narodu-provely-iftar-dlya-vykladachiv\\\/\"},\"author\":{\"name\":\"Umerova Aishe\",\"@id\":\"https:\\\/\\\/qtmm.org\\\/qt\\\/#\\\/schema\\\/person\\\/961a79ddce3f674d41d4aabf45de486b\"},\"headline\":\"Q\u0131r\u0131mtatar Milliy Meclisinde ocalar i\u00e7\u00fcn iftar ol\u0131p ke\u00e7ti\",\"datePublished\":\"2025-03-07T15:12:40+00:00\",\"dateModified\":\"2025-03-11T14:52:53+00:00\",\"mainEntityOfPage\":{\"@id\":\"https:\\\/\\\/qtmm.org\\\/qt\\\/v-medzhlisi-krymskotatarskogo-narodu-provely-iftar-dlya-vykladachiv\\\/\"},\"wordCount\":98,\"publisher\":{\"@id\":\"https:\\\/\\\/qtmm.org\\\/qt\\\/#organization\"},\"image\":{\"@id\":\"https:\\\/\\\/qtmm.org\\\/qt\\\/v-medzhlisi-krymskotatarskogo-narodu-provely-iftar-dlya-vykladachiv\\\/#primaryimage\"},\"thumbnailUrl\":\"https:\\\/\\\/qtmm.org\\\/wp-content\\\/uploads\\\/2025\\\/03\\\/iftar.jpg\",\"articleSection\":[\"Haberler\"],\"inLanguage\":\"qt\"},{\"@type\":\"WebPage\",\"@id\":\"https:\\\/\\\/qtmm.org\\\/qt\\\/v-medzhlisi-krymskotatarskogo-narodu-provely-iftar-dlya-vykladachiv\\\/\",\"url\":\"https:\\\/\\\/qtmm.org\\\/qt\\\/v-medzhlisi-krymskotatarskogo-narodu-provely-iftar-dlya-vykladachiv\\\/\",\"name\":\"Q\u0131r\u0131mtatar Milliy Meclisinde ocalar i\u00e7\u00fcn iftar ol\u0131p ke\u00e7ti - Meclis\",\"isPartOf\":{\"@id\":\"https:\\\/\\\/qtmm.org\\\/qt\\\/#website\"},\"primaryImageOfPage\":{\"@id\":\"https:\\\/\\\/qtmm.org\\\/qt\\\/v-medzhlisi-krymskotatarskogo-narodu-provely-iftar-dlya-vykladachiv\\\/#primaryimage\"},\"image\":{\"@id\":\"https:\\\/\\\/qtmm.org\\\/qt\\\/v-medzhlisi-krymskotatarskogo-narodu-provely-iftar-dlya-vykladachiv\\\/#primaryimage\"},\"thumbnailUrl\":\"https:\\\/\\\/qtmm.org\\\/wp-content\\\/uploads\\\/2025\\\/03\\\/iftar.jpg\",\"datePublished\":\"2025-03-07T15:12:40+00:00\",\"dateModified\":\"2025-03-11T14:52:53+00:00\",\"description\":\"Saban ay\u0131n\u0131\u00f1 6-nda K\u0131yivde Q\u0131r\u0131mtatar Milliy Meclisi ve \\\"Q\u0131r\u0131m cebesi\\\" birle\u015fken te\u015febb\u00fcsi taraf\u0131ndan te\u015fkil etilgen iftar ol\u0131p ke\u00e7ti. O\u00f1a aliy oquv yurtlar\u0131 ve \\\"Birlik\\\" q\u0131r\u0131mtatar litseyini\u00f1 ocalar\u0131 davet etildi.\",\"breadcrumb\":{\"@id\":\"https:\\\/\\\/qtmm.org\\\/qt\\\/v-medzhlisi-krymskotatarskogo-narodu-provely-iftar-dlya-vykladachiv\\\/#breadcrumb\"},\"inLanguage\":\"qt\",\"potentialAction\":[{\"@type\":\"ReadAction\",\"target\":[\"https:\\\/\\\/qtmm.org\\\/qt\\\/v-medzhlisi-krymskotatarskogo-narodu-provely-iftar-dlya-vykladachiv\\\/\"]}]},{\"@type\":\"ImageObject\",\"inLanguage\":\"qt\",\"@id\":\"https:\\\/\\\/qtmm.org\\\/qt\\\/v-medzhlisi-krymskotatarskogo-narodu-provely-iftar-dlya-vykladachiv\\\/#primaryimage\",\"url\":\"https:\\\/\\\/qtmm.org\\\/wp-content\\\/uploads\\\/2025\\\/03\\\/iftar.jpg\",\"contentUrl\":\"https:\\\/\\\/qtmm.org\\\/wp-content\\\/uploads\\\/2025\\\/03\\\/iftar.jpg\",\"width\":1920,\"height\":1080},{\"@type\":\"BreadcrumbList\",\"@id\":\"https:\\\/\\\/qtmm.org\\\/qt\\\/v-medzhlisi-krymskotatarskogo-narodu-provely-iftar-dlya-vykladachiv\\\/#breadcrumb\",\"itemListElement\":[{\"@type\":\"ListItem\",\"position\":1,\"name\":\"\u0413\u043e\u043b\u043e\u0432\u043d\u0430\",\"item\":\"https:\\\/\\\/qtmm.org\\\/qt\\\/\"},{\"@type\":\"ListItem\",\"position\":2,\"name\":\"Q\u0131r\u0131mtatar Milliy Meclisinde ocalar i\u00e7\u00fcn iftar ol\u0131p ke\u00e7ti\"}]},{\"@type\":\"WebSite\",\"@id\":\"https:\\\/\\\/qtmm.org\\\/qt\\\/#website\",\"url\":\"https:\\\/\\\/qtmm.org\\\/qt\\\/\",\"name\":\"\u041c\u0435\u0434\u0436\u043b\u0456\u0441\",\"description\":\"\",\"publisher\":{\"@id\":\"https:\\\/\\\/qtmm.org\\\/qt\\\/#organization\"},\"potentialAction\":[{\"@type\":\"SearchAction\",\"target\":{\"@type\":\"EntryPoint\",\"urlTemplate\":\"https:\\\/\\\/qtmm.org\\\/qt\\\/?s={search_term_string}\"},\"query-input\":{\"@type\":\"PropertyValueSpecification\",\"valueRequired\":true,\"valueName\":\"search_term_string\"}}],\"inLanguage\":\"qt\"},{\"@type\":\"Organization\",\"@id\":\"https:\\\/\\\/qtmm.org\\\/qt\\\/#organization\",\"name\":\"\u041c\u0435\u0434\u0436\u043b\u0456\u0441\",\"url\":\"https:\\\/\\\/qtmm.org\\\/qt\\\/\",\"logo\":{\"@type\":\"ImageObject\",\"inLanguage\":\"qt\",\"@id\":\"https:\\\/\\\/qtmm.org\\\/qt\\\/#\\\/schema\\\/logo\\\/image\\\/\",\"url\":\"https:\\\/\\\/qtmm.org\\\/wp-content\\\/uploads\\\/2024\\\/12\\\/ua-mejlis-logo-rgb.svg\",\"contentUrl\":\"https:\\\/\\\/qtmm.org\\\/wp-content\\\/uploads\\\/2024\\\/12\\\/ua-mejlis-logo-rgb.svg\",\"caption\":\"\u041c\u0435\u0434\u0436\u043b\u0456\u0441\"},\"image\":{\"@id\":\"https:\\\/\\\/qtmm.org\\\/qt\\\/#\\\/schema\\\/logo\\\/image\\\/\"},\"sameAs\":[\"https:\\\/\\\/www.facebook.com\\\/qtmm.info\\\/\"]},{\"@type\":\"Person\",\"@id\":\"https:\\\/\\\/qtmm.org\\\/qt\\\/#\\\/schema\\\/person\\\/961a79ddce3f674d41d4aabf45de486b\",\"name\":\"Umerova Aishe\",\"image\":{\"@type\":\"ImageObject\",\"inLanguage\":\"qt\",\"@id\":\"https:\\\/\\\/secure.gravatar.com\\\/avatar\\\/4f0a62f3f36fc2f60bbf771d5f06f982ca5c51bbaadd7cbce3db1397962a559d?s=96&d=mm&r=g\",\"url\":\"https:\\\/\\\/secure.gravatar.com\\\/avatar\\\/4f0a62f3f36fc2f60bbf771d5f06f982ca5c51bbaadd7cbce3db1397962a559d?s=96&d=mm&r=g\",\"contentUrl\":\"https:\\\/\\\/secure.gravatar.com\\\/avatar\\\/4f0a62f3f36fc2f60bbf771d5f06f982ca5c51bbaadd7cbce3db1397962a559d?s=96&d=mm&r=g\",\"caption\":\"Umerova Aishe\"},\"url\":\"https:\\\/\\\/qtmm.org\\\/qt\\\/author\\\/aishe-umerova\\\/\"}]}<\/script>\n<!-- \/ Yoast SEO plugin. -->","yoast_head_json":{"title":"Q\u0131r\u0131mtatar Milliy Meclisinde ocalar i\u00e7\u00fcn iftar ol\u0131p ke\u00e7ti - Meclis","description":"Saban ay\u0131n\u0131\u00f1 6-nda K\u0131yivde Q\u0131r\u0131mtatar Milliy Meclisi ve \"Q\u0131r\u0131m cebesi\" birle\u015fken te\u015febb\u00fcsi taraf\u0131ndan te\u015fkil etilgen iftar ol\u0131p ke\u00e7ti. O\u00f1a aliy oquv yurtlar\u0131 ve \"Birlik\" q\u0131r\u0131mtatar litseyini\u00f1 ocalar\u0131 davet etildi.","robots":{"index":"index","follow":"follow","max-snippet":"max-snippet:-1","max-image-preview":"max-image-preview:large","max-video-preview":"max-video-preview:-1"},"canonical":"https:\/\/qtmm.org\/qt\/v-medzhlisi-krymskotatarskogo-narodu-provely-iftar-dlya-vykladachiv\/","og_locale":"en_US","og_type":"article","og_title":"Q\u0131r\u0131mtatar Milliy Meclisinde ocalar i\u00e7\u00fcn iftar ol\u0131p ke\u00e7ti - Meclis","og_description":"Saban ay\u0131n\u0131\u00f1 6-nda K\u0131yivde Q\u0131r\u0131mtatar Milliy Meclisi ve \"Q\u0131r\u0131m cebesi\" birle\u015fken te\u015febb\u00fcsi taraf\u0131ndan te\u015fkil etilgen iftar ol\u0131p ke\u00e7ti. O\u00f1a aliy oquv yurtlar\u0131 ve \"Birlik\" q\u0131r\u0131mtatar litseyini\u00f1 ocalar\u0131 davet etildi.","og_url":"https:\/\/qtmm.org\/qt\/v-medzhlisi-krymskotatarskogo-narodu-provely-iftar-dlya-vykladachiv\/","og_site_name":"\u041c\u0435\u0434\u0436\u043b\u0456\u0441","article_publisher":"https:\/\/www.facebook.com\/qtmm.info\/","article_published_time":"2025-03-07T15:12:40+00:00","article_modified_time":"2025-03-11T14:52:53+00:00","og_image":[{"width":1920,"height":1080,"url":"https:\/\/qtmm.org\/wp-content\/uploads\/2025\/03\/iftar.jpg","type":"image\/jpeg"}],"author":"Umerova Aishe","twitter_card":"summary_large_image","twitter_misc":{"Written by":"Umerova Aishe","Est. reading time":"2 minutes"},"schema":{"@context":"https:\/\/schema.org","@graph":[{"@type":"Article","@id":"https:\/\/qtmm.org\/qt\/v-medzhlisi-krymskotatarskogo-narodu-provely-iftar-dlya-vykladachiv\/#article","isPartOf":{"@id":"https:\/\/qtmm.org\/qt\/v-medzhlisi-krymskotatarskogo-narodu-provely-iftar-dlya-vykladachiv\/"},"author":{"name":"Umerova Aishe","@id":"https:\/\/qtmm.org\/qt\/#\/schema\/person\/961a79ddce3f674d41d4aabf45de486b"},"headline":"Q\u0131r\u0131mtatar Milliy Meclisinde ocalar i\u00e7\u00fcn iftar ol\u0131p ke\u00e7ti","datePublished":"2025-03-07T15:12:40+00:00","dateModified":"2025-03-11T14:52:53+00:00","mainEntityOfPage":{"@id":"https:\/\/qtmm.org\/qt\/v-medzhlisi-krymskotatarskogo-narodu-provely-iftar-dlya-vykladachiv\/"},"wordCount":98,"publisher":{"@id":"https:\/\/qtmm.org\/qt\/#organization"},"image":{"@id":"https:\/\/qtmm.org\/qt\/v-medzhlisi-krymskotatarskogo-narodu-provely-iftar-dlya-vykladachiv\/#primaryimage"},"thumbnailUrl":"https:\/\/qtmm.org\/wp-content\/uploads\/2025\/03\/iftar.jpg","articleSection":["Haberler"],"inLanguage":"qt"},{"@type":"WebPage","@id":"https:\/\/qtmm.org\/qt\/v-medzhlisi-krymskotatarskogo-narodu-provely-iftar-dlya-vykladachiv\/","url":"https:\/\/qtmm.org\/qt\/v-medzhlisi-krymskotatarskogo-narodu-provely-iftar-dlya-vykladachiv\/","name":"Q\u0131r\u0131mtatar Milliy Meclisinde ocalar i\u00e7\u00fcn iftar ol\u0131p ke\u00e7ti - Meclis","isPartOf":{"@id":"https:\/\/qtmm.org\/qt\/#website"},"primaryImageOfPage":{"@id":"https:\/\/qtmm.org\/qt\/v-medzhlisi-krymskotatarskogo-narodu-provely-iftar-dlya-vykladachiv\/#primaryimage"},"image":{"@id":"https:\/\/qtmm.org\/qt\/v-medzhlisi-krymskotatarskogo-narodu-provely-iftar-dlya-vykladachiv\/#primaryimage"},"thumbnailUrl":"https:\/\/qtmm.org\/wp-content\/uploads\/2025\/03\/iftar.jpg","datePublished":"2025-03-07T15:12:40+00:00","dateModified":"2025-03-11T14:52:53+00:00","description":"Saban ay\u0131n\u0131\u00f1 6-nda K\u0131yivde Q\u0131r\u0131mtatar Milliy Meclisi ve \"Q\u0131r\u0131m cebesi\" birle\u015fken te\u015febb\u00fcsi taraf\u0131ndan te\u015fkil etilgen iftar ol\u0131p ke\u00e7ti. O\u00f1a aliy oquv yurtlar\u0131 ve \"Birlik\" q\u0131r\u0131mtatar litseyini\u00f1 ocalar\u0131 davet etildi.","breadcrumb":{"@id":"https:\/\/qtmm.org\/qt\/v-medzhlisi-krymskotatarskogo-narodu-provely-iftar-dlya-vykladachiv\/#breadcrumb"},"inLanguage":"qt","potentialAction":[{"@type":"ReadAction","target":["https:\/\/qtmm.org\/qt\/v-medzhlisi-krymskotatarskogo-narodu-provely-iftar-dlya-vykladachiv\/"]}]},{"@type":"ImageObject","inLanguage":"qt","@id":"https:\/\/qtmm.org\/qt\/v-medzhlisi-krymskotatarskogo-narodu-provely-iftar-dlya-vykladachiv\/#primaryimage","url":"https:\/\/qtmm.org\/wp-content\/uploads\/2025\/03\/iftar.jpg","contentUrl":"https:\/\/qtmm.org\/wp-content\/uploads\/2025\/03\/iftar.jpg","width":1920,"height":1080},{"@type":"BreadcrumbList","@id":"https:\/\/qtmm.org\/qt\/v-medzhlisi-krymskotatarskogo-narodu-provely-iftar-dlya-vykladachiv\/#breadcrumb","itemListElement":[{"@type":"ListItem","position":1,"name":"\u0413\u043e\u043b\u043e\u0432\u043d\u0430","item":"https:\/\/qtmm.org\/qt\/"},{"@type":"ListItem","position":2,"name":"Q\u0131r\u0131mtatar Milliy Meclisinde ocalar i\u00e7\u00fcn iftar ol\u0131p ke\u00e7ti"}]},{"@type":"WebSite","@id":"https:\/\/qtmm.org\/qt\/#website","url":"https:\/\/qtmm.org\/qt\/","name":"\u041c\u0435\u0434\u0436\u043b\u0456\u0441","description":"","publisher":{"@id":"https:\/\/qtmm.org\/qt\/#organization"},"potentialAction":[{"@type":"SearchAction","target":{"@type":"EntryPoint","urlTemplate":"https:\/\/qtmm.org\/qt\/?s={search_term_string}"},"query-input":{"@type":"PropertyValueSpecification","valueRequired":true,"valueName":"search_term_string"}}],"inLanguage":"qt"},{"@type":"Organization","@id":"https:\/\/qtmm.org\/qt\/#organization","name":"\u041c\u0435\u0434\u0436\u043b\u0456\u0441","url":"https:\/\/qtmm.org\/qt\/","logo":{"@type":"ImageObject","inLanguage":"qt","@id":"https:\/\/qtmm.org\/qt\/#\/schema\/logo\/image\/","url":"https:\/\/qtmm.org\/wp-content\/uploads\/2024\/12\/ua-mejlis-logo-rgb.svg","contentUrl":"https:\/\/qtmm.org\/wp-content\/uploads\/2024\/12\/ua-mejlis-logo-rgb.svg","caption":"\u041c\u0435\u0434\u0436\u043b\u0456\u0441"},"image":{"@id":"https:\/\/qtmm.org\/qt\/#\/schema\/logo\/image\/"},"sameAs":["https:\/\/www.facebook.com\/qtmm.info\/"]},{"@type":"Person","@id":"https:\/\/qtmm.org\/qt\/#\/schema\/person\/961a79ddce3f674d41d4aabf45de486b","name":"Umerova Aishe","image":{"@type":"ImageObject","inLanguage":"qt","@id":"https:\/\/secure.gravatar.com\/avatar\/4f0a62f3f36fc2f60bbf771d5f06f982ca5c51bbaadd7cbce3db1397962a559d?s=96&d=mm&r=g","url":"https:\/\/secure.gravatar.com\/avatar\/4f0a62f3f36fc2f60bbf771d5f06f982ca5c51bbaadd7cbce3db1397962a559d?s=96&d=mm&r=g","contentUrl":"https:\/\/secure.gravatar.com\/avatar\/4f0a62f3f36fc2f60bbf771d5f06f982ca5c51bbaadd7cbce3db1397962a559d?s=96&d=mm&r=g","caption":"Umerova Aishe"},"url":"https:\/\/qtmm.org\/qt\/author\/aishe-umerova\/"}]}},"_links":{"self":[{"href":"https:\/\/qtmm.org\/qt\/wp-json\/wp\/v2\/posts\/87238","targetHints":{"allow":["GET"]}}],"collection":[{"href":"https:\/\/qtmm.org\/qt\/wp-json\/wp\/v2\/posts"}],"about":[{"href":"https:\/\/qtmm.org\/qt\/wp-json\/wp\/v2\/types\/post"}],"author":[{"embeddable":true,"href":"https:\/\/qtmm.org\/qt\/wp-json\/wp\/v2\/users\/8"}],"replies":[{"embeddable":true,"href":"https:\/\/qtmm.org\/qt\/wp-json\/wp\/v2\/comments?post=87238"}],"version-history":[{"count":1,"href":"https:\/\/qtmm.org\/qt\/wp-json\/wp\/v2\/posts\/87238\/revisions"}],"predecessor-version":[{"id":87239,"href":"https:\/\/qtmm.org\/qt\/wp-json\/wp\/v2\/posts\/87238\/revisions\/87239"}],"wp:featuredmedia":[{"embeddable":true,"href":"https:\/\/qtmm.org\/qt\/wp-json\/wp\/v2\/media\/87112"}],"wp:attachment":[{"href":"https:\/\/qtmm.org\/qt\/wp-json\/wp\/v2\/media?parent=87238"}],"wp:term":[{"taxonomy":"category","embeddable":true,"href":"https:\/\/qtmm.org\/qt\/wp-json\/wp\/v2\/categories?post=87238"},{"taxonomy":"post_tag","embeddable":true,"href":"https:\/\/qtmm.org\/qt\/wp-json\/wp\/v2\/tags?post=87238"}],"curies":[{"name":"wp","href":"https:\/\/api.w.org\/{rel}","templated":true}]}}