




{"id":83972,"date":"2024-07-24T15:47:00","date_gmt":"2024-07-24T12:47:00","guid":{"rendered":"https:\/\/qtmm.org\/?p=83972"},"modified":"2024-07-26T14:03:49","modified_gmt":"2024-07-26T11:03:49","slug":"siyasiy-mabus-seyran-saliyevni-sizoga-yanidan-yolladilar","status":"publish","type":"post","link":"https:\/\/qtmm.org\/qt\/siyasiy-mabus-seyran-saliyevni-sizoga-yanidan-yolladilar\/","title":{"rendered":"Siyasiy mab\u00fcs Seyran Saliyevni \u015e\u0130ZO\u011fa ya\u00f1\u0131dan yollad\u0131lar"},"content":{"rendered":"\n<p>&#8220;Hizb ut-Tahrir davas\u0131&#8221;n\u0131\u00f1 Ba\u011f\u00e7asarayn\u0131\u00f1 ekinci gruppas\u0131n\u0131\u00f1 mab\u00fcsi, vatanda\u015f jurnalisti Seyran Saliyev kene daa sert ceza \u015fartlar\u0131na yollan\u0131ld\u0131. <a href=\"https:\/\/t.me\/zmina_ua\/14170\">ZMINA uquq qor\u00e7alay\u0131c\u0131 merkezi<\/a> bun\u0131 bildirdi.<\/p>\n\n\n\n<p>Bu seneni\u00f1 ba\u015f\u0131ndan berli adamn\u0131 bir qa\u00e7 kere ceza izol\u00e2tor\u0131na (\u015e\u0130ZO) yollay ediler. Er seferinde &#8220;urba \u015feklini boz\u011fan\u0131&#8221; i\u00e7\u00fcn 15 k\u00fcn apis cezas\u0131n\u0131 \u00e7eke edi. Bir qa\u00e7 sefer \u015e\u0130ZO\u011fa yollan\u011fan adam m\u00fcstemlekede &#8220;a\u011f\u0131r cinayet\u00e7i&#8221; olaraq tan\u0131la.<\/p>\n\n\n\n<p>Uquq qor\u00e7alay\u0131c\u0131, Kreml mab\u00fcsini\u00f1 apay\u0131 M\u00fcmine Saliyevan\u0131\u00f1 aytqan\u0131na k\u00f6re, sert \u015faraitte tutul\u011fan insann\u0131\u00f1 tuv\u011fanlar\u0131nen ba\u011flar\u0131 eksiltile. \u015eimdi aileni\u00f1 telefonlar\u0131n\u0131 a\u00e7maq i\u00e7\u00fcn, aqay ya\u00f1\u0131 arizalarn\u0131 yazmal\u0131 ve m\u00fcstemlekeni\u00f1 memuriyetini\u00f1 raz\u0131l\u0131\u011f\u0131n\u0131 beklemeli. Bundan da \u011fayr\u0131, o\u00f1a endi senede \u00fc\u00e7 degil de, eki sefer k\u00f6r\u00fc\u015fmege ruhset berile.<\/p>\n\n\n\n<p>2017 senesi orta k\u00fcz ay\u0131nda Rusiye quvet\u00e7ileri Ba\u011f\u00e7asarayn\u0131\u00f1 alt\u0131 sakinini tutt\u0131lar. Bular Timur \u0130bragimov, Marlen Asanov, Memet Bel\u00e2lov, Seyran Saliyev, Server Zekiryayev ve Ernes Ametov ediler.<\/p>\n","protected":false},"excerpt":{"rendered":"<p>&#8220;Hizb ut-Tahrir davas\u0131&#8221;n\u0131\u00f1 Ba\u011f\u00e7asarayn\u0131\u00f1 ekinci gruppas\u0131n\u0131\u00f1 mab\u00fcsi, vatanda\u015f jurnalisti Seyran Saliyev kene daa sert ceza \u015fartlar\u0131na yollan\u0131ld\u0131. ZMINA uquq qor\u00e7alay\u0131c\u0131 merkezi bun\u0131 bildirdi. Bu seneni\u00f1 ba\u015f\u0131ndan berli adamn\u0131 bir qa\u00e7 kere ceza izol\u00e2tor\u0131na (\u015e\u0130ZO) yollay ediler. Er seferinde &#8220;urba \u015feklini boz\u011fan\u0131&#8221; i\u00e7\u00fcn 15 k\u00fcn apis cezas\u0131n\u0131 \u00e7eke edi. Bir qa\u00e7 sefer \u015e\u0130ZO\u011fa yollan\u011fan adam m\u00fcstemlekede [&hellip;]<\/p>\n","protected":false},"author":6,"featured_media":83969,"comment_status":"open","ping_status":"open","sticky":false,"template":"","format":"standard","meta":{"inline_featured_image":false,"footnotes":""},"categories":[263,265],"tags":[],"class_list":["post-83972","post","type-post","status-publish","format-standard","has-post-thumbnail","hentry","category-basqilar-ve-taqipler","category-haberler"],"acf":[],"yoast_head":"<!-- This site is optimized with the Yoast SEO plugin v27.4 - https:\/\/yoast.com\/product\/yoast-seo-wordpress\/ -->\n<title>Siyasiy mab\u00fcs Seyran Saliyevni \u015e\u0130ZO\u011fa ya\u00f1\u0131dan yollad\u0131lar - \u041c\u0435\u0434\u0436\u043b\u0456\u0441<\/title>\n<meta name=\"robots\" content=\"index, follow, max-snippet:-1, max-image-preview:large, max-video-preview:-1\" \/>\n<link rel=\"canonical\" href=\"https:\/\/qtmm.org\/qt\/siyasiy-mabus-seyran-saliyevni-sizoga-yanidan-yolladilar\/\" \/>\n<meta property=\"og:locale\" content=\"en_US\" \/>\n<meta property=\"og:type\" content=\"article\" \/>\n<meta property=\"og:title\" content=\"Siyasiy mab\u00fcs Seyran Saliyevni \u015e\u0130ZO\u011fa ya\u00f1\u0131dan yollad\u0131lar - \u041c\u0435\u0434\u0436\u043b\u0456\u0441\" \/>\n<meta property=\"og:description\" content=\"&#8220;Hizb ut-Tahrir davas\u0131&#8221;n\u0131\u00f1 Ba\u011f\u00e7asarayn\u0131\u00f1 ekinci gruppas\u0131n\u0131\u00f1 mab\u00fcsi, vatanda\u015f jurnalisti Seyran Saliyev kene daa sert ceza \u015fartlar\u0131na yollan\u0131ld\u0131. ZMINA uquq qor\u00e7alay\u0131c\u0131 merkezi bun\u0131 bildirdi. Bu seneni\u00f1 ba\u015f\u0131ndan berli adamn\u0131 bir qa\u00e7 kere ceza izol\u00e2tor\u0131na (\u015e\u0130ZO) yollay ediler. Er seferinde &#8220;urba \u015feklini boz\u011fan\u0131&#8221; i\u00e7\u00fcn 15 k\u00fcn apis cezas\u0131n\u0131 \u00e7eke edi. Bir qa\u00e7 sefer \u015e\u0130ZO\u011fa yollan\u011fan adam m\u00fcstemlekede [&hellip;]\" \/>\n<meta property=\"og:url\" content=\"https:\/\/qtmm.org\/qt\/siyasiy-mabus-seyran-saliyevni-sizoga-yanidan-yolladilar\/\" \/>\n<meta property=\"og:site_name\" content=\"\u041c\u0435\u0434\u0436\u043b\u0456\u0441\" \/>\n<meta property=\"article:publisher\" content=\"https:\/\/www.facebook.com\/qtmm.info\/\" \/>\n<meta property=\"article:published_time\" content=\"2024-07-24T12:47:00+00:00\" \/>\n<meta property=\"article:modified_time\" content=\"2024-07-26T11:03:49+00:00\" \/>\n<meta property=\"og:image\" content=\"https:\/\/qtmm.org\/wp-content\/uploads\/2024\/07\/grazhdanskogo-zhurnalista-sejrana-salieva-etapirovali-v-koloniyu-tulskoj-oblasti-4628.jpg\" \/>\n\t<meta property=\"og:image:width\" content=\"800\" \/>\n\t<meta property=\"og:image:height\" content=\"450\" \/>\n\t<meta property=\"og:image:type\" content=\"image\/jpeg\" \/>\n<meta name=\"author\" content=\"milena\" \/>\n<meta name=\"twitter:card\" content=\"summary_large_image\" \/>\n<meta name=\"twitter:label1\" content=\"Written by\" \/>\n\t<meta name=\"twitter:data1\" content=\"milena\" \/>\n\t<meta name=\"twitter:label2\" content=\"Est. reading time\" \/>\n\t<meta name=\"twitter:data2\" content=\"1 minute\" \/>\n<script type=\"application\/ld+json\" class=\"yoast-schema-graph\">{\"@context\":\"https:\\\/\\\/schema.org\",\"@graph\":[{\"@type\":\"Article\",\"@id\":\"https:\\\/\\\/qtmm.org\\\/qt\\\/siyasiy-mabus-seyran-saliyevni-sizoga-yanidan-yolladilar\\\/#article\",\"isPartOf\":{\"@id\":\"https:\\\/\\\/qtmm.org\\\/qt\\\/siyasiy-mabus-seyran-saliyevni-sizoga-yanidan-yolladilar\\\/\"},\"author\":{\"name\":\"milena\",\"@id\":\"https:\\\/\\\/qtmm.org\\\/qt\\\/#\\\/schema\\\/person\\\/e19a16971e1d6077c60771108a0c2eb1\"},\"headline\":\"Siyasiy mab\u00fcs Seyran Saliyevni \u015e\u0130ZO\u011fa ya\u00f1\u0131dan yollad\u0131lar\",\"datePublished\":\"2024-07-24T12:47:00+00:00\",\"dateModified\":\"2024-07-26T11:03:49+00:00\",\"mainEntityOfPage\":{\"@id\":\"https:\\\/\\\/qtmm.org\\\/qt\\\/siyasiy-mabus-seyran-saliyevni-sizoga-yanidan-yolladilar\\\/\"},\"wordCount\":183,\"commentCount\":0,\"publisher\":{\"@id\":\"https:\\\/\\\/qtmm.org\\\/qt\\\/#organization\"},\"image\":{\"@id\":\"https:\\\/\\\/qtmm.org\\\/qt\\\/siyasiy-mabus-seyran-saliyevni-sizoga-yanidan-yolladilar\\\/#primaryimage\"},\"thumbnailUrl\":\"https:\\\/\\\/qtmm.org\\\/wp-content\\\/uploads\\\/2024\\\/07\\\/grazhdanskogo-zhurnalista-sejrana-salieva-etapirovali-v-koloniyu-tulskoj-oblasti-4628.jpg\",\"articleSection\":[\"Basq\u0131lar ve taqipler\",\"Haberler\"],\"inLanguage\":\"qt\",\"potentialAction\":[{\"@type\":\"CommentAction\",\"name\":\"Comment\",\"target\":[\"https:\\\/\\\/qtmm.org\\\/qt\\\/siyasiy-mabus-seyran-saliyevni-sizoga-yanidan-yolladilar\\\/#respond\"]}]},{\"@type\":\"WebPage\",\"@id\":\"https:\\\/\\\/qtmm.org\\\/qt\\\/siyasiy-mabus-seyran-saliyevni-sizoga-yanidan-yolladilar\\\/\",\"url\":\"https:\\\/\\\/qtmm.org\\\/qt\\\/siyasiy-mabus-seyran-saliyevni-sizoga-yanidan-yolladilar\\\/\",\"name\":\"Siyasiy mab\u00fcs Seyran Saliyevni \u015e\u0130ZO\u011fa ya\u00f1\u0131dan yollad\u0131lar - \u041c\u0435\u0434\u0436\u043b\u0456\u0441\",\"isPartOf\":{\"@id\":\"https:\\\/\\\/qtmm.org\\\/qt\\\/#website\"},\"primaryImageOfPage\":{\"@id\":\"https:\\\/\\\/qtmm.org\\\/qt\\\/siyasiy-mabus-seyran-saliyevni-sizoga-yanidan-yolladilar\\\/#primaryimage\"},\"image\":{\"@id\":\"https:\\\/\\\/qtmm.org\\\/qt\\\/siyasiy-mabus-seyran-saliyevni-sizoga-yanidan-yolladilar\\\/#primaryimage\"},\"thumbnailUrl\":\"https:\\\/\\\/qtmm.org\\\/wp-content\\\/uploads\\\/2024\\\/07\\\/grazhdanskogo-zhurnalista-sejrana-salieva-etapirovali-v-koloniyu-tulskoj-oblasti-4628.jpg\",\"datePublished\":\"2024-07-24T12:47:00+00:00\",\"dateModified\":\"2024-07-26T11:03:49+00:00\",\"breadcrumb\":{\"@id\":\"https:\\\/\\\/qtmm.org\\\/qt\\\/siyasiy-mabus-seyran-saliyevni-sizoga-yanidan-yolladilar\\\/#breadcrumb\"},\"inLanguage\":\"qt\",\"potentialAction\":[{\"@type\":\"ReadAction\",\"target\":[\"https:\\\/\\\/qtmm.org\\\/qt\\\/siyasiy-mabus-seyran-saliyevni-sizoga-yanidan-yolladilar\\\/\"]}]},{\"@type\":\"ImageObject\",\"inLanguage\":\"qt\",\"@id\":\"https:\\\/\\\/qtmm.org\\\/qt\\\/siyasiy-mabus-seyran-saliyevni-sizoga-yanidan-yolladilar\\\/#primaryimage\",\"url\":\"https:\\\/\\\/qtmm.org\\\/wp-content\\\/uploads\\\/2024\\\/07\\\/grazhdanskogo-zhurnalista-sejrana-salieva-etapirovali-v-koloniyu-tulskoj-oblasti-4628.jpg\",\"contentUrl\":\"https:\\\/\\\/qtmm.org\\\/wp-content\\\/uploads\\\/2024\\\/07\\\/grazhdanskogo-zhurnalista-sejrana-salieva-etapirovali-v-koloniyu-tulskoj-oblasti-4628.jpg\",\"width\":800,\"height\":450},{\"@type\":\"BreadcrumbList\",\"@id\":\"https:\\\/\\\/qtmm.org\\\/qt\\\/siyasiy-mabus-seyran-saliyevni-sizoga-yanidan-yolladilar\\\/#breadcrumb\",\"itemListElement\":[{\"@type\":\"ListItem\",\"position\":1,\"name\":\"\u0413\u043e\u043b\u043e\u0432\u043d\u0430\",\"item\":\"https:\\\/\\\/qtmm.org\\\/qt\\\/\"},{\"@type\":\"ListItem\",\"position\":2,\"name\":\"Siyasiy mab\u00fcs Seyran Saliyevni \u015e\u0130ZO\u011fa ya\u00f1\u0131dan yollad\u0131lar\"}]},{\"@type\":\"WebSite\",\"@id\":\"https:\\\/\\\/qtmm.org\\\/qt\\\/#website\",\"url\":\"https:\\\/\\\/qtmm.org\\\/qt\\\/\",\"name\":\"\u041c\u0435\u0434\u0436\u043b\u0456\u0441\",\"description\":\"\",\"publisher\":{\"@id\":\"https:\\\/\\\/qtmm.org\\\/qt\\\/#organization\"},\"potentialAction\":[{\"@type\":\"SearchAction\",\"target\":{\"@type\":\"EntryPoint\",\"urlTemplate\":\"https:\\\/\\\/qtmm.org\\\/qt\\\/?s={search_term_string}\"},\"query-input\":{\"@type\":\"PropertyValueSpecification\",\"valueRequired\":true,\"valueName\":\"search_term_string\"}}],\"inLanguage\":\"qt\"},{\"@type\":\"Organization\",\"@id\":\"https:\\\/\\\/qtmm.org\\\/qt\\\/#organization\",\"name\":\"\u041c\u0435\u0434\u0436\u043b\u0456\u0441\",\"url\":\"https:\\\/\\\/qtmm.org\\\/qt\\\/\",\"logo\":{\"@type\":\"ImageObject\",\"inLanguage\":\"qt\",\"@id\":\"https:\\\/\\\/qtmm.org\\\/qt\\\/#\\\/schema\\\/logo\\\/image\\\/\",\"url\":\"https:\\\/\\\/qtmm.org\\\/wp-content\\\/uploads\\\/2024\\\/12\\\/ua-mejlis-logo-rgb.svg\",\"contentUrl\":\"https:\\\/\\\/qtmm.org\\\/wp-content\\\/uploads\\\/2024\\\/12\\\/ua-mejlis-logo-rgb.svg\",\"caption\":\"\u041c\u0435\u0434\u0436\u043b\u0456\u0441\"},\"image\":{\"@id\":\"https:\\\/\\\/qtmm.org\\\/qt\\\/#\\\/schema\\\/logo\\\/image\\\/\"},\"sameAs\":[\"https:\\\/\\\/www.facebook.com\\\/qtmm.info\\\/\"]},{\"@type\":\"Person\",\"@id\":\"https:\\\/\\\/qtmm.org\\\/qt\\\/#\\\/schema\\\/person\\\/e19a16971e1d6077c60771108a0c2eb1\",\"name\":\"milena\",\"image\":{\"@type\":\"ImageObject\",\"inLanguage\":\"qt\",\"@id\":\"https:\\\/\\\/secure.gravatar.com\\\/avatar\\\/a1c72d47914b6ffa21f1246920d5cff572eced8dc7c4ef1b629898b5a8c18fa5?s=96&d=mm&r=g\",\"url\":\"https:\\\/\\\/secure.gravatar.com\\\/avatar\\\/a1c72d47914b6ffa21f1246920d5cff572eced8dc7c4ef1b629898b5a8c18fa5?s=96&d=mm&r=g\",\"contentUrl\":\"https:\\\/\\\/secure.gravatar.com\\\/avatar\\\/a1c72d47914b6ffa21f1246920d5cff572eced8dc7c4ef1b629898b5a8c18fa5?s=96&d=mm&r=g\",\"caption\":\"milena\"},\"url\":\"https:\\\/\\\/qtmm.org\\\/qt\\\/author\\\/milena\\\/\"}]}<\/script>\n<!-- \/ Yoast SEO plugin. -->","yoast_head_json":{"title":"Siyasiy mab\u00fcs Seyran Saliyevni \u015e\u0130ZO\u011fa ya\u00f1\u0131dan yollad\u0131lar - \u041c\u0435\u0434\u0436\u043b\u0456\u0441","robots":{"index":"index","follow":"follow","max-snippet":"max-snippet:-1","max-image-preview":"max-image-preview:large","max-video-preview":"max-video-preview:-1"},"canonical":"https:\/\/qtmm.org\/qt\/siyasiy-mabus-seyran-saliyevni-sizoga-yanidan-yolladilar\/","og_locale":"en_US","og_type":"article","og_title":"Siyasiy mab\u00fcs Seyran Saliyevni \u015e\u0130ZO\u011fa ya\u00f1\u0131dan yollad\u0131lar - \u041c\u0435\u0434\u0436\u043b\u0456\u0441","og_description":"&#8220;Hizb ut-Tahrir davas\u0131&#8221;n\u0131\u00f1 Ba\u011f\u00e7asarayn\u0131\u00f1 ekinci gruppas\u0131n\u0131\u00f1 mab\u00fcsi, vatanda\u015f jurnalisti Seyran Saliyev kene daa sert ceza \u015fartlar\u0131na yollan\u0131ld\u0131. ZMINA uquq qor\u00e7alay\u0131c\u0131 merkezi bun\u0131 bildirdi. Bu seneni\u00f1 ba\u015f\u0131ndan berli adamn\u0131 bir qa\u00e7 kere ceza izol\u00e2tor\u0131na (\u015e\u0130ZO) yollay ediler. Er seferinde &#8220;urba \u015feklini boz\u011fan\u0131&#8221; i\u00e7\u00fcn 15 k\u00fcn apis cezas\u0131n\u0131 \u00e7eke edi. Bir qa\u00e7 sefer \u015e\u0130ZO\u011fa yollan\u011fan adam m\u00fcstemlekede [&hellip;]","og_url":"https:\/\/qtmm.org\/qt\/siyasiy-mabus-seyran-saliyevni-sizoga-yanidan-yolladilar\/","og_site_name":"\u041c\u0435\u0434\u0436\u043b\u0456\u0441","article_publisher":"https:\/\/www.facebook.com\/qtmm.info\/","article_published_time":"2024-07-24T12:47:00+00:00","article_modified_time":"2024-07-26T11:03:49+00:00","og_image":[{"width":800,"height":450,"url":"https:\/\/qtmm.org\/wp-content\/uploads\/2024\/07\/grazhdanskogo-zhurnalista-sejrana-salieva-etapirovali-v-koloniyu-tulskoj-oblasti-4628.jpg","type":"image\/jpeg"}],"author":"milena","twitter_card":"summary_large_image","twitter_misc":{"Written by":"milena","Est. reading time":"1 minute"},"schema":{"@context":"https:\/\/schema.org","@graph":[{"@type":"Article","@id":"https:\/\/qtmm.org\/qt\/siyasiy-mabus-seyran-saliyevni-sizoga-yanidan-yolladilar\/#article","isPartOf":{"@id":"https:\/\/qtmm.org\/qt\/siyasiy-mabus-seyran-saliyevni-sizoga-yanidan-yolladilar\/"},"author":{"name":"milena","@id":"https:\/\/qtmm.org\/qt\/#\/schema\/person\/e19a16971e1d6077c60771108a0c2eb1"},"headline":"Siyasiy mab\u00fcs Seyran Saliyevni \u015e\u0130ZO\u011fa ya\u00f1\u0131dan yollad\u0131lar","datePublished":"2024-07-24T12:47:00+00:00","dateModified":"2024-07-26T11:03:49+00:00","mainEntityOfPage":{"@id":"https:\/\/qtmm.org\/qt\/siyasiy-mabus-seyran-saliyevni-sizoga-yanidan-yolladilar\/"},"wordCount":183,"commentCount":0,"publisher":{"@id":"https:\/\/qtmm.org\/qt\/#organization"},"image":{"@id":"https:\/\/qtmm.org\/qt\/siyasiy-mabus-seyran-saliyevni-sizoga-yanidan-yolladilar\/#primaryimage"},"thumbnailUrl":"https:\/\/qtmm.org\/wp-content\/uploads\/2024\/07\/grazhdanskogo-zhurnalista-sejrana-salieva-etapirovali-v-koloniyu-tulskoj-oblasti-4628.jpg","articleSection":["Basq\u0131lar ve taqipler","Haberler"],"inLanguage":"qt","potentialAction":[{"@type":"CommentAction","name":"Comment","target":["https:\/\/qtmm.org\/qt\/siyasiy-mabus-seyran-saliyevni-sizoga-yanidan-yolladilar\/#respond"]}]},{"@type":"WebPage","@id":"https:\/\/qtmm.org\/qt\/siyasiy-mabus-seyran-saliyevni-sizoga-yanidan-yolladilar\/","url":"https:\/\/qtmm.org\/qt\/siyasiy-mabus-seyran-saliyevni-sizoga-yanidan-yolladilar\/","name":"Siyasiy mab\u00fcs Seyran Saliyevni \u015e\u0130ZO\u011fa ya\u00f1\u0131dan yollad\u0131lar - \u041c\u0435\u0434\u0436\u043b\u0456\u0441","isPartOf":{"@id":"https:\/\/qtmm.org\/qt\/#website"},"primaryImageOfPage":{"@id":"https:\/\/qtmm.org\/qt\/siyasiy-mabus-seyran-saliyevni-sizoga-yanidan-yolladilar\/#primaryimage"},"image":{"@id":"https:\/\/qtmm.org\/qt\/siyasiy-mabus-seyran-saliyevni-sizoga-yanidan-yolladilar\/#primaryimage"},"thumbnailUrl":"https:\/\/qtmm.org\/wp-content\/uploads\/2024\/07\/grazhdanskogo-zhurnalista-sejrana-salieva-etapirovali-v-koloniyu-tulskoj-oblasti-4628.jpg","datePublished":"2024-07-24T12:47:00+00:00","dateModified":"2024-07-26T11:03:49+00:00","breadcrumb":{"@id":"https:\/\/qtmm.org\/qt\/siyasiy-mabus-seyran-saliyevni-sizoga-yanidan-yolladilar\/#breadcrumb"},"inLanguage":"qt","potentialAction":[{"@type":"ReadAction","target":["https:\/\/qtmm.org\/qt\/siyasiy-mabus-seyran-saliyevni-sizoga-yanidan-yolladilar\/"]}]},{"@type":"ImageObject","inLanguage":"qt","@id":"https:\/\/qtmm.org\/qt\/siyasiy-mabus-seyran-saliyevni-sizoga-yanidan-yolladilar\/#primaryimage","url":"https:\/\/qtmm.org\/wp-content\/uploads\/2024\/07\/grazhdanskogo-zhurnalista-sejrana-salieva-etapirovali-v-koloniyu-tulskoj-oblasti-4628.jpg","contentUrl":"https:\/\/qtmm.org\/wp-content\/uploads\/2024\/07\/grazhdanskogo-zhurnalista-sejrana-salieva-etapirovali-v-koloniyu-tulskoj-oblasti-4628.jpg","width":800,"height":450},{"@type":"BreadcrumbList","@id":"https:\/\/qtmm.org\/qt\/siyasiy-mabus-seyran-saliyevni-sizoga-yanidan-yolladilar\/#breadcrumb","itemListElement":[{"@type":"ListItem","position":1,"name":"\u0413\u043e\u043b\u043e\u0432\u043d\u0430","item":"https:\/\/qtmm.org\/qt\/"},{"@type":"ListItem","position":2,"name":"Siyasiy mab\u00fcs Seyran Saliyevni \u015e\u0130ZO\u011fa ya\u00f1\u0131dan yollad\u0131lar"}]},{"@type":"WebSite","@id":"https:\/\/qtmm.org\/qt\/#website","url":"https:\/\/qtmm.org\/qt\/","name":"\u041c\u0435\u0434\u0436\u043b\u0456\u0441","description":"","publisher":{"@id":"https:\/\/qtmm.org\/qt\/#organization"},"potentialAction":[{"@type":"SearchAction","target":{"@type":"EntryPoint","urlTemplate":"https:\/\/qtmm.org\/qt\/?s={search_term_string}"},"query-input":{"@type":"PropertyValueSpecification","valueRequired":true,"valueName":"search_term_string"}}],"inLanguage":"qt"},{"@type":"Organization","@id":"https:\/\/qtmm.org\/qt\/#organization","name":"\u041c\u0435\u0434\u0436\u043b\u0456\u0441","url":"https:\/\/qtmm.org\/qt\/","logo":{"@type":"ImageObject","inLanguage":"qt","@id":"https:\/\/qtmm.org\/qt\/#\/schema\/logo\/image\/","url":"https:\/\/qtmm.org\/wp-content\/uploads\/2024\/12\/ua-mejlis-logo-rgb.svg","contentUrl":"https:\/\/qtmm.org\/wp-content\/uploads\/2024\/12\/ua-mejlis-logo-rgb.svg","caption":"\u041c\u0435\u0434\u0436\u043b\u0456\u0441"},"image":{"@id":"https:\/\/qtmm.org\/qt\/#\/schema\/logo\/image\/"},"sameAs":["https:\/\/www.facebook.com\/qtmm.info\/"]},{"@type":"Person","@id":"https:\/\/qtmm.org\/qt\/#\/schema\/person\/e19a16971e1d6077c60771108a0c2eb1","name":"milena","image":{"@type":"ImageObject","inLanguage":"qt","@id":"https:\/\/secure.gravatar.com\/avatar\/a1c72d47914b6ffa21f1246920d5cff572eced8dc7c4ef1b629898b5a8c18fa5?s=96&d=mm&r=g","url":"https:\/\/secure.gravatar.com\/avatar\/a1c72d47914b6ffa21f1246920d5cff572eced8dc7c4ef1b629898b5a8c18fa5?s=96&d=mm&r=g","contentUrl":"https:\/\/secure.gravatar.com\/avatar\/a1c72d47914b6ffa21f1246920d5cff572eced8dc7c4ef1b629898b5a8c18fa5?s=96&d=mm&r=g","caption":"milena"},"url":"https:\/\/qtmm.org\/qt\/author\/milena\/"}]}},"_links":{"self":[{"href":"https:\/\/qtmm.org\/qt\/wp-json\/wp\/v2\/posts\/83972","targetHints":{"allow":["GET"]}}],"collection":[{"href":"https:\/\/qtmm.org\/qt\/wp-json\/wp\/v2\/posts"}],"about":[{"href":"https:\/\/qtmm.org\/qt\/wp-json\/wp\/v2\/types\/post"}],"author":[{"embeddable":true,"href":"https:\/\/qtmm.org\/qt\/wp-json\/wp\/v2\/users\/6"}],"replies":[{"embeddable":true,"href":"https:\/\/qtmm.org\/qt\/wp-json\/wp\/v2\/comments?post=83972"}],"version-history":[{"count":1,"href":"https:\/\/qtmm.org\/qt\/wp-json\/wp\/v2\/posts\/83972\/revisions"}],"predecessor-version":[{"id":83973,"href":"https:\/\/qtmm.org\/qt\/wp-json\/wp\/v2\/posts\/83972\/revisions\/83973"}],"wp:featuredmedia":[{"embeddable":true,"href":"https:\/\/qtmm.org\/qt\/wp-json\/wp\/v2\/media\/83969"}],"wp:attachment":[{"href":"https:\/\/qtmm.org\/qt\/wp-json\/wp\/v2\/media?parent=83972"}],"wp:term":[{"taxonomy":"category","embeddable":true,"href":"https:\/\/qtmm.org\/qt\/wp-json\/wp\/v2\/categories?post=83972"},{"taxonomy":"post_tag","embeddable":true,"href":"https:\/\/qtmm.org\/qt\/wp-json\/wp\/v2\/tags?post=83972"}],"curies":[{"name":"wp","href":"https:\/\/api.w.org\/{rel}","templated":true}]}}