




{"id":79282,"date":"2023-03-09T16:58:25","date_gmt":"2023-03-09T13:58:25","guid":{"rendered":"https:\/\/qtmm.org\/?p=79282"},"modified":"2023-03-09T16:58:26","modified_gmt":"2023-03-09T13:58:26","slug":"halqara-cumhuriyet-institutinen-korusuv","status":"publish","type":"post","link":"https:\/\/qtmm.org\/qt\/halqara-cumhuriyet-institutinen-korusuv\/","title":{"rendered":"Halqara cumhuriyet institut\u0131nen k\u00f6r\u00fc\u015f\u00fcv"},"content":{"rendered":"\n<p>2023 senesi saban ay\u0131n\u0131\u00f1 8-inde Q\u0131r\u0131mtatar Milliy Meclisini\u00f1 ofisinde Halqara Cumhuriyet institut\u0131n\u0131\u00f1 (HC\u0130) vekillerinen i\u015f k\u00f6r\u00fc\u015f\u00fcvi old\u0131.<\/p>\n\n\n\n<p>Subette Q\u0131r\u0131mtatar Milliy Meclisini\u00f1 Ba\u015f\u0131 Refat \u00c7UBAROV, Q\u0131r\u0131mtatar Milliy Meclisini\u00f1 azalar\u0131 Riza \u015eEVK\u0130\u0130EV ve Eskender BAR\u0130\u0130EV, Ukraina HC\u0130 programmalar\u0131n\u0131\u00f1 reberi Timoti STOUTZENBERGER (Timothy Stoutzenberger) ve Ukraina vatanda\u015flar\u0131 programmas\u0131n\u0131\u00f1 yard\u0131mc\u0131s\u0131 Ayar MEMETOV i\u015ftirak etti. 2000 senelerinde ba\u015flan\u011fan HC\u0130n\u0131\u00f1 Meclis ve q\u0131r\u0131mtatar i\u00e7timaiy te\u015fkil\u00e2tlar\u0131 ile i\u015fde\u015fligini y\u00fcksek derecede q\u0131ymetlendirdiler.<\/p>\n\n\n\n<blockquote class=\"wp-block-quote is-layout-flow wp-block-quote-is-layout-flow\"><p><em>&#8211; rus-ukrain cenkini\u00f1 neticelerinen ba\u011fl\u0131 ol\u011fan e\u00f1 aktual meseleler \u00fczerinde kelecek orta i\u015fke dair bir qa\u00e7 teklifler muzakere ettik, &#8211; <\/em>dep Meclisni\u00f1 Ba\u015f\u0131 a\u00f1latt\u0131.<\/p><\/blockquote>\n","protected":false},"excerpt":{"rendered":"<p>2023 senesi saban ay\u0131n\u0131\u00f1 8-inde Q\u0131r\u0131mtatar Milliy Meclisini\u00f1 ofisinde Halqara Cumhuriyet institut\u0131n\u0131\u00f1 (HC\u0130) vekillerinen i\u015f k\u00f6r\u00fc\u015f\u00fcvi old\u0131. Subette Q\u0131r\u0131mtatar Milliy Meclisini\u00f1 Ba\u015f\u0131 Refat \u00c7UBAROV, Q\u0131r\u0131mtatar Milliy Meclisini\u00f1 azalar\u0131 Riza \u015eEVK\u0130\u0130EV ve Eskender BAR\u0130\u0130EV, Ukraina HC\u0130 programmalar\u0131n\u0131\u00f1 reberi Timoti STOUTZENBERGER (Timothy Stoutzenberger) ve Ukraina vatanda\u015flar\u0131 programmas\u0131n\u0131\u00f1 yard\u0131mc\u0131s\u0131 Ayar MEMETOV i\u015ftirak etti. 2000 senelerinde ba\u015flan\u011fan HC\u0130n\u0131\u00f1 Meclis [&hellip;]<\/p>\n","protected":false},"author":6,"featured_media":79270,"comment_status":"open","ping_status":"open","sticky":false,"template":"","format":"standard","meta":{"inline_featured_image":false,"footnotes":""},"categories":[265],"tags":[],"class_list":["post-79282","post","type-post","status-publish","format-standard","has-post-thumbnail","hentry","category-haberler"],"acf":[],"yoast_head":"<!-- This site is optimized with the Yoast SEO plugin v27.4 - https:\/\/yoast.com\/product\/yoast-seo-wordpress\/ -->\n<title>Halqara cumhuriyet institut\u0131nen k\u00f6r\u00fc\u015f\u00fcv - \u041c\u0435\u0434\u0436\u043b\u0456\u0441<\/title>\n<meta name=\"robots\" content=\"index, follow, max-snippet:-1, max-image-preview:large, max-video-preview:-1\" \/>\n<link rel=\"canonical\" href=\"https:\/\/qtmm.org\/qt\/halqara-cumhuriyet-institutinen-korusuv\/\" \/>\n<meta property=\"og:locale\" content=\"en_US\" \/>\n<meta property=\"og:type\" content=\"article\" \/>\n<meta property=\"og:title\" content=\"Halqara cumhuriyet institut\u0131nen k\u00f6r\u00fc\u015f\u00fcv - \u041c\u0435\u0434\u0436\u043b\u0456\u0441\" \/>\n<meta property=\"og:description\" content=\"2023 senesi saban ay\u0131n\u0131\u00f1 8-inde Q\u0131r\u0131mtatar Milliy Meclisini\u00f1 ofisinde Halqara Cumhuriyet institut\u0131n\u0131\u00f1 (HC\u0130) vekillerinen i\u015f k\u00f6r\u00fc\u015f\u00fcvi old\u0131. Subette Q\u0131r\u0131mtatar Milliy Meclisini\u00f1 Ba\u015f\u0131 Refat \u00c7UBAROV, Q\u0131r\u0131mtatar Milliy Meclisini\u00f1 azalar\u0131 Riza \u015eEVK\u0130\u0130EV ve Eskender BAR\u0130\u0130EV, Ukraina HC\u0130 programmalar\u0131n\u0131\u00f1 reberi Timoti STOUTZENBERGER (Timothy Stoutzenberger) ve Ukraina vatanda\u015flar\u0131 programmas\u0131n\u0131\u00f1 yard\u0131mc\u0131s\u0131 Ayar MEMETOV i\u015ftirak etti. 2000 senelerinde ba\u015flan\u011fan HC\u0130n\u0131\u00f1 Meclis [&hellip;]\" \/>\n<meta property=\"og:url\" content=\"https:\/\/qtmm.org\/qt\/halqara-cumhuriyet-institutinen-korusuv\/\" \/>\n<meta property=\"og:site_name\" content=\"\u041c\u0435\u0434\u0436\u043b\u0456\u0441\" \/>\n<meta property=\"article:publisher\" content=\"https:\/\/www.facebook.com\/qtmm.info\/\" \/>\n<meta property=\"article:published_time\" content=\"2023-03-09T13:58:25+00:00\" \/>\n<meta property=\"article:modified_time\" content=\"2023-03-09T13:58:26+00:00\" \/>\n<meta property=\"og:image\" content=\"https:\/\/qtmm.org\/wp-content\/uploads\/2023\/03\/335140492_511822317806357_8077034651183741211_n.jpg\" \/>\n\t<meta property=\"og:image:width\" content=\"1284\" \/>\n\t<meta property=\"og:image:height\" content=\"1712\" \/>\n\t<meta property=\"og:image:type\" content=\"image\/jpeg\" \/>\n<meta name=\"author\" content=\"milena\" \/>\n<meta name=\"twitter:card\" content=\"summary_large_image\" \/>\n<meta name=\"twitter:label1\" content=\"Written by\" \/>\n\t<meta name=\"twitter:data1\" content=\"milena\" \/>\n\t<meta name=\"twitter:label2\" content=\"Est. reading time\" \/>\n\t<meta name=\"twitter:data2\" content=\"1 minute\" \/>\n<script type=\"application\/ld+json\" class=\"yoast-schema-graph\">{\"@context\":\"https:\\\/\\\/schema.org\",\"@graph\":[{\"@type\":\"Article\",\"@id\":\"https:\\\/\\\/qtmm.org\\\/qt\\\/halqara-cumhuriyet-institutinen-korusuv\\\/#article\",\"isPartOf\":{\"@id\":\"https:\\\/\\\/qtmm.org\\\/qt\\\/halqara-cumhuriyet-institutinen-korusuv\\\/\"},\"author\":{\"name\":\"milena\",\"@id\":\"https:\\\/\\\/qtmm.org\\\/qt\\\/#\\\/schema\\\/person\\\/e19a16971e1d6077c60771108a0c2eb1\"},\"headline\":\"Halqara cumhuriyet institut\u0131nen k\u00f6r\u00fc\u015f\u00fcv\",\"datePublished\":\"2023-03-09T13:58:25+00:00\",\"dateModified\":\"2023-03-09T13:58:26+00:00\",\"mainEntityOfPage\":{\"@id\":\"https:\\\/\\\/qtmm.org\\\/qt\\\/halqara-cumhuriyet-institutinen-korusuv\\\/\"},\"wordCount\":127,\"commentCount\":0,\"publisher\":{\"@id\":\"https:\\\/\\\/qtmm.org\\\/qt\\\/#organization\"},\"image\":{\"@id\":\"https:\\\/\\\/qtmm.org\\\/qt\\\/halqara-cumhuriyet-institutinen-korusuv\\\/#primaryimage\"},\"thumbnailUrl\":\"https:\\\/\\\/qtmm.org\\\/wp-content\\\/uploads\\\/2023\\\/03\\\/335140492_511822317806357_8077034651183741211_n.jpg\",\"articleSection\":[\"Haberler\"],\"inLanguage\":\"qt\",\"potentialAction\":[{\"@type\":\"CommentAction\",\"name\":\"Comment\",\"target\":[\"https:\\\/\\\/qtmm.org\\\/qt\\\/halqara-cumhuriyet-institutinen-korusuv\\\/#respond\"]}]},{\"@type\":\"WebPage\",\"@id\":\"https:\\\/\\\/qtmm.org\\\/qt\\\/halqara-cumhuriyet-institutinen-korusuv\\\/\",\"url\":\"https:\\\/\\\/qtmm.org\\\/qt\\\/halqara-cumhuriyet-institutinen-korusuv\\\/\",\"name\":\"Halqara cumhuriyet institut\u0131nen k\u00f6r\u00fc\u015f\u00fcv - \u041c\u0435\u0434\u0436\u043b\u0456\u0441\",\"isPartOf\":{\"@id\":\"https:\\\/\\\/qtmm.org\\\/qt\\\/#website\"},\"primaryImageOfPage\":{\"@id\":\"https:\\\/\\\/qtmm.org\\\/qt\\\/halqara-cumhuriyet-institutinen-korusuv\\\/#primaryimage\"},\"image\":{\"@id\":\"https:\\\/\\\/qtmm.org\\\/qt\\\/halqara-cumhuriyet-institutinen-korusuv\\\/#primaryimage\"},\"thumbnailUrl\":\"https:\\\/\\\/qtmm.org\\\/wp-content\\\/uploads\\\/2023\\\/03\\\/335140492_511822317806357_8077034651183741211_n.jpg\",\"datePublished\":\"2023-03-09T13:58:25+00:00\",\"dateModified\":\"2023-03-09T13:58:26+00:00\",\"breadcrumb\":{\"@id\":\"https:\\\/\\\/qtmm.org\\\/qt\\\/halqara-cumhuriyet-institutinen-korusuv\\\/#breadcrumb\"},\"inLanguage\":\"qt\",\"potentialAction\":[{\"@type\":\"ReadAction\",\"target\":[\"https:\\\/\\\/qtmm.org\\\/qt\\\/halqara-cumhuriyet-institutinen-korusuv\\\/\"]}]},{\"@type\":\"ImageObject\",\"inLanguage\":\"qt\",\"@id\":\"https:\\\/\\\/qtmm.org\\\/qt\\\/halqara-cumhuriyet-institutinen-korusuv\\\/#primaryimage\",\"url\":\"https:\\\/\\\/qtmm.org\\\/wp-content\\\/uploads\\\/2023\\\/03\\\/335140492_511822317806357_8077034651183741211_n.jpg\",\"contentUrl\":\"https:\\\/\\\/qtmm.org\\\/wp-content\\\/uploads\\\/2023\\\/03\\\/335140492_511822317806357_8077034651183741211_n.jpg\",\"width\":1284,\"height\":1712},{\"@type\":\"BreadcrumbList\",\"@id\":\"https:\\\/\\\/qtmm.org\\\/qt\\\/halqara-cumhuriyet-institutinen-korusuv\\\/#breadcrumb\",\"itemListElement\":[{\"@type\":\"ListItem\",\"position\":1,\"name\":\"\u0413\u043e\u043b\u043e\u0432\u043d\u0430\",\"item\":\"https:\\\/\\\/qtmm.org\\\/qt\\\/\"},{\"@type\":\"ListItem\",\"position\":2,\"name\":\"Halqara cumhuriyet institut\u0131nen k\u00f6r\u00fc\u015f\u00fcv\"}]},{\"@type\":\"WebSite\",\"@id\":\"https:\\\/\\\/qtmm.org\\\/qt\\\/#website\",\"url\":\"https:\\\/\\\/qtmm.org\\\/qt\\\/\",\"name\":\"\u041c\u0435\u0434\u0436\u043b\u0456\u0441\",\"description\":\"\",\"publisher\":{\"@id\":\"https:\\\/\\\/qtmm.org\\\/qt\\\/#organization\"},\"potentialAction\":[{\"@type\":\"SearchAction\",\"target\":{\"@type\":\"EntryPoint\",\"urlTemplate\":\"https:\\\/\\\/qtmm.org\\\/qt\\\/?s={search_term_string}\"},\"query-input\":{\"@type\":\"PropertyValueSpecification\",\"valueRequired\":true,\"valueName\":\"search_term_string\"}}],\"inLanguage\":\"qt\"},{\"@type\":\"Organization\",\"@id\":\"https:\\\/\\\/qtmm.org\\\/qt\\\/#organization\",\"name\":\"\u041c\u0435\u0434\u0436\u043b\u0456\u0441\",\"url\":\"https:\\\/\\\/qtmm.org\\\/qt\\\/\",\"logo\":{\"@type\":\"ImageObject\",\"inLanguage\":\"qt\",\"@id\":\"https:\\\/\\\/qtmm.org\\\/qt\\\/#\\\/schema\\\/logo\\\/image\\\/\",\"url\":\"https:\\\/\\\/qtmm.org\\\/wp-content\\\/uploads\\\/2024\\\/12\\\/ua-mejlis-logo-rgb.svg\",\"contentUrl\":\"https:\\\/\\\/qtmm.org\\\/wp-content\\\/uploads\\\/2024\\\/12\\\/ua-mejlis-logo-rgb.svg\",\"caption\":\"\u041c\u0435\u0434\u0436\u043b\u0456\u0441\"},\"image\":{\"@id\":\"https:\\\/\\\/qtmm.org\\\/qt\\\/#\\\/schema\\\/logo\\\/image\\\/\"},\"sameAs\":[\"https:\\\/\\\/www.facebook.com\\\/qtmm.info\\\/\"]},{\"@type\":\"Person\",\"@id\":\"https:\\\/\\\/qtmm.org\\\/qt\\\/#\\\/schema\\\/person\\\/e19a16971e1d6077c60771108a0c2eb1\",\"name\":\"milena\",\"image\":{\"@type\":\"ImageObject\",\"inLanguage\":\"qt\",\"@id\":\"https:\\\/\\\/secure.gravatar.com\\\/avatar\\\/a1c72d47914b6ffa21f1246920d5cff572eced8dc7c4ef1b629898b5a8c18fa5?s=96&d=mm&r=g\",\"url\":\"https:\\\/\\\/secure.gravatar.com\\\/avatar\\\/a1c72d47914b6ffa21f1246920d5cff572eced8dc7c4ef1b629898b5a8c18fa5?s=96&d=mm&r=g\",\"contentUrl\":\"https:\\\/\\\/secure.gravatar.com\\\/avatar\\\/a1c72d47914b6ffa21f1246920d5cff572eced8dc7c4ef1b629898b5a8c18fa5?s=96&d=mm&r=g\",\"caption\":\"milena\"},\"url\":\"https:\\\/\\\/qtmm.org\\\/qt\\\/author\\\/milena\\\/\"}]}<\/script>\n<!-- \/ Yoast SEO plugin. -->","yoast_head_json":{"title":"Halqara cumhuriyet institut\u0131nen k\u00f6r\u00fc\u015f\u00fcv - \u041c\u0435\u0434\u0436\u043b\u0456\u0441","robots":{"index":"index","follow":"follow","max-snippet":"max-snippet:-1","max-image-preview":"max-image-preview:large","max-video-preview":"max-video-preview:-1"},"canonical":"https:\/\/qtmm.org\/qt\/halqara-cumhuriyet-institutinen-korusuv\/","og_locale":"en_US","og_type":"article","og_title":"Halqara cumhuriyet institut\u0131nen k\u00f6r\u00fc\u015f\u00fcv - \u041c\u0435\u0434\u0436\u043b\u0456\u0441","og_description":"2023 senesi saban ay\u0131n\u0131\u00f1 8-inde Q\u0131r\u0131mtatar Milliy Meclisini\u00f1 ofisinde Halqara Cumhuriyet institut\u0131n\u0131\u00f1 (HC\u0130) vekillerinen i\u015f k\u00f6r\u00fc\u015f\u00fcvi old\u0131. Subette Q\u0131r\u0131mtatar Milliy Meclisini\u00f1 Ba\u015f\u0131 Refat \u00c7UBAROV, Q\u0131r\u0131mtatar Milliy Meclisini\u00f1 azalar\u0131 Riza \u015eEVK\u0130\u0130EV ve Eskender BAR\u0130\u0130EV, Ukraina HC\u0130 programmalar\u0131n\u0131\u00f1 reberi Timoti STOUTZENBERGER (Timothy Stoutzenberger) ve Ukraina vatanda\u015flar\u0131 programmas\u0131n\u0131\u00f1 yard\u0131mc\u0131s\u0131 Ayar MEMETOV i\u015ftirak etti. 2000 senelerinde ba\u015flan\u011fan HC\u0130n\u0131\u00f1 Meclis [&hellip;]","og_url":"https:\/\/qtmm.org\/qt\/halqara-cumhuriyet-institutinen-korusuv\/","og_site_name":"\u041c\u0435\u0434\u0436\u043b\u0456\u0441","article_publisher":"https:\/\/www.facebook.com\/qtmm.info\/","article_published_time":"2023-03-09T13:58:25+00:00","article_modified_time":"2023-03-09T13:58:26+00:00","og_image":[{"width":1284,"height":1712,"url":"https:\/\/qtmm.org\/wp-content\/uploads\/2023\/03\/335140492_511822317806357_8077034651183741211_n.jpg","type":"image\/jpeg"}],"author":"milena","twitter_card":"summary_large_image","twitter_misc":{"Written by":"milena","Est. reading time":"1 minute"},"schema":{"@context":"https:\/\/schema.org","@graph":[{"@type":"Article","@id":"https:\/\/qtmm.org\/qt\/halqara-cumhuriyet-institutinen-korusuv\/#article","isPartOf":{"@id":"https:\/\/qtmm.org\/qt\/halqara-cumhuriyet-institutinen-korusuv\/"},"author":{"name":"milena","@id":"https:\/\/qtmm.org\/qt\/#\/schema\/person\/e19a16971e1d6077c60771108a0c2eb1"},"headline":"Halqara cumhuriyet institut\u0131nen k\u00f6r\u00fc\u015f\u00fcv","datePublished":"2023-03-09T13:58:25+00:00","dateModified":"2023-03-09T13:58:26+00:00","mainEntityOfPage":{"@id":"https:\/\/qtmm.org\/qt\/halqara-cumhuriyet-institutinen-korusuv\/"},"wordCount":127,"commentCount":0,"publisher":{"@id":"https:\/\/qtmm.org\/qt\/#organization"},"image":{"@id":"https:\/\/qtmm.org\/qt\/halqara-cumhuriyet-institutinen-korusuv\/#primaryimage"},"thumbnailUrl":"https:\/\/qtmm.org\/wp-content\/uploads\/2023\/03\/335140492_511822317806357_8077034651183741211_n.jpg","articleSection":["Haberler"],"inLanguage":"qt","potentialAction":[{"@type":"CommentAction","name":"Comment","target":["https:\/\/qtmm.org\/qt\/halqara-cumhuriyet-institutinen-korusuv\/#respond"]}]},{"@type":"WebPage","@id":"https:\/\/qtmm.org\/qt\/halqara-cumhuriyet-institutinen-korusuv\/","url":"https:\/\/qtmm.org\/qt\/halqara-cumhuriyet-institutinen-korusuv\/","name":"Halqara cumhuriyet institut\u0131nen k\u00f6r\u00fc\u015f\u00fcv - \u041c\u0435\u0434\u0436\u043b\u0456\u0441","isPartOf":{"@id":"https:\/\/qtmm.org\/qt\/#website"},"primaryImageOfPage":{"@id":"https:\/\/qtmm.org\/qt\/halqara-cumhuriyet-institutinen-korusuv\/#primaryimage"},"image":{"@id":"https:\/\/qtmm.org\/qt\/halqara-cumhuriyet-institutinen-korusuv\/#primaryimage"},"thumbnailUrl":"https:\/\/qtmm.org\/wp-content\/uploads\/2023\/03\/335140492_511822317806357_8077034651183741211_n.jpg","datePublished":"2023-03-09T13:58:25+00:00","dateModified":"2023-03-09T13:58:26+00:00","breadcrumb":{"@id":"https:\/\/qtmm.org\/qt\/halqara-cumhuriyet-institutinen-korusuv\/#breadcrumb"},"inLanguage":"qt","potentialAction":[{"@type":"ReadAction","target":["https:\/\/qtmm.org\/qt\/halqara-cumhuriyet-institutinen-korusuv\/"]}]},{"@type":"ImageObject","inLanguage":"qt","@id":"https:\/\/qtmm.org\/qt\/halqara-cumhuriyet-institutinen-korusuv\/#primaryimage","url":"https:\/\/qtmm.org\/wp-content\/uploads\/2023\/03\/335140492_511822317806357_8077034651183741211_n.jpg","contentUrl":"https:\/\/qtmm.org\/wp-content\/uploads\/2023\/03\/335140492_511822317806357_8077034651183741211_n.jpg","width":1284,"height":1712},{"@type":"BreadcrumbList","@id":"https:\/\/qtmm.org\/qt\/halqara-cumhuriyet-institutinen-korusuv\/#breadcrumb","itemListElement":[{"@type":"ListItem","position":1,"name":"\u0413\u043e\u043b\u043e\u0432\u043d\u0430","item":"https:\/\/qtmm.org\/qt\/"},{"@type":"ListItem","position":2,"name":"Halqara cumhuriyet institut\u0131nen k\u00f6r\u00fc\u015f\u00fcv"}]},{"@type":"WebSite","@id":"https:\/\/qtmm.org\/qt\/#website","url":"https:\/\/qtmm.org\/qt\/","name":"\u041c\u0435\u0434\u0436\u043b\u0456\u0441","description":"","publisher":{"@id":"https:\/\/qtmm.org\/qt\/#organization"},"potentialAction":[{"@type":"SearchAction","target":{"@type":"EntryPoint","urlTemplate":"https:\/\/qtmm.org\/qt\/?s={search_term_string}"},"query-input":{"@type":"PropertyValueSpecification","valueRequired":true,"valueName":"search_term_string"}}],"inLanguage":"qt"},{"@type":"Organization","@id":"https:\/\/qtmm.org\/qt\/#organization","name":"\u041c\u0435\u0434\u0436\u043b\u0456\u0441","url":"https:\/\/qtmm.org\/qt\/","logo":{"@type":"ImageObject","inLanguage":"qt","@id":"https:\/\/qtmm.org\/qt\/#\/schema\/logo\/image\/","url":"https:\/\/qtmm.org\/wp-content\/uploads\/2024\/12\/ua-mejlis-logo-rgb.svg","contentUrl":"https:\/\/qtmm.org\/wp-content\/uploads\/2024\/12\/ua-mejlis-logo-rgb.svg","caption":"\u041c\u0435\u0434\u0436\u043b\u0456\u0441"},"image":{"@id":"https:\/\/qtmm.org\/qt\/#\/schema\/logo\/image\/"},"sameAs":["https:\/\/www.facebook.com\/qtmm.info\/"]},{"@type":"Person","@id":"https:\/\/qtmm.org\/qt\/#\/schema\/person\/e19a16971e1d6077c60771108a0c2eb1","name":"milena","image":{"@type":"ImageObject","inLanguage":"qt","@id":"https:\/\/secure.gravatar.com\/avatar\/a1c72d47914b6ffa21f1246920d5cff572eced8dc7c4ef1b629898b5a8c18fa5?s=96&d=mm&r=g","url":"https:\/\/secure.gravatar.com\/avatar\/a1c72d47914b6ffa21f1246920d5cff572eced8dc7c4ef1b629898b5a8c18fa5?s=96&d=mm&r=g","contentUrl":"https:\/\/secure.gravatar.com\/avatar\/a1c72d47914b6ffa21f1246920d5cff572eced8dc7c4ef1b629898b5a8c18fa5?s=96&d=mm&r=g","caption":"milena"},"url":"https:\/\/qtmm.org\/qt\/author\/milena\/"}]}},"_links":{"self":[{"href":"https:\/\/qtmm.org\/qt\/wp-json\/wp\/v2\/posts\/79282","targetHints":{"allow":["GET"]}}],"collection":[{"href":"https:\/\/qtmm.org\/qt\/wp-json\/wp\/v2\/posts"}],"about":[{"href":"https:\/\/qtmm.org\/qt\/wp-json\/wp\/v2\/types\/post"}],"author":[{"embeddable":true,"href":"https:\/\/qtmm.org\/qt\/wp-json\/wp\/v2\/users\/6"}],"replies":[{"embeddable":true,"href":"https:\/\/qtmm.org\/qt\/wp-json\/wp\/v2\/comments?post=79282"}],"version-history":[{"count":1,"href":"https:\/\/qtmm.org\/qt\/wp-json\/wp\/v2\/posts\/79282\/revisions"}],"predecessor-version":[{"id":79283,"href":"https:\/\/qtmm.org\/qt\/wp-json\/wp\/v2\/posts\/79282\/revisions\/79283"}],"wp:featuredmedia":[{"embeddable":true,"href":"https:\/\/qtmm.org\/qt\/wp-json\/wp\/v2\/media\/79270"}],"wp:attachment":[{"href":"https:\/\/qtmm.org\/qt\/wp-json\/wp\/v2\/media?parent=79282"}],"wp:term":[{"taxonomy":"category","embeddable":true,"href":"https:\/\/qtmm.org\/qt\/wp-json\/wp\/v2\/categories?post=79282"},{"taxonomy":"post_tag","embeddable":true,"href":"https:\/\/qtmm.org\/qt\/wp-json\/wp\/v2\/tags?post=79282"}],"curies":[{"name":"wp","href":"https:\/\/api.w.org\/{rel}","templated":true}]}}