




{"id":78812,"date":"2023-02-08T19:50:05","date_gmt":"2023-02-08T16:50:05","guid":{"rendered":"https:\/\/qtmm.org\/?p=78812"},"modified":"2023-02-08T19:50:07","modified_gmt":"2023-02-08T16:50:07","slug":"suriyedeki-ve-turkiyedeki-zelzelelerde-olgenlernin-sayisi-endi-9-binden-ziyade-kisidir","status":"publish","type":"post","link":"https:\/\/qtmm.org\/qt\/suriyedeki-ve-turkiyedeki-zelzelelerde-olgenlernin-sayisi-endi-9-binden-ziyade-kisidir\/","title":{"rendered":"Suriyedeki ve T\u00fcrkiyedeki zelzelelerde \u00f6lgenlerni\u00f1 say\u0131s\u0131 endi 9 bi\u00f1den ziyade ki\u015fidir"},"content":{"rendered":"\n<p>T\u00fcrkieni\u00f1 merkeziy ve cen\u00fcbiy rayonlar\u0131nda ve Suriyede ol\u011fan \u015fiddetli zelezeleler qurbanlar\u0131n\u0131\u00f1 say\u0131s\u0131 artma\u011fa devam ete. Zarar k\u00f6regen vil\u00e2yetlerge prezident Erecep Erdo\u011fan kelmege planla\u015ft\u0131r\u0131r, dep <a href=\"https:\/\/www.bbc.com\/ukrainian\/features-64555419.amp\">BBC Ukraina<\/a> bu aqq\u0131nda haber berdi.<\/p>\n\n\n\n<p>T\u00fcrkiyede 6 957 ki\u015fi, dep devletni\u00f1 fevqul\u00e2de vaziyetler agentligi haber berdi.<\/p>\n\n\n\n<p>Suriyede bilgilerni te\u015fkermege zorca, amma KHV ve qurtar\u0131c\u0131lar, 2 500 \u00f6lgen ki\u015fini\u00f1 ol\u011fan\u0131n\u0131 dep aytalar.<br>UNICEFni\u00f1 Suriyedeki fevqul\u00e2de vaziyetler meseleleri ba\u015f mesleat\u00e7\u0131s\u0131 Melinda Yang ayta ki, \u015fu anda devletni\u00f1 \u015fimaline yard\u0131m ketirmek zord\u0131r.<\/p>\n\n\n\n<p>Yang aytta ki, \u00e7oq, ayr\u0131ca s\u0131\u00f1\u0131rn\u0131 ke\u00e7\u00fcv ba\u015f noqtas\u0131ndaki yol bozuld\u0131. Bu da T\u00fcrkiyeden Suriyede \u00e7al\u0131\u015fqan te\u015fkil\u00e2tlar\u011fa yard\u0131m yollama\u011fa zorla\u015ft\u0131r\u0131r. Bu rayonda suv teminat sistemas\u0131 da bozuld\u0131, dep qayd ete. <\/p>\n\n\n\n<p>Recep Tayyip Erdo\u011fan bozul\u011fan Kahramanmara\u015f ve Hatay rayonlar\u0131n\u0131 ziyaret etmege planla\u015ft\u0131r\u0131r, dep prezidentni\u00f1 ofisi haber berdi. O, Pazarc\u0131kqa, zelzeleni\u00f1 tamam ortas\u0131na keter.<\/p>\n\n\n\n<p>O, e\u00f1 \u00e7oq zarar k\u00f6rgen on b\u00f6lgelerde \u00fc\u00e7 ayl\u0131q fevqul\u00e2de vaziyet il\u00e2n etti. Binalarn\u0131\u00f1 viranelikleri ast\u0131nda canl\u0131 tap\u0131l\u011fan ki\u015filer aqq\u0131nda beyanatlar kelmege devam eteler.<\/p>\n\n\n\n<p>Hatayda (T\u00fcrkiye) zelzeleden tahminen 52 saat so\u00f1 viran etilgen binadan sekiz ya\u015f\u0131ndaki o\u011flan muvafaqiyetnen qurtar\u0131ld\u0131.<\/p>\n\n\n\n<p>Ukraina T\u00fcrkiyege qurtar\u0131c\u0131lar taq\u0131m\u0131n\u0131 yollad\u0131.<br>Taq\u0131m, deyerli 90 ki\u015fiden ve viraneler ast\u0131nda insanlarn\u0131 q\u0131d\u0131rma\u011fa \u00f6gretken 10 q\u0131d\u0131r\u0131c\u0131-qurtar\u0131c\u0131 k\u00f6pekten ibaret ola.<\/p>\n","protected":false},"excerpt":{"rendered":"<p>T\u00fcrkieni\u00f1 merkeziy ve cen\u00fcbiy rayonlar\u0131nda ve Suriyede ol\u011fan \u015fiddetli zelezeleler qurbanlar\u0131n\u0131\u00f1 say\u0131s\u0131 artma\u011fa devam ete. Zarar k\u00f6regen vil\u00e2yetlerge prezident Erecep Erdo\u011fan kelmege planla\u015ft\u0131r\u0131r, dep BBC Ukraina bu aqq\u0131nda haber berdi. T\u00fcrkiyede 6 957 ki\u015fi, dep devletni\u00f1 fevqul\u00e2de vaziyetler agentligi haber berdi. Suriyede bilgilerni te\u015fkermege zorca, amma KHV ve qurtar\u0131c\u0131lar, 2 500 \u00f6lgen ki\u015fini\u00f1 ol\u011fan\u0131n\u0131 dep [&hellip;]<\/p>\n","protected":false},"author":6,"featured_media":78809,"comment_status":"open","ping_status":"open","sticky":false,"template":"","format":"standard","meta":{"inline_featured_image":false,"footnotes":""},"categories":[265],"tags":[],"class_list":["post-78812","post","type-post","status-publish","format-standard","has-post-thumbnail","hentry","category-haberler"],"acf":[],"yoast_head":"<!-- This site is optimized with the Yoast SEO plugin v27.4 - https:\/\/yoast.com\/product\/yoast-seo-wordpress\/ -->\n<title>Suriyedeki ve T\u00fcrkiyedeki zelzelelerde \u00f6lgenlerni\u00f1 say\u0131s\u0131 endi 9 bi\u00f1den ziyade ki\u015fidir - \u041c\u0435\u0434\u0436\u043b\u0456\u0441<\/title>\n<meta name=\"robots\" content=\"index, follow, max-snippet:-1, max-image-preview:large, max-video-preview:-1\" \/>\n<link rel=\"canonical\" href=\"https:\/\/qtmm.org\/qt\/suriyedeki-ve-turkiyedeki-zelzelelerde-olgenlernin-sayisi-endi-9-binden-ziyade-kisidir\/\" \/>\n<meta property=\"og:locale\" content=\"en_US\" \/>\n<meta property=\"og:type\" content=\"article\" \/>\n<meta property=\"og:title\" content=\"Suriyedeki ve T\u00fcrkiyedeki zelzelelerde \u00f6lgenlerni\u00f1 say\u0131s\u0131 endi 9 bi\u00f1den ziyade ki\u015fidir - \u041c\u0435\u0434\u0436\u043b\u0456\u0441\" \/>\n<meta property=\"og:description\" content=\"T\u00fcrkieni\u00f1 merkeziy ve cen\u00fcbiy rayonlar\u0131nda ve Suriyede ol\u011fan \u015fiddetli zelezeleler qurbanlar\u0131n\u0131\u00f1 say\u0131s\u0131 artma\u011fa devam ete. Zarar k\u00f6regen vil\u00e2yetlerge prezident Erecep Erdo\u011fan kelmege planla\u015ft\u0131r\u0131r, dep BBC Ukraina bu aqq\u0131nda haber berdi. T\u00fcrkiyede 6 957 ki\u015fi, dep devletni\u00f1 fevqul\u00e2de vaziyetler agentligi haber berdi. Suriyede bilgilerni te\u015fkermege zorca, amma KHV ve qurtar\u0131c\u0131lar, 2 500 \u00f6lgen ki\u015fini\u00f1 ol\u011fan\u0131n\u0131 dep [&hellip;]\" \/>\n<meta property=\"og:url\" content=\"https:\/\/qtmm.org\/qt\/suriyedeki-ve-turkiyedeki-zelzelelerde-olgenlernin-sayisi-endi-9-binden-ziyade-kisidir\/\" \/>\n<meta property=\"og:site_name\" content=\"\u041c\u0435\u0434\u0436\u043b\u0456\u0441\" \/>\n<meta property=\"article:publisher\" content=\"https:\/\/www.facebook.com\/qtmm.info\/\" \/>\n<meta property=\"article:published_time\" content=\"2023-02-08T16:50:05+00:00\" \/>\n<meta property=\"article:modified_time\" content=\"2023-02-08T16:50:07+00:00\" \/>\n<meta property=\"og:image\" content=\"https:\/\/qtmm.org\/wp-content\/uploads\/2023\/02\/174171-1_large.jpg\" \/>\n\t<meta property=\"og:image:width\" content=\"1140\" \/>\n\t<meta property=\"og:image:height\" content=\"760\" \/>\n\t<meta property=\"og:image:type\" content=\"image\/jpeg\" \/>\n<meta name=\"author\" content=\"milena\" \/>\n<meta name=\"twitter:card\" content=\"summary_large_image\" \/>\n<meta name=\"twitter:label1\" content=\"Written by\" \/>\n\t<meta name=\"twitter:data1\" content=\"milena\" \/>\n\t<meta name=\"twitter:label2\" content=\"Est. reading time\" \/>\n\t<meta name=\"twitter:data2\" content=\"2 minutes\" \/>\n<script type=\"application\/ld+json\" class=\"yoast-schema-graph\">{\"@context\":\"https:\\\/\\\/schema.org\",\"@graph\":[{\"@type\":\"Article\",\"@id\":\"https:\\\/\\\/qtmm.org\\\/qt\\\/suriyedeki-ve-turkiyedeki-zelzelelerde-olgenlernin-sayisi-endi-9-binden-ziyade-kisidir\\\/#article\",\"isPartOf\":{\"@id\":\"https:\\\/\\\/qtmm.org\\\/qt\\\/suriyedeki-ve-turkiyedeki-zelzelelerde-olgenlernin-sayisi-endi-9-binden-ziyade-kisidir\\\/\"},\"author\":{\"name\":\"milena\",\"@id\":\"https:\\\/\\\/qtmm.org\\\/qt\\\/#\\\/schema\\\/person\\\/e19a16971e1d6077c60771108a0c2eb1\"},\"headline\":\"Suriyedeki ve T\u00fcrkiyedeki zelzelelerde \u00f6lgenlerni\u00f1 say\u0131s\u0131 endi 9 bi\u00f1den ziyade ki\u015fidir\",\"datePublished\":\"2023-02-08T16:50:05+00:00\",\"dateModified\":\"2023-02-08T16:50:07+00:00\",\"mainEntityOfPage\":{\"@id\":\"https:\\\/\\\/qtmm.org\\\/qt\\\/suriyedeki-ve-turkiyedeki-zelzelelerde-olgenlernin-sayisi-endi-9-binden-ziyade-kisidir\\\/\"},\"wordCount\":271,\"commentCount\":0,\"publisher\":{\"@id\":\"https:\\\/\\\/qtmm.org\\\/qt\\\/#organization\"},\"image\":{\"@id\":\"https:\\\/\\\/qtmm.org\\\/qt\\\/suriyedeki-ve-turkiyedeki-zelzelelerde-olgenlernin-sayisi-endi-9-binden-ziyade-kisidir\\\/#primaryimage\"},\"thumbnailUrl\":\"https:\\\/\\\/qtmm.org\\\/wp-content\\\/uploads\\\/2023\\\/02\\\/174171-1_large.jpg\",\"articleSection\":[\"Haberler\"],\"inLanguage\":\"qt\",\"potentialAction\":[{\"@type\":\"CommentAction\",\"name\":\"Comment\",\"target\":[\"https:\\\/\\\/qtmm.org\\\/qt\\\/suriyedeki-ve-turkiyedeki-zelzelelerde-olgenlernin-sayisi-endi-9-binden-ziyade-kisidir\\\/#respond\"]}]},{\"@type\":\"WebPage\",\"@id\":\"https:\\\/\\\/qtmm.org\\\/qt\\\/suriyedeki-ve-turkiyedeki-zelzelelerde-olgenlernin-sayisi-endi-9-binden-ziyade-kisidir\\\/\",\"url\":\"https:\\\/\\\/qtmm.org\\\/qt\\\/suriyedeki-ve-turkiyedeki-zelzelelerde-olgenlernin-sayisi-endi-9-binden-ziyade-kisidir\\\/\",\"name\":\"Suriyedeki ve T\u00fcrkiyedeki zelzelelerde \u00f6lgenlerni\u00f1 say\u0131s\u0131 endi 9 bi\u00f1den ziyade ki\u015fidir - \u041c\u0435\u0434\u0436\u043b\u0456\u0441\",\"isPartOf\":{\"@id\":\"https:\\\/\\\/qtmm.org\\\/qt\\\/#website\"},\"primaryImageOfPage\":{\"@id\":\"https:\\\/\\\/qtmm.org\\\/qt\\\/suriyedeki-ve-turkiyedeki-zelzelelerde-olgenlernin-sayisi-endi-9-binden-ziyade-kisidir\\\/#primaryimage\"},\"image\":{\"@id\":\"https:\\\/\\\/qtmm.org\\\/qt\\\/suriyedeki-ve-turkiyedeki-zelzelelerde-olgenlernin-sayisi-endi-9-binden-ziyade-kisidir\\\/#primaryimage\"},\"thumbnailUrl\":\"https:\\\/\\\/qtmm.org\\\/wp-content\\\/uploads\\\/2023\\\/02\\\/174171-1_large.jpg\",\"datePublished\":\"2023-02-08T16:50:05+00:00\",\"dateModified\":\"2023-02-08T16:50:07+00:00\",\"breadcrumb\":{\"@id\":\"https:\\\/\\\/qtmm.org\\\/qt\\\/suriyedeki-ve-turkiyedeki-zelzelelerde-olgenlernin-sayisi-endi-9-binden-ziyade-kisidir\\\/#breadcrumb\"},\"inLanguage\":\"qt\",\"potentialAction\":[{\"@type\":\"ReadAction\",\"target\":[\"https:\\\/\\\/qtmm.org\\\/qt\\\/suriyedeki-ve-turkiyedeki-zelzelelerde-olgenlernin-sayisi-endi-9-binden-ziyade-kisidir\\\/\"]}]},{\"@type\":\"ImageObject\",\"inLanguage\":\"qt\",\"@id\":\"https:\\\/\\\/qtmm.org\\\/qt\\\/suriyedeki-ve-turkiyedeki-zelzelelerde-olgenlernin-sayisi-endi-9-binden-ziyade-kisidir\\\/#primaryimage\",\"url\":\"https:\\\/\\\/qtmm.org\\\/wp-content\\\/uploads\\\/2023\\\/02\\\/174171-1_large.jpg\",\"contentUrl\":\"https:\\\/\\\/qtmm.org\\\/wp-content\\\/uploads\\\/2023\\\/02\\\/174171-1_large.jpg\",\"width\":1140,\"height\":760},{\"@type\":\"BreadcrumbList\",\"@id\":\"https:\\\/\\\/qtmm.org\\\/qt\\\/suriyedeki-ve-turkiyedeki-zelzelelerde-olgenlernin-sayisi-endi-9-binden-ziyade-kisidir\\\/#breadcrumb\",\"itemListElement\":[{\"@type\":\"ListItem\",\"position\":1,\"name\":\"\u0413\u043e\u043b\u043e\u0432\u043d\u0430\",\"item\":\"https:\\\/\\\/qtmm.org\\\/qt\\\/\"},{\"@type\":\"ListItem\",\"position\":2,\"name\":\"Suriyedeki ve T\u00fcrkiyedeki zelzelelerde \u00f6lgenlerni\u00f1 say\u0131s\u0131 endi 9 bi\u00f1den ziyade ki\u015fidir\"}]},{\"@type\":\"WebSite\",\"@id\":\"https:\\\/\\\/qtmm.org\\\/qt\\\/#website\",\"url\":\"https:\\\/\\\/qtmm.org\\\/qt\\\/\",\"name\":\"\u041c\u0435\u0434\u0436\u043b\u0456\u0441\",\"description\":\"\",\"publisher\":{\"@id\":\"https:\\\/\\\/qtmm.org\\\/qt\\\/#organization\"},\"potentialAction\":[{\"@type\":\"SearchAction\",\"target\":{\"@type\":\"EntryPoint\",\"urlTemplate\":\"https:\\\/\\\/qtmm.org\\\/qt\\\/?s={search_term_string}\"},\"query-input\":{\"@type\":\"PropertyValueSpecification\",\"valueRequired\":true,\"valueName\":\"search_term_string\"}}],\"inLanguage\":\"qt\"},{\"@type\":\"Organization\",\"@id\":\"https:\\\/\\\/qtmm.org\\\/qt\\\/#organization\",\"name\":\"\u041c\u0435\u0434\u0436\u043b\u0456\u0441\",\"url\":\"https:\\\/\\\/qtmm.org\\\/qt\\\/\",\"logo\":{\"@type\":\"ImageObject\",\"inLanguage\":\"qt\",\"@id\":\"https:\\\/\\\/qtmm.org\\\/qt\\\/#\\\/schema\\\/logo\\\/image\\\/\",\"url\":\"https:\\\/\\\/qtmm.org\\\/wp-content\\\/uploads\\\/2024\\\/12\\\/ua-mejlis-logo-rgb.svg\",\"contentUrl\":\"https:\\\/\\\/qtmm.org\\\/wp-content\\\/uploads\\\/2024\\\/12\\\/ua-mejlis-logo-rgb.svg\",\"caption\":\"\u041c\u0435\u0434\u0436\u043b\u0456\u0441\"},\"image\":{\"@id\":\"https:\\\/\\\/qtmm.org\\\/qt\\\/#\\\/schema\\\/logo\\\/image\\\/\"},\"sameAs\":[\"https:\\\/\\\/www.facebook.com\\\/qtmm.info\\\/\"]},{\"@type\":\"Person\",\"@id\":\"https:\\\/\\\/qtmm.org\\\/qt\\\/#\\\/schema\\\/person\\\/e19a16971e1d6077c60771108a0c2eb1\",\"name\":\"milena\",\"image\":{\"@type\":\"ImageObject\",\"inLanguage\":\"qt\",\"@id\":\"https:\\\/\\\/secure.gravatar.com\\\/avatar\\\/a1c72d47914b6ffa21f1246920d5cff572eced8dc7c4ef1b629898b5a8c18fa5?s=96&d=mm&r=g\",\"url\":\"https:\\\/\\\/secure.gravatar.com\\\/avatar\\\/a1c72d47914b6ffa21f1246920d5cff572eced8dc7c4ef1b629898b5a8c18fa5?s=96&d=mm&r=g\",\"contentUrl\":\"https:\\\/\\\/secure.gravatar.com\\\/avatar\\\/a1c72d47914b6ffa21f1246920d5cff572eced8dc7c4ef1b629898b5a8c18fa5?s=96&d=mm&r=g\",\"caption\":\"milena\"},\"url\":\"https:\\\/\\\/qtmm.org\\\/qt\\\/author\\\/milena\\\/\"}]}<\/script>\n<!-- \/ Yoast SEO plugin. -->","yoast_head_json":{"title":"Suriyedeki ve T\u00fcrkiyedeki zelzelelerde \u00f6lgenlerni\u00f1 say\u0131s\u0131 endi 9 bi\u00f1den ziyade ki\u015fidir - \u041c\u0435\u0434\u0436\u043b\u0456\u0441","robots":{"index":"index","follow":"follow","max-snippet":"max-snippet:-1","max-image-preview":"max-image-preview:large","max-video-preview":"max-video-preview:-1"},"canonical":"https:\/\/qtmm.org\/qt\/suriyedeki-ve-turkiyedeki-zelzelelerde-olgenlernin-sayisi-endi-9-binden-ziyade-kisidir\/","og_locale":"en_US","og_type":"article","og_title":"Suriyedeki ve T\u00fcrkiyedeki zelzelelerde \u00f6lgenlerni\u00f1 say\u0131s\u0131 endi 9 bi\u00f1den ziyade ki\u015fidir - \u041c\u0435\u0434\u0436\u043b\u0456\u0441","og_description":"T\u00fcrkieni\u00f1 merkeziy ve cen\u00fcbiy rayonlar\u0131nda ve Suriyede ol\u011fan \u015fiddetli zelezeleler qurbanlar\u0131n\u0131\u00f1 say\u0131s\u0131 artma\u011fa devam ete. Zarar k\u00f6regen vil\u00e2yetlerge prezident Erecep Erdo\u011fan kelmege planla\u015ft\u0131r\u0131r, dep BBC Ukraina bu aqq\u0131nda haber berdi. T\u00fcrkiyede 6 957 ki\u015fi, dep devletni\u00f1 fevqul\u00e2de vaziyetler agentligi haber berdi. Suriyede bilgilerni te\u015fkermege zorca, amma KHV ve qurtar\u0131c\u0131lar, 2 500 \u00f6lgen ki\u015fini\u00f1 ol\u011fan\u0131n\u0131 dep [&hellip;]","og_url":"https:\/\/qtmm.org\/qt\/suriyedeki-ve-turkiyedeki-zelzelelerde-olgenlernin-sayisi-endi-9-binden-ziyade-kisidir\/","og_site_name":"\u041c\u0435\u0434\u0436\u043b\u0456\u0441","article_publisher":"https:\/\/www.facebook.com\/qtmm.info\/","article_published_time":"2023-02-08T16:50:05+00:00","article_modified_time":"2023-02-08T16:50:07+00:00","og_image":[{"width":1140,"height":760,"url":"https:\/\/qtmm.org\/wp-content\/uploads\/2023\/02\/174171-1_large.jpg","type":"image\/jpeg"}],"author":"milena","twitter_card":"summary_large_image","twitter_misc":{"Written by":"milena","Est. reading time":"2 minutes"},"schema":{"@context":"https:\/\/schema.org","@graph":[{"@type":"Article","@id":"https:\/\/qtmm.org\/qt\/suriyedeki-ve-turkiyedeki-zelzelelerde-olgenlernin-sayisi-endi-9-binden-ziyade-kisidir\/#article","isPartOf":{"@id":"https:\/\/qtmm.org\/qt\/suriyedeki-ve-turkiyedeki-zelzelelerde-olgenlernin-sayisi-endi-9-binden-ziyade-kisidir\/"},"author":{"name":"milena","@id":"https:\/\/qtmm.org\/qt\/#\/schema\/person\/e19a16971e1d6077c60771108a0c2eb1"},"headline":"Suriyedeki ve T\u00fcrkiyedeki zelzelelerde \u00f6lgenlerni\u00f1 say\u0131s\u0131 endi 9 bi\u00f1den ziyade ki\u015fidir","datePublished":"2023-02-08T16:50:05+00:00","dateModified":"2023-02-08T16:50:07+00:00","mainEntityOfPage":{"@id":"https:\/\/qtmm.org\/qt\/suriyedeki-ve-turkiyedeki-zelzelelerde-olgenlernin-sayisi-endi-9-binden-ziyade-kisidir\/"},"wordCount":271,"commentCount":0,"publisher":{"@id":"https:\/\/qtmm.org\/qt\/#organization"},"image":{"@id":"https:\/\/qtmm.org\/qt\/suriyedeki-ve-turkiyedeki-zelzelelerde-olgenlernin-sayisi-endi-9-binden-ziyade-kisidir\/#primaryimage"},"thumbnailUrl":"https:\/\/qtmm.org\/wp-content\/uploads\/2023\/02\/174171-1_large.jpg","articleSection":["Haberler"],"inLanguage":"qt","potentialAction":[{"@type":"CommentAction","name":"Comment","target":["https:\/\/qtmm.org\/qt\/suriyedeki-ve-turkiyedeki-zelzelelerde-olgenlernin-sayisi-endi-9-binden-ziyade-kisidir\/#respond"]}]},{"@type":"WebPage","@id":"https:\/\/qtmm.org\/qt\/suriyedeki-ve-turkiyedeki-zelzelelerde-olgenlernin-sayisi-endi-9-binden-ziyade-kisidir\/","url":"https:\/\/qtmm.org\/qt\/suriyedeki-ve-turkiyedeki-zelzelelerde-olgenlernin-sayisi-endi-9-binden-ziyade-kisidir\/","name":"Suriyedeki ve T\u00fcrkiyedeki zelzelelerde \u00f6lgenlerni\u00f1 say\u0131s\u0131 endi 9 bi\u00f1den ziyade ki\u015fidir - \u041c\u0435\u0434\u0436\u043b\u0456\u0441","isPartOf":{"@id":"https:\/\/qtmm.org\/qt\/#website"},"primaryImageOfPage":{"@id":"https:\/\/qtmm.org\/qt\/suriyedeki-ve-turkiyedeki-zelzelelerde-olgenlernin-sayisi-endi-9-binden-ziyade-kisidir\/#primaryimage"},"image":{"@id":"https:\/\/qtmm.org\/qt\/suriyedeki-ve-turkiyedeki-zelzelelerde-olgenlernin-sayisi-endi-9-binden-ziyade-kisidir\/#primaryimage"},"thumbnailUrl":"https:\/\/qtmm.org\/wp-content\/uploads\/2023\/02\/174171-1_large.jpg","datePublished":"2023-02-08T16:50:05+00:00","dateModified":"2023-02-08T16:50:07+00:00","breadcrumb":{"@id":"https:\/\/qtmm.org\/qt\/suriyedeki-ve-turkiyedeki-zelzelelerde-olgenlernin-sayisi-endi-9-binden-ziyade-kisidir\/#breadcrumb"},"inLanguage":"qt","potentialAction":[{"@type":"ReadAction","target":["https:\/\/qtmm.org\/qt\/suriyedeki-ve-turkiyedeki-zelzelelerde-olgenlernin-sayisi-endi-9-binden-ziyade-kisidir\/"]}]},{"@type":"ImageObject","inLanguage":"qt","@id":"https:\/\/qtmm.org\/qt\/suriyedeki-ve-turkiyedeki-zelzelelerde-olgenlernin-sayisi-endi-9-binden-ziyade-kisidir\/#primaryimage","url":"https:\/\/qtmm.org\/wp-content\/uploads\/2023\/02\/174171-1_large.jpg","contentUrl":"https:\/\/qtmm.org\/wp-content\/uploads\/2023\/02\/174171-1_large.jpg","width":1140,"height":760},{"@type":"BreadcrumbList","@id":"https:\/\/qtmm.org\/qt\/suriyedeki-ve-turkiyedeki-zelzelelerde-olgenlernin-sayisi-endi-9-binden-ziyade-kisidir\/#breadcrumb","itemListElement":[{"@type":"ListItem","position":1,"name":"\u0413\u043e\u043b\u043e\u0432\u043d\u0430","item":"https:\/\/qtmm.org\/qt\/"},{"@type":"ListItem","position":2,"name":"Suriyedeki ve T\u00fcrkiyedeki zelzelelerde \u00f6lgenlerni\u00f1 say\u0131s\u0131 endi 9 bi\u00f1den ziyade ki\u015fidir"}]},{"@type":"WebSite","@id":"https:\/\/qtmm.org\/qt\/#website","url":"https:\/\/qtmm.org\/qt\/","name":"\u041c\u0435\u0434\u0436\u043b\u0456\u0441","description":"","publisher":{"@id":"https:\/\/qtmm.org\/qt\/#organization"},"potentialAction":[{"@type":"SearchAction","target":{"@type":"EntryPoint","urlTemplate":"https:\/\/qtmm.org\/qt\/?s={search_term_string}"},"query-input":{"@type":"PropertyValueSpecification","valueRequired":true,"valueName":"search_term_string"}}],"inLanguage":"qt"},{"@type":"Organization","@id":"https:\/\/qtmm.org\/qt\/#organization","name":"\u041c\u0435\u0434\u0436\u043b\u0456\u0441","url":"https:\/\/qtmm.org\/qt\/","logo":{"@type":"ImageObject","inLanguage":"qt","@id":"https:\/\/qtmm.org\/qt\/#\/schema\/logo\/image\/","url":"https:\/\/qtmm.org\/wp-content\/uploads\/2024\/12\/ua-mejlis-logo-rgb.svg","contentUrl":"https:\/\/qtmm.org\/wp-content\/uploads\/2024\/12\/ua-mejlis-logo-rgb.svg","caption":"\u041c\u0435\u0434\u0436\u043b\u0456\u0441"},"image":{"@id":"https:\/\/qtmm.org\/qt\/#\/schema\/logo\/image\/"},"sameAs":["https:\/\/www.facebook.com\/qtmm.info\/"]},{"@type":"Person","@id":"https:\/\/qtmm.org\/qt\/#\/schema\/person\/e19a16971e1d6077c60771108a0c2eb1","name":"milena","image":{"@type":"ImageObject","inLanguage":"qt","@id":"https:\/\/secure.gravatar.com\/avatar\/a1c72d47914b6ffa21f1246920d5cff572eced8dc7c4ef1b629898b5a8c18fa5?s=96&d=mm&r=g","url":"https:\/\/secure.gravatar.com\/avatar\/a1c72d47914b6ffa21f1246920d5cff572eced8dc7c4ef1b629898b5a8c18fa5?s=96&d=mm&r=g","contentUrl":"https:\/\/secure.gravatar.com\/avatar\/a1c72d47914b6ffa21f1246920d5cff572eced8dc7c4ef1b629898b5a8c18fa5?s=96&d=mm&r=g","caption":"milena"},"url":"https:\/\/qtmm.org\/qt\/author\/milena\/"}]}},"_links":{"self":[{"href":"https:\/\/qtmm.org\/qt\/wp-json\/wp\/v2\/posts\/78812","targetHints":{"allow":["GET"]}}],"collection":[{"href":"https:\/\/qtmm.org\/qt\/wp-json\/wp\/v2\/posts"}],"about":[{"href":"https:\/\/qtmm.org\/qt\/wp-json\/wp\/v2\/types\/post"}],"author":[{"embeddable":true,"href":"https:\/\/qtmm.org\/qt\/wp-json\/wp\/v2\/users\/6"}],"replies":[{"embeddable":true,"href":"https:\/\/qtmm.org\/qt\/wp-json\/wp\/v2\/comments?post=78812"}],"version-history":[{"count":1,"href":"https:\/\/qtmm.org\/qt\/wp-json\/wp\/v2\/posts\/78812\/revisions"}],"predecessor-version":[{"id":78813,"href":"https:\/\/qtmm.org\/qt\/wp-json\/wp\/v2\/posts\/78812\/revisions\/78813"}],"wp:featuredmedia":[{"embeddable":true,"href":"https:\/\/qtmm.org\/qt\/wp-json\/wp\/v2\/media\/78809"}],"wp:attachment":[{"href":"https:\/\/qtmm.org\/qt\/wp-json\/wp\/v2\/media?parent=78812"}],"wp:term":[{"taxonomy":"category","embeddable":true,"href":"https:\/\/qtmm.org\/qt\/wp-json\/wp\/v2\/categories?post=78812"},{"taxonomy":"post_tag","embeddable":true,"href":"https:\/\/qtmm.org\/qt\/wp-json\/wp\/v2\/tags?post=78812"}],"curies":[{"name":"wp","href":"https:\/\/api.w.org\/{rel}","templated":true}]}}