




{"id":78796,"date":"2023-02-07T18:50:43","date_gmt":"2023-02-07T15:50:43","guid":{"rendered":"https:\/\/qtmm.org\/?p=78796"},"modified":"2023-02-07T18:50:45","modified_gmt":"2023-02-07T15:50:45","slug":"cebede-qirimtatar-eskender-nimetullayev-elak-oldi","status":"publish","type":"post","link":"https:\/\/qtmm.org\/qt\/cebede-qirimtatar-eskender-nimetullayev-elak-oldi\/","title":{"rendered":"Cebede q\u0131r\u0131mtatar Eskender Nimetullayev el\u00e2k old\u0131"},"content":{"rendered":"\n<p>2023 senesi ki\u00e7ik (fevral) ayn\u0131\u00f1 4-\u00fcnde Ukrainan\u0131\u00f1 \u015earq\u0131nda Ukrainan\u0131\u00f1 topraqlar\u0131na istil\u00e2 etken rus varvarlar\u0131na qarl\u0131 cenkte Ukraina Milliy Gvardiyas\u0131n\u0131\u00f1 yuqar\u0131 askeri Eskender N\u0130METULLAYEV el\u00e2k old\u0131.<\/p>\n\n\n\n<p>2002 senesi berim (sent\u00e2br) ay\u0131n\u0131\u00f1&nbsp;2-sinde Herson vil\u00e2yetini\u00f1 Geni\u00e7esk rayon\u0131n\u0131\u00f1&nbsp;Novooleksiyivka qasabas\u0131nda Eskender N\u0130METULLAYEV do\u011fd\u0131. O, \u0130smail ve Anife N\u0130METULLAYEVni\u00f1&nbsp;ailesinde ilk balas\u0131 edi, bundan so\u00f1&nbsp;Ayder (2004) ve \u015eevhiye (2010) do\u011fd\u0131.<\/p>\n\n\n\n<p>Eskender Herson vil\u00e2yetini\u00f1&nbsp;Geni\u00e7esk rayon\u0131n\u0131\u00f1&nbsp;Novooleksiyivka umumiy tasil 1. mektebinde oquy edi, on\u0131 bitirgen so\u00f1 2019 senesi Herson devlet de\u00f1iz akademiyas\u0131n\u0131\u00f1&nbsp;\u0130htisasiy-de\u00f1iz litseyine kirip 2020 senesi muvafaqiyetnen bitirdi.<\/p>\n\n\n\n<p>2020 senesi ilk q\u0131\u015f (dekabr) ay\u0131nda Eskender N\u0130METULLAYEV Ukraina Milliy Gvardiyas\u0131na m\u00fcddetli h\u0131zmetke \u00e7a\u011f\u0131r\u0131d\u0131ld\u0131. Eskenderni\u00f1 h\u0131zmet etkeni b\u00f6l\u00fck Luhansk vil\u00e2yetinde yerle\u015fe.<\/p>\n\n\n\n<p>Er vaq\u0131t Eskender N\u0130METULLAYEVni\u00f1&nbsp;b\u00fcy\u00fck cevapk\u00e2r duy\u011fus\u0131 bar edi, komandanlar\u0131 ve h\u0131zmetde\u015fleri on\u0131 qadirine yete ve \u00fcrmet ete ediler.<\/p>\n\n\n\n<p>2022 senesi berim ay\u0131nda Eskender N\u0130METULLAYEV imtian berip Devlet ticaret-iqtisadiyat universitetini\u00f1 (K\u0131yiv) \u011f\u0131yabiy b\u00f6l\u00fcgini\u00f1 birinci s\u0131n\u0131fqa kirdi.<\/p>\n\n\n\n<p>Qusurs\u0131z h\u0131zmet be ihtisasl\u0131q i\u00e7\u00fcn Eskender N\u0130METULLYEV \u00e7oq kere komandanl\u0131q yapt\u0131, 2022 senesi may\u0131s ay\u0131nda Ukraina Milliy Gvardiyas\u0131n\u0131\u00f1 komandan\u0131n\u0131\u00f1 emrinen Eskender, &#8220;\u015eanl\u0131 h\u0131zmet i\u00e7\u00fcn&#8221; k\u00f6k\u00fcs i\u015faretinen muk\u00e2fatland\u0131r\u0131ld\u0131.<\/p>\n\n\n\n<p>Q\u0131r\u0131mtatar Milliy Meclisi ve men \u015fahsen, b\u00f6yle b\u00fcy\u00fck bir \u011fay\u0131p &#8211; Eskender N\u0130METULLAYEVni\u00f1 \u00f6l\u00fcmi sebebinden yaq\u0131nlar\u0131na ve aqrabalar\u0131na: \u0130smail baba, Anife ana, Ayder qarda\u015f, \u015eevhiye q\u0131z qarda\u015f, ve arbiy qarda\u015flar\u0131, dostalar\u0131, Geni\u00e7esk rayon\u0131n\u0131\u00f1 Novooleksiyivka qasabas\u0131n\u0131\u00f1 sakinlerine taziye bildiremiz.<\/p>\n\n\n\n<p>Allah rahmet eylesin!<\/p>\n\n\n\n<p>Refat \u00c7ubarov,<\/p>\n\n\n\n<p>Q\u0131r\u0131mtatar Milliy Meclisini\u00f1 ba\u015f\u0131<\/p>\n\n\n\n<p>K\u0131yiv \u015f., 2023 senesi ki\u00e7ik ayn\u0131\u00f1 6-s\u0131<\/p>\n\n\n\n<figure class=\"wp-block-gallery has-nested-images columns-default is-cropped wp-block-gallery-1 is-layout-flex wp-block-gallery-is-layout-flex\">\n<figure class=\"wp-block-image size-large\"><img loading=\"lazy\" decoding=\"async\" width=\"1122\" height=\"2048\" data-id=\"78797\" src=\"https:\/\/qtmm.org\/wp-content\/uploads\/2023\/02\/329012975_921817122163843_4539460226722461990_n-1.jpg\" alt=\"\" class=\"wp-image-78797\" srcset=\"https:\/\/qtmm.org\/wp-content\/uploads\/2023\/02\/329012975_921817122163843_4539460226722461990_n-1.jpg 1122w, https:\/\/qtmm.org\/wp-content\/uploads\/2023\/02\/329012975_921817122163843_4539460226722461990_n-1-164x300.jpg 164w, https:\/\/qtmm.org\/wp-content\/uploads\/2023\/02\/329012975_921817122163843_4539460226722461990_n-1-561x1024.jpg 561w, https:\/\/qtmm.org\/wp-content\/uploads\/2023\/02\/329012975_921817122163843_4539460226722461990_n-1-768x1402.jpg 768w, https:\/\/qtmm.org\/wp-content\/uploads\/2023\/02\/329012975_921817122163843_4539460226722461990_n-1-842x1536.jpg 842w\" sizes=\"auto, (max-width: 1122px) 100vw, 1122px\" \/><\/figure>\n\n\n\n<figure class=\"wp-block-image size-large\"><img loading=\"lazy\" decoding=\"async\" width=\"1283\" height=\"939\" data-id=\"78801\" src=\"https:\/\/qtmm.org\/wp-content\/uploads\/2023\/02\/329924898_1439105376619861_2133955243506482063_n-1.jpg\" alt=\"\" class=\"wp-image-78801\" srcset=\"https:\/\/qtmm.org\/wp-content\/uploads\/2023\/02\/329924898_1439105376619861_2133955243506482063_n-1.jpg 1283w, https:\/\/qtmm.org\/wp-content\/uploads\/2023\/02\/329924898_1439105376619861_2133955243506482063_n-1-300x220.jpg 300w, https:\/\/qtmm.org\/wp-content\/uploads\/2023\/02\/329924898_1439105376619861_2133955243506482063_n-1-1024x749.jpg 1024w, https:\/\/qtmm.org\/wp-content\/uploads\/2023\/02\/329924898_1439105376619861_2133955243506482063_n-1-768x562.jpg 768w\" sizes=\"auto, (max-width: 1283px) 100vw, 1283px\" \/><\/figure>\n<\/figure>\n","protected":false},"excerpt":{"rendered":"<p>2023 senesi ki\u00e7ik (fevral) ayn\u0131\u00f1 4-\u00fcnde Ukrainan\u0131\u00f1 \u015earq\u0131nda Ukrainan\u0131\u00f1 topraqlar\u0131na istil\u00e2 etken rus varvarlar\u0131na qarl\u0131 cenkte Ukraina Milliy Gvardiyas\u0131n\u0131\u00f1 yuqar\u0131 askeri Eskender N\u0130METULLAYEV el\u00e2k old\u0131. 2002 senesi berim (sent\u00e2br) ay\u0131n\u0131\u00f1&nbsp;2-sinde Herson vil\u00e2yetini\u00f1 Geni\u00e7esk rayon\u0131n\u0131\u00f1&nbsp;Novooleksiyivka qasabas\u0131nda Eskender N\u0130METULLAYEV do\u011fd\u0131. O, \u0130smail ve Anife N\u0130METULLAYEVni\u00f1&nbsp;ailesinde ilk balas\u0131 edi, bundan so\u00f1&nbsp;Ayder (2004) ve \u015eevhiye (2010) do\u011fd\u0131. Eskender Herson [&hellip;]<\/p>\n","protected":false},"author":6,"featured_media":78792,"comment_status":"open","ping_status":"open","sticky":false,"template":"","format":"standard","meta":{"inline_featured_image":false,"footnotes":""},"categories":[265],"tags":[],"class_list":["post-78796","post","type-post","status-publish","format-standard","has-post-thumbnail","hentry","category-haberler"],"acf":[],"yoast_head":"<!-- This site is optimized with the Yoast SEO plugin v27.4 - https:\/\/yoast.com\/product\/yoast-seo-wordpress\/ -->\n<title>Cebede q\u0131r\u0131mtatar Eskender Nimetullayev el\u00e2k old\u0131 - \u041c\u0435\u0434\u0436\u043b\u0456\u0441<\/title>\n<meta name=\"robots\" content=\"index, follow, max-snippet:-1, max-image-preview:large, max-video-preview:-1\" \/>\n<link rel=\"canonical\" href=\"https:\/\/qtmm.org\/qt\/cebede-qirimtatar-eskender-nimetullayev-elak-oldi\/\" \/>\n<meta property=\"og:locale\" content=\"en_US\" \/>\n<meta property=\"og:type\" content=\"article\" \/>\n<meta property=\"og:title\" content=\"Cebede q\u0131r\u0131mtatar Eskender Nimetullayev el\u00e2k old\u0131 - \u041c\u0435\u0434\u0436\u043b\u0456\u0441\" \/>\n<meta property=\"og:description\" content=\"2023 senesi ki\u00e7ik (fevral) ayn\u0131\u00f1 4-\u00fcnde Ukrainan\u0131\u00f1 \u015earq\u0131nda Ukrainan\u0131\u00f1 topraqlar\u0131na istil\u00e2 etken rus varvarlar\u0131na qarl\u0131 cenkte Ukraina Milliy Gvardiyas\u0131n\u0131\u00f1 yuqar\u0131 askeri Eskender N\u0130METULLAYEV el\u00e2k old\u0131. 2002 senesi berim (sent\u00e2br) ay\u0131n\u0131\u00f1&nbsp;2-sinde Herson vil\u00e2yetini\u00f1 Geni\u00e7esk rayon\u0131n\u0131\u00f1&nbsp;Novooleksiyivka qasabas\u0131nda Eskender N\u0130METULLAYEV do\u011fd\u0131. O, \u0130smail ve Anife N\u0130METULLAYEVni\u00f1&nbsp;ailesinde ilk balas\u0131 edi, bundan so\u00f1&nbsp;Ayder (2004) ve \u015eevhiye (2010) do\u011fd\u0131. Eskender Herson [&hellip;]\" \/>\n<meta property=\"og:url\" content=\"https:\/\/qtmm.org\/qt\/cebede-qirimtatar-eskender-nimetullayev-elak-oldi\/\" \/>\n<meta property=\"og:site_name\" content=\"\u041c\u0435\u0434\u0436\u043b\u0456\u0441\" \/>\n<meta property=\"article:publisher\" content=\"https:\/\/www.facebook.com\/qtmm.info\/\" \/>\n<meta property=\"article:published_time\" content=\"2023-02-07T15:50:43+00:00\" \/>\n<meta property=\"article:modified_time\" content=\"2023-02-07T15:50:45+00:00\" \/>\n<meta property=\"og:image\" content=\"https:\/\/qtmm.org\/wp-content\/uploads\/2023\/02\/329099502_1339771316815909_895528714435085937_n.jpg\" \/>\n\t<meta property=\"og:image:width\" content=\"2000\" \/>\n\t<meta property=\"og:image:height\" content=\"1283\" \/>\n\t<meta property=\"og:image:type\" content=\"image\/jpeg\" \/>\n<meta name=\"author\" content=\"milena\" \/>\n<meta name=\"twitter:card\" content=\"summary_large_image\" \/>\n<meta name=\"twitter:label1\" content=\"Written by\" \/>\n\t<meta name=\"twitter:data1\" content=\"milena\" \/>\n\t<meta name=\"twitter:label2\" content=\"Est. reading time\" \/>\n\t<meta name=\"twitter:data2\" content=\"2 minutes\" \/>\n<script type=\"application\/ld+json\" class=\"yoast-schema-graph\">{\"@context\":\"https:\\\/\\\/schema.org\",\"@graph\":[{\"@type\":\"Article\",\"@id\":\"https:\\\/\\\/qtmm.org\\\/qt\\\/cebede-qirimtatar-eskender-nimetullayev-elak-oldi\\\/#article\",\"isPartOf\":{\"@id\":\"https:\\\/\\\/qtmm.org\\\/qt\\\/cebede-qirimtatar-eskender-nimetullayev-elak-oldi\\\/\"},\"author\":{\"name\":\"milena\",\"@id\":\"https:\\\/\\\/qtmm.org\\\/qt\\\/#\\\/schema\\\/person\\\/e19a16971e1d6077c60771108a0c2eb1\"},\"headline\":\"Cebede q\u0131r\u0131mtatar Eskender Nimetullayev el\u00e2k old\u0131\",\"datePublished\":\"2023-02-07T15:50:43+00:00\",\"dateModified\":\"2023-02-07T15:50:45+00:00\",\"mainEntityOfPage\":{\"@id\":\"https:\\\/\\\/qtmm.org\\\/qt\\\/cebede-qirimtatar-eskender-nimetullayev-elak-oldi\\\/\"},\"wordCount\":318,\"commentCount\":0,\"publisher\":{\"@id\":\"https:\\\/\\\/qtmm.org\\\/qt\\\/#organization\"},\"image\":{\"@id\":\"https:\\\/\\\/qtmm.org\\\/qt\\\/cebede-qirimtatar-eskender-nimetullayev-elak-oldi\\\/#primaryimage\"},\"thumbnailUrl\":\"https:\\\/\\\/qtmm.org\\\/wp-content\\\/uploads\\\/2023\\\/02\\\/329099502_1339771316815909_895528714435085937_n.jpg\",\"articleSection\":[\"Haberler\"],\"inLanguage\":\"qt\",\"potentialAction\":[{\"@type\":\"CommentAction\",\"name\":\"Comment\",\"target\":[\"https:\\\/\\\/qtmm.org\\\/qt\\\/cebede-qirimtatar-eskender-nimetullayev-elak-oldi\\\/#respond\"]}]},{\"@type\":\"WebPage\",\"@id\":\"https:\\\/\\\/qtmm.org\\\/qt\\\/cebede-qirimtatar-eskender-nimetullayev-elak-oldi\\\/\",\"url\":\"https:\\\/\\\/qtmm.org\\\/qt\\\/cebede-qirimtatar-eskender-nimetullayev-elak-oldi\\\/\",\"name\":\"Cebede q\u0131r\u0131mtatar Eskender Nimetullayev el\u00e2k old\u0131 - \u041c\u0435\u0434\u0436\u043b\u0456\u0441\",\"isPartOf\":{\"@id\":\"https:\\\/\\\/qtmm.org\\\/qt\\\/#website\"},\"primaryImageOfPage\":{\"@id\":\"https:\\\/\\\/qtmm.org\\\/qt\\\/cebede-qirimtatar-eskender-nimetullayev-elak-oldi\\\/#primaryimage\"},\"image\":{\"@id\":\"https:\\\/\\\/qtmm.org\\\/qt\\\/cebede-qirimtatar-eskender-nimetullayev-elak-oldi\\\/#primaryimage\"},\"thumbnailUrl\":\"https:\\\/\\\/qtmm.org\\\/wp-content\\\/uploads\\\/2023\\\/02\\\/329099502_1339771316815909_895528714435085937_n.jpg\",\"datePublished\":\"2023-02-07T15:50:43+00:00\",\"dateModified\":\"2023-02-07T15:50:45+00:00\",\"breadcrumb\":{\"@id\":\"https:\\\/\\\/qtmm.org\\\/qt\\\/cebede-qirimtatar-eskender-nimetullayev-elak-oldi\\\/#breadcrumb\"},\"inLanguage\":\"qt\",\"potentialAction\":[{\"@type\":\"ReadAction\",\"target\":[\"https:\\\/\\\/qtmm.org\\\/qt\\\/cebede-qirimtatar-eskender-nimetullayev-elak-oldi\\\/\"]}]},{\"@type\":\"ImageObject\",\"inLanguage\":\"qt\",\"@id\":\"https:\\\/\\\/qtmm.org\\\/qt\\\/cebede-qirimtatar-eskender-nimetullayev-elak-oldi\\\/#primaryimage\",\"url\":\"https:\\\/\\\/qtmm.org\\\/wp-content\\\/uploads\\\/2023\\\/02\\\/329099502_1339771316815909_895528714435085937_n.jpg\",\"contentUrl\":\"https:\\\/\\\/qtmm.org\\\/wp-content\\\/uploads\\\/2023\\\/02\\\/329099502_1339771316815909_895528714435085937_n.jpg\",\"width\":2000,\"height\":1283},{\"@type\":\"BreadcrumbList\",\"@id\":\"https:\\\/\\\/qtmm.org\\\/qt\\\/cebede-qirimtatar-eskender-nimetullayev-elak-oldi\\\/#breadcrumb\",\"itemListElement\":[{\"@type\":\"ListItem\",\"position\":1,\"name\":\"\u0413\u043e\u043b\u043e\u0432\u043d\u0430\",\"item\":\"https:\\\/\\\/qtmm.org\\\/qt\\\/\"},{\"@type\":\"ListItem\",\"position\":2,\"name\":\"Cebede q\u0131r\u0131mtatar Eskender Nimetullayev el\u00e2k old\u0131\"}]},{\"@type\":\"WebSite\",\"@id\":\"https:\\\/\\\/qtmm.org\\\/qt\\\/#website\",\"url\":\"https:\\\/\\\/qtmm.org\\\/qt\\\/\",\"name\":\"\u041c\u0435\u0434\u0436\u043b\u0456\u0441\",\"description\":\"\",\"publisher\":{\"@id\":\"https:\\\/\\\/qtmm.org\\\/qt\\\/#organization\"},\"potentialAction\":[{\"@type\":\"SearchAction\",\"target\":{\"@type\":\"EntryPoint\",\"urlTemplate\":\"https:\\\/\\\/qtmm.org\\\/qt\\\/?s={search_term_string}\"},\"query-input\":{\"@type\":\"PropertyValueSpecification\",\"valueRequired\":true,\"valueName\":\"search_term_string\"}}],\"inLanguage\":\"qt\"},{\"@type\":\"Organization\",\"@id\":\"https:\\\/\\\/qtmm.org\\\/qt\\\/#organization\",\"name\":\"\u041c\u0435\u0434\u0436\u043b\u0456\u0441\",\"url\":\"https:\\\/\\\/qtmm.org\\\/qt\\\/\",\"logo\":{\"@type\":\"ImageObject\",\"inLanguage\":\"qt\",\"@id\":\"https:\\\/\\\/qtmm.org\\\/qt\\\/#\\\/schema\\\/logo\\\/image\\\/\",\"url\":\"https:\\\/\\\/qtmm.org\\\/wp-content\\\/uploads\\\/2024\\\/12\\\/ua-mejlis-logo-rgb.svg\",\"contentUrl\":\"https:\\\/\\\/qtmm.org\\\/wp-content\\\/uploads\\\/2024\\\/12\\\/ua-mejlis-logo-rgb.svg\",\"caption\":\"\u041c\u0435\u0434\u0436\u043b\u0456\u0441\"},\"image\":{\"@id\":\"https:\\\/\\\/qtmm.org\\\/qt\\\/#\\\/schema\\\/logo\\\/image\\\/\"},\"sameAs\":[\"https:\\\/\\\/www.facebook.com\\\/qtmm.info\\\/\"]},{\"@type\":\"Person\",\"@id\":\"https:\\\/\\\/qtmm.org\\\/qt\\\/#\\\/schema\\\/person\\\/e19a16971e1d6077c60771108a0c2eb1\",\"name\":\"milena\",\"image\":{\"@type\":\"ImageObject\",\"inLanguage\":\"qt\",\"@id\":\"https:\\\/\\\/secure.gravatar.com\\\/avatar\\\/a1c72d47914b6ffa21f1246920d5cff572eced8dc7c4ef1b629898b5a8c18fa5?s=96&d=mm&r=g\",\"url\":\"https:\\\/\\\/secure.gravatar.com\\\/avatar\\\/a1c72d47914b6ffa21f1246920d5cff572eced8dc7c4ef1b629898b5a8c18fa5?s=96&d=mm&r=g\",\"contentUrl\":\"https:\\\/\\\/secure.gravatar.com\\\/avatar\\\/a1c72d47914b6ffa21f1246920d5cff572eced8dc7c4ef1b629898b5a8c18fa5?s=96&d=mm&r=g\",\"caption\":\"milena\"},\"url\":\"https:\\\/\\\/qtmm.org\\\/qt\\\/author\\\/milena\\\/\"}]}<\/script>\n<!-- \/ Yoast SEO plugin. -->","yoast_head_json":{"title":"Cebede q\u0131r\u0131mtatar Eskender Nimetullayev el\u00e2k old\u0131 - \u041c\u0435\u0434\u0436\u043b\u0456\u0441","robots":{"index":"index","follow":"follow","max-snippet":"max-snippet:-1","max-image-preview":"max-image-preview:large","max-video-preview":"max-video-preview:-1"},"canonical":"https:\/\/qtmm.org\/qt\/cebede-qirimtatar-eskender-nimetullayev-elak-oldi\/","og_locale":"en_US","og_type":"article","og_title":"Cebede q\u0131r\u0131mtatar Eskender Nimetullayev el\u00e2k old\u0131 - \u041c\u0435\u0434\u0436\u043b\u0456\u0441","og_description":"2023 senesi ki\u00e7ik (fevral) ayn\u0131\u00f1 4-\u00fcnde Ukrainan\u0131\u00f1 \u015earq\u0131nda Ukrainan\u0131\u00f1 topraqlar\u0131na istil\u00e2 etken rus varvarlar\u0131na qarl\u0131 cenkte Ukraina Milliy Gvardiyas\u0131n\u0131\u00f1 yuqar\u0131 askeri Eskender N\u0130METULLAYEV el\u00e2k old\u0131. 2002 senesi berim (sent\u00e2br) ay\u0131n\u0131\u00f1&nbsp;2-sinde Herson vil\u00e2yetini\u00f1 Geni\u00e7esk rayon\u0131n\u0131\u00f1&nbsp;Novooleksiyivka qasabas\u0131nda Eskender N\u0130METULLAYEV do\u011fd\u0131. O, \u0130smail ve Anife N\u0130METULLAYEVni\u00f1&nbsp;ailesinde ilk balas\u0131 edi, bundan so\u00f1&nbsp;Ayder (2004) ve \u015eevhiye (2010) do\u011fd\u0131. Eskender Herson [&hellip;]","og_url":"https:\/\/qtmm.org\/qt\/cebede-qirimtatar-eskender-nimetullayev-elak-oldi\/","og_site_name":"\u041c\u0435\u0434\u0436\u043b\u0456\u0441","article_publisher":"https:\/\/www.facebook.com\/qtmm.info\/","article_published_time":"2023-02-07T15:50:43+00:00","article_modified_time":"2023-02-07T15:50:45+00:00","og_image":[{"width":2000,"height":1283,"url":"https:\/\/qtmm.org\/wp-content\/uploads\/2023\/02\/329099502_1339771316815909_895528714435085937_n.jpg","type":"image\/jpeg"}],"author":"milena","twitter_card":"summary_large_image","twitter_misc":{"Written by":"milena","Est. reading time":"2 minutes"},"schema":{"@context":"https:\/\/schema.org","@graph":[{"@type":"Article","@id":"https:\/\/qtmm.org\/qt\/cebede-qirimtatar-eskender-nimetullayev-elak-oldi\/#article","isPartOf":{"@id":"https:\/\/qtmm.org\/qt\/cebede-qirimtatar-eskender-nimetullayev-elak-oldi\/"},"author":{"name":"milena","@id":"https:\/\/qtmm.org\/qt\/#\/schema\/person\/e19a16971e1d6077c60771108a0c2eb1"},"headline":"Cebede q\u0131r\u0131mtatar Eskender Nimetullayev el\u00e2k old\u0131","datePublished":"2023-02-07T15:50:43+00:00","dateModified":"2023-02-07T15:50:45+00:00","mainEntityOfPage":{"@id":"https:\/\/qtmm.org\/qt\/cebede-qirimtatar-eskender-nimetullayev-elak-oldi\/"},"wordCount":318,"commentCount":0,"publisher":{"@id":"https:\/\/qtmm.org\/qt\/#organization"},"image":{"@id":"https:\/\/qtmm.org\/qt\/cebede-qirimtatar-eskender-nimetullayev-elak-oldi\/#primaryimage"},"thumbnailUrl":"https:\/\/qtmm.org\/wp-content\/uploads\/2023\/02\/329099502_1339771316815909_895528714435085937_n.jpg","articleSection":["Haberler"],"inLanguage":"qt","potentialAction":[{"@type":"CommentAction","name":"Comment","target":["https:\/\/qtmm.org\/qt\/cebede-qirimtatar-eskender-nimetullayev-elak-oldi\/#respond"]}]},{"@type":"WebPage","@id":"https:\/\/qtmm.org\/qt\/cebede-qirimtatar-eskender-nimetullayev-elak-oldi\/","url":"https:\/\/qtmm.org\/qt\/cebede-qirimtatar-eskender-nimetullayev-elak-oldi\/","name":"Cebede q\u0131r\u0131mtatar Eskender Nimetullayev el\u00e2k old\u0131 - \u041c\u0435\u0434\u0436\u043b\u0456\u0441","isPartOf":{"@id":"https:\/\/qtmm.org\/qt\/#website"},"primaryImageOfPage":{"@id":"https:\/\/qtmm.org\/qt\/cebede-qirimtatar-eskender-nimetullayev-elak-oldi\/#primaryimage"},"image":{"@id":"https:\/\/qtmm.org\/qt\/cebede-qirimtatar-eskender-nimetullayev-elak-oldi\/#primaryimage"},"thumbnailUrl":"https:\/\/qtmm.org\/wp-content\/uploads\/2023\/02\/329099502_1339771316815909_895528714435085937_n.jpg","datePublished":"2023-02-07T15:50:43+00:00","dateModified":"2023-02-07T15:50:45+00:00","breadcrumb":{"@id":"https:\/\/qtmm.org\/qt\/cebede-qirimtatar-eskender-nimetullayev-elak-oldi\/#breadcrumb"},"inLanguage":"qt","potentialAction":[{"@type":"ReadAction","target":["https:\/\/qtmm.org\/qt\/cebede-qirimtatar-eskender-nimetullayev-elak-oldi\/"]}]},{"@type":"ImageObject","inLanguage":"qt","@id":"https:\/\/qtmm.org\/qt\/cebede-qirimtatar-eskender-nimetullayev-elak-oldi\/#primaryimage","url":"https:\/\/qtmm.org\/wp-content\/uploads\/2023\/02\/329099502_1339771316815909_895528714435085937_n.jpg","contentUrl":"https:\/\/qtmm.org\/wp-content\/uploads\/2023\/02\/329099502_1339771316815909_895528714435085937_n.jpg","width":2000,"height":1283},{"@type":"BreadcrumbList","@id":"https:\/\/qtmm.org\/qt\/cebede-qirimtatar-eskender-nimetullayev-elak-oldi\/#breadcrumb","itemListElement":[{"@type":"ListItem","position":1,"name":"\u0413\u043e\u043b\u043e\u0432\u043d\u0430","item":"https:\/\/qtmm.org\/qt\/"},{"@type":"ListItem","position":2,"name":"Cebede q\u0131r\u0131mtatar Eskender Nimetullayev el\u00e2k old\u0131"}]},{"@type":"WebSite","@id":"https:\/\/qtmm.org\/qt\/#website","url":"https:\/\/qtmm.org\/qt\/","name":"\u041c\u0435\u0434\u0436\u043b\u0456\u0441","description":"","publisher":{"@id":"https:\/\/qtmm.org\/qt\/#organization"},"potentialAction":[{"@type":"SearchAction","target":{"@type":"EntryPoint","urlTemplate":"https:\/\/qtmm.org\/qt\/?s={search_term_string}"},"query-input":{"@type":"PropertyValueSpecification","valueRequired":true,"valueName":"search_term_string"}}],"inLanguage":"qt"},{"@type":"Organization","@id":"https:\/\/qtmm.org\/qt\/#organization","name":"\u041c\u0435\u0434\u0436\u043b\u0456\u0441","url":"https:\/\/qtmm.org\/qt\/","logo":{"@type":"ImageObject","inLanguage":"qt","@id":"https:\/\/qtmm.org\/qt\/#\/schema\/logo\/image\/","url":"https:\/\/qtmm.org\/wp-content\/uploads\/2024\/12\/ua-mejlis-logo-rgb.svg","contentUrl":"https:\/\/qtmm.org\/wp-content\/uploads\/2024\/12\/ua-mejlis-logo-rgb.svg","caption":"\u041c\u0435\u0434\u0436\u043b\u0456\u0441"},"image":{"@id":"https:\/\/qtmm.org\/qt\/#\/schema\/logo\/image\/"},"sameAs":["https:\/\/www.facebook.com\/qtmm.info\/"]},{"@type":"Person","@id":"https:\/\/qtmm.org\/qt\/#\/schema\/person\/e19a16971e1d6077c60771108a0c2eb1","name":"milena","image":{"@type":"ImageObject","inLanguage":"qt","@id":"https:\/\/secure.gravatar.com\/avatar\/a1c72d47914b6ffa21f1246920d5cff572eced8dc7c4ef1b629898b5a8c18fa5?s=96&d=mm&r=g","url":"https:\/\/secure.gravatar.com\/avatar\/a1c72d47914b6ffa21f1246920d5cff572eced8dc7c4ef1b629898b5a8c18fa5?s=96&d=mm&r=g","contentUrl":"https:\/\/secure.gravatar.com\/avatar\/a1c72d47914b6ffa21f1246920d5cff572eced8dc7c4ef1b629898b5a8c18fa5?s=96&d=mm&r=g","caption":"milena"},"url":"https:\/\/qtmm.org\/qt\/author\/milena\/"}]}},"_links":{"self":[{"href":"https:\/\/qtmm.org\/qt\/wp-json\/wp\/v2\/posts\/78796","targetHints":{"allow":["GET"]}}],"collection":[{"href":"https:\/\/qtmm.org\/qt\/wp-json\/wp\/v2\/posts"}],"about":[{"href":"https:\/\/qtmm.org\/qt\/wp-json\/wp\/v2\/types\/post"}],"author":[{"embeddable":true,"href":"https:\/\/qtmm.org\/qt\/wp-json\/wp\/v2\/users\/6"}],"replies":[{"embeddable":true,"href":"https:\/\/qtmm.org\/qt\/wp-json\/wp\/v2\/comments?post=78796"}],"version-history":[{"count":1,"href":"https:\/\/qtmm.org\/qt\/wp-json\/wp\/v2\/posts\/78796\/revisions"}],"predecessor-version":[{"id":78805,"href":"https:\/\/qtmm.org\/qt\/wp-json\/wp\/v2\/posts\/78796\/revisions\/78805"}],"wp:featuredmedia":[{"embeddable":true,"href":"https:\/\/qtmm.org\/qt\/wp-json\/wp\/v2\/media\/78792"}],"wp:attachment":[{"href":"https:\/\/qtmm.org\/qt\/wp-json\/wp\/v2\/media?parent=78796"}],"wp:term":[{"taxonomy":"category","embeddable":true,"href":"https:\/\/qtmm.org\/qt\/wp-json\/wp\/v2\/categories?post=78796"},{"taxonomy":"post_tag","embeddable":true,"href":"https:\/\/qtmm.org\/qt\/wp-json\/wp\/v2\/tags?post=78796"}],"curies":[{"name":"wp","href":"https:\/\/api.w.org\/{rel}","templated":true}]}}