




{"id":78736,"date":"2023-02-06T16:11:33","date_gmt":"2023-02-06T13:11:33","guid":{"rendered":"https:\/\/qtmm.org\/?p=78736"},"modified":"2023-02-06T16:11:35","modified_gmt":"2023-02-06T13:11:35","slug":"acinamiz-dostane-turkiye","status":"publish","type":"post","link":"https:\/\/qtmm.org\/qt\/acinamiz-dostane-turkiye\/","title":{"rendered":"Ac\u0131nam\u0131z, dostane T\u00fcrkiye\u2026"},"content":{"rendered":"\n<p>2023 senesi ki\u00e7ik (fevral) ayn\u0131\u00f1 6-s\u0131nda saba maalinde T\u00fcrkiyeni\u00f1 cen\u00fcbiy \u015farq\u0131nda ve ayn\u0131 zamanda Suriyeni\u00f1&nbsp;topra\u011f\u0131nda 7.8 baal\u0131 \u015fiddetli zelzele old\u0131. Neticesinde eali aras\u0131nda \u00e7oq \u011fay\u0131p bar ve \u00e7oq astyap\u0131 viran etildi.<\/p>\n\n\n\n<p>Bu qorqun\u00e7l\u0131 facia neticesinde, ilk bilgilerge k\u00f6re, tek T\u00fcrkiyede 912 ki\u015fi el\u00e2k old\u0131, 5385 vatanda\u015f yaraland\u0131.<\/p>\n\n\n\n<p>Yaz\u0131q ki, qurbanlarn\u0131\u00f1 say\u0131s\u0131 artma\u011fa devam ete.<\/p>\n\n\n\n<p>K\u00fcnd\u00fcz T\u00fcrkiyede 7.8 ve 5.7 baal\u0131 daa eki zelzele old\u0131.<\/p>\n\n\n\n<p>Rus tecavuzc\u0131s\u0131na 9 senedir qar\u015f\u0131l\u0131q k\u00f6stergen Ukraina vatanda\u015flar\u0131, Ukraina devletini\u00f1 mustaqilligi ve topraq b\u00fct\u00fcnligini qor\u00e7alayaraq, ayatn\u0131\u00f1 q\u0131ymetini ve t\u00fczetilmez \u011fay\u0131plardan ac\u0131n\u0131 pek yah\u015f\u0131 bileler.<\/p>\n\n\n\n<p>Q\u0131r\u0131mtatar Milliy Meclisi ve men \u015fahsen zelzeleler neticesinde el\u00e2k ol\u011fanlarn\u0131\u00f1 yaq\u0131nlar\u0131 ve aqrabalar\u0131na ac\u0131nam\u0131z, yaralan\u011fan ki\u015filerge ise Allah \u015fifa bersin ve \u00e7abik tedaviylevni ve tam q\u0131ymetli ya\u015fay\u0131\u015fqa qaytuvn\u0131 tileymiz.<\/p>\n\n\n\n<p>Refat \u00c7ubarov<\/p>\n\n\n\n<p>Q\u0131r\u0131mtatar Milliy Meclisini\u00f1 ba\u015f\u0131<\/p>\n\n\n\n<p>K\u0131yiv, 2023 senesi ki\u00e7ik ayn\u0131\u00f1 6-s\u0131<\/p>\n","protected":false},"excerpt":{"rendered":"<p>2023 senesi ki\u00e7ik (fevral) ayn\u0131\u00f1 6-s\u0131nda saba maalinde T\u00fcrkiyeni\u00f1 cen\u00fcbiy \u015farq\u0131nda ve ayn\u0131 zamanda Suriyeni\u00f1&nbsp;topra\u011f\u0131nda 7.8 baal\u0131 \u015fiddetli zelzele old\u0131. Neticesinde eali aras\u0131nda \u00e7oq \u011fay\u0131p bar ve \u00e7oq astyap\u0131 viran etildi. Bu qorqun\u00e7l\u0131 facia neticesinde, ilk bilgilerge k\u00f6re, tek T\u00fcrkiyede 912 ki\u015fi el\u00e2k old\u0131, 5385 vatanda\u015f yaraland\u0131. Yaz\u0131q ki, qurbanlarn\u0131\u00f1 say\u0131s\u0131 artma\u011fa devam ete. K\u00fcnd\u00fcz [&hellip;]<\/p>\n","protected":false},"author":6,"featured_media":78728,"comment_status":"open","ping_status":"open","sticky":false,"template":"","format":"standard","meta":{"inline_featured_image":false,"footnotes":""},"categories":[265],"tags":[],"class_list":["post-78736","post","type-post","status-publish","format-standard","has-post-thumbnail","hentry","category-haberler"],"acf":[],"yoast_head":"<!-- This site is optimized with the Yoast SEO plugin v27.4 - https:\/\/yoast.com\/product\/yoast-seo-wordpress\/ -->\n<title>Ac\u0131nam\u0131z, dostane T\u00fcrkiye\u2026 - \u041c\u0435\u0434\u0436\u043b\u0456\u0441<\/title>\n<meta name=\"robots\" content=\"index, follow, max-snippet:-1, max-image-preview:large, max-video-preview:-1\" \/>\n<link rel=\"canonical\" href=\"https:\/\/qtmm.org\/qt\/acinamiz-dostane-turkiye\/\" \/>\n<meta property=\"og:locale\" content=\"en_US\" \/>\n<meta property=\"og:type\" content=\"article\" \/>\n<meta property=\"og:title\" content=\"Ac\u0131nam\u0131z, dostane T\u00fcrkiye\u2026 - \u041c\u0435\u0434\u0436\u043b\u0456\u0441\" \/>\n<meta property=\"og:description\" content=\"2023 senesi ki\u00e7ik (fevral) ayn\u0131\u00f1 6-s\u0131nda saba maalinde T\u00fcrkiyeni\u00f1 cen\u00fcbiy \u015farq\u0131nda ve ayn\u0131 zamanda Suriyeni\u00f1&nbsp;topra\u011f\u0131nda 7.8 baal\u0131 \u015fiddetli zelzele old\u0131. Neticesinde eali aras\u0131nda \u00e7oq \u011fay\u0131p bar ve \u00e7oq astyap\u0131 viran etildi. Bu qorqun\u00e7l\u0131 facia neticesinde, ilk bilgilerge k\u00f6re, tek T\u00fcrkiyede 912 ki\u015fi el\u00e2k old\u0131, 5385 vatanda\u015f yaraland\u0131. Yaz\u0131q ki, qurbanlarn\u0131\u00f1 say\u0131s\u0131 artma\u011fa devam ete. K\u00fcnd\u00fcz [&hellip;]\" \/>\n<meta property=\"og:url\" content=\"https:\/\/qtmm.org\/qt\/acinamiz-dostane-turkiye\/\" \/>\n<meta property=\"og:site_name\" content=\"\u041c\u0435\u0434\u0436\u043b\u0456\u0441\" \/>\n<meta property=\"article:publisher\" content=\"https:\/\/www.facebook.com\/qtmm.info\/\" \/>\n<meta property=\"article:published_time\" content=\"2023-02-06T13:11:33+00:00\" \/>\n<meta property=\"article:modified_time\" content=\"2023-02-06T13:11:35+00:00\" \/>\n<meta property=\"og:image\" content=\"https:\/\/qtmm.org\/wp-content\/uploads\/2023\/02\/image_399.jpg\" \/>\n\t<meta property=\"og:image:width\" content=\"1244\" \/>\n\t<meta property=\"og:image:height\" content=\"700\" \/>\n\t<meta property=\"og:image:type\" content=\"image\/jpeg\" \/>\n<meta name=\"author\" content=\"milena\" \/>\n<meta name=\"twitter:card\" content=\"summary_large_image\" \/>\n<meta name=\"twitter:label1\" content=\"Written by\" \/>\n\t<meta name=\"twitter:data1\" content=\"milena\" \/>\n\t<meta name=\"twitter:label2\" content=\"Est. reading time\" \/>\n\t<meta name=\"twitter:data2\" content=\"1 minute\" \/>\n<script type=\"application\/ld+json\" class=\"yoast-schema-graph\">{\"@context\":\"https:\\\/\\\/schema.org\",\"@graph\":[{\"@type\":\"Article\",\"@id\":\"https:\\\/\\\/qtmm.org\\\/qt\\\/acinamiz-dostane-turkiye\\\/#article\",\"isPartOf\":{\"@id\":\"https:\\\/\\\/qtmm.org\\\/qt\\\/acinamiz-dostane-turkiye\\\/\"},\"author\":{\"name\":\"milena\",\"@id\":\"https:\\\/\\\/qtmm.org\\\/qt\\\/#\\\/schema\\\/person\\\/e19a16971e1d6077c60771108a0c2eb1\"},\"headline\":\"Ac\u0131nam\u0131z, dostane T\u00fcrkiye\u2026\",\"datePublished\":\"2023-02-06T13:11:33+00:00\",\"dateModified\":\"2023-02-06T13:11:35+00:00\",\"mainEntityOfPage\":{\"@id\":\"https:\\\/\\\/qtmm.org\\\/qt\\\/acinamiz-dostane-turkiye\\\/\"},\"wordCount\":178,\"commentCount\":0,\"publisher\":{\"@id\":\"https:\\\/\\\/qtmm.org\\\/qt\\\/#organization\"},\"image\":{\"@id\":\"https:\\\/\\\/qtmm.org\\\/qt\\\/acinamiz-dostane-turkiye\\\/#primaryimage\"},\"thumbnailUrl\":\"https:\\\/\\\/qtmm.org\\\/wp-content\\\/uploads\\\/2023\\\/02\\\/image_399.jpg\",\"articleSection\":[\"Haberler\"],\"inLanguage\":\"qt\",\"potentialAction\":[{\"@type\":\"CommentAction\",\"name\":\"Comment\",\"target\":[\"https:\\\/\\\/qtmm.org\\\/qt\\\/acinamiz-dostane-turkiye\\\/#respond\"]}]},{\"@type\":\"WebPage\",\"@id\":\"https:\\\/\\\/qtmm.org\\\/qt\\\/acinamiz-dostane-turkiye\\\/\",\"url\":\"https:\\\/\\\/qtmm.org\\\/qt\\\/acinamiz-dostane-turkiye\\\/\",\"name\":\"Ac\u0131nam\u0131z, dostane T\u00fcrkiye\u2026 - \u041c\u0435\u0434\u0436\u043b\u0456\u0441\",\"isPartOf\":{\"@id\":\"https:\\\/\\\/qtmm.org\\\/qt\\\/#website\"},\"primaryImageOfPage\":{\"@id\":\"https:\\\/\\\/qtmm.org\\\/qt\\\/acinamiz-dostane-turkiye\\\/#primaryimage\"},\"image\":{\"@id\":\"https:\\\/\\\/qtmm.org\\\/qt\\\/acinamiz-dostane-turkiye\\\/#primaryimage\"},\"thumbnailUrl\":\"https:\\\/\\\/qtmm.org\\\/wp-content\\\/uploads\\\/2023\\\/02\\\/image_399.jpg\",\"datePublished\":\"2023-02-06T13:11:33+00:00\",\"dateModified\":\"2023-02-06T13:11:35+00:00\",\"breadcrumb\":{\"@id\":\"https:\\\/\\\/qtmm.org\\\/qt\\\/acinamiz-dostane-turkiye\\\/#breadcrumb\"},\"inLanguage\":\"qt\",\"potentialAction\":[{\"@type\":\"ReadAction\",\"target\":[\"https:\\\/\\\/qtmm.org\\\/qt\\\/acinamiz-dostane-turkiye\\\/\"]}]},{\"@type\":\"ImageObject\",\"inLanguage\":\"qt\",\"@id\":\"https:\\\/\\\/qtmm.org\\\/qt\\\/acinamiz-dostane-turkiye\\\/#primaryimage\",\"url\":\"https:\\\/\\\/qtmm.org\\\/wp-content\\\/uploads\\\/2023\\\/02\\\/image_399.jpg\",\"contentUrl\":\"https:\\\/\\\/qtmm.org\\\/wp-content\\\/uploads\\\/2023\\\/02\\\/image_399.jpg\",\"width\":1244,\"height\":700},{\"@type\":\"BreadcrumbList\",\"@id\":\"https:\\\/\\\/qtmm.org\\\/qt\\\/acinamiz-dostane-turkiye\\\/#breadcrumb\",\"itemListElement\":[{\"@type\":\"ListItem\",\"position\":1,\"name\":\"\u0413\u043e\u043b\u043e\u0432\u043d\u0430\",\"item\":\"https:\\\/\\\/qtmm.org\\\/qt\\\/\"},{\"@type\":\"ListItem\",\"position\":2,\"name\":\"Ac\u0131nam\u0131z, dostane T\u00fcrkiye\u2026\"}]},{\"@type\":\"WebSite\",\"@id\":\"https:\\\/\\\/qtmm.org\\\/qt\\\/#website\",\"url\":\"https:\\\/\\\/qtmm.org\\\/qt\\\/\",\"name\":\"\u041c\u0435\u0434\u0436\u043b\u0456\u0441\",\"description\":\"\",\"publisher\":{\"@id\":\"https:\\\/\\\/qtmm.org\\\/qt\\\/#organization\"},\"potentialAction\":[{\"@type\":\"SearchAction\",\"target\":{\"@type\":\"EntryPoint\",\"urlTemplate\":\"https:\\\/\\\/qtmm.org\\\/qt\\\/?s={search_term_string}\"},\"query-input\":{\"@type\":\"PropertyValueSpecification\",\"valueRequired\":true,\"valueName\":\"search_term_string\"}}],\"inLanguage\":\"qt\"},{\"@type\":\"Organization\",\"@id\":\"https:\\\/\\\/qtmm.org\\\/qt\\\/#organization\",\"name\":\"\u041c\u0435\u0434\u0436\u043b\u0456\u0441\",\"url\":\"https:\\\/\\\/qtmm.org\\\/qt\\\/\",\"logo\":{\"@type\":\"ImageObject\",\"inLanguage\":\"qt\",\"@id\":\"https:\\\/\\\/qtmm.org\\\/qt\\\/#\\\/schema\\\/logo\\\/image\\\/\",\"url\":\"https:\\\/\\\/qtmm.org\\\/wp-content\\\/uploads\\\/2024\\\/12\\\/ua-mejlis-logo-rgb.svg\",\"contentUrl\":\"https:\\\/\\\/qtmm.org\\\/wp-content\\\/uploads\\\/2024\\\/12\\\/ua-mejlis-logo-rgb.svg\",\"caption\":\"\u041c\u0435\u0434\u0436\u043b\u0456\u0441\"},\"image\":{\"@id\":\"https:\\\/\\\/qtmm.org\\\/qt\\\/#\\\/schema\\\/logo\\\/image\\\/\"},\"sameAs\":[\"https:\\\/\\\/www.facebook.com\\\/qtmm.info\\\/\"]},{\"@type\":\"Person\",\"@id\":\"https:\\\/\\\/qtmm.org\\\/qt\\\/#\\\/schema\\\/person\\\/e19a16971e1d6077c60771108a0c2eb1\",\"name\":\"milena\",\"image\":{\"@type\":\"ImageObject\",\"inLanguage\":\"qt\",\"@id\":\"https:\\\/\\\/secure.gravatar.com\\\/avatar\\\/a1c72d47914b6ffa21f1246920d5cff572eced8dc7c4ef1b629898b5a8c18fa5?s=96&d=mm&r=g\",\"url\":\"https:\\\/\\\/secure.gravatar.com\\\/avatar\\\/a1c72d47914b6ffa21f1246920d5cff572eced8dc7c4ef1b629898b5a8c18fa5?s=96&d=mm&r=g\",\"contentUrl\":\"https:\\\/\\\/secure.gravatar.com\\\/avatar\\\/a1c72d47914b6ffa21f1246920d5cff572eced8dc7c4ef1b629898b5a8c18fa5?s=96&d=mm&r=g\",\"caption\":\"milena\"},\"url\":\"https:\\\/\\\/qtmm.org\\\/qt\\\/author\\\/milena\\\/\"}]}<\/script>\n<!-- \/ Yoast SEO plugin. -->","yoast_head_json":{"title":"Ac\u0131nam\u0131z, dostane T\u00fcrkiye\u2026 - \u041c\u0435\u0434\u0436\u043b\u0456\u0441","robots":{"index":"index","follow":"follow","max-snippet":"max-snippet:-1","max-image-preview":"max-image-preview:large","max-video-preview":"max-video-preview:-1"},"canonical":"https:\/\/qtmm.org\/qt\/acinamiz-dostane-turkiye\/","og_locale":"en_US","og_type":"article","og_title":"Ac\u0131nam\u0131z, dostane T\u00fcrkiye\u2026 - \u041c\u0435\u0434\u0436\u043b\u0456\u0441","og_description":"2023 senesi ki\u00e7ik (fevral) ayn\u0131\u00f1 6-s\u0131nda saba maalinde T\u00fcrkiyeni\u00f1 cen\u00fcbiy \u015farq\u0131nda ve ayn\u0131 zamanda Suriyeni\u00f1&nbsp;topra\u011f\u0131nda 7.8 baal\u0131 \u015fiddetli zelzele old\u0131. Neticesinde eali aras\u0131nda \u00e7oq \u011fay\u0131p bar ve \u00e7oq astyap\u0131 viran etildi. Bu qorqun\u00e7l\u0131 facia neticesinde, ilk bilgilerge k\u00f6re, tek T\u00fcrkiyede 912 ki\u015fi el\u00e2k old\u0131, 5385 vatanda\u015f yaraland\u0131. Yaz\u0131q ki, qurbanlarn\u0131\u00f1 say\u0131s\u0131 artma\u011fa devam ete. K\u00fcnd\u00fcz [&hellip;]","og_url":"https:\/\/qtmm.org\/qt\/acinamiz-dostane-turkiye\/","og_site_name":"\u041c\u0435\u0434\u0436\u043b\u0456\u0441","article_publisher":"https:\/\/www.facebook.com\/qtmm.info\/","article_published_time":"2023-02-06T13:11:33+00:00","article_modified_time":"2023-02-06T13:11:35+00:00","og_image":[{"width":1244,"height":700,"url":"https:\/\/qtmm.org\/wp-content\/uploads\/2023\/02\/image_399.jpg","type":"image\/jpeg"}],"author":"milena","twitter_card":"summary_large_image","twitter_misc":{"Written by":"milena","Est. reading time":"1 minute"},"schema":{"@context":"https:\/\/schema.org","@graph":[{"@type":"Article","@id":"https:\/\/qtmm.org\/qt\/acinamiz-dostane-turkiye\/#article","isPartOf":{"@id":"https:\/\/qtmm.org\/qt\/acinamiz-dostane-turkiye\/"},"author":{"name":"milena","@id":"https:\/\/qtmm.org\/qt\/#\/schema\/person\/e19a16971e1d6077c60771108a0c2eb1"},"headline":"Ac\u0131nam\u0131z, dostane T\u00fcrkiye\u2026","datePublished":"2023-02-06T13:11:33+00:00","dateModified":"2023-02-06T13:11:35+00:00","mainEntityOfPage":{"@id":"https:\/\/qtmm.org\/qt\/acinamiz-dostane-turkiye\/"},"wordCount":178,"commentCount":0,"publisher":{"@id":"https:\/\/qtmm.org\/qt\/#organization"},"image":{"@id":"https:\/\/qtmm.org\/qt\/acinamiz-dostane-turkiye\/#primaryimage"},"thumbnailUrl":"https:\/\/qtmm.org\/wp-content\/uploads\/2023\/02\/image_399.jpg","articleSection":["Haberler"],"inLanguage":"qt","potentialAction":[{"@type":"CommentAction","name":"Comment","target":["https:\/\/qtmm.org\/qt\/acinamiz-dostane-turkiye\/#respond"]}]},{"@type":"WebPage","@id":"https:\/\/qtmm.org\/qt\/acinamiz-dostane-turkiye\/","url":"https:\/\/qtmm.org\/qt\/acinamiz-dostane-turkiye\/","name":"Ac\u0131nam\u0131z, dostane T\u00fcrkiye\u2026 - \u041c\u0435\u0434\u0436\u043b\u0456\u0441","isPartOf":{"@id":"https:\/\/qtmm.org\/qt\/#website"},"primaryImageOfPage":{"@id":"https:\/\/qtmm.org\/qt\/acinamiz-dostane-turkiye\/#primaryimage"},"image":{"@id":"https:\/\/qtmm.org\/qt\/acinamiz-dostane-turkiye\/#primaryimage"},"thumbnailUrl":"https:\/\/qtmm.org\/wp-content\/uploads\/2023\/02\/image_399.jpg","datePublished":"2023-02-06T13:11:33+00:00","dateModified":"2023-02-06T13:11:35+00:00","breadcrumb":{"@id":"https:\/\/qtmm.org\/qt\/acinamiz-dostane-turkiye\/#breadcrumb"},"inLanguage":"qt","potentialAction":[{"@type":"ReadAction","target":["https:\/\/qtmm.org\/qt\/acinamiz-dostane-turkiye\/"]}]},{"@type":"ImageObject","inLanguage":"qt","@id":"https:\/\/qtmm.org\/qt\/acinamiz-dostane-turkiye\/#primaryimage","url":"https:\/\/qtmm.org\/wp-content\/uploads\/2023\/02\/image_399.jpg","contentUrl":"https:\/\/qtmm.org\/wp-content\/uploads\/2023\/02\/image_399.jpg","width":1244,"height":700},{"@type":"BreadcrumbList","@id":"https:\/\/qtmm.org\/qt\/acinamiz-dostane-turkiye\/#breadcrumb","itemListElement":[{"@type":"ListItem","position":1,"name":"\u0413\u043e\u043b\u043e\u0432\u043d\u0430","item":"https:\/\/qtmm.org\/qt\/"},{"@type":"ListItem","position":2,"name":"Ac\u0131nam\u0131z, dostane T\u00fcrkiye\u2026"}]},{"@type":"WebSite","@id":"https:\/\/qtmm.org\/qt\/#website","url":"https:\/\/qtmm.org\/qt\/","name":"\u041c\u0435\u0434\u0436\u043b\u0456\u0441","description":"","publisher":{"@id":"https:\/\/qtmm.org\/qt\/#organization"},"potentialAction":[{"@type":"SearchAction","target":{"@type":"EntryPoint","urlTemplate":"https:\/\/qtmm.org\/qt\/?s={search_term_string}"},"query-input":{"@type":"PropertyValueSpecification","valueRequired":true,"valueName":"search_term_string"}}],"inLanguage":"qt"},{"@type":"Organization","@id":"https:\/\/qtmm.org\/qt\/#organization","name":"\u041c\u0435\u0434\u0436\u043b\u0456\u0441","url":"https:\/\/qtmm.org\/qt\/","logo":{"@type":"ImageObject","inLanguage":"qt","@id":"https:\/\/qtmm.org\/qt\/#\/schema\/logo\/image\/","url":"https:\/\/qtmm.org\/wp-content\/uploads\/2024\/12\/ua-mejlis-logo-rgb.svg","contentUrl":"https:\/\/qtmm.org\/wp-content\/uploads\/2024\/12\/ua-mejlis-logo-rgb.svg","caption":"\u041c\u0435\u0434\u0436\u043b\u0456\u0441"},"image":{"@id":"https:\/\/qtmm.org\/qt\/#\/schema\/logo\/image\/"},"sameAs":["https:\/\/www.facebook.com\/qtmm.info\/"]},{"@type":"Person","@id":"https:\/\/qtmm.org\/qt\/#\/schema\/person\/e19a16971e1d6077c60771108a0c2eb1","name":"milena","image":{"@type":"ImageObject","inLanguage":"qt","@id":"https:\/\/secure.gravatar.com\/avatar\/a1c72d47914b6ffa21f1246920d5cff572eced8dc7c4ef1b629898b5a8c18fa5?s=96&d=mm&r=g","url":"https:\/\/secure.gravatar.com\/avatar\/a1c72d47914b6ffa21f1246920d5cff572eced8dc7c4ef1b629898b5a8c18fa5?s=96&d=mm&r=g","contentUrl":"https:\/\/secure.gravatar.com\/avatar\/a1c72d47914b6ffa21f1246920d5cff572eced8dc7c4ef1b629898b5a8c18fa5?s=96&d=mm&r=g","caption":"milena"},"url":"https:\/\/qtmm.org\/qt\/author\/milena\/"}]}},"_links":{"self":[{"href":"https:\/\/qtmm.org\/qt\/wp-json\/wp\/v2\/posts\/78736","targetHints":{"allow":["GET"]}}],"collection":[{"href":"https:\/\/qtmm.org\/qt\/wp-json\/wp\/v2\/posts"}],"about":[{"href":"https:\/\/qtmm.org\/qt\/wp-json\/wp\/v2\/types\/post"}],"author":[{"embeddable":true,"href":"https:\/\/qtmm.org\/qt\/wp-json\/wp\/v2\/users\/6"}],"replies":[{"embeddable":true,"href":"https:\/\/qtmm.org\/qt\/wp-json\/wp\/v2\/comments?post=78736"}],"version-history":[{"count":1,"href":"https:\/\/qtmm.org\/qt\/wp-json\/wp\/v2\/posts\/78736\/revisions"}],"predecessor-version":[{"id":78737,"href":"https:\/\/qtmm.org\/qt\/wp-json\/wp\/v2\/posts\/78736\/revisions\/78737"}],"wp:featuredmedia":[{"embeddable":true,"href":"https:\/\/qtmm.org\/qt\/wp-json\/wp\/v2\/media\/78728"}],"wp:attachment":[{"href":"https:\/\/qtmm.org\/qt\/wp-json\/wp\/v2\/media?parent=78736"}],"wp:term":[{"taxonomy":"category","embeddable":true,"href":"https:\/\/qtmm.org\/qt\/wp-json\/wp\/v2\/categories?post=78736"},{"taxonomy":"post_tag","embeddable":true,"href":"https:\/\/qtmm.org\/qt\/wp-json\/wp\/v2\/tags?post=78736"}],"curies":[{"name":"wp","href":"https:\/\/api.w.org\/{rel}","templated":true}]}}