




{"id":78684,"date":"2023-02-02T17:50:47","date_gmt":"2023-02-02T14:50:47","guid":{"rendered":"https:\/\/qtmm.org\/?p=78684"},"modified":"2023-02-02T17:50:49","modified_gmt":"2023-02-02T14:50:49","slug":"elvida-safdasimiz-remzi-aga-abla","status":"publish","type":"post","link":"https:\/\/qtmm.org\/qt\/elvida-safdasimiz-remzi-aga-abla\/","title":{"rendered":"Elvida, safda\u015f\u0131m\u0131z Remzi a\u011fa ABLA"},"content":{"rendered":"\n<p>Aqmescitte ya\u015fa\u011fan Milliy areketimizni\u00f1 faal i\u015ftirak\u00e7isi, tarihiy Ekinci Milliy Qurultay\u0131m\u0131zda Tefti\u015f Komissiyan\u0131\u00f1 reisi, metanetli ve ces\u00fcr vatanperver \u2013 Remzi Anafi o\u011flu ABLA bu d\u00fcnyan\u0131 terk etti.<\/p>\n\n\n\n<p>Remzi a\u011fa 1937 senesini\u00f1 k\u00fcz\u00fcnde, Yalta \u015feerinde do\u011fd\u0131. Cenk y\u0131llar\u0131n\u0131 qorantas\u0131 \u2013 qartbabas\u0131 bir vaq\u0131tlar\u0131 imaml\u0131q yapqan \u2013 K\u00f6k-K\u00f6zde ke\u00e7irdi. Andan da episi de\u015fetli ve zuluml\u0131 s\u00fcrg\u00fcn yoluna t\u00fc\u015ftiler.<\/p>\n\n\n\n<p>Remzi a\u011fan\u0131\u00f1 \u00f6sm\u00fcrligi-gen\u00e7ligi Andijan vil\u00e2yetini\u00f1 \u015eahrihan \u015feerinde ke\u00e7ti. Mektep, avto-yol tehnikum\u0131, so\u00f1ra Q\u0131r\u011f\u0131zstann\u0131\u00f1 O\u015f vil\u00e2yetinde zenaat boyunca avtoi\u015fhanede emek, \u015fu c\u00fcmleden, yolba\u015f\u00e7\u0131l\u0131q \u2013 faaliyetini\u00f1 emiyetl\u0131 basamaqlar\u0131d\u0131r.<\/p>\n\n\n\n<p>1963 senesi Milliy areketke qo\u015ful\u011fanda, R. ABLA, ya\u015f olsa da, endi baya\u011f\u0131 tecribe saibi, \u00e7e\u015fit insanlarnen munasebet qurma\u011fa bilgen insan edi. Bu sebepten o, qom\u015fu Andijan ve O\u015f vil\u00e2yetlerindeki q\u0131r\u0131m te\u015febb\u00fcs\u00e7i guruhlar aras\u0131nda ba\u011flay\u0131c\u0131, yani al\u00e2qa ve te\u015fkiliy i\u015flerini al\u0131p bar\u0131c\u0131s\u0131 old\u0131.<\/p>\n\n\n\n<p>Bunen beraber, Q\u0131r\u0131m davas\u0131 q\u0131z\u011fan 1966-69 seneleri Remzi a\u011fa miting ve diger k\u00fctleviy aktsiyalar \u00f6tkerilmesine \u00f6z issesini qo\u015fqan edi. B\u00f6yle faallik, ebet, bo\u015funa qalmay: KGB on\u0131\u00f1 pe\u015fine t\u00fc\u015f\u00fcp, a\u00e7\u0131q taqiplerge o\u011frata ba\u015flad\u0131. Qorantada Vatan\u011fa avdet olmaq qarar\u0131 al\u0131na.<\/p>\n\n\n\n<p>1970 s. ba\u015f\u0131nda Remzi babas\u0131nen Q\u0131r\u0131m\u011fa keleler. Saq rayon\u0131nda endi evni sat\u0131n alacaq ol\u0131p, qorantan\u0131 k\u00f6\u00e7\u00fcrecekte, milisler olarn\u0131 Herson vil\u00e2yetindeki Novo-Alekseyevka qasabas\u0131na \u00e7\u0131qar\u0131p b\u0131raqalar. M\u0131nda be\u015f y\u0131l ya\u015fa\u011fan so\u00f1, Remzi a\u011fa israrl\u0131q ile kene de Q\u0131r\u0131m\u011fa qayta. Qarasuvbazar rayon\u0131n\u0131\u00f1 ba\u015fta Aylanma (bug\u00fcnki sahte ad\u0131 Povorotnoye), so\u00f1ra \u00c7oqraq (sahte ad\u0131 Rodniki) k\u00f6ylerinde yerle\u015fe, \u00e7ilengir, ustahaneler m\u00fcdiri ol\u0131p \u00e7al\u0131\u015fa.<\/p>\n\n\n\n<p>Qanda olsa da, R. ABLA Milliy areketni\u00f1 \u00f6g saflar\u0131nda bulund\u0131, mes\u00fclietli vazifeler becerdi. General P. Grigorenko, akademik A. Saharovnen k\u00f6r\u00fc\u015fti. Kene de te\u015fkiliy i\u015flernen, te\u015febb\u00fcs\u00e7i gruppalarn\u0131\u00f1 faaliyetini teminlemeknen o\u011fra\u015ft\u0131.<\/p>\n\n\n\n<p>1989 s. Q\u0131r\u0131mtatar Milliy Areket Te\u015fkil\u00e2t\u0131n\u0131 (QMAT \u2013 OKND) meydan\u011fa ketirgenler aras\u0131nda ve Qarasuvbazar rayon\u0131nda on\u0131\u00f1 reisde\u015fi old\u0131.<\/p>\n\n\n\n<p>1991 s. o, Qarasuvbazardan Ekinci Milliy Qurultay mebus\u0131 sayland\u0131. M\u0131nda da ilk Tefti\u015f komissiyas\u0131na aza ve on\u0131\u00f1 topla\u015fuv\u0131nda reis vazifesine sayland\u0131. 1996 ve 2002 ss. \u00dc\u00e7\u00fcnci ve D\u00f6rt\u00fcnci Qurultaylarda Milliy Meclis azas\u0131 ve bu qurumn\u0131\u00f1 topla\u015fuvlar\u0131nda reisni\u00f1 muavini sayland\u0131.<\/p>\n\n\n\n<p>Meclisni\u00f1 terkibinde Remzi a\u011fa i\u00e7timaiy-iqtisadiy ve te\u015fkiliy meselelernen \u00e7oq o\u011fra\u015ft\u0131. Kene de mitingler ve c\u00fcmle siyasiy, naraz\u0131l\u0131q aktsiyalarda, akimiyetnen ol\u011fan muzakerelerde faal i\u015ftirak etti, halq\u0131m\u0131zn\u0131\u00f1 menfaalar\u0131n\u0131 qor\u00e7alad\u0131.<\/p>\n\n\n\n<p>R. ABLA\u2019ni tan\u0131\u011fan-bilgenler, dost say\u011fanlar\u0131n\u0131\u00f1 hat\u0131ras\u0131nda o, emeksever, daima \u00f6gge \u0131nt\u0131l\u011fan, semetde\u015flerine nisbeten sab\u0131rl\u0131, so\u00f1 derecede vatanperver, milleti i\u00e7\u00fcn daima \u011furur sezgen ve on\u0131 a\u015falama\u011fa kimsege imk\u00e2n bermegen b\u00fck\u00fclmez ve qorqu bilmez insan olaraq qalacaqt\u0131r.<\/p>\n\n\n\n<p>Remzi a\u011fa Anafi o\u011flu vefat etkeni munasebetinen on\u0131\u00f1 qorantas\u0131na \u2013 evl\u00e2tlar\u0131na, torunlar\u0131na, c\u00fcmle soy-aqrabalar\u0131na teren taziye bildiremiz, sab\u0131r ve ba\u015f sa\u011fl\u0131\u011f\u0131 tileymiz.<\/p>\n\n\n\n<p>Alla rahmet eylesin.<\/p>\n\n\n\n<p>Q\u0131r\u0131mtatar Milliy Meclisi<\/p>\n\n\n\n<p>B\u00fct\u00fcnd\u00fcnya Q\u0131r\u0131mtatar Kongressini\u00f1 icra komiteti,<\/p>\n\n\n\n<p>Milliy areketteki safda\u015flar\u0131, dostlar\u0131.<\/p>\n","protected":false},"excerpt":{"rendered":"<p>Aqmescitte ya\u015fa\u011fan Milliy areketimizni\u00f1 faal i\u015ftirak\u00e7isi, tarihiy Ekinci Milliy Qurultay\u0131m\u0131zda Tefti\u015f Komissiyan\u0131\u00f1 reisi, metanetli ve ces\u00fcr vatanperver \u2013 Remzi Anafi o\u011flu ABLA bu d\u00fcnyan\u0131 terk etti. Remzi a\u011fa 1937 senesini\u00f1 k\u00fcz\u00fcnde, Yalta \u015feerinde do\u011fd\u0131. Cenk y\u0131llar\u0131n\u0131 qorantas\u0131 \u2013 qartbabas\u0131 bir vaq\u0131tlar\u0131 imaml\u0131q yapqan \u2013 K\u00f6k-K\u00f6zde ke\u00e7irdi. Andan da episi de\u015fetli ve zuluml\u0131 s\u00fcrg\u00fcn yoluna t\u00fc\u015ftiler. [&hellip;]<\/p>\n","protected":false},"author":6,"featured_media":78681,"comment_status":"open","ping_status":"open","sticky":false,"template":"","format":"standard","meta":{"inline_featured_image":false,"footnotes":""},"categories":[265],"tags":[],"class_list":["post-78684","post","type-post","status-publish","format-standard","has-post-thumbnail","hentry","category-haberler"],"acf":[],"yoast_head":"<!-- This site is optimized with the Yoast SEO plugin v27.4 - https:\/\/yoast.com\/product\/yoast-seo-wordpress\/ -->\n<title>Elvida, safda\u015f\u0131m\u0131z Remzi a\u011fa ABLA - \u041c\u0435\u0434\u0436\u043b\u0456\u0441<\/title>\n<meta name=\"robots\" content=\"index, follow, max-snippet:-1, max-image-preview:large, max-video-preview:-1\" \/>\n<link rel=\"canonical\" href=\"https:\/\/qtmm.org\/qt\/elvida-safdasimiz-remzi-aga-abla\/\" \/>\n<meta property=\"og:locale\" content=\"en_US\" \/>\n<meta property=\"og:type\" content=\"article\" \/>\n<meta property=\"og:title\" content=\"Elvida, safda\u015f\u0131m\u0131z Remzi a\u011fa ABLA - \u041c\u0435\u0434\u0436\u043b\u0456\u0441\" \/>\n<meta property=\"og:description\" content=\"Aqmescitte ya\u015fa\u011fan Milliy areketimizni\u00f1 faal i\u015ftirak\u00e7isi, tarihiy Ekinci Milliy Qurultay\u0131m\u0131zda Tefti\u015f Komissiyan\u0131\u00f1 reisi, metanetli ve ces\u00fcr vatanperver \u2013 Remzi Anafi o\u011flu ABLA bu d\u00fcnyan\u0131 terk etti. Remzi a\u011fa 1937 senesini\u00f1 k\u00fcz\u00fcnde, Yalta \u015feerinde do\u011fd\u0131. Cenk y\u0131llar\u0131n\u0131 qorantas\u0131 \u2013 qartbabas\u0131 bir vaq\u0131tlar\u0131 imaml\u0131q yapqan \u2013 K\u00f6k-K\u00f6zde ke\u00e7irdi. Andan da episi de\u015fetli ve zuluml\u0131 s\u00fcrg\u00fcn yoluna t\u00fc\u015ftiler. [&hellip;]\" \/>\n<meta property=\"og:url\" content=\"https:\/\/qtmm.org\/qt\/elvida-safdasimiz-remzi-aga-abla\/\" \/>\n<meta property=\"og:site_name\" content=\"\u041c\u0435\u0434\u0436\u043b\u0456\u0441\" \/>\n<meta property=\"article:publisher\" content=\"https:\/\/www.facebook.com\/qtmm.info\/\" \/>\n<meta property=\"article:published_time\" content=\"2023-02-02T14:50:47+00:00\" \/>\n<meta property=\"article:modified_time\" content=\"2023-02-02T14:50:49+00:00\" \/>\n<meta property=\"og:image\" content=\"https:\/\/qtmm.org\/wp-content\/uploads\/2023\/02\/328748608_1160832514619462_2957285492193835238_n.jpg\" \/>\n\t<meta property=\"og:image:width\" content=\"947\" \/>\n\t<meta property=\"og:image:height\" content=\"2048\" \/>\n\t<meta property=\"og:image:type\" content=\"image\/jpeg\" \/>\n<meta name=\"author\" content=\"milena\" \/>\n<meta name=\"twitter:card\" content=\"summary_large_image\" \/>\n<meta name=\"twitter:label1\" content=\"Written by\" \/>\n\t<meta name=\"twitter:data1\" content=\"milena\" \/>\n\t<meta name=\"twitter:label2\" content=\"Est. reading time\" \/>\n\t<meta name=\"twitter:data2\" content=\"3 minutes\" \/>\n<script type=\"application\/ld+json\" class=\"yoast-schema-graph\">{\"@context\":\"https:\\\/\\\/schema.org\",\"@graph\":[{\"@type\":\"Article\",\"@id\":\"https:\\\/\\\/qtmm.org\\\/qt\\\/elvida-safdasimiz-remzi-aga-abla\\\/#article\",\"isPartOf\":{\"@id\":\"https:\\\/\\\/qtmm.org\\\/qt\\\/elvida-safdasimiz-remzi-aga-abla\\\/\"},\"author\":{\"name\":\"milena\",\"@id\":\"https:\\\/\\\/qtmm.org\\\/qt\\\/#\\\/schema\\\/person\\\/e19a16971e1d6077c60771108a0c2eb1\"},\"headline\":\"Elvida, safda\u015f\u0131m\u0131z Remzi a\u011fa ABLA\",\"datePublished\":\"2023-02-02T14:50:47+00:00\",\"dateModified\":\"2023-02-02T14:50:49+00:00\",\"mainEntityOfPage\":{\"@id\":\"https:\\\/\\\/qtmm.org\\\/qt\\\/elvida-safdasimiz-remzi-aga-abla\\\/\"},\"wordCount\":581,\"commentCount\":0,\"publisher\":{\"@id\":\"https:\\\/\\\/qtmm.org\\\/qt\\\/#organization\"},\"image\":{\"@id\":\"https:\\\/\\\/qtmm.org\\\/qt\\\/elvida-safdasimiz-remzi-aga-abla\\\/#primaryimage\"},\"thumbnailUrl\":\"https:\\\/\\\/qtmm.org\\\/wp-content\\\/uploads\\\/2023\\\/02\\\/328748608_1160832514619462_2957285492193835238_n.jpg\",\"articleSection\":[\"Haberler\"],\"inLanguage\":\"qt\",\"potentialAction\":[{\"@type\":\"CommentAction\",\"name\":\"Comment\",\"target\":[\"https:\\\/\\\/qtmm.org\\\/qt\\\/elvida-safdasimiz-remzi-aga-abla\\\/#respond\"]}]},{\"@type\":\"WebPage\",\"@id\":\"https:\\\/\\\/qtmm.org\\\/qt\\\/elvida-safdasimiz-remzi-aga-abla\\\/\",\"url\":\"https:\\\/\\\/qtmm.org\\\/qt\\\/elvida-safdasimiz-remzi-aga-abla\\\/\",\"name\":\"Elvida, safda\u015f\u0131m\u0131z Remzi a\u011fa ABLA - \u041c\u0435\u0434\u0436\u043b\u0456\u0441\",\"isPartOf\":{\"@id\":\"https:\\\/\\\/qtmm.org\\\/qt\\\/#website\"},\"primaryImageOfPage\":{\"@id\":\"https:\\\/\\\/qtmm.org\\\/qt\\\/elvida-safdasimiz-remzi-aga-abla\\\/#primaryimage\"},\"image\":{\"@id\":\"https:\\\/\\\/qtmm.org\\\/qt\\\/elvida-safdasimiz-remzi-aga-abla\\\/#primaryimage\"},\"thumbnailUrl\":\"https:\\\/\\\/qtmm.org\\\/wp-content\\\/uploads\\\/2023\\\/02\\\/328748608_1160832514619462_2957285492193835238_n.jpg\",\"datePublished\":\"2023-02-02T14:50:47+00:00\",\"dateModified\":\"2023-02-02T14:50:49+00:00\",\"breadcrumb\":{\"@id\":\"https:\\\/\\\/qtmm.org\\\/qt\\\/elvida-safdasimiz-remzi-aga-abla\\\/#breadcrumb\"},\"inLanguage\":\"qt\",\"potentialAction\":[{\"@type\":\"ReadAction\",\"target\":[\"https:\\\/\\\/qtmm.org\\\/qt\\\/elvida-safdasimiz-remzi-aga-abla\\\/\"]}]},{\"@type\":\"ImageObject\",\"inLanguage\":\"qt\",\"@id\":\"https:\\\/\\\/qtmm.org\\\/qt\\\/elvida-safdasimiz-remzi-aga-abla\\\/#primaryimage\",\"url\":\"https:\\\/\\\/qtmm.org\\\/wp-content\\\/uploads\\\/2023\\\/02\\\/328748608_1160832514619462_2957285492193835238_n.jpg\",\"contentUrl\":\"https:\\\/\\\/qtmm.org\\\/wp-content\\\/uploads\\\/2023\\\/02\\\/328748608_1160832514619462_2957285492193835238_n.jpg\",\"width\":947,\"height\":2048},{\"@type\":\"BreadcrumbList\",\"@id\":\"https:\\\/\\\/qtmm.org\\\/qt\\\/elvida-safdasimiz-remzi-aga-abla\\\/#breadcrumb\",\"itemListElement\":[{\"@type\":\"ListItem\",\"position\":1,\"name\":\"\u0413\u043e\u043b\u043e\u0432\u043d\u0430\",\"item\":\"https:\\\/\\\/qtmm.org\\\/qt\\\/\"},{\"@type\":\"ListItem\",\"position\":2,\"name\":\"Elvida, safda\u015f\u0131m\u0131z Remzi a\u011fa ABLA\"}]},{\"@type\":\"WebSite\",\"@id\":\"https:\\\/\\\/qtmm.org\\\/qt\\\/#website\",\"url\":\"https:\\\/\\\/qtmm.org\\\/qt\\\/\",\"name\":\"\u041c\u0435\u0434\u0436\u043b\u0456\u0441\",\"description\":\"\",\"publisher\":{\"@id\":\"https:\\\/\\\/qtmm.org\\\/qt\\\/#organization\"},\"potentialAction\":[{\"@type\":\"SearchAction\",\"target\":{\"@type\":\"EntryPoint\",\"urlTemplate\":\"https:\\\/\\\/qtmm.org\\\/qt\\\/?s={search_term_string}\"},\"query-input\":{\"@type\":\"PropertyValueSpecification\",\"valueRequired\":true,\"valueName\":\"search_term_string\"}}],\"inLanguage\":\"qt\"},{\"@type\":\"Organization\",\"@id\":\"https:\\\/\\\/qtmm.org\\\/qt\\\/#organization\",\"name\":\"\u041c\u0435\u0434\u0436\u043b\u0456\u0441\",\"url\":\"https:\\\/\\\/qtmm.org\\\/qt\\\/\",\"logo\":{\"@type\":\"ImageObject\",\"inLanguage\":\"qt\",\"@id\":\"https:\\\/\\\/qtmm.org\\\/qt\\\/#\\\/schema\\\/logo\\\/image\\\/\",\"url\":\"https:\\\/\\\/qtmm.org\\\/wp-content\\\/uploads\\\/2024\\\/12\\\/ua-mejlis-logo-rgb.svg\",\"contentUrl\":\"https:\\\/\\\/qtmm.org\\\/wp-content\\\/uploads\\\/2024\\\/12\\\/ua-mejlis-logo-rgb.svg\",\"caption\":\"\u041c\u0435\u0434\u0436\u043b\u0456\u0441\"},\"image\":{\"@id\":\"https:\\\/\\\/qtmm.org\\\/qt\\\/#\\\/schema\\\/logo\\\/image\\\/\"},\"sameAs\":[\"https:\\\/\\\/www.facebook.com\\\/qtmm.info\\\/\"]},{\"@type\":\"Person\",\"@id\":\"https:\\\/\\\/qtmm.org\\\/qt\\\/#\\\/schema\\\/person\\\/e19a16971e1d6077c60771108a0c2eb1\",\"name\":\"milena\",\"image\":{\"@type\":\"ImageObject\",\"inLanguage\":\"qt\",\"@id\":\"https:\\\/\\\/secure.gravatar.com\\\/avatar\\\/a1c72d47914b6ffa21f1246920d5cff572eced8dc7c4ef1b629898b5a8c18fa5?s=96&d=mm&r=g\",\"url\":\"https:\\\/\\\/secure.gravatar.com\\\/avatar\\\/a1c72d47914b6ffa21f1246920d5cff572eced8dc7c4ef1b629898b5a8c18fa5?s=96&d=mm&r=g\",\"contentUrl\":\"https:\\\/\\\/secure.gravatar.com\\\/avatar\\\/a1c72d47914b6ffa21f1246920d5cff572eced8dc7c4ef1b629898b5a8c18fa5?s=96&d=mm&r=g\",\"caption\":\"milena\"},\"url\":\"https:\\\/\\\/qtmm.org\\\/qt\\\/author\\\/milena\\\/\"}]}<\/script>\n<!-- \/ Yoast SEO plugin. -->","yoast_head_json":{"title":"Elvida, safda\u015f\u0131m\u0131z Remzi a\u011fa ABLA - \u041c\u0435\u0434\u0436\u043b\u0456\u0441","robots":{"index":"index","follow":"follow","max-snippet":"max-snippet:-1","max-image-preview":"max-image-preview:large","max-video-preview":"max-video-preview:-1"},"canonical":"https:\/\/qtmm.org\/qt\/elvida-safdasimiz-remzi-aga-abla\/","og_locale":"en_US","og_type":"article","og_title":"Elvida, safda\u015f\u0131m\u0131z Remzi a\u011fa ABLA - \u041c\u0435\u0434\u0436\u043b\u0456\u0441","og_description":"Aqmescitte ya\u015fa\u011fan Milliy areketimizni\u00f1 faal i\u015ftirak\u00e7isi, tarihiy Ekinci Milliy Qurultay\u0131m\u0131zda Tefti\u015f Komissiyan\u0131\u00f1 reisi, metanetli ve ces\u00fcr vatanperver \u2013 Remzi Anafi o\u011flu ABLA bu d\u00fcnyan\u0131 terk etti. Remzi a\u011fa 1937 senesini\u00f1 k\u00fcz\u00fcnde, Yalta \u015feerinde do\u011fd\u0131. Cenk y\u0131llar\u0131n\u0131 qorantas\u0131 \u2013 qartbabas\u0131 bir vaq\u0131tlar\u0131 imaml\u0131q yapqan \u2013 K\u00f6k-K\u00f6zde ke\u00e7irdi. Andan da episi de\u015fetli ve zuluml\u0131 s\u00fcrg\u00fcn yoluna t\u00fc\u015ftiler. [&hellip;]","og_url":"https:\/\/qtmm.org\/qt\/elvida-safdasimiz-remzi-aga-abla\/","og_site_name":"\u041c\u0435\u0434\u0436\u043b\u0456\u0441","article_publisher":"https:\/\/www.facebook.com\/qtmm.info\/","article_published_time":"2023-02-02T14:50:47+00:00","article_modified_time":"2023-02-02T14:50:49+00:00","og_image":[{"width":947,"height":2048,"url":"https:\/\/qtmm.org\/wp-content\/uploads\/2023\/02\/328748608_1160832514619462_2957285492193835238_n.jpg","type":"image\/jpeg"}],"author":"milena","twitter_card":"summary_large_image","twitter_misc":{"Written by":"milena","Est. reading time":"3 minutes"},"schema":{"@context":"https:\/\/schema.org","@graph":[{"@type":"Article","@id":"https:\/\/qtmm.org\/qt\/elvida-safdasimiz-remzi-aga-abla\/#article","isPartOf":{"@id":"https:\/\/qtmm.org\/qt\/elvida-safdasimiz-remzi-aga-abla\/"},"author":{"name":"milena","@id":"https:\/\/qtmm.org\/qt\/#\/schema\/person\/e19a16971e1d6077c60771108a0c2eb1"},"headline":"Elvida, safda\u015f\u0131m\u0131z Remzi a\u011fa ABLA","datePublished":"2023-02-02T14:50:47+00:00","dateModified":"2023-02-02T14:50:49+00:00","mainEntityOfPage":{"@id":"https:\/\/qtmm.org\/qt\/elvida-safdasimiz-remzi-aga-abla\/"},"wordCount":581,"commentCount":0,"publisher":{"@id":"https:\/\/qtmm.org\/qt\/#organization"},"image":{"@id":"https:\/\/qtmm.org\/qt\/elvida-safdasimiz-remzi-aga-abla\/#primaryimage"},"thumbnailUrl":"https:\/\/qtmm.org\/wp-content\/uploads\/2023\/02\/328748608_1160832514619462_2957285492193835238_n.jpg","articleSection":["Haberler"],"inLanguage":"qt","potentialAction":[{"@type":"CommentAction","name":"Comment","target":["https:\/\/qtmm.org\/qt\/elvida-safdasimiz-remzi-aga-abla\/#respond"]}]},{"@type":"WebPage","@id":"https:\/\/qtmm.org\/qt\/elvida-safdasimiz-remzi-aga-abla\/","url":"https:\/\/qtmm.org\/qt\/elvida-safdasimiz-remzi-aga-abla\/","name":"Elvida, safda\u015f\u0131m\u0131z Remzi a\u011fa ABLA - \u041c\u0435\u0434\u0436\u043b\u0456\u0441","isPartOf":{"@id":"https:\/\/qtmm.org\/qt\/#website"},"primaryImageOfPage":{"@id":"https:\/\/qtmm.org\/qt\/elvida-safdasimiz-remzi-aga-abla\/#primaryimage"},"image":{"@id":"https:\/\/qtmm.org\/qt\/elvida-safdasimiz-remzi-aga-abla\/#primaryimage"},"thumbnailUrl":"https:\/\/qtmm.org\/wp-content\/uploads\/2023\/02\/328748608_1160832514619462_2957285492193835238_n.jpg","datePublished":"2023-02-02T14:50:47+00:00","dateModified":"2023-02-02T14:50:49+00:00","breadcrumb":{"@id":"https:\/\/qtmm.org\/qt\/elvida-safdasimiz-remzi-aga-abla\/#breadcrumb"},"inLanguage":"qt","potentialAction":[{"@type":"ReadAction","target":["https:\/\/qtmm.org\/qt\/elvida-safdasimiz-remzi-aga-abla\/"]}]},{"@type":"ImageObject","inLanguage":"qt","@id":"https:\/\/qtmm.org\/qt\/elvida-safdasimiz-remzi-aga-abla\/#primaryimage","url":"https:\/\/qtmm.org\/wp-content\/uploads\/2023\/02\/328748608_1160832514619462_2957285492193835238_n.jpg","contentUrl":"https:\/\/qtmm.org\/wp-content\/uploads\/2023\/02\/328748608_1160832514619462_2957285492193835238_n.jpg","width":947,"height":2048},{"@type":"BreadcrumbList","@id":"https:\/\/qtmm.org\/qt\/elvida-safdasimiz-remzi-aga-abla\/#breadcrumb","itemListElement":[{"@type":"ListItem","position":1,"name":"\u0413\u043e\u043b\u043e\u0432\u043d\u0430","item":"https:\/\/qtmm.org\/qt\/"},{"@type":"ListItem","position":2,"name":"Elvida, safda\u015f\u0131m\u0131z Remzi a\u011fa ABLA"}]},{"@type":"WebSite","@id":"https:\/\/qtmm.org\/qt\/#website","url":"https:\/\/qtmm.org\/qt\/","name":"\u041c\u0435\u0434\u0436\u043b\u0456\u0441","description":"","publisher":{"@id":"https:\/\/qtmm.org\/qt\/#organization"},"potentialAction":[{"@type":"SearchAction","target":{"@type":"EntryPoint","urlTemplate":"https:\/\/qtmm.org\/qt\/?s={search_term_string}"},"query-input":{"@type":"PropertyValueSpecification","valueRequired":true,"valueName":"search_term_string"}}],"inLanguage":"qt"},{"@type":"Organization","@id":"https:\/\/qtmm.org\/qt\/#organization","name":"\u041c\u0435\u0434\u0436\u043b\u0456\u0441","url":"https:\/\/qtmm.org\/qt\/","logo":{"@type":"ImageObject","inLanguage":"qt","@id":"https:\/\/qtmm.org\/qt\/#\/schema\/logo\/image\/","url":"https:\/\/qtmm.org\/wp-content\/uploads\/2024\/12\/ua-mejlis-logo-rgb.svg","contentUrl":"https:\/\/qtmm.org\/wp-content\/uploads\/2024\/12\/ua-mejlis-logo-rgb.svg","caption":"\u041c\u0435\u0434\u0436\u043b\u0456\u0441"},"image":{"@id":"https:\/\/qtmm.org\/qt\/#\/schema\/logo\/image\/"},"sameAs":["https:\/\/www.facebook.com\/qtmm.info\/"]},{"@type":"Person","@id":"https:\/\/qtmm.org\/qt\/#\/schema\/person\/e19a16971e1d6077c60771108a0c2eb1","name":"milena","image":{"@type":"ImageObject","inLanguage":"qt","@id":"https:\/\/secure.gravatar.com\/avatar\/a1c72d47914b6ffa21f1246920d5cff572eced8dc7c4ef1b629898b5a8c18fa5?s=96&d=mm&r=g","url":"https:\/\/secure.gravatar.com\/avatar\/a1c72d47914b6ffa21f1246920d5cff572eced8dc7c4ef1b629898b5a8c18fa5?s=96&d=mm&r=g","contentUrl":"https:\/\/secure.gravatar.com\/avatar\/a1c72d47914b6ffa21f1246920d5cff572eced8dc7c4ef1b629898b5a8c18fa5?s=96&d=mm&r=g","caption":"milena"},"url":"https:\/\/qtmm.org\/qt\/author\/milena\/"}]}},"_links":{"self":[{"href":"https:\/\/qtmm.org\/qt\/wp-json\/wp\/v2\/posts\/78684","targetHints":{"allow":["GET"]}}],"collection":[{"href":"https:\/\/qtmm.org\/qt\/wp-json\/wp\/v2\/posts"}],"about":[{"href":"https:\/\/qtmm.org\/qt\/wp-json\/wp\/v2\/types\/post"}],"author":[{"embeddable":true,"href":"https:\/\/qtmm.org\/qt\/wp-json\/wp\/v2\/users\/6"}],"replies":[{"embeddable":true,"href":"https:\/\/qtmm.org\/qt\/wp-json\/wp\/v2\/comments?post=78684"}],"version-history":[{"count":1,"href":"https:\/\/qtmm.org\/qt\/wp-json\/wp\/v2\/posts\/78684\/revisions"}],"predecessor-version":[{"id":78685,"href":"https:\/\/qtmm.org\/qt\/wp-json\/wp\/v2\/posts\/78684\/revisions\/78685"}],"wp:featuredmedia":[{"embeddable":true,"href":"https:\/\/qtmm.org\/qt\/wp-json\/wp\/v2\/media\/78681"}],"wp:attachment":[{"href":"https:\/\/qtmm.org\/qt\/wp-json\/wp\/v2\/media?parent=78684"}],"wp:term":[{"taxonomy":"category","embeddable":true,"href":"https:\/\/qtmm.org\/qt\/wp-json\/wp\/v2\/categories?post=78684"},{"taxonomy":"post_tag","embeddable":true,"href":"https:\/\/qtmm.org\/qt\/wp-json\/wp\/v2\/tags?post=78684"}],"curies":[{"name":"wp","href":"https:\/\/api.w.org\/{rel}","templated":true}]}}