




{"id":78676,"date":"2023-02-02T17:44:00","date_gmt":"2023-02-02T14:44:00","guid":{"rendered":"https:\/\/qtmm.org\/?p=78676"},"modified":"2023-02-02T17:44:02","modified_gmt":"2023-02-02T14:44:02","slug":"meclisnin-kooridnatsiya-merkezi-ve-qirim-milliy-varliq-fondu-cebege-bir-masna-berdiler","status":"publish","type":"post","link":"https:\/\/qtmm.org\/qt\/meclisnin-kooridnatsiya-merkezi-ve-qirim-milliy-varliq-fondu-cebege-bir-masna-berdiler\/","title":{"rendered":"Meclisni\u00f1 Kooridnatsiya merkezi ve Q\u0131r\u0131m Milliy Varl\u0131q Fondu cebege bir ma\u015fna berdiler"},"content":{"rendered":"\n<p>Q\u0131r\u0131mtatar Milliy Meclisini\u00f1 gumanitar meseleler koordinatsiya merkezi ve Q\u0131r\u0131m Milliy Varl\u0131q Fondu, Herson vil\u00e2yetini\u00f1 Geni\u00e7esk rayon\u0131n\u0131\u00f1&nbsp;Novooleksiyivka qasabas\u0131n\u0131\u00f1 ve Zaporijj\u00e2 vil\u00e2yetini\u00f1 Melitopol \u015feerini\u00f1 sakinleri ol\u011fan ukrainal\u0131lar ve q\u0131r\u0131mtatarlarn\u0131\u00f1 h\u0131zmet etkeni 34. ayr\u0131 motopiyade batalyon\u0131n\u0131\u00f1 astb\u00f6l\u00fcgini\u00f1 askerlerini\u00f1 ihtiyaclar\u0131na Nissan Navara pick-up`\u0131n\u0131 berdiler.&nbsp;<\/p>\n\n\n\n<p>Q\u0131r\u0131mtatar Milliy Meclisini\u00f1 ba\u015f\u0131 Refat \u00c7UBAROVn\u0131\u00f1 ve Ukraina milliy mebus\u0131, Meclsini\u00f1 Ba\u015f\u0131n\u0131\u00f1 muavini Ahtem \u00c7\u0130YG\u00d6Zni\u00f1 i\u015ftiraklar\u0131nen ma\u015fna berildi.<\/p>\n\n\n\n<p>Ma\u015fna ber\u00fcv merasimi vaqt\u0131nda Q\u0131r\u0131mtatar Milliy Meclisi, askerler i\u00e7\u00fcn ma\u015fnan\u0131 saylama\u011fa, alma\u011fa ve ketirmege yard\u0131m etmeleri i\u00e7\u00fcn Pavlo YERL\u0130MOV\u011fa ve &#8220;Asterya&#8221; b\u00f6lge te\u015febb\u00fcsleri merkezi&#8221; \u0130Tna te\u015fekk\u00fcr bildirdi.<\/p>\n\n\n\n<p>34. ayr\u0131 motopiyade batalyon\u0131n\u0131\u00f1 askerlerine, rus varvarlar\u0131nen cenkler\u015fkende qaramanl\u0131q ve ces\u00fcr k\u00f6stermeleri i\u00e7\u00fcn ayr\u0131ca minnetdarl\u0131q bildirildi.<\/p>\n\n\n\n<p>2014 senesi ki\u00e7ik (fevral) ayda rus askerlerini\u00f1 Q\u0131r\u0131m\u011fa tecavuz\u0131nen ba\u015fla\u011fan ve doquz senesir devam etken rus-ukrain cenki, Ukraina Sil\u00e2l\u0131 Quvetlerine yard\u0131m etmege y\u00f6nelgen ve inan\u0131lmaz tarzda semereli ve boldurma\u011fan g\u00f6\u00f1\u00fclliler areketini yarataraq, cemaatn\u0131 Ukraina devletini mudafaa etmege \u00f6gretti.<\/p>\n\n\n\n<p>Ukrainan\u0131\u00f1 i\u00e7timaiy cemaat\u0131n\u0131 destek etmege y\u00f6nelgen y\u00fczlerce g\u00f6\u00f1\u00fclli te\u015fkil\u00e2t, askerlerge tel\u00fckeli ve zor k\u00fcnkil i\u015fni yapma\u011fa &#8211; Ukrainan\u0131\u00f1 topraqlar\u0131na s\u00fcrip kirgen rus du\u015fman\u0131n\u0131 yoq etmege &#8211; yard\u0131m etmege y\u00f6nelgen ecnebiy ortaq te\u015fkil\u00e2tlar\u0131 bar.<\/p>\n","protected":false},"excerpt":{"rendered":"<p>Q\u0131r\u0131mtatar Milliy Meclisini\u00f1 gumanitar meseleler koordinatsiya merkezi ve Q\u0131r\u0131m Milliy Varl\u0131q Fondu, Herson vil\u00e2yetini\u00f1 Geni\u00e7esk rayon\u0131n\u0131\u00f1&nbsp;Novooleksiyivka qasabas\u0131n\u0131\u00f1 ve Zaporijj\u00e2 vil\u00e2yetini\u00f1 Melitopol \u015feerini\u00f1 sakinleri ol\u011fan ukrainal\u0131lar ve q\u0131r\u0131mtatarlarn\u0131\u00f1 h\u0131zmet etkeni 34. ayr\u0131 motopiyade batalyon\u0131n\u0131\u00f1 astb\u00f6l\u00fcgini\u00f1 askerlerini\u00f1 ihtiyaclar\u0131na Nissan Navara pick-up`\u0131n\u0131 berdiler.&nbsp; Q\u0131r\u0131mtatar Milliy Meclisini\u00f1 ba\u015f\u0131 Refat \u00c7UBAROVn\u0131\u00f1 ve Ukraina milliy mebus\u0131, Meclsini\u00f1 Ba\u015f\u0131n\u0131\u00f1 muavini Ahtem \u00c7\u0130YG\u00d6Zni\u00f1 [&hellip;]<\/p>\n","protected":false},"author":6,"featured_media":78662,"comment_status":"open","ping_status":"open","sticky":false,"template":"","format":"standard","meta":{"inline_featured_image":false,"footnotes":""},"categories":[265],"tags":[],"class_list":["post-78676","post","type-post","status-publish","format-standard","has-post-thumbnail","hentry","category-haberler"],"acf":[],"yoast_head":"<!-- This site is optimized with the Yoast SEO plugin v27.4 - https:\/\/yoast.com\/product\/yoast-seo-wordpress\/ -->\n<title>Meclisni\u00f1 Kooridnatsiya merkezi ve Q\u0131r\u0131m Milliy Varl\u0131q Fondu cebege bir ma\u015fna berdiler - \u041c\u0435\u0434\u0436\u043b\u0456\u0441<\/title>\n<meta name=\"robots\" content=\"index, follow, max-snippet:-1, max-image-preview:large, max-video-preview:-1\" \/>\n<link rel=\"canonical\" href=\"https:\/\/qtmm.org\/qt\/meclisnin-kooridnatsiya-merkezi-ve-qirim-milliy-varliq-fondu-cebege-bir-masna-berdiler\/\" \/>\n<meta property=\"og:locale\" content=\"en_US\" \/>\n<meta property=\"og:type\" content=\"article\" \/>\n<meta property=\"og:title\" content=\"Meclisni\u00f1 Kooridnatsiya merkezi ve Q\u0131r\u0131m Milliy Varl\u0131q Fondu cebege bir ma\u015fna berdiler - \u041c\u0435\u0434\u0436\u043b\u0456\u0441\" \/>\n<meta property=\"og:description\" content=\"Q\u0131r\u0131mtatar Milliy Meclisini\u00f1 gumanitar meseleler koordinatsiya merkezi ve Q\u0131r\u0131m Milliy Varl\u0131q Fondu, Herson vil\u00e2yetini\u00f1 Geni\u00e7esk rayon\u0131n\u0131\u00f1&nbsp;Novooleksiyivka qasabas\u0131n\u0131\u00f1 ve Zaporijj\u00e2 vil\u00e2yetini\u00f1 Melitopol \u015feerini\u00f1 sakinleri ol\u011fan ukrainal\u0131lar ve q\u0131r\u0131mtatarlarn\u0131\u00f1 h\u0131zmet etkeni 34. ayr\u0131 motopiyade batalyon\u0131n\u0131\u00f1 astb\u00f6l\u00fcgini\u00f1 askerlerini\u00f1 ihtiyaclar\u0131na Nissan Navara pick-up`\u0131n\u0131 berdiler.&nbsp; Q\u0131r\u0131mtatar Milliy Meclisini\u00f1 ba\u015f\u0131 Refat \u00c7UBAROVn\u0131\u00f1 ve Ukraina milliy mebus\u0131, Meclsini\u00f1 Ba\u015f\u0131n\u0131\u00f1 muavini Ahtem \u00c7\u0130YG\u00d6Zni\u00f1 [&hellip;]\" \/>\n<meta property=\"og:url\" content=\"https:\/\/qtmm.org\/qt\/meclisnin-kooridnatsiya-merkezi-ve-qirim-milliy-varliq-fondu-cebege-bir-masna-berdiler\/\" \/>\n<meta property=\"og:site_name\" content=\"\u041c\u0435\u0434\u0436\u043b\u0456\u0441\" \/>\n<meta property=\"article:publisher\" content=\"https:\/\/www.facebook.com\/qtmm.info\/\" \/>\n<meta property=\"article:published_time\" content=\"2023-02-02T14:44:00+00:00\" \/>\n<meta property=\"article:modified_time\" content=\"2023-02-02T14:44:02+00:00\" \/>\n<meta property=\"og:image\" content=\"https:\/\/qtmm.org\/wp-content\/uploads\/2023\/02\/328862764_930796341264495_3754559915191613023_n.jpg\" \/>\n\t<meta property=\"og:image:width\" content=\"1284\" \/>\n\t<meta property=\"og:image:height\" content=\"962\" \/>\n\t<meta property=\"og:image:type\" content=\"image\/jpeg\" \/>\n<meta name=\"author\" content=\"milena\" \/>\n<meta name=\"twitter:card\" content=\"summary_large_image\" \/>\n<meta name=\"twitter:label1\" content=\"Written by\" \/>\n\t<meta name=\"twitter:data1\" content=\"milena\" \/>\n\t<meta name=\"twitter:label2\" content=\"Est. reading time\" \/>\n\t<meta name=\"twitter:data2\" content=\"1 minute\" \/>\n<script type=\"application\/ld+json\" class=\"yoast-schema-graph\">{\"@context\":\"https:\\\/\\\/schema.org\",\"@graph\":[{\"@type\":\"Article\",\"@id\":\"https:\\\/\\\/qtmm.org\\\/qt\\\/meclisnin-kooridnatsiya-merkezi-ve-qirim-milliy-varliq-fondu-cebege-bir-masna-berdiler\\\/#article\",\"isPartOf\":{\"@id\":\"https:\\\/\\\/qtmm.org\\\/qt\\\/meclisnin-kooridnatsiya-merkezi-ve-qirim-milliy-varliq-fondu-cebege-bir-masna-berdiler\\\/\"},\"author\":{\"name\":\"milena\",\"@id\":\"https:\\\/\\\/qtmm.org\\\/qt\\\/#\\\/schema\\\/person\\\/e19a16971e1d6077c60771108a0c2eb1\"},\"headline\":\"Meclisni\u00f1 Kooridnatsiya merkezi ve Q\u0131r\u0131m Milliy Varl\u0131q Fondu cebege bir ma\u015fna berdiler\",\"datePublished\":\"2023-02-02T14:44:00+00:00\",\"dateModified\":\"2023-02-02T14:44:02+00:00\",\"mainEntityOfPage\":{\"@id\":\"https:\\\/\\\/qtmm.org\\\/qt\\\/meclisnin-kooridnatsiya-merkezi-ve-qirim-milliy-varliq-fondu-cebege-bir-masna-berdiler\\\/\"},\"wordCount\":274,\"commentCount\":0,\"publisher\":{\"@id\":\"https:\\\/\\\/qtmm.org\\\/qt\\\/#organization\"},\"image\":{\"@id\":\"https:\\\/\\\/qtmm.org\\\/qt\\\/meclisnin-kooridnatsiya-merkezi-ve-qirim-milliy-varliq-fondu-cebege-bir-masna-berdiler\\\/#primaryimage\"},\"thumbnailUrl\":\"https:\\\/\\\/qtmm.org\\\/wp-content\\\/uploads\\\/2023\\\/02\\\/328862764_930796341264495_3754559915191613023_n.jpg\",\"articleSection\":[\"Haberler\"],\"inLanguage\":\"qt\",\"potentialAction\":[{\"@type\":\"CommentAction\",\"name\":\"Comment\",\"target\":[\"https:\\\/\\\/qtmm.org\\\/qt\\\/meclisnin-kooridnatsiya-merkezi-ve-qirim-milliy-varliq-fondu-cebege-bir-masna-berdiler\\\/#respond\"]}]},{\"@type\":\"WebPage\",\"@id\":\"https:\\\/\\\/qtmm.org\\\/qt\\\/meclisnin-kooridnatsiya-merkezi-ve-qirim-milliy-varliq-fondu-cebege-bir-masna-berdiler\\\/\",\"url\":\"https:\\\/\\\/qtmm.org\\\/qt\\\/meclisnin-kooridnatsiya-merkezi-ve-qirim-milliy-varliq-fondu-cebege-bir-masna-berdiler\\\/\",\"name\":\"Meclisni\u00f1 Kooridnatsiya merkezi ve Q\u0131r\u0131m Milliy Varl\u0131q Fondu cebege bir ma\u015fna berdiler - \u041c\u0435\u0434\u0436\u043b\u0456\u0441\",\"isPartOf\":{\"@id\":\"https:\\\/\\\/qtmm.org\\\/qt\\\/#website\"},\"primaryImageOfPage\":{\"@id\":\"https:\\\/\\\/qtmm.org\\\/qt\\\/meclisnin-kooridnatsiya-merkezi-ve-qirim-milliy-varliq-fondu-cebege-bir-masna-berdiler\\\/#primaryimage\"},\"image\":{\"@id\":\"https:\\\/\\\/qtmm.org\\\/qt\\\/meclisnin-kooridnatsiya-merkezi-ve-qirim-milliy-varliq-fondu-cebege-bir-masna-berdiler\\\/#primaryimage\"},\"thumbnailUrl\":\"https:\\\/\\\/qtmm.org\\\/wp-content\\\/uploads\\\/2023\\\/02\\\/328862764_930796341264495_3754559915191613023_n.jpg\",\"datePublished\":\"2023-02-02T14:44:00+00:00\",\"dateModified\":\"2023-02-02T14:44:02+00:00\",\"breadcrumb\":{\"@id\":\"https:\\\/\\\/qtmm.org\\\/qt\\\/meclisnin-kooridnatsiya-merkezi-ve-qirim-milliy-varliq-fondu-cebege-bir-masna-berdiler\\\/#breadcrumb\"},\"inLanguage\":\"qt\",\"potentialAction\":[{\"@type\":\"ReadAction\",\"target\":[\"https:\\\/\\\/qtmm.org\\\/qt\\\/meclisnin-kooridnatsiya-merkezi-ve-qirim-milliy-varliq-fondu-cebege-bir-masna-berdiler\\\/\"]}]},{\"@type\":\"ImageObject\",\"inLanguage\":\"qt\",\"@id\":\"https:\\\/\\\/qtmm.org\\\/qt\\\/meclisnin-kooridnatsiya-merkezi-ve-qirim-milliy-varliq-fondu-cebege-bir-masna-berdiler\\\/#primaryimage\",\"url\":\"https:\\\/\\\/qtmm.org\\\/wp-content\\\/uploads\\\/2023\\\/02\\\/328862764_930796341264495_3754559915191613023_n.jpg\",\"contentUrl\":\"https:\\\/\\\/qtmm.org\\\/wp-content\\\/uploads\\\/2023\\\/02\\\/328862764_930796341264495_3754559915191613023_n.jpg\",\"width\":1284,\"height\":962},{\"@type\":\"BreadcrumbList\",\"@id\":\"https:\\\/\\\/qtmm.org\\\/qt\\\/meclisnin-kooridnatsiya-merkezi-ve-qirim-milliy-varliq-fondu-cebege-bir-masna-berdiler\\\/#breadcrumb\",\"itemListElement\":[{\"@type\":\"ListItem\",\"position\":1,\"name\":\"\u0413\u043e\u043b\u043e\u0432\u043d\u0430\",\"item\":\"https:\\\/\\\/qtmm.org\\\/qt\\\/\"},{\"@type\":\"ListItem\",\"position\":2,\"name\":\"Meclisni\u00f1 Kooridnatsiya merkezi ve Q\u0131r\u0131m Milliy Varl\u0131q Fondu cebege bir ma\u015fna berdiler\"}]},{\"@type\":\"WebSite\",\"@id\":\"https:\\\/\\\/qtmm.org\\\/qt\\\/#website\",\"url\":\"https:\\\/\\\/qtmm.org\\\/qt\\\/\",\"name\":\"\u041c\u0435\u0434\u0436\u043b\u0456\u0441\",\"description\":\"\",\"publisher\":{\"@id\":\"https:\\\/\\\/qtmm.org\\\/qt\\\/#organization\"},\"potentialAction\":[{\"@type\":\"SearchAction\",\"target\":{\"@type\":\"EntryPoint\",\"urlTemplate\":\"https:\\\/\\\/qtmm.org\\\/qt\\\/?s={search_term_string}\"},\"query-input\":{\"@type\":\"PropertyValueSpecification\",\"valueRequired\":true,\"valueName\":\"search_term_string\"}}],\"inLanguage\":\"qt\"},{\"@type\":\"Organization\",\"@id\":\"https:\\\/\\\/qtmm.org\\\/qt\\\/#organization\",\"name\":\"\u041c\u0435\u0434\u0436\u043b\u0456\u0441\",\"url\":\"https:\\\/\\\/qtmm.org\\\/qt\\\/\",\"logo\":{\"@type\":\"ImageObject\",\"inLanguage\":\"qt\",\"@id\":\"https:\\\/\\\/qtmm.org\\\/qt\\\/#\\\/schema\\\/logo\\\/image\\\/\",\"url\":\"https:\\\/\\\/qtmm.org\\\/wp-content\\\/uploads\\\/2024\\\/12\\\/ua-mejlis-logo-rgb.svg\",\"contentUrl\":\"https:\\\/\\\/qtmm.org\\\/wp-content\\\/uploads\\\/2024\\\/12\\\/ua-mejlis-logo-rgb.svg\",\"caption\":\"\u041c\u0435\u0434\u0436\u043b\u0456\u0441\"},\"image\":{\"@id\":\"https:\\\/\\\/qtmm.org\\\/qt\\\/#\\\/schema\\\/logo\\\/image\\\/\"},\"sameAs\":[\"https:\\\/\\\/www.facebook.com\\\/qtmm.info\\\/\"]},{\"@type\":\"Person\",\"@id\":\"https:\\\/\\\/qtmm.org\\\/qt\\\/#\\\/schema\\\/person\\\/e19a16971e1d6077c60771108a0c2eb1\",\"name\":\"milena\",\"image\":{\"@type\":\"ImageObject\",\"inLanguage\":\"qt\",\"@id\":\"https:\\\/\\\/secure.gravatar.com\\\/avatar\\\/a1c72d47914b6ffa21f1246920d5cff572eced8dc7c4ef1b629898b5a8c18fa5?s=96&d=mm&r=g\",\"url\":\"https:\\\/\\\/secure.gravatar.com\\\/avatar\\\/a1c72d47914b6ffa21f1246920d5cff572eced8dc7c4ef1b629898b5a8c18fa5?s=96&d=mm&r=g\",\"contentUrl\":\"https:\\\/\\\/secure.gravatar.com\\\/avatar\\\/a1c72d47914b6ffa21f1246920d5cff572eced8dc7c4ef1b629898b5a8c18fa5?s=96&d=mm&r=g\",\"caption\":\"milena\"},\"url\":\"https:\\\/\\\/qtmm.org\\\/qt\\\/author\\\/milena\\\/\"}]}<\/script>\n<!-- \/ Yoast SEO plugin. -->","yoast_head_json":{"title":"Meclisni\u00f1 Kooridnatsiya merkezi ve Q\u0131r\u0131m Milliy Varl\u0131q Fondu cebege bir ma\u015fna berdiler - \u041c\u0435\u0434\u0436\u043b\u0456\u0441","robots":{"index":"index","follow":"follow","max-snippet":"max-snippet:-1","max-image-preview":"max-image-preview:large","max-video-preview":"max-video-preview:-1"},"canonical":"https:\/\/qtmm.org\/qt\/meclisnin-kooridnatsiya-merkezi-ve-qirim-milliy-varliq-fondu-cebege-bir-masna-berdiler\/","og_locale":"en_US","og_type":"article","og_title":"Meclisni\u00f1 Kooridnatsiya merkezi ve Q\u0131r\u0131m Milliy Varl\u0131q Fondu cebege bir ma\u015fna berdiler - \u041c\u0435\u0434\u0436\u043b\u0456\u0441","og_description":"Q\u0131r\u0131mtatar Milliy Meclisini\u00f1 gumanitar meseleler koordinatsiya merkezi ve Q\u0131r\u0131m Milliy Varl\u0131q Fondu, Herson vil\u00e2yetini\u00f1 Geni\u00e7esk rayon\u0131n\u0131\u00f1&nbsp;Novooleksiyivka qasabas\u0131n\u0131\u00f1 ve Zaporijj\u00e2 vil\u00e2yetini\u00f1 Melitopol \u015feerini\u00f1 sakinleri ol\u011fan ukrainal\u0131lar ve q\u0131r\u0131mtatarlarn\u0131\u00f1 h\u0131zmet etkeni 34. ayr\u0131 motopiyade batalyon\u0131n\u0131\u00f1 astb\u00f6l\u00fcgini\u00f1 askerlerini\u00f1 ihtiyaclar\u0131na Nissan Navara pick-up`\u0131n\u0131 berdiler.&nbsp; Q\u0131r\u0131mtatar Milliy Meclisini\u00f1 ba\u015f\u0131 Refat \u00c7UBAROVn\u0131\u00f1 ve Ukraina milliy mebus\u0131, Meclsini\u00f1 Ba\u015f\u0131n\u0131\u00f1 muavini Ahtem \u00c7\u0130YG\u00d6Zni\u00f1 [&hellip;]","og_url":"https:\/\/qtmm.org\/qt\/meclisnin-kooridnatsiya-merkezi-ve-qirim-milliy-varliq-fondu-cebege-bir-masna-berdiler\/","og_site_name":"\u041c\u0435\u0434\u0436\u043b\u0456\u0441","article_publisher":"https:\/\/www.facebook.com\/qtmm.info\/","article_published_time":"2023-02-02T14:44:00+00:00","article_modified_time":"2023-02-02T14:44:02+00:00","og_image":[{"width":1284,"height":962,"url":"https:\/\/qtmm.org\/wp-content\/uploads\/2023\/02\/328862764_930796341264495_3754559915191613023_n.jpg","type":"image\/jpeg"}],"author":"milena","twitter_card":"summary_large_image","twitter_misc":{"Written by":"milena","Est. reading time":"1 minute"},"schema":{"@context":"https:\/\/schema.org","@graph":[{"@type":"Article","@id":"https:\/\/qtmm.org\/qt\/meclisnin-kooridnatsiya-merkezi-ve-qirim-milliy-varliq-fondu-cebege-bir-masna-berdiler\/#article","isPartOf":{"@id":"https:\/\/qtmm.org\/qt\/meclisnin-kooridnatsiya-merkezi-ve-qirim-milliy-varliq-fondu-cebege-bir-masna-berdiler\/"},"author":{"name":"milena","@id":"https:\/\/qtmm.org\/qt\/#\/schema\/person\/e19a16971e1d6077c60771108a0c2eb1"},"headline":"Meclisni\u00f1 Kooridnatsiya merkezi ve Q\u0131r\u0131m Milliy Varl\u0131q Fondu cebege bir ma\u015fna berdiler","datePublished":"2023-02-02T14:44:00+00:00","dateModified":"2023-02-02T14:44:02+00:00","mainEntityOfPage":{"@id":"https:\/\/qtmm.org\/qt\/meclisnin-kooridnatsiya-merkezi-ve-qirim-milliy-varliq-fondu-cebege-bir-masna-berdiler\/"},"wordCount":274,"commentCount":0,"publisher":{"@id":"https:\/\/qtmm.org\/qt\/#organization"},"image":{"@id":"https:\/\/qtmm.org\/qt\/meclisnin-kooridnatsiya-merkezi-ve-qirim-milliy-varliq-fondu-cebege-bir-masna-berdiler\/#primaryimage"},"thumbnailUrl":"https:\/\/qtmm.org\/wp-content\/uploads\/2023\/02\/328862764_930796341264495_3754559915191613023_n.jpg","articleSection":["Haberler"],"inLanguage":"qt","potentialAction":[{"@type":"CommentAction","name":"Comment","target":["https:\/\/qtmm.org\/qt\/meclisnin-kooridnatsiya-merkezi-ve-qirim-milliy-varliq-fondu-cebege-bir-masna-berdiler\/#respond"]}]},{"@type":"WebPage","@id":"https:\/\/qtmm.org\/qt\/meclisnin-kooridnatsiya-merkezi-ve-qirim-milliy-varliq-fondu-cebege-bir-masna-berdiler\/","url":"https:\/\/qtmm.org\/qt\/meclisnin-kooridnatsiya-merkezi-ve-qirim-milliy-varliq-fondu-cebege-bir-masna-berdiler\/","name":"Meclisni\u00f1 Kooridnatsiya merkezi ve Q\u0131r\u0131m Milliy Varl\u0131q Fondu cebege bir ma\u015fna berdiler - \u041c\u0435\u0434\u0436\u043b\u0456\u0441","isPartOf":{"@id":"https:\/\/qtmm.org\/qt\/#website"},"primaryImageOfPage":{"@id":"https:\/\/qtmm.org\/qt\/meclisnin-kooridnatsiya-merkezi-ve-qirim-milliy-varliq-fondu-cebege-bir-masna-berdiler\/#primaryimage"},"image":{"@id":"https:\/\/qtmm.org\/qt\/meclisnin-kooridnatsiya-merkezi-ve-qirim-milliy-varliq-fondu-cebege-bir-masna-berdiler\/#primaryimage"},"thumbnailUrl":"https:\/\/qtmm.org\/wp-content\/uploads\/2023\/02\/328862764_930796341264495_3754559915191613023_n.jpg","datePublished":"2023-02-02T14:44:00+00:00","dateModified":"2023-02-02T14:44:02+00:00","breadcrumb":{"@id":"https:\/\/qtmm.org\/qt\/meclisnin-kooridnatsiya-merkezi-ve-qirim-milliy-varliq-fondu-cebege-bir-masna-berdiler\/#breadcrumb"},"inLanguage":"qt","potentialAction":[{"@type":"ReadAction","target":["https:\/\/qtmm.org\/qt\/meclisnin-kooridnatsiya-merkezi-ve-qirim-milliy-varliq-fondu-cebege-bir-masna-berdiler\/"]}]},{"@type":"ImageObject","inLanguage":"qt","@id":"https:\/\/qtmm.org\/qt\/meclisnin-kooridnatsiya-merkezi-ve-qirim-milliy-varliq-fondu-cebege-bir-masna-berdiler\/#primaryimage","url":"https:\/\/qtmm.org\/wp-content\/uploads\/2023\/02\/328862764_930796341264495_3754559915191613023_n.jpg","contentUrl":"https:\/\/qtmm.org\/wp-content\/uploads\/2023\/02\/328862764_930796341264495_3754559915191613023_n.jpg","width":1284,"height":962},{"@type":"BreadcrumbList","@id":"https:\/\/qtmm.org\/qt\/meclisnin-kooridnatsiya-merkezi-ve-qirim-milliy-varliq-fondu-cebege-bir-masna-berdiler\/#breadcrumb","itemListElement":[{"@type":"ListItem","position":1,"name":"\u0413\u043e\u043b\u043e\u0432\u043d\u0430","item":"https:\/\/qtmm.org\/qt\/"},{"@type":"ListItem","position":2,"name":"Meclisni\u00f1 Kooridnatsiya merkezi ve Q\u0131r\u0131m Milliy Varl\u0131q Fondu cebege bir ma\u015fna berdiler"}]},{"@type":"WebSite","@id":"https:\/\/qtmm.org\/qt\/#website","url":"https:\/\/qtmm.org\/qt\/","name":"\u041c\u0435\u0434\u0436\u043b\u0456\u0441","description":"","publisher":{"@id":"https:\/\/qtmm.org\/qt\/#organization"},"potentialAction":[{"@type":"SearchAction","target":{"@type":"EntryPoint","urlTemplate":"https:\/\/qtmm.org\/qt\/?s={search_term_string}"},"query-input":{"@type":"PropertyValueSpecification","valueRequired":true,"valueName":"search_term_string"}}],"inLanguage":"qt"},{"@type":"Organization","@id":"https:\/\/qtmm.org\/qt\/#organization","name":"\u041c\u0435\u0434\u0436\u043b\u0456\u0441","url":"https:\/\/qtmm.org\/qt\/","logo":{"@type":"ImageObject","inLanguage":"qt","@id":"https:\/\/qtmm.org\/qt\/#\/schema\/logo\/image\/","url":"https:\/\/qtmm.org\/wp-content\/uploads\/2024\/12\/ua-mejlis-logo-rgb.svg","contentUrl":"https:\/\/qtmm.org\/wp-content\/uploads\/2024\/12\/ua-mejlis-logo-rgb.svg","caption":"\u041c\u0435\u0434\u0436\u043b\u0456\u0441"},"image":{"@id":"https:\/\/qtmm.org\/qt\/#\/schema\/logo\/image\/"},"sameAs":["https:\/\/www.facebook.com\/qtmm.info\/"]},{"@type":"Person","@id":"https:\/\/qtmm.org\/qt\/#\/schema\/person\/e19a16971e1d6077c60771108a0c2eb1","name":"milena","image":{"@type":"ImageObject","inLanguage":"qt","@id":"https:\/\/secure.gravatar.com\/avatar\/a1c72d47914b6ffa21f1246920d5cff572eced8dc7c4ef1b629898b5a8c18fa5?s=96&d=mm&r=g","url":"https:\/\/secure.gravatar.com\/avatar\/a1c72d47914b6ffa21f1246920d5cff572eced8dc7c4ef1b629898b5a8c18fa5?s=96&d=mm&r=g","contentUrl":"https:\/\/secure.gravatar.com\/avatar\/a1c72d47914b6ffa21f1246920d5cff572eced8dc7c4ef1b629898b5a8c18fa5?s=96&d=mm&r=g","caption":"milena"},"url":"https:\/\/qtmm.org\/qt\/author\/milena\/"}]}},"_links":{"self":[{"href":"https:\/\/qtmm.org\/qt\/wp-json\/wp\/v2\/posts\/78676","targetHints":{"allow":["GET"]}}],"collection":[{"href":"https:\/\/qtmm.org\/qt\/wp-json\/wp\/v2\/posts"}],"about":[{"href":"https:\/\/qtmm.org\/qt\/wp-json\/wp\/v2\/types\/post"}],"author":[{"embeddable":true,"href":"https:\/\/qtmm.org\/qt\/wp-json\/wp\/v2\/users\/6"}],"replies":[{"embeddable":true,"href":"https:\/\/qtmm.org\/qt\/wp-json\/wp\/v2\/comments?post=78676"}],"version-history":[{"count":1,"href":"https:\/\/qtmm.org\/qt\/wp-json\/wp\/v2\/posts\/78676\/revisions"}],"predecessor-version":[{"id":78677,"href":"https:\/\/qtmm.org\/qt\/wp-json\/wp\/v2\/posts\/78676\/revisions\/78677"}],"wp:featuredmedia":[{"embeddable":true,"href":"https:\/\/qtmm.org\/qt\/wp-json\/wp\/v2\/media\/78662"}],"wp:attachment":[{"href":"https:\/\/qtmm.org\/qt\/wp-json\/wp\/v2\/media?parent=78676"}],"wp:term":[{"taxonomy":"category","embeddable":true,"href":"https:\/\/qtmm.org\/qt\/wp-json\/wp\/v2\/categories?post=78676"},{"taxonomy":"post_tag","embeddable":true,"href":"https:\/\/qtmm.org\/qt\/wp-json\/wp\/v2\/tags?post=78676"}],"curies":[{"name":"wp","href":"https:\/\/api.w.org\/{rel}","templated":true}]}}