




{"id":78670,"date":"2023-02-02T17:40:59","date_gmt":"2023-02-02T14:40:59","guid":{"rendered":"https:\/\/qtmm.org\/?p=78670"},"modified":"2023-02-02T17:41:02","modified_gmt":"2023-02-02T14:41:02","slug":"meclisnen-beraber-umf-qirimnin-tamir-halqlarinin-medeniyetini-destek-etmek-icun-grant-baslatti","status":"publish","type":"post","link":"https:\/\/qtmm.org\/qt\/meclisnen-beraber-umf-qirimnin-tamir-halqlarinin-medeniyetini-destek-etmek-icun-grant-baslatti\/","title":{"rendered":"Meclisnen beraber UMF, Q\u0131r\u0131mn\u0131\u00f1 tam\u0131r halqlar\u0131n\u0131\u00f1 medeniyetini destek etmek i\u00e7\u00fcn grant ba\u015flatt\u0131"},"content":{"rendered":"\n<p>Q\u0131r\u0131mtatar Milliy Meclisinen Ukrain medeniy fondu, Q\u0131r\u0131mn\u0131\u00f1 tam\u0131r halqlar\u0131n\u0131\u00f1 medeniyetini ve Azaq ve Qara de\u00f1izleri \u00f6g\u00fcndeki topraqlarn\u0131\u00f1&nbsp;yek\u00e2ne qavmiy medeniyetlerini destek etmek etmek i\u00e7\u00fcn grant ba\u015flatt\u0131.<\/p>\n\n\n\n<p>Bu senelik &#8220;Medeniyet. B\u00f6lgeler&#8221; grant programmas\u0131 \u00e7er\u00e7ivesinde Ukrain medeniy fondu, &#8220;Tam\u0131r halqlar\u0131n\u0131\u00f1 medeniyeti, Azaq ve Qara de\u00f1izleri \u00f6g\u00fcndeki topraqlarn\u0131\u00f1 yek\u00e2ne qavmiy medeniyeti&#8221; LOTn\u0131 yaratt\u0131. O, rusiyeni\u00f1&nbsp;bu b\u00f6lgelerni i\u015f\u011fal etkeni sebebinden tel\u00fckeli vaziyette bulun\u011fan Q\u0131r\u0131mn\u0131\u00f1, Azaq ve Qara de\u00f1izleri \u00f6g\u00fcndeki topraqlarn\u0131\u00f1 medeniyetini saqlamaq, inki\u015faf etmek ve ra\u011fbetle\u015ftirmek i\u00e7\u00fcn Q\u0131r\u0131mtatar Milliy Meclisinen beraber i\u015flenip az\u0131rland\u0131.<\/p>\n\n\n\n<p>&#8220;UKR\u0130NFORM&#8221; agentligini\u00f1 matbuat merkezinde &#8220;Medeniyet. B\u00f6lgeler&#8221; ya\u00f1art\u0131l\u011fan grant programmas\u0131n\u0131 taqdim etkende Q\u0131r\u0131mtatar Milliy Meclisini\u00f1 ba\u015f\u0131 Refat \u00c7ubarov ve Ukrain medeniy fondun\u0131\u00f1 icra m\u00fcdiri Vlad\u0131slav Berkovsk\u0131y bun\u0131 a\u00f1latt\u0131lar.<\/p>\n\n\n\n<blockquote class=\"wp-block-quote is-layout-flow wp-block-quote-is-layout-flow\"><p>&#8211; <em>Bug\u00fcnki \u015fartlarda yerli medeniyetni destek etmek so\u00f1 derecede m\u00fcimdir. M\u0131nda, serbest Ukrainan\u0131\u00f1 topra\u011f\u0131nda, birle\u015fip, rusiyeni\u00f1 mezk\u00fcr topraqlarn\u0131 vaqt\u0131nca i\u015f\u011fale etkenine ve anda er \u015feyni yoq etmege \u0131nt\u0131l\u011fan\u0131na baqmadan Q\u0131r\u0131mn\u0131\u00f1 tam\u0131r halqlar\u0131n\u0131\u00f1 ve Azaq ve Qara de\u00f1izleri \u00f6g\u00fcndeki topraqlarn\u0131\u00f1 qavmiy halqlar\u0131n\u0131\u00f1 mediyeti, ananelerini saqlamaq i\u00e7\u00fcn \u00e7oq \u011fayret k\u00f6stermelimiz. Bun\u0131\u00f1 i\u00e7\u00fcn birlik i\u015fi ve bu y\u00f6neli\u015fte er tarafl\u0131 yard\u0131m i\u00e7\u00fcn Ukrain medeniy fonduna minnetdar\u0131m, &#8211; dep Q\u0131r\u0131mtatar Milliy Meclisini\u00f1 ba\u015f\u0131 Refat \u00c7urabov qayd etti.<\/em><\/p><\/blockquote>\n\n\n\n<figure class=\"wp-block-image size-large\"><img loading=\"lazy\" decoding=\"async\" width=\"1024\" height=\"683\" src=\"https:\/\/qtmm.org\/wp-content\/uploads\/2023\/02\/328712795_881975146283541_3482107241597995051_n-2-1024x683.jpg\" alt=\"\" class=\"wp-image-78671\" srcset=\"https:\/\/qtmm.org\/wp-content\/uploads\/2023\/02\/328712795_881975146283541_3482107241597995051_n-2-1024x683.jpg 1024w, https:\/\/qtmm.org\/wp-content\/uploads\/2023\/02\/328712795_881975146283541_3482107241597995051_n-2-300x200.jpg 300w, https:\/\/qtmm.org\/wp-content\/uploads\/2023\/02\/328712795_881975146283541_3482107241597995051_n-2-768x512.jpg 768w, https:\/\/qtmm.org\/wp-content\/uploads\/2023\/02\/328712795_881975146283541_3482107241597995051_n-2-1536x1024.jpg 1536w, https:\/\/qtmm.org\/wp-content\/uploads\/2023\/02\/328712795_881975146283541_3482107241597995051_n-2-2048x1365.jpg 2048w\" sizes=\"auto, (max-width: 1024px) 100vw, 1024px\" \/><\/figure>\n\n\n\n<blockquote class=\"wp-block-quote is-layout-flow wp-block-quote-is-layout-flow\"><p>&#8211; <em>Qavmiy Ukrainanen Q\u0131r\u0131mn\u0131\u00f1 medeniy ba\u011flar\u0131 ay\u0131r\u0131lmaz. Bizge berilecek leyhalarda bun\u0131\u00f1 k\u00f6r\u00fcnmesi de bizim i\u00e7\u00fcn pek m\u00fcimdir. Ayn\u0131 zamanda bizim i\u00e7\u00fcn bu musabaqa \u00e7er\u00e7ivesinde prioritet &#8211; Azaq ve Qara de\u00f1izleri \u00f6g\u00fcndeki topraqlarn\u0131\u00f1\u00a0 medeniy &#8211; azaq \u00f6g\u00fcndeki yunanlar, ah\u0131sqa t\u00fcrkleri, urumlar, rumeylerni\u00f1, olarn\u0131\u00f1 medeniyetini\u00f1 ya da misal i\u00e7\u00fcn, a\u015flar\u0131n\u0131\u00f1 \u00e7e\u015fitligini saqlav, inki\u015faf et\u00fcv ve k\u00f6ster\u00fcvdir. Milletlerimizge baqmadan biz &#8211; Ukraina vatanda\u015f\u0131m\u0131z, siyasiy ukrainal\u0131larn\u0131z, bir-birimizni destek etmelimiz. Tamam \u015fimdi, bizim topraqlar\u0131m\u0131z\u011fa \u00fcc\u00fcm etkende bun\u0131 k\u00f6stermek pek m\u00fcimdir, &#8211; dep Ukrain medeniy fondun\u0131\u00f1 icra m\u00fcdiri Vlad\u0131slav Berkovsk\u0131y aytt\u0131.<\/em><\/p><\/blockquote>\n\n\n\n<p>LOTn\u0131\u00f1 prioritetleri aras\u0131nda &#8211; Q\u0131r\u0131mn\u0131\u00f1 tam\u0131r halqlar\u0131n\u0131\u00f1, Azaq ve Qara de\u00f1izleri \u00f6g\u00fcndeki topraqlarn\u0131\u00f1 yek\u00e2ne qavmiy halqlar\u0131n\u0131\u00f1 sanatlar\u0131n\u0131 ra\u011fbetle\u015ftirgen leyhalarn\u0131 destek etmek, sanat adlar\u0131 ve k\u00f6r\u00fcni\u015flerini\u00f1 say\u0131s\u0131n\u0131 artt\u0131rmaq; Q\u0131r\u0131mn\u0131\u00f1, Ukrainan\u0131\u00f1&nbsp;Azaq ve Qara de\u00f1izleri \u00f6g\u00fcndeki topraqlar\u0131n\u0131\u00f1 taqm\u0131r halqlar\u0131n\u0131\u00f1 yek\u00e2ne medeniy miras\u0131n\u0131 saqlav ve raqamiyle\u015ftir\u00fcv tedbirlerini destek etmek, arbiy areketlerge yaq\u0131n ol\u011fan b\u00f6lgelerde bulun\u011fan obyektlerni raqamiyle\u015ftirmek ve tahliye etmektir.<\/p>\n\n\n\n<p>Arizac\u0131n\u0131\u00f1 leyha i\u00e7\u00fcn ala bilecegi grantn\u0131\u00f1 paras\u0131 &#8211; 700 bi\u00f1den 3 million\u011fa qadar grivnad\u0131r. Ariza bermek i\u00e7\u00fcn so\u00f1 tarih &#8211; 2023 senesi saban (mart) ay\u0131n\u0131\u00f1 6-s\u0131.<\/p>\n\n\n\n<p>Ki\u00e7ik (fevral) ayn\u0131\u00f1 8-inde saat 16:00da LOTn\u0131\u00f1 arizac\u0131lar\u0131 i\u00e7\u00fcn vebinar olaraq. Ukrain medeniy fondun\u0131\u00f1 You-Tube kanal\u0131nda yay\u0131n ke\u00e7irilecek.<a href=\"https:\/\/ucf.in.ua\/m_lots\/63c960c814e97c554774b2d5\">Ba\u011flant\u0131\u011fa<\/a> bas\u0131p, &#8220;Tam\u0131r halqlar\u0131n\u0131\u00f1 medeniyeti,&nbsp; Azaq ve Qara de\u00f1izleri \u00f6g\u00fcndeki topraqlarn\u0131\u00f1 yek\u00e2ne qavmiy medeniyeti&#8221; LOT aqq\u0131nda tasfil\u00e2tl\u0131ca \u00f6grene bilirsi\u00f1iz.<\/p>\n","protected":false},"excerpt":{"rendered":"<p>Q\u0131r\u0131mtatar Milliy Meclisinen Ukrain medeniy fondu, Q\u0131r\u0131mn\u0131\u00f1 tam\u0131r halqlar\u0131n\u0131\u00f1 medeniyetini ve Azaq ve Qara de\u00f1izleri \u00f6g\u00fcndeki topraqlarn\u0131\u00f1&nbsp;yek\u00e2ne qavmiy medeniyetlerini destek etmek etmek i\u00e7\u00fcn grant ba\u015flatt\u0131. Bu senelik &#8220;Medeniyet. B\u00f6lgeler&#8221; grant programmas\u0131 \u00e7er\u00e7ivesinde Ukrain medeniy fondu, &#8220;Tam\u0131r halqlar\u0131n\u0131\u00f1 medeniyeti, Azaq ve Qara de\u00f1izleri \u00f6g\u00fcndeki topraqlarn\u0131\u00f1 yek\u00e2ne qavmiy medeniyeti&#8221; LOTn\u0131 yaratt\u0131. O, rusiyeni\u00f1&nbsp;bu b\u00f6lgelerni i\u015f\u011fal etkeni sebebinden [&hellip;]<\/p>\n","protected":false},"author":6,"featured_media":78654,"comment_status":"open","ping_status":"open","sticky":false,"template":"","format":"standard","meta":{"inline_featured_image":false,"footnotes":""},"categories":[265],"tags":[],"class_list":["post-78670","post","type-post","status-publish","format-standard","has-post-thumbnail","hentry","category-haberler"],"acf":[],"yoast_head":"<!-- This site is optimized with the Yoast SEO plugin v27.4 - https:\/\/yoast.com\/product\/yoast-seo-wordpress\/ -->\n<title>Meclisnen beraber UMF, Q\u0131r\u0131mn\u0131\u00f1 tam\u0131r halqlar\u0131n\u0131\u00f1 medeniyetini destek etmek i\u00e7\u00fcn grant ba\u015flatt\u0131 - \u041c\u0435\u0434\u0436\u043b\u0456\u0441<\/title>\n<meta name=\"robots\" content=\"index, follow, max-snippet:-1, max-image-preview:large, max-video-preview:-1\" \/>\n<link rel=\"canonical\" href=\"https:\/\/qtmm.org\/qt\/meclisnen-beraber-umf-qirimnin-tamir-halqlarinin-medeniyetini-destek-etmek-icun-grant-baslatti\/\" \/>\n<meta property=\"og:locale\" content=\"en_US\" \/>\n<meta property=\"og:type\" content=\"article\" \/>\n<meta property=\"og:title\" content=\"Meclisnen beraber UMF, Q\u0131r\u0131mn\u0131\u00f1 tam\u0131r halqlar\u0131n\u0131\u00f1 medeniyetini destek etmek i\u00e7\u00fcn grant ba\u015flatt\u0131 - \u041c\u0435\u0434\u0436\u043b\u0456\u0441\" \/>\n<meta property=\"og:description\" content=\"Q\u0131r\u0131mtatar Milliy Meclisinen Ukrain medeniy fondu, Q\u0131r\u0131mn\u0131\u00f1 tam\u0131r halqlar\u0131n\u0131\u00f1 medeniyetini ve Azaq ve Qara de\u00f1izleri \u00f6g\u00fcndeki topraqlarn\u0131\u00f1&nbsp;yek\u00e2ne qavmiy medeniyetlerini destek etmek etmek i\u00e7\u00fcn grant ba\u015flatt\u0131. Bu senelik &#8220;Medeniyet. B\u00f6lgeler&#8221; grant programmas\u0131 \u00e7er\u00e7ivesinde Ukrain medeniy fondu, &#8220;Tam\u0131r halqlar\u0131n\u0131\u00f1 medeniyeti, Azaq ve Qara de\u00f1izleri \u00f6g\u00fcndeki topraqlarn\u0131\u00f1 yek\u00e2ne qavmiy medeniyeti&#8221; LOTn\u0131 yaratt\u0131. O, rusiyeni\u00f1&nbsp;bu b\u00f6lgelerni i\u015f\u011fal etkeni sebebinden [&hellip;]\" \/>\n<meta property=\"og:url\" content=\"https:\/\/qtmm.org\/qt\/meclisnen-beraber-umf-qirimnin-tamir-halqlarinin-medeniyetini-destek-etmek-icun-grant-baslatti\/\" \/>\n<meta property=\"og:site_name\" content=\"\u041c\u0435\u0434\u0436\u043b\u0456\u0441\" \/>\n<meta property=\"article:publisher\" content=\"https:\/\/www.facebook.com\/qtmm.info\/\" \/>\n<meta property=\"article:published_time\" content=\"2023-02-02T14:40:59+00:00\" \/>\n<meta property=\"article:modified_time\" content=\"2023-02-02T14:41:02+00:00\" \/>\n<meta property=\"og:image\" content=\"https:\/\/qtmm.org\/wp-content\/uploads\/2023\/02\/328855134_907396010680692_3630884091827154321_n-scaled.jpg\" \/>\n\t<meta property=\"og:image:width\" content=\"2560\" \/>\n\t<meta property=\"og:image:height\" content=\"1707\" \/>\n\t<meta property=\"og:image:type\" content=\"image\/jpeg\" \/>\n<meta name=\"author\" content=\"milena\" \/>\n<meta name=\"twitter:card\" content=\"summary_large_image\" \/>\n<meta name=\"twitter:label1\" content=\"Written by\" \/>\n\t<meta name=\"twitter:data1\" content=\"milena\" \/>\n\t<meta name=\"twitter:label2\" content=\"Est. reading time\" \/>\n\t<meta name=\"twitter:data2\" content=\"3 minutes\" \/>\n<script type=\"application\/ld+json\" class=\"yoast-schema-graph\">{\"@context\":\"https:\\\/\\\/schema.org\",\"@graph\":[{\"@type\":\"Article\",\"@id\":\"https:\\\/\\\/qtmm.org\\\/qt\\\/meclisnen-beraber-umf-qirimnin-tamir-halqlarinin-medeniyetini-destek-etmek-icun-grant-baslatti\\\/#article\",\"isPartOf\":{\"@id\":\"https:\\\/\\\/qtmm.org\\\/qt\\\/meclisnen-beraber-umf-qirimnin-tamir-halqlarinin-medeniyetini-destek-etmek-icun-grant-baslatti\\\/\"},\"author\":{\"name\":\"milena\",\"@id\":\"https:\\\/\\\/qtmm.org\\\/qt\\\/#\\\/schema\\\/person\\\/e19a16971e1d6077c60771108a0c2eb1\"},\"headline\":\"Meclisnen beraber UMF, Q\u0131r\u0131mn\u0131\u00f1 tam\u0131r halqlar\u0131n\u0131\u00f1 medeniyetini destek etmek i\u00e7\u00fcn grant ba\u015flatt\u0131\",\"datePublished\":\"2023-02-02T14:40:59+00:00\",\"dateModified\":\"2023-02-02T14:41:02+00:00\",\"mainEntityOfPage\":{\"@id\":\"https:\\\/\\\/qtmm.org\\\/qt\\\/meclisnen-beraber-umf-qirimnin-tamir-halqlarinin-medeniyetini-destek-etmek-icun-grant-baslatti\\\/\"},\"wordCount\":576,\"commentCount\":0,\"publisher\":{\"@id\":\"https:\\\/\\\/qtmm.org\\\/qt\\\/#organization\"},\"image\":{\"@id\":\"https:\\\/\\\/qtmm.org\\\/qt\\\/meclisnen-beraber-umf-qirimnin-tamir-halqlarinin-medeniyetini-destek-etmek-icun-grant-baslatti\\\/#primaryimage\"},\"thumbnailUrl\":\"https:\\\/\\\/qtmm.org\\\/wp-content\\\/uploads\\\/2023\\\/02\\\/328855134_907396010680692_3630884091827154321_n-scaled.jpg\",\"articleSection\":[\"Haberler\"],\"inLanguage\":\"qt\",\"potentialAction\":[{\"@type\":\"CommentAction\",\"name\":\"Comment\",\"target\":[\"https:\\\/\\\/qtmm.org\\\/qt\\\/meclisnen-beraber-umf-qirimnin-tamir-halqlarinin-medeniyetini-destek-etmek-icun-grant-baslatti\\\/#respond\"]}]},{\"@type\":\"WebPage\",\"@id\":\"https:\\\/\\\/qtmm.org\\\/qt\\\/meclisnen-beraber-umf-qirimnin-tamir-halqlarinin-medeniyetini-destek-etmek-icun-grant-baslatti\\\/\",\"url\":\"https:\\\/\\\/qtmm.org\\\/qt\\\/meclisnen-beraber-umf-qirimnin-tamir-halqlarinin-medeniyetini-destek-etmek-icun-grant-baslatti\\\/\",\"name\":\"Meclisnen beraber UMF, Q\u0131r\u0131mn\u0131\u00f1 tam\u0131r halqlar\u0131n\u0131\u00f1 medeniyetini destek etmek i\u00e7\u00fcn grant ba\u015flatt\u0131 - \u041c\u0435\u0434\u0436\u043b\u0456\u0441\",\"isPartOf\":{\"@id\":\"https:\\\/\\\/qtmm.org\\\/qt\\\/#website\"},\"primaryImageOfPage\":{\"@id\":\"https:\\\/\\\/qtmm.org\\\/qt\\\/meclisnen-beraber-umf-qirimnin-tamir-halqlarinin-medeniyetini-destek-etmek-icun-grant-baslatti\\\/#primaryimage\"},\"image\":{\"@id\":\"https:\\\/\\\/qtmm.org\\\/qt\\\/meclisnen-beraber-umf-qirimnin-tamir-halqlarinin-medeniyetini-destek-etmek-icun-grant-baslatti\\\/#primaryimage\"},\"thumbnailUrl\":\"https:\\\/\\\/qtmm.org\\\/wp-content\\\/uploads\\\/2023\\\/02\\\/328855134_907396010680692_3630884091827154321_n-scaled.jpg\",\"datePublished\":\"2023-02-02T14:40:59+00:00\",\"dateModified\":\"2023-02-02T14:41:02+00:00\",\"breadcrumb\":{\"@id\":\"https:\\\/\\\/qtmm.org\\\/qt\\\/meclisnen-beraber-umf-qirimnin-tamir-halqlarinin-medeniyetini-destek-etmek-icun-grant-baslatti\\\/#breadcrumb\"},\"inLanguage\":\"qt\",\"potentialAction\":[{\"@type\":\"ReadAction\",\"target\":[\"https:\\\/\\\/qtmm.org\\\/qt\\\/meclisnen-beraber-umf-qirimnin-tamir-halqlarinin-medeniyetini-destek-etmek-icun-grant-baslatti\\\/\"]}]},{\"@type\":\"ImageObject\",\"inLanguage\":\"qt\",\"@id\":\"https:\\\/\\\/qtmm.org\\\/qt\\\/meclisnen-beraber-umf-qirimnin-tamir-halqlarinin-medeniyetini-destek-etmek-icun-grant-baslatti\\\/#primaryimage\",\"url\":\"https:\\\/\\\/qtmm.org\\\/wp-content\\\/uploads\\\/2023\\\/02\\\/328855134_907396010680692_3630884091827154321_n-scaled.jpg\",\"contentUrl\":\"https:\\\/\\\/qtmm.org\\\/wp-content\\\/uploads\\\/2023\\\/02\\\/328855134_907396010680692_3630884091827154321_n-scaled.jpg\",\"width\":2560,\"height\":1707},{\"@type\":\"BreadcrumbList\",\"@id\":\"https:\\\/\\\/qtmm.org\\\/qt\\\/meclisnen-beraber-umf-qirimnin-tamir-halqlarinin-medeniyetini-destek-etmek-icun-grant-baslatti\\\/#breadcrumb\",\"itemListElement\":[{\"@type\":\"ListItem\",\"position\":1,\"name\":\"\u0413\u043e\u043b\u043e\u0432\u043d\u0430\",\"item\":\"https:\\\/\\\/qtmm.org\\\/qt\\\/\"},{\"@type\":\"ListItem\",\"position\":2,\"name\":\"Meclisnen beraber UMF, Q\u0131r\u0131mn\u0131\u00f1 tam\u0131r halqlar\u0131n\u0131\u00f1 medeniyetini destek etmek i\u00e7\u00fcn grant ba\u015flatt\u0131\"}]},{\"@type\":\"WebSite\",\"@id\":\"https:\\\/\\\/qtmm.org\\\/qt\\\/#website\",\"url\":\"https:\\\/\\\/qtmm.org\\\/qt\\\/\",\"name\":\"\u041c\u0435\u0434\u0436\u043b\u0456\u0441\",\"description\":\"\",\"publisher\":{\"@id\":\"https:\\\/\\\/qtmm.org\\\/qt\\\/#organization\"},\"potentialAction\":[{\"@type\":\"SearchAction\",\"target\":{\"@type\":\"EntryPoint\",\"urlTemplate\":\"https:\\\/\\\/qtmm.org\\\/qt\\\/?s={search_term_string}\"},\"query-input\":{\"@type\":\"PropertyValueSpecification\",\"valueRequired\":true,\"valueName\":\"search_term_string\"}}],\"inLanguage\":\"qt\"},{\"@type\":\"Organization\",\"@id\":\"https:\\\/\\\/qtmm.org\\\/qt\\\/#organization\",\"name\":\"\u041c\u0435\u0434\u0436\u043b\u0456\u0441\",\"url\":\"https:\\\/\\\/qtmm.org\\\/qt\\\/\",\"logo\":{\"@type\":\"ImageObject\",\"inLanguage\":\"qt\",\"@id\":\"https:\\\/\\\/qtmm.org\\\/qt\\\/#\\\/schema\\\/logo\\\/image\\\/\",\"url\":\"https:\\\/\\\/qtmm.org\\\/wp-content\\\/uploads\\\/2024\\\/12\\\/ua-mejlis-logo-rgb.svg\",\"contentUrl\":\"https:\\\/\\\/qtmm.org\\\/wp-content\\\/uploads\\\/2024\\\/12\\\/ua-mejlis-logo-rgb.svg\",\"caption\":\"\u041c\u0435\u0434\u0436\u043b\u0456\u0441\"},\"image\":{\"@id\":\"https:\\\/\\\/qtmm.org\\\/qt\\\/#\\\/schema\\\/logo\\\/image\\\/\"},\"sameAs\":[\"https:\\\/\\\/www.facebook.com\\\/qtmm.info\\\/\"]},{\"@type\":\"Person\",\"@id\":\"https:\\\/\\\/qtmm.org\\\/qt\\\/#\\\/schema\\\/person\\\/e19a16971e1d6077c60771108a0c2eb1\",\"name\":\"milena\",\"image\":{\"@type\":\"ImageObject\",\"inLanguage\":\"qt\",\"@id\":\"https:\\\/\\\/secure.gravatar.com\\\/avatar\\\/a1c72d47914b6ffa21f1246920d5cff572eced8dc7c4ef1b629898b5a8c18fa5?s=96&d=mm&r=g\",\"url\":\"https:\\\/\\\/secure.gravatar.com\\\/avatar\\\/a1c72d47914b6ffa21f1246920d5cff572eced8dc7c4ef1b629898b5a8c18fa5?s=96&d=mm&r=g\",\"contentUrl\":\"https:\\\/\\\/secure.gravatar.com\\\/avatar\\\/a1c72d47914b6ffa21f1246920d5cff572eced8dc7c4ef1b629898b5a8c18fa5?s=96&d=mm&r=g\",\"caption\":\"milena\"},\"url\":\"https:\\\/\\\/qtmm.org\\\/qt\\\/author\\\/milena\\\/\"}]}<\/script>\n<!-- \/ Yoast SEO plugin. -->","yoast_head_json":{"title":"Meclisnen beraber UMF, Q\u0131r\u0131mn\u0131\u00f1 tam\u0131r halqlar\u0131n\u0131\u00f1 medeniyetini destek etmek i\u00e7\u00fcn grant ba\u015flatt\u0131 - \u041c\u0435\u0434\u0436\u043b\u0456\u0441","robots":{"index":"index","follow":"follow","max-snippet":"max-snippet:-1","max-image-preview":"max-image-preview:large","max-video-preview":"max-video-preview:-1"},"canonical":"https:\/\/qtmm.org\/qt\/meclisnen-beraber-umf-qirimnin-tamir-halqlarinin-medeniyetini-destek-etmek-icun-grant-baslatti\/","og_locale":"en_US","og_type":"article","og_title":"Meclisnen beraber UMF, Q\u0131r\u0131mn\u0131\u00f1 tam\u0131r halqlar\u0131n\u0131\u00f1 medeniyetini destek etmek i\u00e7\u00fcn grant ba\u015flatt\u0131 - \u041c\u0435\u0434\u0436\u043b\u0456\u0441","og_description":"Q\u0131r\u0131mtatar Milliy Meclisinen Ukrain medeniy fondu, Q\u0131r\u0131mn\u0131\u00f1 tam\u0131r halqlar\u0131n\u0131\u00f1 medeniyetini ve Azaq ve Qara de\u00f1izleri \u00f6g\u00fcndeki topraqlarn\u0131\u00f1&nbsp;yek\u00e2ne qavmiy medeniyetlerini destek etmek etmek i\u00e7\u00fcn grant ba\u015flatt\u0131. Bu senelik &#8220;Medeniyet. B\u00f6lgeler&#8221; grant programmas\u0131 \u00e7er\u00e7ivesinde Ukrain medeniy fondu, &#8220;Tam\u0131r halqlar\u0131n\u0131\u00f1 medeniyeti, Azaq ve Qara de\u00f1izleri \u00f6g\u00fcndeki topraqlarn\u0131\u00f1 yek\u00e2ne qavmiy medeniyeti&#8221; LOTn\u0131 yaratt\u0131. O, rusiyeni\u00f1&nbsp;bu b\u00f6lgelerni i\u015f\u011fal etkeni sebebinden [&hellip;]","og_url":"https:\/\/qtmm.org\/qt\/meclisnen-beraber-umf-qirimnin-tamir-halqlarinin-medeniyetini-destek-etmek-icun-grant-baslatti\/","og_site_name":"\u041c\u0435\u0434\u0436\u043b\u0456\u0441","article_publisher":"https:\/\/www.facebook.com\/qtmm.info\/","article_published_time":"2023-02-02T14:40:59+00:00","article_modified_time":"2023-02-02T14:41:02+00:00","og_image":[{"width":2560,"height":1707,"url":"https:\/\/qtmm.org\/wp-content\/uploads\/2023\/02\/328855134_907396010680692_3630884091827154321_n-scaled.jpg","type":"image\/jpeg"}],"author":"milena","twitter_card":"summary_large_image","twitter_misc":{"Written by":"milena","Est. reading time":"3 minutes"},"schema":{"@context":"https:\/\/schema.org","@graph":[{"@type":"Article","@id":"https:\/\/qtmm.org\/qt\/meclisnen-beraber-umf-qirimnin-tamir-halqlarinin-medeniyetini-destek-etmek-icun-grant-baslatti\/#article","isPartOf":{"@id":"https:\/\/qtmm.org\/qt\/meclisnen-beraber-umf-qirimnin-tamir-halqlarinin-medeniyetini-destek-etmek-icun-grant-baslatti\/"},"author":{"name":"milena","@id":"https:\/\/qtmm.org\/qt\/#\/schema\/person\/e19a16971e1d6077c60771108a0c2eb1"},"headline":"Meclisnen beraber UMF, Q\u0131r\u0131mn\u0131\u00f1 tam\u0131r halqlar\u0131n\u0131\u00f1 medeniyetini destek etmek i\u00e7\u00fcn grant ba\u015flatt\u0131","datePublished":"2023-02-02T14:40:59+00:00","dateModified":"2023-02-02T14:41:02+00:00","mainEntityOfPage":{"@id":"https:\/\/qtmm.org\/qt\/meclisnen-beraber-umf-qirimnin-tamir-halqlarinin-medeniyetini-destek-etmek-icun-grant-baslatti\/"},"wordCount":576,"commentCount":0,"publisher":{"@id":"https:\/\/qtmm.org\/qt\/#organization"},"image":{"@id":"https:\/\/qtmm.org\/qt\/meclisnen-beraber-umf-qirimnin-tamir-halqlarinin-medeniyetini-destek-etmek-icun-grant-baslatti\/#primaryimage"},"thumbnailUrl":"https:\/\/qtmm.org\/wp-content\/uploads\/2023\/02\/328855134_907396010680692_3630884091827154321_n-scaled.jpg","articleSection":["Haberler"],"inLanguage":"qt","potentialAction":[{"@type":"CommentAction","name":"Comment","target":["https:\/\/qtmm.org\/qt\/meclisnen-beraber-umf-qirimnin-tamir-halqlarinin-medeniyetini-destek-etmek-icun-grant-baslatti\/#respond"]}]},{"@type":"WebPage","@id":"https:\/\/qtmm.org\/qt\/meclisnen-beraber-umf-qirimnin-tamir-halqlarinin-medeniyetini-destek-etmek-icun-grant-baslatti\/","url":"https:\/\/qtmm.org\/qt\/meclisnen-beraber-umf-qirimnin-tamir-halqlarinin-medeniyetini-destek-etmek-icun-grant-baslatti\/","name":"Meclisnen beraber UMF, Q\u0131r\u0131mn\u0131\u00f1 tam\u0131r halqlar\u0131n\u0131\u00f1 medeniyetini destek etmek i\u00e7\u00fcn grant ba\u015flatt\u0131 - \u041c\u0435\u0434\u0436\u043b\u0456\u0441","isPartOf":{"@id":"https:\/\/qtmm.org\/qt\/#website"},"primaryImageOfPage":{"@id":"https:\/\/qtmm.org\/qt\/meclisnen-beraber-umf-qirimnin-tamir-halqlarinin-medeniyetini-destek-etmek-icun-grant-baslatti\/#primaryimage"},"image":{"@id":"https:\/\/qtmm.org\/qt\/meclisnen-beraber-umf-qirimnin-tamir-halqlarinin-medeniyetini-destek-etmek-icun-grant-baslatti\/#primaryimage"},"thumbnailUrl":"https:\/\/qtmm.org\/wp-content\/uploads\/2023\/02\/328855134_907396010680692_3630884091827154321_n-scaled.jpg","datePublished":"2023-02-02T14:40:59+00:00","dateModified":"2023-02-02T14:41:02+00:00","breadcrumb":{"@id":"https:\/\/qtmm.org\/qt\/meclisnen-beraber-umf-qirimnin-tamir-halqlarinin-medeniyetini-destek-etmek-icun-grant-baslatti\/#breadcrumb"},"inLanguage":"qt","potentialAction":[{"@type":"ReadAction","target":["https:\/\/qtmm.org\/qt\/meclisnen-beraber-umf-qirimnin-tamir-halqlarinin-medeniyetini-destek-etmek-icun-grant-baslatti\/"]}]},{"@type":"ImageObject","inLanguage":"qt","@id":"https:\/\/qtmm.org\/qt\/meclisnen-beraber-umf-qirimnin-tamir-halqlarinin-medeniyetini-destek-etmek-icun-grant-baslatti\/#primaryimage","url":"https:\/\/qtmm.org\/wp-content\/uploads\/2023\/02\/328855134_907396010680692_3630884091827154321_n-scaled.jpg","contentUrl":"https:\/\/qtmm.org\/wp-content\/uploads\/2023\/02\/328855134_907396010680692_3630884091827154321_n-scaled.jpg","width":2560,"height":1707},{"@type":"BreadcrumbList","@id":"https:\/\/qtmm.org\/qt\/meclisnen-beraber-umf-qirimnin-tamir-halqlarinin-medeniyetini-destek-etmek-icun-grant-baslatti\/#breadcrumb","itemListElement":[{"@type":"ListItem","position":1,"name":"\u0413\u043e\u043b\u043e\u0432\u043d\u0430","item":"https:\/\/qtmm.org\/qt\/"},{"@type":"ListItem","position":2,"name":"Meclisnen beraber UMF, Q\u0131r\u0131mn\u0131\u00f1 tam\u0131r halqlar\u0131n\u0131\u00f1 medeniyetini destek etmek i\u00e7\u00fcn grant ba\u015flatt\u0131"}]},{"@type":"WebSite","@id":"https:\/\/qtmm.org\/qt\/#website","url":"https:\/\/qtmm.org\/qt\/","name":"\u041c\u0435\u0434\u0436\u043b\u0456\u0441","description":"","publisher":{"@id":"https:\/\/qtmm.org\/qt\/#organization"},"potentialAction":[{"@type":"SearchAction","target":{"@type":"EntryPoint","urlTemplate":"https:\/\/qtmm.org\/qt\/?s={search_term_string}"},"query-input":{"@type":"PropertyValueSpecification","valueRequired":true,"valueName":"search_term_string"}}],"inLanguage":"qt"},{"@type":"Organization","@id":"https:\/\/qtmm.org\/qt\/#organization","name":"\u041c\u0435\u0434\u0436\u043b\u0456\u0441","url":"https:\/\/qtmm.org\/qt\/","logo":{"@type":"ImageObject","inLanguage":"qt","@id":"https:\/\/qtmm.org\/qt\/#\/schema\/logo\/image\/","url":"https:\/\/qtmm.org\/wp-content\/uploads\/2024\/12\/ua-mejlis-logo-rgb.svg","contentUrl":"https:\/\/qtmm.org\/wp-content\/uploads\/2024\/12\/ua-mejlis-logo-rgb.svg","caption":"\u041c\u0435\u0434\u0436\u043b\u0456\u0441"},"image":{"@id":"https:\/\/qtmm.org\/qt\/#\/schema\/logo\/image\/"},"sameAs":["https:\/\/www.facebook.com\/qtmm.info\/"]},{"@type":"Person","@id":"https:\/\/qtmm.org\/qt\/#\/schema\/person\/e19a16971e1d6077c60771108a0c2eb1","name":"milena","image":{"@type":"ImageObject","inLanguage":"qt","@id":"https:\/\/secure.gravatar.com\/avatar\/a1c72d47914b6ffa21f1246920d5cff572eced8dc7c4ef1b629898b5a8c18fa5?s=96&d=mm&r=g","url":"https:\/\/secure.gravatar.com\/avatar\/a1c72d47914b6ffa21f1246920d5cff572eced8dc7c4ef1b629898b5a8c18fa5?s=96&d=mm&r=g","contentUrl":"https:\/\/secure.gravatar.com\/avatar\/a1c72d47914b6ffa21f1246920d5cff572eced8dc7c4ef1b629898b5a8c18fa5?s=96&d=mm&r=g","caption":"milena"},"url":"https:\/\/qtmm.org\/qt\/author\/milena\/"}]}},"_links":{"self":[{"href":"https:\/\/qtmm.org\/qt\/wp-json\/wp\/v2\/posts\/78670","targetHints":{"allow":["GET"]}}],"collection":[{"href":"https:\/\/qtmm.org\/qt\/wp-json\/wp\/v2\/posts"}],"about":[{"href":"https:\/\/qtmm.org\/qt\/wp-json\/wp\/v2\/types\/post"}],"author":[{"embeddable":true,"href":"https:\/\/qtmm.org\/qt\/wp-json\/wp\/v2\/users\/6"}],"replies":[{"embeddable":true,"href":"https:\/\/qtmm.org\/qt\/wp-json\/wp\/v2\/comments?post=78670"}],"version-history":[{"count":1,"href":"https:\/\/qtmm.org\/qt\/wp-json\/wp\/v2\/posts\/78670\/revisions"}],"predecessor-version":[{"id":78675,"href":"https:\/\/qtmm.org\/qt\/wp-json\/wp\/v2\/posts\/78670\/revisions\/78675"}],"wp:featuredmedia":[{"embeddable":true,"href":"https:\/\/qtmm.org\/qt\/wp-json\/wp\/v2\/media\/78654"}],"wp:attachment":[{"href":"https:\/\/qtmm.org\/qt\/wp-json\/wp\/v2\/media?parent=78670"}],"wp:term":[{"taxonomy":"category","embeddable":true,"href":"https:\/\/qtmm.org\/qt\/wp-json\/wp\/v2\/categories?post=78670"},{"taxonomy":"post_tag","embeddable":true,"href":"https:\/\/qtmm.org\/qt\/wp-json\/wp\/v2\/tags?post=78670"}],"curies":[{"name":"wp","href":"https:\/\/api.w.org\/{rel}","templated":true}]}}