




{"id":78605,"date":"2023-01-31T19:23:53","date_gmt":"2023-01-31T16:23:53","guid":{"rendered":"https:\/\/qtmm.org\/?p=78605"},"modified":"2023-01-31T19:23:55","modified_gmt":"2023-01-31T16:23:55","slug":"human-right-watch-uquq-qorcalayicilari-ukrainanin-qirimsiz-haritasini-yayinladilar","status":"publish","type":"post","link":"https:\/\/qtmm.org\/qt\/human-right-watch-uquq-qorcalayicilari-ukrainanin-qirimsiz-haritasini-yayinladilar\/","title":{"rendered":"Human Right Watch uquq qor\u00e7alay\u0131c\u0131lar\u0131 Ukrainan\u0131\u00f1\u00a0Q\u0131r\u0131ms\u0131z haritas\u0131n\u0131 yay\u0131nlad\u0131lar"},"content":{"rendered":"\n<p>K\u00fcnlik muracaat\u0131nda Human Right Watch uquq qor\u00e7alay\u0131c\u0131 te\u015fkil\u00e2t\u0131, Ukrainan\u0131\u00f1 Q\u0131r\u0131m yar\u0131madas\u0131ndan haritas\u0131n\u0131 yay\u0131nlad\u0131.<\/p>\n\n\n\n<p>B\u00f6ylece, haritada Ukrainan\u0131\u00f1 rengi &#8211; boz, Q\u0131r\u0131m ise, Rusiye ve ba\u015fqa \u00fclkeler kibi, a\u00e7\u0131q boz rengine boyaland\u0131.<\/p>\n\n\n\n<figure class=\"wp-block-image size-full\"><img loading=\"lazy\" decoding=\"async\" width=\"920\" height=\"566\" src=\"https:\/\/qtmm.org\/wp-content\/uploads\/2023\/01\/1-2.png\" alt=\"\" class=\"wp-image-78595\" srcset=\"https:\/\/qtmm.org\/wp-content\/uploads\/2023\/01\/1-2.png 920w, https:\/\/qtmm.org\/wp-content\/uploads\/2023\/01\/1-2-300x185.png 300w, https:\/\/qtmm.org\/wp-content\/uploads\/2023\/01\/1-2-768x472.png 768w\" sizes=\"auto, (max-width: 920px) 100vw, 920px\" \/><\/figure>\n\n\n\n<p>\u0130\u00e7timaiy a\u011flarn\u0131\u00f1 ukrain bo\u015flu\u011f\u0131nda bu uy\u011funs\u0131zl\u0131qqa diqqat ay\u0131r\u0131ld\u0131. Faqat bundan so\u00f1 Ukrainan\u0131\u00f1 haritas\u0131 de\u00f1i\u015ftirmediler, sadece al\u0131p \u00e7\u0131qard\u0131lar, ve bun\u0131 asla tefsir etmediler.<\/p>\n\n\n\n<p>Ombudsman Dm\u0131tro Lubinets bu vaqia\u011fa endi qar\u015f\u0131l\u0131q k\u00f6sterdi.<\/p>\n\n\n\n<blockquote class=\"wp-block-quote is-layout-flow wp-block-quote-is-layout-flow\"><p>\u2013 <em>Eger uquq qor\u00e7alay\u0131c\u0131 te\u015fkil\u00e2tlar b\u00f6yle &#8220;hatalar&#8221; yapsalar, bu ker\u00e7ekten hatalarm\u0131 ya da i\u015f\u011falni a\u00f1l\u0131 tan\u0131mam\u0131? A\u00f1latman\u0131 di\u00f1lemege meraql\u0131d\u0131r! &#8211; yazd\u0131.<\/em><\/p><\/blockquote>\n\n\n        \n        <div class=\"embedpress-gutenberg-wrapper source-provider-Facebook aligncenter clear   ep-content-protection-disabled inline\" id=\"\" data-embed-type=\"Facebook \">\n            <div class=\"wp-block-embed__wrapper \">\n                <div id=\"ep-gutenberg-content-\" class=\"ep-gutenberg-content\">\n                    <div >\n                        <div class=\"ep-embed-content-wraper preset-default insta-grid ep-google-photos-carousel\"\n                                                                                                                >\n\n                            <div class=\"ose- ose-uid-86f71975d39dceac8644d5be54d35260 ose-embedpress-responsive\" style=\"width:600px; max-width:100%; height: auto; display:inline-block;\"><iframe loading=\"lazy\" allowFullScreen=\"true\" class=\"embera-facebook-iframe-86f71 embedpress-facebook--iframe\" src=\"https:\/\/www.facebook.com\/plugins\/post.php?href=https%3A%2F%2Fwww.facebook.com%2Fdmytro.lubinets%2Fposts%2F2993850187589421&#038;width=600&#038;height=650&#038;show_text=true\" width=\"600\" height=\"650\" style=\"border:none;overflow:hidden\" scrolling=\"no\" frameborder=\"0\" allowTransparency=\"true\" allowFullScreen=\"true\" title=\"Human Right Watch uquq qor\u00e7alay\u0131c\u0131lar\u0131 Ukrainan\u0131\u00f1\u00a0Q\u0131r\u0131ms\u0131z haritas\u0131n\u0131 yay\u0131nlad\u0131lar\"><\/iframe><\/div>                        <\/div>\n\n                                            <\/div>\n                <\/div>\n            <\/div>\n        <\/div>\n    ","protected":false},"excerpt":{"rendered":"<p>K\u00fcnlik muracaat\u0131nda Human Right Watch uquq qor\u00e7alay\u0131c\u0131 te\u015fkil\u00e2t\u0131, Ukrainan\u0131\u00f1 Q\u0131r\u0131m yar\u0131madas\u0131ndan haritas\u0131n\u0131 yay\u0131nlad\u0131. B\u00f6ylece, haritada Ukrainan\u0131\u00f1 rengi &#8211; boz, Q\u0131r\u0131m ise, Rusiye ve ba\u015fqa \u00fclkeler kibi, a\u00e7\u0131q boz rengine boyaland\u0131. \u0130\u00e7timaiy a\u011flarn\u0131\u00f1 ukrain bo\u015flu\u011f\u0131nda bu uy\u011funs\u0131zl\u0131qqa diqqat ay\u0131r\u0131ld\u0131. Faqat bundan so\u00f1 Ukrainan\u0131\u00f1 haritas\u0131 de\u00f1i\u015ftirmediler, sadece al\u0131p \u00e7\u0131qard\u0131lar, ve bun\u0131 asla tefsir etmediler. Ombudsman Dm\u0131tro Lubinets [&hellip;]<\/p>\n","protected":false},"author":6,"featured_media":78598,"comment_status":"open","ping_status":"open","sticky":false,"template":"","format":"standard","meta":{"inline_featured_image":false,"footnotes":""},"categories":[265],"tags":[],"class_list":["post-78605","post","type-post","status-publish","format-standard","has-post-thumbnail","hentry","category-haberler"],"acf":[],"yoast_head":"<!-- This site is optimized with the Yoast SEO plugin v27.4 - https:\/\/yoast.com\/product\/yoast-seo-wordpress\/ -->\n<title>Human Right Watch uquq qor\u00e7alay\u0131c\u0131lar\u0131 Ukrainan\u0131\u00f1\u00a0Q\u0131r\u0131ms\u0131z haritas\u0131n\u0131 yay\u0131nlad\u0131lar - \u041c\u0435\u0434\u0436\u043b\u0456\u0441<\/title>\n<meta name=\"robots\" content=\"index, follow, max-snippet:-1, max-image-preview:large, max-video-preview:-1\" \/>\n<link rel=\"canonical\" href=\"https:\/\/qtmm.org\/qt\/human-right-watch-uquq-qorcalayicilari-ukrainanin-qirimsiz-haritasini-yayinladilar\/\" \/>\n<meta property=\"og:locale\" content=\"en_US\" \/>\n<meta property=\"og:type\" content=\"article\" \/>\n<meta property=\"og:title\" content=\"Human Right Watch uquq qor\u00e7alay\u0131c\u0131lar\u0131 Ukrainan\u0131\u00f1\u00a0Q\u0131r\u0131ms\u0131z haritas\u0131n\u0131 yay\u0131nlad\u0131lar - \u041c\u0435\u0434\u0436\u043b\u0456\u0441\" \/>\n<meta property=\"og:description\" content=\"K\u00fcnlik muracaat\u0131nda Human Right Watch uquq qor\u00e7alay\u0131c\u0131 te\u015fkil\u00e2t\u0131, Ukrainan\u0131\u00f1 Q\u0131r\u0131m yar\u0131madas\u0131ndan haritas\u0131n\u0131 yay\u0131nlad\u0131. B\u00f6ylece, haritada Ukrainan\u0131\u00f1 rengi &#8211; boz, Q\u0131r\u0131m ise, Rusiye ve ba\u015fqa \u00fclkeler kibi, a\u00e7\u0131q boz rengine boyaland\u0131. \u0130\u00e7timaiy a\u011flarn\u0131\u00f1 ukrain bo\u015flu\u011f\u0131nda bu uy\u011funs\u0131zl\u0131qqa diqqat ay\u0131r\u0131ld\u0131. Faqat bundan so\u00f1 Ukrainan\u0131\u00f1 haritas\u0131 de\u00f1i\u015ftirmediler, sadece al\u0131p \u00e7\u0131qard\u0131lar, ve bun\u0131 asla tefsir etmediler. Ombudsman Dm\u0131tro Lubinets [&hellip;]\" \/>\n<meta property=\"og:url\" content=\"https:\/\/qtmm.org\/qt\/human-right-watch-uquq-qorcalayicilari-ukrainanin-qirimsiz-haritasini-yayinladilar\/\" \/>\n<meta property=\"og:site_name\" content=\"\u041c\u0435\u0434\u0436\u043b\u0456\u0441\" \/>\n<meta property=\"article:publisher\" content=\"https:\/\/www.facebook.com\/qtmm.info\/\" \/>\n<meta property=\"article:published_time\" content=\"2023-01-31T16:23:53+00:00\" \/>\n<meta property=\"article:modified_time\" content=\"2023-01-31T16:23:55+00:00\" \/>\n<meta property=\"og:image\" content=\"https:\/\/qtmm.org\/wp-content\/uploads\/2023\/01\/1-2.png\" \/>\n\t<meta property=\"og:image:width\" content=\"920\" \/>\n\t<meta property=\"og:image:height\" content=\"566\" \/>\n\t<meta property=\"og:image:type\" content=\"image\/png\" \/>\n<meta name=\"author\" content=\"milena\" \/>\n<meta name=\"twitter:card\" content=\"summary_large_image\" \/>\n<meta name=\"twitter:label1\" content=\"Written by\" \/>\n\t<meta name=\"twitter:data1\" content=\"milena\" \/>\n\t<meta name=\"twitter:label2\" content=\"Est. reading time\" \/>\n\t<meta name=\"twitter:data2\" content=\"1 minute\" \/>\n<script type=\"application\/ld+json\" class=\"yoast-schema-graph\">{\"@context\":\"https:\\\/\\\/schema.org\",\"@graph\":[{\"@type\":\"Article\",\"@id\":\"https:\\\/\\\/qtmm.org\\\/qt\\\/human-right-watch-uquq-qorcalayicilari-ukrainanin-qirimsiz-haritasini-yayinladilar\\\/#article\",\"isPartOf\":{\"@id\":\"https:\\\/\\\/qtmm.org\\\/qt\\\/human-right-watch-uquq-qorcalayicilari-ukrainanin-qirimsiz-haritasini-yayinladilar\\\/\"},\"author\":{\"name\":\"milena\",\"@id\":\"https:\\\/\\\/qtmm.org\\\/qt\\\/#\\\/schema\\\/person\\\/e19a16971e1d6077c60771108a0c2eb1\"},\"headline\":\"Human Right Watch uquq qor\u00e7alay\u0131c\u0131lar\u0131 Ukrainan\u0131\u00f1\u00a0Q\u0131r\u0131ms\u0131z haritas\u0131n\u0131 yay\u0131nlad\u0131lar\",\"datePublished\":\"2023-01-31T16:23:53+00:00\",\"dateModified\":\"2023-01-31T16:23:55+00:00\",\"mainEntityOfPage\":{\"@id\":\"https:\\\/\\\/qtmm.org\\\/qt\\\/human-right-watch-uquq-qorcalayicilari-ukrainanin-qirimsiz-haritasini-yayinladilar\\\/\"},\"wordCount\":145,\"commentCount\":0,\"publisher\":{\"@id\":\"https:\\\/\\\/qtmm.org\\\/qt\\\/#organization\"},\"image\":{\"@id\":\"https:\\\/\\\/qtmm.org\\\/qt\\\/human-right-watch-uquq-qorcalayicilari-ukrainanin-qirimsiz-haritasini-yayinladilar\\\/#primaryimage\"},\"thumbnailUrl\":\"https:\\\/\\\/qtmm.org\\\/wp-content\\\/uploads\\\/2023\\\/01\\\/1-2.png\",\"articleSection\":[\"Haberler\"],\"inLanguage\":\"qt\",\"potentialAction\":[{\"@type\":\"CommentAction\",\"name\":\"Comment\",\"target\":[\"https:\\\/\\\/qtmm.org\\\/qt\\\/human-right-watch-uquq-qorcalayicilari-ukrainanin-qirimsiz-haritasini-yayinladilar\\\/#respond\"]}]},{\"@type\":\"WebPage\",\"@id\":\"https:\\\/\\\/qtmm.org\\\/qt\\\/human-right-watch-uquq-qorcalayicilari-ukrainanin-qirimsiz-haritasini-yayinladilar\\\/\",\"url\":\"https:\\\/\\\/qtmm.org\\\/qt\\\/human-right-watch-uquq-qorcalayicilari-ukrainanin-qirimsiz-haritasini-yayinladilar\\\/\",\"name\":\"Human Right Watch uquq qor\u00e7alay\u0131c\u0131lar\u0131 Ukrainan\u0131\u00f1\u00a0Q\u0131r\u0131ms\u0131z haritas\u0131n\u0131 yay\u0131nlad\u0131lar - \u041c\u0435\u0434\u0436\u043b\u0456\u0441\",\"isPartOf\":{\"@id\":\"https:\\\/\\\/qtmm.org\\\/qt\\\/#website\"},\"primaryImageOfPage\":{\"@id\":\"https:\\\/\\\/qtmm.org\\\/qt\\\/human-right-watch-uquq-qorcalayicilari-ukrainanin-qirimsiz-haritasini-yayinladilar\\\/#primaryimage\"},\"image\":{\"@id\":\"https:\\\/\\\/qtmm.org\\\/qt\\\/human-right-watch-uquq-qorcalayicilari-ukrainanin-qirimsiz-haritasini-yayinladilar\\\/#primaryimage\"},\"thumbnailUrl\":\"https:\\\/\\\/qtmm.org\\\/wp-content\\\/uploads\\\/2023\\\/01\\\/1-2.png\",\"datePublished\":\"2023-01-31T16:23:53+00:00\",\"dateModified\":\"2023-01-31T16:23:55+00:00\",\"breadcrumb\":{\"@id\":\"https:\\\/\\\/qtmm.org\\\/qt\\\/human-right-watch-uquq-qorcalayicilari-ukrainanin-qirimsiz-haritasini-yayinladilar\\\/#breadcrumb\"},\"inLanguage\":\"qt\",\"potentialAction\":[{\"@type\":\"ReadAction\",\"target\":[\"https:\\\/\\\/qtmm.org\\\/qt\\\/human-right-watch-uquq-qorcalayicilari-ukrainanin-qirimsiz-haritasini-yayinladilar\\\/\"]}]},{\"@type\":\"ImageObject\",\"inLanguage\":\"qt\",\"@id\":\"https:\\\/\\\/qtmm.org\\\/qt\\\/human-right-watch-uquq-qorcalayicilari-ukrainanin-qirimsiz-haritasini-yayinladilar\\\/#primaryimage\",\"url\":\"https:\\\/\\\/qtmm.org\\\/wp-content\\\/uploads\\\/2023\\\/01\\\/1-2.png\",\"contentUrl\":\"https:\\\/\\\/qtmm.org\\\/wp-content\\\/uploads\\\/2023\\\/01\\\/1-2.png\",\"width\":920,\"height\":566},{\"@type\":\"BreadcrumbList\",\"@id\":\"https:\\\/\\\/qtmm.org\\\/qt\\\/human-right-watch-uquq-qorcalayicilari-ukrainanin-qirimsiz-haritasini-yayinladilar\\\/#breadcrumb\",\"itemListElement\":[{\"@type\":\"ListItem\",\"position\":1,\"name\":\"\u0413\u043e\u043b\u043e\u0432\u043d\u0430\",\"item\":\"https:\\\/\\\/qtmm.org\\\/qt\\\/\"},{\"@type\":\"ListItem\",\"position\":2,\"name\":\"Human Right Watch uquq qor\u00e7alay\u0131c\u0131lar\u0131 Ukrainan\u0131\u00f1\u00a0Q\u0131r\u0131ms\u0131z haritas\u0131n\u0131 yay\u0131nlad\u0131lar\"}]},{\"@type\":\"WebSite\",\"@id\":\"https:\\\/\\\/qtmm.org\\\/qt\\\/#website\",\"url\":\"https:\\\/\\\/qtmm.org\\\/qt\\\/\",\"name\":\"\u041c\u0435\u0434\u0436\u043b\u0456\u0441\",\"description\":\"\",\"publisher\":{\"@id\":\"https:\\\/\\\/qtmm.org\\\/qt\\\/#organization\"},\"potentialAction\":[{\"@type\":\"SearchAction\",\"target\":{\"@type\":\"EntryPoint\",\"urlTemplate\":\"https:\\\/\\\/qtmm.org\\\/qt\\\/?s={search_term_string}\"},\"query-input\":{\"@type\":\"PropertyValueSpecification\",\"valueRequired\":true,\"valueName\":\"search_term_string\"}}],\"inLanguage\":\"qt\"},{\"@type\":\"Organization\",\"@id\":\"https:\\\/\\\/qtmm.org\\\/qt\\\/#organization\",\"name\":\"\u041c\u0435\u0434\u0436\u043b\u0456\u0441\",\"url\":\"https:\\\/\\\/qtmm.org\\\/qt\\\/\",\"logo\":{\"@type\":\"ImageObject\",\"inLanguage\":\"qt\",\"@id\":\"https:\\\/\\\/qtmm.org\\\/qt\\\/#\\\/schema\\\/logo\\\/image\\\/\",\"url\":\"https:\\\/\\\/qtmm.org\\\/wp-content\\\/uploads\\\/2024\\\/12\\\/ua-mejlis-logo-rgb.svg\",\"contentUrl\":\"https:\\\/\\\/qtmm.org\\\/wp-content\\\/uploads\\\/2024\\\/12\\\/ua-mejlis-logo-rgb.svg\",\"caption\":\"\u041c\u0435\u0434\u0436\u043b\u0456\u0441\"},\"image\":{\"@id\":\"https:\\\/\\\/qtmm.org\\\/qt\\\/#\\\/schema\\\/logo\\\/image\\\/\"},\"sameAs\":[\"https:\\\/\\\/www.facebook.com\\\/qtmm.info\\\/\"]},{\"@type\":\"Person\",\"@id\":\"https:\\\/\\\/qtmm.org\\\/qt\\\/#\\\/schema\\\/person\\\/e19a16971e1d6077c60771108a0c2eb1\",\"name\":\"milena\",\"image\":{\"@type\":\"ImageObject\",\"inLanguage\":\"qt\",\"@id\":\"https:\\\/\\\/secure.gravatar.com\\\/avatar\\\/a1c72d47914b6ffa21f1246920d5cff572eced8dc7c4ef1b629898b5a8c18fa5?s=96&d=mm&r=g\",\"url\":\"https:\\\/\\\/secure.gravatar.com\\\/avatar\\\/a1c72d47914b6ffa21f1246920d5cff572eced8dc7c4ef1b629898b5a8c18fa5?s=96&d=mm&r=g\",\"contentUrl\":\"https:\\\/\\\/secure.gravatar.com\\\/avatar\\\/a1c72d47914b6ffa21f1246920d5cff572eced8dc7c4ef1b629898b5a8c18fa5?s=96&d=mm&r=g\",\"caption\":\"milena\"},\"url\":\"https:\\\/\\\/qtmm.org\\\/qt\\\/author\\\/milena\\\/\"}]}<\/script>\n<!-- \/ Yoast SEO plugin. -->","yoast_head_json":{"title":"Human Right Watch uquq qor\u00e7alay\u0131c\u0131lar\u0131 Ukrainan\u0131\u00f1\u00a0Q\u0131r\u0131ms\u0131z haritas\u0131n\u0131 yay\u0131nlad\u0131lar - \u041c\u0435\u0434\u0436\u043b\u0456\u0441","robots":{"index":"index","follow":"follow","max-snippet":"max-snippet:-1","max-image-preview":"max-image-preview:large","max-video-preview":"max-video-preview:-1"},"canonical":"https:\/\/qtmm.org\/qt\/human-right-watch-uquq-qorcalayicilari-ukrainanin-qirimsiz-haritasini-yayinladilar\/","og_locale":"en_US","og_type":"article","og_title":"Human Right Watch uquq qor\u00e7alay\u0131c\u0131lar\u0131 Ukrainan\u0131\u00f1\u00a0Q\u0131r\u0131ms\u0131z haritas\u0131n\u0131 yay\u0131nlad\u0131lar - \u041c\u0435\u0434\u0436\u043b\u0456\u0441","og_description":"K\u00fcnlik muracaat\u0131nda Human Right Watch uquq qor\u00e7alay\u0131c\u0131 te\u015fkil\u00e2t\u0131, Ukrainan\u0131\u00f1 Q\u0131r\u0131m yar\u0131madas\u0131ndan haritas\u0131n\u0131 yay\u0131nlad\u0131. B\u00f6ylece, haritada Ukrainan\u0131\u00f1 rengi &#8211; boz, Q\u0131r\u0131m ise, Rusiye ve ba\u015fqa \u00fclkeler kibi, a\u00e7\u0131q boz rengine boyaland\u0131. \u0130\u00e7timaiy a\u011flarn\u0131\u00f1 ukrain bo\u015flu\u011f\u0131nda bu uy\u011funs\u0131zl\u0131qqa diqqat ay\u0131r\u0131ld\u0131. Faqat bundan so\u00f1 Ukrainan\u0131\u00f1 haritas\u0131 de\u00f1i\u015ftirmediler, sadece al\u0131p \u00e7\u0131qard\u0131lar, ve bun\u0131 asla tefsir etmediler. Ombudsman Dm\u0131tro Lubinets [&hellip;]","og_url":"https:\/\/qtmm.org\/qt\/human-right-watch-uquq-qorcalayicilari-ukrainanin-qirimsiz-haritasini-yayinladilar\/","og_site_name":"\u041c\u0435\u0434\u0436\u043b\u0456\u0441","article_publisher":"https:\/\/www.facebook.com\/qtmm.info\/","article_published_time":"2023-01-31T16:23:53+00:00","article_modified_time":"2023-01-31T16:23:55+00:00","og_image":[{"width":920,"height":566,"url":"https:\/\/qtmm.org\/wp-content\/uploads\/2023\/01\/1-2.png","type":"image\/png"}],"author":"milena","twitter_card":"summary_large_image","twitter_misc":{"Written by":"milena","Est. reading time":"1 minute"},"schema":{"@context":"https:\/\/schema.org","@graph":[{"@type":"Article","@id":"https:\/\/qtmm.org\/qt\/human-right-watch-uquq-qorcalayicilari-ukrainanin-qirimsiz-haritasini-yayinladilar\/#article","isPartOf":{"@id":"https:\/\/qtmm.org\/qt\/human-right-watch-uquq-qorcalayicilari-ukrainanin-qirimsiz-haritasini-yayinladilar\/"},"author":{"name":"milena","@id":"https:\/\/qtmm.org\/qt\/#\/schema\/person\/e19a16971e1d6077c60771108a0c2eb1"},"headline":"Human Right Watch uquq qor\u00e7alay\u0131c\u0131lar\u0131 Ukrainan\u0131\u00f1\u00a0Q\u0131r\u0131ms\u0131z haritas\u0131n\u0131 yay\u0131nlad\u0131lar","datePublished":"2023-01-31T16:23:53+00:00","dateModified":"2023-01-31T16:23:55+00:00","mainEntityOfPage":{"@id":"https:\/\/qtmm.org\/qt\/human-right-watch-uquq-qorcalayicilari-ukrainanin-qirimsiz-haritasini-yayinladilar\/"},"wordCount":145,"commentCount":0,"publisher":{"@id":"https:\/\/qtmm.org\/qt\/#organization"},"image":{"@id":"https:\/\/qtmm.org\/qt\/human-right-watch-uquq-qorcalayicilari-ukrainanin-qirimsiz-haritasini-yayinladilar\/#primaryimage"},"thumbnailUrl":"https:\/\/qtmm.org\/wp-content\/uploads\/2023\/01\/1-2.png","articleSection":["Haberler"],"inLanguage":"qt","potentialAction":[{"@type":"CommentAction","name":"Comment","target":["https:\/\/qtmm.org\/qt\/human-right-watch-uquq-qorcalayicilari-ukrainanin-qirimsiz-haritasini-yayinladilar\/#respond"]}]},{"@type":"WebPage","@id":"https:\/\/qtmm.org\/qt\/human-right-watch-uquq-qorcalayicilari-ukrainanin-qirimsiz-haritasini-yayinladilar\/","url":"https:\/\/qtmm.org\/qt\/human-right-watch-uquq-qorcalayicilari-ukrainanin-qirimsiz-haritasini-yayinladilar\/","name":"Human Right Watch uquq qor\u00e7alay\u0131c\u0131lar\u0131 Ukrainan\u0131\u00f1\u00a0Q\u0131r\u0131ms\u0131z haritas\u0131n\u0131 yay\u0131nlad\u0131lar - \u041c\u0435\u0434\u0436\u043b\u0456\u0441","isPartOf":{"@id":"https:\/\/qtmm.org\/qt\/#website"},"primaryImageOfPage":{"@id":"https:\/\/qtmm.org\/qt\/human-right-watch-uquq-qorcalayicilari-ukrainanin-qirimsiz-haritasini-yayinladilar\/#primaryimage"},"image":{"@id":"https:\/\/qtmm.org\/qt\/human-right-watch-uquq-qorcalayicilari-ukrainanin-qirimsiz-haritasini-yayinladilar\/#primaryimage"},"thumbnailUrl":"https:\/\/qtmm.org\/wp-content\/uploads\/2023\/01\/1-2.png","datePublished":"2023-01-31T16:23:53+00:00","dateModified":"2023-01-31T16:23:55+00:00","breadcrumb":{"@id":"https:\/\/qtmm.org\/qt\/human-right-watch-uquq-qorcalayicilari-ukrainanin-qirimsiz-haritasini-yayinladilar\/#breadcrumb"},"inLanguage":"qt","potentialAction":[{"@type":"ReadAction","target":["https:\/\/qtmm.org\/qt\/human-right-watch-uquq-qorcalayicilari-ukrainanin-qirimsiz-haritasini-yayinladilar\/"]}]},{"@type":"ImageObject","inLanguage":"qt","@id":"https:\/\/qtmm.org\/qt\/human-right-watch-uquq-qorcalayicilari-ukrainanin-qirimsiz-haritasini-yayinladilar\/#primaryimage","url":"https:\/\/qtmm.org\/wp-content\/uploads\/2023\/01\/1-2.png","contentUrl":"https:\/\/qtmm.org\/wp-content\/uploads\/2023\/01\/1-2.png","width":920,"height":566},{"@type":"BreadcrumbList","@id":"https:\/\/qtmm.org\/qt\/human-right-watch-uquq-qorcalayicilari-ukrainanin-qirimsiz-haritasini-yayinladilar\/#breadcrumb","itemListElement":[{"@type":"ListItem","position":1,"name":"\u0413\u043e\u043b\u043e\u0432\u043d\u0430","item":"https:\/\/qtmm.org\/qt\/"},{"@type":"ListItem","position":2,"name":"Human Right Watch uquq qor\u00e7alay\u0131c\u0131lar\u0131 Ukrainan\u0131\u00f1\u00a0Q\u0131r\u0131ms\u0131z haritas\u0131n\u0131 yay\u0131nlad\u0131lar"}]},{"@type":"WebSite","@id":"https:\/\/qtmm.org\/qt\/#website","url":"https:\/\/qtmm.org\/qt\/","name":"\u041c\u0435\u0434\u0436\u043b\u0456\u0441","description":"","publisher":{"@id":"https:\/\/qtmm.org\/qt\/#organization"},"potentialAction":[{"@type":"SearchAction","target":{"@type":"EntryPoint","urlTemplate":"https:\/\/qtmm.org\/qt\/?s={search_term_string}"},"query-input":{"@type":"PropertyValueSpecification","valueRequired":true,"valueName":"search_term_string"}}],"inLanguage":"qt"},{"@type":"Organization","@id":"https:\/\/qtmm.org\/qt\/#organization","name":"\u041c\u0435\u0434\u0436\u043b\u0456\u0441","url":"https:\/\/qtmm.org\/qt\/","logo":{"@type":"ImageObject","inLanguage":"qt","@id":"https:\/\/qtmm.org\/qt\/#\/schema\/logo\/image\/","url":"https:\/\/qtmm.org\/wp-content\/uploads\/2024\/12\/ua-mejlis-logo-rgb.svg","contentUrl":"https:\/\/qtmm.org\/wp-content\/uploads\/2024\/12\/ua-mejlis-logo-rgb.svg","caption":"\u041c\u0435\u0434\u0436\u043b\u0456\u0441"},"image":{"@id":"https:\/\/qtmm.org\/qt\/#\/schema\/logo\/image\/"},"sameAs":["https:\/\/www.facebook.com\/qtmm.info\/"]},{"@type":"Person","@id":"https:\/\/qtmm.org\/qt\/#\/schema\/person\/e19a16971e1d6077c60771108a0c2eb1","name":"milena","image":{"@type":"ImageObject","inLanguage":"qt","@id":"https:\/\/secure.gravatar.com\/avatar\/a1c72d47914b6ffa21f1246920d5cff572eced8dc7c4ef1b629898b5a8c18fa5?s=96&d=mm&r=g","url":"https:\/\/secure.gravatar.com\/avatar\/a1c72d47914b6ffa21f1246920d5cff572eced8dc7c4ef1b629898b5a8c18fa5?s=96&d=mm&r=g","contentUrl":"https:\/\/secure.gravatar.com\/avatar\/a1c72d47914b6ffa21f1246920d5cff572eced8dc7c4ef1b629898b5a8c18fa5?s=96&d=mm&r=g","caption":"milena"},"url":"https:\/\/qtmm.org\/qt\/author\/milena\/"}]}},"_links":{"self":[{"href":"https:\/\/qtmm.org\/qt\/wp-json\/wp\/v2\/posts\/78605","targetHints":{"allow":["GET"]}}],"collection":[{"href":"https:\/\/qtmm.org\/qt\/wp-json\/wp\/v2\/posts"}],"about":[{"href":"https:\/\/qtmm.org\/qt\/wp-json\/wp\/v2\/types\/post"}],"author":[{"embeddable":true,"href":"https:\/\/qtmm.org\/qt\/wp-json\/wp\/v2\/users\/6"}],"replies":[{"embeddable":true,"href":"https:\/\/qtmm.org\/qt\/wp-json\/wp\/v2\/comments?post=78605"}],"version-history":[{"count":1,"href":"https:\/\/qtmm.org\/qt\/wp-json\/wp\/v2\/posts\/78605\/revisions"}],"predecessor-version":[{"id":78606,"href":"https:\/\/qtmm.org\/qt\/wp-json\/wp\/v2\/posts\/78605\/revisions\/78606"}],"wp:featuredmedia":[{"embeddable":true,"href":"https:\/\/qtmm.org\/qt\/wp-json\/wp\/v2\/media\/78598"}],"wp:attachment":[{"href":"https:\/\/qtmm.org\/qt\/wp-json\/wp\/v2\/media?parent=78605"}],"wp:term":[{"taxonomy":"category","embeddable":true,"href":"https:\/\/qtmm.org\/qt\/wp-json\/wp\/v2\/categories?post=78605"},{"taxonomy":"post_tag","embeddable":true,"href":"https:\/\/qtmm.org\/qt\/wp-json\/wp\/v2\/tags?post=78605"}],"curies":[{"name":"wp","href":"https:\/\/api.w.org\/{rel}","templated":true}]}}