




{"id":78573,"date":"2023-01-27T23:02:15","date_gmt":"2023-01-27T20:02:15","guid":{"rendered":"https:\/\/qtmm.org\/?p=78573"},"modified":"2023-01-27T23:02:17","modified_gmt":"2023-01-27T20:02:17","slug":"qirim-platformasina-daa-bir-ulke-qatilacaq","status":"publish","type":"post","link":"https:\/\/qtmm.org\/qt\/qirim-platformasina-daa-bir-ulke-qatilacaq\/","title":{"rendered":"Q\u0131r\u0131m platformas\u0131na daa bir \u00fclke qat\u0131lacaq"},"content":{"rendered":"\n<p>\u0130\u015f\u011fal aqq\u0131nda &#8220;Q\u0131r\u0131m platformas\u0131&#8221;n\u0131\u00f1&nbsp;ayt\u0131\u015fmalar meydan\u0131na Kosta-Rika qat\u0131lacaq. T\u0131\u015f i\u015fleri nazirini\u00f1 ilk muavini Emine Ceppa bu aqq\u0131nda <a href=\"https:\/\/www.facebook.com\/edzhaparova\/posts\/pfbid02E1J4YDHQ3WKZVDbgKuuFjR449wExmeNFVuW4ZnKGuGvvG69s8YM9ejzjG5xdqZphl\">haber berdi<\/a>.<\/p>\n\n\n\n<p>Bundan \u011fayr\u0131 diplomat qayd etti ki, bu platforma yard\u0131m\u0131nen Ukraina Q\u0131r\u0131mn\u0131 halqara k\u00fcn mevzus\u0131n\u0131 ya\u00f1\u0131dan yapt\u0131 ve bizim milliy menfaat\u0131m\u0131z eteraf\u0131nda \u00fclkeler koalitsiyas\u0131n\u0131 toplad\u0131.<\/p>\n\n\n\n<blockquote class=\"wp-block-quote is-layout-flow wp-block-quote-is-layout-flow\"><p><em>&#8211; B\u00f6ylece bu yek\u00e2ne format, Avropa, \u015eimaliy ve Cen\u00fcbiy Amerikalar, Asiya ve Afrikadan 60tan ziyde \u00fclke ve halqara te\u015fkil\u00e2tn\u0131 endi birle\u015fti. Cian Cen\u00fcbindeki \u00fclkeler vastas\u0131nen Q\u0131r\u0131m Platformas\u0131n\u0131\u00f1\u00a0keni\u015flemesi, b\u00fct\u00fcn d\u00fcnya i\u00e7\u00fcn Q\u0131r\u0131mn\u0131 i\u015f\u011falden azat et\u00fcv meselesini\u00f1 pek m\u00fcim ol\u011fan\u0131n\u0131 tasd\u0131q ete. Bug\u00fcn Q\u0131r\u0131mn\u0131 i\u015f\u011falden azat et\u00fcv meselesi &#8211; tek bizim milliy menfaat\u0131m\u0131z degil, BMTn\u0131\u00f1 Nizamnamesini\u00f1 printsiplerinen raz\u0131 ol\u011fan er bir \u00fclkeni\u00f1 menfaat\u0131 da, &#8211;<\/em> Ceppar yazd\u0131.<\/p><\/blockquote>\n\n\n\n<p>2021 senesi avgust ay\u0131n\u0131\u00f1 23-\u00fcnde K\u0131yiv \u015feerinde Q\u0131r\u0131m platformas\u0131n\u0131\u00f1i &#8211; Ukrainan\u0131\u00f1 Q\u0131r\u0131mn\u0131 i\u015f\u011falden azat et\u00fcv meselesinde ilk ayt\u0131\u015fmalar meydan\u0131n\u0131\u00f1 tesis sammit ke\u00e7irildi.<\/p>\n\n\n\n<p>Anda Q\u0131r\u0131mn\u0131\u00f1 aneksiyas\u0131 ve on\u0131 qaytaruv \u015fartlar\u0131nda nas\u0131l areket et\u00fcv aqq\u0131nda devletler aras\u0131 orta qarar bergen&nbsp; 47 \u00fclke ve halqara te\u015fkil\u00e2tn\u0131\u00f1 vekilleri i\u015ftirak etti. Bu vesiqa, yard\u0131madan\u0131\u00f1 ukrain ol\u011fan\u0131n\u0131, RFn\u0131\u00f1 2014 senesi Q\u0131r\u0131mdaki areketlerini\u00f1 tecavuz ve i\u015f\u011fal ol\u011fanlar\u0131n\u0131 tasd\u0131q etti.<\/p>\n","protected":false},"excerpt":{"rendered":"<p>\u0130\u015f\u011fal aqq\u0131nda &#8220;Q\u0131r\u0131m platformas\u0131&#8221;n\u0131\u00f1&nbsp;ayt\u0131\u015fmalar meydan\u0131na Kosta-Rika qat\u0131lacaq. T\u0131\u015f i\u015fleri nazirini\u00f1 ilk muavini Emine Ceppa bu aqq\u0131nda haber berdi. Bundan \u011fayr\u0131 diplomat qayd etti ki, bu platforma yard\u0131m\u0131nen Ukraina Q\u0131r\u0131mn\u0131 halqara k\u00fcn mevzus\u0131n\u0131 ya\u00f1\u0131dan yapt\u0131 ve bizim milliy menfaat\u0131m\u0131z eteraf\u0131nda \u00fclkeler koalitsiyas\u0131n\u0131 toplad\u0131. &#8211; B\u00f6ylece bu yek\u00e2ne format, Avropa, \u015eimaliy ve Cen\u00fcbiy Amerikalar, Asiya ve Afrikadan [&hellip;]<\/p>\n","protected":false},"author":6,"featured_media":76823,"comment_status":"open","ping_status":"open","sticky":false,"template":"","format":"standard","meta":{"inline_featured_image":false,"footnotes":""},"categories":[265],"tags":[],"class_list":["post-78573","post","type-post","status-publish","format-standard","has-post-thumbnail","hentry","category-haberler"],"acf":[],"yoast_head":"<!-- This site is optimized with the Yoast SEO plugin v27.4 - https:\/\/yoast.com\/product\/yoast-seo-wordpress\/ -->\n<title>Q\u0131r\u0131m platformas\u0131na daa bir \u00fclke qat\u0131lacaq - \u041c\u0435\u0434\u0436\u043b\u0456\u0441<\/title>\n<meta name=\"robots\" content=\"index, follow, max-snippet:-1, max-image-preview:large, max-video-preview:-1\" \/>\n<link rel=\"canonical\" href=\"https:\/\/qtmm.org\/qt\/qirim-platformasina-daa-bir-ulke-qatilacaq\/\" \/>\n<meta property=\"og:locale\" content=\"en_US\" \/>\n<meta property=\"og:type\" content=\"article\" \/>\n<meta property=\"og:title\" content=\"Q\u0131r\u0131m platformas\u0131na daa bir \u00fclke qat\u0131lacaq - \u041c\u0435\u0434\u0436\u043b\u0456\u0441\" \/>\n<meta property=\"og:description\" content=\"\u0130\u015f\u011fal aqq\u0131nda &#8220;Q\u0131r\u0131m platformas\u0131&#8221;n\u0131\u00f1&nbsp;ayt\u0131\u015fmalar meydan\u0131na Kosta-Rika qat\u0131lacaq. T\u0131\u015f i\u015fleri nazirini\u00f1 ilk muavini Emine Ceppa bu aqq\u0131nda haber berdi. Bundan \u011fayr\u0131 diplomat qayd etti ki, bu platforma yard\u0131m\u0131nen Ukraina Q\u0131r\u0131mn\u0131 halqara k\u00fcn mevzus\u0131n\u0131 ya\u00f1\u0131dan yapt\u0131 ve bizim milliy menfaat\u0131m\u0131z eteraf\u0131nda \u00fclkeler koalitsiyas\u0131n\u0131 toplad\u0131. &#8211; B\u00f6ylece bu yek\u00e2ne format, Avropa, \u015eimaliy ve Cen\u00fcbiy Amerikalar, Asiya ve Afrikadan [&hellip;]\" \/>\n<meta property=\"og:url\" content=\"https:\/\/qtmm.org\/qt\/qirim-platformasina-daa-bir-ulke-qatilacaq\/\" \/>\n<meta property=\"og:site_name\" content=\"\u041c\u0435\u0434\u0436\u043b\u0456\u0441\" \/>\n<meta property=\"article:publisher\" content=\"https:\/\/www.facebook.com\/qtmm.info\/\" \/>\n<meta property=\"article:published_time\" content=\"2023-01-27T20:02:15+00:00\" \/>\n<meta property=\"article:modified_time\" content=\"2023-01-27T20:02:17+00:00\" \/>\n<meta property=\"og:image\" content=\"https:\/\/qtmm.org\/wp-content\/uploads\/2022\/10\/og-image.png\" \/>\n\t<meta property=\"og:image:width\" content=\"1200\" \/>\n\t<meta property=\"og:image:height\" content=\"630\" \/>\n\t<meta property=\"og:image:type\" content=\"image\/png\" \/>\n<meta name=\"author\" content=\"milena\" \/>\n<meta name=\"twitter:card\" content=\"summary_large_image\" \/>\n<meta name=\"twitter:label1\" content=\"Written by\" \/>\n\t<meta name=\"twitter:data1\" content=\"milena\" \/>\n\t<meta name=\"twitter:label2\" content=\"Est. reading time\" \/>\n\t<meta name=\"twitter:data2\" content=\"1 minute\" \/>\n<script type=\"application\/ld+json\" class=\"yoast-schema-graph\">{\"@context\":\"https:\\\/\\\/schema.org\",\"@graph\":[{\"@type\":\"Article\",\"@id\":\"https:\\\/\\\/qtmm.org\\\/qt\\\/qirim-platformasina-daa-bir-ulke-qatilacaq\\\/#article\",\"isPartOf\":{\"@id\":\"https:\\\/\\\/qtmm.org\\\/qt\\\/qirim-platformasina-daa-bir-ulke-qatilacaq\\\/\"},\"author\":{\"name\":\"milena\",\"@id\":\"https:\\\/\\\/qtmm.org\\\/qt\\\/#\\\/schema\\\/person\\\/e19a16971e1d6077c60771108a0c2eb1\"},\"headline\":\"Q\u0131r\u0131m platformas\u0131na daa bir \u00fclke qat\u0131lacaq\",\"datePublished\":\"2023-01-27T20:02:15+00:00\",\"dateModified\":\"2023-01-27T20:02:17+00:00\",\"mainEntityOfPage\":{\"@id\":\"https:\\\/\\\/qtmm.org\\\/qt\\\/qirim-platformasina-daa-bir-ulke-qatilacaq\\\/\"},\"wordCount\":264,\"commentCount\":0,\"publisher\":{\"@id\":\"https:\\\/\\\/qtmm.org\\\/qt\\\/#organization\"},\"image\":{\"@id\":\"https:\\\/\\\/qtmm.org\\\/qt\\\/qirim-platformasina-daa-bir-ulke-qatilacaq\\\/#primaryimage\"},\"thumbnailUrl\":\"https:\\\/\\\/qtmm.org\\\/wp-content\\\/uploads\\\/2022\\\/10\\\/og-image.png\",\"articleSection\":[\"Haberler\"],\"inLanguage\":\"qt\",\"potentialAction\":[{\"@type\":\"CommentAction\",\"name\":\"Comment\",\"target\":[\"https:\\\/\\\/qtmm.org\\\/qt\\\/qirim-platformasina-daa-bir-ulke-qatilacaq\\\/#respond\"]}]},{\"@type\":\"WebPage\",\"@id\":\"https:\\\/\\\/qtmm.org\\\/qt\\\/qirim-platformasina-daa-bir-ulke-qatilacaq\\\/\",\"url\":\"https:\\\/\\\/qtmm.org\\\/qt\\\/qirim-platformasina-daa-bir-ulke-qatilacaq\\\/\",\"name\":\"Q\u0131r\u0131m platformas\u0131na daa bir \u00fclke qat\u0131lacaq - \u041c\u0435\u0434\u0436\u043b\u0456\u0441\",\"isPartOf\":{\"@id\":\"https:\\\/\\\/qtmm.org\\\/qt\\\/#website\"},\"primaryImageOfPage\":{\"@id\":\"https:\\\/\\\/qtmm.org\\\/qt\\\/qirim-platformasina-daa-bir-ulke-qatilacaq\\\/#primaryimage\"},\"image\":{\"@id\":\"https:\\\/\\\/qtmm.org\\\/qt\\\/qirim-platformasina-daa-bir-ulke-qatilacaq\\\/#primaryimage\"},\"thumbnailUrl\":\"https:\\\/\\\/qtmm.org\\\/wp-content\\\/uploads\\\/2022\\\/10\\\/og-image.png\",\"datePublished\":\"2023-01-27T20:02:15+00:00\",\"dateModified\":\"2023-01-27T20:02:17+00:00\",\"breadcrumb\":{\"@id\":\"https:\\\/\\\/qtmm.org\\\/qt\\\/qirim-platformasina-daa-bir-ulke-qatilacaq\\\/#breadcrumb\"},\"inLanguage\":\"qt\",\"potentialAction\":[{\"@type\":\"ReadAction\",\"target\":[\"https:\\\/\\\/qtmm.org\\\/qt\\\/qirim-platformasina-daa-bir-ulke-qatilacaq\\\/\"]}]},{\"@type\":\"ImageObject\",\"inLanguage\":\"qt\",\"@id\":\"https:\\\/\\\/qtmm.org\\\/qt\\\/qirim-platformasina-daa-bir-ulke-qatilacaq\\\/#primaryimage\",\"url\":\"https:\\\/\\\/qtmm.org\\\/wp-content\\\/uploads\\\/2022\\\/10\\\/og-image.png\",\"contentUrl\":\"https:\\\/\\\/qtmm.org\\\/wp-content\\\/uploads\\\/2022\\\/10\\\/og-image.png\",\"width\":1200,\"height\":630},{\"@type\":\"BreadcrumbList\",\"@id\":\"https:\\\/\\\/qtmm.org\\\/qt\\\/qirim-platformasina-daa-bir-ulke-qatilacaq\\\/#breadcrumb\",\"itemListElement\":[{\"@type\":\"ListItem\",\"position\":1,\"name\":\"\u0413\u043e\u043b\u043e\u0432\u043d\u0430\",\"item\":\"https:\\\/\\\/qtmm.org\\\/qt\\\/\"},{\"@type\":\"ListItem\",\"position\":2,\"name\":\"Q\u0131r\u0131m platformas\u0131na daa bir \u00fclke qat\u0131lacaq\"}]},{\"@type\":\"WebSite\",\"@id\":\"https:\\\/\\\/qtmm.org\\\/qt\\\/#website\",\"url\":\"https:\\\/\\\/qtmm.org\\\/qt\\\/\",\"name\":\"\u041c\u0435\u0434\u0436\u043b\u0456\u0441\",\"description\":\"\",\"publisher\":{\"@id\":\"https:\\\/\\\/qtmm.org\\\/qt\\\/#organization\"},\"potentialAction\":[{\"@type\":\"SearchAction\",\"target\":{\"@type\":\"EntryPoint\",\"urlTemplate\":\"https:\\\/\\\/qtmm.org\\\/qt\\\/?s={search_term_string}\"},\"query-input\":{\"@type\":\"PropertyValueSpecification\",\"valueRequired\":true,\"valueName\":\"search_term_string\"}}],\"inLanguage\":\"qt\"},{\"@type\":\"Organization\",\"@id\":\"https:\\\/\\\/qtmm.org\\\/qt\\\/#organization\",\"name\":\"\u041c\u0435\u0434\u0436\u043b\u0456\u0441\",\"url\":\"https:\\\/\\\/qtmm.org\\\/qt\\\/\",\"logo\":{\"@type\":\"ImageObject\",\"inLanguage\":\"qt\",\"@id\":\"https:\\\/\\\/qtmm.org\\\/qt\\\/#\\\/schema\\\/logo\\\/image\\\/\",\"url\":\"https:\\\/\\\/qtmm.org\\\/wp-content\\\/uploads\\\/2024\\\/12\\\/ua-mejlis-logo-rgb.svg\",\"contentUrl\":\"https:\\\/\\\/qtmm.org\\\/wp-content\\\/uploads\\\/2024\\\/12\\\/ua-mejlis-logo-rgb.svg\",\"caption\":\"\u041c\u0435\u0434\u0436\u043b\u0456\u0441\"},\"image\":{\"@id\":\"https:\\\/\\\/qtmm.org\\\/qt\\\/#\\\/schema\\\/logo\\\/image\\\/\"},\"sameAs\":[\"https:\\\/\\\/www.facebook.com\\\/qtmm.info\\\/\"]},{\"@type\":\"Person\",\"@id\":\"https:\\\/\\\/qtmm.org\\\/qt\\\/#\\\/schema\\\/person\\\/e19a16971e1d6077c60771108a0c2eb1\",\"name\":\"milena\",\"image\":{\"@type\":\"ImageObject\",\"inLanguage\":\"qt\",\"@id\":\"https:\\\/\\\/secure.gravatar.com\\\/avatar\\\/a1c72d47914b6ffa21f1246920d5cff572eced8dc7c4ef1b629898b5a8c18fa5?s=96&d=mm&r=g\",\"url\":\"https:\\\/\\\/secure.gravatar.com\\\/avatar\\\/a1c72d47914b6ffa21f1246920d5cff572eced8dc7c4ef1b629898b5a8c18fa5?s=96&d=mm&r=g\",\"contentUrl\":\"https:\\\/\\\/secure.gravatar.com\\\/avatar\\\/a1c72d47914b6ffa21f1246920d5cff572eced8dc7c4ef1b629898b5a8c18fa5?s=96&d=mm&r=g\",\"caption\":\"milena\"},\"url\":\"https:\\\/\\\/qtmm.org\\\/qt\\\/author\\\/milena\\\/\"}]}<\/script>\n<!-- \/ Yoast SEO plugin. -->","yoast_head_json":{"title":"Q\u0131r\u0131m platformas\u0131na daa bir \u00fclke qat\u0131lacaq - \u041c\u0435\u0434\u0436\u043b\u0456\u0441","robots":{"index":"index","follow":"follow","max-snippet":"max-snippet:-1","max-image-preview":"max-image-preview:large","max-video-preview":"max-video-preview:-1"},"canonical":"https:\/\/qtmm.org\/qt\/qirim-platformasina-daa-bir-ulke-qatilacaq\/","og_locale":"en_US","og_type":"article","og_title":"Q\u0131r\u0131m platformas\u0131na daa bir \u00fclke qat\u0131lacaq - \u041c\u0435\u0434\u0436\u043b\u0456\u0441","og_description":"\u0130\u015f\u011fal aqq\u0131nda &#8220;Q\u0131r\u0131m platformas\u0131&#8221;n\u0131\u00f1&nbsp;ayt\u0131\u015fmalar meydan\u0131na Kosta-Rika qat\u0131lacaq. T\u0131\u015f i\u015fleri nazirini\u00f1 ilk muavini Emine Ceppa bu aqq\u0131nda haber berdi. Bundan \u011fayr\u0131 diplomat qayd etti ki, bu platforma yard\u0131m\u0131nen Ukraina Q\u0131r\u0131mn\u0131 halqara k\u00fcn mevzus\u0131n\u0131 ya\u00f1\u0131dan yapt\u0131 ve bizim milliy menfaat\u0131m\u0131z eteraf\u0131nda \u00fclkeler koalitsiyas\u0131n\u0131 toplad\u0131. &#8211; B\u00f6ylece bu yek\u00e2ne format, Avropa, \u015eimaliy ve Cen\u00fcbiy Amerikalar, Asiya ve Afrikadan [&hellip;]","og_url":"https:\/\/qtmm.org\/qt\/qirim-platformasina-daa-bir-ulke-qatilacaq\/","og_site_name":"\u041c\u0435\u0434\u0436\u043b\u0456\u0441","article_publisher":"https:\/\/www.facebook.com\/qtmm.info\/","article_published_time":"2023-01-27T20:02:15+00:00","article_modified_time":"2023-01-27T20:02:17+00:00","og_image":[{"width":1200,"height":630,"url":"https:\/\/qtmm.org\/wp-content\/uploads\/2022\/10\/og-image.png","type":"image\/png"}],"author":"milena","twitter_card":"summary_large_image","twitter_misc":{"Written by":"milena","Est. reading time":"1 minute"},"schema":{"@context":"https:\/\/schema.org","@graph":[{"@type":"Article","@id":"https:\/\/qtmm.org\/qt\/qirim-platformasina-daa-bir-ulke-qatilacaq\/#article","isPartOf":{"@id":"https:\/\/qtmm.org\/qt\/qirim-platformasina-daa-bir-ulke-qatilacaq\/"},"author":{"name":"milena","@id":"https:\/\/qtmm.org\/qt\/#\/schema\/person\/e19a16971e1d6077c60771108a0c2eb1"},"headline":"Q\u0131r\u0131m platformas\u0131na daa bir \u00fclke qat\u0131lacaq","datePublished":"2023-01-27T20:02:15+00:00","dateModified":"2023-01-27T20:02:17+00:00","mainEntityOfPage":{"@id":"https:\/\/qtmm.org\/qt\/qirim-platformasina-daa-bir-ulke-qatilacaq\/"},"wordCount":264,"commentCount":0,"publisher":{"@id":"https:\/\/qtmm.org\/qt\/#organization"},"image":{"@id":"https:\/\/qtmm.org\/qt\/qirim-platformasina-daa-bir-ulke-qatilacaq\/#primaryimage"},"thumbnailUrl":"https:\/\/qtmm.org\/wp-content\/uploads\/2022\/10\/og-image.png","articleSection":["Haberler"],"inLanguage":"qt","potentialAction":[{"@type":"CommentAction","name":"Comment","target":["https:\/\/qtmm.org\/qt\/qirim-platformasina-daa-bir-ulke-qatilacaq\/#respond"]}]},{"@type":"WebPage","@id":"https:\/\/qtmm.org\/qt\/qirim-platformasina-daa-bir-ulke-qatilacaq\/","url":"https:\/\/qtmm.org\/qt\/qirim-platformasina-daa-bir-ulke-qatilacaq\/","name":"Q\u0131r\u0131m platformas\u0131na daa bir \u00fclke qat\u0131lacaq - \u041c\u0435\u0434\u0436\u043b\u0456\u0441","isPartOf":{"@id":"https:\/\/qtmm.org\/qt\/#website"},"primaryImageOfPage":{"@id":"https:\/\/qtmm.org\/qt\/qirim-platformasina-daa-bir-ulke-qatilacaq\/#primaryimage"},"image":{"@id":"https:\/\/qtmm.org\/qt\/qirim-platformasina-daa-bir-ulke-qatilacaq\/#primaryimage"},"thumbnailUrl":"https:\/\/qtmm.org\/wp-content\/uploads\/2022\/10\/og-image.png","datePublished":"2023-01-27T20:02:15+00:00","dateModified":"2023-01-27T20:02:17+00:00","breadcrumb":{"@id":"https:\/\/qtmm.org\/qt\/qirim-platformasina-daa-bir-ulke-qatilacaq\/#breadcrumb"},"inLanguage":"qt","potentialAction":[{"@type":"ReadAction","target":["https:\/\/qtmm.org\/qt\/qirim-platformasina-daa-bir-ulke-qatilacaq\/"]}]},{"@type":"ImageObject","inLanguage":"qt","@id":"https:\/\/qtmm.org\/qt\/qirim-platformasina-daa-bir-ulke-qatilacaq\/#primaryimage","url":"https:\/\/qtmm.org\/wp-content\/uploads\/2022\/10\/og-image.png","contentUrl":"https:\/\/qtmm.org\/wp-content\/uploads\/2022\/10\/og-image.png","width":1200,"height":630},{"@type":"BreadcrumbList","@id":"https:\/\/qtmm.org\/qt\/qirim-platformasina-daa-bir-ulke-qatilacaq\/#breadcrumb","itemListElement":[{"@type":"ListItem","position":1,"name":"\u0413\u043e\u043b\u043e\u0432\u043d\u0430","item":"https:\/\/qtmm.org\/qt\/"},{"@type":"ListItem","position":2,"name":"Q\u0131r\u0131m platformas\u0131na daa bir \u00fclke qat\u0131lacaq"}]},{"@type":"WebSite","@id":"https:\/\/qtmm.org\/qt\/#website","url":"https:\/\/qtmm.org\/qt\/","name":"\u041c\u0435\u0434\u0436\u043b\u0456\u0441","description":"","publisher":{"@id":"https:\/\/qtmm.org\/qt\/#organization"},"potentialAction":[{"@type":"SearchAction","target":{"@type":"EntryPoint","urlTemplate":"https:\/\/qtmm.org\/qt\/?s={search_term_string}"},"query-input":{"@type":"PropertyValueSpecification","valueRequired":true,"valueName":"search_term_string"}}],"inLanguage":"qt"},{"@type":"Organization","@id":"https:\/\/qtmm.org\/qt\/#organization","name":"\u041c\u0435\u0434\u0436\u043b\u0456\u0441","url":"https:\/\/qtmm.org\/qt\/","logo":{"@type":"ImageObject","inLanguage":"qt","@id":"https:\/\/qtmm.org\/qt\/#\/schema\/logo\/image\/","url":"https:\/\/qtmm.org\/wp-content\/uploads\/2024\/12\/ua-mejlis-logo-rgb.svg","contentUrl":"https:\/\/qtmm.org\/wp-content\/uploads\/2024\/12\/ua-mejlis-logo-rgb.svg","caption":"\u041c\u0435\u0434\u0436\u043b\u0456\u0441"},"image":{"@id":"https:\/\/qtmm.org\/qt\/#\/schema\/logo\/image\/"},"sameAs":["https:\/\/www.facebook.com\/qtmm.info\/"]},{"@type":"Person","@id":"https:\/\/qtmm.org\/qt\/#\/schema\/person\/e19a16971e1d6077c60771108a0c2eb1","name":"milena","image":{"@type":"ImageObject","inLanguage":"qt","@id":"https:\/\/secure.gravatar.com\/avatar\/a1c72d47914b6ffa21f1246920d5cff572eced8dc7c4ef1b629898b5a8c18fa5?s=96&d=mm&r=g","url":"https:\/\/secure.gravatar.com\/avatar\/a1c72d47914b6ffa21f1246920d5cff572eced8dc7c4ef1b629898b5a8c18fa5?s=96&d=mm&r=g","contentUrl":"https:\/\/secure.gravatar.com\/avatar\/a1c72d47914b6ffa21f1246920d5cff572eced8dc7c4ef1b629898b5a8c18fa5?s=96&d=mm&r=g","caption":"milena"},"url":"https:\/\/qtmm.org\/qt\/author\/milena\/"}]}},"_links":{"self":[{"href":"https:\/\/qtmm.org\/qt\/wp-json\/wp\/v2\/posts\/78573","targetHints":{"allow":["GET"]}}],"collection":[{"href":"https:\/\/qtmm.org\/qt\/wp-json\/wp\/v2\/posts"}],"about":[{"href":"https:\/\/qtmm.org\/qt\/wp-json\/wp\/v2\/types\/post"}],"author":[{"embeddable":true,"href":"https:\/\/qtmm.org\/qt\/wp-json\/wp\/v2\/users\/6"}],"replies":[{"embeddable":true,"href":"https:\/\/qtmm.org\/qt\/wp-json\/wp\/v2\/comments?post=78573"}],"version-history":[{"count":1,"href":"https:\/\/qtmm.org\/qt\/wp-json\/wp\/v2\/posts\/78573\/revisions"}],"predecessor-version":[{"id":78574,"href":"https:\/\/qtmm.org\/qt\/wp-json\/wp\/v2\/posts\/78573\/revisions\/78574"}],"wp:featuredmedia":[{"embeddable":true,"href":"https:\/\/qtmm.org\/qt\/wp-json\/wp\/v2\/media\/76823"}],"wp:attachment":[{"href":"https:\/\/qtmm.org\/qt\/wp-json\/wp\/v2\/media?parent=78573"}],"wp:term":[{"taxonomy":"category","embeddable":true,"href":"https:\/\/qtmm.org\/qt\/wp-json\/wp\/v2\/categories?post=78573"},{"taxonomy":"post_tag","embeddable":true,"href":"https:\/\/qtmm.org\/qt\/wp-json\/wp\/v2\/tags?post=78573"}],"curies":[{"name":"wp","href":"https:\/\/api.w.org\/{rel}","templated":true}]}}