




{"id":78541,"date":"2023-01-25T20:55:13","date_gmt":"2023-01-25T17:55:13","guid":{"rendered":"https:\/\/qtmm.org\/?p=78541"},"modified":"2023-01-25T20:55:15","modified_gmt":"2023-01-25T17:55:15","slug":"almaniyada-alim-muratasalnin-aqrabalarini-qidiralar","status":"publish","type":"post","link":"https:\/\/qtmm.org\/qt\/almaniyada-alim-muratasalnin-aqrabalarini-qidiralar\/","title":{"rendered":"Almaniyada Alim Muratasaln\u0131\u00f1 aqrabalar\u0131n\u0131 q\u0131d\u0131ralar"},"content":{"rendered":"\n<p>59 sene evel q\u0131r\u0131mtatar Alim Muratasal vefat etti, Almaniyada on\u0131\u00f1 so\u00f1 arzus\u0131n\u0131 yerine ketirmeg isyetler.<\/p>\n\n\n\n<p>\u201c1+1\u201d telekanal\u0131n\u0131\u00f1 jurnalisti Maryana Haydu\u00e7\u0131k Q\u0131r\u0131mtatar Milliy Meclisine hitap etti. Almaniya FCni\u00f1 vatanda\u015flar\u0131n\u0131\u00f1, q\u0131r\u0131mtatarn\u0131\u00f1 miras\u00e7\u0131lar\u0131 ya da aqrabalar\u0131n\u0131 q\u0131d\u0131r\u011fanlar\u0131 belli old\u0131.<\/p>\n\n\n\n<p>Birinci cian cenki vaqt\u0131nda Almaniyada Alim Muratasal (Muradasal) esir etilgen edi. O zamanlardan berli adam, aqrabalar\u0131nen ba\u011flant\u0131s\u0131n\u0131 coy\u0131p olarn\u0131 asla rastkemledi.<\/p>\n\n\n\n<p>1878 senesi may\u0131s ay\u0131n\u0131\u00f1 27-sinde Q\u0131r\u0131mdaki Bohat\u0131r k\u00f6y\u00fcnde Alim Muratasal do\u011fd\u0131. Alim, oca ol\u0131p \u00e7al\u0131\u015fqan\u0131n\u0131 a\u00f1lata edi. Ya i\u00e7timaiymi, ya da camidekimi \u00e7al\u0131\u015fmas\u0131 belli olmay.&nbsp;<\/p>\n\n\n\n<p>Alim evli, on\u0131\u00f1 o\u011flu ve q\u0131z\u0131 bar edi. Alimni\u00f1&nbsp;o\u011flu &#8211; Abdul Rahman Muratasal Bohat\u0131r yan\u0131nda (Yalta nahiyesi rayon\u0131nda) ya\u015fay edi. Alimni\u00f1 kiyevi &#8211; Abdul Cemil Saniev Kokk\u00f6zde ya\u015fay edi. O yerge Fotisal yolunda po\u00e7ta ke\u00e7e edi. Biraz vaq\u0131t ke\u00e7ken so\u00f1 Kokk\u00f6zni\u00f1 ad\u0131 Sokol\u0131nege, Fotisaln\u0131\u00f1 ad\u0131 ise Holub\u0131nka\u011fa de\u00f1i\u015ftirildi.<\/p>\n\n\n\n<p>Alim \u00f6lgenine qadar (1964 senesi iy\u00fcn ay\u0131n\u0131\u00f1 11-i) \u00f6z ailesini k\u00f6rmege hayal ete edi, faqat Soviet Birligini\u00f1 o zamandaki siyaseti sebebinden bun\u0131 yapamad\u0131. Alimni\u00f1 ya\u015fa\u011fan\u0131 almanlar, on\u0131\u00f1 so\u00f1 arzus\u0131n\u0131 yerine ketirmege ve ailesini tapma\u011fa isteyler.Bu\u00f1a ba\u011fl\u0131 mal\u00fcmatqa saip olsa\u00f1\u0131z, l\u00fctfen Q\u0131r\u0131mtatar Milliy Meclisine hitap eti\u00f1iz ya da &nbsp;097 575 55 14 telefon nomeras\u0131 vastas\u0131nen jurnalist Maryana Haydu\u00e7\u0131knen ba\u011flan\u0131\u00f1\u0131z.<\/p>\n","protected":false},"excerpt":{"rendered":"<p>59 sene evel q\u0131r\u0131mtatar Alim Muratasal vefat etti, Almaniyada on\u0131\u00f1 so\u00f1 arzus\u0131n\u0131 yerine ketirmeg isyetler. \u201c1+1\u201d telekanal\u0131n\u0131\u00f1 jurnalisti Maryana Haydu\u00e7\u0131k Q\u0131r\u0131mtatar Milliy Meclisine hitap etti. Almaniya FCni\u00f1 vatanda\u015flar\u0131n\u0131\u00f1, q\u0131r\u0131mtatarn\u0131\u00f1 miras\u00e7\u0131lar\u0131 ya da aqrabalar\u0131n\u0131 q\u0131d\u0131r\u011fanlar\u0131 belli old\u0131. Birinci cian cenki vaqt\u0131nda Almaniyada Alim Muratasal (Muradasal) esir etilgen edi. O zamanlardan berli adam, aqrabalar\u0131nen ba\u011flant\u0131s\u0131n\u0131 coy\u0131p olarn\u0131 [&hellip;]<\/p>\n","protected":false},"author":6,"featured_media":78531,"comment_status":"open","ping_status":"open","sticky":false,"template":"","format":"standard","meta":{"inline_featured_image":false,"footnotes":""},"categories":[265],"tags":[],"class_list":["post-78541","post","type-post","status-publish","format-standard","has-post-thumbnail","hentry","category-haberler"],"acf":[],"yoast_head":"<!-- This site is optimized with the Yoast SEO plugin v27.4 - https:\/\/yoast.com\/product\/yoast-seo-wordpress\/ -->\n<title>Almaniyada Alim Muratasaln\u0131\u00f1 aqrabalar\u0131n\u0131 q\u0131d\u0131ralar - \u041c\u0435\u0434\u0436\u043b\u0456\u0441<\/title>\n<meta name=\"robots\" content=\"index, follow, max-snippet:-1, max-image-preview:large, max-video-preview:-1\" \/>\n<link rel=\"canonical\" href=\"https:\/\/qtmm.org\/qt\/almaniyada-alim-muratasalnin-aqrabalarini-qidiralar\/\" \/>\n<meta property=\"og:locale\" content=\"en_US\" \/>\n<meta property=\"og:type\" content=\"article\" \/>\n<meta property=\"og:title\" content=\"Almaniyada Alim Muratasaln\u0131\u00f1 aqrabalar\u0131n\u0131 q\u0131d\u0131ralar - \u041c\u0435\u0434\u0436\u043b\u0456\u0441\" \/>\n<meta property=\"og:description\" content=\"59 sene evel q\u0131r\u0131mtatar Alim Muratasal vefat etti, Almaniyada on\u0131\u00f1 so\u00f1 arzus\u0131n\u0131 yerine ketirmeg isyetler. \u201c1+1\u201d telekanal\u0131n\u0131\u00f1 jurnalisti Maryana Haydu\u00e7\u0131k Q\u0131r\u0131mtatar Milliy Meclisine hitap etti. Almaniya FCni\u00f1 vatanda\u015flar\u0131n\u0131\u00f1, q\u0131r\u0131mtatarn\u0131\u00f1 miras\u00e7\u0131lar\u0131 ya da aqrabalar\u0131n\u0131 q\u0131d\u0131r\u011fanlar\u0131 belli old\u0131. Birinci cian cenki vaqt\u0131nda Almaniyada Alim Muratasal (Muradasal) esir etilgen edi. O zamanlardan berli adam, aqrabalar\u0131nen ba\u011flant\u0131s\u0131n\u0131 coy\u0131p olarn\u0131 [&hellip;]\" \/>\n<meta property=\"og:url\" content=\"https:\/\/qtmm.org\/qt\/almaniyada-alim-muratasalnin-aqrabalarini-qidiralar\/\" \/>\n<meta property=\"og:site_name\" content=\"\u041c\u0435\u0434\u0436\u043b\u0456\u0441\" \/>\n<meta property=\"article:publisher\" content=\"https:\/\/www.facebook.com\/qtmm.info\/\" \/>\n<meta property=\"article:published_time\" content=\"2023-01-25T17:55:13+00:00\" \/>\n<meta property=\"article:modified_time\" content=\"2023-01-25T17:55:15+00:00\" \/>\n<meta property=\"og:image\" content=\"https:\/\/qtmm.org\/wp-content\/uploads\/2023\/01\/whatsapp-image-2023-01-25-at-12.15.22-e1674662338832.jpeg\" \/>\n\t<meta property=\"og:image:width\" content=\"1038\" \/>\n\t<meta property=\"og:image:height\" content=\"1575\" \/>\n\t<meta property=\"og:image:type\" content=\"image\/jpeg\" \/>\n<meta name=\"author\" content=\"milena\" \/>\n<meta name=\"twitter:card\" content=\"summary_large_image\" \/>\n<meta name=\"twitter:label1\" content=\"Written by\" \/>\n\t<meta name=\"twitter:data1\" content=\"milena\" \/>\n\t<meta name=\"twitter:label2\" content=\"Est. reading time\" \/>\n\t<meta name=\"twitter:data2\" content=\"2 minutes\" \/>\n<script type=\"application\/ld+json\" class=\"yoast-schema-graph\">{\"@context\":\"https:\\\/\\\/schema.org\",\"@graph\":[{\"@type\":\"Article\",\"@id\":\"https:\\\/\\\/qtmm.org\\\/qt\\\/almaniyada-alim-muratasalnin-aqrabalarini-qidiralar\\\/#article\",\"isPartOf\":{\"@id\":\"https:\\\/\\\/qtmm.org\\\/qt\\\/almaniyada-alim-muratasalnin-aqrabalarini-qidiralar\\\/\"},\"author\":{\"name\":\"milena\",\"@id\":\"https:\\\/\\\/qtmm.org\\\/qt\\\/#\\\/schema\\\/person\\\/e19a16971e1d6077c60771108a0c2eb1\"},\"headline\":\"Almaniyada Alim Muratasaln\u0131\u00f1 aqrabalar\u0131n\u0131 q\u0131d\u0131ralar\",\"datePublished\":\"2023-01-25T17:55:13+00:00\",\"dateModified\":\"2023-01-25T17:55:15+00:00\",\"mainEntityOfPage\":{\"@id\":\"https:\\\/\\\/qtmm.org\\\/qt\\\/almaniyada-alim-muratasalnin-aqrabalarini-qidiralar\\\/\"},\"wordCount\":267,\"commentCount\":0,\"publisher\":{\"@id\":\"https:\\\/\\\/qtmm.org\\\/qt\\\/#organization\"},\"image\":{\"@id\":\"https:\\\/\\\/qtmm.org\\\/qt\\\/almaniyada-alim-muratasalnin-aqrabalarini-qidiralar\\\/#primaryimage\"},\"thumbnailUrl\":\"https:\\\/\\\/qtmm.org\\\/wp-content\\\/uploads\\\/2023\\\/01\\\/whatsapp-image-2023-01-25-at-12.15.22-e1674662338832.jpeg\",\"articleSection\":[\"Haberler\"],\"inLanguage\":\"qt\",\"potentialAction\":[{\"@type\":\"CommentAction\",\"name\":\"Comment\",\"target\":[\"https:\\\/\\\/qtmm.org\\\/qt\\\/almaniyada-alim-muratasalnin-aqrabalarini-qidiralar\\\/#respond\"]}]},{\"@type\":\"WebPage\",\"@id\":\"https:\\\/\\\/qtmm.org\\\/qt\\\/almaniyada-alim-muratasalnin-aqrabalarini-qidiralar\\\/\",\"url\":\"https:\\\/\\\/qtmm.org\\\/qt\\\/almaniyada-alim-muratasalnin-aqrabalarini-qidiralar\\\/\",\"name\":\"Almaniyada Alim Muratasaln\u0131\u00f1 aqrabalar\u0131n\u0131 q\u0131d\u0131ralar - \u041c\u0435\u0434\u0436\u043b\u0456\u0441\",\"isPartOf\":{\"@id\":\"https:\\\/\\\/qtmm.org\\\/qt\\\/#website\"},\"primaryImageOfPage\":{\"@id\":\"https:\\\/\\\/qtmm.org\\\/qt\\\/almaniyada-alim-muratasalnin-aqrabalarini-qidiralar\\\/#primaryimage\"},\"image\":{\"@id\":\"https:\\\/\\\/qtmm.org\\\/qt\\\/almaniyada-alim-muratasalnin-aqrabalarini-qidiralar\\\/#primaryimage\"},\"thumbnailUrl\":\"https:\\\/\\\/qtmm.org\\\/wp-content\\\/uploads\\\/2023\\\/01\\\/whatsapp-image-2023-01-25-at-12.15.22-e1674662338832.jpeg\",\"datePublished\":\"2023-01-25T17:55:13+00:00\",\"dateModified\":\"2023-01-25T17:55:15+00:00\",\"breadcrumb\":{\"@id\":\"https:\\\/\\\/qtmm.org\\\/qt\\\/almaniyada-alim-muratasalnin-aqrabalarini-qidiralar\\\/#breadcrumb\"},\"inLanguage\":\"qt\",\"potentialAction\":[{\"@type\":\"ReadAction\",\"target\":[\"https:\\\/\\\/qtmm.org\\\/qt\\\/almaniyada-alim-muratasalnin-aqrabalarini-qidiralar\\\/\"]}]},{\"@type\":\"ImageObject\",\"inLanguage\":\"qt\",\"@id\":\"https:\\\/\\\/qtmm.org\\\/qt\\\/almaniyada-alim-muratasalnin-aqrabalarini-qidiralar\\\/#primaryimage\",\"url\":\"https:\\\/\\\/qtmm.org\\\/wp-content\\\/uploads\\\/2023\\\/01\\\/whatsapp-image-2023-01-25-at-12.15.22-e1674662338832.jpeg\",\"contentUrl\":\"https:\\\/\\\/qtmm.org\\\/wp-content\\\/uploads\\\/2023\\\/01\\\/whatsapp-image-2023-01-25-at-12.15.22-e1674662338832.jpeg\",\"width\":1038,\"height\":1575},{\"@type\":\"BreadcrumbList\",\"@id\":\"https:\\\/\\\/qtmm.org\\\/qt\\\/almaniyada-alim-muratasalnin-aqrabalarini-qidiralar\\\/#breadcrumb\",\"itemListElement\":[{\"@type\":\"ListItem\",\"position\":1,\"name\":\"\u0413\u043e\u043b\u043e\u0432\u043d\u0430\",\"item\":\"https:\\\/\\\/qtmm.org\\\/qt\\\/\"},{\"@type\":\"ListItem\",\"position\":2,\"name\":\"Almaniyada Alim Muratasaln\u0131\u00f1 aqrabalar\u0131n\u0131 q\u0131d\u0131ralar\"}]},{\"@type\":\"WebSite\",\"@id\":\"https:\\\/\\\/qtmm.org\\\/qt\\\/#website\",\"url\":\"https:\\\/\\\/qtmm.org\\\/qt\\\/\",\"name\":\"\u041c\u0435\u0434\u0436\u043b\u0456\u0441\",\"description\":\"\",\"publisher\":{\"@id\":\"https:\\\/\\\/qtmm.org\\\/qt\\\/#organization\"},\"potentialAction\":[{\"@type\":\"SearchAction\",\"target\":{\"@type\":\"EntryPoint\",\"urlTemplate\":\"https:\\\/\\\/qtmm.org\\\/qt\\\/?s={search_term_string}\"},\"query-input\":{\"@type\":\"PropertyValueSpecification\",\"valueRequired\":true,\"valueName\":\"search_term_string\"}}],\"inLanguage\":\"qt\"},{\"@type\":\"Organization\",\"@id\":\"https:\\\/\\\/qtmm.org\\\/qt\\\/#organization\",\"name\":\"\u041c\u0435\u0434\u0436\u043b\u0456\u0441\",\"url\":\"https:\\\/\\\/qtmm.org\\\/qt\\\/\",\"logo\":{\"@type\":\"ImageObject\",\"inLanguage\":\"qt\",\"@id\":\"https:\\\/\\\/qtmm.org\\\/qt\\\/#\\\/schema\\\/logo\\\/image\\\/\",\"url\":\"https:\\\/\\\/qtmm.org\\\/wp-content\\\/uploads\\\/2024\\\/12\\\/ua-mejlis-logo-rgb.svg\",\"contentUrl\":\"https:\\\/\\\/qtmm.org\\\/wp-content\\\/uploads\\\/2024\\\/12\\\/ua-mejlis-logo-rgb.svg\",\"caption\":\"\u041c\u0435\u0434\u0436\u043b\u0456\u0441\"},\"image\":{\"@id\":\"https:\\\/\\\/qtmm.org\\\/qt\\\/#\\\/schema\\\/logo\\\/image\\\/\"},\"sameAs\":[\"https:\\\/\\\/www.facebook.com\\\/qtmm.info\\\/\"]},{\"@type\":\"Person\",\"@id\":\"https:\\\/\\\/qtmm.org\\\/qt\\\/#\\\/schema\\\/person\\\/e19a16971e1d6077c60771108a0c2eb1\",\"name\":\"milena\",\"image\":{\"@type\":\"ImageObject\",\"inLanguage\":\"qt\",\"@id\":\"https:\\\/\\\/secure.gravatar.com\\\/avatar\\\/a1c72d47914b6ffa21f1246920d5cff572eced8dc7c4ef1b629898b5a8c18fa5?s=96&d=mm&r=g\",\"url\":\"https:\\\/\\\/secure.gravatar.com\\\/avatar\\\/a1c72d47914b6ffa21f1246920d5cff572eced8dc7c4ef1b629898b5a8c18fa5?s=96&d=mm&r=g\",\"contentUrl\":\"https:\\\/\\\/secure.gravatar.com\\\/avatar\\\/a1c72d47914b6ffa21f1246920d5cff572eced8dc7c4ef1b629898b5a8c18fa5?s=96&d=mm&r=g\",\"caption\":\"milena\"},\"url\":\"https:\\\/\\\/qtmm.org\\\/qt\\\/author\\\/milena\\\/\"}]}<\/script>\n<!-- \/ Yoast SEO plugin. -->","yoast_head_json":{"title":"Almaniyada Alim Muratasaln\u0131\u00f1 aqrabalar\u0131n\u0131 q\u0131d\u0131ralar - \u041c\u0435\u0434\u0436\u043b\u0456\u0441","robots":{"index":"index","follow":"follow","max-snippet":"max-snippet:-1","max-image-preview":"max-image-preview:large","max-video-preview":"max-video-preview:-1"},"canonical":"https:\/\/qtmm.org\/qt\/almaniyada-alim-muratasalnin-aqrabalarini-qidiralar\/","og_locale":"en_US","og_type":"article","og_title":"Almaniyada Alim Muratasaln\u0131\u00f1 aqrabalar\u0131n\u0131 q\u0131d\u0131ralar - \u041c\u0435\u0434\u0436\u043b\u0456\u0441","og_description":"59 sene evel q\u0131r\u0131mtatar Alim Muratasal vefat etti, Almaniyada on\u0131\u00f1 so\u00f1 arzus\u0131n\u0131 yerine ketirmeg isyetler. \u201c1+1\u201d telekanal\u0131n\u0131\u00f1 jurnalisti Maryana Haydu\u00e7\u0131k Q\u0131r\u0131mtatar Milliy Meclisine hitap etti. Almaniya FCni\u00f1 vatanda\u015flar\u0131n\u0131\u00f1, q\u0131r\u0131mtatarn\u0131\u00f1 miras\u00e7\u0131lar\u0131 ya da aqrabalar\u0131n\u0131 q\u0131d\u0131r\u011fanlar\u0131 belli old\u0131. Birinci cian cenki vaqt\u0131nda Almaniyada Alim Muratasal (Muradasal) esir etilgen edi. O zamanlardan berli adam, aqrabalar\u0131nen ba\u011flant\u0131s\u0131n\u0131 coy\u0131p olarn\u0131 [&hellip;]","og_url":"https:\/\/qtmm.org\/qt\/almaniyada-alim-muratasalnin-aqrabalarini-qidiralar\/","og_site_name":"\u041c\u0435\u0434\u0436\u043b\u0456\u0441","article_publisher":"https:\/\/www.facebook.com\/qtmm.info\/","article_published_time":"2023-01-25T17:55:13+00:00","article_modified_time":"2023-01-25T17:55:15+00:00","og_image":[{"width":1038,"height":1575,"url":"https:\/\/qtmm.org\/wp-content\/uploads\/2023\/01\/whatsapp-image-2023-01-25-at-12.15.22-e1674662338832.jpeg","type":"image\/jpeg"}],"author":"milena","twitter_card":"summary_large_image","twitter_misc":{"Written by":"milena","Est. reading time":"2 minutes"},"schema":{"@context":"https:\/\/schema.org","@graph":[{"@type":"Article","@id":"https:\/\/qtmm.org\/qt\/almaniyada-alim-muratasalnin-aqrabalarini-qidiralar\/#article","isPartOf":{"@id":"https:\/\/qtmm.org\/qt\/almaniyada-alim-muratasalnin-aqrabalarini-qidiralar\/"},"author":{"name":"milena","@id":"https:\/\/qtmm.org\/qt\/#\/schema\/person\/e19a16971e1d6077c60771108a0c2eb1"},"headline":"Almaniyada Alim Muratasaln\u0131\u00f1 aqrabalar\u0131n\u0131 q\u0131d\u0131ralar","datePublished":"2023-01-25T17:55:13+00:00","dateModified":"2023-01-25T17:55:15+00:00","mainEntityOfPage":{"@id":"https:\/\/qtmm.org\/qt\/almaniyada-alim-muratasalnin-aqrabalarini-qidiralar\/"},"wordCount":267,"commentCount":0,"publisher":{"@id":"https:\/\/qtmm.org\/qt\/#organization"},"image":{"@id":"https:\/\/qtmm.org\/qt\/almaniyada-alim-muratasalnin-aqrabalarini-qidiralar\/#primaryimage"},"thumbnailUrl":"https:\/\/qtmm.org\/wp-content\/uploads\/2023\/01\/whatsapp-image-2023-01-25-at-12.15.22-e1674662338832.jpeg","articleSection":["Haberler"],"inLanguage":"qt","potentialAction":[{"@type":"CommentAction","name":"Comment","target":["https:\/\/qtmm.org\/qt\/almaniyada-alim-muratasalnin-aqrabalarini-qidiralar\/#respond"]}]},{"@type":"WebPage","@id":"https:\/\/qtmm.org\/qt\/almaniyada-alim-muratasalnin-aqrabalarini-qidiralar\/","url":"https:\/\/qtmm.org\/qt\/almaniyada-alim-muratasalnin-aqrabalarini-qidiralar\/","name":"Almaniyada Alim Muratasaln\u0131\u00f1 aqrabalar\u0131n\u0131 q\u0131d\u0131ralar - \u041c\u0435\u0434\u0436\u043b\u0456\u0441","isPartOf":{"@id":"https:\/\/qtmm.org\/qt\/#website"},"primaryImageOfPage":{"@id":"https:\/\/qtmm.org\/qt\/almaniyada-alim-muratasalnin-aqrabalarini-qidiralar\/#primaryimage"},"image":{"@id":"https:\/\/qtmm.org\/qt\/almaniyada-alim-muratasalnin-aqrabalarini-qidiralar\/#primaryimage"},"thumbnailUrl":"https:\/\/qtmm.org\/wp-content\/uploads\/2023\/01\/whatsapp-image-2023-01-25-at-12.15.22-e1674662338832.jpeg","datePublished":"2023-01-25T17:55:13+00:00","dateModified":"2023-01-25T17:55:15+00:00","breadcrumb":{"@id":"https:\/\/qtmm.org\/qt\/almaniyada-alim-muratasalnin-aqrabalarini-qidiralar\/#breadcrumb"},"inLanguage":"qt","potentialAction":[{"@type":"ReadAction","target":["https:\/\/qtmm.org\/qt\/almaniyada-alim-muratasalnin-aqrabalarini-qidiralar\/"]}]},{"@type":"ImageObject","inLanguage":"qt","@id":"https:\/\/qtmm.org\/qt\/almaniyada-alim-muratasalnin-aqrabalarini-qidiralar\/#primaryimage","url":"https:\/\/qtmm.org\/wp-content\/uploads\/2023\/01\/whatsapp-image-2023-01-25-at-12.15.22-e1674662338832.jpeg","contentUrl":"https:\/\/qtmm.org\/wp-content\/uploads\/2023\/01\/whatsapp-image-2023-01-25-at-12.15.22-e1674662338832.jpeg","width":1038,"height":1575},{"@type":"BreadcrumbList","@id":"https:\/\/qtmm.org\/qt\/almaniyada-alim-muratasalnin-aqrabalarini-qidiralar\/#breadcrumb","itemListElement":[{"@type":"ListItem","position":1,"name":"\u0413\u043e\u043b\u043e\u0432\u043d\u0430","item":"https:\/\/qtmm.org\/qt\/"},{"@type":"ListItem","position":2,"name":"Almaniyada Alim Muratasaln\u0131\u00f1 aqrabalar\u0131n\u0131 q\u0131d\u0131ralar"}]},{"@type":"WebSite","@id":"https:\/\/qtmm.org\/qt\/#website","url":"https:\/\/qtmm.org\/qt\/","name":"\u041c\u0435\u0434\u0436\u043b\u0456\u0441","description":"","publisher":{"@id":"https:\/\/qtmm.org\/qt\/#organization"},"potentialAction":[{"@type":"SearchAction","target":{"@type":"EntryPoint","urlTemplate":"https:\/\/qtmm.org\/qt\/?s={search_term_string}"},"query-input":{"@type":"PropertyValueSpecification","valueRequired":true,"valueName":"search_term_string"}}],"inLanguage":"qt"},{"@type":"Organization","@id":"https:\/\/qtmm.org\/qt\/#organization","name":"\u041c\u0435\u0434\u0436\u043b\u0456\u0441","url":"https:\/\/qtmm.org\/qt\/","logo":{"@type":"ImageObject","inLanguage":"qt","@id":"https:\/\/qtmm.org\/qt\/#\/schema\/logo\/image\/","url":"https:\/\/qtmm.org\/wp-content\/uploads\/2024\/12\/ua-mejlis-logo-rgb.svg","contentUrl":"https:\/\/qtmm.org\/wp-content\/uploads\/2024\/12\/ua-mejlis-logo-rgb.svg","caption":"\u041c\u0435\u0434\u0436\u043b\u0456\u0441"},"image":{"@id":"https:\/\/qtmm.org\/qt\/#\/schema\/logo\/image\/"},"sameAs":["https:\/\/www.facebook.com\/qtmm.info\/"]},{"@type":"Person","@id":"https:\/\/qtmm.org\/qt\/#\/schema\/person\/e19a16971e1d6077c60771108a0c2eb1","name":"milena","image":{"@type":"ImageObject","inLanguage":"qt","@id":"https:\/\/secure.gravatar.com\/avatar\/a1c72d47914b6ffa21f1246920d5cff572eced8dc7c4ef1b629898b5a8c18fa5?s=96&d=mm&r=g","url":"https:\/\/secure.gravatar.com\/avatar\/a1c72d47914b6ffa21f1246920d5cff572eced8dc7c4ef1b629898b5a8c18fa5?s=96&d=mm&r=g","contentUrl":"https:\/\/secure.gravatar.com\/avatar\/a1c72d47914b6ffa21f1246920d5cff572eced8dc7c4ef1b629898b5a8c18fa5?s=96&d=mm&r=g","caption":"milena"},"url":"https:\/\/qtmm.org\/qt\/author\/milena\/"}]}},"_links":{"self":[{"href":"https:\/\/qtmm.org\/qt\/wp-json\/wp\/v2\/posts\/78541","targetHints":{"allow":["GET"]}}],"collection":[{"href":"https:\/\/qtmm.org\/qt\/wp-json\/wp\/v2\/posts"}],"about":[{"href":"https:\/\/qtmm.org\/qt\/wp-json\/wp\/v2\/types\/post"}],"author":[{"embeddable":true,"href":"https:\/\/qtmm.org\/qt\/wp-json\/wp\/v2\/users\/6"}],"replies":[{"embeddable":true,"href":"https:\/\/qtmm.org\/qt\/wp-json\/wp\/v2\/comments?post=78541"}],"version-history":[{"count":1,"href":"https:\/\/qtmm.org\/qt\/wp-json\/wp\/v2\/posts\/78541\/revisions"}],"predecessor-version":[{"id":78542,"href":"https:\/\/qtmm.org\/qt\/wp-json\/wp\/v2\/posts\/78541\/revisions\/78542"}],"wp:featuredmedia":[{"embeddable":true,"href":"https:\/\/qtmm.org\/qt\/wp-json\/wp\/v2\/media\/78531"}],"wp:attachment":[{"href":"https:\/\/qtmm.org\/qt\/wp-json\/wp\/v2\/media?parent=78541"}],"wp:term":[{"taxonomy":"category","embeddable":true,"href":"https:\/\/qtmm.org\/qt\/wp-json\/wp\/v2\/categories?post=78541"},{"taxonomy":"post_tag","embeddable":true,"href":"https:\/\/qtmm.org\/qt\/wp-json\/wp\/v2\/tags?post=78541"}],"curies":[{"name":"wp","href":"https:\/\/api.w.org\/{rel}","templated":true}]}}