




{"id":78377,"date":"2023-01-24T22:19:17","date_gmt":"2023-01-24T19:19:17","guid":{"rendered":"https:\/\/qtmm.org\/?p=78377"},"modified":"2023-01-24T22:19:58","modified_gmt":"2023-01-24T19:19:58","slug":"ukrainada-qirimtatar-tili-milliy-korpusi-yaratilacaq","status":"publish","type":"post","link":"https:\/\/qtmm.org\/qt\/ukrainada-qirimtatar-tili-milliy-korpusi-yaratilacaq\/","title":{"rendered":"Ukrainada Q\u0131r\u0131mtatar tili milliy korpus\u0131 yarat\u0131lacaq"},"content":{"rendered":"\n<p>Ukrainada Q\u0131r\u0131mtatar tili milliy korpus\u0131n\u0131 yaratuv i\u015fi ba\u015flad\u0131.<\/p>\n\n\n\n<p><a href=\"https:\/\/www.facebook.com\/ppu.gov.ua\/posts\/pfbid025jKBwK2QfKEGN3tSGQoQ8c7Q6aKXQyk8Kc7tbCJ3Y54qwkbjPJqaKUYFLPhrU5WMl\">Facebookta<\/a> Prezidentni\u00f1 QMCde vekilligi bu aqq\u0131nda haber berdi.<\/p>\n\n\n\n<blockquote class=\"wp-block-quote is-layout-flow wp-block-quote-is-layout-flow\"><p><em>&#8211; QIRI&#8217;M YOUNG i\u00e7timaiy te\u015fkil\u00e2t\u0131, Q\u0131r\u0131mtatar tili milliy korpus\u0131 leyhas\u0131 \u00fczerinde \u00e7al\u0131\u015fma\u011fa ba\u015flad\u0131. Korpus &#8211; keni\u015f mal\u00fcmat bazas\u0131n\u0131\u00f1 (\u015fu c\u00fcmleden, metinlerni\u00f1) talili vastas\u0131nen til\u015f\u0131naslar\u011fa tilni zemaneviy ara\u015ft\u0131ruv aletidir, &#8211;<\/em> beyanatta yaz\u0131ld\u0131.<\/p><\/blockquote>\n\n\n\n<p>M\u00fcessise bildirdi ki, leyhan\u0131\u00f1 maqsad\u0131 &#8211; <a href=\"https:\/\/www.ukrinform.ua\/tag-krimski-tatari\">q\u0131r\u0131mtatar<\/a> tilini\u00f1 qullan\u0131lmas\u0131n\u0131 keni\u015fletmek ve on\u0131 ara\u015ft\u0131rmaq ve inki\u015faf\u0131n\u0131 temin etmektir. Daa mezk\u00fcr leyha, q\u0131r\u0131mtatar tilini\u00f1 operatsiya sistemalar\u0131na ve online tercimanlara kirsetilmesine imk\u00e2n berecek.<\/p>\n\n\n\n<p>Arzu etken er kes mal\u00fcmat bazas\u0131n\u0131 \u015fekillendirmege ve leyha yerine ketirmege yard\u0131mc\u0131 ola bilir.<\/p>\n\n\n\n<blockquote class=\"wp-block-quote is-layout-flow wp-block-quote-is-layout-flow\"><p><em>&#8211; Q\u0131r\u0131mtatar tili metinlerine (bediiy eserler, ilmiy maqaleler, stsenariyler, mekt\u00fcpler v.b.) saip olsa\u00f1\u0131z, <a href=\"https:\/\/accounts.google.com\/v3\/signin\/identifier?dsh=S-703969024%3A1674483390164314&amp;continue=https%3A%2F%2Fdocs.google.com%2Fforms%2Fd%2Fe%2F1FAIpQLScrff2FAl5SVJibjIwNvNj43oSWzBHYvpHoNSscENanTLos_w%2Fviewform%3Fusp%3Dsf_link&amp;followup=https%3A%2F%2Fdocs.google.com%2Fforms%2Fd%2Fe%2F1FAIpQLScrff2FAl5SVJibjIwNvNj43oSWzBHYvpHoNSscENanTLos_w%2Fviewform%3Fusp%3Dsf_link&amp;ltmpl=forms&amp;osid=1&amp;passive=1209600&amp;service=wise&amp;flowName=GlifWebSignIn&amp;flowEntry=ServiceLogin&amp;ifkv=AWnogHep0MqGBmwvaCxQmVzPUuvkcBrH4_e_iWPsyL5_NNJmpiLxYlPoYsptvO2KMQN54lYKZJGU\">ba\u011flant\u0131\u011fa<\/a> bas\u0131p, olarn\u0131\u00f1 sankkopiyalar\u0131n\u0131 (ya da elektron metin fayllar\u0131) yolla\u00f1\u0131z,<\/em> &#8211; dep m\u00fcessise bildirdi.<\/p><\/blockquote>\n","protected":false},"excerpt":{"rendered":"<p>Ukrainada Q\u0131r\u0131mtatar tili milliy korpus\u0131n\u0131 yaratuv i\u015fi ba\u015flad\u0131. Facebookta Prezidentni\u00f1 QMCde vekilligi bu aqq\u0131nda haber berdi. &#8211; QIRI&#8217;M YOUNG i\u00e7timaiy te\u015fkil\u00e2t\u0131, Q\u0131r\u0131mtatar tili milliy korpus\u0131 leyhas\u0131 \u00fczerinde \u00e7al\u0131\u015fma\u011fa ba\u015flad\u0131. Korpus &#8211; keni\u015f mal\u00fcmat bazas\u0131n\u0131\u00f1 (\u015fu c\u00fcmleden, metinlerni\u00f1) talili vastas\u0131nen til\u015f\u0131naslar\u011fa tilni zemaneviy ara\u015ft\u0131ruv aletidir, &#8211; beyanatta yaz\u0131ld\u0131. M\u00fcessise bildirdi ki, leyhan\u0131\u00f1 maqsad\u0131 &#8211; q\u0131r\u0131mtatar tilini\u00f1 [&hellip;]<\/p>\n","protected":false},"author":6,"featured_media":78073,"comment_status":"open","ping_status":"open","sticky":false,"template":"","format":"standard","meta":{"inline_featured_image":false,"footnotes":""},"categories":[265],"tags":[],"class_list":["post-78377","post","type-post","status-publish","format-standard","has-post-thumbnail","hentry","category-haberler"],"acf":[],"yoast_head":"<!-- This site is optimized with the Yoast SEO plugin v27.4 - https:\/\/yoast.com\/product\/yoast-seo-wordpress\/ -->\n<title>Ukrainada Q\u0131r\u0131mtatar tili milliy korpus\u0131 yarat\u0131lacaq - \u041c\u0435\u0434\u0436\u043b\u0456\u0441<\/title>\n<meta name=\"robots\" content=\"index, follow, max-snippet:-1, max-image-preview:large, max-video-preview:-1\" \/>\n<link rel=\"canonical\" href=\"https:\/\/qtmm.org\/qt\/ukrainada-qirimtatar-tili-milliy-korpusi-yaratilacaq\/\" \/>\n<meta property=\"og:locale\" content=\"en_US\" \/>\n<meta property=\"og:type\" content=\"article\" \/>\n<meta property=\"og:title\" content=\"Ukrainada Q\u0131r\u0131mtatar tili milliy korpus\u0131 yarat\u0131lacaq - \u041c\u0435\u0434\u0436\u043b\u0456\u0441\" \/>\n<meta property=\"og:description\" content=\"Ukrainada Q\u0131r\u0131mtatar tili milliy korpus\u0131n\u0131 yaratuv i\u015fi ba\u015flad\u0131. Facebookta Prezidentni\u00f1 QMCde vekilligi bu aqq\u0131nda haber berdi. &#8211; QIRI&#8217;M YOUNG i\u00e7timaiy te\u015fkil\u00e2t\u0131, Q\u0131r\u0131mtatar tili milliy korpus\u0131 leyhas\u0131 \u00fczerinde \u00e7al\u0131\u015fma\u011fa ba\u015flad\u0131. Korpus &#8211; keni\u015f mal\u00fcmat bazas\u0131n\u0131\u00f1 (\u015fu c\u00fcmleden, metinlerni\u00f1) talili vastas\u0131nen til\u015f\u0131naslar\u011fa tilni zemaneviy ara\u015ft\u0131ruv aletidir, &#8211; beyanatta yaz\u0131ld\u0131. M\u00fcessise bildirdi ki, leyhan\u0131\u00f1 maqsad\u0131 &#8211; q\u0131r\u0131mtatar tilini\u00f1 [&hellip;]\" \/>\n<meta property=\"og:url\" content=\"https:\/\/qtmm.org\/qt\/ukrainada-qirimtatar-tili-milliy-korpusi-yaratilacaq\/\" \/>\n<meta property=\"og:site_name\" content=\"\u041c\u0435\u0434\u0436\u043b\u0456\u0441\" \/>\n<meta property=\"article:publisher\" content=\"https:\/\/www.facebook.com\/qtmm.info\/\" \/>\n<meta property=\"article:published_time\" content=\"2023-01-24T19:19:17+00:00\" \/>\n<meta property=\"article:modified_time\" content=\"2023-01-24T19:19:58+00:00\" \/>\n<meta property=\"og:image\" content=\"https:\/\/qtmm.org\/wp-content\/uploads\/2023\/01\/289669584_10227187275096761_9166722186330893613_n-820x473-1.jpg\" \/>\n\t<meta property=\"og:image:width\" content=\"820\" \/>\n\t<meta property=\"og:image:height\" content=\"473\" \/>\n\t<meta property=\"og:image:type\" content=\"image\/jpeg\" \/>\n<meta name=\"author\" content=\"milena\" \/>\n<meta name=\"twitter:card\" content=\"summary_large_image\" \/>\n<meta name=\"twitter:label1\" content=\"Written by\" \/>\n\t<meta name=\"twitter:data1\" content=\"milena\" \/>\n\t<meta name=\"twitter:label2\" content=\"Est. reading time\" \/>\n\t<meta name=\"twitter:data2\" content=\"1 minute\" \/>\n<script type=\"application\/ld+json\" class=\"yoast-schema-graph\">{\"@context\":\"https:\\\/\\\/schema.org\",\"@graph\":[{\"@type\":\"Article\",\"@id\":\"https:\\\/\\\/qtmm.org\\\/qt\\\/ukrainada-qirimtatar-tili-milliy-korpusi-yaratilacaq\\\/#article\",\"isPartOf\":{\"@id\":\"https:\\\/\\\/qtmm.org\\\/qt\\\/ukrainada-qirimtatar-tili-milliy-korpusi-yaratilacaq\\\/\"},\"author\":{\"name\":\"milena\",\"@id\":\"https:\\\/\\\/qtmm.org\\\/qt\\\/#\\\/schema\\\/person\\\/e19a16971e1d6077c60771108a0c2eb1\"},\"headline\":\"Ukrainada Q\u0131r\u0131mtatar tili milliy korpus\u0131 yarat\u0131lacaq\",\"datePublished\":\"2023-01-24T19:19:17+00:00\",\"dateModified\":\"2023-01-24T19:19:58+00:00\",\"mainEntityOfPage\":{\"@id\":\"https:\\\/\\\/qtmm.org\\\/qt\\\/ukrainada-qirimtatar-tili-milliy-korpusi-yaratilacaq\\\/\"},\"wordCount\":180,\"commentCount\":0,\"publisher\":{\"@id\":\"https:\\\/\\\/qtmm.org\\\/qt\\\/#organization\"},\"image\":{\"@id\":\"https:\\\/\\\/qtmm.org\\\/qt\\\/ukrainada-qirimtatar-tili-milliy-korpusi-yaratilacaq\\\/#primaryimage\"},\"thumbnailUrl\":\"https:\\\/\\\/qtmm.org\\\/wp-content\\\/uploads\\\/2023\\\/01\\\/289669584_10227187275096761_9166722186330893613_n-820x473-1.jpg\",\"articleSection\":[\"Haberler\"],\"inLanguage\":\"qt\",\"potentialAction\":[{\"@type\":\"CommentAction\",\"name\":\"Comment\",\"target\":[\"https:\\\/\\\/qtmm.org\\\/qt\\\/ukrainada-qirimtatar-tili-milliy-korpusi-yaratilacaq\\\/#respond\"]}]},{\"@type\":\"WebPage\",\"@id\":\"https:\\\/\\\/qtmm.org\\\/qt\\\/ukrainada-qirimtatar-tili-milliy-korpusi-yaratilacaq\\\/\",\"url\":\"https:\\\/\\\/qtmm.org\\\/qt\\\/ukrainada-qirimtatar-tili-milliy-korpusi-yaratilacaq\\\/\",\"name\":\"Ukrainada Q\u0131r\u0131mtatar tili milliy korpus\u0131 yarat\u0131lacaq - \u041c\u0435\u0434\u0436\u043b\u0456\u0441\",\"isPartOf\":{\"@id\":\"https:\\\/\\\/qtmm.org\\\/qt\\\/#website\"},\"primaryImageOfPage\":{\"@id\":\"https:\\\/\\\/qtmm.org\\\/qt\\\/ukrainada-qirimtatar-tili-milliy-korpusi-yaratilacaq\\\/#primaryimage\"},\"image\":{\"@id\":\"https:\\\/\\\/qtmm.org\\\/qt\\\/ukrainada-qirimtatar-tili-milliy-korpusi-yaratilacaq\\\/#primaryimage\"},\"thumbnailUrl\":\"https:\\\/\\\/qtmm.org\\\/wp-content\\\/uploads\\\/2023\\\/01\\\/289669584_10227187275096761_9166722186330893613_n-820x473-1.jpg\",\"datePublished\":\"2023-01-24T19:19:17+00:00\",\"dateModified\":\"2023-01-24T19:19:58+00:00\",\"breadcrumb\":{\"@id\":\"https:\\\/\\\/qtmm.org\\\/qt\\\/ukrainada-qirimtatar-tili-milliy-korpusi-yaratilacaq\\\/#breadcrumb\"},\"inLanguage\":\"qt\",\"potentialAction\":[{\"@type\":\"ReadAction\",\"target\":[\"https:\\\/\\\/qtmm.org\\\/qt\\\/ukrainada-qirimtatar-tili-milliy-korpusi-yaratilacaq\\\/\"]}]},{\"@type\":\"ImageObject\",\"inLanguage\":\"qt\",\"@id\":\"https:\\\/\\\/qtmm.org\\\/qt\\\/ukrainada-qirimtatar-tili-milliy-korpusi-yaratilacaq\\\/#primaryimage\",\"url\":\"https:\\\/\\\/qtmm.org\\\/wp-content\\\/uploads\\\/2023\\\/01\\\/289669584_10227187275096761_9166722186330893613_n-820x473-1.jpg\",\"contentUrl\":\"https:\\\/\\\/qtmm.org\\\/wp-content\\\/uploads\\\/2023\\\/01\\\/289669584_10227187275096761_9166722186330893613_n-820x473-1.jpg\",\"width\":820,\"height\":473},{\"@type\":\"BreadcrumbList\",\"@id\":\"https:\\\/\\\/qtmm.org\\\/qt\\\/ukrainada-qirimtatar-tili-milliy-korpusi-yaratilacaq\\\/#breadcrumb\",\"itemListElement\":[{\"@type\":\"ListItem\",\"position\":1,\"name\":\"\u0413\u043e\u043b\u043e\u0432\u043d\u0430\",\"item\":\"https:\\\/\\\/qtmm.org\\\/qt\\\/\"},{\"@type\":\"ListItem\",\"position\":2,\"name\":\"Ukrainada Q\u0131r\u0131mtatar tili milliy korpus\u0131 yarat\u0131lacaq\"}]},{\"@type\":\"WebSite\",\"@id\":\"https:\\\/\\\/qtmm.org\\\/qt\\\/#website\",\"url\":\"https:\\\/\\\/qtmm.org\\\/qt\\\/\",\"name\":\"\u041c\u0435\u0434\u0436\u043b\u0456\u0441\",\"description\":\"\",\"publisher\":{\"@id\":\"https:\\\/\\\/qtmm.org\\\/qt\\\/#organization\"},\"potentialAction\":[{\"@type\":\"SearchAction\",\"target\":{\"@type\":\"EntryPoint\",\"urlTemplate\":\"https:\\\/\\\/qtmm.org\\\/qt\\\/?s={search_term_string}\"},\"query-input\":{\"@type\":\"PropertyValueSpecification\",\"valueRequired\":true,\"valueName\":\"search_term_string\"}}],\"inLanguage\":\"qt\"},{\"@type\":\"Organization\",\"@id\":\"https:\\\/\\\/qtmm.org\\\/qt\\\/#organization\",\"name\":\"\u041c\u0435\u0434\u0436\u043b\u0456\u0441\",\"url\":\"https:\\\/\\\/qtmm.org\\\/qt\\\/\",\"logo\":{\"@type\":\"ImageObject\",\"inLanguage\":\"qt\",\"@id\":\"https:\\\/\\\/qtmm.org\\\/qt\\\/#\\\/schema\\\/logo\\\/image\\\/\",\"url\":\"https:\\\/\\\/qtmm.org\\\/wp-content\\\/uploads\\\/2024\\\/12\\\/ua-mejlis-logo-rgb.svg\",\"contentUrl\":\"https:\\\/\\\/qtmm.org\\\/wp-content\\\/uploads\\\/2024\\\/12\\\/ua-mejlis-logo-rgb.svg\",\"caption\":\"\u041c\u0435\u0434\u0436\u043b\u0456\u0441\"},\"image\":{\"@id\":\"https:\\\/\\\/qtmm.org\\\/qt\\\/#\\\/schema\\\/logo\\\/image\\\/\"},\"sameAs\":[\"https:\\\/\\\/www.facebook.com\\\/qtmm.info\\\/\"]},{\"@type\":\"Person\",\"@id\":\"https:\\\/\\\/qtmm.org\\\/qt\\\/#\\\/schema\\\/person\\\/e19a16971e1d6077c60771108a0c2eb1\",\"name\":\"milena\",\"image\":{\"@type\":\"ImageObject\",\"inLanguage\":\"qt\",\"@id\":\"https:\\\/\\\/secure.gravatar.com\\\/avatar\\\/a1c72d47914b6ffa21f1246920d5cff572eced8dc7c4ef1b629898b5a8c18fa5?s=96&d=mm&r=g\",\"url\":\"https:\\\/\\\/secure.gravatar.com\\\/avatar\\\/a1c72d47914b6ffa21f1246920d5cff572eced8dc7c4ef1b629898b5a8c18fa5?s=96&d=mm&r=g\",\"contentUrl\":\"https:\\\/\\\/secure.gravatar.com\\\/avatar\\\/a1c72d47914b6ffa21f1246920d5cff572eced8dc7c4ef1b629898b5a8c18fa5?s=96&d=mm&r=g\",\"caption\":\"milena\"},\"url\":\"https:\\\/\\\/qtmm.org\\\/qt\\\/author\\\/milena\\\/\"}]}<\/script>\n<!-- \/ Yoast SEO plugin. -->","yoast_head_json":{"title":"Ukrainada Q\u0131r\u0131mtatar tili milliy korpus\u0131 yarat\u0131lacaq - \u041c\u0435\u0434\u0436\u043b\u0456\u0441","robots":{"index":"index","follow":"follow","max-snippet":"max-snippet:-1","max-image-preview":"max-image-preview:large","max-video-preview":"max-video-preview:-1"},"canonical":"https:\/\/qtmm.org\/qt\/ukrainada-qirimtatar-tili-milliy-korpusi-yaratilacaq\/","og_locale":"en_US","og_type":"article","og_title":"Ukrainada Q\u0131r\u0131mtatar tili milliy korpus\u0131 yarat\u0131lacaq - \u041c\u0435\u0434\u0436\u043b\u0456\u0441","og_description":"Ukrainada Q\u0131r\u0131mtatar tili milliy korpus\u0131n\u0131 yaratuv i\u015fi ba\u015flad\u0131. Facebookta Prezidentni\u00f1 QMCde vekilligi bu aqq\u0131nda haber berdi. &#8211; QIRI&#8217;M YOUNG i\u00e7timaiy te\u015fkil\u00e2t\u0131, Q\u0131r\u0131mtatar tili milliy korpus\u0131 leyhas\u0131 \u00fczerinde \u00e7al\u0131\u015fma\u011fa ba\u015flad\u0131. Korpus &#8211; keni\u015f mal\u00fcmat bazas\u0131n\u0131\u00f1 (\u015fu c\u00fcmleden, metinlerni\u00f1) talili vastas\u0131nen til\u015f\u0131naslar\u011fa tilni zemaneviy ara\u015ft\u0131ruv aletidir, &#8211; beyanatta yaz\u0131ld\u0131. M\u00fcessise bildirdi ki, leyhan\u0131\u00f1 maqsad\u0131 &#8211; q\u0131r\u0131mtatar tilini\u00f1 [&hellip;]","og_url":"https:\/\/qtmm.org\/qt\/ukrainada-qirimtatar-tili-milliy-korpusi-yaratilacaq\/","og_site_name":"\u041c\u0435\u0434\u0436\u043b\u0456\u0441","article_publisher":"https:\/\/www.facebook.com\/qtmm.info\/","article_published_time":"2023-01-24T19:19:17+00:00","article_modified_time":"2023-01-24T19:19:58+00:00","og_image":[{"width":820,"height":473,"url":"https:\/\/qtmm.org\/wp-content\/uploads\/2023\/01\/289669584_10227187275096761_9166722186330893613_n-820x473-1.jpg","type":"image\/jpeg"}],"author":"milena","twitter_card":"summary_large_image","twitter_misc":{"Written by":"milena","Est. reading time":"1 minute"},"schema":{"@context":"https:\/\/schema.org","@graph":[{"@type":"Article","@id":"https:\/\/qtmm.org\/qt\/ukrainada-qirimtatar-tili-milliy-korpusi-yaratilacaq\/#article","isPartOf":{"@id":"https:\/\/qtmm.org\/qt\/ukrainada-qirimtatar-tili-milliy-korpusi-yaratilacaq\/"},"author":{"name":"milena","@id":"https:\/\/qtmm.org\/qt\/#\/schema\/person\/e19a16971e1d6077c60771108a0c2eb1"},"headline":"Ukrainada Q\u0131r\u0131mtatar tili milliy korpus\u0131 yarat\u0131lacaq","datePublished":"2023-01-24T19:19:17+00:00","dateModified":"2023-01-24T19:19:58+00:00","mainEntityOfPage":{"@id":"https:\/\/qtmm.org\/qt\/ukrainada-qirimtatar-tili-milliy-korpusi-yaratilacaq\/"},"wordCount":180,"commentCount":0,"publisher":{"@id":"https:\/\/qtmm.org\/qt\/#organization"},"image":{"@id":"https:\/\/qtmm.org\/qt\/ukrainada-qirimtatar-tili-milliy-korpusi-yaratilacaq\/#primaryimage"},"thumbnailUrl":"https:\/\/qtmm.org\/wp-content\/uploads\/2023\/01\/289669584_10227187275096761_9166722186330893613_n-820x473-1.jpg","articleSection":["Haberler"],"inLanguage":"qt","potentialAction":[{"@type":"CommentAction","name":"Comment","target":["https:\/\/qtmm.org\/qt\/ukrainada-qirimtatar-tili-milliy-korpusi-yaratilacaq\/#respond"]}]},{"@type":"WebPage","@id":"https:\/\/qtmm.org\/qt\/ukrainada-qirimtatar-tili-milliy-korpusi-yaratilacaq\/","url":"https:\/\/qtmm.org\/qt\/ukrainada-qirimtatar-tili-milliy-korpusi-yaratilacaq\/","name":"Ukrainada Q\u0131r\u0131mtatar tili milliy korpus\u0131 yarat\u0131lacaq - \u041c\u0435\u0434\u0436\u043b\u0456\u0441","isPartOf":{"@id":"https:\/\/qtmm.org\/qt\/#website"},"primaryImageOfPage":{"@id":"https:\/\/qtmm.org\/qt\/ukrainada-qirimtatar-tili-milliy-korpusi-yaratilacaq\/#primaryimage"},"image":{"@id":"https:\/\/qtmm.org\/qt\/ukrainada-qirimtatar-tili-milliy-korpusi-yaratilacaq\/#primaryimage"},"thumbnailUrl":"https:\/\/qtmm.org\/wp-content\/uploads\/2023\/01\/289669584_10227187275096761_9166722186330893613_n-820x473-1.jpg","datePublished":"2023-01-24T19:19:17+00:00","dateModified":"2023-01-24T19:19:58+00:00","breadcrumb":{"@id":"https:\/\/qtmm.org\/qt\/ukrainada-qirimtatar-tili-milliy-korpusi-yaratilacaq\/#breadcrumb"},"inLanguage":"qt","potentialAction":[{"@type":"ReadAction","target":["https:\/\/qtmm.org\/qt\/ukrainada-qirimtatar-tili-milliy-korpusi-yaratilacaq\/"]}]},{"@type":"ImageObject","inLanguage":"qt","@id":"https:\/\/qtmm.org\/qt\/ukrainada-qirimtatar-tili-milliy-korpusi-yaratilacaq\/#primaryimage","url":"https:\/\/qtmm.org\/wp-content\/uploads\/2023\/01\/289669584_10227187275096761_9166722186330893613_n-820x473-1.jpg","contentUrl":"https:\/\/qtmm.org\/wp-content\/uploads\/2023\/01\/289669584_10227187275096761_9166722186330893613_n-820x473-1.jpg","width":820,"height":473},{"@type":"BreadcrumbList","@id":"https:\/\/qtmm.org\/qt\/ukrainada-qirimtatar-tili-milliy-korpusi-yaratilacaq\/#breadcrumb","itemListElement":[{"@type":"ListItem","position":1,"name":"\u0413\u043e\u043b\u043e\u0432\u043d\u0430","item":"https:\/\/qtmm.org\/qt\/"},{"@type":"ListItem","position":2,"name":"Ukrainada Q\u0131r\u0131mtatar tili milliy korpus\u0131 yarat\u0131lacaq"}]},{"@type":"WebSite","@id":"https:\/\/qtmm.org\/qt\/#website","url":"https:\/\/qtmm.org\/qt\/","name":"\u041c\u0435\u0434\u0436\u043b\u0456\u0441","description":"","publisher":{"@id":"https:\/\/qtmm.org\/qt\/#organization"},"potentialAction":[{"@type":"SearchAction","target":{"@type":"EntryPoint","urlTemplate":"https:\/\/qtmm.org\/qt\/?s={search_term_string}"},"query-input":{"@type":"PropertyValueSpecification","valueRequired":true,"valueName":"search_term_string"}}],"inLanguage":"qt"},{"@type":"Organization","@id":"https:\/\/qtmm.org\/qt\/#organization","name":"\u041c\u0435\u0434\u0436\u043b\u0456\u0441","url":"https:\/\/qtmm.org\/qt\/","logo":{"@type":"ImageObject","inLanguage":"qt","@id":"https:\/\/qtmm.org\/qt\/#\/schema\/logo\/image\/","url":"https:\/\/qtmm.org\/wp-content\/uploads\/2024\/12\/ua-mejlis-logo-rgb.svg","contentUrl":"https:\/\/qtmm.org\/wp-content\/uploads\/2024\/12\/ua-mejlis-logo-rgb.svg","caption":"\u041c\u0435\u0434\u0436\u043b\u0456\u0441"},"image":{"@id":"https:\/\/qtmm.org\/qt\/#\/schema\/logo\/image\/"},"sameAs":["https:\/\/www.facebook.com\/qtmm.info\/"]},{"@type":"Person","@id":"https:\/\/qtmm.org\/qt\/#\/schema\/person\/e19a16971e1d6077c60771108a0c2eb1","name":"milena","image":{"@type":"ImageObject","inLanguage":"qt","@id":"https:\/\/secure.gravatar.com\/avatar\/a1c72d47914b6ffa21f1246920d5cff572eced8dc7c4ef1b629898b5a8c18fa5?s=96&d=mm&r=g","url":"https:\/\/secure.gravatar.com\/avatar\/a1c72d47914b6ffa21f1246920d5cff572eced8dc7c4ef1b629898b5a8c18fa5?s=96&d=mm&r=g","contentUrl":"https:\/\/secure.gravatar.com\/avatar\/a1c72d47914b6ffa21f1246920d5cff572eced8dc7c4ef1b629898b5a8c18fa5?s=96&d=mm&r=g","caption":"milena"},"url":"https:\/\/qtmm.org\/qt\/author\/milena\/"}]}},"_links":{"self":[{"href":"https:\/\/qtmm.org\/qt\/wp-json\/wp\/v2\/posts\/78377","targetHints":{"allow":["GET"]}}],"collection":[{"href":"https:\/\/qtmm.org\/qt\/wp-json\/wp\/v2\/posts"}],"about":[{"href":"https:\/\/qtmm.org\/qt\/wp-json\/wp\/v2\/types\/post"}],"author":[{"embeddable":true,"href":"https:\/\/qtmm.org\/qt\/wp-json\/wp\/v2\/users\/6"}],"replies":[{"embeddable":true,"href":"https:\/\/qtmm.org\/qt\/wp-json\/wp\/v2\/comments?post=78377"}],"version-history":[{"count":3,"href":"https:\/\/qtmm.org\/qt\/wp-json\/wp\/v2\/posts\/78377\/revisions"}],"predecessor-version":[{"id":78380,"href":"https:\/\/qtmm.org\/qt\/wp-json\/wp\/v2\/posts\/78377\/revisions\/78380"}],"wp:featuredmedia":[{"embeddable":true,"href":"https:\/\/qtmm.org\/qt\/wp-json\/wp\/v2\/media\/78073"}],"wp:attachment":[{"href":"https:\/\/qtmm.org\/qt\/wp-json\/wp\/v2\/media?parent=78377"}],"wp:term":[{"taxonomy":"category","embeddable":true,"href":"https:\/\/qtmm.org\/qt\/wp-json\/wp\/v2\/categories?post=78377"},{"taxonomy":"post_tag","embeddable":true,"href":"https:\/\/qtmm.org\/qt\/wp-json\/wp\/v2\/tags?post=78377"}],"curies":[{"name":"wp","href":"https:\/\/api.w.org\/{rel}","templated":true}]}}