




{"id":78355,"date":"2023-01-23T17:37:30","date_gmt":"2023-01-23T14:37:30","guid":{"rendered":"https:\/\/qtmm.org\/?p=78355"},"modified":"2023-01-23T17:37:32","modified_gmt":"2023-01-23T14:37:32","slug":"cebede-qirim-arbiy-mahsus-boluginin-askeri-seyran-kadirov-telef-oldi","status":"publish","type":"post","link":"https:\/\/qtmm.org\/qt\/cebede-qirim-arbiy-mahsus-boluginin-askeri-seyran-kadirov-telef-oldi\/","title":{"rendered":"Cebede &#8220;Q\u0131r\u0131m&#8221; arbiy mahsus b\u00f6l\u00fcgini\u00f1 askeri Seyran Kad\u0131rov telef old\u0131"},"content":{"rendered":"\n<p>Ukraina Mudafaa nazirligini\u00f1 \u0130stihbarat ba\u015f idaresini\u00f1 &#8220;Q\u0131r\u0131m&#8221; mahsus b\u00f6l\u00fcgini\u00f1&nbsp;askeri, q\u0131r\u0131mtatar Seyran Kad\u0131rov Vatan\u0131n\u0131 rus i\u015f\u011falcilerinden qor\u00e7ala\u011fanda telef old\u0131.<\/p>\n\n\n\n<p>Kad\u0131rov \u00f6l\u00fcminden so\u00f1 &#8220;Arbiy muvafaqiyetler i\u00e7\u00fcn&#8221; medalinen muk\u00e2fatland\u0131r\u0131ld\u0131.<\/p>\n\n\n\n<p>Yanvar ay\u0131n\u0131\u00f1 22-sinde Ukraina Birle\u015fme k\u00fcn\u00fc ukrain qaraman\u0131, Ukraina MNni\u00f1 \u0130B\u0130ni\u00f1&nbsp;&#8220;Q\u0131r\u0131m&#8221; mahsus b\u00f6l\u00fcgini\u00f1 askeri Seyran Kad\u0131rovnen vedala\u015fma merasim ke\u00e7irildi.<\/p>\n\n\n\n<blockquote class=\"wp-block-quote is-layout-flow wp-block-quote-is-layout-flow\"><p><em>&#8211; O, rusiyeni\u00f1 i\u015f\u011fal etkeni Q\u0131r\u0131mn\u0131\u00f1 Alu\u015fta \u015feeri t\u00fcb\u00fcndeki K\u00fc\u00e7\u00fck \u00d6zen (Malori\u00e7esnke) k\u00f6y\u00fcni \u00f6zley ve b\u00fct\u00fcn qorantas\u0131nen beraber b\u00fcy\u00fcgeni q\u0131r\u0131m evine qaytaca\u011f\u0131, aqrabalar\u0131 ve dostlar\u0131n\u0131 qu\u00e7aqlayca\u011f\u0131 aqq\u0131nda hayal ete edi, <\/em>&#8211; Refat \u00c7ubarov \u00f6z Facebook saifesinde yazd\u0131.<\/p><\/blockquote>\n\n\n\n<p>Allah rahmet eylesin!<\/p>\n\n\n\n<figure class=\"wp-block-gallery has-nested-images columns-default is-cropped wp-block-gallery-1 is-layout-flex wp-block-gallery-is-layout-flex\">\n<figure class=\"wp-block-image size-large\"><img loading=\"lazy\" decoding=\"async\" width=\"717\" height=\"1024\" data-id=\"78358\" src=\"https:\/\/qtmm.org\/wp-content\/uploads\/2023\/01\/323131649_518062143807234_2968331282587624024_n-1-717x1024.jpg\" alt=\"\" class=\"wp-image-78358\" srcset=\"https:\/\/qtmm.org\/wp-content\/uploads\/2023\/01\/323131649_518062143807234_2968331282587624024_n-1-717x1024.jpg 717w, https:\/\/qtmm.org\/wp-content\/uploads\/2023\/01\/323131649_518062143807234_2968331282587624024_n-1-210x300.jpg 210w, https:\/\/qtmm.org\/wp-content\/uploads\/2023\/01\/323131649_518062143807234_2968331282587624024_n-1-768x1097.jpg 768w, https:\/\/qtmm.org\/wp-content\/uploads\/2023\/01\/323131649_518062143807234_2968331282587624024_n-1-1075x1536.jpg 1075w, https:\/\/qtmm.org\/wp-content\/uploads\/2023\/01\/323131649_518062143807234_2968331282587624024_n-1.jpg 1120w\" sizes=\"auto, (max-width: 717px) 100vw, 717px\" \/><\/figure>\n\n\n\n<figure class=\"wp-block-image size-large\"><img loading=\"lazy\" decoding=\"async\" width=\"532\" height=\"960\" data-id=\"78356\" src=\"https:\/\/qtmm.org\/wp-content\/uploads\/2023\/01\/326312472_945996086390453_5159483057306898306_n-1.jpg\" alt=\"\" class=\"wp-image-78356\" srcset=\"https:\/\/qtmm.org\/wp-content\/uploads\/2023\/01\/326312472_945996086390453_5159483057306898306_n-1.jpg 532w, https:\/\/qtmm.org\/wp-content\/uploads\/2023\/01\/326312472_945996086390453_5159483057306898306_n-1-166x300.jpg 166w\" sizes=\"auto, (max-width: 532px) 100vw, 532px\" \/><\/figure>\n\n\n\n<figure class=\"wp-block-image size-large\"><img loading=\"lazy\" decoding=\"async\" width=\"768\" height=\"1024\" data-id=\"78357\" src=\"https:\/\/qtmm.org\/wp-content\/uploads\/2023\/01\/324018371_1321557838503683_2507425530590680058_n-1-768x1024.jpg\" alt=\"\" class=\"wp-image-78357\" srcset=\"https:\/\/qtmm.org\/wp-content\/uploads\/2023\/01\/324018371_1321557838503683_2507425530590680058_n-1-768x1024.jpg 768w, https:\/\/qtmm.org\/wp-content\/uploads\/2023\/01\/324018371_1321557838503683_2507425530590680058_n-1-225x300.jpg 225w, https:\/\/qtmm.org\/wp-content\/uploads\/2023\/01\/324018371_1321557838503683_2507425530590680058_n-1-1152x1536.jpg 1152w, https:\/\/qtmm.org\/wp-content\/uploads\/2023\/01\/324018371_1321557838503683_2507425530590680058_n-1.jpg 1200w\" sizes=\"auto, (max-width: 768px) 100vw, 768px\" \/><\/figure>\n<\/figure>\n","protected":false},"excerpt":{"rendered":"<p>Ukraina Mudafaa nazirligini\u00f1 \u0130stihbarat ba\u015f idaresini\u00f1 &#8220;Q\u0131r\u0131m&#8221; mahsus b\u00f6l\u00fcgini\u00f1&nbsp;askeri, q\u0131r\u0131mtatar Seyran Kad\u0131rov Vatan\u0131n\u0131 rus i\u015f\u011falcilerinden qor\u00e7ala\u011fanda telef old\u0131. Kad\u0131rov \u00f6l\u00fcminden so\u00f1 &#8220;Arbiy muvafaqiyetler i\u00e7\u00fcn&#8221; medalinen muk\u00e2fatland\u0131r\u0131ld\u0131. Yanvar ay\u0131n\u0131\u00f1 22-sinde Ukraina Birle\u015fme k\u00fcn\u00fc ukrain qaraman\u0131, Ukraina MNni\u00f1 \u0130B\u0130ni\u00f1&nbsp;&#8220;Q\u0131r\u0131m&#8221; mahsus b\u00f6l\u00fcgini\u00f1 askeri Seyran Kad\u0131rovnen vedala\u015fma merasim ke\u00e7irildi. &#8211; O, rusiyeni\u00f1 i\u015f\u011fal etkeni Q\u0131r\u0131mn\u0131\u00f1 Alu\u015fta \u015feeri t\u00fcb\u00fcndeki K\u00fc\u00e7\u00fck [&hellip;]<\/p>\n","protected":false},"author":6,"featured_media":78352,"comment_status":"open","ping_status":"open","sticky":false,"template":"","format":"standard","meta":{"inline_featured_image":false,"footnotes":""},"categories":[265],"tags":[],"class_list":["post-78355","post","type-post","status-publish","format-standard","has-post-thumbnail","hentry","category-haberler"],"acf":[],"yoast_head":"<!-- This site is optimized with the Yoast SEO plugin v27.4 - https:\/\/yoast.com\/product\/yoast-seo-wordpress\/ -->\n<title>Cebede &quot;Q\u0131r\u0131m&quot; arbiy mahsus b\u00f6l\u00fcgini\u00f1 askeri Seyran Kad\u0131rov telef old\u0131 - \u041c\u0435\u0434\u0436\u043b\u0456\u0441<\/title>\n<meta name=\"robots\" content=\"index, follow, max-snippet:-1, max-image-preview:large, max-video-preview:-1\" \/>\n<link rel=\"canonical\" href=\"https:\/\/qtmm.org\/qt\/cebede-qirim-arbiy-mahsus-boluginin-askeri-seyran-kadirov-telef-oldi\/\" \/>\n<meta property=\"og:locale\" content=\"en_US\" \/>\n<meta property=\"og:type\" content=\"article\" \/>\n<meta property=\"og:title\" content=\"Cebede &quot;Q\u0131r\u0131m&quot; arbiy mahsus b\u00f6l\u00fcgini\u00f1 askeri Seyran Kad\u0131rov telef old\u0131 - \u041c\u0435\u0434\u0436\u043b\u0456\u0441\" \/>\n<meta property=\"og:description\" content=\"Ukraina Mudafaa nazirligini\u00f1 \u0130stihbarat ba\u015f idaresini\u00f1 &#8220;Q\u0131r\u0131m&#8221; mahsus b\u00f6l\u00fcgini\u00f1&nbsp;askeri, q\u0131r\u0131mtatar Seyran Kad\u0131rov Vatan\u0131n\u0131 rus i\u015f\u011falcilerinden qor\u00e7ala\u011fanda telef old\u0131. Kad\u0131rov \u00f6l\u00fcminden so\u00f1 &#8220;Arbiy muvafaqiyetler i\u00e7\u00fcn&#8221; medalinen muk\u00e2fatland\u0131r\u0131ld\u0131. Yanvar ay\u0131n\u0131\u00f1 22-sinde Ukraina Birle\u015fme k\u00fcn\u00fc ukrain qaraman\u0131, Ukraina MNni\u00f1 \u0130B\u0130ni\u00f1&nbsp;&#8220;Q\u0131r\u0131m&#8221; mahsus b\u00f6l\u00fcgini\u00f1 askeri Seyran Kad\u0131rovnen vedala\u015fma merasim ke\u00e7irildi. &#8211; O, rusiyeni\u00f1 i\u015f\u011fal etkeni Q\u0131r\u0131mn\u0131\u00f1 Alu\u015fta \u015feeri t\u00fcb\u00fcndeki K\u00fc\u00e7\u00fck [&hellip;]\" \/>\n<meta property=\"og:url\" content=\"https:\/\/qtmm.org\/qt\/cebede-qirim-arbiy-mahsus-boluginin-askeri-seyran-kadirov-telef-oldi\/\" \/>\n<meta property=\"og:site_name\" content=\"\u041c\u0435\u0434\u0436\u043b\u0456\u0441\" \/>\n<meta property=\"article:publisher\" content=\"https:\/\/www.facebook.com\/qtmm.info\/\" \/>\n<meta property=\"article:published_time\" content=\"2023-01-23T14:37:30+00:00\" \/>\n<meta property=\"article:modified_time\" content=\"2023-01-23T14:37:32+00:00\" \/>\n<meta property=\"og:image\" content=\"https:\/\/qtmm.org\/wp-content\/uploads\/2023\/01\/4ceecb554302bfea50440100e5706e9a3c5516b4.jpg\" \/>\n\t<meta property=\"og:image:width\" content=\"580\" \/>\n\t<meta property=\"og:image:height\" content=\"416\" \/>\n\t<meta property=\"og:image:type\" content=\"image\/jpeg\" \/>\n<meta name=\"author\" content=\"milena\" \/>\n<meta name=\"twitter:card\" content=\"summary_large_image\" \/>\n<meta name=\"twitter:label1\" content=\"Written by\" \/>\n\t<meta name=\"twitter:data1\" content=\"milena\" \/>\n\t<meta name=\"twitter:label2\" content=\"Est. reading time\" \/>\n\t<meta name=\"twitter:data2\" content=\"2 minutes\" \/>\n<script type=\"application\/ld+json\" class=\"yoast-schema-graph\">{\"@context\":\"https:\\\/\\\/schema.org\",\"@graph\":[{\"@type\":\"Article\",\"@id\":\"https:\\\/\\\/qtmm.org\\\/qt\\\/cebede-qirim-arbiy-mahsus-boluginin-askeri-seyran-kadirov-telef-oldi\\\/#article\",\"isPartOf\":{\"@id\":\"https:\\\/\\\/qtmm.org\\\/qt\\\/cebede-qirim-arbiy-mahsus-boluginin-askeri-seyran-kadirov-telef-oldi\\\/\"},\"author\":{\"name\":\"milena\",\"@id\":\"https:\\\/\\\/qtmm.org\\\/qt\\\/#\\\/schema\\\/person\\\/e19a16971e1d6077c60771108a0c2eb1\"},\"headline\":\"Cebede &#8220;Q\u0131r\u0131m&#8221; arbiy mahsus b\u00f6l\u00fcgini\u00f1 askeri Seyran Kad\u0131rov telef old\u0131\",\"datePublished\":\"2023-01-23T14:37:30+00:00\",\"dateModified\":\"2023-01-23T14:37:32+00:00\",\"mainEntityOfPage\":{\"@id\":\"https:\\\/\\\/qtmm.org\\\/qt\\\/cebede-qirim-arbiy-mahsus-boluginin-askeri-seyran-kadirov-telef-oldi\\\/\"},\"wordCount\":152,\"commentCount\":0,\"publisher\":{\"@id\":\"https:\\\/\\\/qtmm.org\\\/qt\\\/#organization\"},\"image\":{\"@id\":\"https:\\\/\\\/qtmm.org\\\/qt\\\/cebede-qirim-arbiy-mahsus-boluginin-askeri-seyran-kadirov-telef-oldi\\\/#primaryimage\"},\"thumbnailUrl\":\"https:\\\/\\\/qtmm.org\\\/wp-content\\\/uploads\\\/2023\\\/01\\\/4ceecb554302bfea50440100e5706e9a3c5516b4.jpg\",\"articleSection\":[\"Haberler\"],\"inLanguage\":\"qt\",\"potentialAction\":[{\"@type\":\"CommentAction\",\"name\":\"Comment\",\"target\":[\"https:\\\/\\\/qtmm.org\\\/qt\\\/cebede-qirim-arbiy-mahsus-boluginin-askeri-seyran-kadirov-telef-oldi\\\/#respond\"]}]},{\"@type\":\"WebPage\",\"@id\":\"https:\\\/\\\/qtmm.org\\\/qt\\\/cebede-qirim-arbiy-mahsus-boluginin-askeri-seyran-kadirov-telef-oldi\\\/\",\"url\":\"https:\\\/\\\/qtmm.org\\\/qt\\\/cebede-qirim-arbiy-mahsus-boluginin-askeri-seyran-kadirov-telef-oldi\\\/\",\"name\":\"Cebede \\\"Q\u0131r\u0131m\\\" arbiy mahsus b\u00f6l\u00fcgini\u00f1 askeri Seyran Kad\u0131rov telef old\u0131 - \u041c\u0435\u0434\u0436\u043b\u0456\u0441\",\"isPartOf\":{\"@id\":\"https:\\\/\\\/qtmm.org\\\/qt\\\/#website\"},\"primaryImageOfPage\":{\"@id\":\"https:\\\/\\\/qtmm.org\\\/qt\\\/cebede-qirim-arbiy-mahsus-boluginin-askeri-seyran-kadirov-telef-oldi\\\/#primaryimage\"},\"image\":{\"@id\":\"https:\\\/\\\/qtmm.org\\\/qt\\\/cebede-qirim-arbiy-mahsus-boluginin-askeri-seyran-kadirov-telef-oldi\\\/#primaryimage\"},\"thumbnailUrl\":\"https:\\\/\\\/qtmm.org\\\/wp-content\\\/uploads\\\/2023\\\/01\\\/4ceecb554302bfea50440100e5706e9a3c5516b4.jpg\",\"datePublished\":\"2023-01-23T14:37:30+00:00\",\"dateModified\":\"2023-01-23T14:37:32+00:00\",\"breadcrumb\":{\"@id\":\"https:\\\/\\\/qtmm.org\\\/qt\\\/cebede-qirim-arbiy-mahsus-boluginin-askeri-seyran-kadirov-telef-oldi\\\/#breadcrumb\"},\"inLanguage\":\"qt\",\"potentialAction\":[{\"@type\":\"ReadAction\",\"target\":[\"https:\\\/\\\/qtmm.org\\\/qt\\\/cebede-qirim-arbiy-mahsus-boluginin-askeri-seyran-kadirov-telef-oldi\\\/\"]}]},{\"@type\":\"ImageObject\",\"inLanguage\":\"qt\",\"@id\":\"https:\\\/\\\/qtmm.org\\\/qt\\\/cebede-qirim-arbiy-mahsus-boluginin-askeri-seyran-kadirov-telef-oldi\\\/#primaryimage\",\"url\":\"https:\\\/\\\/qtmm.org\\\/wp-content\\\/uploads\\\/2023\\\/01\\\/4ceecb554302bfea50440100e5706e9a3c5516b4.jpg\",\"contentUrl\":\"https:\\\/\\\/qtmm.org\\\/wp-content\\\/uploads\\\/2023\\\/01\\\/4ceecb554302bfea50440100e5706e9a3c5516b4.jpg\",\"width\":580,\"height\":416},{\"@type\":\"BreadcrumbList\",\"@id\":\"https:\\\/\\\/qtmm.org\\\/qt\\\/cebede-qirim-arbiy-mahsus-boluginin-askeri-seyran-kadirov-telef-oldi\\\/#breadcrumb\",\"itemListElement\":[{\"@type\":\"ListItem\",\"position\":1,\"name\":\"\u0413\u043e\u043b\u043e\u0432\u043d\u0430\",\"item\":\"https:\\\/\\\/qtmm.org\\\/qt\\\/\"},{\"@type\":\"ListItem\",\"position\":2,\"name\":\"Cebede &#8220;Q\u0131r\u0131m&#8221; arbiy mahsus b\u00f6l\u00fcgini\u00f1 askeri Seyran Kad\u0131rov telef old\u0131\"}]},{\"@type\":\"WebSite\",\"@id\":\"https:\\\/\\\/qtmm.org\\\/qt\\\/#website\",\"url\":\"https:\\\/\\\/qtmm.org\\\/qt\\\/\",\"name\":\"\u041c\u0435\u0434\u0436\u043b\u0456\u0441\",\"description\":\"\",\"publisher\":{\"@id\":\"https:\\\/\\\/qtmm.org\\\/qt\\\/#organization\"},\"potentialAction\":[{\"@type\":\"SearchAction\",\"target\":{\"@type\":\"EntryPoint\",\"urlTemplate\":\"https:\\\/\\\/qtmm.org\\\/qt\\\/?s={search_term_string}\"},\"query-input\":{\"@type\":\"PropertyValueSpecification\",\"valueRequired\":true,\"valueName\":\"search_term_string\"}}],\"inLanguage\":\"qt\"},{\"@type\":\"Organization\",\"@id\":\"https:\\\/\\\/qtmm.org\\\/qt\\\/#organization\",\"name\":\"\u041c\u0435\u0434\u0436\u043b\u0456\u0441\",\"url\":\"https:\\\/\\\/qtmm.org\\\/qt\\\/\",\"logo\":{\"@type\":\"ImageObject\",\"inLanguage\":\"qt\",\"@id\":\"https:\\\/\\\/qtmm.org\\\/qt\\\/#\\\/schema\\\/logo\\\/image\\\/\",\"url\":\"https:\\\/\\\/qtmm.org\\\/wp-content\\\/uploads\\\/2024\\\/12\\\/ua-mejlis-logo-rgb.svg\",\"contentUrl\":\"https:\\\/\\\/qtmm.org\\\/wp-content\\\/uploads\\\/2024\\\/12\\\/ua-mejlis-logo-rgb.svg\",\"caption\":\"\u041c\u0435\u0434\u0436\u043b\u0456\u0441\"},\"image\":{\"@id\":\"https:\\\/\\\/qtmm.org\\\/qt\\\/#\\\/schema\\\/logo\\\/image\\\/\"},\"sameAs\":[\"https:\\\/\\\/www.facebook.com\\\/qtmm.info\\\/\"]},{\"@type\":\"Person\",\"@id\":\"https:\\\/\\\/qtmm.org\\\/qt\\\/#\\\/schema\\\/person\\\/e19a16971e1d6077c60771108a0c2eb1\",\"name\":\"milena\",\"image\":{\"@type\":\"ImageObject\",\"inLanguage\":\"qt\",\"@id\":\"https:\\\/\\\/secure.gravatar.com\\\/avatar\\\/a1c72d47914b6ffa21f1246920d5cff572eced8dc7c4ef1b629898b5a8c18fa5?s=96&d=mm&r=g\",\"url\":\"https:\\\/\\\/secure.gravatar.com\\\/avatar\\\/a1c72d47914b6ffa21f1246920d5cff572eced8dc7c4ef1b629898b5a8c18fa5?s=96&d=mm&r=g\",\"contentUrl\":\"https:\\\/\\\/secure.gravatar.com\\\/avatar\\\/a1c72d47914b6ffa21f1246920d5cff572eced8dc7c4ef1b629898b5a8c18fa5?s=96&d=mm&r=g\",\"caption\":\"milena\"},\"url\":\"https:\\\/\\\/qtmm.org\\\/qt\\\/author\\\/milena\\\/\"}]}<\/script>\n<!-- \/ Yoast SEO plugin. -->","yoast_head_json":{"title":"Cebede \"Q\u0131r\u0131m\" arbiy mahsus b\u00f6l\u00fcgini\u00f1 askeri Seyran Kad\u0131rov telef old\u0131 - \u041c\u0435\u0434\u0436\u043b\u0456\u0441","robots":{"index":"index","follow":"follow","max-snippet":"max-snippet:-1","max-image-preview":"max-image-preview:large","max-video-preview":"max-video-preview:-1"},"canonical":"https:\/\/qtmm.org\/qt\/cebede-qirim-arbiy-mahsus-boluginin-askeri-seyran-kadirov-telef-oldi\/","og_locale":"en_US","og_type":"article","og_title":"Cebede \"Q\u0131r\u0131m\" arbiy mahsus b\u00f6l\u00fcgini\u00f1 askeri Seyran Kad\u0131rov telef old\u0131 - \u041c\u0435\u0434\u0436\u043b\u0456\u0441","og_description":"Ukraina Mudafaa nazirligini\u00f1 \u0130stihbarat ba\u015f idaresini\u00f1 &#8220;Q\u0131r\u0131m&#8221; mahsus b\u00f6l\u00fcgini\u00f1&nbsp;askeri, q\u0131r\u0131mtatar Seyran Kad\u0131rov Vatan\u0131n\u0131 rus i\u015f\u011falcilerinden qor\u00e7ala\u011fanda telef old\u0131. Kad\u0131rov \u00f6l\u00fcminden so\u00f1 &#8220;Arbiy muvafaqiyetler i\u00e7\u00fcn&#8221; medalinen muk\u00e2fatland\u0131r\u0131ld\u0131. Yanvar ay\u0131n\u0131\u00f1 22-sinde Ukraina Birle\u015fme k\u00fcn\u00fc ukrain qaraman\u0131, Ukraina MNni\u00f1 \u0130B\u0130ni\u00f1&nbsp;&#8220;Q\u0131r\u0131m&#8221; mahsus b\u00f6l\u00fcgini\u00f1 askeri Seyran Kad\u0131rovnen vedala\u015fma merasim ke\u00e7irildi. &#8211; O, rusiyeni\u00f1 i\u015f\u011fal etkeni Q\u0131r\u0131mn\u0131\u00f1 Alu\u015fta \u015feeri t\u00fcb\u00fcndeki K\u00fc\u00e7\u00fck [&hellip;]","og_url":"https:\/\/qtmm.org\/qt\/cebede-qirim-arbiy-mahsus-boluginin-askeri-seyran-kadirov-telef-oldi\/","og_site_name":"\u041c\u0435\u0434\u0436\u043b\u0456\u0441","article_publisher":"https:\/\/www.facebook.com\/qtmm.info\/","article_published_time":"2023-01-23T14:37:30+00:00","article_modified_time":"2023-01-23T14:37:32+00:00","og_image":[{"width":580,"height":416,"url":"https:\/\/qtmm.org\/wp-content\/uploads\/2023\/01\/4ceecb554302bfea50440100e5706e9a3c5516b4.jpg","type":"image\/jpeg"}],"author":"milena","twitter_card":"summary_large_image","twitter_misc":{"Written by":"milena","Est. reading time":"2 minutes"},"schema":{"@context":"https:\/\/schema.org","@graph":[{"@type":"Article","@id":"https:\/\/qtmm.org\/qt\/cebede-qirim-arbiy-mahsus-boluginin-askeri-seyran-kadirov-telef-oldi\/#article","isPartOf":{"@id":"https:\/\/qtmm.org\/qt\/cebede-qirim-arbiy-mahsus-boluginin-askeri-seyran-kadirov-telef-oldi\/"},"author":{"name":"milena","@id":"https:\/\/qtmm.org\/qt\/#\/schema\/person\/e19a16971e1d6077c60771108a0c2eb1"},"headline":"Cebede &#8220;Q\u0131r\u0131m&#8221; arbiy mahsus b\u00f6l\u00fcgini\u00f1 askeri Seyran Kad\u0131rov telef old\u0131","datePublished":"2023-01-23T14:37:30+00:00","dateModified":"2023-01-23T14:37:32+00:00","mainEntityOfPage":{"@id":"https:\/\/qtmm.org\/qt\/cebede-qirim-arbiy-mahsus-boluginin-askeri-seyran-kadirov-telef-oldi\/"},"wordCount":152,"commentCount":0,"publisher":{"@id":"https:\/\/qtmm.org\/qt\/#organization"},"image":{"@id":"https:\/\/qtmm.org\/qt\/cebede-qirim-arbiy-mahsus-boluginin-askeri-seyran-kadirov-telef-oldi\/#primaryimage"},"thumbnailUrl":"https:\/\/qtmm.org\/wp-content\/uploads\/2023\/01\/4ceecb554302bfea50440100e5706e9a3c5516b4.jpg","articleSection":["Haberler"],"inLanguage":"qt","potentialAction":[{"@type":"CommentAction","name":"Comment","target":["https:\/\/qtmm.org\/qt\/cebede-qirim-arbiy-mahsus-boluginin-askeri-seyran-kadirov-telef-oldi\/#respond"]}]},{"@type":"WebPage","@id":"https:\/\/qtmm.org\/qt\/cebede-qirim-arbiy-mahsus-boluginin-askeri-seyran-kadirov-telef-oldi\/","url":"https:\/\/qtmm.org\/qt\/cebede-qirim-arbiy-mahsus-boluginin-askeri-seyran-kadirov-telef-oldi\/","name":"Cebede \"Q\u0131r\u0131m\" arbiy mahsus b\u00f6l\u00fcgini\u00f1 askeri Seyran Kad\u0131rov telef old\u0131 - \u041c\u0435\u0434\u0436\u043b\u0456\u0441","isPartOf":{"@id":"https:\/\/qtmm.org\/qt\/#website"},"primaryImageOfPage":{"@id":"https:\/\/qtmm.org\/qt\/cebede-qirim-arbiy-mahsus-boluginin-askeri-seyran-kadirov-telef-oldi\/#primaryimage"},"image":{"@id":"https:\/\/qtmm.org\/qt\/cebede-qirim-arbiy-mahsus-boluginin-askeri-seyran-kadirov-telef-oldi\/#primaryimage"},"thumbnailUrl":"https:\/\/qtmm.org\/wp-content\/uploads\/2023\/01\/4ceecb554302bfea50440100e5706e9a3c5516b4.jpg","datePublished":"2023-01-23T14:37:30+00:00","dateModified":"2023-01-23T14:37:32+00:00","breadcrumb":{"@id":"https:\/\/qtmm.org\/qt\/cebede-qirim-arbiy-mahsus-boluginin-askeri-seyran-kadirov-telef-oldi\/#breadcrumb"},"inLanguage":"qt","potentialAction":[{"@type":"ReadAction","target":["https:\/\/qtmm.org\/qt\/cebede-qirim-arbiy-mahsus-boluginin-askeri-seyran-kadirov-telef-oldi\/"]}]},{"@type":"ImageObject","inLanguage":"qt","@id":"https:\/\/qtmm.org\/qt\/cebede-qirim-arbiy-mahsus-boluginin-askeri-seyran-kadirov-telef-oldi\/#primaryimage","url":"https:\/\/qtmm.org\/wp-content\/uploads\/2023\/01\/4ceecb554302bfea50440100e5706e9a3c5516b4.jpg","contentUrl":"https:\/\/qtmm.org\/wp-content\/uploads\/2023\/01\/4ceecb554302bfea50440100e5706e9a3c5516b4.jpg","width":580,"height":416},{"@type":"BreadcrumbList","@id":"https:\/\/qtmm.org\/qt\/cebede-qirim-arbiy-mahsus-boluginin-askeri-seyran-kadirov-telef-oldi\/#breadcrumb","itemListElement":[{"@type":"ListItem","position":1,"name":"\u0413\u043e\u043b\u043e\u0432\u043d\u0430","item":"https:\/\/qtmm.org\/qt\/"},{"@type":"ListItem","position":2,"name":"Cebede &#8220;Q\u0131r\u0131m&#8221; arbiy mahsus b\u00f6l\u00fcgini\u00f1 askeri Seyran Kad\u0131rov telef old\u0131"}]},{"@type":"WebSite","@id":"https:\/\/qtmm.org\/qt\/#website","url":"https:\/\/qtmm.org\/qt\/","name":"\u041c\u0435\u0434\u0436\u043b\u0456\u0441","description":"","publisher":{"@id":"https:\/\/qtmm.org\/qt\/#organization"},"potentialAction":[{"@type":"SearchAction","target":{"@type":"EntryPoint","urlTemplate":"https:\/\/qtmm.org\/qt\/?s={search_term_string}"},"query-input":{"@type":"PropertyValueSpecification","valueRequired":true,"valueName":"search_term_string"}}],"inLanguage":"qt"},{"@type":"Organization","@id":"https:\/\/qtmm.org\/qt\/#organization","name":"\u041c\u0435\u0434\u0436\u043b\u0456\u0441","url":"https:\/\/qtmm.org\/qt\/","logo":{"@type":"ImageObject","inLanguage":"qt","@id":"https:\/\/qtmm.org\/qt\/#\/schema\/logo\/image\/","url":"https:\/\/qtmm.org\/wp-content\/uploads\/2024\/12\/ua-mejlis-logo-rgb.svg","contentUrl":"https:\/\/qtmm.org\/wp-content\/uploads\/2024\/12\/ua-mejlis-logo-rgb.svg","caption":"\u041c\u0435\u0434\u0436\u043b\u0456\u0441"},"image":{"@id":"https:\/\/qtmm.org\/qt\/#\/schema\/logo\/image\/"},"sameAs":["https:\/\/www.facebook.com\/qtmm.info\/"]},{"@type":"Person","@id":"https:\/\/qtmm.org\/qt\/#\/schema\/person\/e19a16971e1d6077c60771108a0c2eb1","name":"milena","image":{"@type":"ImageObject","inLanguage":"qt","@id":"https:\/\/secure.gravatar.com\/avatar\/a1c72d47914b6ffa21f1246920d5cff572eced8dc7c4ef1b629898b5a8c18fa5?s=96&d=mm&r=g","url":"https:\/\/secure.gravatar.com\/avatar\/a1c72d47914b6ffa21f1246920d5cff572eced8dc7c4ef1b629898b5a8c18fa5?s=96&d=mm&r=g","contentUrl":"https:\/\/secure.gravatar.com\/avatar\/a1c72d47914b6ffa21f1246920d5cff572eced8dc7c4ef1b629898b5a8c18fa5?s=96&d=mm&r=g","caption":"milena"},"url":"https:\/\/qtmm.org\/qt\/author\/milena\/"}]}},"_links":{"self":[{"href":"https:\/\/qtmm.org\/qt\/wp-json\/wp\/v2\/posts\/78355","targetHints":{"allow":["GET"]}}],"collection":[{"href":"https:\/\/qtmm.org\/qt\/wp-json\/wp\/v2\/posts"}],"about":[{"href":"https:\/\/qtmm.org\/qt\/wp-json\/wp\/v2\/types\/post"}],"author":[{"embeddable":true,"href":"https:\/\/qtmm.org\/qt\/wp-json\/wp\/v2\/users\/6"}],"replies":[{"embeddable":true,"href":"https:\/\/qtmm.org\/qt\/wp-json\/wp\/v2\/comments?post=78355"}],"version-history":[{"count":1,"href":"https:\/\/qtmm.org\/qt\/wp-json\/wp\/v2\/posts\/78355\/revisions"}],"predecessor-version":[{"id":78362,"href":"https:\/\/qtmm.org\/qt\/wp-json\/wp\/v2\/posts\/78355\/revisions\/78362"}],"wp:featuredmedia":[{"embeddable":true,"href":"https:\/\/qtmm.org\/qt\/wp-json\/wp\/v2\/media\/78352"}],"wp:attachment":[{"href":"https:\/\/qtmm.org\/qt\/wp-json\/wp\/v2\/media?parent=78355"}],"wp:term":[{"taxonomy":"category","embeddable":true,"href":"https:\/\/qtmm.org\/qt\/wp-json\/wp\/v2\/categories?post=78355"},{"taxonomy":"post_tag","embeddable":true,"href":"https:\/\/qtmm.org\/qt\/wp-json\/wp\/v2\/tags?post=78355"}],"curies":[{"name":"wp","href":"https:\/\/api.w.org\/{rel}","templated":true}]}}