




{"id":78339,"date":"2023-01-23T17:28:52","date_gmt":"2023-01-23T14:28:52","guid":{"rendered":"https:\/\/qtmm.org\/?p=78339"},"modified":"2023-01-23T17:29:15","modified_gmt":"2023-01-23T14:29:15","slug":"bulgaristan-qirim-koprundeki-patlamanin-taqiqatinin-neticelerini-yayinladi","status":"publish","type":"post","link":"https:\/\/qtmm.org\/qt\/bulgaristan-qirim-koprundeki-patlamanin-taqiqatinin-neticelerini-yayinladi\/","title":{"rendered":"Bul\u011faristan Q\u0131r\u0131m k\u00f6pr\u00fcndeki patlaman\u0131\u00f1 taqiqat\u0131n\u0131\u00f1 neticelerini yay\u0131nlad\u0131"},"content":{"rendered":"\n<p>rusiye Taqiqat eyyetini\u00f1, Keri\u00e7 k\u00f6pr\u00fcnde Bul\u011faistandan kelgen y\u00fck ma\u015fnas\u0131n\u0131\u00f1 sanki patla\u011fan\u0131 iddia etilgen versiyas\u0131 yanl\u0131\u015f ol\u011fan\u0131n\u0131 istablana.<\/p>\n\n\n\n<p>Bul\u011faristan taqiq etip Kermlni\u00f1 Keri\u00e7 k\u00f6p\u00fcnde patla\u011fan y\u00fck ma\u015fnas\u0131n\u0131\u00f1 mar\u015frut\u0131n\u0131\u00f1 Bul\u011faristanda ba\u015fla\u011fan\u0131n\u0131 do\u011fru olma\u011fan\u0131n\u0131 isbatlad\u0131. Bul\u011faristann\u0131\u00f1 ba\u015f prokuror\u0131 \u0130van He\u015fev bun\u0131 <a href=\"https:\/\/twitter.com\/IvanGeshevPG\/status\/1617105364398252034\">bildirdi<\/a>, dep <a href=\"https:\/\/zn.ua\/ukr\/ECONOMICS\/vibukh-na-kerchenskomu-mostu-u-bolhariji-opriljudnili-rezultati-vlasnoho-rozsliduvannja.html\">ZN.UA<\/a> yazd\u0131.<\/p>\n\n\n\n<blockquote class=\"wp-block-quote is-layout-flow wp-block-quote-is-layout-flow\"><p><em>&#8211; Sofiya \u015feer prokurorl\u0131\u011f\u0131ndan zenaatda\u015flar, Bul\u011faristann\u0131\u00f1 Q\u0131r\u0131m (Keri\u00e7 &#8211; muarrir) k\u00f6pr\u00fcndeki patlama\u011fa ait olma\u011fan\u0131n\u0131 keskin tarzda tesbit etti. Bu, avropa cemaat\u0131na daa bir rus hibrid \u00fcc\u00fcmidir, &#8211;<\/em> dep He\u015fev qayd etti.<\/p><\/blockquote>\n\n\n\n<figure class=\"wp-block-embed is-type-rich is-provider-twitter wp-block-embed-twitter\"><div class=\"wp-block-embed__wrapper\">\n<blockquote class=\"twitter-tweet\" data-width=\"550\" data-dnt=\"true\"><p lang=\"bg\" dir=\"ltr\">\u041a\u043e\u043b\u0435\u0433\u0438\u0442\u0435 \u043e\u0442 \u0421\u043e\u0444\u0438\u0439\u0441\u043a\u0430\u0442\u0430 \u0433\u0440\u0430\u0434\u0441\u043a\u0430 \u043f\u0440\u043e\u043a\u0443\u0440\u0430\u0442\u0443\u0440\u0430 \u043a\u0430\u0442\u0435\u0433\u043e\u0440\u0438\u0447\u043d\u043e \u0443\u0441\u0442\u0430\u043d\u043e\u0432\u0438\u0445\u0430, \u0447\u0435 \u0411\u044a\u043b\u0433\u0430\u0440\u0438\u044f \ud83c\udde7\ud83c\uddec \u043d\u044f\u043c\u0430 \u043d\u0438\u0449\u043e \u043e\u0431\u0449\u043e \u0441 \u0432\u0437\u0440\u0438\u0432\u0430 \u043d\u0430 \u041a\u0440\u0438\u043c\u0441\u043a\u0438\u044f \u043c\u043e\u0441\u0442. \u0422\u043e\u0432\u0430 \u0435 \u043f\u043e\u0440\u0435\u0434\u043d\u0430\u0442\u0430 \u0440\u0443\u0441\u043a\u0430 \u0445\u0438\u0431\u0440\u0438\u0434\u043d\u0430 \u0430\u0442\u0430\u043a\u0430 \u0441\u0440\u0435\u0449\u0443 \u0435\u0432\u0440\u043e\u043f\u0435\u0439\u0441\u043a\u0430\u0442\u0430 \u043e\u0431\u0449\u043d\u043e\u0441\u0442 \ud83c\uddea\ud83c\uddfa.<\/p>&mdash; \u0418\u0432\u0430\u043d \u0413\u0435\u0448\u0435\u0432 \/ Ivan Geshev (@GeshevI) <a href=\"https:\/\/twitter.com\/GeshevI\/status\/1617105364398252034?ref_src=twsrc%5Etfw\">January 22, 2023<\/a><\/blockquote><script async src=\"https:\/\/platform.twitter.com\/widgets.js\" charset=\"utf-8\"><\/script>\n<\/div><\/figure>\n\n\n\n<p>Hat\u0131rlatam\u0131z ki, okt\u00e2br ay\u0131n\u0131\u00f1 8-inde saba maalinde Q\u0131r\u0131m k\u00f6pr\u00fcnde patlama old\u0131 ve neticesinde yan\u011f\u0131n ba\u015flad\u0131.<\/p>\n","protected":false},"excerpt":{"rendered":"<p>rusiye Taqiqat eyyetini\u00f1, Keri\u00e7 k\u00f6pr\u00fcnde Bul\u011faistandan kelgen y\u00fck ma\u015fnas\u0131n\u0131\u00f1 sanki patla\u011fan\u0131 iddia etilgen versiyas\u0131 yanl\u0131\u015f ol\u011fan\u0131n\u0131 istablana. Bul\u011faristan taqiq etip Kermlni\u00f1 Keri\u00e7 k\u00f6p\u00fcnde patla\u011fan y\u00fck ma\u015fnas\u0131n\u0131\u00f1 mar\u015frut\u0131n\u0131\u00f1 Bul\u011faristanda ba\u015fla\u011fan\u0131n\u0131 do\u011fru olma\u011fan\u0131n\u0131 isbatlad\u0131. Bul\u011faristann\u0131\u00f1 ba\u015f prokuror\u0131 \u0130van He\u015fev bun\u0131 bildirdi, dep ZN.UA yazd\u0131. &#8211; Sofiya \u015feer prokurorl\u0131\u011f\u0131ndan zenaatda\u015flar, Bul\u011faristann\u0131\u00f1 Q\u0131r\u0131m (Keri\u00e7 &#8211; muarrir) k\u00f6pr\u00fcndeki patlama\u011fa ait [&hellip;]<\/p>\n","protected":false},"author":6,"featured_media":76486,"comment_status":"open","ping_status":"open","sticky":false,"template":"","format":"standard","meta":{"inline_featured_image":false,"footnotes":""},"categories":[265],"tags":[],"class_list":["post-78339","post","type-post","status-publish","format-standard","has-post-thumbnail","hentry","category-haberler"],"acf":[],"yoast_head":"<!-- This site is optimized with the Yoast SEO plugin v27.4 - https:\/\/yoast.com\/product\/yoast-seo-wordpress\/ -->\n<title>Bul\u011faristan Q\u0131r\u0131m k\u00f6pr\u00fcndeki patlaman\u0131\u00f1 taqiqat\u0131n\u0131\u00f1 neticelerini yay\u0131nlad\u0131 - \u041c\u0435\u0434\u0436\u043b\u0456\u0441<\/title>\n<meta name=\"robots\" content=\"index, follow, max-snippet:-1, max-image-preview:large, max-video-preview:-1\" \/>\n<link rel=\"canonical\" href=\"https:\/\/qtmm.org\/qt\/bulgaristan-qirim-koprundeki-patlamanin-taqiqatinin-neticelerini-yayinladi\/\" \/>\n<meta property=\"og:locale\" content=\"en_US\" \/>\n<meta property=\"og:type\" content=\"article\" \/>\n<meta property=\"og:title\" content=\"Bul\u011faristan Q\u0131r\u0131m k\u00f6pr\u00fcndeki patlaman\u0131\u00f1 taqiqat\u0131n\u0131\u00f1 neticelerini yay\u0131nlad\u0131 - \u041c\u0435\u0434\u0436\u043b\u0456\u0441\" \/>\n<meta property=\"og:description\" content=\"rusiye Taqiqat eyyetini\u00f1, Keri\u00e7 k\u00f6pr\u00fcnde Bul\u011faistandan kelgen y\u00fck ma\u015fnas\u0131n\u0131\u00f1 sanki patla\u011fan\u0131 iddia etilgen versiyas\u0131 yanl\u0131\u015f ol\u011fan\u0131n\u0131 istablana. Bul\u011faristan taqiq etip Kermlni\u00f1 Keri\u00e7 k\u00f6p\u00fcnde patla\u011fan y\u00fck ma\u015fnas\u0131n\u0131\u00f1 mar\u015frut\u0131n\u0131\u00f1 Bul\u011faristanda ba\u015fla\u011fan\u0131n\u0131 do\u011fru olma\u011fan\u0131n\u0131 isbatlad\u0131. Bul\u011faristann\u0131\u00f1 ba\u015f prokuror\u0131 \u0130van He\u015fev bun\u0131 bildirdi, dep ZN.UA yazd\u0131. &#8211; Sofiya \u015feer prokurorl\u0131\u011f\u0131ndan zenaatda\u015flar, Bul\u011faristann\u0131\u00f1 Q\u0131r\u0131m (Keri\u00e7 &#8211; muarrir) k\u00f6pr\u00fcndeki patlama\u011fa ait [&hellip;]\" \/>\n<meta property=\"og:url\" content=\"https:\/\/qtmm.org\/qt\/bulgaristan-qirim-koprundeki-patlamanin-taqiqatinin-neticelerini-yayinladi\/\" \/>\n<meta property=\"og:site_name\" content=\"\u041c\u0435\u0434\u0436\u043b\u0456\u0441\" \/>\n<meta property=\"article:publisher\" content=\"https:\/\/www.facebook.com\/qtmm.info\/\" \/>\n<meta property=\"article:published_time\" content=\"2023-01-23T14:28:52+00:00\" \/>\n<meta property=\"article:modified_time\" content=\"2023-01-23T14:29:15+00:00\" \/>\n<meta property=\"og:image\" content=\"https:\/\/qtmm.org\/wp-content\/uploads\/2022\/10\/04020000-0aff-0242-1b8b-08daa9c34273_w1023_r1_s.jpg\" \/>\n\t<meta property=\"og:image:width\" content=\"1023\" \/>\n\t<meta property=\"og:image:height\" content=\"575\" \/>\n\t<meta property=\"og:image:type\" content=\"image\/jpeg\" \/>\n<meta name=\"author\" content=\"milena\" \/>\n<meta name=\"twitter:card\" content=\"summary_large_image\" \/>\n<meta name=\"twitter:label1\" content=\"Written by\" \/>\n\t<meta name=\"twitter:data1\" content=\"milena\" \/>\n\t<meta name=\"twitter:label2\" content=\"Est. reading time\" \/>\n\t<meta name=\"twitter:data2\" content=\"1 minute\" \/>\n<script type=\"application\/ld+json\" class=\"yoast-schema-graph\">{\"@context\":\"https:\\\/\\\/schema.org\",\"@graph\":[{\"@type\":\"Article\",\"@id\":\"https:\\\/\\\/qtmm.org\\\/qt\\\/bulgaristan-qirim-koprundeki-patlamanin-taqiqatinin-neticelerini-yayinladi\\\/#article\",\"isPartOf\":{\"@id\":\"https:\\\/\\\/qtmm.org\\\/qt\\\/bulgaristan-qirim-koprundeki-patlamanin-taqiqatinin-neticelerini-yayinladi\\\/\"},\"author\":{\"name\":\"milena\",\"@id\":\"https:\\\/\\\/qtmm.org\\\/qt\\\/#\\\/schema\\\/person\\\/e19a16971e1d6077c60771108a0c2eb1\"},\"headline\":\"Bul\u011faristan Q\u0131r\u0131m k\u00f6pr\u00fcndeki patlaman\u0131\u00f1 taqiqat\u0131n\u0131\u00f1 neticelerini yay\u0131nlad\u0131\",\"datePublished\":\"2023-01-23T14:28:52+00:00\",\"dateModified\":\"2023-01-23T14:29:15+00:00\",\"mainEntityOfPage\":{\"@id\":\"https:\\\/\\\/qtmm.org\\\/qt\\\/bulgaristan-qirim-koprundeki-patlamanin-taqiqatinin-neticelerini-yayinladi\\\/\"},\"wordCount\":158,\"commentCount\":0,\"publisher\":{\"@id\":\"https:\\\/\\\/qtmm.org\\\/qt\\\/#organization\"},\"image\":{\"@id\":\"https:\\\/\\\/qtmm.org\\\/qt\\\/bulgaristan-qirim-koprundeki-patlamanin-taqiqatinin-neticelerini-yayinladi\\\/#primaryimage\"},\"thumbnailUrl\":\"https:\\\/\\\/qtmm.org\\\/wp-content\\\/uploads\\\/2022\\\/10\\\/04020000-0aff-0242-1b8b-08daa9c34273_w1023_r1_s.jpg\",\"articleSection\":[\"Haberler\"],\"inLanguage\":\"qt\",\"potentialAction\":[{\"@type\":\"CommentAction\",\"name\":\"Comment\",\"target\":[\"https:\\\/\\\/qtmm.org\\\/qt\\\/bulgaristan-qirim-koprundeki-patlamanin-taqiqatinin-neticelerini-yayinladi\\\/#respond\"]}]},{\"@type\":\"WebPage\",\"@id\":\"https:\\\/\\\/qtmm.org\\\/qt\\\/bulgaristan-qirim-koprundeki-patlamanin-taqiqatinin-neticelerini-yayinladi\\\/\",\"url\":\"https:\\\/\\\/qtmm.org\\\/qt\\\/bulgaristan-qirim-koprundeki-patlamanin-taqiqatinin-neticelerini-yayinladi\\\/\",\"name\":\"Bul\u011faristan Q\u0131r\u0131m k\u00f6pr\u00fcndeki patlaman\u0131\u00f1 taqiqat\u0131n\u0131\u00f1 neticelerini yay\u0131nlad\u0131 - \u041c\u0435\u0434\u0436\u043b\u0456\u0441\",\"isPartOf\":{\"@id\":\"https:\\\/\\\/qtmm.org\\\/qt\\\/#website\"},\"primaryImageOfPage\":{\"@id\":\"https:\\\/\\\/qtmm.org\\\/qt\\\/bulgaristan-qirim-koprundeki-patlamanin-taqiqatinin-neticelerini-yayinladi\\\/#primaryimage\"},\"image\":{\"@id\":\"https:\\\/\\\/qtmm.org\\\/qt\\\/bulgaristan-qirim-koprundeki-patlamanin-taqiqatinin-neticelerini-yayinladi\\\/#primaryimage\"},\"thumbnailUrl\":\"https:\\\/\\\/qtmm.org\\\/wp-content\\\/uploads\\\/2022\\\/10\\\/04020000-0aff-0242-1b8b-08daa9c34273_w1023_r1_s.jpg\",\"datePublished\":\"2023-01-23T14:28:52+00:00\",\"dateModified\":\"2023-01-23T14:29:15+00:00\",\"breadcrumb\":{\"@id\":\"https:\\\/\\\/qtmm.org\\\/qt\\\/bulgaristan-qirim-koprundeki-patlamanin-taqiqatinin-neticelerini-yayinladi\\\/#breadcrumb\"},\"inLanguage\":\"qt\",\"potentialAction\":[{\"@type\":\"ReadAction\",\"target\":[\"https:\\\/\\\/qtmm.org\\\/qt\\\/bulgaristan-qirim-koprundeki-patlamanin-taqiqatinin-neticelerini-yayinladi\\\/\"]}]},{\"@type\":\"ImageObject\",\"inLanguage\":\"qt\",\"@id\":\"https:\\\/\\\/qtmm.org\\\/qt\\\/bulgaristan-qirim-koprundeki-patlamanin-taqiqatinin-neticelerini-yayinladi\\\/#primaryimage\",\"url\":\"https:\\\/\\\/qtmm.org\\\/wp-content\\\/uploads\\\/2022\\\/10\\\/04020000-0aff-0242-1b8b-08daa9c34273_w1023_r1_s.jpg\",\"contentUrl\":\"https:\\\/\\\/qtmm.org\\\/wp-content\\\/uploads\\\/2022\\\/10\\\/04020000-0aff-0242-1b8b-08daa9c34273_w1023_r1_s.jpg\",\"width\":1023,\"height\":575},{\"@type\":\"BreadcrumbList\",\"@id\":\"https:\\\/\\\/qtmm.org\\\/qt\\\/bulgaristan-qirim-koprundeki-patlamanin-taqiqatinin-neticelerini-yayinladi\\\/#breadcrumb\",\"itemListElement\":[{\"@type\":\"ListItem\",\"position\":1,\"name\":\"\u0413\u043e\u043b\u043e\u0432\u043d\u0430\",\"item\":\"https:\\\/\\\/qtmm.org\\\/qt\\\/\"},{\"@type\":\"ListItem\",\"position\":2,\"name\":\"Bul\u011faristan Q\u0131r\u0131m k\u00f6pr\u00fcndeki patlaman\u0131\u00f1 taqiqat\u0131n\u0131\u00f1 neticelerini yay\u0131nlad\u0131\"}]},{\"@type\":\"WebSite\",\"@id\":\"https:\\\/\\\/qtmm.org\\\/qt\\\/#website\",\"url\":\"https:\\\/\\\/qtmm.org\\\/qt\\\/\",\"name\":\"\u041c\u0435\u0434\u0436\u043b\u0456\u0441\",\"description\":\"\",\"publisher\":{\"@id\":\"https:\\\/\\\/qtmm.org\\\/qt\\\/#organization\"},\"potentialAction\":[{\"@type\":\"SearchAction\",\"target\":{\"@type\":\"EntryPoint\",\"urlTemplate\":\"https:\\\/\\\/qtmm.org\\\/qt\\\/?s={search_term_string}\"},\"query-input\":{\"@type\":\"PropertyValueSpecification\",\"valueRequired\":true,\"valueName\":\"search_term_string\"}}],\"inLanguage\":\"qt\"},{\"@type\":\"Organization\",\"@id\":\"https:\\\/\\\/qtmm.org\\\/qt\\\/#organization\",\"name\":\"\u041c\u0435\u0434\u0436\u043b\u0456\u0441\",\"url\":\"https:\\\/\\\/qtmm.org\\\/qt\\\/\",\"logo\":{\"@type\":\"ImageObject\",\"inLanguage\":\"qt\",\"@id\":\"https:\\\/\\\/qtmm.org\\\/qt\\\/#\\\/schema\\\/logo\\\/image\\\/\",\"url\":\"https:\\\/\\\/qtmm.org\\\/wp-content\\\/uploads\\\/2024\\\/12\\\/ua-mejlis-logo-rgb.svg\",\"contentUrl\":\"https:\\\/\\\/qtmm.org\\\/wp-content\\\/uploads\\\/2024\\\/12\\\/ua-mejlis-logo-rgb.svg\",\"caption\":\"\u041c\u0435\u0434\u0436\u043b\u0456\u0441\"},\"image\":{\"@id\":\"https:\\\/\\\/qtmm.org\\\/qt\\\/#\\\/schema\\\/logo\\\/image\\\/\"},\"sameAs\":[\"https:\\\/\\\/www.facebook.com\\\/qtmm.info\\\/\"]},{\"@type\":\"Person\",\"@id\":\"https:\\\/\\\/qtmm.org\\\/qt\\\/#\\\/schema\\\/person\\\/e19a16971e1d6077c60771108a0c2eb1\",\"name\":\"milena\",\"image\":{\"@type\":\"ImageObject\",\"inLanguage\":\"qt\",\"@id\":\"https:\\\/\\\/secure.gravatar.com\\\/avatar\\\/a1c72d47914b6ffa21f1246920d5cff572eced8dc7c4ef1b629898b5a8c18fa5?s=96&d=mm&r=g\",\"url\":\"https:\\\/\\\/secure.gravatar.com\\\/avatar\\\/a1c72d47914b6ffa21f1246920d5cff572eced8dc7c4ef1b629898b5a8c18fa5?s=96&d=mm&r=g\",\"contentUrl\":\"https:\\\/\\\/secure.gravatar.com\\\/avatar\\\/a1c72d47914b6ffa21f1246920d5cff572eced8dc7c4ef1b629898b5a8c18fa5?s=96&d=mm&r=g\",\"caption\":\"milena\"},\"url\":\"https:\\\/\\\/qtmm.org\\\/qt\\\/author\\\/milena\\\/\"}]}<\/script>\n<!-- \/ Yoast SEO plugin. -->","yoast_head_json":{"title":"Bul\u011faristan Q\u0131r\u0131m k\u00f6pr\u00fcndeki patlaman\u0131\u00f1 taqiqat\u0131n\u0131\u00f1 neticelerini yay\u0131nlad\u0131 - \u041c\u0435\u0434\u0436\u043b\u0456\u0441","robots":{"index":"index","follow":"follow","max-snippet":"max-snippet:-1","max-image-preview":"max-image-preview:large","max-video-preview":"max-video-preview:-1"},"canonical":"https:\/\/qtmm.org\/qt\/bulgaristan-qirim-koprundeki-patlamanin-taqiqatinin-neticelerini-yayinladi\/","og_locale":"en_US","og_type":"article","og_title":"Bul\u011faristan Q\u0131r\u0131m k\u00f6pr\u00fcndeki patlaman\u0131\u00f1 taqiqat\u0131n\u0131\u00f1 neticelerini yay\u0131nlad\u0131 - \u041c\u0435\u0434\u0436\u043b\u0456\u0441","og_description":"rusiye Taqiqat eyyetini\u00f1, Keri\u00e7 k\u00f6pr\u00fcnde Bul\u011faistandan kelgen y\u00fck ma\u015fnas\u0131n\u0131\u00f1 sanki patla\u011fan\u0131 iddia etilgen versiyas\u0131 yanl\u0131\u015f ol\u011fan\u0131n\u0131 istablana. Bul\u011faristan taqiq etip Kermlni\u00f1 Keri\u00e7 k\u00f6p\u00fcnde patla\u011fan y\u00fck ma\u015fnas\u0131n\u0131\u00f1 mar\u015frut\u0131n\u0131\u00f1 Bul\u011faristanda ba\u015fla\u011fan\u0131n\u0131 do\u011fru olma\u011fan\u0131n\u0131 isbatlad\u0131. Bul\u011faristann\u0131\u00f1 ba\u015f prokuror\u0131 \u0130van He\u015fev bun\u0131 bildirdi, dep ZN.UA yazd\u0131. &#8211; Sofiya \u015feer prokurorl\u0131\u011f\u0131ndan zenaatda\u015flar, Bul\u011faristann\u0131\u00f1 Q\u0131r\u0131m (Keri\u00e7 &#8211; muarrir) k\u00f6pr\u00fcndeki patlama\u011fa ait [&hellip;]","og_url":"https:\/\/qtmm.org\/qt\/bulgaristan-qirim-koprundeki-patlamanin-taqiqatinin-neticelerini-yayinladi\/","og_site_name":"\u041c\u0435\u0434\u0436\u043b\u0456\u0441","article_publisher":"https:\/\/www.facebook.com\/qtmm.info\/","article_published_time":"2023-01-23T14:28:52+00:00","article_modified_time":"2023-01-23T14:29:15+00:00","og_image":[{"width":1023,"height":575,"url":"https:\/\/qtmm.org\/wp-content\/uploads\/2022\/10\/04020000-0aff-0242-1b8b-08daa9c34273_w1023_r1_s.jpg","type":"image\/jpeg"}],"author":"milena","twitter_card":"summary_large_image","twitter_misc":{"Written by":"milena","Est. reading time":"1 minute"},"schema":{"@context":"https:\/\/schema.org","@graph":[{"@type":"Article","@id":"https:\/\/qtmm.org\/qt\/bulgaristan-qirim-koprundeki-patlamanin-taqiqatinin-neticelerini-yayinladi\/#article","isPartOf":{"@id":"https:\/\/qtmm.org\/qt\/bulgaristan-qirim-koprundeki-patlamanin-taqiqatinin-neticelerini-yayinladi\/"},"author":{"name":"milena","@id":"https:\/\/qtmm.org\/qt\/#\/schema\/person\/e19a16971e1d6077c60771108a0c2eb1"},"headline":"Bul\u011faristan Q\u0131r\u0131m k\u00f6pr\u00fcndeki patlaman\u0131\u00f1 taqiqat\u0131n\u0131\u00f1 neticelerini yay\u0131nlad\u0131","datePublished":"2023-01-23T14:28:52+00:00","dateModified":"2023-01-23T14:29:15+00:00","mainEntityOfPage":{"@id":"https:\/\/qtmm.org\/qt\/bulgaristan-qirim-koprundeki-patlamanin-taqiqatinin-neticelerini-yayinladi\/"},"wordCount":158,"commentCount":0,"publisher":{"@id":"https:\/\/qtmm.org\/qt\/#organization"},"image":{"@id":"https:\/\/qtmm.org\/qt\/bulgaristan-qirim-koprundeki-patlamanin-taqiqatinin-neticelerini-yayinladi\/#primaryimage"},"thumbnailUrl":"https:\/\/qtmm.org\/wp-content\/uploads\/2022\/10\/04020000-0aff-0242-1b8b-08daa9c34273_w1023_r1_s.jpg","articleSection":["Haberler"],"inLanguage":"qt","potentialAction":[{"@type":"CommentAction","name":"Comment","target":["https:\/\/qtmm.org\/qt\/bulgaristan-qirim-koprundeki-patlamanin-taqiqatinin-neticelerini-yayinladi\/#respond"]}]},{"@type":"WebPage","@id":"https:\/\/qtmm.org\/qt\/bulgaristan-qirim-koprundeki-patlamanin-taqiqatinin-neticelerini-yayinladi\/","url":"https:\/\/qtmm.org\/qt\/bulgaristan-qirim-koprundeki-patlamanin-taqiqatinin-neticelerini-yayinladi\/","name":"Bul\u011faristan Q\u0131r\u0131m k\u00f6pr\u00fcndeki patlaman\u0131\u00f1 taqiqat\u0131n\u0131\u00f1 neticelerini yay\u0131nlad\u0131 - \u041c\u0435\u0434\u0436\u043b\u0456\u0441","isPartOf":{"@id":"https:\/\/qtmm.org\/qt\/#website"},"primaryImageOfPage":{"@id":"https:\/\/qtmm.org\/qt\/bulgaristan-qirim-koprundeki-patlamanin-taqiqatinin-neticelerini-yayinladi\/#primaryimage"},"image":{"@id":"https:\/\/qtmm.org\/qt\/bulgaristan-qirim-koprundeki-patlamanin-taqiqatinin-neticelerini-yayinladi\/#primaryimage"},"thumbnailUrl":"https:\/\/qtmm.org\/wp-content\/uploads\/2022\/10\/04020000-0aff-0242-1b8b-08daa9c34273_w1023_r1_s.jpg","datePublished":"2023-01-23T14:28:52+00:00","dateModified":"2023-01-23T14:29:15+00:00","breadcrumb":{"@id":"https:\/\/qtmm.org\/qt\/bulgaristan-qirim-koprundeki-patlamanin-taqiqatinin-neticelerini-yayinladi\/#breadcrumb"},"inLanguage":"qt","potentialAction":[{"@type":"ReadAction","target":["https:\/\/qtmm.org\/qt\/bulgaristan-qirim-koprundeki-patlamanin-taqiqatinin-neticelerini-yayinladi\/"]}]},{"@type":"ImageObject","inLanguage":"qt","@id":"https:\/\/qtmm.org\/qt\/bulgaristan-qirim-koprundeki-patlamanin-taqiqatinin-neticelerini-yayinladi\/#primaryimage","url":"https:\/\/qtmm.org\/wp-content\/uploads\/2022\/10\/04020000-0aff-0242-1b8b-08daa9c34273_w1023_r1_s.jpg","contentUrl":"https:\/\/qtmm.org\/wp-content\/uploads\/2022\/10\/04020000-0aff-0242-1b8b-08daa9c34273_w1023_r1_s.jpg","width":1023,"height":575},{"@type":"BreadcrumbList","@id":"https:\/\/qtmm.org\/qt\/bulgaristan-qirim-koprundeki-patlamanin-taqiqatinin-neticelerini-yayinladi\/#breadcrumb","itemListElement":[{"@type":"ListItem","position":1,"name":"\u0413\u043e\u043b\u043e\u0432\u043d\u0430","item":"https:\/\/qtmm.org\/qt\/"},{"@type":"ListItem","position":2,"name":"Bul\u011faristan Q\u0131r\u0131m k\u00f6pr\u00fcndeki patlaman\u0131\u00f1 taqiqat\u0131n\u0131\u00f1 neticelerini yay\u0131nlad\u0131"}]},{"@type":"WebSite","@id":"https:\/\/qtmm.org\/qt\/#website","url":"https:\/\/qtmm.org\/qt\/","name":"\u041c\u0435\u0434\u0436\u043b\u0456\u0441","description":"","publisher":{"@id":"https:\/\/qtmm.org\/qt\/#organization"},"potentialAction":[{"@type":"SearchAction","target":{"@type":"EntryPoint","urlTemplate":"https:\/\/qtmm.org\/qt\/?s={search_term_string}"},"query-input":{"@type":"PropertyValueSpecification","valueRequired":true,"valueName":"search_term_string"}}],"inLanguage":"qt"},{"@type":"Organization","@id":"https:\/\/qtmm.org\/qt\/#organization","name":"\u041c\u0435\u0434\u0436\u043b\u0456\u0441","url":"https:\/\/qtmm.org\/qt\/","logo":{"@type":"ImageObject","inLanguage":"qt","@id":"https:\/\/qtmm.org\/qt\/#\/schema\/logo\/image\/","url":"https:\/\/qtmm.org\/wp-content\/uploads\/2024\/12\/ua-mejlis-logo-rgb.svg","contentUrl":"https:\/\/qtmm.org\/wp-content\/uploads\/2024\/12\/ua-mejlis-logo-rgb.svg","caption":"\u041c\u0435\u0434\u0436\u043b\u0456\u0441"},"image":{"@id":"https:\/\/qtmm.org\/qt\/#\/schema\/logo\/image\/"},"sameAs":["https:\/\/www.facebook.com\/qtmm.info\/"]},{"@type":"Person","@id":"https:\/\/qtmm.org\/qt\/#\/schema\/person\/e19a16971e1d6077c60771108a0c2eb1","name":"milena","image":{"@type":"ImageObject","inLanguage":"qt","@id":"https:\/\/secure.gravatar.com\/avatar\/a1c72d47914b6ffa21f1246920d5cff572eced8dc7c4ef1b629898b5a8c18fa5?s=96&d=mm&r=g","url":"https:\/\/secure.gravatar.com\/avatar\/a1c72d47914b6ffa21f1246920d5cff572eced8dc7c4ef1b629898b5a8c18fa5?s=96&d=mm&r=g","contentUrl":"https:\/\/secure.gravatar.com\/avatar\/a1c72d47914b6ffa21f1246920d5cff572eced8dc7c4ef1b629898b5a8c18fa5?s=96&d=mm&r=g","caption":"milena"},"url":"https:\/\/qtmm.org\/qt\/author\/milena\/"}]}},"_links":{"self":[{"href":"https:\/\/qtmm.org\/qt\/wp-json\/wp\/v2\/posts\/78339","targetHints":{"allow":["GET"]}}],"collection":[{"href":"https:\/\/qtmm.org\/qt\/wp-json\/wp\/v2\/posts"}],"about":[{"href":"https:\/\/qtmm.org\/qt\/wp-json\/wp\/v2\/types\/post"}],"author":[{"embeddable":true,"href":"https:\/\/qtmm.org\/qt\/wp-json\/wp\/v2\/users\/6"}],"replies":[{"embeddable":true,"href":"https:\/\/qtmm.org\/qt\/wp-json\/wp\/v2\/comments?post=78339"}],"version-history":[{"count":2,"href":"https:\/\/qtmm.org\/qt\/wp-json\/wp\/v2\/posts\/78339\/revisions"}],"predecessor-version":[{"id":78341,"href":"https:\/\/qtmm.org\/qt\/wp-json\/wp\/v2\/posts\/78339\/revisions\/78341"}],"wp:featuredmedia":[{"embeddable":true,"href":"https:\/\/qtmm.org\/qt\/wp-json\/wp\/v2\/media\/76486"}],"wp:attachment":[{"href":"https:\/\/qtmm.org\/qt\/wp-json\/wp\/v2\/media?parent=78339"}],"wp:term":[{"taxonomy":"category","embeddable":true,"href":"https:\/\/qtmm.org\/qt\/wp-json\/wp\/v2\/categories?post=78339"},{"taxonomy":"post_tag","embeddable":true,"href":"https:\/\/qtmm.org\/qt\/wp-json\/wp\/v2\/tags?post=78339"}],"curies":[{"name":"wp","href":"https:\/\/api.w.org\/{rel}","templated":true}]}}