




{"id":78329,"date":"2023-01-20T22:04:03","date_gmt":"2023-01-20T19:04:03","guid":{"rendered":"https:\/\/qtmm.org\/?p=78329"},"modified":"2023-01-20T22:04:05","modified_gmt":"2023-01-20T19:04:05","slug":"milliy-areketnin-veterani-celal-celebi-vefat-etti","status":"publish","type":"post","link":"https:\/\/qtmm.org\/qt\/milliy-areketnin-veterani-celal-celebi-vefat-etti\/","title":{"rendered":"Milliy areketni\u00f1\u00a0veteran\u0131 Celal \u00c7elebi vefat etti"},"content":{"rendered":"\n<p>90 ya\u015f\u0131na bir bu\u00e7\u0131q ay yetmezden, Aqmescitte, \u00c7oban-T\u00f6pe (Maryino-2) mikrorayonda, Q\u0131r\u0131m\u011fa so\u00f1ki kere avdet olun\u011fan so\u00f1 ya\u015fa\u011fan Milliy areketimizni\u00f1 k\u00f6r\u00fcmli vekili Cel\u00e2l Smedl\u00e2 o\u011flu \u00c7ELEBI vefat etti.&nbsp;&nbsp;<\/p>\n\n\n\n<p>On\u0131\u00f1 Q\u0131r\u0131m i\u00e7\u00fcn k\u00fcre\u015f yolu \u00f6z\u00fcne has old\u0131. O, bu k\u00fcre\u015fte \u00f6z\u00fcni \u00e7oq bilgili, ces\u00fcrli, zorluqlar-taqipler \u00f6g\u00fcnde b\u00fck\u00fclmege istemegen, israrl\u0131, atta, keskin, inat insan olaraq k\u00f6rsetti.<\/p>\n\n\n\n<p>Cel\u00e2l a\u011fa 1933 s. 6-martta Kefe \u015feerinde, ana taraftan tam\u0131rlar\u0131 Bulgakovlar s\u00fcl\u00e2lesinden ol\u011fan qorantada do\u011fd\u0131. 1944 s. k\u00fctleviy s\u00fcrg\u00fcn cinayeti on\u0131\u00f1 azalar\u0131n\u0131 Q\u0131r\u0131mdan baya\u011f\u0131 \u015fimalge \u2013 Yaroslavl vil\u00e2yetini\u00f1 bir k\u00f6\u015fesine b\u0131raqt\u0131. B\u00fcy\u00fckler, \u00f6sm\u00fcrler m\u0131nda da\u011f kesmekte \u00e7al\u0131\u015ft\u0131lar.<\/p>\n\n\n\n<p>Eki y\u0131ldan so\u00f1 Smedl\u00e2 a\u011fan\u0131\u00f1 b\u00fcy\u00fck ailesi Fergana vil\u00e2yetini\u00f1 Ri\u015ftan qasabas\u0131na k\u00f6\u00e7ti. Cel\u00e2l a\u011fa m\u0131nda 1954 s. mektepni bitirdi. So\u00f1ra o, Ta\u015fkent irrigatsiya ve k\u00f6y hocal\u0131\u011f\u0131n\u0131\u00f1 mehanizmle\u015ftirmek m\u00fcendisler institut\u0131na kirdi. Aliy oquv yurtun\u0131 bitirgen so\u00f1 Ta\u015fkentteki yiri leyihalar institutlar\u0131nda \u00e7al\u0131\u015ft\u0131.<\/p>\n\n\n\n<p>Milliy areketke oquv-studentlik vaqt\u0131nda qo\u015ful\u011fan Cel\u00e2l a\u011fa \u00f6z faalliginen repressiv qurumlar hadimlerini\u00f1 diqqat\u0131n\u0131 celp etti. Birinci sefer o, 1956 s. yaqalan\u011fan edi. 1967 senesi on\u0131\u00f1 \u00fczerinde ol\u0131p ke\u00e7ken mahkeme Cel\u00e2l \u00c7ELEBI&#8217;n\u0131 u\u00e7 y\u0131l\u011fa azatl\u0131qtan marum etmek qarar\u0131n\u0131 \u00e7\u0131qard\u0131.<\/p>\n\n\n\n<p>1976 senesi o, Q\u0131r\u0131m\u011fa ilk avdet old\u0131. M\u0131nda o\u00f1a nisbeten taqipler toqtamad\u0131: &#8220;pasport rejimini boz\u011fan\u0131 i\u00e7\u00fcn&#8221; on\u0131 bir qa\u00e7 kere \u2013 15 k\u00fcnden 1 y\u0131l\u011face \u2013 apis m\u00fcddetine \u00fck\u00fcm etken ediler.<\/p>\n\n\n\n<p>Qarasuvbazar rayon\u0131ndaki Toben-Saray (bug\u00fcnki sahte ad\u0131 Krivtsovo) k\u00f6y\u00fcnde sat\u0131n al\u011fan evini ve m\u00fclk\u00fcni akimiyet \u00e7ekip ald\u0131.<\/p>\n\n\n\n<p>Cel\u00e2l \u00c7ELEBI&#8217;n\u0131 Q\u0131r\u0131mdan t\u0131\u015fqa \u00e7\u0131qarmaq aqq\u0131nda bir qa\u00e7 kere qararlar al\u0131nd\u0131 ve olar becerildi. Q\u0131r\u0131mtatar halq\u0131 misilsiz a\u015falav-diskriminatsiya\u011fa ve akimiyet zulum\u0131na o\u011frat\u0131l\u011fan\u0131 sebebinden o, defalarca a\u00e7l\u0131q il\u00e2n eken edi.<\/p>\n\n\n\n<p>On\u0131\u00f1, bu itirazlar s\u0131ras\u0131nda 1989 s. Q\u0131r\u0131m Yuqar\u0131 \u015euras\u0131 yan\u0131nda t\u00f6\u015fek t\u00f6\u015fep ve gece-k\u00fcnd\u00fcz m\u0131nda bulun\u0131p, milliy devlet\u00e7iligimiz tiklenmesini talab\u0131nen bir aydan ziyade a\u00e7l\u0131q tutqan\u0131n\u0131 m\u0131tlaq a\u00f1mal\u0131d\u0131r.<\/p>\n\n\n\n<p>1984 senesinden ba\u015flap, \u00e7oq y\u0131llar devam\u0131nda Cel\u00e2l a\u011fa Q\u0131r\u0131mn\u0131\u00f1 toponimiyas\u0131nen o\u011fra\u015ft\u0131. Hususan, 1990-2010 ss. o, Franko ad\u0131na cumhuriyet k\u00fct\u00fcphanesine, deyerli, i\u015fke bar\u011fan kibi, muntazam s\u00fcrette qatnap, bu mevzun\u0131 naml\u0131 alimler seviyesinde \u00f6grendi, menimsedi, q\u0131ymetli malzemeler toplad\u0131.<\/p>\n\n\n\n<p>Bu ara\u015ft\u0131rmalar\u0131n\u0131\u00f1 belli bir q\u0131s\u0131m\u0131n\u0131 alim-\u00fclke\u015f\u0131nas maqaleler \u015fekilinde &#8220;Qasevet&#8221; mecmuas\u0131nda ve &#8220;Q\u0131r\u0131m&#8221; gazetinde bast\u0131rd\u0131.<\/p>\n\n\n\n<p>Neticede, 2007 C. \u00c7ELEBI\u2019ni\u00f1 &#8220;Ba\u015ftan yaz\u0131. \u0130stori\u00e7eskaya toponimiya Kr\u0131ma&#8221; serleval\u0131 tetqiqatn\u0131\u00f1 Or-Qapu rayon\u0131ndaki tarihiy adlar aqq\u0131nda birinci q\u0131s\u0131m\u0131 derc etilgen edi.<\/p>\n\n\n\n<p>Ondan so\u00f1 on\u0131\u00f1 \u011fayet emiyetli ve m\u00fcndericeli &#8220;Yaz\u0131k zemli. \u0130stori\u00e7eskaya toponimiya Kr\u0131ma. Slovar-spravo\u00e7nik&#8221;ni\u00f1 biri-biri art\u0131ndan d\u00f6rt salmaql\u0131 c\u0131lt\u0131 d\u00fcnya y\u00fcz\u00fcni k\u00f6rdi.<\/p>\n\n\n\n<p>Qayd etmeli ki, bu qocaman i\u015flerni Cel\u00e2l a\u011fa k\u00f6zleri pek zay\u0131f, deyerli, soqur alda, maddiy ve mai\u015fiy ceetten \u00e7oq s\u0131\u00f1\u0131rl\u0131 ve zor \u015faraitte bulun\u0131p becerdi. \u00c7\u00fcnki \u011furul\u0131 em ince tabiatl\u0131, talap\u00e7an insan olaraq cemaat taraf\u0131ndan \u00e7oq yard\u0131mlar\u0131n\u0131 red ete edi.<\/p>\n\n\n\n<p>Cel\u00e2l a\u011fa \u00c7ELEBI vefat etkeni munasebetinen on\u0131\u00f1 c\u00fcmle yaq\u0131nlar\u0131na teren taziye bildirip, ba\u015f sa\u011fl\u0131\u011f\u0131 tileymiz.<\/p>\n\n\n\n<p>Allah rahmet eylesin!<\/p>\n\n\n\n<p>Q\u0131r\u0131mtatar Milliy Meclisi<\/p>\n\n\n\n<p>B\u00fct\u00fcnd\u00fcnya Q\u0131r\u0131mtatar Kongressini\u00f1 icra idaresi<\/p>\n","protected":false},"excerpt":{"rendered":"<p>90 ya\u015f\u0131na bir bu\u00e7\u0131q ay yetmezden, Aqmescitte, \u00c7oban-T\u00f6pe (Maryino-2) mikrorayonda, Q\u0131r\u0131m\u011fa so\u00f1ki kere avdet olun\u011fan so\u00f1 ya\u015fa\u011fan Milliy areketimizni\u00f1 k\u00f6r\u00fcmli vekili Cel\u00e2l Smedl\u00e2 o\u011flu \u00c7ELEBI vefat etti.&nbsp;&nbsp; On\u0131\u00f1 Q\u0131r\u0131m i\u00e7\u00fcn k\u00fcre\u015f yolu \u00f6z\u00fcne has old\u0131. O, bu k\u00fcre\u015fte \u00f6z\u00fcni \u00e7oq bilgili, ces\u00fcrli, zorluqlar-taqipler \u00f6g\u00fcnde b\u00fck\u00fclmege istemegen, israrl\u0131, atta, keskin, inat insan olaraq k\u00f6rsetti. Cel\u00e2l a\u011fa [&hellip;]<\/p>\n","protected":false},"author":6,"featured_media":78323,"comment_status":"open","ping_status":"open","sticky":false,"template":"","format":"standard","meta":{"inline_featured_image":false,"footnotes":""},"categories":[265],"tags":[],"class_list":["post-78329","post","type-post","status-publish","format-standard","has-post-thumbnail","hentry","category-haberler"],"acf":[],"yoast_head":"<!-- This site is optimized with the Yoast SEO plugin v27.4 - https:\/\/yoast.com\/product\/yoast-seo-wordpress\/ -->\n<title>Milliy areketni\u00f1\u00a0veteran\u0131 Celal \u00c7elebi vefat etti - \u041c\u0435\u0434\u0436\u043b\u0456\u0441<\/title>\n<meta name=\"robots\" content=\"index, follow, max-snippet:-1, max-image-preview:large, max-video-preview:-1\" \/>\n<link rel=\"canonical\" href=\"https:\/\/qtmm.org\/qt\/milliy-areketnin-veterani-celal-celebi-vefat-etti\/\" \/>\n<meta property=\"og:locale\" content=\"en_US\" \/>\n<meta property=\"og:type\" content=\"article\" \/>\n<meta property=\"og:title\" content=\"Milliy areketni\u00f1\u00a0veteran\u0131 Celal \u00c7elebi vefat etti - \u041c\u0435\u0434\u0436\u043b\u0456\u0441\" \/>\n<meta property=\"og:description\" content=\"90 ya\u015f\u0131na bir bu\u00e7\u0131q ay yetmezden, Aqmescitte, \u00c7oban-T\u00f6pe (Maryino-2) mikrorayonda, Q\u0131r\u0131m\u011fa so\u00f1ki kere avdet olun\u011fan so\u00f1 ya\u015fa\u011fan Milliy areketimizni\u00f1 k\u00f6r\u00fcmli vekili Cel\u00e2l Smedl\u00e2 o\u011flu \u00c7ELEBI vefat etti.&nbsp;&nbsp; On\u0131\u00f1 Q\u0131r\u0131m i\u00e7\u00fcn k\u00fcre\u015f yolu \u00f6z\u00fcne has old\u0131. O, bu k\u00fcre\u015fte \u00f6z\u00fcni \u00e7oq bilgili, ces\u00fcrli, zorluqlar-taqipler \u00f6g\u00fcnde b\u00fck\u00fclmege istemegen, israrl\u0131, atta, keskin, inat insan olaraq k\u00f6rsetti. Cel\u00e2l a\u011fa [&hellip;]\" \/>\n<meta property=\"og:url\" content=\"https:\/\/qtmm.org\/qt\/milliy-areketnin-veterani-celal-celebi-vefat-etti\/\" \/>\n<meta property=\"og:site_name\" content=\"\u041c\u0435\u0434\u0436\u043b\u0456\u0441\" \/>\n<meta property=\"article:publisher\" content=\"https:\/\/www.facebook.com\/qtmm.info\/\" \/>\n<meta property=\"article:published_time\" content=\"2023-01-20T19:04:03+00:00\" \/>\n<meta property=\"article:modified_time\" content=\"2023-01-20T19:04:05+00:00\" \/>\n<meta property=\"og:image\" content=\"https:\/\/qtmm.org\/wp-content\/uploads\/2023\/01\/326438931_714009883754256_2868796393798351517_n.jpg\" \/>\n\t<meta property=\"og:image:width\" content=\"515\" \/>\n\t<meta property=\"og:image:height\" content=\"573\" \/>\n\t<meta property=\"og:image:type\" content=\"image\/jpeg\" \/>\n<meta name=\"author\" content=\"milena\" \/>\n<meta name=\"twitter:card\" content=\"summary_large_image\" \/>\n<meta name=\"twitter:label1\" content=\"Written by\" \/>\n\t<meta name=\"twitter:data1\" content=\"milena\" \/>\n\t<meta name=\"twitter:label2\" content=\"Est. reading time\" \/>\n\t<meta name=\"twitter:data2\" content=\"3 minutes\" \/>\n<script type=\"application\/ld+json\" class=\"yoast-schema-graph\">{\"@context\":\"https:\\\/\\\/schema.org\",\"@graph\":[{\"@type\":\"Article\",\"@id\":\"https:\\\/\\\/qtmm.org\\\/qt\\\/milliy-areketnin-veterani-celal-celebi-vefat-etti\\\/#article\",\"isPartOf\":{\"@id\":\"https:\\\/\\\/qtmm.org\\\/qt\\\/milliy-areketnin-veterani-celal-celebi-vefat-etti\\\/\"},\"author\":{\"name\":\"milena\",\"@id\":\"https:\\\/\\\/qtmm.org\\\/qt\\\/#\\\/schema\\\/person\\\/e19a16971e1d6077c60771108a0c2eb1\"},\"headline\":\"Milliy areketni\u00f1\u00a0veteran\u0131 Celal \u00c7elebi vefat etti\",\"datePublished\":\"2023-01-20T19:04:03+00:00\",\"dateModified\":\"2023-01-20T19:04:05+00:00\",\"mainEntityOfPage\":{\"@id\":\"https:\\\/\\\/qtmm.org\\\/qt\\\/milliy-areketnin-veterani-celal-celebi-vefat-etti\\\/\"},\"wordCount\":641,\"commentCount\":0,\"publisher\":{\"@id\":\"https:\\\/\\\/qtmm.org\\\/qt\\\/#organization\"},\"image\":{\"@id\":\"https:\\\/\\\/qtmm.org\\\/qt\\\/milliy-areketnin-veterani-celal-celebi-vefat-etti\\\/#primaryimage\"},\"thumbnailUrl\":\"https:\\\/\\\/qtmm.org\\\/wp-content\\\/uploads\\\/2023\\\/01\\\/326438931_714009883754256_2868796393798351517_n.jpg\",\"articleSection\":[\"Haberler\"],\"inLanguage\":\"qt\",\"potentialAction\":[{\"@type\":\"CommentAction\",\"name\":\"Comment\",\"target\":[\"https:\\\/\\\/qtmm.org\\\/qt\\\/milliy-areketnin-veterani-celal-celebi-vefat-etti\\\/#respond\"]}]},{\"@type\":\"WebPage\",\"@id\":\"https:\\\/\\\/qtmm.org\\\/qt\\\/milliy-areketnin-veterani-celal-celebi-vefat-etti\\\/\",\"url\":\"https:\\\/\\\/qtmm.org\\\/qt\\\/milliy-areketnin-veterani-celal-celebi-vefat-etti\\\/\",\"name\":\"Milliy areketni\u00f1\u00a0veteran\u0131 Celal \u00c7elebi vefat etti - \u041c\u0435\u0434\u0436\u043b\u0456\u0441\",\"isPartOf\":{\"@id\":\"https:\\\/\\\/qtmm.org\\\/qt\\\/#website\"},\"primaryImageOfPage\":{\"@id\":\"https:\\\/\\\/qtmm.org\\\/qt\\\/milliy-areketnin-veterani-celal-celebi-vefat-etti\\\/#primaryimage\"},\"image\":{\"@id\":\"https:\\\/\\\/qtmm.org\\\/qt\\\/milliy-areketnin-veterani-celal-celebi-vefat-etti\\\/#primaryimage\"},\"thumbnailUrl\":\"https:\\\/\\\/qtmm.org\\\/wp-content\\\/uploads\\\/2023\\\/01\\\/326438931_714009883754256_2868796393798351517_n.jpg\",\"datePublished\":\"2023-01-20T19:04:03+00:00\",\"dateModified\":\"2023-01-20T19:04:05+00:00\",\"breadcrumb\":{\"@id\":\"https:\\\/\\\/qtmm.org\\\/qt\\\/milliy-areketnin-veterani-celal-celebi-vefat-etti\\\/#breadcrumb\"},\"inLanguage\":\"qt\",\"potentialAction\":[{\"@type\":\"ReadAction\",\"target\":[\"https:\\\/\\\/qtmm.org\\\/qt\\\/milliy-areketnin-veterani-celal-celebi-vefat-etti\\\/\"]}]},{\"@type\":\"ImageObject\",\"inLanguage\":\"qt\",\"@id\":\"https:\\\/\\\/qtmm.org\\\/qt\\\/milliy-areketnin-veterani-celal-celebi-vefat-etti\\\/#primaryimage\",\"url\":\"https:\\\/\\\/qtmm.org\\\/wp-content\\\/uploads\\\/2023\\\/01\\\/326438931_714009883754256_2868796393798351517_n.jpg\",\"contentUrl\":\"https:\\\/\\\/qtmm.org\\\/wp-content\\\/uploads\\\/2023\\\/01\\\/326438931_714009883754256_2868796393798351517_n.jpg\",\"width\":515,\"height\":573},{\"@type\":\"BreadcrumbList\",\"@id\":\"https:\\\/\\\/qtmm.org\\\/qt\\\/milliy-areketnin-veterani-celal-celebi-vefat-etti\\\/#breadcrumb\",\"itemListElement\":[{\"@type\":\"ListItem\",\"position\":1,\"name\":\"\u0413\u043e\u043b\u043e\u0432\u043d\u0430\",\"item\":\"https:\\\/\\\/qtmm.org\\\/qt\\\/\"},{\"@type\":\"ListItem\",\"position\":2,\"name\":\"Milliy areketni\u00f1\u00a0veteran\u0131 Celal \u00c7elebi vefat etti\"}]},{\"@type\":\"WebSite\",\"@id\":\"https:\\\/\\\/qtmm.org\\\/qt\\\/#website\",\"url\":\"https:\\\/\\\/qtmm.org\\\/qt\\\/\",\"name\":\"\u041c\u0435\u0434\u0436\u043b\u0456\u0441\",\"description\":\"\",\"publisher\":{\"@id\":\"https:\\\/\\\/qtmm.org\\\/qt\\\/#organization\"},\"potentialAction\":[{\"@type\":\"SearchAction\",\"target\":{\"@type\":\"EntryPoint\",\"urlTemplate\":\"https:\\\/\\\/qtmm.org\\\/qt\\\/?s={search_term_string}\"},\"query-input\":{\"@type\":\"PropertyValueSpecification\",\"valueRequired\":true,\"valueName\":\"search_term_string\"}}],\"inLanguage\":\"qt\"},{\"@type\":\"Organization\",\"@id\":\"https:\\\/\\\/qtmm.org\\\/qt\\\/#organization\",\"name\":\"\u041c\u0435\u0434\u0436\u043b\u0456\u0441\",\"url\":\"https:\\\/\\\/qtmm.org\\\/qt\\\/\",\"logo\":{\"@type\":\"ImageObject\",\"inLanguage\":\"qt\",\"@id\":\"https:\\\/\\\/qtmm.org\\\/qt\\\/#\\\/schema\\\/logo\\\/image\\\/\",\"url\":\"https:\\\/\\\/qtmm.org\\\/wp-content\\\/uploads\\\/2024\\\/12\\\/ua-mejlis-logo-rgb.svg\",\"contentUrl\":\"https:\\\/\\\/qtmm.org\\\/wp-content\\\/uploads\\\/2024\\\/12\\\/ua-mejlis-logo-rgb.svg\",\"caption\":\"\u041c\u0435\u0434\u0436\u043b\u0456\u0441\"},\"image\":{\"@id\":\"https:\\\/\\\/qtmm.org\\\/qt\\\/#\\\/schema\\\/logo\\\/image\\\/\"},\"sameAs\":[\"https:\\\/\\\/www.facebook.com\\\/qtmm.info\\\/\"]},{\"@type\":\"Person\",\"@id\":\"https:\\\/\\\/qtmm.org\\\/qt\\\/#\\\/schema\\\/person\\\/e19a16971e1d6077c60771108a0c2eb1\",\"name\":\"milena\",\"image\":{\"@type\":\"ImageObject\",\"inLanguage\":\"qt\",\"@id\":\"https:\\\/\\\/secure.gravatar.com\\\/avatar\\\/a1c72d47914b6ffa21f1246920d5cff572eced8dc7c4ef1b629898b5a8c18fa5?s=96&d=mm&r=g\",\"url\":\"https:\\\/\\\/secure.gravatar.com\\\/avatar\\\/a1c72d47914b6ffa21f1246920d5cff572eced8dc7c4ef1b629898b5a8c18fa5?s=96&d=mm&r=g\",\"contentUrl\":\"https:\\\/\\\/secure.gravatar.com\\\/avatar\\\/a1c72d47914b6ffa21f1246920d5cff572eced8dc7c4ef1b629898b5a8c18fa5?s=96&d=mm&r=g\",\"caption\":\"milena\"},\"url\":\"https:\\\/\\\/qtmm.org\\\/qt\\\/author\\\/milena\\\/\"}]}<\/script>\n<!-- \/ Yoast SEO plugin. -->","yoast_head_json":{"title":"Milliy areketni\u00f1\u00a0veteran\u0131 Celal \u00c7elebi vefat etti - \u041c\u0435\u0434\u0436\u043b\u0456\u0441","robots":{"index":"index","follow":"follow","max-snippet":"max-snippet:-1","max-image-preview":"max-image-preview:large","max-video-preview":"max-video-preview:-1"},"canonical":"https:\/\/qtmm.org\/qt\/milliy-areketnin-veterani-celal-celebi-vefat-etti\/","og_locale":"en_US","og_type":"article","og_title":"Milliy areketni\u00f1\u00a0veteran\u0131 Celal \u00c7elebi vefat etti - \u041c\u0435\u0434\u0436\u043b\u0456\u0441","og_description":"90 ya\u015f\u0131na bir bu\u00e7\u0131q ay yetmezden, Aqmescitte, \u00c7oban-T\u00f6pe (Maryino-2) mikrorayonda, Q\u0131r\u0131m\u011fa so\u00f1ki kere avdet olun\u011fan so\u00f1 ya\u015fa\u011fan Milliy areketimizni\u00f1 k\u00f6r\u00fcmli vekili Cel\u00e2l Smedl\u00e2 o\u011flu \u00c7ELEBI vefat etti.&nbsp;&nbsp; On\u0131\u00f1 Q\u0131r\u0131m i\u00e7\u00fcn k\u00fcre\u015f yolu \u00f6z\u00fcne has old\u0131. O, bu k\u00fcre\u015fte \u00f6z\u00fcni \u00e7oq bilgili, ces\u00fcrli, zorluqlar-taqipler \u00f6g\u00fcnde b\u00fck\u00fclmege istemegen, israrl\u0131, atta, keskin, inat insan olaraq k\u00f6rsetti. Cel\u00e2l a\u011fa [&hellip;]","og_url":"https:\/\/qtmm.org\/qt\/milliy-areketnin-veterani-celal-celebi-vefat-etti\/","og_site_name":"\u041c\u0435\u0434\u0436\u043b\u0456\u0441","article_publisher":"https:\/\/www.facebook.com\/qtmm.info\/","article_published_time":"2023-01-20T19:04:03+00:00","article_modified_time":"2023-01-20T19:04:05+00:00","og_image":[{"width":515,"height":573,"url":"https:\/\/qtmm.org\/wp-content\/uploads\/2023\/01\/326438931_714009883754256_2868796393798351517_n.jpg","type":"image\/jpeg"}],"author":"milena","twitter_card":"summary_large_image","twitter_misc":{"Written by":"milena","Est. reading time":"3 minutes"},"schema":{"@context":"https:\/\/schema.org","@graph":[{"@type":"Article","@id":"https:\/\/qtmm.org\/qt\/milliy-areketnin-veterani-celal-celebi-vefat-etti\/#article","isPartOf":{"@id":"https:\/\/qtmm.org\/qt\/milliy-areketnin-veterani-celal-celebi-vefat-etti\/"},"author":{"name":"milena","@id":"https:\/\/qtmm.org\/qt\/#\/schema\/person\/e19a16971e1d6077c60771108a0c2eb1"},"headline":"Milliy areketni\u00f1\u00a0veteran\u0131 Celal \u00c7elebi vefat etti","datePublished":"2023-01-20T19:04:03+00:00","dateModified":"2023-01-20T19:04:05+00:00","mainEntityOfPage":{"@id":"https:\/\/qtmm.org\/qt\/milliy-areketnin-veterani-celal-celebi-vefat-etti\/"},"wordCount":641,"commentCount":0,"publisher":{"@id":"https:\/\/qtmm.org\/qt\/#organization"},"image":{"@id":"https:\/\/qtmm.org\/qt\/milliy-areketnin-veterani-celal-celebi-vefat-etti\/#primaryimage"},"thumbnailUrl":"https:\/\/qtmm.org\/wp-content\/uploads\/2023\/01\/326438931_714009883754256_2868796393798351517_n.jpg","articleSection":["Haberler"],"inLanguage":"qt","potentialAction":[{"@type":"CommentAction","name":"Comment","target":["https:\/\/qtmm.org\/qt\/milliy-areketnin-veterani-celal-celebi-vefat-etti\/#respond"]}]},{"@type":"WebPage","@id":"https:\/\/qtmm.org\/qt\/milliy-areketnin-veterani-celal-celebi-vefat-etti\/","url":"https:\/\/qtmm.org\/qt\/milliy-areketnin-veterani-celal-celebi-vefat-etti\/","name":"Milliy areketni\u00f1\u00a0veteran\u0131 Celal \u00c7elebi vefat etti - \u041c\u0435\u0434\u0436\u043b\u0456\u0441","isPartOf":{"@id":"https:\/\/qtmm.org\/qt\/#website"},"primaryImageOfPage":{"@id":"https:\/\/qtmm.org\/qt\/milliy-areketnin-veterani-celal-celebi-vefat-etti\/#primaryimage"},"image":{"@id":"https:\/\/qtmm.org\/qt\/milliy-areketnin-veterani-celal-celebi-vefat-etti\/#primaryimage"},"thumbnailUrl":"https:\/\/qtmm.org\/wp-content\/uploads\/2023\/01\/326438931_714009883754256_2868796393798351517_n.jpg","datePublished":"2023-01-20T19:04:03+00:00","dateModified":"2023-01-20T19:04:05+00:00","breadcrumb":{"@id":"https:\/\/qtmm.org\/qt\/milliy-areketnin-veterani-celal-celebi-vefat-etti\/#breadcrumb"},"inLanguage":"qt","potentialAction":[{"@type":"ReadAction","target":["https:\/\/qtmm.org\/qt\/milliy-areketnin-veterani-celal-celebi-vefat-etti\/"]}]},{"@type":"ImageObject","inLanguage":"qt","@id":"https:\/\/qtmm.org\/qt\/milliy-areketnin-veterani-celal-celebi-vefat-etti\/#primaryimage","url":"https:\/\/qtmm.org\/wp-content\/uploads\/2023\/01\/326438931_714009883754256_2868796393798351517_n.jpg","contentUrl":"https:\/\/qtmm.org\/wp-content\/uploads\/2023\/01\/326438931_714009883754256_2868796393798351517_n.jpg","width":515,"height":573},{"@type":"BreadcrumbList","@id":"https:\/\/qtmm.org\/qt\/milliy-areketnin-veterani-celal-celebi-vefat-etti\/#breadcrumb","itemListElement":[{"@type":"ListItem","position":1,"name":"\u0413\u043e\u043b\u043e\u0432\u043d\u0430","item":"https:\/\/qtmm.org\/qt\/"},{"@type":"ListItem","position":2,"name":"Milliy areketni\u00f1\u00a0veteran\u0131 Celal \u00c7elebi vefat etti"}]},{"@type":"WebSite","@id":"https:\/\/qtmm.org\/qt\/#website","url":"https:\/\/qtmm.org\/qt\/","name":"\u041c\u0435\u0434\u0436\u043b\u0456\u0441","description":"","publisher":{"@id":"https:\/\/qtmm.org\/qt\/#organization"},"potentialAction":[{"@type":"SearchAction","target":{"@type":"EntryPoint","urlTemplate":"https:\/\/qtmm.org\/qt\/?s={search_term_string}"},"query-input":{"@type":"PropertyValueSpecification","valueRequired":true,"valueName":"search_term_string"}}],"inLanguage":"qt"},{"@type":"Organization","@id":"https:\/\/qtmm.org\/qt\/#organization","name":"\u041c\u0435\u0434\u0436\u043b\u0456\u0441","url":"https:\/\/qtmm.org\/qt\/","logo":{"@type":"ImageObject","inLanguage":"qt","@id":"https:\/\/qtmm.org\/qt\/#\/schema\/logo\/image\/","url":"https:\/\/qtmm.org\/wp-content\/uploads\/2024\/12\/ua-mejlis-logo-rgb.svg","contentUrl":"https:\/\/qtmm.org\/wp-content\/uploads\/2024\/12\/ua-mejlis-logo-rgb.svg","caption":"\u041c\u0435\u0434\u0436\u043b\u0456\u0441"},"image":{"@id":"https:\/\/qtmm.org\/qt\/#\/schema\/logo\/image\/"},"sameAs":["https:\/\/www.facebook.com\/qtmm.info\/"]},{"@type":"Person","@id":"https:\/\/qtmm.org\/qt\/#\/schema\/person\/e19a16971e1d6077c60771108a0c2eb1","name":"milena","image":{"@type":"ImageObject","inLanguage":"qt","@id":"https:\/\/secure.gravatar.com\/avatar\/a1c72d47914b6ffa21f1246920d5cff572eced8dc7c4ef1b629898b5a8c18fa5?s=96&d=mm&r=g","url":"https:\/\/secure.gravatar.com\/avatar\/a1c72d47914b6ffa21f1246920d5cff572eced8dc7c4ef1b629898b5a8c18fa5?s=96&d=mm&r=g","contentUrl":"https:\/\/secure.gravatar.com\/avatar\/a1c72d47914b6ffa21f1246920d5cff572eced8dc7c4ef1b629898b5a8c18fa5?s=96&d=mm&r=g","caption":"milena"},"url":"https:\/\/qtmm.org\/qt\/author\/milena\/"}]}},"_links":{"self":[{"href":"https:\/\/qtmm.org\/qt\/wp-json\/wp\/v2\/posts\/78329","targetHints":{"allow":["GET"]}}],"collection":[{"href":"https:\/\/qtmm.org\/qt\/wp-json\/wp\/v2\/posts"}],"about":[{"href":"https:\/\/qtmm.org\/qt\/wp-json\/wp\/v2\/types\/post"}],"author":[{"embeddable":true,"href":"https:\/\/qtmm.org\/qt\/wp-json\/wp\/v2\/users\/6"}],"replies":[{"embeddable":true,"href":"https:\/\/qtmm.org\/qt\/wp-json\/wp\/v2\/comments?post=78329"}],"version-history":[{"count":1,"href":"https:\/\/qtmm.org\/qt\/wp-json\/wp\/v2\/posts\/78329\/revisions"}],"predecessor-version":[{"id":78330,"href":"https:\/\/qtmm.org\/qt\/wp-json\/wp\/v2\/posts\/78329\/revisions\/78330"}],"wp:featuredmedia":[{"embeddable":true,"href":"https:\/\/qtmm.org\/qt\/wp-json\/wp\/v2\/media\/78323"}],"wp:attachment":[{"href":"https:\/\/qtmm.org\/qt\/wp-json\/wp\/v2\/media?parent=78329"}],"wp:term":[{"taxonomy":"category","embeddable":true,"href":"https:\/\/qtmm.org\/qt\/wp-json\/wp\/v2\/categories?post=78329"},{"taxonomy":"post_tag","embeddable":true,"href":"https:\/\/qtmm.org\/qt\/wp-json\/wp\/v2\/tags?post=78329"}],"curies":[{"name":"wp","href":"https:\/\/api.w.org\/{rel}","templated":true}]}}