




{"id":78251,"date":"2023-01-17T22:30:37","date_gmt":"2023-01-17T19:30:37","guid":{"rendered":"https:\/\/qtmm.org\/?p=78251"},"modified":"2023-01-17T22:30:39","modified_gmt":"2023-01-17T19:30:39","slug":"qara-denizde-isgalciler-kalibrlernin-sayisini-coqlastirdi","status":"publish","type":"post","link":"https:\/\/qtmm.org\/qt\/qara-denizde-isgalciler-kalibrlernin-sayisini-coqlastirdi\/","title":{"rendered":"Qara de\u00f1izde i\u015f\u011falciler &#8220;Kalibrler&#8221;ni\u00f1 say\u0131s\u0131n\u0131 \u00e7oqla\u015ft\u0131rd\u0131"},"content":{"rendered":"\n<p>Qara de\u00f1izde 17 rus gemisi arbiy az\u0131rl\u0131qta buluna, olardan aras\u0131nda tahminen 44 raketanen &#8220;Kalibr&#8221; alt\u0131 qanatl\u0131 raketas\u0131n\u0131\u00f1 ta\u015f\u0131y\u0131c\u0131s\u0131 bar, dep yanvar ay\u0131n\u0131\u00f1 17-sinde Ukraina Arbiy-de\u00f1iz quvetleri haber berdiler.<\/p>\n\n\n\n<blockquote class=\"wp-block-quote is-layout-flow wp-block-quote-is-layout-flow\"><p>&#8211; <em>Azaq de\u00f1izinde du\u015fman, eki gemini arbiy az\u0131rl\u0131qta tutaraq, de\u00f1iz al\u00e2qalar\u0131n\u0131 kontrol etmege devam ete; Aq de\u00f1izde doquz du\u015fman gemisi bar, olardan be\u015finde 72 raketanen &#8220;Kalibr&#8221; be\u015f qanatl\u0131 raketas\u0131n\u0131\u00f1 ta\u015f\u0131y\u0131c\u0131s\u0131 bar,<\/em> &#8211; <a href=\"https:\/\/www.facebook.com\/navy.mil.gov.ua\/posts\/pfbid0vDUKi7bK48LdMo33f64fMgb7Wq5RrcJyCCUwHQvU9u8daDRWFH1JMpKFFbVuiRqyl\">beyanatta yaz\u0131ld\u0131<\/a>.<\/p><\/blockquote>\n\n\n\n<p>Ke\u00e7enlerde Ukraina ADQ haber berdi ki, Rusiyeni\u00f1 Qara de\u00f1izde tahminen 30 &#8220;Kalibr&#8221; raketas\u0131 bar.<\/p>\n\n\n\n<p>Ukrainan\u0131\u00f1 cen\u00fcbi mudafaa quvetlerini\u00f1\u00a0Birle\u015fken koordinatsiya matbuat merkezini\u00f1 qad\u0131n reberi Nataliya Humen\u00fck haber berdi ki, yanvar ay\u0131n\u0131\u00f1 14-\u00fcndeki ate\u015f vaqt\u0131nda rus ordus\u0131, Qara de\u00f1izdeki \u00fcc\u00fcmge az\u0131rla\u011fan\u0131 raketalarn\u0131\u00f1 yar\u0131s\u0131n\u0131 qulland\u0131.<\/p>\n","protected":false},"excerpt":{"rendered":"<p>Qara de\u00f1izde 17 rus gemisi arbiy az\u0131rl\u0131qta buluna, olardan aras\u0131nda tahminen 44 raketanen &#8220;Kalibr&#8221; alt\u0131 qanatl\u0131 raketas\u0131n\u0131\u00f1 ta\u015f\u0131y\u0131c\u0131s\u0131 bar, dep yanvar ay\u0131n\u0131\u00f1 17-sinde Ukraina Arbiy-de\u00f1iz quvetleri haber berdiler. &#8211; Azaq de\u00f1izinde du\u015fman, eki gemini arbiy az\u0131rl\u0131qta tutaraq, de\u00f1iz al\u00e2qalar\u0131n\u0131 kontrol etmege devam ete; Aq de\u00f1izde doquz du\u015fman gemisi bar, olardan be\u015finde 72 raketanen &#8220;Kalibr&#8221; be\u015f [&hellip;]<\/p>\n","protected":false},"author":6,"featured_media":78241,"comment_status":"open","ping_status":"open","sticky":false,"template":"","format":"standard","meta":{"inline_featured_image":false,"footnotes":""},"categories":[265],"tags":[],"class_list":["post-78251","post","type-post","status-publish","format-standard","has-post-thumbnail","hentry","category-haberler"],"acf":[],"yoast_head":"<!-- This site is optimized with the Yoast SEO plugin v27.4 - https:\/\/yoast.com\/product\/yoast-seo-wordpress\/ -->\n<title>Qara de\u00f1izde i\u015f\u011falciler &quot;Kalibrler&quot;ni\u00f1 say\u0131s\u0131n\u0131 \u00e7oqla\u015ft\u0131rd\u0131 - \u041c\u0435\u0434\u0436\u043b\u0456\u0441<\/title>\n<meta name=\"robots\" content=\"index, follow, max-snippet:-1, max-image-preview:large, max-video-preview:-1\" \/>\n<link rel=\"canonical\" href=\"https:\/\/qtmm.org\/qt\/qara-denizde-isgalciler-kalibrlernin-sayisini-coqlastirdi\/\" \/>\n<meta property=\"og:locale\" content=\"en_US\" \/>\n<meta property=\"og:type\" content=\"article\" \/>\n<meta property=\"og:title\" content=\"Qara de\u00f1izde i\u015f\u011falciler &quot;Kalibrler&quot;ni\u00f1 say\u0131s\u0131n\u0131 \u00e7oqla\u015ft\u0131rd\u0131 - \u041c\u0435\u0434\u0436\u043b\u0456\u0441\" \/>\n<meta property=\"og:description\" content=\"Qara de\u00f1izde 17 rus gemisi arbiy az\u0131rl\u0131qta buluna, olardan aras\u0131nda tahminen 44 raketanen &#8220;Kalibr&#8221; alt\u0131 qanatl\u0131 raketas\u0131n\u0131\u00f1 ta\u015f\u0131y\u0131c\u0131s\u0131 bar, dep yanvar ay\u0131n\u0131\u00f1 17-sinde Ukraina Arbiy-de\u00f1iz quvetleri haber berdiler. &#8211; Azaq de\u00f1izinde du\u015fman, eki gemini arbiy az\u0131rl\u0131qta tutaraq, de\u00f1iz al\u00e2qalar\u0131n\u0131 kontrol etmege devam ete; Aq de\u00f1izde doquz du\u015fman gemisi bar, olardan be\u015finde 72 raketanen &#8220;Kalibr&#8221; be\u015f [&hellip;]\" \/>\n<meta property=\"og:url\" content=\"https:\/\/qtmm.org\/qt\/qara-denizde-isgalciler-kalibrlernin-sayisini-coqlastirdi\/\" \/>\n<meta property=\"og:site_name\" content=\"\u041c\u0435\u0434\u0436\u043b\u0456\u0441\" \/>\n<meta property=\"article:publisher\" content=\"https:\/\/www.facebook.com\/qtmm.info\/\" \/>\n<meta property=\"article:published_time\" content=\"2023-01-17T19:30:37+00:00\" \/>\n<meta property=\"article:modified_time\" content=\"2023-01-17T19:30:39+00:00\" \/>\n<meta property=\"og:image\" content=\"https:\/\/qtmm.org\/wp-content\/uploads\/2023\/01\/de185a3-6f2396c-korabli-rf690.jpg\" \/>\n\t<meta property=\"og:image:width\" content=\"690\" \/>\n\t<meta property=\"og:image:height\" content=\"387\" \/>\n\t<meta property=\"og:image:type\" content=\"image\/jpeg\" \/>\n<meta name=\"author\" content=\"milena\" \/>\n<meta name=\"twitter:card\" content=\"summary_large_image\" \/>\n<meta name=\"twitter:label1\" content=\"Written by\" \/>\n\t<meta name=\"twitter:data1\" content=\"milena\" \/>\n\t<meta name=\"twitter:label2\" content=\"Est. reading time\" \/>\n\t<meta name=\"twitter:data2\" content=\"1 minute\" \/>\n<script type=\"application\/ld+json\" class=\"yoast-schema-graph\">{\"@context\":\"https:\\\/\\\/schema.org\",\"@graph\":[{\"@type\":\"Article\",\"@id\":\"https:\\\/\\\/qtmm.org\\\/qt\\\/qara-denizde-isgalciler-kalibrlernin-sayisini-coqlastirdi\\\/#article\",\"isPartOf\":{\"@id\":\"https:\\\/\\\/qtmm.org\\\/qt\\\/qara-denizde-isgalciler-kalibrlernin-sayisini-coqlastirdi\\\/\"},\"author\":{\"name\":\"milena\",\"@id\":\"https:\\\/\\\/qtmm.org\\\/qt\\\/#\\\/schema\\\/person\\\/e19a16971e1d6077c60771108a0c2eb1\"},\"headline\":\"Qara de\u00f1izde i\u015f\u011falciler &#8220;Kalibrler&#8221;ni\u00f1 say\u0131s\u0131n\u0131 \u00e7oqla\u015ft\u0131rd\u0131\",\"datePublished\":\"2023-01-17T19:30:37+00:00\",\"dateModified\":\"2023-01-17T19:30:39+00:00\",\"mainEntityOfPage\":{\"@id\":\"https:\\\/\\\/qtmm.org\\\/qt\\\/qara-denizde-isgalciler-kalibrlernin-sayisini-coqlastirdi\\\/\"},\"wordCount\":154,\"commentCount\":0,\"publisher\":{\"@id\":\"https:\\\/\\\/qtmm.org\\\/qt\\\/#organization\"},\"image\":{\"@id\":\"https:\\\/\\\/qtmm.org\\\/qt\\\/qara-denizde-isgalciler-kalibrlernin-sayisini-coqlastirdi\\\/#primaryimage\"},\"thumbnailUrl\":\"https:\\\/\\\/qtmm.org\\\/wp-content\\\/uploads\\\/2023\\\/01\\\/de185a3-6f2396c-korabli-rf690.jpg\",\"articleSection\":[\"Haberler\"],\"inLanguage\":\"qt\",\"potentialAction\":[{\"@type\":\"CommentAction\",\"name\":\"Comment\",\"target\":[\"https:\\\/\\\/qtmm.org\\\/qt\\\/qara-denizde-isgalciler-kalibrlernin-sayisini-coqlastirdi\\\/#respond\"]}]},{\"@type\":\"WebPage\",\"@id\":\"https:\\\/\\\/qtmm.org\\\/qt\\\/qara-denizde-isgalciler-kalibrlernin-sayisini-coqlastirdi\\\/\",\"url\":\"https:\\\/\\\/qtmm.org\\\/qt\\\/qara-denizde-isgalciler-kalibrlernin-sayisini-coqlastirdi\\\/\",\"name\":\"Qara de\u00f1izde i\u015f\u011falciler \\\"Kalibrler\\\"ni\u00f1 say\u0131s\u0131n\u0131 \u00e7oqla\u015ft\u0131rd\u0131 - \u041c\u0435\u0434\u0436\u043b\u0456\u0441\",\"isPartOf\":{\"@id\":\"https:\\\/\\\/qtmm.org\\\/qt\\\/#website\"},\"primaryImageOfPage\":{\"@id\":\"https:\\\/\\\/qtmm.org\\\/qt\\\/qara-denizde-isgalciler-kalibrlernin-sayisini-coqlastirdi\\\/#primaryimage\"},\"image\":{\"@id\":\"https:\\\/\\\/qtmm.org\\\/qt\\\/qara-denizde-isgalciler-kalibrlernin-sayisini-coqlastirdi\\\/#primaryimage\"},\"thumbnailUrl\":\"https:\\\/\\\/qtmm.org\\\/wp-content\\\/uploads\\\/2023\\\/01\\\/de185a3-6f2396c-korabli-rf690.jpg\",\"datePublished\":\"2023-01-17T19:30:37+00:00\",\"dateModified\":\"2023-01-17T19:30:39+00:00\",\"breadcrumb\":{\"@id\":\"https:\\\/\\\/qtmm.org\\\/qt\\\/qara-denizde-isgalciler-kalibrlernin-sayisini-coqlastirdi\\\/#breadcrumb\"},\"inLanguage\":\"qt\",\"potentialAction\":[{\"@type\":\"ReadAction\",\"target\":[\"https:\\\/\\\/qtmm.org\\\/qt\\\/qara-denizde-isgalciler-kalibrlernin-sayisini-coqlastirdi\\\/\"]}]},{\"@type\":\"ImageObject\",\"inLanguage\":\"qt\",\"@id\":\"https:\\\/\\\/qtmm.org\\\/qt\\\/qara-denizde-isgalciler-kalibrlernin-sayisini-coqlastirdi\\\/#primaryimage\",\"url\":\"https:\\\/\\\/qtmm.org\\\/wp-content\\\/uploads\\\/2023\\\/01\\\/de185a3-6f2396c-korabli-rf690.jpg\",\"contentUrl\":\"https:\\\/\\\/qtmm.org\\\/wp-content\\\/uploads\\\/2023\\\/01\\\/de185a3-6f2396c-korabli-rf690.jpg\",\"width\":690,\"height\":387},{\"@type\":\"BreadcrumbList\",\"@id\":\"https:\\\/\\\/qtmm.org\\\/qt\\\/qara-denizde-isgalciler-kalibrlernin-sayisini-coqlastirdi\\\/#breadcrumb\",\"itemListElement\":[{\"@type\":\"ListItem\",\"position\":1,\"name\":\"\u0413\u043e\u043b\u043e\u0432\u043d\u0430\",\"item\":\"https:\\\/\\\/qtmm.org\\\/qt\\\/\"},{\"@type\":\"ListItem\",\"position\":2,\"name\":\"Qara de\u00f1izde i\u015f\u011falciler &#8220;Kalibrler&#8221;ni\u00f1 say\u0131s\u0131n\u0131 \u00e7oqla\u015ft\u0131rd\u0131\"}]},{\"@type\":\"WebSite\",\"@id\":\"https:\\\/\\\/qtmm.org\\\/qt\\\/#website\",\"url\":\"https:\\\/\\\/qtmm.org\\\/qt\\\/\",\"name\":\"\u041c\u0435\u0434\u0436\u043b\u0456\u0441\",\"description\":\"\",\"publisher\":{\"@id\":\"https:\\\/\\\/qtmm.org\\\/qt\\\/#organization\"},\"potentialAction\":[{\"@type\":\"SearchAction\",\"target\":{\"@type\":\"EntryPoint\",\"urlTemplate\":\"https:\\\/\\\/qtmm.org\\\/qt\\\/?s={search_term_string}\"},\"query-input\":{\"@type\":\"PropertyValueSpecification\",\"valueRequired\":true,\"valueName\":\"search_term_string\"}}],\"inLanguage\":\"qt\"},{\"@type\":\"Organization\",\"@id\":\"https:\\\/\\\/qtmm.org\\\/qt\\\/#organization\",\"name\":\"\u041c\u0435\u0434\u0436\u043b\u0456\u0441\",\"url\":\"https:\\\/\\\/qtmm.org\\\/qt\\\/\",\"logo\":{\"@type\":\"ImageObject\",\"inLanguage\":\"qt\",\"@id\":\"https:\\\/\\\/qtmm.org\\\/qt\\\/#\\\/schema\\\/logo\\\/image\\\/\",\"url\":\"https:\\\/\\\/qtmm.org\\\/wp-content\\\/uploads\\\/2024\\\/12\\\/ua-mejlis-logo-rgb.svg\",\"contentUrl\":\"https:\\\/\\\/qtmm.org\\\/wp-content\\\/uploads\\\/2024\\\/12\\\/ua-mejlis-logo-rgb.svg\",\"caption\":\"\u041c\u0435\u0434\u0436\u043b\u0456\u0441\"},\"image\":{\"@id\":\"https:\\\/\\\/qtmm.org\\\/qt\\\/#\\\/schema\\\/logo\\\/image\\\/\"},\"sameAs\":[\"https:\\\/\\\/www.facebook.com\\\/qtmm.info\\\/\"]},{\"@type\":\"Person\",\"@id\":\"https:\\\/\\\/qtmm.org\\\/qt\\\/#\\\/schema\\\/person\\\/e19a16971e1d6077c60771108a0c2eb1\",\"name\":\"milena\",\"image\":{\"@type\":\"ImageObject\",\"inLanguage\":\"qt\",\"@id\":\"https:\\\/\\\/secure.gravatar.com\\\/avatar\\\/a1c72d47914b6ffa21f1246920d5cff572eced8dc7c4ef1b629898b5a8c18fa5?s=96&d=mm&r=g\",\"url\":\"https:\\\/\\\/secure.gravatar.com\\\/avatar\\\/a1c72d47914b6ffa21f1246920d5cff572eced8dc7c4ef1b629898b5a8c18fa5?s=96&d=mm&r=g\",\"contentUrl\":\"https:\\\/\\\/secure.gravatar.com\\\/avatar\\\/a1c72d47914b6ffa21f1246920d5cff572eced8dc7c4ef1b629898b5a8c18fa5?s=96&d=mm&r=g\",\"caption\":\"milena\"},\"url\":\"https:\\\/\\\/qtmm.org\\\/qt\\\/author\\\/milena\\\/\"}]}<\/script>\n<!-- \/ Yoast SEO plugin. -->","yoast_head_json":{"title":"Qara de\u00f1izde i\u015f\u011falciler \"Kalibrler\"ni\u00f1 say\u0131s\u0131n\u0131 \u00e7oqla\u015ft\u0131rd\u0131 - \u041c\u0435\u0434\u0436\u043b\u0456\u0441","robots":{"index":"index","follow":"follow","max-snippet":"max-snippet:-1","max-image-preview":"max-image-preview:large","max-video-preview":"max-video-preview:-1"},"canonical":"https:\/\/qtmm.org\/qt\/qara-denizde-isgalciler-kalibrlernin-sayisini-coqlastirdi\/","og_locale":"en_US","og_type":"article","og_title":"Qara de\u00f1izde i\u015f\u011falciler \"Kalibrler\"ni\u00f1 say\u0131s\u0131n\u0131 \u00e7oqla\u015ft\u0131rd\u0131 - \u041c\u0435\u0434\u0436\u043b\u0456\u0441","og_description":"Qara de\u00f1izde 17 rus gemisi arbiy az\u0131rl\u0131qta buluna, olardan aras\u0131nda tahminen 44 raketanen &#8220;Kalibr&#8221; alt\u0131 qanatl\u0131 raketas\u0131n\u0131\u00f1 ta\u015f\u0131y\u0131c\u0131s\u0131 bar, dep yanvar ay\u0131n\u0131\u00f1 17-sinde Ukraina Arbiy-de\u00f1iz quvetleri haber berdiler. &#8211; Azaq de\u00f1izinde du\u015fman, eki gemini arbiy az\u0131rl\u0131qta tutaraq, de\u00f1iz al\u00e2qalar\u0131n\u0131 kontrol etmege devam ete; Aq de\u00f1izde doquz du\u015fman gemisi bar, olardan be\u015finde 72 raketanen &#8220;Kalibr&#8221; be\u015f [&hellip;]","og_url":"https:\/\/qtmm.org\/qt\/qara-denizde-isgalciler-kalibrlernin-sayisini-coqlastirdi\/","og_site_name":"\u041c\u0435\u0434\u0436\u043b\u0456\u0441","article_publisher":"https:\/\/www.facebook.com\/qtmm.info\/","article_published_time":"2023-01-17T19:30:37+00:00","article_modified_time":"2023-01-17T19:30:39+00:00","og_image":[{"width":690,"height":387,"url":"https:\/\/qtmm.org\/wp-content\/uploads\/2023\/01\/de185a3-6f2396c-korabli-rf690.jpg","type":"image\/jpeg"}],"author":"milena","twitter_card":"summary_large_image","twitter_misc":{"Written by":"milena","Est. reading time":"1 minute"},"schema":{"@context":"https:\/\/schema.org","@graph":[{"@type":"Article","@id":"https:\/\/qtmm.org\/qt\/qara-denizde-isgalciler-kalibrlernin-sayisini-coqlastirdi\/#article","isPartOf":{"@id":"https:\/\/qtmm.org\/qt\/qara-denizde-isgalciler-kalibrlernin-sayisini-coqlastirdi\/"},"author":{"name":"milena","@id":"https:\/\/qtmm.org\/qt\/#\/schema\/person\/e19a16971e1d6077c60771108a0c2eb1"},"headline":"Qara de\u00f1izde i\u015f\u011falciler &#8220;Kalibrler&#8221;ni\u00f1 say\u0131s\u0131n\u0131 \u00e7oqla\u015ft\u0131rd\u0131","datePublished":"2023-01-17T19:30:37+00:00","dateModified":"2023-01-17T19:30:39+00:00","mainEntityOfPage":{"@id":"https:\/\/qtmm.org\/qt\/qara-denizde-isgalciler-kalibrlernin-sayisini-coqlastirdi\/"},"wordCount":154,"commentCount":0,"publisher":{"@id":"https:\/\/qtmm.org\/qt\/#organization"},"image":{"@id":"https:\/\/qtmm.org\/qt\/qara-denizde-isgalciler-kalibrlernin-sayisini-coqlastirdi\/#primaryimage"},"thumbnailUrl":"https:\/\/qtmm.org\/wp-content\/uploads\/2023\/01\/de185a3-6f2396c-korabli-rf690.jpg","articleSection":["Haberler"],"inLanguage":"qt","potentialAction":[{"@type":"CommentAction","name":"Comment","target":["https:\/\/qtmm.org\/qt\/qara-denizde-isgalciler-kalibrlernin-sayisini-coqlastirdi\/#respond"]}]},{"@type":"WebPage","@id":"https:\/\/qtmm.org\/qt\/qara-denizde-isgalciler-kalibrlernin-sayisini-coqlastirdi\/","url":"https:\/\/qtmm.org\/qt\/qara-denizde-isgalciler-kalibrlernin-sayisini-coqlastirdi\/","name":"Qara de\u00f1izde i\u015f\u011falciler \"Kalibrler\"ni\u00f1 say\u0131s\u0131n\u0131 \u00e7oqla\u015ft\u0131rd\u0131 - \u041c\u0435\u0434\u0436\u043b\u0456\u0441","isPartOf":{"@id":"https:\/\/qtmm.org\/qt\/#website"},"primaryImageOfPage":{"@id":"https:\/\/qtmm.org\/qt\/qara-denizde-isgalciler-kalibrlernin-sayisini-coqlastirdi\/#primaryimage"},"image":{"@id":"https:\/\/qtmm.org\/qt\/qara-denizde-isgalciler-kalibrlernin-sayisini-coqlastirdi\/#primaryimage"},"thumbnailUrl":"https:\/\/qtmm.org\/wp-content\/uploads\/2023\/01\/de185a3-6f2396c-korabli-rf690.jpg","datePublished":"2023-01-17T19:30:37+00:00","dateModified":"2023-01-17T19:30:39+00:00","breadcrumb":{"@id":"https:\/\/qtmm.org\/qt\/qara-denizde-isgalciler-kalibrlernin-sayisini-coqlastirdi\/#breadcrumb"},"inLanguage":"qt","potentialAction":[{"@type":"ReadAction","target":["https:\/\/qtmm.org\/qt\/qara-denizde-isgalciler-kalibrlernin-sayisini-coqlastirdi\/"]}]},{"@type":"ImageObject","inLanguage":"qt","@id":"https:\/\/qtmm.org\/qt\/qara-denizde-isgalciler-kalibrlernin-sayisini-coqlastirdi\/#primaryimage","url":"https:\/\/qtmm.org\/wp-content\/uploads\/2023\/01\/de185a3-6f2396c-korabli-rf690.jpg","contentUrl":"https:\/\/qtmm.org\/wp-content\/uploads\/2023\/01\/de185a3-6f2396c-korabli-rf690.jpg","width":690,"height":387},{"@type":"BreadcrumbList","@id":"https:\/\/qtmm.org\/qt\/qara-denizde-isgalciler-kalibrlernin-sayisini-coqlastirdi\/#breadcrumb","itemListElement":[{"@type":"ListItem","position":1,"name":"\u0413\u043e\u043b\u043e\u0432\u043d\u0430","item":"https:\/\/qtmm.org\/qt\/"},{"@type":"ListItem","position":2,"name":"Qara de\u00f1izde i\u015f\u011falciler &#8220;Kalibrler&#8221;ni\u00f1 say\u0131s\u0131n\u0131 \u00e7oqla\u015ft\u0131rd\u0131"}]},{"@type":"WebSite","@id":"https:\/\/qtmm.org\/qt\/#website","url":"https:\/\/qtmm.org\/qt\/","name":"\u041c\u0435\u0434\u0436\u043b\u0456\u0441","description":"","publisher":{"@id":"https:\/\/qtmm.org\/qt\/#organization"},"potentialAction":[{"@type":"SearchAction","target":{"@type":"EntryPoint","urlTemplate":"https:\/\/qtmm.org\/qt\/?s={search_term_string}"},"query-input":{"@type":"PropertyValueSpecification","valueRequired":true,"valueName":"search_term_string"}}],"inLanguage":"qt"},{"@type":"Organization","@id":"https:\/\/qtmm.org\/qt\/#organization","name":"\u041c\u0435\u0434\u0436\u043b\u0456\u0441","url":"https:\/\/qtmm.org\/qt\/","logo":{"@type":"ImageObject","inLanguage":"qt","@id":"https:\/\/qtmm.org\/qt\/#\/schema\/logo\/image\/","url":"https:\/\/qtmm.org\/wp-content\/uploads\/2024\/12\/ua-mejlis-logo-rgb.svg","contentUrl":"https:\/\/qtmm.org\/wp-content\/uploads\/2024\/12\/ua-mejlis-logo-rgb.svg","caption":"\u041c\u0435\u0434\u0436\u043b\u0456\u0441"},"image":{"@id":"https:\/\/qtmm.org\/qt\/#\/schema\/logo\/image\/"},"sameAs":["https:\/\/www.facebook.com\/qtmm.info\/"]},{"@type":"Person","@id":"https:\/\/qtmm.org\/qt\/#\/schema\/person\/e19a16971e1d6077c60771108a0c2eb1","name":"milena","image":{"@type":"ImageObject","inLanguage":"qt","@id":"https:\/\/secure.gravatar.com\/avatar\/a1c72d47914b6ffa21f1246920d5cff572eced8dc7c4ef1b629898b5a8c18fa5?s=96&d=mm&r=g","url":"https:\/\/secure.gravatar.com\/avatar\/a1c72d47914b6ffa21f1246920d5cff572eced8dc7c4ef1b629898b5a8c18fa5?s=96&d=mm&r=g","contentUrl":"https:\/\/secure.gravatar.com\/avatar\/a1c72d47914b6ffa21f1246920d5cff572eced8dc7c4ef1b629898b5a8c18fa5?s=96&d=mm&r=g","caption":"milena"},"url":"https:\/\/qtmm.org\/qt\/author\/milena\/"}]}},"_links":{"self":[{"href":"https:\/\/qtmm.org\/qt\/wp-json\/wp\/v2\/posts\/78251","targetHints":{"allow":["GET"]}}],"collection":[{"href":"https:\/\/qtmm.org\/qt\/wp-json\/wp\/v2\/posts"}],"about":[{"href":"https:\/\/qtmm.org\/qt\/wp-json\/wp\/v2\/types\/post"}],"author":[{"embeddable":true,"href":"https:\/\/qtmm.org\/qt\/wp-json\/wp\/v2\/users\/6"}],"replies":[{"embeddable":true,"href":"https:\/\/qtmm.org\/qt\/wp-json\/wp\/v2\/comments?post=78251"}],"version-history":[{"count":1,"href":"https:\/\/qtmm.org\/qt\/wp-json\/wp\/v2\/posts\/78251\/revisions"}],"predecessor-version":[{"id":78252,"href":"https:\/\/qtmm.org\/qt\/wp-json\/wp\/v2\/posts\/78251\/revisions\/78252"}],"wp:featuredmedia":[{"embeddable":true,"href":"https:\/\/qtmm.org\/qt\/wp-json\/wp\/v2\/media\/78241"}],"wp:attachment":[{"href":"https:\/\/qtmm.org\/qt\/wp-json\/wp\/v2\/media?parent=78251"}],"wp:term":[{"taxonomy":"category","embeddable":true,"href":"https:\/\/qtmm.org\/qt\/wp-json\/wp\/v2\/categories?post=78251"},{"taxonomy":"post_tag","embeddable":true,"href":"https:\/\/qtmm.org\/qt\/wp-json\/wp\/v2\/tags?post=78251"}],"curies":[{"name":"wp","href":"https:\/\/api.w.org\/{rel}","templated":true}]}}