




{"id":78211,"date":"2023-01-13T16:43:11","date_gmt":"2023-01-13T13:43:11","guid":{"rendered":"https:\/\/qtmm.org\/?p=78211"},"modified":"2023-01-13T16:43:13","modified_gmt":"2023-01-13T13:43:13","slug":"ceppar-ukraina-rfni-makum-etmek-icgn-bmtnin-rezolutsiya-leyhasini-azirlay","status":"publish","type":"post","link":"https:\/\/qtmm.org\/qt\/ceppar-ukraina-rfni-makum-etmek-icgn-bmtnin-rezolutsiya-leyhasini-azirlay\/","title":{"rendered":"Ceppar: Ukraina, rfn\u0131 mak\u00fcm etmek i\u00e7\u011fn BMTn\u0131\u00f1\u00a0rezol\u00fctsiya leyhas\u0131n\u0131 az\u0131rlay"},"content":{"rendered":"\n<p>Ukraina, BMTn\u0131\u00f1 Ba\u015f Assambleyas\u0131n\u0131\u00f1 eki rezol\u00fctsiyas\u0131n\u0131 yerine ketirmege yard\u0131m etecek. Birincisi &#8211; Bar\u0131\u015f\u0131q formulas\u0131n\u0131\u00f1\u00a0yerine ketirilmesinen ba\u011fl\u0131, ekincisi de cenk ba\u015flatmas\u0131 i\u00e7\u00fcn ruhiyeni mesuliyetle \u00e7ek\u00fcvnen ba\u011fl\u0131d\u0131r. Ukraina t\u0131\u015f i\u015fleri nazirini\u00f1 ilk muavini Emine Ceppar bun\u0131 bildirdi, dep <a href=\"https:\/\/www.ukrinform.ua\/rubric-polytics\/3651505-ukraina-iniciuvatime-uhvalenna-rezolucij-oon-sodo-formuli-miru-ta-vidpovidalnosti-rf-dzaparova.html\">Ukrinform<\/a> haber berdi.<\/p>\n\n\n\n<blockquote class=\"wp-block-quote is-layout-flow wp-block-quote-is-layout-flow\"><p><em>&#8211; Bu sene bizim diplomatik \u011fayretlerimizni eki esas rezol\u00fctsiya\u011fa yollaycaqm\u0131z. Fevral ay\u0131nda birinci areketimiz &#8211; Bar\u0131\u015f\u0131q formulas\u0131d\u0131r. Ekincisi de rusiyeni\u00f1 mes\u00fcliyeti,<\/em> &#8211; dep aytt\u0131.<\/p><\/blockquote>\n\n\n\n<p>Cepparn\u0131\u00f1 s\u00f6zlerine k\u00f6re, G20 sammitinde Prezident Volod\u0131m\u0131r Zelensk\u0131yn\u0131\u00f1&nbsp;teklif etkeni Bar\u0131\u015f\u0131q formulas\u0131na dair rezol\u00fctsiyan\u0131 tasd\u0131qlamaq i\u00e7\u00fcn Ba\u015f Asssambleyan\u0131\u00f1 fevqul\u00e2de mahsus eyyetini toplamaq m\u00fcmk\u00fcn, yaq\u0131n kelecekte bu sene mes\u00fcliyetke dair rezol\u00fctsiya baq\u0131lacaq.<\/p>\n\n\n\n<p>Ukrainan\u0131\u00f1 ortaqlar\u0131 gruppas\u0131, Bar\u0131\u015f\u0131q formulas\u0131na dair rezol\u00fctsiyasn\u0131\u00f1 metnini uy\u011funla\u015ft\u0131racaq, dep a\u00f1latt\u0131: \u00abKer\u00e7ekten de Bar\u0131\u015f\u0131q formulas\u0131n\u0131\u00f1 \u011fayesi, on\u0131\u00f1 maddeleri, fikirleri ve felsefesini pekitmege isteymiz. Bun\u0131\u00f1 i\u00e7\u00fcn \u00fcm\u00fct etemiz ki, tolu miqyasl\u0131 tecavuzn\u0131\u00f1 y\u0131ll\u0131\u011f\u0131na fevral ay\u0131n\u0131\u00f1 so\u00f1unda o baq\u0131lacaq\u00bb.<\/p>\n\n\n\n<p>Cepparn\u0131\u00f1 fikrince, Bar\u0131\u015f\u0131q formulas\u0131 pek keyfiyetli olacaq ve BMTn\u0131\u00f1 nizamnamesine uy\u011fund\u0131r.<\/p>\n\n\n\n<blockquote class=\"wp-block-quote is-layout-flow wp-block-quote-is-layout-flow\"><p>&#8211; <em>Biz, tek bir neticege &#8211; topraq b\u00fct\u00fcnligi ve bizim halq\u0131m\u0131z i\u00e7\u00fcn bar\u0131\u015f\u0131qqa &#8211; ketirgen t\u0131n\u00e7 \u00e7at\u0131\u015fmalar\u011fa sad\u0131qm\u0131z, <\/em>&#8211; Ukraina, topra\u011f\u0131n\u0131 sat\u0131n alma\u011fa t\u00fc\u015f\u00fcnmegenini qayd etip bildirdi; rus ordus\u0131 Ukrainadan \u00e7\u0131qqacaq so\u00f1 \u00e7e\u015fitli t\u0131n\u00e7 \u00e7at\u0131\u015fmalar ke\u00e7irile bilir.<\/p><\/blockquote>\n\n\n\n<p>Emine Ceppar hat\u0131rlatt\u0131 ki, Halqara cinaiy makeme cenk cinayetleri, insaniyetkke qar\u015f\u0131 cinayetler ve Ukrainadaki genotsid cinayetlerini endi baqa.<\/p>\n\n\n\n<p>BMTn\u0131\u00f1 bilgilerine k\u00f6re, RFn\u0131\u00f1 tolu miqyasl\u0131 tecavuz\u0131n\u0131\u00f1 neticesinde Ukrainada 6952 ki\u015fi \u00f6ld\u00fc, daa 11144 vatanda\u015f yaraland\u0131. \u00c7oq delil ve \u015faatqa baqmqadan, RF t\u0131n\u00e7 ya\u015fa\u011fan ealige \u00fcc\u00fcmlerini red ete.<\/p>\n","protected":false},"excerpt":{"rendered":"<p>Ukraina, BMTn\u0131\u00f1 Ba\u015f Assambleyas\u0131n\u0131\u00f1 eki rezol\u00fctsiyas\u0131n\u0131 yerine ketirmege yard\u0131m etecek. Birincisi &#8211; Bar\u0131\u015f\u0131q formulas\u0131n\u0131\u00f1\u00a0yerine ketirilmesinen ba\u011fl\u0131, ekincisi de cenk ba\u015flatmas\u0131 i\u00e7\u00fcn ruhiyeni mesuliyetle \u00e7ek\u00fcvnen ba\u011fl\u0131d\u0131r. Ukraina t\u0131\u015f i\u015fleri nazirini\u00f1 ilk muavini Emine Ceppar bun\u0131 bildirdi, dep Ukrinform haber berdi. &#8211; Bu sene bizim diplomatik \u011fayretlerimizni eki esas rezol\u00fctsiya\u011fa yollaycaqm\u0131z. Fevral ay\u0131nda birinci areketimiz &#8211; Bar\u0131\u015f\u0131q [&hellip;]<\/p>\n","protected":false},"author":6,"featured_media":78199,"comment_status":"open","ping_status":"open","sticky":false,"template":"","format":"standard","meta":{"inline_featured_image":false,"footnotes":""},"categories":[265],"tags":[],"class_list":["post-78211","post","type-post","status-publish","format-standard","has-post-thumbnail","hentry","category-haberler"],"acf":[],"yoast_head":"<!-- This site is optimized with the Yoast SEO plugin v27.4 - https:\/\/yoast.com\/product\/yoast-seo-wordpress\/ -->\n<title>Ceppar: Ukraina, rfn\u0131 mak\u00fcm etmek i\u00e7\u011fn BMTn\u0131\u00f1\u00a0rezol\u00fctsiya leyhas\u0131n\u0131 az\u0131rlay - \u041c\u0435\u0434\u0436\u043b\u0456\u0441<\/title>\n<meta name=\"robots\" content=\"index, follow, max-snippet:-1, max-image-preview:large, max-video-preview:-1\" \/>\n<link rel=\"canonical\" href=\"https:\/\/qtmm.org\/qt\/ceppar-ukraina-rfni-makum-etmek-icgn-bmtnin-rezolutsiya-leyhasini-azirlay\/\" \/>\n<meta property=\"og:locale\" content=\"en_US\" \/>\n<meta property=\"og:type\" content=\"article\" \/>\n<meta property=\"og:title\" content=\"Ceppar: Ukraina, rfn\u0131 mak\u00fcm etmek i\u00e7\u011fn BMTn\u0131\u00f1\u00a0rezol\u00fctsiya leyhas\u0131n\u0131 az\u0131rlay - \u041c\u0435\u0434\u0436\u043b\u0456\u0441\" \/>\n<meta property=\"og:description\" content=\"Ukraina, BMTn\u0131\u00f1 Ba\u015f Assambleyas\u0131n\u0131\u00f1 eki rezol\u00fctsiyas\u0131n\u0131 yerine ketirmege yard\u0131m etecek. Birincisi &#8211; Bar\u0131\u015f\u0131q formulas\u0131n\u0131\u00f1\u00a0yerine ketirilmesinen ba\u011fl\u0131, ekincisi de cenk ba\u015flatmas\u0131 i\u00e7\u00fcn ruhiyeni mesuliyetle \u00e7ek\u00fcvnen ba\u011fl\u0131d\u0131r. Ukraina t\u0131\u015f i\u015fleri nazirini\u00f1 ilk muavini Emine Ceppar bun\u0131 bildirdi, dep Ukrinform haber berdi. &#8211; Bu sene bizim diplomatik \u011fayretlerimizni eki esas rezol\u00fctsiya\u011fa yollaycaqm\u0131z. Fevral ay\u0131nda birinci areketimiz &#8211; Bar\u0131\u015f\u0131q [&hellip;]\" \/>\n<meta property=\"og:url\" content=\"https:\/\/qtmm.org\/qt\/ceppar-ukraina-rfni-makum-etmek-icgn-bmtnin-rezolutsiya-leyhasini-azirlay\/\" \/>\n<meta property=\"og:site_name\" content=\"\u041c\u0435\u0434\u0436\u043b\u0456\u0441\" \/>\n<meta property=\"article:publisher\" content=\"https:\/\/www.facebook.com\/qtmm.info\/\" \/>\n<meta property=\"article:published_time\" content=\"2023-01-13T13:43:11+00:00\" \/>\n<meta property=\"article:modified_time\" content=\"2023-01-13T13:43:13+00:00\" \/>\n<meta property=\"og:image\" content=\"https:\/\/qtmm.org\/wp-content\/uploads\/2023\/01\/323641207_5903282339710944_5452516364799712868_n.jpg\" \/>\n\t<meta property=\"og:image:width\" content=\"1280\" \/>\n\t<meta property=\"og:image:height\" content=\"728\" \/>\n\t<meta property=\"og:image:type\" content=\"image\/jpeg\" \/>\n<meta name=\"author\" content=\"milena\" \/>\n<meta name=\"twitter:card\" content=\"summary_large_image\" \/>\n<meta name=\"twitter:label1\" content=\"Written by\" \/>\n\t<meta name=\"twitter:data1\" content=\"milena\" \/>\n\t<meta name=\"twitter:label2\" content=\"Est. reading time\" \/>\n\t<meta name=\"twitter:data2\" content=\"2 minutes\" \/>\n<script type=\"application\/ld+json\" class=\"yoast-schema-graph\">{\"@context\":\"https:\\\/\\\/schema.org\",\"@graph\":[{\"@type\":\"Article\",\"@id\":\"https:\\\/\\\/qtmm.org\\\/qt\\\/ceppar-ukraina-rfni-makum-etmek-icgn-bmtnin-rezolutsiya-leyhasini-azirlay\\\/#article\",\"isPartOf\":{\"@id\":\"https:\\\/\\\/qtmm.org\\\/qt\\\/ceppar-ukraina-rfni-makum-etmek-icgn-bmtnin-rezolutsiya-leyhasini-azirlay\\\/\"},\"author\":{\"name\":\"milena\",\"@id\":\"https:\\\/\\\/qtmm.org\\\/qt\\\/#\\\/schema\\\/person\\\/e19a16971e1d6077c60771108a0c2eb1\"},\"headline\":\"Ceppar: Ukraina, rfn\u0131 mak\u00fcm etmek i\u00e7\u011fn BMTn\u0131\u00f1\u00a0rezol\u00fctsiya leyhas\u0131n\u0131 az\u0131rlay\",\"datePublished\":\"2023-01-13T13:43:11+00:00\",\"dateModified\":\"2023-01-13T13:43:13+00:00\",\"mainEntityOfPage\":{\"@id\":\"https:\\\/\\\/qtmm.org\\\/qt\\\/ceppar-ukraina-rfni-makum-etmek-icgn-bmtnin-rezolutsiya-leyhasini-azirlay\\\/\"},\"wordCount\":326,\"commentCount\":0,\"publisher\":{\"@id\":\"https:\\\/\\\/qtmm.org\\\/qt\\\/#organization\"},\"image\":{\"@id\":\"https:\\\/\\\/qtmm.org\\\/qt\\\/ceppar-ukraina-rfni-makum-etmek-icgn-bmtnin-rezolutsiya-leyhasini-azirlay\\\/#primaryimage\"},\"thumbnailUrl\":\"https:\\\/\\\/qtmm.org\\\/wp-content\\\/uploads\\\/2023\\\/01\\\/323641207_5903282339710944_5452516364799712868_n.jpg\",\"articleSection\":[\"Haberler\"],\"inLanguage\":\"qt\",\"potentialAction\":[{\"@type\":\"CommentAction\",\"name\":\"Comment\",\"target\":[\"https:\\\/\\\/qtmm.org\\\/qt\\\/ceppar-ukraina-rfni-makum-etmek-icgn-bmtnin-rezolutsiya-leyhasini-azirlay\\\/#respond\"]}]},{\"@type\":\"WebPage\",\"@id\":\"https:\\\/\\\/qtmm.org\\\/qt\\\/ceppar-ukraina-rfni-makum-etmek-icgn-bmtnin-rezolutsiya-leyhasini-azirlay\\\/\",\"url\":\"https:\\\/\\\/qtmm.org\\\/qt\\\/ceppar-ukraina-rfni-makum-etmek-icgn-bmtnin-rezolutsiya-leyhasini-azirlay\\\/\",\"name\":\"Ceppar: Ukraina, rfn\u0131 mak\u00fcm etmek i\u00e7\u011fn BMTn\u0131\u00f1\u00a0rezol\u00fctsiya leyhas\u0131n\u0131 az\u0131rlay - \u041c\u0435\u0434\u0436\u043b\u0456\u0441\",\"isPartOf\":{\"@id\":\"https:\\\/\\\/qtmm.org\\\/qt\\\/#website\"},\"primaryImageOfPage\":{\"@id\":\"https:\\\/\\\/qtmm.org\\\/qt\\\/ceppar-ukraina-rfni-makum-etmek-icgn-bmtnin-rezolutsiya-leyhasini-azirlay\\\/#primaryimage\"},\"image\":{\"@id\":\"https:\\\/\\\/qtmm.org\\\/qt\\\/ceppar-ukraina-rfni-makum-etmek-icgn-bmtnin-rezolutsiya-leyhasini-azirlay\\\/#primaryimage\"},\"thumbnailUrl\":\"https:\\\/\\\/qtmm.org\\\/wp-content\\\/uploads\\\/2023\\\/01\\\/323641207_5903282339710944_5452516364799712868_n.jpg\",\"datePublished\":\"2023-01-13T13:43:11+00:00\",\"dateModified\":\"2023-01-13T13:43:13+00:00\",\"breadcrumb\":{\"@id\":\"https:\\\/\\\/qtmm.org\\\/qt\\\/ceppar-ukraina-rfni-makum-etmek-icgn-bmtnin-rezolutsiya-leyhasini-azirlay\\\/#breadcrumb\"},\"inLanguage\":\"qt\",\"potentialAction\":[{\"@type\":\"ReadAction\",\"target\":[\"https:\\\/\\\/qtmm.org\\\/qt\\\/ceppar-ukraina-rfni-makum-etmek-icgn-bmtnin-rezolutsiya-leyhasini-azirlay\\\/\"]}]},{\"@type\":\"ImageObject\",\"inLanguage\":\"qt\",\"@id\":\"https:\\\/\\\/qtmm.org\\\/qt\\\/ceppar-ukraina-rfni-makum-etmek-icgn-bmtnin-rezolutsiya-leyhasini-azirlay\\\/#primaryimage\",\"url\":\"https:\\\/\\\/qtmm.org\\\/wp-content\\\/uploads\\\/2023\\\/01\\\/323641207_5903282339710944_5452516364799712868_n.jpg\",\"contentUrl\":\"https:\\\/\\\/qtmm.org\\\/wp-content\\\/uploads\\\/2023\\\/01\\\/323641207_5903282339710944_5452516364799712868_n.jpg\",\"width\":1280,\"height\":728},{\"@type\":\"BreadcrumbList\",\"@id\":\"https:\\\/\\\/qtmm.org\\\/qt\\\/ceppar-ukraina-rfni-makum-etmek-icgn-bmtnin-rezolutsiya-leyhasini-azirlay\\\/#breadcrumb\",\"itemListElement\":[{\"@type\":\"ListItem\",\"position\":1,\"name\":\"\u0413\u043e\u043b\u043e\u0432\u043d\u0430\",\"item\":\"https:\\\/\\\/qtmm.org\\\/qt\\\/\"},{\"@type\":\"ListItem\",\"position\":2,\"name\":\"Ceppar: Ukraina, rfn\u0131 mak\u00fcm etmek i\u00e7\u011fn BMTn\u0131\u00f1\u00a0rezol\u00fctsiya leyhas\u0131n\u0131 az\u0131rlay\"}]},{\"@type\":\"WebSite\",\"@id\":\"https:\\\/\\\/qtmm.org\\\/qt\\\/#website\",\"url\":\"https:\\\/\\\/qtmm.org\\\/qt\\\/\",\"name\":\"\u041c\u0435\u0434\u0436\u043b\u0456\u0441\",\"description\":\"\",\"publisher\":{\"@id\":\"https:\\\/\\\/qtmm.org\\\/qt\\\/#organization\"},\"potentialAction\":[{\"@type\":\"SearchAction\",\"target\":{\"@type\":\"EntryPoint\",\"urlTemplate\":\"https:\\\/\\\/qtmm.org\\\/qt\\\/?s={search_term_string}\"},\"query-input\":{\"@type\":\"PropertyValueSpecification\",\"valueRequired\":true,\"valueName\":\"search_term_string\"}}],\"inLanguage\":\"qt\"},{\"@type\":\"Organization\",\"@id\":\"https:\\\/\\\/qtmm.org\\\/qt\\\/#organization\",\"name\":\"\u041c\u0435\u0434\u0436\u043b\u0456\u0441\",\"url\":\"https:\\\/\\\/qtmm.org\\\/qt\\\/\",\"logo\":{\"@type\":\"ImageObject\",\"inLanguage\":\"qt\",\"@id\":\"https:\\\/\\\/qtmm.org\\\/qt\\\/#\\\/schema\\\/logo\\\/image\\\/\",\"url\":\"https:\\\/\\\/qtmm.org\\\/wp-content\\\/uploads\\\/2024\\\/12\\\/ua-mejlis-logo-rgb.svg\",\"contentUrl\":\"https:\\\/\\\/qtmm.org\\\/wp-content\\\/uploads\\\/2024\\\/12\\\/ua-mejlis-logo-rgb.svg\",\"caption\":\"\u041c\u0435\u0434\u0436\u043b\u0456\u0441\"},\"image\":{\"@id\":\"https:\\\/\\\/qtmm.org\\\/qt\\\/#\\\/schema\\\/logo\\\/image\\\/\"},\"sameAs\":[\"https:\\\/\\\/www.facebook.com\\\/qtmm.info\\\/\"]},{\"@type\":\"Person\",\"@id\":\"https:\\\/\\\/qtmm.org\\\/qt\\\/#\\\/schema\\\/person\\\/e19a16971e1d6077c60771108a0c2eb1\",\"name\":\"milena\",\"image\":{\"@type\":\"ImageObject\",\"inLanguage\":\"qt\",\"@id\":\"https:\\\/\\\/secure.gravatar.com\\\/avatar\\\/a1c72d47914b6ffa21f1246920d5cff572eced8dc7c4ef1b629898b5a8c18fa5?s=96&d=mm&r=g\",\"url\":\"https:\\\/\\\/secure.gravatar.com\\\/avatar\\\/a1c72d47914b6ffa21f1246920d5cff572eced8dc7c4ef1b629898b5a8c18fa5?s=96&d=mm&r=g\",\"contentUrl\":\"https:\\\/\\\/secure.gravatar.com\\\/avatar\\\/a1c72d47914b6ffa21f1246920d5cff572eced8dc7c4ef1b629898b5a8c18fa5?s=96&d=mm&r=g\",\"caption\":\"milena\"},\"url\":\"https:\\\/\\\/qtmm.org\\\/qt\\\/author\\\/milena\\\/\"}]}<\/script>\n<!-- \/ Yoast SEO plugin. -->","yoast_head_json":{"title":"Ceppar: Ukraina, rfn\u0131 mak\u00fcm etmek i\u00e7\u011fn BMTn\u0131\u00f1\u00a0rezol\u00fctsiya leyhas\u0131n\u0131 az\u0131rlay - \u041c\u0435\u0434\u0436\u043b\u0456\u0441","robots":{"index":"index","follow":"follow","max-snippet":"max-snippet:-1","max-image-preview":"max-image-preview:large","max-video-preview":"max-video-preview:-1"},"canonical":"https:\/\/qtmm.org\/qt\/ceppar-ukraina-rfni-makum-etmek-icgn-bmtnin-rezolutsiya-leyhasini-azirlay\/","og_locale":"en_US","og_type":"article","og_title":"Ceppar: Ukraina, rfn\u0131 mak\u00fcm etmek i\u00e7\u011fn BMTn\u0131\u00f1\u00a0rezol\u00fctsiya leyhas\u0131n\u0131 az\u0131rlay - \u041c\u0435\u0434\u0436\u043b\u0456\u0441","og_description":"Ukraina, BMTn\u0131\u00f1 Ba\u015f Assambleyas\u0131n\u0131\u00f1 eki rezol\u00fctsiyas\u0131n\u0131 yerine ketirmege yard\u0131m etecek. Birincisi &#8211; Bar\u0131\u015f\u0131q formulas\u0131n\u0131\u00f1\u00a0yerine ketirilmesinen ba\u011fl\u0131, ekincisi de cenk ba\u015flatmas\u0131 i\u00e7\u00fcn ruhiyeni mesuliyetle \u00e7ek\u00fcvnen ba\u011fl\u0131d\u0131r. Ukraina t\u0131\u015f i\u015fleri nazirini\u00f1 ilk muavini Emine Ceppar bun\u0131 bildirdi, dep Ukrinform haber berdi. &#8211; Bu sene bizim diplomatik \u011fayretlerimizni eki esas rezol\u00fctsiya\u011fa yollaycaqm\u0131z. Fevral ay\u0131nda birinci areketimiz &#8211; Bar\u0131\u015f\u0131q [&hellip;]","og_url":"https:\/\/qtmm.org\/qt\/ceppar-ukraina-rfni-makum-etmek-icgn-bmtnin-rezolutsiya-leyhasini-azirlay\/","og_site_name":"\u041c\u0435\u0434\u0436\u043b\u0456\u0441","article_publisher":"https:\/\/www.facebook.com\/qtmm.info\/","article_published_time":"2023-01-13T13:43:11+00:00","article_modified_time":"2023-01-13T13:43:13+00:00","og_image":[{"width":1280,"height":728,"url":"https:\/\/qtmm.org\/wp-content\/uploads\/2023\/01\/323641207_5903282339710944_5452516364799712868_n.jpg","type":"image\/jpeg"}],"author":"milena","twitter_card":"summary_large_image","twitter_misc":{"Written by":"milena","Est. reading time":"2 minutes"},"schema":{"@context":"https:\/\/schema.org","@graph":[{"@type":"Article","@id":"https:\/\/qtmm.org\/qt\/ceppar-ukraina-rfni-makum-etmek-icgn-bmtnin-rezolutsiya-leyhasini-azirlay\/#article","isPartOf":{"@id":"https:\/\/qtmm.org\/qt\/ceppar-ukraina-rfni-makum-etmek-icgn-bmtnin-rezolutsiya-leyhasini-azirlay\/"},"author":{"name":"milena","@id":"https:\/\/qtmm.org\/qt\/#\/schema\/person\/e19a16971e1d6077c60771108a0c2eb1"},"headline":"Ceppar: Ukraina, rfn\u0131 mak\u00fcm etmek i\u00e7\u011fn BMTn\u0131\u00f1\u00a0rezol\u00fctsiya leyhas\u0131n\u0131 az\u0131rlay","datePublished":"2023-01-13T13:43:11+00:00","dateModified":"2023-01-13T13:43:13+00:00","mainEntityOfPage":{"@id":"https:\/\/qtmm.org\/qt\/ceppar-ukraina-rfni-makum-etmek-icgn-bmtnin-rezolutsiya-leyhasini-azirlay\/"},"wordCount":326,"commentCount":0,"publisher":{"@id":"https:\/\/qtmm.org\/qt\/#organization"},"image":{"@id":"https:\/\/qtmm.org\/qt\/ceppar-ukraina-rfni-makum-etmek-icgn-bmtnin-rezolutsiya-leyhasini-azirlay\/#primaryimage"},"thumbnailUrl":"https:\/\/qtmm.org\/wp-content\/uploads\/2023\/01\/323641207_5903282339710944_5452516364799712868_n.jpg","articleSection":["Haberler"],"inLanguage":"qt","potentialAction":[{"@type":"CommentAction","name":"Comment","target":["https:\/\/qtmm.org\/qt\/ceppar-ukraina-rfni-makum-etmek-icgn-bmtnin-rezolutsiya-leyhasini-azirlay\/#respond"]}]},{"@type":"WebPage","@id":"https:\/\/qtmm.org\/qt\/ceppar-ukraina-rfni-makum-etmek-icgn-bmtnin-rezolutsiya-leyhasini-azirlay\/","url":"https:\/\/qtmm.org\/qt\/ceppar-ukraina-rfni-makum-etmek-icgn-bmtnin-rezolutsiya-leyhasini-azirlay\/","name":"Ceppar: Ukraina, rfn\u0131 mak\u00fcm etmek i\u00e7\u011fn BMTn\u0131\u00f1\u00a0rezol\u00fctsiya leyhas\u0131n\u0131 az\u0131rlay - \u041c\u0435\u0434\u0436\u043b\u0456\u0441","isPartOf":{"@id":"https:\/\/qtmm.org\/qt\/#website"},"primaryImageOfPage":{"@id":"https:\/\/qtmm.org\/qt\/ceppar-ukraina-rfni-makum-etmek-icgn-bmtnin-rezolutsiya-leyhasini-azirlay\/#primaryimage"},"image":{"@id":"https:\/\/qtmm.org\/qt\/ceppar-ukraina-rfni-makum-etmek-icgn-bmtnin-rezolutsiya-leyhasini-azirlay\/#primaryimage"},"thumbnailUrl":"https:\/\/qtmm.org\/wp-content\/uploads\/2023\/01\/323641207_5903282339710944_5452516364799712868_n.jpg","datePublished":"2023-01-13T13:43:11+00:00","dateModified":"2023-01-13T13:43:13+00:00","breadcrumb":{"@id":"https:\/\/qtmm.org\/qt\/ceppar-ukraina-rfni-makum-etmek-icgn-bmtnin-rezolutsiya-leyhasini-azirlay\/#breadcrumb"},"inLanguage":"qt","potentialAction":[{"@type":"ReadAction","target":["https:\/\/qtmm.org\/qt\/ceppar-ukraina-rfni-makum-etmek-icgn-bmtnin-rezolutsiya-leyhasini-azirlay\/"]}]},{"@type":"ImageObject","inLanguage":"qt","@id":"https:\/\/qtmm.org\/qt\/ceppar-ukraina-rfni-makum-etmek-icgn-bmtnin-rezolutsiya-leyhasini-azirlay\/#primaryimage","url":"https:\/\/qtmm.org\/wp-content\/uploads\/2023\/01\/323641207_5903282339710944_5452516364799712868_n.jpg","contentUrl":"https:\/\/qtmm.org\/wp-content\/uploads\/2023\/01\/323641207_5903282339710944_5452516364799712868_n.jpg","width":1280,"height":728},{"@type":"BreadcrumbList","@id":"https:\/\/qtmm.org\/qt\/ceppar-ukraina-rfni-makum-etmek-icgn-bmtnin-rezolutsiya-leyhasini-azirlay\/#breadcrumb","itemListElement":[{"@type":"ListItem","position":1,"name":"\u0413\u043e\u043b\u043e\u0432\u043d\u0430","item":"https:\/\/qtmm.org\/qt\/"},{"@type":"ListItem","position":2,"name":"Ceppar: Ukraina, rfn\u0131 mak\u00fcm etmek i\u00e7\u011fn BMTn\u0131\u00f1\u00a0rezol\u00fctsiya leyhas\u0131n\u0131 az\u0131rlay"}]},{"@type":"WebSite","@id":"https:\/\/qtmm.org\/qt\/#website","url":"https:\/\/qtmm.org\/qt\/","name":"\u041c\u0435\u0434\u0436\u043b\u0456\u0441","description":"","publisher":{"@id":"https:\/\/qtmm.org\/qt\/#organization"},"potentialAction":[{"@type":"SearchAction","target":{"@type":"EntryPoint","urlTemplate":"https:\/\/qtmm.org\/qt\/?s={search_term_string}"},"query-input":{"@type":"PropertyValueSpecification","valueRequired":true,"valueName":"search_term_string"}}],"inLanguage":"qt"},{"@type":"Organization","@id":"https:\/\/qtmm.org\/qt\/#organization","name":"\u041c\u0435\u0434\u0436\u043b\u0456\u0441","url":"https:\/\/qtmm.org\/qt\/","logo":{"@type":"ImageObject","inLanguage":"qt","@id":"https:\/\/qtmm.org\/qt\/#\/schema\/logo\/image\/","url":"https:\/\/qtmm.org\/wp-content\/uploads\/2024\/12\/ua-mejlis-logo-rgb.svg","contentUrl":"https:\/\/qtmm.org\/wp-content\/uploads\/2024\/12\/ua-mejlis-logo-rgb.svg","caption":"\u041c\u0435\u0434\u0436\u043b\u0456\u0441"},"image":{"@id":"https:\/\/qtmm.org\/qt\/#\/schema\/logo\/image\/"},"sameAs":["https:\/\/www.facebook.com\/qtmm.info\/"]},{"@type":"Person","@id":"https:\/\/qtmm.org\/qt\/#\/schema\/person\/e19a16971e1d6077c60771108a0c2eb1","name":"milena","image":{"@type":"ImageObject","inLanguage":"qt","@id":"https:\/\/secure.gravatar.com\/avatar\/a1c72d47914b6ffa21f1246920d5cff572eced8dc7c4ef1b629898b5a8c18fa5?s=96&d=mm&r=g","url":"https:\/\/secure.gravatar.com\/avatar\/a1c72d47914b6ffa21f1246920d5cff572eced8dc7c4ef1b629898b5a8c18fa5?s=96&d=mm&r=g","contentUrl":"https:\/\/secure.gravatar.com\/avatar\/a1c72d47914b6ffa21f1246920d5cff572eced8dc7c4ef1b629898b5a8c18fa5?s=96&d=mm&r=g","caption":"milena"},"url":"https:\/\/qtmm.org\/qt\/author\/milena\/"}]}},"_links":{"self":[{"href":"https:\/\/qtmm.org\/qt\/wp-json\/wp\/v2\/posts\/78211","targetHints":{"allow":["GET"]}}],"collection":[{"href":"https:\/\/qtmm.org\/qt\/wp-json\/wp\/v2\/posts"}],"about":[{"href":"https:\/\/qtmm.org\/qt\/wp-json\/wp\/v2\/types\/post"}],"author":[{"embeddable":true,"href":"https:\/\/qtmm.org\/qt\/wp-json\/wp\/v2\/users\/6"}],"replies":[{"embeddable":true,"href":"https:\/\/qtmm.org\/qt\/wp-json\/wp\/v2\/comments?post=78211"}],"version-history":[{"count":1,"href":"https:\/\/qtmm.org\/qt\/wp-json\/wp\/v2\/posts\/78211\/revisions"}],"predecessor-version":[{"id":78212,"href":"https:\/\/qtmm.org\/qt\/wp-json\/wp\/v2\/posts\/78211\/revisions\/78212"}],"wp:featuredmedia":[{"embeddable":true,"href":"https:\/\/qtmm.org\/qt\/wp-json\/wp\/v2\/media\/78199"}],"wp:attachment":[{"href":"https:\/\/qtmm.org\/qt\/wp-json\/wp\/v2\/media?parent=78211"}],"wp:term":[{"taxonomy":"category","embeddable":true,"href":"https:\/\/qtmm.org\/qt\/wp-json\/wp\/v2\/categories?post=78211"},{"taxonomy":"post_tag","embeddable":true,"href":"https:\/\/qtmm.org\/qt\/wp-json\/wp\/v2\/tags?post=78211"}],"curies":[{"name":"wp","href":"https:\/\/api.w.org\/{rel}","templated":true}]}}