




{"id":78192,"date":"2023-01-13T16:20:36","date_gmt":"2023-01-13T13:20:36","guid":{"rendered":"https:\/\/qtmm.org\/?p=78192"},"modified":"2023-01-13T16:20:38","modified_gmt":"2023-01-13T13:20:38","slug":"keri-qaytmaz-denismeler-nasil-isaglciler-hansarayni-viran-eteler","status":"publish","type":"post","link":"https:\/\/qtmm.org\/qt\/keri-qaytmaz-denismeler-nasil-isaglciler-hansarayni-viran-eteler\/","title":{"rendered":"Keri qaytmaz de\u00f1i\u015fmeler: nas\u0131l i\u015fa\u011flciler Hansarayn\u0131 viran eteler"},"content":{"rendered":"\n<p>rus tecavuzc\u0131lar\u0131n\u0131\u00f1\u00a0Ba\u011f\u00e7asaraydaki Hansarayda ke\u00e7irgenleri &#8220;tamir-restavratsiya i\u015fleri&#8221;, keri qaytmaz de\u00f1i\u015fmelerni\u00f1 sebebi old\u0131. <a href=\"https:\/\/www.ukrinform.ua\/rubric-crimea\/3650597-elmira-ablalimova-eksdirektorka-bahcisarajskogo-istorikokulturnogo-zapovidnika.html\">Ukrinform\u011fa intervy\u00fc<\/a> bergende Ba\u011f\u00e7asaray tarihiy-medeniy qoru\u011f\u0131n\u0131\u00f1\u00a0ekspeditsiyac\u0131s\u0131 Elmira Abl\u00e2limova bun\u0131 a\u00f1latt\u0131.<\/p>\n\n\n\n<blockquote class=\"wp-block-quote is-layout-flow wp-block-quote-is-layout-flow\"><p><em>&#8211; So\u00f1 al\u011fan\u0131m\u0131z mal\u00fcmatqa k\u00f6re, keri qaytmaz de\u00f1i\u015fmeler bar, ve biz bu abideni coyam\u0131z. 2017 senesinden berli kompleksni\u00f1 obyektlerinde (olarn\u0131\u00f1 say\u0131s\u0131 tahminen 20) b\u00f6yle degen &#8220;tamir-restavratsiya i\u015fleri&#8221; ke\u00e7irilir. \u0130\u015f\u011falciler, ihtiyac\u0131 olma\u011fan yerlerni de &#8220;tamir eterler&#8221;. Misal i\u00e7\u00fcn, Dil\u00e2ra-Bike\u00e7ni\u00f1 d\u00fcrbesi (Ba\u011f\u00e7asaray Hansaray\u0131n\u0131\u00f1\u00a0Cen\u00fcbiy qap\u0131s\u0131 yan\u0131ndaki d\u00fcrbe &#8211; m\u00fcarrir), &#8211;<\/em> dep Abl\u00e2limova qayd etti.<\/p><\/blockquote>\n\n\n\n<p>On\u0131\u00f1 s\u00f6zlerine k\u00f6re, so\u00f1 zamanlarda sarayn\u0131\u00f1 ba\u015f binas\u0131nda da tamir i\u015fleri ke\u00e7irilir. On\u0131\u00f1 ekincisi qat\u0131nda Q\u0131r\u0131m Geray Hann\u0131\u00f1 Alt\u0131n odas\u0131 ya da Meyva odas\u0131 saqland\u0131.<\/p>\n\n\n\n<blockquote class=\"wp-block-quote is-layout-flow wp-block-quote-is-layout-flow\"><p><em>&#8211; Tahminen 2000 seneleri qaza al\u0131nda ol\u011fan\u0131ndan sebep ziyaret\u00e7iler i\u00e7\u00fcn o qapat\u0131ld\u0131. Ba\u015f binan\u0131\u00f1 ekinci qat\u0131n\u0131\u00f1 divarlar\u0131ndan sanki qan t\u00f6kti ve ya\u00f1\u0131dan tamir etilmeli edi. \u0130\u015f\u011falcilerni\u00f1\u00a0ilk yapqanlar\u0131 \u015fey &#8211; divardaki resimlerni saqlamayaraq ekinci qatn\u0131 madeniy yapqarlarnen sard\u0131lar. Bundan so\u00f1 ba\u015f bina \u00fcst\u00fcnde b\u00fcy\u00fck bir karksa tiklediler. Ve so\u00f1 areketi &#8211; bu q\u0131\u015f Alt\u0131n odan\u0131\u00f1 dam\u0131n\u0131 ke\u00e7irdiler. Amma bu mevsimde \u00e7oq ya\u011fanaq ol\u011fan\u0131 i\u00e7\u00fcn b\u00f6yle i\u015f yap\u0131lmamal\u0131,<\/em> &#8211; dep Abl\u00e2limova qayd etti.<\/p><\/blockquote>\n\n\n\n<p>Qoruqn\u0131\u00f1 ekspeditorc\u0131s\u0131 a\u00f1latt\u0131 ki, sarayn\u0131\u00f1 harem binas\u0131nda i\u015fler ba\u015flad\u0131.<\/p>\n\n\n\n<blockquote class=\"wp-block-quote is-layout-flow wp-block-quote-is-layout-flow\"><p>&#8211; <em>Q\u0131\u015f mevsiminde haremni\u00f1 divar\u0131nddaki qap\u0131n\u0131 \u00e7\u0131qar\u0131p, bu te\u015fikni qapatmad\u0131lar.<\/em><\/p><\/blockquote>\n\n\n\n<p>Bundan \u011fayr\u0131, Fars azbar\u0131nda b\u00f6yle degen arheologik tedqiq eteler.<\/p>\n\n\n\n<blockquote class=\"wp-block-quote is-layout-flow wp-block-quote-is-layout-flow\"><p><em>&#8211; \u0130htisasl\u0131 tasil alma\u011fan ve arheologiya saas\u0131nda i\u00e7 bir tecr\u00fcbege saip olma\u011fan, ameliyathaneci ol\u011fan ve qoruqn\u0131\u00f1 sayt\u0131n\u0131 yapqan bir ki\u015fi olarn\u0131 idare ete<\/em>.<\/p><\/blockquote>\n","protected":false},"excerpt":{"rendered":"<p>rus tecavuzc\u0131lar\u0131n\u0131\u00f1\u00a0Ba\u011f\u00e7asaraydaki Hansarayda ke\u00e7irgenleri &#8220;tamir-restavratsiya i\u015fleri&#8221;, keri qaytmaz de\u00f1i\u015fmelerni\u00f1 sebebi old\u0131. Ukrinform\u011fa intervy\u00fc bergende Ba\u011f\u00e7asaray tarihiy-medeniy qoru\u011f\u0131n\u0131\u00f1\u00a0ekspeditsiyac\u0131s\u0131 Elmira Abl\u00e2limova bun\u0131 a\u00f1latt\u0131. &#8211; So\u00f1 al\u011fan\u0131m\u0131z mal\u00fcmatqa k\u00f6re, keri qaytmaz de\u00f1i\u015fmeler bar, ve biz bu abideni coyam\u0131z. 2017 senesinden berli kompleksni\u00f1 obyektlerinde (olarn\u0131\u00f1 say\u0131s\u0131 tahminen 20) b\u00f6yle degen &#8220;tamir-restavratsiya i\u015fleri&#8221; ke\u00e7irilir. \u0130\u015f\u011falciler, ihtiyac\u0131 olma\u011fan yerlerni de &#8220;tamir [&hellip;]<\/p>\n","protected":false},"author":6,"featured_media":78189,"comment_status":"open","ping_status":"open","sticky":false,"template":"","format":"standard","meta":{"inline_featured_image":false,"footnotes":""},"categories":[265],"tags":[],"class_list":["post-78192","post","type-post","status-publish","format-standard","has-post-thumbnail","hentry","category-haberler"],"acf":[],"yoast_head":"<!-- This site is optimized with the Yoast SEO plugin v27.4 - https:\/\/yoast.com\/product\/yoast-seo-wordpress\/ -->\n<title>Keri qaytmaz de\u00f1i\u015fmeler: nas\u0131l i\u015fa\u011flciler Hansarayn\u0131 viran eteler - \u041c\u0435\u0434\u0436\u043b\u0456\u0441<\/title>\n<meta name=\"robots\" content=\"index, follow, max-snippet:-1, max-image-preview:large, max-video-preview:-1\" \/>\n<link rel=\"canonical\" href=\"https:\/\/qtmm.org\/qt\/keri-qaytmaz-denismeler-nasil-isaglciler-hansarayni-viran-eteler\/\" \/>\n<meta property=\"og:locale\" content=\"en_US\" \/>\n<meta property=\"og:type\" content=\"article\" \/>\n<meta property=\"og:title\" content=\"Keri qaytmaz de\u00f1i\u015fmeler: nas\u0131l i\u015fa\u011flciler Hansarayn\u0131 viran eteler - \u041c\u0435\u0434\u0436\u043b\u0456\u0441\" \/>\n<meta property=\"og:description\" content=\"rus tecavuzc\u0131lar\u0131n\u0131\u00f1\u00a0Ba\u011f\u00e7asaraydaki Hansarayda ke\u00e7irgenleri &#8220;tamir-restavratsiya i\u015fleri&#8221;, keri qaytmaz de\u00f1i\u015fmelerni\u00f1 sebebi old\u0131. Ukrinform\u011fa intervy\u00fc bergende Ba\u011f\u00e7asaray tarihiy-medeniy qoru\u011f\u0131n\u0131\u00f1\u00a0ekspeditsiyac\u0131s\u0131 Elmira Abl\u00e2limova bun\u0131 a\u00f1latt\u0131. &#8211; So\u00f1 al\u011fan\u0131m\u0131z mal\u00fcmatqa k\u00f6re, keri qaytmaz de\u00f1i\u015fmeler bar, ve biz bu abideni coyam\u0131z. 2017 senesinden berli kompleksni\u00f1 obyektlerinde (olarn\u0131\u00f1 say\u0131s\u0131 tahminen 20) b\u00f6yle degen &#8220;tamir-restavratsiya i\u015fleri&#8221; ke\u00e7irilir. \u0130\u015f\u011falciler, ihtiyac\u0131 olma\u011fan yerlerni de &#8220;tamir [&hellip;]\" \/>\n<meta property=\"og:url\" content=\"https:\/\/qtmm.org\/qt\/keri-qaytmaz-denismeler-nasil-isaglciler-hansarayni-viran-eteler\/\" \/>\n<meta property=\"og:site_name\" content=\"\u041c\u0435\u0434\u0436\u043b\u0456\u0441\" \/>\n<meta property=\"article:publisher\" content=\"https:\/\/www.facebook.com\/qtmm.info\/\" \/>\n<meta property=\"article:published_time\" content=\"2023-01-13T13:20:36+00:00\" \/>\n<meta property=\"article:modified_time\" content=\"2023-01-13T13:20:38+00:00\" \/>\n<meta property=\"og:image\" content=\"https:\/\/qtmm.org\/wp-content\/uploads\/2023\/01\/dw900h500.jpg\" \/>\n\t<meta property=\"og:image:width\" content=\"900\" \/>\n\t<meta property=\"og:image:height\" content=\"500\" \/>\n\t<meta property=\"og:image:type\" content=\"image\/jpeg\" \/>\n<meta name=\"author\" content=\"milena\" \/>\n<meta name=\"twitter:card\" content=\"summary_large_image\" \/>\n<meta name=\"twitter:label1\" content=\"Written by\" \/>\n\t<meta name=\"twitter:data1\" content=\"milena\" \/>\n\t<meta name=\"twitter:label2\" content=\"Est. reading time\" \/>\n\t<meta name=\"twitter:data2\" content=\"2 minutes\" \/>\n<script type=\"application\/ld+json\" class=\"yoast-schema-graph\">{\"@context\":\"https:\\\/\\\/schema.org\",\"@graph\":[{\"@type\":\"Article\",\"@id\":\"https:\\\/\\\/qtmm.org\\\/qt\\\/keri-qaytmaz-denismeler-nasil-isaglciler-hansarayni-viran-eteler\\\/#article\",\"isPartOf\":{\"@id\":\"https:\\\/\\\/qtmm.org\\\/qt\\\/keri-qaytmaz-denismeler-nasil-isaglciler-hansarayni-viran-eteler\\\/\"},\"author\":{\"name\":\"milena\",\"@id\":\"https:\\\/\\\/qtmm.org\\\/qt\\\/#\\\/schema\\\/person\\\/e19a16971e1d6077c60771108a0c2eb1\"},\"headline\":\"Keri qaytmaz de\u00f1i\u015fmeler: nas\u0131l i\u015fa\u011flciler Hansarayn\u0131 viran eteler\",\"datePublished\":\"2023-01-13T13:20:36+00:00\",\"dateModified\":\"2023-01-13T13:20:38+00:00\",\"mainEntityOfPage\":{\"@id\":\"https:\\\/\\\/qtmm.org\\\/qt\\\/keri-qaytmaz-denismeler-nasil-isaglciler-hansarayni-viran-eteler\\\/\"},\"wordCount\":322,\"commentCount\":0,\"publisher\":{\"@id\":\"https:\\\/\\\/qtmm.org\\\/qt\\\/#organization\"},\"image\":{\"@id\":\"https:\\\/\\\/qtmm.org\\\/qt\\\/keri-qaytmaz-denismeler-nasil-isaglciler-hansarayni-viran-eteler\\\/#primaryimage\"},\"thumbnailUrl\":\"https:\\\/\\\/qtmm.org\\\/wp-content\\\/uploads\\\/2023\\\/01\\\/dw900h500.jpg\",\"articleSection\":[\"Haberler\"],\"inLanguage\":\"qt\",\"potentialAction\":[{\"@type\":\"CommentAction\",\"name\":\"Comment\",\"target\":[\"https:\\\/\\\/qtmm.org\\\/qt\\\/keri-qaytmaz-denismeler-nasil-isaglciler-hansarayni-viran-eteler\\\/#respond\"]}]},{\"@type\":\"WebPage\",\"@id\":\"https:\\\/\\\/qtmm.org\\\/qt\\\/keri-qaytmaz-denismeler-nasil-isaglciler-hansarayni-viran-eteler\\\/\",\"url\":\"https:\\\/\\\/qtmm.org\\\/qt\\\/keri-qaytmaz-denismeler-nasil-isaglciler-hansarayni-viran-eteler\\\/\",\"name\":\"Keri qaytmaz de\u00f1i\u015fmeler: nas\u0131l i\u015fa\u011flciler Hansarayn\u0131 viran eteler - \u041c\u0435\u0434\u0436\u043b\u0456\u0441\",\"isPartOf\":{\"@id\":\"https:\\\/\\\/qtmm.org\\\/qt\\\/#website\"},\"primaryImageOfPage\":{\"@id\":\"https:\\\/\\\/qtmm.org\\\/qt\\\/keri-qaytmaz-denismeler-nasil-isaglciler-hansarayni-viran-eteler\\\/#primaryimage\"},\"image\":{\"@id\":\"https:\\\/\\\/qtmm.org\\\/qt\\\/keri-qaytmaz-denismeler-nasil-isaglciler-hansarayni-viran-eteler\\\/#primaryimage\"},\"thumbnailUrl\":\"https:\\\/\\\/qtmm.org\\\/wp-content\\\/uploads\\\/2023\\\/01\\\/dw900h500.jpg\",\"datePublished\":\"2023-01-13T13:20:36+00:00\",\"dateModified\":\"2023-01-13T13:20:38+00:00\",\"breadcrumb\":{\"@id\":\"https:\\\/\\\/qtmm.org\\\/qt\\\/keri-qaytmaz-denismeler-nasil-isaglciler-hansarayni-viran-eteler\\\/#breadcrumb\"},\"inLanguage\":\"qt\",\"potentialAction\":[{\"@type\":\"ReadAction\",\"target\":[\"https:\\\/\\\/qtmm.org\\\/qt\\\/keri-qaytmaz-denismeler-nasil-isaglciler-hansarayni-viran-eteler\\\/\"]}]},{\"@type\":\"ImageObject\",\"inLanguage\":\"qt\",\"@id\":\"https:\\\/\\\/qtmm.org\\\/qt\\\/keri-qaytmaz-denismeler-nasil-isaglciler-hansarayni-viran-eteler\\\/#primaryimage\",\"url\":\"https:\\\/\\\/qtmm.org\\\/wp-content\\\/uploads\\\/2023\\\/01\\\/dw900h500.jpg\",\"contentUrl\":\"https:\\\/\\\/qtmm.org\\\/wp-content\\\/uploads\\\/2023\\\/01\\\/dw900h500.jpg\",\"width\":900,\"height\":500},{\"@type\":\"BreadcrumbList\",\"@id\":\"https:\\\/\\\/qtmm.org\\\/qt\\\/keri-qaytmaz-denismeler-nasil-isaglciler-hansarayni-viran-eteler\\\/#breadcrumb\",\"itemListElement\":[{\"@type\":\"ListItem\",\"position\":1,\"name\":\"\u0413\u043e\u043b\u043e\u0432\u043d\u0430\",\"item\":\"https:\\\/\\\/qtmm.org\\\/qt\\\/\"},{\"@type\":\"ListItem\",\"position\":2,\"name\":\"Keri qaytmaz de\u00f1i\u015fmeler: nas\u0131l i\u015fa\u011flciler Hansarayn\u0131 viran eteler\"}]},{\"@type\":\"WebSite\",\"@id\":\"https:\\\/\\\/qtmm.org\\\/qt\\\/#website\",\"url\":\"https:\\\/\\\/qtmm.org\\\/qt\\\/\",\"name\":\"\u041c\u0435\u0434\u0436\u043b\u0456\u0441\",\"description\":\"\",\"publisher\":{\"@id\":\"https:\\\/\\\/qtmm.org\\\/qt\\\/#organization\"},\"potentialAction\":[{\"@type\":\"SearchAction\",\"target\":{\"@type\":\"EntryPoint\",\"urlTemplate\":\"https:\\\/\\\/qtmm.org\\\/qt\\\/?s={search_term_string}\"},\"query-input\":{\"@type\":\"PropertyValueSpecification\",\"valueRequired\":true,\"valueName\":\"search_term_string\"}}],\"inLanguage\":\"qt\"},{\"@type\":\"Organization\",\"@id\":\"https:\\\/\\\/qtmm.org\\\/qt\\\/#organization\",\"name\":\"\u041c\u0435\u0434\u0436\u043b\u0456\u0441\",\"url\":\"https:\\\/\\\/qtmm.org\\\/qt\\\/\",\"logo\":{\"@type\":\"ImageObject\",\"inLanguage\":\"qt\",\"@id\":\"https:\\\/\\\/qtmm.org\\\/qt\\\/#\\\/schema\\\/logo\\\/image\\\/\",\"url\":\"https:\\\/\\\/qtmm.org\\\/wp-content\\\/uploads\\\/2024\\\/12\\\/ua-mejlis-logo-rgb.svg\",\"contentUrl\":\"https:\\\/\\\/qtmm.org\\\/wp-content\\\/uploads\\\/2024\\\/12\\\/ua-mejlis-logo-rgb.svg\",\"caption\":\"\u041c\u0435\u0434\u0436\u043b\u0456\u0441\"},\"image\":{\"@id\":\"https:\\\/\\\/qtmm.org\\\/qt\\\/#\\\/schema\\\/logo\\\/image\\\/\"},\"sameAs\":[\"https:\\\/\\\/www.facebook.com\\\/qtmm.info\\\/\"]},{\"@type\":\"Person\",\"@id\":\"https:\\\/\\\/qtmm.org\\\/qt\\\/#\\\/schema\\\/person\\\/e19a16971e1d6077c60771108a0c2eb1\",\"name\":\"milena\",\"image\":{\"@type\":\"ImageObject\",\"inLanguage\":\"qt\",\"@id\":\"https:\\\/\\\/secure.gravatar.com\\\/avatar\\\/a1c72d47914b6ffa21f1246920d5cff572eced8dc7c4ef1b629898b5a8c18fa5?s=96&d=mm&r=g\",\"url\":\"https:\\\/\\\/secure.gravatar.com\\\/avatar\\\/a1c72d47914b6ffa21f1246920d5cff572eced8dc7c4ef1b629898b5a8c18fa5?s=96&d=mm&r=g\",\"contentUrl\":\"https:\\\/\\\/secure.gravatar.com\\\/avatar\\\/a1c72d47914b6ffa21f1246920d5cff572eced8dc7c4ef1b629898b5a8c18fa5?s=96&d=mm&r=g\",\"caption\":\"milena\"},\"url\":\"https:\\\/\\\/qtmm.org\\\/qt\\\/author\\\/milena\\\/\"}]}<\/script>\n<!-- \/ Yoast SEO plugin. -->","yoast_head_json":{"title":"Keri qaytmaz de\u00f1i\u015fmeler: nas\u0131l i\u015fa\u011flciler Hansarayn\u0131 viran eteler - \u041c\u0435\u0434\u0436\u043b\u0456\u0441","robots":{"index":"index","follow":"follow","max-snippet":"max-snippet:-1","max-image-preview":"max-image-preview:large","max-video-preview":"max-video-preview:-1"},"canonical":"https:\/\/qtmm.org\/qt\/keri-qaytmaz-denismeler-nasil-isaglciler-hansarayni-viran-eteler\/","og_locale":"en_US","og_type":"article","og_title":"Keri qaytmaz de\u00f1i\u015fmeler: nas\u0131l i\u015fa\u011flciler Hansarayn\u0131 viran eteler - \u041c\u0435\u0434\u0436\u043b\u0456\u0441","og_description":"rus tecavuzc\u0131lar\u0131n\u0131\u00f1\u00a0Ba\u011f\u00e7asaraydaki Hansarayda ke\u00e7irgenleri &#8220;tamir-restavratsiya i\u015fleri&#8221;, keri qaytmaz de\u00f1i\u015fmelerni\u00f1 sebebi old\u0131. Ukrinform\u011fa intervy\u00fc bergende Ba\u011f\u00e7asaray tarihiy-medeniy qoru\u011f\u0131n\u0131\u00f1\u00a0ekspeditsiyac\u0131s\u0131 Elmira Abl\u00e2limova bun\u0131 a\u00f1latt\u0131. &#8211; So\u00f1 al\u011fan\u0131m\u0131z mal\u00fcmatqa k\u00f6re, keri qaytmaz de\u00f1i\u015fmeler bar, ve biz bu abideni coyam\u0131z. 2017 senesinden berli kompleksni\u00f1 obyektlerinde (olarn\u0131\u00f1 say\u0131s\u0131 tahminen 20) b\u00f6yle degen &#8220;tamir-restavratsiya i\u015fleri&#8221; ke\u00e7irilir. \u0130\u015f\u011falciler, ihtiyac\u0131 olma\u011fan yerlerni de &#8220;tamir [&hellip;]","og_url":"https:\/\/qtmm.org\/qt\/keri-qaytmaz-denismeler-nasil-isaglciler-hansarayni-viran-eteler\/","og_site_name":"\u041c\u0435\u0434\u0436\u043b\u0456\u0441","article_publisher":"https:\/\/www.facebook.com\/qtmm.info\/","article_published_time":"2023-01-13T13:20:36+00:00","article_modified_time":"2023-01-13T13:20:38+00:00","og_image":[{"width":900,"height":500,"url":"https:\/\/qtmm.org\/wp-content\/uploads\/2023\/01\/dw900h500.jpg","type":"image\/jpeg"}],"author":"milena","twitter_card":"summary_large_image","twitter_misc":{"Written by":"milena","Est. reading time":"2 minutes"},"schema":{"@context":"https:\/\/schema.org","@graph":[{"@type":"Article","@id":"https:\/\/qtmm.org\/qt\/keri-qaytmaz-denismeler-nasil-isaglciler-hansarayni-viran-eteler\/#article","isPartOf":{"@id":"https:\/\/qtmm.org\/qt\/keri-qaytmaz-denismeler-nasil-isaglciler-hansarayni-viran-eteler\/"},"author":{"name":"milena","@id":"https:\/\/qtmm.org\/qt\/#\/schema\/person\/e19a16971e1d6077c60771108a0c2eb1"},"headline":"Keri qaytmaz de\u00f1i\u015fmeler: nas\u0131l i\u015fa\u011flciler Hansarayn\u0131 viran eteler","datePublished":"2023-01-13T13:20:36+00:00","dateModified":"2023-01-13T13:20:38+00:00","mainEntityOfPage":{"@id":"https:\/\/qtmm.org\/qt\/keri-qaytmaz-denismeler-nasil-isaglciler-hansarayni-viran-eteler\/"},"wordCount":322,"commentCount":0,"publisher":{"@id":"https:\/\/qtmm.org\/qt\/#organization"},"image":{"@id":"https:\/\/qtmm.org\/qt\/keri-qaytmaz-denismeler-nasil-isaglciler-hansarayni-viran-eteler\/#primaryimage"},"thumbnailUrl":"https:\/\/qtmm.org\/wp-content\/uploads\/2023\/01\/dw900h500.jpg","articleSection":["Haberler"],"inLanguage":"qt","potentialAction":[{"@type":"CommentAction","name":"Comment","target":["https:\/\/qtmm.org\/qt\/keri-qaytmaz-denismeler-nasil-isaglciler-hansarayni-viran-eteler\/#respond"]}]},{"@type":"WebPage","@id":"https:\/\/qtmm.org\/qt\/keri-qaytmaz-denismeler-nasil-isaglciler-hansarayni-viran-eteler\/","url":"https:\/\/qtmm.org\/qt\/keri-qaytmaz-denismeler-nasil-isaglciler-hansarayni-viran-eteler\/","name":"Keri qaytmaz de\u00f1i\u015fmeler: nas\u0131l i\u015fa\u011flciler Hansarayn\u0131 viran eteler - \u041c\u0435\u0434\u0436\u043b\u0456\u0441","isPartOf":{"@id":"https:\/\/qtmm.org\/qt\/#website"},"primaryImageOfPage":{"@id":"https:\/\/qtmm.org\/qt\/keri-qaytmaz-denismeler-nasil-isaglciler-hansarayni-viran-eteler\/#primaryimage"},"image":{"@id":"https:\/\/qtmm.org\/qt\/keri-qaytmaz-denismeler-nasil-isaglciler-hansarayni-viran-eteler\/#primaryimage"},"thumbnailUrl":"https:\/\/qtmm.org\/wp-content\/uploads\/2023\/01\/dw900h500.jpg","datePublished":"2023-01-13T13:20:36+00:00","dateModified":"2023-01-13T13:20:38+00:00","breadcrumb":{"@id":"https:\/\/qtmm.org\/qt\/keri-qaytmaz-denismeler-nasil-isaglciler-hansarayni-viran-eteler\/#breadcrumb"},"inLanguage":"qt","potentialAction":[{"@type":"ReadAction","target":["https:\/\/qtmm.org\/qt\/keri-qaytmaz-denismeler-nasil-isaglciler-hansarayni-viran-eteler\/"]}]},{"@type":"ImageObject","inLanguage":"qt","@id":"https:\/\/qtmm.org\/qt\/keri-qaytmaz-denismeler-nasil-isaglciler-hansarayni-viran-eteler\/#primaryimage","url":"https:\/\/qtmm.org\/wp-content\/uploads\/2023\/01\/dw900h500.jpg","contentUrl":"https:\/\/qtmm.org\/wp-content\/uploads\/2023\/01\/dw900h500.jpg","width":900,"height":500},{"@type":"BreadcrumbList","@id":"https:\/\/qtmm.org\/qt\/keri-qaytmaz-denismeler-nasil-isaglciler-hansarayni-viran-eteler\/#breadcrumb","itemListElement":[{"@type":"ListItem","position":1,"name":"\u0413\u043e\u043b\u043e\u0432\u043d\u0430","item":"https:\/\/qtmm.org\/qt\/"},{"@type":"ListItem","position":2,"name":"Keri qaytmaz de\u00f1i\u015fmeler: nas\u0131l i\u015fa\u011flciler Hansarayn\u0131 viran eteler"}]},{"@type":"WebSite","@id":"https:\/\/qtmm.org\/qt\/#website","url":"https:\/\/qtmm.org\/qt\/","name":"\u041c\u0435\u0434\u0436\u043b\u0456\u0441","description":"","publisher":{"@id":"https:\/\/qtmm.org\/qt\/#organization"},"potentialAction":[{"@type":"SearchAction","target":{"@type":"EntryPoint","urlTemplate":"https:\/\/qtmm.org\/qt\/?s={search_term_string}"},"query-input":{"@type":"PropertyValueSpecification","valueRequired":true,"valueName":"search_term_string"}}],"inLanguage":"qt"},{"@type":"Organization","@id":"https:\/\/qtmm.org\/qt\/#organization","name":"\u041c\u0435\u0434\u0436\u043b\u0456\u0441","url":"https:\/\/qtmm.org\/qt\/","logo":{"@type":"ImageObject","inLanguage":"qt","@id":"https:\/\/qtmm.org\/qt\/#\/schema\/logo\/image\/","url":"https:\/\/qtmm.org\/wp-content\/uploads\/2024\/12\/ua-mejlis-logo-rgb.svg","contentUrl":"https:\/\/qtmm.org\/wp-content\/uploads\/2024\/12\/ua-mejlis-logo-rgb.svg","caption":"\u041c\u0435\u0434\u0436\u043b\u0456\u0441"},"image":{"@id":"https:\/\/qtmm.org\/qt\/#\/schema\/logo\/image\/"},"sameAs":["https:\/\/www.facebook.com\/qtmm.info\/"]},{"@type":"Person","@id":"https:\/\/qtmm.org\/qt\/#\/schema\/person\/e19a16971e1d6077c60771108a0c2eb1","name":"milena","image":{"@type":"ImageObject","inLanguage":"qt","@id":"https:\/\/secure.gravatar.com\/avatar\/a1c72d47914b6ffa21f1246920d5cff572eced8dc7c4ef1b629898b5a8c18fa5?s=96&d=mm&r=g","url":"https:\/\/secure.gravatar.com\/avatar\/a1c72d47914b6ffa21f1246920d5cff572eced8dc7c4ef1b629898b5a8c18fa5?s=96&d=mm&r=g","contentUrl":"https:\/\/secure.gravatar.com\/avatar\/a1c72d47914b6ffa21f1246920d5cff572eced8dc7c4ef1b629898b5a8c18fa5?s=96&d=mm&r=g","caption":"milena"},"url":"https:\/\/qtmm.org\/qt\/author\/milena\/"}]}},"_links":{"self":[{"href":"https:\/\/qtmm.org\/qt\/wp-json\/wp\/v2\/posts\/78192","targetHints":{"allow":["GET"]}}],"collection":[{"href":"https:\/\/qtmm.org\/qt\/wp-json\/wp\/v2\/posts"}],"about":[{"href":"https:\/\/qtmm.org\/qt\/wp-json\/wp\/v2\/types\/post"}],"author":[{"embeddable":true,"href":"https:\/\/qtmm.org\/qt\/wp-json\/wp\/v2\/users\/6"}],"replies":[{"embeddable":true,"href":"https:\/\/qtmm.org\/qt\/wp-json\/wp\/v2\/comments?post=78192"}],"version-history":[{"count":1,"href":"https:\/\/qtmm.org\/qt\/wp-json\/wp\/v2\/posts\/78192\/revisions"}],"predecessor-version":[{"id":78193,"href":"https:\/\/qtmm.org\/qt\/wp-json\/wp\/v2\/posts\/78192\/revisions\/78193"}],"wp:featuredmedia":[{"embeddable":true,"href":"https:\/\/qtmm.org\/qt\/wp-json\/wp\/v2\/media\/78189"}],"wp:attachment":[{"href":"https:\/\/qtmm.org\/qt\/wp-json\/wp\/v2\/media?parent=78192"}],"wp:term":[{"taxonomy":"category","embeddable":true,"href":"https:\/\/qtmm.org\/qt\/wp-json\/wp\/v2\/categories?post=78192"},{"taxonomy":"post_tag","embeddable":true,"href":"https:\/\/qtmm.org\/qt\/wp-json\/wp\/v2\/tags?post=78192"}],"curies":[{"name":"wp","href":"https:\/\/api.w.org\/{rel}","templated":true}]}}