




{"id":78147,"date":"2023-01-12T00:02:00","date_gmt":"2023-01-11T21:02:00","guid":{"rendered":"https:\/\/qtmm.org\/?p=78147"},"modified":"2023-01-13T00:28:53","modified_gmt":"2023-01-12T21:28:53","slug":"mustafa-cemilev-turkiye-prezidentinen-korusti","status":"publish","type":"post","link":"https:\/\/qtmm.org\/qt\/mustafa-cemilev-turkiye-prezidentinen-korusti\/","title":{"rendered":"Mustafa Cemilev T\u00fcrkiye Prezidentinen k\u00f6r\u00fc\u015fti"},"content":{"rendered":"\n<p>Q\u0131r\u0131mtatar halq\u0131n\u0131\u00f1 lideri, Ukraina halq mebus\u0131 Mustafa Cemilev ve Ukraina Y\u015en\u0131\u00f1 insan aqlar\u0131 vekili Dm\u0131tro Lubinets Recep Tayyip Erdo\u011fannen k\u00f6r\u00fc\u015ftiler. Bu k\u00fcnlerde Ankarada (T\u00fcrkiye) ke\u00e7irilgen &#8220;21. as\u0131rda insan aqlar\u0131n\u0131\u00f1 kelecegi&#8221; konferentsiyas\u0131 \u00e7er\u00e7ivesinde mezk\u00fcr k\u00f6r\u00fc\u015f\u00fcv ke\u00e7irildi.&nbsp;<\/p>\n\n\n\n<p>Siyaset\u00e7iler, rusiyeni\u00f1 qanuns\u0131z olaraq tutqan\u0131 ve tevqif etkeni ve t\u00fc\u015f\u00fcncilerine k\u00f6re Q\u0131r\u0131mn\u0131\u00f1 topraqlar\u0131nda cinaiy cinayetler yapqan &#8220;Kreml esirleri&#8221; siyasiy mab\u00fcslerini azat et\u00fcv meselelerini;<\/p>\n\n\n\n<p>\u015fu anda rfn\u0131\u00f1 topraqlar\u0131nda bulun\u011fan ve a\u011f\u0131r yaralan\u011fan ukrain askerlerini evlerine qaytaruv meselelerini;<\/p>\n\n\n\n<p>2014 senesinden berli rusiyeni\u00f1 ve Donetsk ve Luhansk vil\u00e2yetlerini\u00f1 vaqt\u0131nca i\u015f\u011fal etilgen topraqlar\u0131nda uzun epis m\u00fcddetlerinen bulun\u011fan Ukraina vatanda\u015flar\u0131n\u0131 qaytaruv meselelerini;<\/p>\n\n\n\n<p>qanuns\u0131z olaraq tutul\u011fan ve 2022 senesi fevra ay\u0131n\u0131\u00f1 24-\u00fcnden berli rusiyeni\u00f1 topraqlar\u0131nda tutul\u011fan&nbsp; t\u0131n\u00e7 ya\u015fa\u011fan ukrainal\u0131larn\u0131 qaytaruv meselelerini muzakere ettiler;<\/p>\n\n\n\n<p>B\u00fct\u00fcn t\u0131n\u00e7 ya\u015fa\u011fan ve rfn\u0131\u00f1 epishanelerinde tutul\u011fan Ukraina vatanda\u015flar\u0131n\u0131 evlerine qaytarma\u011fa yard\u0131m etecek uquqiy usul\u0131n\u0131 t\u00fc\u015f\u00fcnip \u00e7\u0131qarmaq m\u00fcimligine ayr\u0131ca diqqat ettiler.<\/p>\n\n\n\n<figure class=\"wp-block-gallery has-nested-images columns-default is-cropped wp-block-gallery-1 is-layout-flex wp-block-gallery-is-layout-flex\">\n<figure class=\"wp-block-image size-large\"><img loading=\"lazy\" decoding=\"async\" width=\"768\" height=\"1024\" data-id=\"78148\" src=\"https:\/\/qtmm.org\/wp-content\/uploads\/2023\/01\/324917436_1622208418198132_2514044196707238315_n-768x1024.jpg\" alt=\"\" class=\"wp-image-78148\" srcset=\"https:\/\/qtmm.org\/wp-content\/uploads\/2023\/01\/324917436_1622208418198132_2514044196707238315_n-768x1024.jpg 768w, https:\/\/qtmm.org\/wp-content\/uploads\/2023\/01\/324917436_1622208418198132_2514044196707238315_n-225x300.jpg 225w, https:\/\/qtmm.org\/wp-content\/uploads\/2023\/01\/324917436_1622208418198132_2514044196707238315_n-1152x1536.jpg 1152w, https:\/\/qtmm.org\/wp-content\/uploads\/2023\/01\/324917436_1622208418198132_2514044196707238315_n.jpg 1200w\" sizes=\"auto, (max-width: 768px) 100vw, 768px\" \/><\/figure>\n\n\n\n<figure class=\"wp-block-image size-large\"><img loading=\"lazy\" decoding=\"async\" width=\"1024\" height=\"768\" data-id=\"78149\" src=\"https:\/\/qtmm.org\/wp-content\/uploads\/2023\/01\/325366638_559464542469462_2369915149272998563_n-1024x768.jpg\" alt=\"\" class=\"wp-image-78149\" srcset=\"https:\/\/qtmm.org\/wp-content\/uploads\/2023\/01\/325366638_559464542469462_2369915149272998563_n-1024x768.jpg 1024w, https:\/\/qtmm.org\/wp-content\/uploads\/2023\/01\/325366638_559464542469462_2369915149272998563_n-300x225.jpg 300w, https:\/\/qtmm.org\/wp-content\/uploads\/2023\/01\/325366638_559464542469462_2369915149272998563_n-768x576.jpg 768w, https:\/\/qtmm.org\/wp-content\/uploads\/2023\/01\/325366638_559464542469462_2369915149272998563_n.jpg 1284w\" sizes=\"auto, (max-width: 1024px) 100vw, 1024px\" \/><\/figure>\n<\/figure>\n","protected":false},"excerpt":{"rendered":"<p>Q\u0131r\u0131mtatar halq\u0131n\u0131\u00f1 lideri, Ukraina halq mebus\u0131 Mustafa Cemilev ve Ukraina Y\u015en\u0131\u00f1 insan aqlar\u0131 vekili Dm\u0131tro Lubinets Recep Tayyip Erdo\u011fannen k\u00f6r\u00fc\u015ftiler. Bu k\u00fcnlerde Ankarada (T\u00fcrkiye) ke\u00e7irilgen &#8220;21. as\u0131rda insan aqlar\u0131n\u0131\u00f1 kelecegi&#8221; konferentsiyas\u0131 \u00e7er\u00e7ivesinde mezk\u00fcr k\u00f6r\u00fc\u015f\u00fcv ke\u00e7irildi.&nbsp; Siyaset\u00e7iler, rusiyeni\u00f1 qanuns\u0131z olaraq tutqan\u0131 ve tevqif etkeni ve t\u00fc\u015f\u00fcncilerine k\u00f6re Q\u0131r\u0131mn\u0131\u00f1 topraqlar\u0131nda cinaiy cinayetler yapqan &#8220;Kreml esirleri&#8221; siyasiy mab\u00fcslerini [&hellip;]<\/p>\n","protected":false},"author":6,"featured_media":78153,"comment_status":"open","ping_status":"open","sticky":false,"template":"","format":"standard","meta":{"inline_featured_image":false,"footnotes":""},"categories":[265],"tags":[],"class_list":["post-78147","post","type-post","status-publish","format-standard","has-post-thumbnail","hentry","category-haberler"],"acf":[],"yoast_head":"<!-- This site is optimized with the Yoast SEO plugin v27.4 - https:\/\/yoast.com\/product\/yoast-seo-wordpress\/ -->\n<title>Mustafa Cemilev T\u00fcrkiye Prezidentinen k\u00f6r\u00fc\u015fti - \u041c\u0435\u0434\u0436\u043b\u0456\u0441<\/title>\n<meta name=\"robots\" content=\"index, follow, max-snippet:-1, max-image-preview:large, max-video-preview:-1\" \/>\n<link rel=\"canonical\" href=\"https:\/\/qtmm.org\/qt\/mustafa-cemilev-turkiye-prezidentinen-korusti\/\" \/>\n<meta property=\"og:locale\" content=\"en_US\" \/>\n<meta property=\"og:type\" content=\"article\" \/>\n<meta property=\"og:title\" content=\"Mustafa Cemilev T\u00fcrkiye Prezidentinen k\u00f6r\u00fc\u015fti - \u041c\u0435\u0434\u0436\u043b\u0456\u0441\" \/>\n<meta property=\"og:description\" content=\"Q\u0131r\u0131mtatar halq\u0131n\u0131\u00f1 lideri, Ukraina halq mebus\u0131 Mustafa Cemilev ve Ukraina Y\u015en\u0131\u00f1 insan aqlar\u0131 vekili Dm\u0131tro Lubinets Recep Tayyip Erdo\u011fannen k\u00f6r\u00fc\u015ftiler. Bu k\u00fcnlerde Ankarada (T\u00fcrkiye) ke\u00e7irilgen &#8220;21. as\u0131rda insan aqlar\u0131n\u0131\u00f1 kelecegi&#8221; konferentsiyas\u0131 \u00e7er\u00e7ivesinde mezk\u00fcr k\u00f6r\u00fc\u015f\u00fcv ke\u00e7irildi.&nbsp; Siyaset\u00e7iler, rusiyeni\u00f1 qanuns\u0131z olaraq tutqan\u0131 ve tevqif etkeni ve t\u00fc\u015f\u00fcncilerine k\u00f6re Q\u0131r\u0131mn\u0131\u00f1 topraqlar\u0131nda cinaiy cinayetler yapqan &#8220;Kreml esirleri&#8221; siyasiy mab\u00fcslerini [&hellip;]\" \/>\n<meta property=\"og:url\" content=\"https:\/\/qtmm.org\/qt\/mustafa-cemilev-turkiye-prezidentinen-korusti\/\" \/>\n<meta property=\"og:site_name\" content=\"\u041c\u0435\u0434\u0436\u043b\u0456\u0441\" \/>\n<meta property=\"article:publisher\" content=\"https:\/\/www.facebook.com\/qtmm.info\/\" \/>\n<meta property=\"article:published_time\" content=\"2023-01-11T21:02:00+00:00\" \/>\n<meta property=\"article:modified_time\" content=\"2023-01-12T21:28:53+00:00\" \/>\n<meta property=\"og:image\" content=\"https:\/\/qtmm.org\/wp-content\/uploads\/2023\/01\/325387456_719969056302822_94813330088374163_n.jpg\" \/>\n\t<meta property=\"og:image:width\" content=\"1024\" \/>\n\t<meta property=\"og:image:height\" content=\"716\" \/>\n\t<meta property=\"og:image:type\" content=\"image\/jpeg\" \/>\n<meta name=\"author\" content=\"milena\" \/>\n<meta name=\"twitter:card\" content=\"summary_large_image\" \/>\n<meta name=\"twitter:label1\" content=\"Written by\" \/>\n\t<meta name=\"twitter:data1\" content=\"milena\" \/>\n\t<meta name=\"twitter:label2\" content=\"Est. reading time\" \/>\n\t<meta name=\"twitter:data2\" content=\"2 minutes\" \/>\n<script type=\"application\/ld+json\" class=\"yoast-schema-graph\">{\"@context\":\"https:\\\/\\\/schema.org\",\"@graph\":[{\"@type\":\"Article\",\"@id\":\"https:\\\/\\\/qtmm.org\\\/qt\\\/mustafa-cemilev-turkiye-prezidentinen-korusti\\\/#article\",\"isPartOf\":{\"@id\":\"https:\\\/\\\/qtmm.org\\\/qt\\\/mustafa-cemilev-turkiye-prezidentinen-korusti\\\/\"},\"author\":{\"name\":\"milena\",\"@id\":\"https:\\\/\\\/qtmm.org\\\/qt\\\/#\\\/schema\\\/person\\\/e19a16971e1d6077c60771108a0c2eb1\"},\"headline\":\"Mustafa Cemilev T\u00fcrkiye Prezidentinen k\u00f6r\u00fc\u015fti\",\"datePublished\":\"2023-01-11T21:02:00+00:00\",\"dateModified\":\"2023-01-12T21:28:53+00:00\",\"mainEntityOfPage\":{\"@id\":\"https:\\\/\\\/qtmm.org\\\/qt\\\/mustafa-cemilev-turkiye-prezidentinen-korusti\\\/\"},\"wordCount\":203,\"commentCount\":0,\"publisher\":{\"@id\":\"https:\\\/\\\/qtmm.org\\\/qt\\\/#organization\"},\"image\":{\"@id\":\"https:\\\/\\\/qtmm.org\\\/qt\\\/mustafa-cemilev-turkiye-prezidentinen-korusti\\\/#primaryimage\"},\"thumbnailUrl\":\"https:\\\/\\\/qtmm.org\\\/wp-content\\\/uploads\\\/2023\\\/01\\\/325387456_719969056302822_94813330088374163_n.jpg\",\"articleSection\":[\"Haberler\"],\"inLanguage\":\"qt\",\"potentialAction\":[{\"@type\":\"CommentAction\",\"name\":\"Comment\",\"target\":[\"https:\\\/\\\/qtmm.org\\\/qt\\\/mustafa-cemilev-turkiye-prezidentinen-korusti\\\/#respond\"]}]},{\"@type\":\"WebPage\",\"@id\":\"https:\\\/\\\/qtmm.org\\\/qt\\\/mustafa-cemilev-turkiye-prezidentinen-korusti\\\/\",\"url\":\"https:\\\/\\\/qtmm.org\\\/qt\\\/mustafa-cemilev-turkiye-prezidentinen-korusti\\\/\",\"name\":\"Mustafa Cemilev T\u00fcrkiye Prezidentinen k\u00f6r\u00fc\u015fti - \u041c\u0435\u0434\u0436\u043b\u0456\u0441\",\"isPartOf\":{\"@id\":\"https:\\\/\\\/qtmm.org\\\/qt\\\/#website\"},\"primaryImageOfPage\":{\"@id\":\"https:\\\/\\\/qtmm.org\\\/qt\\\/mustafa-cemilev-turkiye-prezidentinen-korusti\\\/#primaryimage\"},\"image\":{\"@id\":\"https:\\\/\\\/qtmm.org\\\/qt\\\/mustafa-cemilev-turkiye-prezidentinen-korusti\\\/#primaryimage\"},\"thumbnailUrl\":\"https:\\\/\\\/qtmm.org\\\/wp-content\\\/uploads\\\/2023\\\/01\\\/325387456_719969056302822_94813330088374163_n.jpg\",\"datePublished\":\"2023-01-11T21:02:00+00:00\",\"dateModified\":\"2023-01-12T21:28:53+00:00\",\"breadcrumb\":{\"@id\":\"https:\\\/\\\/qtmm.org\\\/qt\\\/mustafa-cemilev-turkiye-prezidentinen-korusti\\\/#breadcrumb\"},\"inLanguage\":\"qt\",\"potentialAction\":[{\"@type\":\"ReadAction\",\"target\":[\"https:\\\/\\\/qtmm.org\\\/qt\\\/mustafa-cemilev-turkiye-prezidentinen-korusti\\\/\"]}]},{\"@type\":\"ImageObject\",\"inLanguage\":\"qt\",\"@id\":\"https:\\\/\\\/qtmm.org\\\/qt\\\/mustafa-cemilev-turkiye-prezidentinen-korusti\\\/#primaryimage\",\"url\":\"https:\\\/\\\/qtmm.org\\\/wp-content\\\/uploads\\\/2023\\\/01\\\/325387456_719969056302822_94813330088374163_n.jpg\",\"contentUrl\":\"https:\\\/\\\/qtmm.org\\\/wp-content\\\/uploads\\\/2023\\\/01\\\/325387456_719969056302822_94813330088374163_n.jpg\",\"width\":1024,\"height\":716},{\"@type\":\"BreadcrumbList\",\"@id\":\"https:\\\/\\\/qtmm.org\\\/qt\\\/mustafa-cemilev-turkiye-prezidentinen-korusti\\\/#breadcrumb\",\"itemListElement\":[{\"@type\":\"ListItem\",\"position\":1,\"name\":\"\u0413\u043e\u043b\u043e\u0432\u043d\u0430\",\"item\":\"https:\\\/\\\/qtmm.org\\\/qt\\\/\"},{\"@type\":\"ListItem\",\"position\":2,\"name\":\"Mustafa Cemilev T\u00fcrkiye Prezidentinen k\u00f6r\u00fc\u015fti\"}]},{\"@type\":\"WebSite\",\"@id\":\"https:\\\/\\\/qtmm.org\\\/qt\\\/#website\",\"url\":\"https:\\\/\\\/qtmm.org\\\/qt\\\/\",\"name\":\"\u041c\u0435\u0434\u0436\u043b\u0456\u0441\",\"description\":\"\",\"publisher\":{\"@id\":\"https:\\\/\\\/qtmm.org\\\/qt\\\/#organization\"},\"potentialAction\":[{\"@type\":\"SearchAction\",\"target\":{\"@type\":\"EntryPoint\",\"urlTemplate\":\"https:\\\/\\\/qtmm.org\\\/qt\\\/?s={search_term_string}\"},\"query-input\":{\"@type\":\"PropertyValueSpecification\",\"valueRequired\":true,\"valueName\":\"search_term_string\"}}],\"inLanguage\":\"qt\"},{\"@type\":\"Organization\",\"@id\":\"https:\\\/\\\/qtmm.org\\\/qt\\\/#organization\",\"name\":\"\u041c\u0435\u0434\u0436\u043b\u0456\u0441\",\"url\":\"https:\\\/\\\/qtmm.org\\\/qt\\\/\",\"logo\":{\"@type\":\"ImageObject\",\"inLanguage\":\"qt\",\"@id\":\"https:\\\/\\\/qtmm.org\\\/qt\\\/#\\\/schema\\\/logo\\\/image\\\/\",\"url\":\"https:\\\/\\\/qtmm.org\\\/wp-content\\\/uploads\\\/2024\\\/12\\\/ua-mejlis-logo-rgb.svg\",\"contentUrl\":\"https:\\\/\\\/qtmm.org\\\/wp-content\\\/uploads\\\/2024\\\/12\\\/ua-mejlis-logo-rgb.svg\",\"caption\":\"\u041c\u0435\u0434\u0436\u043b\u0456\u0441\"},\"image\":{\"@id\":\"https:\\\/\\\/qtmm.org\\\/qt\\\/#\\\/schema\\\/logo\\\/image\\\/\"},\"sameAs\":[\"https:\\\/\\\/www.facebook.com\\\/qtmm.info\\\/\"]},{\"@type\":\"Person\",\"@id\":\"https:\\\/\\\/qtmm.org\\\/qt\\\/#\\\/schema\\\/person\\\/e19a16971e1d6077c60771108a0c2eb1\",\"name\":\"milena\",\"image\":{\"@type\":\"ImageObject\",\"inLanguage\":\"qt\",\"@id\":\"https:\\\/\\\/secure.gravatar.com\\\/avatar\\\/a1c72d47914b6ffa21f1246920d5cff572eced8dc7c4ef1b629898b5a8c18fa5?s=96&d=mm&r=g\",\"url\":\"https:\\\/\\\/secure.gravatar.com\\\/avatar\\\/a1c72d47914b6ffa21f1246920d5cff572eced8dc7c4ef1b629898b5a8c18fa5?s=96&d=mm&r=g\",\"contentUrl\":\"https:\\\/\\\/secure.gravatar.com\\\/avatar\\\/a1c72d47914b6ffa21f1246920d5cff572eced8dc7c4ef1b629898b5a8c18fa5?s=96&d=mm&r=g\",\"caption\":\"milena\"},\"url\":\"https:\\\/\\\/qtmm.org\\\/qt\\\/author\\\/milena\\\/\"}]}<\/script>\n<!-- \/ Yoast SEO plugin. -->","yoast_head_json":{"title":"Mustafa Cemilev T\u00fcrkiye Prezidentinen k\u00f6r\u00fc\u015fti - \u041c\u0435\u0434\u0436\u043b\u0456\u0441","robots":{"index":"index","follow":"follow","max-snippet":"max-snippet:-1","max-image-preview":"max-image-preview:large","max-video-preview":"max-video-preview:-1"},"canonical":"https:\/\/qtmm.org\/qt\/mustafa-cemilev-turkiye-prezidentinen-korusti\/","og_locale":"en_US","og_type":"article","og_title":"Mustafa Cemilev T\u00fcrkiye Prezidentinen k\u00f6r\u00fc\u015fti - \u041c\u0435\u0434\u0436\u043b\u0456\u0441","og_description":"Q\u0131r\u0131mtatar halq\u0131n\u0131\u00f1 lideri, Ukraina halq mebus\u0131 Mustafa Cemilev ve Ukraina Y\u015en\u0131\u00f1 insan aqlar\u0131 vekili Dm\u0131tro Lubinets Recep Tayyip Erdo\u011fannen k\u00f6r\u00fc\u015ftiler. Bu k\u00fcnlerde Ankarada (T\u00fcrkiye) ke\u00e7irilgen &#8220;21. as\u0131rda insan aqlar\u0131n\u0131\u00f1 kelecegi&#8221; konferentsiyas\u0131 \u00e7er\u00e7ivesinde mezk\u00fcr k\u00f6r\u00fc\u015f\u00fcv ke\u00e7irildi.&nbsp; Siyaset\u00e7iler, rusiyeni\u00f1 qanuns\u0131z olaraq tutqan\u0131 ve tevqif etkeni ve t\u00fc\u015f\u00fcncilerine k\u00f6re Q\u0131r\u0131mn\u0131\u00f1 topraqlar\u0131nda cinaiy cinayetler yapqan &#8220;Kreml esirleri&#8221; siyasiy mab\u00fcslerini [&hellip;]","og_url":"https:\/\/qtmm.org\/qt\/mustafa-cemilev-turkiye-prezidentinen-korusti\/","og_site_name":"\u041c\u0435\u0434\u0436\u043b\u0456\u0441","article_publisher":"https:\/\/www.facebook.com\/qtmm.info\/","article_published_time":"2023-01-11T21:02:00+00:00","article_modified_time":"2023-01-12T21:28:53+00:00","og_image":[{"width":1024,"height":716,"url":"https:\/\/qtmm.org\/wp-content\/uploads\/2023\/01\/325387456_719969056302822_94813330088374163_n.jpg","type":"image\/jpeg"}],"author":"milena","twitter_card":"summary_large_image","twitter_misc":{"Written by":"milena","Est. reading time":"2 minutes"},"schema":{"@context":"https:\/\/schema.org","@graph":[{"@type":"Article","@id":"https:\/\/qtmm.org\/qt\/mustafa-cemilev-turkiye-prezidentinen-korusti\/#article","isPartOf":{"@id":"https:\/\/qtmm.org\/qt\/mustafa-cemilev-turkiye-prezidentinen-korusti\/"},"author":{"name":"milena","@id":"https:\/\/qtmm.org\/qt\/#\/schema\/person\/e19a16971e1d6077c60771108a0c2eb1"},"headline":"Mustafa Cemilev T\u00fcrkiye Prezidentinen k\u00f6r\u00fc\u015fti","datePublished":"2023-01-11T21:02:00+00:00","dateModified":"2023-01-12T21:28:53+00:00","mainEntityOfPage":{"@id":"https:\/\/qtmm.org\/qt\/mustafa-cemilev-turkiye-prezidentinen-korusti\/"},"wordCount":203,"commentCount":0,"publisher":{"@id":"https:\/\/qtmm.org\/qt\/#organization"},"image":{"@id":"https:\/\/qtmm.org\/qt\/mustafa-cemilev-turkiye-prezidentinen-korusti\/#primaryimage"},"thumbnailUrl":"https:\/\/qtmm.org\/wp-content\/uploads\/2023\/01\/325387456_719969056302822_94813330088374163_n.jpg","articleSection":["Haberler"],"inLanguage":"qt","potentialAction":[{"@type":"CommentAction","name":"Comment","target":["https:\/\/qtmm.org\/qt\/mustafa-cemilev-turkiye-prezidentinen-korusti\/#respond"]}]},{"@type":"WebPage","@id":"https:\/\/qtmm.org\/qt\/mustafa-cemilev-turkiye-prezidentinen-korusti\/","url":"https:\/\/qtmm.org\/qt\/mustafa-cemilev-turkiye-prezidentinen-korusti\/","name":"Mustafa Cemilev T\u00fcrkiye Prezidentinen k\u00f6r\u00fc\u015fti - \u041c\u0435\u0434\u0436\u043b\u0456\u0441","isPartOf":{"@id":"https:\/\/qtmm.org\/qt\/#website"},"primaryImageOfPage":{"@id":"https:\/\/qtmm.org\/qt\/mustafa-cemilev-turkiye-prezidentinen-korusti\/#primaryimage"},"image":{"@id":"https:\/\/qtmm.org\/qt\/mustafa-cemilev-turkiye-prezidentinen-korusti\/#primaryimage"},"thumbnailUrl":"https:\/\/qtmm.org\/wp-content\/uploads\/2023\/01\/325387456_719969056302822_94813330088374163_n.jpg","datePublished":"2023-01-11T21:02:00+00:00","dateModified":"2023-01-12T21:28:53+00:00","breadcrumb":{"@id":"https:\/\/qtmm.org\/qt\/mustafa-cemilev-turkiye-prezidentinen-korusti\/#breadcrumb"},"inLanguage":"qt","potentialAction":[{"@type":"ReadAction","target":["https:\/\/qtmm.org\/qt\/mustafa-cemilev-turkiye-prezidentinen-korusti\/"]}]},{"@type":"ImageObject","inLanguage":"qt","@id":"https:\/\/qtmm.org\/qt\/mustafa-cemilev-turkiye-prezidentinen-korusti\/#primaryimage","url":"https:\/\/qtmm.org\/wp-content\/uploads\/2023\/01\/325387456_719969056302822_94813330088374163_n.jpg","contentUrl":"https:\/\/qtmm.org\/wp-content\/uploads\/2023\/01\/325387456_719969056302822_94813330088374163_n.jpg","width":1024,"height":716},{"@type":"BreadcrumbList","@id":"https:\/\/qtmm.org\/qt\/mustafa-cemilev-turkiye-prezidentinen-korusti\/#breadcrumb","itemListElement":[{"@type":"ListItem","position":1,"name":"\u0413\u043e\u043b\u043e\u0432\u043d\u0430","item":"https:\/\/qtmm.org\/qt\/"},{"@type":"ListItem","position":2,"name":"Mustafa Cemilev T\u00fcrkiye Prezidentinen k\u00f6r\u00fc\u015fti"}]},{"@type":"WebSite","@id":"https:\/\/qtmm.org\/qt\/#website","url":"https:\/\/qtmm.org\/qt\/","name":"\u041c\u0435\u0434\u0436\u043b\u0456\u0441","description":"","publisher":{"@id":"https:\/\/qtmm.org\/qt\/#organization"},"potentialAction":[{"@type":"SearchAction","target":{"@type":"EntryPoint","urlTemplate":"https:\/\/qtmm.org\/qt\/?s={search_term_string}"},"query-input":{"@type":"PropertyValueSpecification","valueRequired":true,"valueName":"search_term_string"}}],"inLanguage":"qt"},{"@type":"Organization","@id":"https:\/\/qtmm.org\/qt\/#organization","name":"\u041c\u0435\u0434\u0436\u043b\u0456\u0441","url":"https:\/\/qtmm.org\/qt\/","logo":{"@type":"ImageObject","inLanguage":"qt","@id":"https:\/\/qtmm.org\/qt\/#\/schema\/logo\/image\/","url":"https:\/\/qtmm.org\/wp-content\/uploads\/2024\/12\/ua-mejlis-logo-rgb.svg","contentUrl":"https:\/\/qtmm.org\/wp-content\/uploads\/2024\/12\/ua-mejlis-logo-rgb.svg","caption":"\u041c\u0435\u0434\u0436\u043b\u0456\u0441"},"image":{"@id":"https:\/\/qtmm.org\/qt\/#\/schema\/logo\/image\/"},"sameAs":["https:\/\/www.facebook.com\/qtmm.info\/"]},{"@type":"Person","@id":"https:\/\/qtmm.org\/qt\/#\/schema\/person\/e19a16971e1d6077c60771108a0c2eb1","name":"milena","image":{"@type":"ImageObject","inLanguage":"qt","@id":"https:\/\/secure.gravatar.com\/avatar\/a1c72d47914b6ffa21f1246920d5cff572eced8dc7c4ef1b629898b5a8c18fa5?s=96&d=mm&r=g","url":"https:\/\/secure.gravatar.com\/avatar\/a1c72d47914b6ffa21f1246920d5cff572eced8dc7c4ef1b629898b5a8c18fa5?s=96&d=mm&r=g","contentUrl":"https:\/\/secure.gravatar.com\/avatar\/a1c72d47914b6ffa21f1246920d5cff572eced8dc7c4ef1b629898b5a8c18fa5?s=96&d=mm&r=g","caption":"milena"},"url":"https:\/\/qtmm.org\/qt\/author\/milena\/"}]}},"_links":{"self":[{"href":"https:\/\/qtmm.org\/qt\/wp-json\/wp\/v2\/posts\/78147","targetHints":{"allow":["GET"]}}],"collection":[{"href":"https:\/\/qtmm.org\/qt\/wp-json\/wp\/v2\/posts"}],"about":[{"href":"https:\/\/qtmm.org\/qt\/wp-json\/wp\/v2\/types\/post"}],"author":[{"embeddable":true,"href":"https:\/\/qtmm.org\/qt\/wp-json\/wp\/v2\/users\/6"}],"replies":[{"embeddable":true,"href":"https:\/\/qtmm.org\/qt\/wp-json\/wp\/v2\/comments?post=78147"}],"version-history":[{"count":1,"href":"https:\/\/qtmm.org\/qt\/wp-json\/wp\/v2\/posts\/78147\/revisions"}],"predecessor-version":[{"id":78157,"href":"https:\/\/qtmm.org\/qt\/wp-json\/wp\/v2\/posts\/78147\/revisions\/78157"}],"wp:featuredmedia":[{"embeddable":true,"href":"https:\/\/qtmm.org\/qt\/wp-json\/wp\/v2\/media\/78153"}],"wp:attachment":[{"href":"https:\/\/qtmm.org\/qt\/wp-json\/wp\/v2\/media?parent=78147"}],"wp:term":[{"taxonomy":"category","embeddable":true,"href":"https:\/\/qtmm.org\/qt\/wp-json\/wp\/v2\/categories?post=78147"},{"taxonomy":"post_tag","embeddable":true,"href":"https:\/\/qtmm.org\/qt\/wp-json\/wp\/v2\/tags?post=78147"}],"curies":[{"name":"wp","href":"https:\/\/api.w.org\/{rel}","templated":true}]}}