




{"id":78119,"date":"2023-01-10T17:21:59","date_gmt":"2023-01-10T14:21:59","guid":{"rendered":"https:\/\/qtmm.org\/?p=78119"},"modified":"2023-01-10T17:22:01","modified_gmt":"2023-01-10T14:22:01","slug":"isgal-etilgen-qirimda-patlamalar-aqqinda-haber-bereler","status":"publish","type":"post","link":"https:\/\/qtmm.org\/qt\/isgal-etilgen-qirimda-patlamalar-aqqinda-haber-bereler\/","title":{"rendered":"\u0130\u015f\u011fal etilgen Q\u0131r\u0131mda patlamalar aqq\u0131nda haber bereler"},"content":{"rendered":"\n<p>\u0130\u015f\u011fal etilgen Aqyar \u015feerinde patlamalar e\u015fitildi, ava mudafaas\u0131 sistemas\u0131 \u00e7al\u0131\u015ft\u0131 dep haber berdiler. \u0130\u00e7timaiy a\u011flarda bu bildirildi, <a href=\"https:\/\/focus.ua\/uk\/voennye-novosti\/544585-v-ryade-gorodov-kryma-slyshali-vzryvy-v-sevastopole-podnyat-istrebitel-video\">Fokus<\/a> haber berdi.<\/p>\n\n\n\n<p>Bundan \u011fayr\u0131, \u015feer \u00fcst\u00fcnde belki &#8220;uzaq bir yerge u\u00e7qan&#8221; raketadan beyaz eser k\u00f6r\u00fcndi. Daa k\u00f6kte arbiy u\u00e7aq u\u00e7t\u0131.<\/p>\n\n\n\n<p>Faqat Aqyar \u015feerini\u00f1 b\u00f6yle degen &#8220;gubernator\u0131&#8221; Mihail Razvojayev bildirdi ki, bug\u00fcn yar\u0131madada Ava mudafaas\u0131n\u0131\u0131\u00f1 ast b\u00f6l\u00fckleri idman etecekler.<\/p>\n\n\n\n<p>Aqmescit \u015feerinde de patlamalar aqq\u0131nda haber berildi. \u015eeerni\u00f1 sakinleri yazalar ki, belki Ava mudafaas\u0131 sistemas\u0131 \u00e7al\u0131\u015ft\u0131. Faqat baz\u0131 pablikler aytalar ki, bu tek &#8220;ucaq u\u00e7t\u0131&#8221;.\u015eu c\u00fcmleden, <a href=\"https:\/\/t.me\/chp_simferopol\/7505\">&#8220;\u00c7P Simferopol&#8221;<\/a> ve <a href=\"https:\/\/t.me\/chp_sevastopol\/10532\">&#8220;\u00c7P Sevastopol&#8221;<\/a> Telegram kanallar\u0131 k\u00f6kteki beyaz esernen foton\u0131 yay\u0131nlaylar. Ayn\u0131 zamanda, <a href=\"https:\/\/t.me\/Crimeanwind\/19874\">&#8220;Q\u0131r\u0131m yeli&#8221;<\/a> Telegram kanal\u0131 patlama aqq\u0131nda haber berdi.<\/p>\n\n\n<div id=\"telegram-embed-block_63bd747168116\" class=\"testimonial\">\r\n    <script async src=\"https:\/\/telegram.org\/js\/telegram-widget.js\" data-telegram-post=\"\/FastFocus\/40765 \" data-width=\"100%\"><\/script>\r\n<\/div>","protected":false},"excerpt":{"rendered":"<p>\u0130\u015f\u011fal etilgen Aqyar \u015feerinde patlamalar e\u015fitildi, ava mudafaas\u0131 sistemas\u0131 \u00e7al\u0131\u015ft\u0131 dep haber berdiler. \u0130\u00e7timaiy a\u011flarda bu bildirildi, Fokus haber berdi. Bundan \u011fayr\u0131, \u015feer \u00fcst\u00fcnde belki &#8220;uzaq bir yerge u\u00e7qan&#8221; raketadan beyaz eser k\u00f6r\u00fcndi. Daa k\u00f6kte arbiy u\u00e7aq u\u00e7t\u0131. Faqat Aqyar \u015feerini\u00f1 b\u00f6yle degen &#8220;gubernator\u0131&#8221; Mihail Razvojayev bildirdi ki, bug\u00fcn yar\u0131madada Ava mudafaas\u0131n\u0131\u0131\u00f1 ast b\u00f6l\u00fckleri idman [&hellip;]<\/p>\n","protected":false},"author":6,"featured_media":78112,"comment_status":"open","ping_status":"open","sticky":false,"template":"","format":"standard","meta":{"inline_featured_image":false,"footnotes":""},"categories":[265],"tags":[],"class_list":["post-78119","post","type-post","status-publish","format-standard","has-post-thumbnail","hentry","category-haberler"],"acf":[],"yoast_head":"<!-- This site is optimized with the Yoast SEO plugin v27.4 - https:\/\/yoast.com\/product\/yoast-seo-wordpress\/ -->\n<title>\u0130\u015f\u011fal etilgen Q\u0131r\u0131mda patlamalar aqq\u0131nda haber bereler - \u041c\u0435\u0434\u0436\u043b\u0456\u0441<\/title>\n<meta name=\"robots\" content=\"index, follow, max-snippet:-1, max-image-preview:large, max-video-preview:-1\" \/>\n<link rel=\"canonical\" href=\"https:\/\/qtmm.org\/qt\/isgal-etilgen-qirimda-patlamalar-aqqinda-haber-bereler\/\" \/>\n<meta property=\"og:locale\" content=\"en_US\" \/>\n<meta property=\"og:type\" content=\"article\" \/>\n<meta property=\"og:title\" content=\"\u0130\u015f\u011fal etilgen Q\u0131r\u0131mda patlamalar aqq\u0131nda haber bereler - \u041c\u0435\u0434\u0436\u043b\u0456\u0441\" \/>\n<meta property=\"og:description\" content=\"\u0130\u015f\u011fal etilgen Aqyar \u015feerinde patlamalar e\u015fitildi, ava mudafaas\u0131 sistemas\u0131 \u00e7al\u0131\u015ft\u0131 dep haber berdiler. \u0130\u00e7timaiy a\u011flarda bu bildirildi, Fokus haber berdi. Bundan \u011fayr\u0131, \u015feer \u00fcst\u00fcnde belki &#8220;uzaq bir yerge u\u00e7qan&#8221; raketadan beyaz eser k\u00f6r\u00fcndi. Daa k\u00f6kte arbiy u\u00e7aq u\u00e7t\u0131. Faqat Aqyar \u015feerini\u00f1 b\u00f6yle degen &#8220;gubernator\u0131&#8221; Mihail Razvojayev bildirdi ki, bug\u00fcn yar\u0131madada Ava mudafaas\u0131n\u0131\u0131\u00f1 ast b\u00f6l\u00fckleri idman [&hellip;]\" \/>\n<meta property=\"og:url\" content=\"https:\/\/qtmm.org\/qt\/isgal-etilgen-qirimda-patlamalar-aqqinda-haber-bereler\/\" \/>\n<meta property=\"og:site_name\" content=\"\u041c\u0435\u0434\u0436\u043b\u0456\u0441\" \/>\n<meta property=\"article:publisher\" content=\"https:\/\/www.facebook.com\/qtmm.info\/\" \/>\n<meta property=\"article:published_time\" content=\"2023-01-10T14:21:59+00:00\" \/>\n<meta property=\"article:modified_time\" content=\"2023-01-10T14:22:01+00:00\" \/>\n<meta property=\"og:image\" content=\"https:\/\/qtmm.org\/wp-content\/uploads\/2023\/01\/photo_2023-01-10_13-06-47.jpg\" \/>\n\t<meta property=\"og:image:width\" content=\"750\" \/>\n\t<meta property=\"og:image:height\" content=\"750\" \/>\n\t<meta property=\"og:image:type\" content=\"image\/jpeg\" \/>\n<meta name=\"author\" content=\"milena\" \/>\n<meta name=\"twitter:card\" content=\"summary_large_image\" \/>\n<meta name=\"twitter:label1\" content=\"Written by\" \/>\n\t<meta name=\"twitter:data1\" content=\"milena\" \/>\n\t<meta name=\"twitter:label2\" content=\"Est. reading time\" \/>\n\t<meta name=\"twitter:data2\" content=\"1 minute\" \/>\n<script type=\"application\/ld+json\" class=\"yoast-schema-graph\">{\"@context\":\"https:\\\/\\\/schema.org\",\"@graph\":[{\"@type\":\"Article\",\"@id\":\"https:\\\/\\\/qtmm.org\\\/qt\\\/isgal-etilgen-qirimda-patlamalar-aqqinda-haber-bereler\\\/#article\",\"isPartOf\":{\"@id\":\"https:\\\/\\\/qtmm.org\\\/qt\\\/isgal-etilgen-qirimda-patlamalar-aqqinda-haber-bereler\\\/\"},\"author\":{\"name\":\"milena\",\"@id\":\"https:\\\/\\\/qtmm.org\\\/qt\\\/#\\\/schema\\\/person\\\/e19a16971e1d6077c60771108a0c2eb1\"},\"headline\":\"\u0130\u015f\u011fal etilgen Q\u0131r\u0131mda patlamalar aqq\u0131nda haber bereler\",\"datePublished\":\"2023-01-10T14:21:59+00:00\",\"dateModified\":\"2023-01-10T14:22:01+00:00\",\"mainEntityOfPage\":{\"@id\":\"https:\\\/\\\/qtmm.org\\\/qt\\\/isgal-etilgen-qirimda-patlamalar-aqqinda-haber-bereler\\\/\"},\"wordCount\":140,\"commentCount\":0,\"publisher\":{\"@id\":\"https:\\\/\\\/qtmm.org\\\/qt\\\/#organization\"},\"image\":{\"@id\":\"https:\\\/\\\/qtmm.org\\\/qt\\\/isgal-etilgen-qirimda-patlamalar-aqqinda-haber-bereler\\\/#primaryimage\"},\"thumbnailUrl\":\"https:\\\/\\\/qtmm.org\\\/wp-content\\\/uploads\\\/2023\\\/01\\\/photo_2023-01-10_13-06-47.jpg\",\"articleSection\":[\"Haberler\"],\"inLanguage\":\"qt\",\"potentialAction\":[{\"@type\":\"CommentAction\",\"name\":\"Comment\",\"target\":[\"https:\\\/\\\/qtmm.org\\\/qt\\\/isgal-etilgen-qirimda-patlamalar-aqqinda-haber-bereler\\\/#respond\"]}]},{\"@type\":\"WebPage\",\"@id\":\"https:\\\/\\\/qtmm.org\\\/qt\\\/isgal-etilgen-qirimda-patlamalar-aqqinda-haber-bereler\\\/\",\"url\":\"https:\\\/\\\/qtmm.org\\\/qt\\\/isgal-etilgen-qirimda-patlamalar-aqqinda-haber-bereler\\\/\",\"name\":\"\u0130\u015f\u011fal etilgen Q\u0131r\u0131mda patlamalar aqq\u0131nda haber bereler - \u041c\u0435\u0434\u0436\u043b\u0456\u0441\",\"isPartOf\":{\"@id\":\"https:\\\/\\\/qtmm.org\\\/qt\\\/#website\"},\"primaryImageOfPage\":{\"@id\":\"https:\\\/\\\/qtmm.org\\\/qt\\\/isgal-etilgen-qirimda-patlamalar-aqqinda-haber-bereler\\\/#primaryimage\"},\"image\":{\"@id\":\"https:\\\/\\\/qtmm.org\\\/qt\\\/isgal-etilgen-qirimda-patlamalar-aqqinda-haber-bereler\\\/#primaryimage\"},\"thumbnailUrl\":\"https:\\\/\\\/qtmm.org\\\/wp-content\\\/uploads\\\/2023\\\/01\\\/photo_2023-01-10_13-06-47.jpg\",\"datePublished\":\"2023-01-10T14:21:59+00:00\",\"dateModified\":\"2023-01-10T14:22:01+00:00\",\"breadcrumb\":{\"@id\":\"https:\\\/\\\/qtmm.org\\\/qt\\\/isgal-etilgen-qirimda-patlamalar-aqqinda-haber-bereler\\\/#breadcrumb\"},\"inLanguage\":\"qt\",\"potentialAction\":[{\"@type\":\"ReadAction\",\"target\":[\"https:\\\/\\\/qtmm.org\\\/qt\\\/isgal-etilgen-qirimda-patlamalar-aqqinda-haber-bereler\\\/\"]}]},{\"@type\":\"ImageObject\",\"inLanguage\":\"qt\",\"@id\":\"https:\\\/\\\/qtmm.org\\\/qt\\\/isgal-etilgen-qirimda-patlamalar-aqqinda-haber-bereler\\\/#primaryimage\",\"url\":\"https:\\\/\\\/qtmm.org\\\/wp-content\\\/uploads\\\/2023\\\/01\\\/photo_2023-01-10_13-06-47.jpg\",\"contentUrl\":\"https:\\\/\\\/qtmm.org\\\/wp-content\\\/uploads\\\/2023\\\/01\\\/photo_2023-01-10_13-06-47.jpg\",\"width\":750,\"height\":750},{\"@type\":\"BreadcrumbList\",\"@id\":\"https:\\\/\\\/qtmm.org\\\/qt\\\/isgal-etilgen-qirimda-patlamalar-aqqinda-haber-bereler\\\/#breadcrumb\",\"itemListElement\":[{\"@type\":\"ListItem\",\"position\":1,\"name\":\"\u0413\u043e\u043b\u043e\u0432\u043d\u0430\",\"item\":\"https:\\\/\\\/qtmm.org\\\/qt\\\/\"},{\"@type\":\"ListItem\",\"position\":2,\"name\":\"\u0130\u015f\u011fal etilgen Q\u0131r\u0131mda patlamalar aqq\u0131nda haber bereler\"}]},{\"@type\":\"WebSite\",\"@id\":\"https:\\\/\\\/qtmm.org\\\/qt\\\/#website\",\"url\":\"https:\\\/\\\/qtmm.org\\\/qt\\\/\",\"name\":\"\u041c\u0435\u0434\u0436\u043b\u0456\u0441\",\"description\":\"\",\"publisher\":{\"@id\":\"https:\\\/\\\/qtmm.org\\\/qt\\\/#organization\"},\"potentialAction\":[{\"@type\":\"SearchAction\",\"target\":{\"@type\":\"EntryPoint\",\"urlTemplate\":\"https:\\\/\\\/qtmm.org\\\/qt\\\/?s={search_term_string}\"},\"query-input\":{\"@type\":\"PropertyValueSpecification\",\"valueRequired\":true,\"valueName\":\"search_term_string\"}}],\"inLanguage\":\"qt\"},{\"@type\":\"Organization\",\"@id\":\"https:\\\/\\\/qtmm.org\\\/qt\\\/#organization\",\"name\":\"\u041c\u0435\u0434\u0436\u043b\u0456\u0441\",\"url\":\"https:\\\/\\\/qtmm.org\\\/qt\\\/\",\"logo\":{\"@type\":\"ImageObject\",\"inLanguage\":\"qt\",\"@id\":\"https:\\\/\\\/qtmm.org\\\/qt\\\/#\\\/schema\\\/logo\\\/image\\\/\",\"url\":\"https:\\\/\\\/qtmm.org\\\/wp-content\\\/uploads\\\/2024\\\/12\\\/ua-mejlis-logo-rgb.svg\",\"contentUrl\":\"https:\\\/\\\/qtmm.org\\\/wp-content\\\/uploads\\\/2024\\\/12\\\/ua-mejlis-logo-rgb.svg\",\"caption\":\"\u041c\u0435\u0434\u0436\u043b\u0456\u0441\"},\"image\":{\"@id\":\"https:\\\/\\\/qtmm.org\\\/qt\\\/#\\\/schema\\\/logo\\\/image\\\/\"},\"sameAs\":[\"https:\\\/\\\/www.facebook.com\\\/qtmm.info\\\/\"]},{\"@type\":\"Person\",\"@id\":\"https:\\\/\\\/qtmm.org\\\/qt\\\/#\\\/schema\\\/person\\\/e19a16971e1d6077c60771108a0c2eb1\",\"name\":\"milena\",\"image\":{\"@type\":\"ImageObject\",\"inLanguage\":\"qt\",\"@id\":\"https:\\\/\\\/secure.gravatar.com\\\/avatar\\\/a1c72d47914b6ffa21f1246920d5cff572eced8dc7c4ef1b629898b5a8c18fa5?s=96&d=mm&r=g\",\"url\":\"https:\\\/\\\/secure.gravatar.com\\\/avatar\\\/a1c72d47914b6ffa21f1246920d5cff572eced8dc7c4ef1b629898b5a8c18fa5?s=96&d=mm&r=g\",\"contentUrl\":\"https:\\\/\\\/secure.gravatar.com\\\/avatar\\\/a1c72d47914b6ffa21f1246920d5cff572eced8dc7c4ef1b629898b5a8c18fa5?s=96&d=mm&r=g\",\"caption\":\"milena\"},\"url\":\"https:\\\/\\\/qtmm.org\\\/qt\\\/author\\\/milena\\\/\"}]}<\/script>\n<!-- \/ Yoast SEO plugin. -->","yoast_head_json":{"title":"\u0130\u015f\u011fal etilgen Q\u0131r\u0131mda patlamalar aqq\u0131nda haber bereler - \u041c\u0435\u0434\u0436\u043b\u0456\u0441","robots":{"index":"index","follow":"follow","max-snippet":"max-snippet:-1","max-image-preview":"max-image-preview:large","max-video-preview":"max-video-preview:-1"},"canonical":"https:\/\/qtmm.org\/qt\/isgal-etilgen-qirimda-patlamalar-aqqinda-haber-bereler\/","og_locale":"en_US","og_type":"article","og_title":"\u0130\u015f\u011fal etilgen Q\u0131r\u0131mda patlamalar aqq\u0131nda haber bereler - \u041c\u0435\u0434\u0436\u043b\u0456\u0441","og_description":"\u0130\u015f\u011fal etilgen Aqyar \u015feerinde patlamalar e\u015fitildi, ava mudafaas\u0131 sistemas\u0131 \u00e7al\u0131\u015ft\u0131 dep haber berdiler. \u0130\u00e7timaiy a\u011flarda bu bildirildi, Fokus haber berdi. Bundan \u011fayr\u0131, \u015feer \u00fcst\u00fcnde belki &#8220;uzaq bir yerge u\u00e7qan&#8221; raketadan beyaz eser k\u00f6r\u00fcndi. Daa k\u00f6kte arbiy u\u00e7aq u\u00e7t\u0131. Faqat Aqyar \u015feerini\u00f1 b\u00f6yle degen &#8220;gubernator\u0131&#8221; Mihail Razvojayev bildirdi ki, bug\u00fcn yar\u0131madada Ava mudafaas\u0131n\u0131\u0131\u00f1 ast b\u00f6l\u00fckleri idman [&hellip;]","og_url":"https:\/\/qtmm.org\/qt\/isgal-etilgen-qirimda-patlamalar-aqqinda-haber-bereler\/","og_site_name":"\u041c\u0435\u0434\u0436\u043b\u0456\u0441","article_publisher":"https:\/\/www.facebook.com\/qtmm.info\/","article_published_time":"2023-01-10T14:21:59+00:00","article_modified_time":"2023-01-10T14:22:01+00:00","og_image":[{"width":750,"height":750,"url":"https:\/\/qtmm.org\/wp-content\/uploads\/2023\/01\/photo_2023-01-10_13-06-47.jpg","type":"image\/jpeg"}],"author":"milena","twitter_card":"summary_large_image","twitter_misc":{"Written by":"milena","Est. reading time":"1 minute"},"schema":{"@context":"https:\/\/schema.org","@graph":[{"@type":"Article","@id":"https:\/\/qtmm.org\/qt\/isgal-etilgen-qirimda-patlamalar-aqqinda-haber-bereler\/#article","isPartOf":{"@id":"https:\/\/qtmm.org\/qt\/isgal-etilgen-qirimda-patlamalar-aqqinda-haber-bereler\/"},"author":{"name":"milena","@id":"https:\/\/qtmm.org\/qt\/#\/schema\/person\/e19a16971e1d6077c60771108a0c2eb1"},"headline":"\u0130\u015f\u011fal etilgen Q\u0131r\u0131mda patlamalar aqq\u0131nda haber bereler","datePublished":"2023-01-10T14:21:59+00:00","dateModified":"2023-01-10T14:22:01+00:00","mainEntityOfPage":{"@id":"https:\/\/qtmm.org\/qt\/isgal-etilgen-qirimda-patlamalar-aqqinda-haber-bereler\/"},"wordCount":140,"commentCount":0,"publisher":{"@id":"https:\/\/qtmm.org\/qt\/#organization"},"image":{"@id":"https:\/\/qtmm.org\/qt\/isgal-etilgen-qirimda-patlamalar-aqqinda-haber-bereler\/#primaryimage"},"thumbnailUrl":"https:\/\/qtmm.org\/wp-content\/uploads\/2023\/01\/photo_2023-01-10_13-06-47.jpg","articleSection":["Haberler"],"inLanguage":"qt","potentialAction":[{"@type":"CommentAction","name":"Comment","target":["https:\/\/qtmm.org\/qt\/isgal-etilgen-qirimda-patlamalar-aqqinda-haber-bereler\/#respond"]}]},{"@type":"WebPage","@id":"https:\/\/qtmm.org\/qt\/isgal-etilgen-qirimda-patlamalar-aqqinda-haber-bereler\/","url":"https:\/\/qtmm.org\/qt\/isgal-etilgen-qirimda-patlamalar-aqqinda-haber-bereler\/","name":"\u0130\u015f\u011fal etilgen Q\u0131r\u0131mda patlamalar aqq\u0131nda haber bereler - \u041c\u0435\u0434\u0436\u043b\u0456\u0441","isPartOf":{"@id":"https:\/\/qtmm.org\/qt\/#website"},"primaryImageOfPage":{"@id":"https:\/\/qtmm.org\/qt\/isgal-etilgen-qirimda-patlamalar-aqqinda-haber-bereler\/#primaryimage"},"image":{"@id":"https:\/\/qtmm.org\/qt\/isgal-etilgen-qirimda-patlamalar-aqqinda-haber-bereler\/#primaryimage"},"thumbnailUrl":"https:\/\/qtmm.org\/wp-content\/uploads\/2023\/01\/photo_2023-01-10_13-06-47.jpg","datePublished":"2023-01-10T14:21:59+00:00","dateModified":"2023-01-10T14:22:01+00:00","breadcrumb":{"@id":"https:\/\/qtmm.org\/qt\/isgal-etilgen-qirimda-patlamalar-aqqinda-haber-bereler\/#breadcrumb"},"inLanguage":"qt","potentialAction":[{"@type":"ReadAction","target":["https:\/\/qtmm.org\/qt\/isgal-etilgen-qirimda-patlamalar-aqqinda-haber-bereler\/"]}]},{"@type":"ImageObject","inLanguage":"qt","@id":"https:\/\/qtmm.org\/qt\/isgal-etilgen-qirimda-patlamalar-aqqinda-haber-bereler\/#primaryimage","url":"https:\/\/qtmm.org\/wp-content\/uploads\/2023\/01\/photo_2023-01-10_13-06-47.jpg","contentUrl":"https:\/\/qtmm.org\/wp-content\/uploads\/2023\/01\/photo_2023-01-10_13-06-47.jpg","width":750,"height":750},{"@type":"BreadcrumbList","@id":"https:\/\/qtmm.org\/qt\/isgal-etilgen-qirimda-patlamalar-aqqinda-haber-bereler\/#breadcrumb","itemListElement":[{"@type":"ListItem","position":1,"name":"\u0413\u043e\u043b\u043e\u0432\u043d\u0430","item":"https:\/\/qtmm.org\/qt\/"},{"@type":"ListItem","position":2,"name":"\u0130\u015f\u011fal etilgen Q\u0131r\u0131mda patlamalar aqq\u0131nda haber bereler"}]},{"@type":"WebSite","@id":"https:\/\/qtmm.org\/qt\/#website","url":"https:\/\/qtmm.org\/qt\/","name":"\u041c\u0435\u0434\u0436\u043b\u0456\u0441","description":"","publisher":{"@id":"https:\/\/qtmm.org\/qt\/#organization"},"potentialAction":[{"@type":"SearchAction","target":{"@type":"EntryPoint","urlTemplate":"https:\/\/qtmm.org\/qt\/?s={search_term_string}"},"query-input":{"@type":"PropertyValueSpecification","valueRequired":true,"valueName":"search_term_string"}}],"inLanguage":"qt"},{"@type":"Organization","@id":"https:\/\/qtmm.org\/qt\/#organization","name":"\u041c\u0435\u0434\u0436\u043b\u0456\u0441","url":"https:\/\/qtmm.org\/qt\/","logo":{"@type":"ImageObject","inLanguage":"qt","@id":"https:\/\/qtmm.org\/qt\/#\/schema\/logo\/image\/","url":"https:\/\/qtmm.org\/wp-content\/uploads\/2024\/12\/ua-mejlis-logo-rgb.svg","contentUrl":"https:\/\/qtmm.org\/wp-content\/uploads\/2024\/12\/ua-mejlis-logo-rgb.svg","caption":"\u041c\u0435\u0434\u0436\u043b\u0456\u0441"},"image":{"@id":"https:\/\/qtmm.org\/qt\/#\/schema\/logo\/image\/"},"sameAs":["https:\/\/www.facebook.com\/qtmm.info\/"]},{"@type":"Person","@id":"https:\/\/qtmm.org\/qt\/#\/schema\/person\/e19a16971e1d6077c60771108a0c2eb1","name":"milena","image":{"@type":"ImageObject","inLanguage":"qt","@id":"https:\/\/secure.gravatar.com\/avatar\/a1c72d47914b6ffa21f1246920d5cff572eced8dc7c4ef1b629898b5a8c18fa5?s=96&d=mm&r=g","url":"https:\/\/secure.gravatar.com\/avatar\/a1c72d47914b6ffa21f1246920d5cff572eced8dc7c4ef1b629898b5a8c18fa5?s=96&d=mm&r=g","contentUrl":"https:\/\/secure.gravatar.com\/avatar\/a1c72d47914b6ffa21f1246920d5cff572eced8dc7c4ef1b629898b5a8c18fa5?s=96&d=mm&r=g","caption":"milena"},"url":"https:\/\/qtmm.org\/qt\/author\/milena\/"}]}},"_links":{"self":[{"href":"https:\/\/qtmm.org\/qt\/wp-json\/wp\/v2\/posts\/78119","targetHints":{"allow":["GET"]}}],"collection":[{"href":"https:\/\/qtmm.org\/qt\/wp-json\/wp\/v2\/posts"}],"about":[{"href":"https:\/\/qtmm.org\/qt\/wp-json\/wp\/v2\/types\/post"}],"author":[{"embeddable":true,"href":"https:\/\/qtmm.org\/qt\/wp-json\/wp\/v2\/users\/6"}],"replies":[{"embeddable":true,"href":"https:\/\/qtmm.org\/qt\/wp-json\/wp\/v2\/comments?post=78119"}],"version-history":[{"count":2,"href":"https:\/\/qtmm.org\/qt\/wp-json\/wp\/v2\/posts\/78119\/revisions"}],"predecessor-version":[{"id":78121,"href":"https:\/\/qtmm.org\/qt\/wp-json\/wp\/v2\/posts\/78119\/revisions\/78121"}],"wp:featuredmedia":[{"embeddable":true,"href":"https:\/\/qtmm.org\/qt\/wp-json\/wp\/v2\/media\/78112"}],"wp:attachment":[{"href":"https:\/\/qtmm.org\/qt\/wp-json\/wp\/v2\/media?parent=78119"}],"wp:term":[{"taxonomy":"category","embeddable":true,"href":"https:\/\/qtmm.org\/qt\/wp-json\/wp\/v2\/categories?post=78119"},{"taxonomy":"post_tag","embeddable":true,"href":"https:\/\/qtmm.org\/qt\/wp-json\/wp\/v2\/tags?post=78119"}],"curies":[{"name":"wp","href":"https:\/\/api.w.org\/{rel}","templated":true}]}}