




{"id":78095,"date":"2023-01-09T17:51:41","date_gmt":"2023-01-09T14:51:41","guid":{"rendered":"https:\/\/qtmm.org\/?p=78095"},"modified":"2023-01-09T17:51:44","modified_gmt":"2023-01-09T14:51:44","slug":"turkiyede-dernek-reberleri-surasinin-oturisi-kecirildi","status":"publish","type":"post","link":"https:\/\/qtmm.org\/qt\/turkiyede-dernek-reberleri-surasinin-oturisi-kecirildi\/","title":{"rendered":"T\u00fcrkiyede Dernek reberleri \u015furas\u0131n\u0131\u00f1 otur\u0131\u015f\u0131 ke\u00e7irildi"},"content":{"rendered":"\n<p>2023 senesi yanvar ay\u0131n\u0131\u00f1 7-sinde Ankarada (T\u00fcrkiye) Q\u0131r\u0131mtatarlarn\u0131\u00f1 medeniyeti ve bir-birine yard\u0131m\u0131 birle\u015fmesinde (Dernek) Reberler \u015furas\u0131n\u0131\u00f1 2023 senesi ilk otur\u0131\u015f\u0131 ke\u00e7irildi. <a href=\"https:\/\/qirim.news\/novosti-uk\/vidbulosya-zasidannya-rady-kerivnykiv-derneka-turechchyni\/\">QIRIM.NEWS<\/a> bu aqq\u0131nda haber berdi.<\/p>\n\n\n\n<p>Dernekni\u00f1 resmiy sayt\u0131ndaki mal\u00fcmatqa k\u00f6re, reberler \u015furas\u0131n\u0131\u00f1 er bir azas\u0131, Ahmed \u0130hsan Q\u0131r\u0131ml\u0131 ad\u0131na i\u00e7timaiy fonddaki Birle\u015fmeni\u00f1 ofisinde ke\u00e7irilgen otur\u0131\u015fta i\u015ftirak etti.&nbsp;<\/p>\n\n\n\n<p>Otur\u0131\u015fta Fondn\u0131\u00f1 prezidenti Tuncey Kalkay kiri\u015f s\u00f6z\u00fcnde 2022 senesini q\u0131ymetlendirdi. Kalkay qayd etti ki, reberler \u015furas\u0131n\u0131\u00f1 azalar\u0131n\u0131\u00f1 2023 senesi as\u0131l areket etecegi aqq\u0131nda fikirleri al eticidir.<\/p>\n\n\n\n<p>Fondn\u0131\u00f1 k\u00f6r\u00fc\u015fmelernen ba\u011fl\u0131 arizada \u015fun\u0131 yaz\u0131ld\u0131: &#8220;Kirsetilgen tekliflerge m\u00fccibi, \u015furan\u0131\u00f1 yapqan\u0131 q\u0131ymetlendir\u00fcv ve etkeni bu meselenen ba\u011fl\u0131 mesleatlar, 2023 senesi yap\u0131lmal\u0131 olacaq i\u015fni a\u015fk\u00e2r ete.<\/p>\n\n\n\n<figure class=\"wp-block-gallery has-nested-images columns-default is-cropped wp-block-gallery-1 is-layout-flex wp-block-gallery-is-layout-flex\">\n<figure class=\"wp-block-image size-large\"><img loading=\"lazy\" decoding=\"async\" width=\"750\" height=\"422\" data-id=\"78096\" src=\"https:\/\/qtmm.org\/wp-content\/uploads\/2023\/01\/dernek1-1.jpg\" alt=\"\" class=\"wp-image-78096\" srcset=\"https:\/\/qtmm.org\/wp-content\/uploads\/2023\/01\/dernek1-1.jpg 750w, https:\/\/qtmm.org\/wp-content\/uploads\/2023\/01\/dernek1-1-300x169.jpg 300w\" sizes=\"auto, (max-width: 750px) 100vw, 750px\" \/><\/figure>\n\n\n\n<figure class=\"wp-block-image size-large\"><img loading=\"lazy\" decoding=\"async\" width=\"750\" height=\"422\" data-id=\"78100\" src=\"https:\/\/qtmm.org\/wp-content\/uploads\/2023\/01\/dernek2-1.jpg\" alt=\"\" class=\"wp-image-78100\" srcset=\"https:\/\/qtmm.org\/wp-content\/uploads\/2023\/01\/dernek2-1.jpg 750w, https:\/\/qtmm.org\/wp-content\/uploads\/2023\/01\/dernek2-1-300x169.jpg 300w\" sizes=\"auto, (max-width: 750px) 100vw, 750px\" \/><\/figure>\n<\/figure>\n","protected":false},"excerpt":{"rendered":"<p>2023 senesi yanvar ay\u0131n\u0131\u00f1 7-sinde Ankarada (T\u00fcrkiye) Q\u0131r\u0131mtatarlarn\u0131\u00f1 medeniyeti ve bir-birine yard\u0131m\u0131 birle\u015fmesinde (Dernek) Reberler \u015furas\u0131n\u0131\u00f1 2023 senesi ilk otur\u0131\u015f\u0131 ke\u00e7irildi. QIRIM.NEWS bu aqq\u0131nda haber berdi. Dernekni\u00f1 resmiy sayt\u0131ndaki mal\u00fcmatqa k\u00f6re, reberler \u015furas\u0131n\u0131\u00f1 er bir azas\u0131, Ahmed \u0130hsan Q\u0131r\u0131ml\u0131 ad\u0131na i\u00e7timaiy fonddaki Birle\u015fmeni\u00f1 ofisinde ke\u00e7irilgen otur\u0131\u015fta i\u015ftirak etti.&nbsp; Otur\u0131\u015fta Fondn\u0131\u00f1 prezidenti Tuncey Kalkay kiri\u015f s\u00f6z\u00fcnde [&hellip;]<\/p>\n","protected":false},"author":6,"featured_media":78091,"comment_status":"open","ping_status":"open","sticky":false,"template":"","format":"standard","meta":{"inline_featured_image":false,"footnotes":""},"categories":[265],"tags":[],"class_list":["post-78095","post","type-post","status-publish","format-standard","has-post-thumbnail","hentry","category-haberler"],"acf":[],"yoast_head":"<!-- This site is optimized with the Yoast SEO plugin v27.4 - https:\/\/yoast.com\/product\/yoast-seo-wordpress\/ -->\n<title>T\u00fcrkiyede Dernek reberleri \u015furas\u0131n\u0131\u00f1 otur\u0131\u015f\u0131 ke\u00e7irildi - \u041c\u0435\u0434\u0436\u043b\u0456\u0441<\/title>\n<meta name=\"robots\" content=\"index, follow, max-snippet:-1, max-image-preview:large, max-video-preview:-1\" \/>\n<link rel=\"canonical\" href=\"https:\/\/qtmm.org\/qt\/turkiyede-dernek-reberleri-surasinin-oturisi-kecirildi\/\" \/>\n<meta property=\"og:locale\" content=\"en_US\" \/>\n<meta property=\"og:type\" content=\"article\" \/>\n<meta property=\"og:title\" content=\"T\u00fcrkiyede Dernek reberleri \u015furas\u0131n\u0131\u00f1 otur\u0131\u015f\u0131 ke\u00e7irildi - \u041c\u0435\u0434\u0436\u043b\u0456\u0441\" \/>\n<meta property=\"og:description\" content=\"2023 senesi yanvar ay\u0131n\u0131\u00f1 7-sinde Ankarada (T\u00fcrkiye) Q\u0131r\u0131mtatarlarn\u0131\u00f1 medeniyeti ve bir-birine yard\u0131m\u0131 birle\u015fmesinde (Dernek) Reberler \u015furas\u0131n\u0131\u00f1 2023 senesi ilk otur\u0131\u015f\u0131 ke\u00e7irildi. QIRIM.NEWS bu aqq\u0131nda haber berdi. Dernekni\u00f1 resmiy sayt\u0131ndaki mal\u00fcmatqa k\u00f6re, reberler \u015furas\u0131n\u0131\u00f1 er bir azas\u0131, Ahmed \u0130hsan Q\u0131r\u0131ml\u0131 ad\u0131na i\u00e7timaiy fonddaki Birle\u015fmeni\u00f1 ofisinde ke\u00e7irilgen otur\u0131\u015fta i\u015ftirak etti.&nbsp; Otur\u0131\u015fta Fondn\u0131\u00f1 prezidenti Tuncey Kalkay kiri\u015f s\u00f6z\u00fcnde [&hellip;]\" \/>\n<meta property=\"og:url\" content=\"https:\/\/qtmm.org\/qt\/turkiyede-dernek-reberleri-surasinin-oturisi-kecirildi\/\" \/>\n<meta property=\"og:site_name\" content=\"\u041c\u0435\u0434\u0436\u043b\u0456\u0441\" \/>\n<meta property=\"article:publisher\" content=\"https:\/\/www.facebook.com\/qtmm.info\/\" \/>\n<meta property=\"article:published_time\" content=\"2023-01-09T14:51:41+00:00\" \/>\n<meta property=\"article:modified_time\" content=\"2023-01-09T14:51:44+00:00\" \/>\n<meta property=\"og:image\" content=\"https:\/\/qtmm.org\/wp-content\/uploads\/2023\/01\/golovne.png\" \/>\n\t<meta property=\"og:image:width\" content=\"752\" \/>\n\t<meta property=\"og:image:height\" content=\"503\" \/>\n\t<meta property=\"og:image:type\" content=\"image\/png\" \/>\n<meta name=\"author\" content=\"milena\" \/>\n<meta name=\"twitter:card\" content=\"summary_large_image\" \/>\n<meta name=\"twitter:label1\" content=\"Written by\" \/>\n\t<meta name=\"twitter:data1\" content=\"milena\" \/>\n\t<meta name=\"twitter:label2\" content=\"Est. reading time\" \/>\n\t<meta name=\"twitter:data2\" content=\"1 minute\" \/>\n<script type=\"application\/ld+json\" class=\"yoast-schema-graph\">{\"@context\":\"https:\\\/\\\/schema.org\",\"@graph\":[{\"@type\":\"Article\",\"@id\":\"https:\\\/\\\/qtmm.org\\\/qt\\\/turkiyede-dernek-reberleri-surasinin-oturisi-kecirildi\\\/#article\",\"isPartOf\":{\"@id\":\"https:\\\/\\\/qtmm.org\\\/qt\\\/turkiyede-dernek-reberleri-surasinin-oturisi-kecirildi\\\/\"},\"author\":{\"name\":\"milena\",\"@id\":\"https:\\\/\\\/qtmm.org\\\/qt\\\/#\\\/schema\\\/person\\\/e19a16971e1d6077c60771108a0c2eb1\"},\"headline\":\"T\u00fcrkiyede Dernek reberleri \u015furas\u0131n\u0131\u00f1 otur\u0131\u015f\u0131 ke\u00e7irildi\",\"datePublished\":\"2023-01-09T14:51:41+00:00\",\"dateModified\":\"2023-01-09T14:51:44+00:00\",\"mainEntityOfPage\":{\"@id\":\"https:\\\/\\\/qtmm.org\\\/qt\\\/turkiyede-dernek-reberleri-surasinin-oturisi-kecirildi\\\/\"},\"wordCount\":146,\"commentCount\":0,\"publisher\":{\"@id\":\"https:\\\/\\\/qtmm.org\\\/qt\\\/#organization\"},\"image\":{\"@id\":\"https:\\\/\\\/qtmm.org\\\/qt\\\/turkiyede-dernek-reberleri-surasinin-oturisi-kecirildi\\\/#primaryimage\"},\"thumbnailUrl\":\"https:\\\/\\\/qtmm.org\\\/wp-content\\\/uploads\\\/2023\\\/01\\\/golovne.png\",\"articleSection\":[\"Haberler\"],\"inLanguage\":\"qt\",\"potentialAction\":[{\"@type\":\"CommentAction\",\"name\":\"Comment\",\"target\":[\"https:\\\/\\\/qtmm.org\\\/qt\\\/turkiyede-dernek-reberleri-surasinin-oturisi-kecirildi\\\/#respond\"]}]},{\"@type\":\"WebPage\",\"@id\":\"https:\\\/\\\/qtmm.org\\\/qt\\\/turkiyede-dernek-reberleri-surasinin-oturisi-kecirildi\\\/\",\"url\":\"https:\\\/\\\/qtmm.org\\\/qt\\\/turkiyede-dernek-reberleri-surasinin-oturisi-kecirildi\\\/\",\"name\":\"T\u00fcrkiyede Dernek reberleri \u015furas\u0131n\u0131\u00f1 otur\u0131\u015f\u0131 ke\u00e7irildi - \u041c\u0435\u0434\u0436\u043b\u0456\u0441\",\"isPartOf\":{\"@id\":\"https:\\\/\\\/qtmm.org\\\/qt\\\/#website\"},\"primaryImageOfPage\":{\"@id\":\"https:\\\/\\\/qtmm.org\\\/qt\\\/turkiyede-dernek-reberleri-surasinin-oturisi-kecirildi\\\/#primaryimage\"},\"image\":{\"@id\":\"https:\\\/\\\/qtmm.org\\\/qt\\\/turkiyede-dernek-reberleri-surasinin-oturisi-kecirildi\\\/#primaryimage\"},\"thumbnailUrl\":\"https:\\\/\\\/qtmm.org\\\/wp-content\\\/uploads\\\/2023\\\/01\\\/golovne.png\",\"datePublished\":\"2023-01-09T14:51:41+00:00\",\"dateModified\":\"2023-01-09T14:51:44+00:00\",\"breadcrumb\":{\"@id\":\"https:\\\/\\\/qtmm.org\\\/qt\\\/turkiyede-dernek-reberleri-surasinin-oturisi-kecirildi\\\/#breadcrumb\"},\"inLanguage\":\"qt\",\"potentialAction\":[{\"@type\":\"ReadAction\",\"target\":[\"https:\\\/\\\/qtmm.org\\\/qt\\\/turkiyede-dernek-reberleri-surasinin-oturisi-kecirildi\\\/\"]}]},{\"@type\":\"ImageObject\",\"inLanguage\":\"qt\",\"@id\":\"https:\\\/\\\/qtmm.org\\\/qt\\\/turkiyede-dernek-reberleri-surasinin-oturisi-kecirildi\\\/#primaryimage\",\"url\":\"https:\\\/\\\/qtmm.org\\\/wp-content\\\/uploads\\\/2023\\\/01\\\/golovne.png\",\"contentUrl\":\"https:\\\/\\\/qtmm.org\\\/wp-content\\\/uploads\\\/2023\\\/01\\\/golovne.png\",\"width\":752,\"height\":503},{\"@type\":\"BreadcrumbList\",\"@id\":\"https:\\\/\\\/qtmm.org\\\/qt\\\/turkiyede-dernek-reberleri-surasinin-oturisi-kecirildi\\\/#breadcrumb\",\"itemListElement\":[{\"@type\":\"ListItem\",\"position\":1,\"name\":\"\u0413\u043e\u043b\u043e\u0432\u043d\u0430\",\"item\":\"https:\\\/\\\/qtmm.org\\\/qt\\\/\"},{\"@type\":\"ListItem\",\"position\":2,\"name\":\"T\u00fcrkiyede Dernek reberleri \u015furas\u0131n\u0131\u00f1 otur\u0131\u015f\u0131 ke\u00e7irildi\"}]},{\"@type\":\"WebSite\",\"@id\":\"https:\\\/\\\/qtmm.org\\\/qt\\\/#website\",\"url\":\"https:\\\/\\\/qtmm.org\\\/qt\\\/\",\"name\":\"\u041c\u0435\u0434\u0436\u043b\u0456\u0441\",\"description\":\"\",\"publisher\":{\"@id\":\"https:\\\/\\\/qtmm.org\\\/qt\\\/#organization\"},\"potentialAction\":[{\"@type\":\"SearchAction\",\"target\":{\"@type\":\"EntryPoint\",\"urlTemplate\":\"https:\\\/\\\/qtmm.org\\\/qt\\\/?s={search_term_string}\"},\"query-input\":{\"@type\":\"PropertyValueSpecification\",\"valueRequired\":true,\"valueName\":\"search_term_string\"}}],\"inLanguage\":\"qt\"},{\"@type\":\"Organization\",\"@id\":\"https:\\\/\\\/qtmm.org\\\/qt\\\/#organization\",\"name\":\"\u041c\u0435\u0434\u0436\u043b\u0456\u0441\",\"url\":\"https:\\\/\\\/qtmm.org\\\/qt\\\/\",\"logo\":{\"@type\":\"ImageObject\",\"inLanguage\":\"qt\",\"@id\":\"https:\\\/\\\/qtmm.org\\\/qt\\\/#\\\/schema\\\/logo\\\/image\\\/\",\"url\":\"https:\\\/\\\/qtmm.org\\\/wp-content\\\/uploads\\\/2024\\\/12\\\/ua-mejlis-logo-rgb.svg\",\"contentUrl\":\"https:\\\/\\\/qtmm.org\\\/wp-content\\\/uploads\\\/2024\\\/12\\\/ua-mejlis-logo-rgb.svg\",\"caption\":\"\u041c\u0435\u0434\u0436\u043b\u0456\u0441\"},\"image\":{\"@id\":\"https:\\\/\\\/qtmm.org\\\/qt\\\/#\\\/schema\\\/logo\\\/image\\\/\"},\"sameAs\":[\"https:\\\/\\\/www.facebook.com\\\/qtmm.info\\\/\"]},{\"@type\":\"Person\",\"@id\":\"https:\\\/\\\/qtmm.org\\\/qt\\\/#\\\/schema\\\/person\\\/e19a16971e1d6077c60771108a0c2eb1\",\"name\":\"milena\",\"image\":{\"@type\":\"ImageObject\",\"inLanguage\":\"qt\",\"@id\":\"https:\\\/\\\/secure.gravatar.com\\\/avatar\\\/a1c72d47914b6ffa21f1246920d5cff572eced8dc7c4ef1b629898b5a8c18fa5?s=96&d=mm&r=g\",\"url\":\"https:\\\/\\\/secure.gravatar.com\\\/avatar\\\/a1c72d47914b6ffa21f1246920d5cff572eced8dc7c4ef1b629898b5a8c18fa5?s=96&d=mm&r=g\",\"contentUrl\":\"https:\\\/\\\/secure.gravatar.com\\\/avatar\\\/a1c72d47914b6ffa21f1246920d5cff572eced8dc7c4ef1b629898b5a8c18fa5?s=96&d=mm&r=g\",\"caption\":\"milena\"},\"url\":\"https:\\\/\\\/qtmm.org\\\/qt\\\/author\\\/milena\\\/\"}]}<\/script>\n<!-- \/ Yoast SEO plugin. -->","yoast_head_json":{"title":"T\u00fcrkiyede Dernek reberleri \u015furas\u0131n\u0131\u00f1 otur\u0131\u015f\u0131 ke\u00e7irildi - \u041c\u0435\u0434\u0436\u043b\u0456\u0441","robots":{"index":"index","follow":"follow","max-snippet":"max-snippet:-1","max-image-preview":"max-image-preview:large","max-video-preview":"max-video-preview:-1"},"canonical":"https:\/\/qtmm.org\/qt\/turkiyede-dernek-reberleri-surasinin-oturisi-kecirildi\/","og_locale":"en_US","og_type":"article","og_title":"T\u00fcrkiyede Dernek reberleri \u015furas\u0131n\u0131\u00f1 otur\u0131\u015f\u0131 ke\u00e7irildi - \u041c\u0435\u0434\u0436\u043b\u0456\u0441","og_description":"2023 senesi yanvar ay\u0131n\u0131\u00f1 7-sinde Ankarada (T\u00fcrkiye) Q\u0131r\u0131mtatarlarn\u0131\u00f1 medeniyeti ve bir-birine yard\u0131m\u0131 birle\u015fmesinde (Dernek) Reberler \u015furas\u0131n\u0131\u00f1 2023 senesi ilk otur\u0131\u015f\u0131 ke\u00e7irildi. QIRIM.NEWS bu aqq\u0131nda haber berdi. Dernekni\u00f1 resmiy sayt\u0131ndaki mal\u00fcmatqa k\u00f6re, reberler \u015furas\u0131n\u0131\u00f1 er bir azas\u0131, Ahmed \u0130hsan Q\u0131r\u0131ml\u0131 ad\u0131na i\u00e7timaiy fonddaki Birle\u015fmeni\u00f1 ofisinde ke\u00e7irilgen otur\u0131\u015fta i\u015ftirak etti.&nbsp; Otur\u0131\u015fta Fondn\u0131\u00f1 prezidenti Tuncey Kalkay kiri\u015f s\u00f6z\u00fcnde [&hellip;]","og_url":"https:\/\/qtmm.org\/qt\/turkiyede-dernek-reberleri-surasinin-oturisi-kecirildi\/","og_site_name":"\u041c\u0435\u0434\u0436\u043b\u0456\u0441","article_publisher":"https:\/\/www.facebook.com\/qtmm.info\/","article_published_time":"2023-01-09T14:51:41+00:00","article_modified_time":"2023-01-09T14:51:44+00:00","og_image":[{"width":752,"height":503,"url":"https:\/\/qtmm.org\/wp-content\/uploads\/2023\/01\/golovne.png","type":"image\/png"}],"author":"milena","twitter_card":"summary_large_image","twitter_misc":{"Written by":"milena","Est. reading time":"1 minute"},"schema":{"@context":"https:\/\/schema.org","@graph":[{"@type":"Article","@id":"https:\/\/qtmm.org\/qt\/turkiyede-dernek-reberleri-surasinin-oturisi-kecirildi\/#article","isPartOf":{"@id":"https:\/\/qtmm.org\/qt\/turkiyede-dernek-reberleri-surasinin-oturisi-kecirildi\/"},"author":{"name":"milena","@id":"https:\/\/qtmm.org\/qt\/#\/schema\/person\/e19a16971e1d6077c60771108a0c2eb1"},"headline":"T\u00fcrkiyede Dernek reberleri \u015furas\u0131n\u0131\u00f1 otur\u0131\u015f\u0131 ke\u00e7irildi","datePublished":"2023-01-09T14:51:41+00:00","dateModified":"2023-01-09T14:51:44+00:00","mainEntityOfPage":{"@id":"https:\/\/qtmm.org\/qt\/turkiyede-dernek-reberleri-surasinin-oturisi-kecirildi\/"},"wordCount":146,"commentCount":0,"publisher":{"@id":"https:\/\/qtmm.org\/qt\/#organization"},"image":{"@id":"https:\/\/qtmm.org\/qt\/turkiyede-dernek-reberleri-surasinin-oturisi-kecirildi\/#primaryimage"},"thumbnailUrl":"https:\/\/qtmm.org\/wp-content\/uploads\/2023\/01\/golovne.png","articleSection":["Haberler"],"inLanguage":"qt","potentialAction":[{"@type":"CommentAction","name":"Comment","target":["https:\/\/qtmm.org\/qt\/turkiyede-dernek-reberleri-surasinin-oturisi-kecirildi\/#respond"]}]},{"@type":"WebPage","@id":"https:\/\/qtmm.org\/qt\/turkiyede-dernek-reberleri-surasinin-oturisi-kecirildi\/","url":"https:\/\/qtmm.org\/qt\/turkiyede-dernek-reberleri-surasinin-oturisi-kecirildi\/","name":"T\u00fcrkiyede Dernek reberleri \u015furas\u0131n\u0131\u00f1 otur\u0131\u015f\u0131 ke\u00e7irildi - \u041c\u0435\u0434\u0436\u043b\u0456\u0441","isPartOf":{"@id":"https:\/\/qtmm.org\/qt\/#website"},"primaryImageOfPage":{"@id":"https:\/\/qtmm.org\/qt\/turkiyede-dernek-reberleri-surasinin-oturisi-kecirildi\/#primaryimage"},"image":{"@id":"https:\/\/qtmm.org\/qt\/turkiyede-dernek-reberleri-surasinin-oturisi-kecirildi\/#primaryimage"},"thumbnailUrl":"https:\/\/qtmm.org\/wp-content\/uploads\/2023\/01\/golovne.png","datePublished":"2023-01-09T14:51:41+00:00","dateModified":"2023-01-09T14:51:44+00:00","breadcrumb":{"@id":"https:\/\/qtmm.org\/qt\/turkiyede-dernek-reberleri-surasinin-oturisi-kecirildi\/#breadcrumb"},"inLanguage":"qt","potentialAction":[{"@type":"ReadAction","target":["https:\/\/qtmm.org\/qt\/turkiyede-dernek-reberleri-surasinin-oturisi-kecirildi\/"]}]},{"@type":"ImageObject","inLanguage":"qt","@id":"https:\/\/qtmm.org\/qt\/turkiyede-dernek-reberleri-surasinin-oturisi-kecirildi\/#primaryimage","url":"https:\/\/qtmm.org\/wp-content\/uploads\/2023\/01\/golovne.png","contentUrl":"https:\/\/qtmm.org\/wp-content\/uploads\/2023\/01\/golovne.png","width":752,"height":503},{"@type":"BreadcrumbList","@id":"https:\/\/qtmm.org\/qt\/turkiyede-dernek-reberleri-surasinin-oturisi-kecirildi\/#breadcrumb","itemListElement":[{"@type":"ListItem","position":1,"name":"\u0413\u043e\u043b\u043e\u0432\u043d\u0430","item":"https:\/\/qtmm.org\/qt\/"},{"@type":"ListItem","position":2,"name":"T\u00fcrkiyede Dernek reberleri \u015furas\u0131n\u0131\u00f1 otur\u0131\u015f\u0131 ke\u00e7irildi"}]},{"@type":"WebSite","@id":"https:\/\/qtmm.org\/qt\/#website","url":"https:\/\/qtmm.org\/qt\/","name":"\u041c\u0435\u0434\u0436\u043b\u0456\u0441","description":"","publisher":{"@id":"https:\/\/qtmm.org\/qt\/#organization"},"potentialAction":[{"@type":"SearchAction","target":{"@type":"EntryPoint","urlTemplate":"https:\/\/qtmm.org\/qt\/?s={search_term_string}"},"query-input":{"@type":"PropertyValueSpecification","valueRequired":true,"valueName":"search_term_string"}}],"inLanguage":"qt"},{"@type":"Organization","@id":"https:\/\/qtmm.org\/qt\/#organization","name":"\u041c\u0435\u0434\u0436\u043b\u0456\u0441","url":"https:\/\/qtmm.org\/qt\/","logo":{"@type":"ImageObject","inLanguage":"qt","@id":"https:\/\/qtmm.org\/qt\/#\/schema\/logo\/image\/","url":"https:\/\/qtmm.org\/wp-content\/uploads\/2024\/12\/ua-mejlis-logo-rgb.svg","contentUrl":"https:\/\/qtmm.org\/wp-content\/uploads\/2024\/12\/ua-mejlis-logo-rgb.svg","caption":"\u041c\u0435\u0434\u0436\u043b\u0456\u0441"},"image":{"@id":"https:\/\/qtmm.org\/qt\/#\/schema\/logo\/image\/"},"sameAs":["https:\/\/www.facebook.com\/qtmm.info\/"]},{"@type":"Person","@id":"https:\/\/qtmm.org\/qt\/#\/schema\/person\/e19a16971e1d6077c60771108a0c2eb1","name":"milena","image":{"@type":"ImageObject","inLanguage":"qt","@id":"https:\/\/secure.gravatar.com\/avatar\/a1c72d47914b6ffa21f1246920d5cff572eced8dc7c4ef1b629898b5a8c18fa5?s=96&d=mm&r=g","url":"https:\/\/secure.gravatar.com\/avatar\/a1c72d47914b6ffa21f1246920d5cff572eced8dc7c4ef1b629898b5a8c18fa5?s=96&d=mm&r=g","contentUrl":"https:\/\/secure.gravatar.com\/avatar\/a1c72d47914b6ffa21f1246920d5cff572eced8dc7c4ef1b629898b5a8c18fa5?s=96&d=mm&r=g","caption":"milena"},"url":"https:\/\/qtmm.org\/qt\/author\/milena\/"}]}},"_links":{"self":[{"href":"https:\/\/qtmm.org\/qt\/wp-json\/wp\/v2\/posts\/78095","targetHints":{"allow":["GET"]}}],"collection":[{"href":"https:\/\/qtmm.org\/qt\/wp-json\/wp\/v2\/posts"}],"about":[{"href":"https:\/\/qtmm.org\/qt\/wp-json\/wp\/v2\/types\/post"}],"author":[{"embeddable":true,"href":"https:\/\/qtmm.org\/qt\/wp-json\/wp\/v2\/users\/6"}],"replies":[{"embeddable":true,"href":"https:\/\/qtmm.org\/qt\/wp-json\/wp\/v2\/comments?post=78095"}],"version-history":[{"count":1,"href":"https:\/\/qtmm.org\/qt\/wp-json\/wp\/v2\/posts\/78095\/revisions"}],"predecessor-version":[{"id":78104,"href":"https:\/\/qtmm.org\/qt\/wp-json\/wp\/v2\/posts\/78095\/revisions\/78104"}],"wp:featuredmedia":[{"embeddable":true,"href":"https:\/\/qtmm.org\/qt\/wp-json\/wp\/v2\/media\/78091"}],"wp:attachment":[{"href":"https:\/\/qtmm.org\/qt\/wp-json\/wp\/v2\/media?parent=78095"}],"wp:term":[{"taxonomy":"category","embeddable":true,"href":"https:\/\/qtmm.org\/qt\/wp-json\/wp\/v2\/categories?post=78095"},{"taxonomy":"post_tag","embeddable":true,"href":"https:\/\/qtmm.org\/qt\/wp-json\/wp\/v2\/tags?post=78095"}],"curies":[{"name":"wp","href":"https:\/\/api.w.org\/{rel}","templated":true}]}}