




{"id":78077,"date":"2023-01-06T20:41:30","date_gmt":"2023-01-06T17:41:30","guid":{"rendered":"https:\/\/qtmm.org\/?p=78077"},"modified":"2023-01-06T20:41:32","modified_gmt":"2023-01-06T17:41:32","slug":"refat-cubarov-qirimtatar-tamir-halqinin-tilini-qirimtatar-tilini-saqlanuv-yolunda-muim-bir-adimdir","status":"publish","type":"post","link":"https:\/\/qtmm.org\/qt\/refat-cubarov-qirimtatar-tamir-halqinin-tilini-qirimtatar-tilini-saqlanuv-yolunda-muim-bir-adimdir\/","title":{"rendered":"Refat \u00c7ubarov: Q\u0131r\u0131mtatar tam\u0131r halq\u0131n\u0131\u00f1\u00a0tilini \u2013 Q\u0131r\u0131mtatar tilini saqlanuv yolunda m\u00fcim bir ad\u0131md\u0131r"},"content":{"rendered":"\n<p>Bug\u00fcn 2023 senesi yanvar ay\u0131n\u0131n 6-s\u0131nda <a href=\"https:\/\/www.kmu.gov.ua\/npas\/pro-utvorennia-natsionalnoi-komisii-z-pytan-krymsko-a19?fbclid=IwAR0xTwOf89hN_W8Xa6LOsHsm4BwbtlaT1RsCVpHCwGOHtk8mCMR8ACjzoGI\">Ukraina Nazirler Kabinetini\u00f1<\/a> otur\u0131\u015f\u0131nda Q\u0131r\u0131mtatar tili meseleleri milliy eyyetini te\u015fkil et\u00fcv aqq\u0131nda qarar berildi.<\/p>\n\n\n\n<blockquote class=\"wp-block-quote is-layout-flow wp-block-quote-is-layout-flow\"><p><em>&#8211; Milliy eyyet, b\u00f6yle bir generator olmal\u0131. On\u0131\u00f1 energiyas\u0131 yard\u0131m\u0131nen ilimlerni\u00f1 potentsial\u0131 ve idarecilerni\u00f1 imk\u00e2nlar\u0131 birle\u015fecek ve ayn\u0131 zamanda qullan\u0131lacaq. Bu, q\u0131r\u0131mtatar tilini \u2013 q\u0131r\u0131mtatar tam\u0131r halq\u0131n\u0131\u00f1 tilini saqlanuv ve inki\u015faf et\u00fcv yolunda m\u00fcim bir ad\u0131md\u0131r, &#8211;<\/em> dep Q\u0131r\u0131mtatar Milliy Meclisini\u00f1 ba\u015f\u0131 Refat \u00c7ubarov qayd etti.<\/p><\/blockquote>\n\n\n\n<p>Ukraina Nazirler Kabinetini\u00f1&nbsp;2023 senesi yanvar ay\u0131n\u0131\u00f1 6-s\u0131ndaki \u2116 19 \u00abQ\u0131r\u0131mtatar tili meseleleri milliy eyyetini te\u015fkil et\u00fcv aqq\u0131nda\u00bb buyru\u011f\u0131na&nbsp; m\u00fccibi o, Ukraina vitse ba\u015f naziri \u2013 Ukrainan\u0131\u00f1 vaqt\u0131nca i\u015f\u011fal etilgen topraqlar\u0131n\u0131\u00f1 reintegratsiya meseleleri naziri, (raz\u0131s\u0131nen) Ukraina Prezidentini\u00f1 Q\u0131r\u0131m Muhtar Cumhuriyetindeki daimiy vekili ve (raz\u0131s\u0131nen) Q\u0131r\u0131mtatar Milliy Meclisini\u00f1&nbsp;ba\u015f\u0131n\u0131n orta saylav\u0131nen faal etecek.<\/p>\n\n\n\n<p>Q\u0131r\u0131mtatar tili meseleleri milliy eyyeti, Ukraina Nazirler Kabinetini\u00f1&nbsp;mesleat-yard\u0131m organ\u0131 ve icra akimiyeti merkeziy ve yerli akimimetini\u00f1 \u2116 224 2022-2032 seneleri Q\u0131r\u0131mtatar tilini inki\u015faf strategiyas\u0131n\u0131 (Ukrainan\u0131\u00f1 Resmiy habercisi, 2022 s., \u2116 26, s. 1443) yerine ketir\u00fcvnen ba\u011fl\u0131 meselelerde areketlerini idare etmek ve uy\u011funla\u015ft\u0131rmaq maqsad\u0131nen te\u015fkil etildi.<\/p>\n\n\n\n<p>Q\u0131r\u0131mtatar tili milliy eyyetini\u00f1 terkibinde qat\u0131l\u011fan devlet organlar\u0131n\u0131\u00f1 ve Q\u0131r\u0131mtatar Milliy Meclisini\u00f1 vekilleri, ilmiy ve tasil m\u00fcessiselerinden til\u015f\u0131na\u015flar olacaq.<\/p>\n\n\n\n<p>Milliy eyyetni\u00f1 esas vazifeleri aras\u0131nda:<\/p>\n\n\n\n<p>1) icra akimiyeti organlar\u0131n\u0131\u00f1 q\u0131r\u0131mtatar tilini ya\u00f1\u0131dan yaratuv, saqlanuv ve inki\u015faf et\u00fcv saas\u0131nda areketlerini idare etmege temin etmege yard\u0131m etmek, qullanuv saalar\u0131n\u0131 keni\u015fletmek, q\u0131r\u0131mtatar tilini\u00f1 ta\u015f\u0131y\u0131c\u0131lar\u0131n\u0131\u00f1&nbsp;til aqlar\u0131n\u0131 ker\u00e7ekle\u015ftirmek, tam\u0131r halq\u0131n\u0131\u00f1 tilini\u00f1&nbsp;kommunikatsiya vastas\u0131 olaraq prestijini y\u00fckseltmek;<\/p>\n\n\n\n<p>2) q\u0131r\u0131mtatar tilini ya\u00f1\u0131dan yaratuv, saqlanuv ve inki\u015faf et\u00fcv saas\u0131nda devlet siyasetini \u015fekillendir\u00fcv ve yerine ketir\u00fcvnen ba\u011fl\u0131 tekliflerni az\u0131rlamaq;<\/p>\n\n\n\n<p>3) q\u0131r\u0131mtatar tilini ya\u00f1\u0131dan yaratuv, saqlanuv ve inki\u015faf et\u00fcvnen ba\u011fl\u0131 meselelerni tayinlep, olarn\u0131 al et\u00fcv usullar\u0131 ve yollar\u0131n\u0131 i\u015flep \u00e7\u0131qarmaq;<\/p>\n\n\n\n<p>4) icra akimiyeti merkezi ve yerli organlar\u0131n\u0131\u00f1&nbsp;faaliyetini\u00f1 semereligini y\u00fckseltmek;<\/p>\n\n\n\n<p>5) q\u0131r\u0131mtatar tilini ya\u00f1\u0131dan yaratuv, saqlanuv ve inki\u015faf et\u00fcvnen ba\u011fl\u0131 qaide-uquq temelini m\u00fckemmelle\u015ftirmek;<\/p>\n\n\n\n<p>6) q\u0131r\u0131mtatar halq\u0131n\u0131\u00f1 milliy identifikatsiyas\u0131n\u0131 pekit\u00fcv, milliy medeniyeti, ananeleri, adetleri ve tarih\u0131y hat\u0131ras\u0131n\u0131 saqlanuv e\u00f1 m\u00fcim faktorlar\u0131 olaraq q\u0131r\u0131mtatar tilini\u00f1 inki\u015faf\u0131n\u0131 ve on\u0131\u00f1 kelecek qullan\u0131lmas\u0131n\u0131 temin etmege yard\u0131m etmek;<\/p>\n\n\n\n<p>7) q\u0131r\u0131mtatar tilini\u00f1&nbsp;\u015fu c\u00fcmleden, iml\u00e2s\u0131, \u0131st\u0131laat\u0131, sarf\u0131, lu\u011fatlar\u0131n\u0131 tez\u00fcv saalar\u0131ndaki standartlar\u0131n\u0131 i\u015flep \u00e7\u0131qama\u011fa idare etmektir.<\/p>\n\n\n\n<p>Milliy eyyetke berilgen vazifelerni yapqanda devlet organlar\u0131, yerli \u00f6z idare organlar\u0131, m\u00fcessiseler ve te\u015fkil\u00e2tlarnen i\u015fde\u015flik yapa.<\/p>\n\n\n\n<p>Ukraina Nazirler Kabineti, Milliy eyyetni\u00f1&nbsp;vazife terkibini tasd\u0131qlay.<\/p>\n\n\n\n<p>Milliy eyyetni\u00f1\u00a0vazife terkibi tasd\u0131qlan\u011fan so\u00f1 kerek olsa Milliy eyyetni\u00f1\u00a0ba\u015flar\u0131 o\u00f1a de\u00f1i\u015fmelerni kirsete bilirler.<\/p>\n","protected":false},"excerpt":{"rendered":"<p>Bug\u00fcn 2023 senesi yanvar ay\u0131n\u0131n 6-s\u0131nda Ukraina Nazirler Kabinetini\u00f1 otur\u0131\u015f\u0131nda Q\u0131r\u0131mtatar tili meseleleri milliy eyyetini te\u015fkil et\u00fcv aqq\u0131nda qarar berildi. &#8211; Milliy eyyet, b\u00f6yle bir generator olmal\u0131. On\u0131\u00f1 energiyas\u0131 yard\u0131m\u0131nen ilimlerni\u00f1 potentsial\u0131 ve idarecilerni\u00f1 imk\u00e2nlar\u0131 birle\u015fecek ve ayn\u0131 zamanda qullan\u0131lacaq. Bu, q\u0131r\u0131mtatar tilini \u2013 q\u0131r\u0131mtatar tam\u0131r halq\u0131n\u0131\u00f1 tilini saqlanuv ve inki\u015faf et\u00fcv yolunda m\u00fcim bir [&hellip;]<\/p>\n","protected":false},"author":6,"featured_media":78073,"comment_status":"open","ping_status":"open","sticky":false,"template":"","format":"standard","meta":{"inline_featured_image":false,"footnotes":""},"categories":[265],"tags":[],"class_list":["post-78077","post","type-post","status-publish","format-standard","has-post-thumbnail","hentry","category-haberler"],"acf":[],"yoast_head":"<!-- This site is optimized with the Yoast SEO plugin v27.4 - https:\/\/yoast.com\/product\/yoast-seo-wordpress\/ -->\n<title>Refat \u00c7ubarov: Q\u0131r\u0131mtatar tam\u0131r halq\u0131n\u0131\u00f1\u00a0tilini \u2013 Q\u0131r\u0131mtatar tilini saqlanuv yolunda m\u00fcim bir ad\u0131md\u0131r - \u041c\u0435\u0434\u0436\u043b\u0456\u0441<\/title>\n<meta name=\"robots\" content=\"index, follow, max-snippet:-1, max-image-preview:large, max-video-preview:-1\" \/>\n<link rel=\"canonical\" href=\"https:\/\/qtmm.org\/qt\/refat-cubarov-qirimtatar-tamir-halqinin-tilini-qirimtatar-tilini-saqlanuv-yolunda-muim-bir-adimdir\/\" \/>\n<meta property=\"og:locale\" content=\"en_US\" \/>\n<meta property=\"og:type\" content=\"article\" \/>\n<meta property=\"og:title\" content=\"Refat \u00c7ubarov: Q\u0131r\u0131mtatar tam\u0131r halq\u0131n\u0131\u00f1\u00a0tilini \u2013 Q\u0131r\u0131mtatar tilini saqlanuv yolunda m\u00fcim bir ad\u0131md\u0131r - \u041c\u0435\u0434\u0436\u043b\u0456\u0441\" \/>\n<meta property=\"og:description\" content=\"Bug\u00fcn 2023 senesi yanvar ay\u0131n\u0131n 6-s\u0131nda Ukraina Nazirler Kabinetini\u00f1 otur\u0131\u015f\u0131nda Q\u0131r\u0131mtatar tili meseleleri milliy eyyetini te\u015fkil et\u00fcv aqq\u0131nda qarar berildi. &#8211; Milliy eyyet, b\u00f6yle bir generator olmal\u0131. On\u0131\u00f1 energiyas\u0131 yard\u0131m\u0131nen ilimlerni\u00f1 potentsial\u0131 ve idarecilerni\u00f1 imk\u00e2nlar\u0131 birle\u015fecek ve ayn\u0131 zamanda qullan\u0131lacaq. Bu, q\u0131r\u0131mtatar tilini \u2013 q\u0131r\u0131mtatar tam\u0131r halq\u0131n\u0131\u00f1 tilini saqlanuv ve inki\u015faf et\u00fcv yolunda m\u00fcim bir [&hellip;]\" \/>\n<meta property=\"og:url\" content=\"https:\/\/qtmm.org\/qt\/refat-cubarov-qirimtatar-tamir-halqinin-tilini-qirimtatar-tilini-saqlanuv-yolunda-muim-bir-adimdir\/\" \/>\n<meta property=\"og:site_name\" content=\"\u041c\u0435\u0434\u0436\u043b\u0456\u0441\" \/>\n<meta property=\"article:publisher\" content=\"https:\/\/www.facebook.com\/qtmm.info\/\" \/>\n<meta property=\"article:published_time\" content=\"2023-01-06T17:41:30+00:00\" \/>\n<meta property=\"article:modified_time\" content=\"2023-01-06T17:41:32+00:00\" \/>\n<meta property=\"og:image\" content=\"https:\/\/qtmm.org\/wp-content\/uploads\/2023\/01\/289669584_10227187275096761_9166722186330893613_n-820x473-1.jpg\" \/>\n\t<meta property=\"og:image:width\" content=\"820\" \/>\n\t<meta property=\"og:image:height\" content=\"473\" \/>\n\t<meta property=\"og:image:type\" content=\"image\/jpeg\" \/>\n<meta name=\"author\" content=\"milena\" \/>\n<meta name=\"twitter:card\" content=\"summary_large_image\" \/>\n<meta name=\"twitter:label1\" content=\"Written by\" \/>\n\t<meta name=\"twitter:data1\" content=\"milena\" \/>\n\t<meta name=\"twitter:label2\" content=\"Est. reading time\" \/>\n\t<meta name=\"twitter:data2\" content=\"3 minutes\" \/>\n<script type=\"application\/ld+json\" class=\"yoast-schema-graph\">{\"@context\":\"https:\\\/\\\/schema.org\",\"@graph\":[{\"@type\":\"Article\",\"@id\":\"https:\\\/\\\/qtmm.org\\\/qt\\\/refat-cubarov-qirimtatar-tamir-halqinin-tilini-qirimtatar-tilini-saqlanuv-yolunda-muim-bir-adimdir\\\/#article\",\"isPartOf\":{\"@id\":\"https:\\\/\\\/qtmm.org\\\/qt\\\/refat-cubarov-qirimtatar-tamir-halqinin-tilini-qirimtatar-tilini-saqlanuv-yolunda-muim-bir-adimdir\\\/\"},\"author\":{\"name\":\"milena\",\"@id\":\"https:\\\/\\\/qtmm.org\\\/qt\\\/#\\\/schema\\\/person\\\/e19a16971e1d6077c60771108a0c2eb1\"},\"headline\":\"Refat \u00c7ubarov: Q\u0131r\u0131mtatar tam\u0131r halq\u0131n\u0131\u00f1\u00a0tilini \u2013 Q\u0131r\u0131mtatar tilini saqlanuv yolunda m\u00fcim bir ad\u0131md\u0131r\",\"datePublished\":\"2023-01-06T17:41:30+00:00\",\"dateModified\":\"2023-01-06T17:41:32+00:00\",\"mainEntityOfPage\":{\"@id\":\"https:\\\/\\\/qtmm.org\\\/qt\\\/refat-cubarov-qirimtatar-tamir-halqinin-tilini-qirimtatar-tilini-saqlanuv-yolunda-muim-bir-adimdir\\\/\"},\"wordCount\":551,\"commentCount\":0,\"publisher\":{\"@id\":\"https:\\\/\\\/qtmm.org\\\/qt\\\/#organization\"},\"image\":{\"@id\":\"https:\\\/\\\/qtmm.org\\\/qt\\\/refat-cubarov-qirimtatar-tamir-halqinin-tilini-qirimtatar-tilini-saqlanuv-yolunda-muim-bir-adimdir\\\/#primaryimage\"},\"thumbnailUrl\":\"https:\\\/\\\/qtmm.org\\\/wp-content\\\/uploads\\\/2023\\\/01\\\/289669584_10227187275096761_9166722186330893613_n-820x473-1.jpg\",\"articleSection\":[\"Haberler\"],\"inLanguage\":\"qt\",\"potentialAction\":[{\"@type\":\"CommentAction\",\"name\":\"Comment\",\"target\":[\"https:\\\/\\\/qtmm.org\\\/qt\\\/refat-cubarov-qirimtatar-tamir-halqinin-tilini-qirimtatar-tilini-saqlanuv-yolunda-muim-bir-adimdir\\\/#respond\"]}]},{\"@type\":\"WebPage\",\"@id\":\"https:\\\/\\\/qtmm.org\\\/qt\\\/refat-cubarov-qirimtatar-tamir-halqinin-tilini-qirimtatar-tilini-saqlanuv-yolunda-muim-bir-adimdir\\\/\",\"url\":\"https:\\\/\\\/qtmm.org\\\/qt\\\/refat-cubarov-qirimtatar-tamir-halqinin-tilini-qirimtatar-tilini-saqlanuv-yolunda-muim-bir-adimdir\\\/\",\"name\":\"Refat \u00c7ubarov: Q\u0131r\u0131mtatar tam\u0131r halq\u0131n\u0131\u00f1\u00a0tilini \u2013 Q\u0131r\u0131mtatar tilini saqlanuv yolunda m\u00fcim bir ad\u0131md\u0131r - \u041c\u0435\u0434\u0436\u043b\u0456\u0441\",\"isPartOf\":{\"@id\":\"https:\\\/\\\/qtmm.org\\\/qt\\\/#website\"},\"primaryImageOfPage\":{\"@id\":\"https:\\\/\\\/qtmm.org\\\/qt\\\/refat-cubarov-qirimtatar-tamir-halqinin-tilini-qirimtatar-tilini-saqlanuv-yolunda-muim-bir-adimdir\\\/#primaryimage\"},\"image\":{\"@id\":\"https:\\\/\\\/qtmm.org\\\/qt\\\/refat-cubarov-qirimtatar-tamir-halqinin-tilini-qirimtatar-tilini-saqlanuv-yolunda-muim-bir-adimdir\\\/#primaryimage\"},\"thumbnailUrl\":\"https:\\\/\\\/qtmm.org\\\/wp-content\\\/uploads\\\/2023\\\/01\\\/289669584_10227187275096761_9166722186330893613_n-820x473-1.jpg\",\"datePublished\":\"2023-01-06T17:41:30+00:00\",\"dateModified\":\"2023-01-06T17:41:32+00:00\",\"breadcrumb\":{\"@id\":\"https:\\\/\\\/qtmm.org\\\/qt\\\/refat-cubarov-qirimtatar-tamir-halqinin-tilini-qirimtatar-tilini-saqlanuv-yolunda-muim-bir-adimdir\\\/#breadcrumb\"},\"inLanguage\":\"qt\",\"potentialAction\":[{\"@type\":\"ReadAction\",\"target\":[\"https:\\\/\\\/qtmm.org\\\/qt\\\/refat-cubarov-qirimtatar-tamir-halqinin-tilini-qirimtatar-tilini-saqlanuv-yolunda-muim-bir-adimdir\\\/\"]}]},{\"@type\":\"ImageObject\",\"inLanguage\":\"qt\",\"@id\":\"https:\\\/\\\/qtmm.org\\\/qt\\\/refat-cubarov-qirimtatar-tamir-halqinin-tilini-qirimtatar-tilini-saqlanuv-yolunda-muim-bir-adimdir\\\/#primaryimage\",\"url\":\"https:\\\/\\\/qtmm.org\\\/wp-content\\\/uploads\\\/2023\\\/01\\\/289669584_10227187275096761_9166722186330893613_n-820x473-1.jpg\",\"contentUrl\":\"https:\\\/\\\/qtmm.org\\\/wp-content\\\/uploads\\\/2023\\\/01\\\/289669584_10227187275096761_9166722186330893613_n-820x473-1.jpg\",\"width\":820,\"height\":473},{\"@type\":\"BreadcrumbList\",\"@id\":\"https:\\\/\\\/qtmm.org\\\/qt\\\/refat-cubarov-qirimtatar-tamir-halqinin-tilini-qirimtatar-tilini-saqlanuv-yolunda-muim-bir-adimdir\\\/#breadcrumb\",\"itemListElement\":[{\"@type\":\"ListItem\",\"position\":1,\"name\":\"\u0413\u043e\u043b\u043e\u0432\u043d\u0430\",\"item\":\"https:\\\/\\\/qtmm.org\\\/qt\\\/\"},{\"@type\":\"ListItem\",\"position\":2,\"name\":\"Refat \u00c7ubarov: Q\u0131r\u0131mtatar tam\u0131r halq\u0131n\u0131\u00f1\u00a0tilini \u2013 Q\u0131r\u0131mtatar tilini saqlanuv yolunda m\u00fcim bir ad\u0131md\u0131r\"}]},{\"@type\":\"WebSite\",\"@id\":\"https:\\\/\\\/qtmm.org\\\/qt\\\/#website\",\"url\":\"https:\\\/\\\/qtmm.org\\\/qt\\\/\",\"name\":\"\u041c\u0435\u0434\u0436\u043b\u0456\u0441\",\"description\":\"\",\"publisher\":{\"@id\":\"https:\\\/\\\/qtmm.org\\\/qt\\\/#organization\"},\"potentialAction\":[{\"@type\":\"SearchAction\",\"target\":{\"@type\":\"EntryPoint\",\"urlTemplate\":\"https:\\\/\\\/qtmm.org\\\/qt\\\/?s={search_term_string}\"},\"query-input\":{\"@type\":\"PropertyValueSpecification\",\"valueRequired\":true,\"valueName\":\"search_term_string\"}}],\"inLanguage\":\"qt\"},{\"@type\":\"Organization\",\"@id\":\"https:\\\/\\\/qtmm.org\\\/qt\\\/#organization\",\"name\":\"\u041c\u0435\u0434\u0436\u043b\u0456\u0441\",\"url\":\"https:\\\/\\\/qtmm.org\\\/qt\\\/\",\"logo\":{\"@type\":\"ImageObject\",\"inLanguage\":\"qt\",\"@id\":\"https:\\\/\\\/qtmm.org\\\/qt\\\/#\\\/schema\\\/logo\\\/image\\\/\",\"url\":\"https:\\\/\\\/qtmm.org\\\/wp-content\\\/uploads\\\/2024\\\/12\\\/ua-mejlis-logo-rgb.svg\",\"contentUrl\":\"https:\\\/\\\/qtmm.org\\\/wp-content\\\/uploads\\\/2024\\\/12\\\/ua-mejlis-logo-rgb.svg\",\"caption\":\"\u041c\u0435\u0434\u0436\u043b\u0456\u0441\"},\"image\":{\"@id\":\"https:\\\/\\\/qtmm.org\\\/qt\\\/#\\\/schema\\\/logo\\\/image\\\/\"},\"sameAs\":[\"https:\\\/\\\/www.facebook.com\\\/qtmm.info\\\/\"]},{\"@type\":\"Person\",\"@id\":\"https:\\\/\\\/qtmm.org\\\/qt\\\/#\\\/schema\\\/person\\\/e19a16971e1d6077c60771108a0c2eb1\",\"name\":\"milena\",\"image\":{\"@type\":\"ImageObject\",\"inLanguage\":\"qt\",\"@id\":\"https:\\\/\\\/secure.gravatar.com\\\/avatar\\\/a1c72d47914b6ffa21f1246920d5cff572eced8dc7c4ef1b629898b5a8c18fa5?s=96&d=mm&r=g\",\"url\":\"https:\\\/\\\/secure.gravatar.com\\\/avatar\\\/a1c72d47914b6ffa21f1246920d5cff572eced8dc7c4ef1b629898b5a8c18fa5?s=96&d=mm&r=g\",\"contentUrl\":\"https:\\\/\\\/secure.gravatar.com\\\/avatar\\\/a1c72d47914b6ffa21f1246920d5cff572eced8dc7c4ef1b629898b5a8c18fa5?s=96&d=mm&r=g\",\"caption\":\"milena\"},\"url\":\"https:\\\/\\\/qtmm.org\\\/qt\\\/author\\\/milena\\\/\"}]}<\/script>\n<!-- \/ Yoast SEO plugin. -->","yoast_head_json":{"title":"Refat \u00c7ubarov: Q\u0131r\u0131mtatar tam\u0131r halq\u0131n\u0131\u00f1\u00a0tilini \u2013 Q\u0131r\u0131mtatar tilini saqlanuv yolunda m\u00fcim bir ad\u0131md\u0131r - \u041c\u0435\u0434\u0436\u043b\u0456\u0441","robots":{"index":"index","follow":"follow","max-snippet":"max-snippet:-1","max-image-preview":"max-image-preview:large","max-video-preview":"max-video-preview:-1"},"canonical":"https:\/\/qtmm.org\/qt\/refat-cubarov-qirimtatar-tamir-halqinin-tilini-qirimtatar-tilini-saqlanuv-yolunda-muim-bir-adimdir\/","og_locale":"en_US","og_type":"article","og_title":"Refat \u00c7ubarov: Q\u0131r\u0131mtatar tam\u0131r halq\u0131n\u0131\u00f1\u00a0tilini \u2013 Q\u0131r\u0131mtatar tilini saqlanuv yolunda m\u00fcim bir ad\u0131md\u0131r - \u041c\u0435\u0434\u0436\u043b\u0456\u0441","og_description":"Bug\u00fcn 2023 senesi yanvar ay\u0131n\u0131n 6-s\u0131nda Ukraina Nazirler Kabinetini\u00f1 otur\u0131\u015f\u0131nda Q\u0131r\u0131mtatar tili meseleleri milliy eyyetini te\u015fkil et\u00fcv aqq\u0131nda qarar berildi. &#8211; Milliy eyyet, b\u00f6yle bir generator olmal\u0131. On\u0131\u00f1 energiyas\u0131 yard\u0131m\u0131nen ilimlerni\u00f1 potentsial\u0131 ve idarecilerni\u00f1 imk\u00e2nlar\u0131 birle\u015fecek ve ayn\u0131 zamanda qullan\u0131lacaq. Bu, q\u0131r\u0131mtatar tilini \u2013 q\u0131r\u0131mtatar tam\u0131r halq\u0131n\u0131\u00f1 tilini saqlanuv ve inki\u015faf et\u00fcv yolunda m\u00fcim bir [&hellip;]","og_url":"https:\/\/qtmm.org\/qt\/refat-cubarov-qirimtatar-tamir-halqinin-tilini-qirimtatar-tilini-saqlanuv-yolunda-muim-bir-adimdir\/","og_site_name":"\u041c\u0435\u0434\u0436\u043b\u0456\u0441","article_publisher":"https:\/\/www.facebook.com\/qtmm.info\/","article_published_time":"2023-01-06T17:41:30+00:00","article_modified_time":"2023-01-06T17:41:32+00:00","og_image":[{"width":820,"height":473,"url":"https:\/\/qtmm.org\/wp-content\/uploads\/2023\/01\/289669584_10227187275096761_9166722186330893613_n-820x473-1.jpg","type":"image\/jpeg"}],"author":"milena","twitter_card":"summary_large_image","twitter_misc":{"Written by":"milena","Est. reading time":"3 minutes"},"schema":{"@context":"https:\/\/schema.org","@graph":[{"@type":"Article","@id":"https:\/\/qtmm.org\/qt\/refat-cubarov-qirimtatar-tamir-halqinin-tilini-qirimtatar-tilini-saqlanuv-yolunda-muim-bir-adimdir\/#article","isPartOf":{"@id":"https:\/\/qtmm.org\/qt\/refat-cubarov-qirimtatar-tamir-halqinin-tilini-qirimtatar-tilini-saqlanuv-yolunda-muim-bir-adimdir\/"},"author":{"name":"milena","@id":"https:\/\/qtmm.org\/qt\/#\/schema\/person\/e19a16971e1d6077c60771108a0c2eb1"},"headline":"Refat \u00c7ubarov: Q\u0131r\u0131mtatar tam\u0131r halq\u0131n\u0131\u00f1\u00a0tilini \u2013 Q\u0131r\u0131mtatar tilini saqlanuv yolunda m\u00fcim bir ad\u0131md\u0131r","datePublished":"2023-01-06T17:41:30+00:00","dateModified":"2023-01-06T17:41:32+00:00","mainEntityOfPage":{"@id":"https:\/\/qtmm.org\/qt\/refat-cubarov-qirimtatar-tamir-halqinin-tilini-qirimtatar-tilini-saqlanuv-yolunda-muim-bir-adimdir\/"},"wordCount":551,"commentCount":0,"publisher":{"@id":"https:\/\/qtmm.org\/qt\/#organization"},"image":{"@id":"https:\/\/qtmm.org\/qt\/refat-cubarov-qirimtatar-tamir-halqinin-tilini-qirimtatar-tilini-saqlanuv-yolunda-muim-bir-adimdir\/#primaryimage"},"thumbnailUrl":"https:\/\/qtmm.org\/wp-content\/uploads\/2023\/01\/289669584_10227187275096761_9166722186330893613_n-820x473-1.jpg","articleSection":["Haberler"],"inLanguage":"qt","potentialAction":[{"@type":"CommentAction","name":"Comment","target":["https:\/\/qtmm.org\/qt\/refat-cubarov-qirimtatar-tamir-halqinin-tilini-qirimtatar-tilini-saqlanuv-yolunda-muim-bir-adimdir\/#respond"]}]},{"@type":"WebPage","@id":"https:\/\/qtmm.org\/qt\/refat-cubarov-qirimtatar-tamir-halqinin-tilini-qirimtatar-tilini-saqlanuv-yolunda-muim-bir-adimdir\/","url":"https:\/\/qtmm.org\/qt\/refat-cubarov-qirimtatar-tamir-halqinin-tilini-qirimtatar-tilini-saqlanuv-yolunda-muim-bir-adimdir\/","name":"Refat \u00c7ubarov: Q\u0131r\u0131mtatar tam\u0131r halq\u0131n\u0131\u00f1\u00a0tilini \u2013 Q\u0131r\u0131mtatar tilini saqlanuv yolunda m\u00fcim bir ad\u0131md\u0131r - \u041c\u0435\u0434\u0436\u043b\u0456\u0441","isPartOf":{"@id":"https:\/\/qtmm.org\/qt\/#website"},"primaryImageOfPage":{"@id":"https:\/\/qtmm.org\/qt\/refat-cubarov-qirimtatar-tamir-halqinin-tilini-qirimtatar-tilini-saqlanuv-yolunda-muim-bir-adimdir\/#primaryimage"},"image":{"@id":"https:\/\/qtmm.org\/qt\/refat-cubarov-qirimtatar-tamir-halqinin-tilini-qirimtatar-tilini-saqlanuv-yolunda-muim-bir-adimdir\/#primaryimage"},"thumbnailUrl":"https:\/\/qtmm.org\/wp-content\/uploads\/2023\/01\/289669584_10227187275096761_9166722186330893613_n-820x473-1.jpg","datePublished":"2023-01-06T17:41:30+00:00","dateModified":"2023-01-06T17:41:32+00:00","breadcrumb":{"@id":"https:\/\/qtmm.org\/qt\/refat-cubarov-qirimtatar-tamir-halqinin-tilini-qirimtatar-tilini-saqlanuv-yolunda-muim-bir-adimdir\/#breadcrumb"},"inLanguage":"qt","potentialAction":[{"@type":"ReadAction","target":["https:\/\/qtmm.org\/qt\/refat-cubarov-qirimtatar-tamir-halqinin-tilini-qirimtatar-tilini-saqlanuv-yolunda-muim-bir-adimdir\/"]}]},{"@type":"ImageObject","inLanguage":"qt","@id":"https:\/\/qtmm.org\/qt\/refat-cubarov-qirimtatar-tamir-halqinin-tilini-qirimtatar-tilini-saqlanuv-yolunda-muim-bir-adimdir\/#primaryimage","url":"https:\/\/qtmm.org\/wp-content\/uploads\/2023\/01\/289669584_10227187275096761_9166722186330893613_n-820x473-1.jpg","contentUrl":"https:\/\/qtmm.org\/wp-content\/uploads\/2023\/01\/289669584_10227187275096761_9166722186330893613_n-820x473-1.jpg","width":820,"height":473},{"@type":"BreadcrumbList","@id":"https:\/\/qtmm.org\/qt\/refat-cubarov-qirimtatar-tamir-halqinin-tilini-qirimtatar-tilini-saqlanuv-yolunda-muim-bir-adimdir\/#breadcrumb","itemListElement":[{"@type":"ListItem","position":1,"name":"\u0413\u043e\u043b\u043e\u0432\u043d\u0430","item":"https:\/\/qtmm.org\/qt\/"},{"@type":"ListItem","position":2,"name":"Refat \u00c7ubarov: Q\u0131r\u0131mtatar tam\u0131r halq\u0131n\u0131\u00f1\u00a0tilini \u2013 Q\u0131r\u0131mtatar tilini saqlanuv yolunda m\u00fcim bir ad\u0131md\u0131r"}]},{"@type":"WebSite","@id":"https:\/\/qtmm.org\/qt\/#website","url":"https:\/\/qtmm.org\/qt\/","name":"\u041c\u0435\u0434\u0436\u043b\u0456\u0441","description":"","publisher":{"@id":"https:\/\/qtmm.org\/qt\/#organization"},"potentialAction":[{"@type":"SearchAction","target":{"@type":"EntryPoint","urlTemplate":"https:\/\/qtmm.org\/qt\/?s={search_term_string}"},"query-input":{"@type":"PropertyValueSpecification","valueRequired":true,"valueName":"search_term_string"}}],"inLanguage":"qt"},{"@type":"Organization","@id":"https:\/\/qtmm.org\/qt\/#organization","name":"\u041c\u0435\u0434\u0436\u043b\u0456\u0441","url":"https:\/\/qtmm.org\/qt\/","logo":{"@type":"ImageObject","inLanguage":"qt","@id":"https:\/\/qtmm.org\/qt\/#\/schema\/logo\/image\/","url":"https:\/\/qtmm.org\/wp-content\/uploads\/2024\/12\/ua-mejlis-logo-rgb.svg","contentUrl":"https:\/\/qtmm.org\/wp-content\/uploads\/2024\/12\/ua-mejlis-logo-rgb.svg","caption":"\u041c\u0435\u0434\u0436\u043b\u0456\u0441"},"image":{"@id":"https:\/\/qtmm.org\/qt\/#\/schema\/logo\/image\/"},"sameAs":["https:\/\/www.facebook.com\/qtmm.info\/"]},{"@type":"Person","@id":"https:\/\/qtmm.org\/qt\/#\/schema\/person\/e19a16971e1d6077c60771108a0c2eb1","name":"milena","image":{"@type":"ImageObject","inLanguage":"qt","@id":"https:\/\/secure.gravatar.com\/avatar\/a1c72d47914b6ffa21f1246920d5cff572eced8dc7c4ef1b629898b5a8c18fa5?s=96&d=mm&r=g","url":"https:\/\/secure.gravatar.com\/avatar\/a1c72d47914b6ffa21f1246920d5cff572eced8dc7c4ef1b629898b5a8c18fa5?s=96&d=mm&r=g","contentUrl":"https:\/\/secure.gravatar.com\/avatar\/a1c72d47914b6ffa21f1246920d5cff572eced8dc7c4ef1b629898b5a8c18fa5?s=96&d=mm&r=g","caption":"milena"},"url":"https:\/\/qtmm.org\/qt\/author\/milena\/"}]}},"_links":{"self":[{"href":"https:\/\/qtmm.org\/qt\/wp-json\/wp\/v2\/posts\/78077","targetHints":{"allow":["GET"]}}],"collection":[{"href":"https:\/\/qtmm.org\/qt\/wp-json\/wp\/v2\/posts"}],"about":[{"href":"https:\/\/qtmm.org\/qt\/wp-json\/wp\/v2\/types\/post"}],"author":[{"embeddable":true,"href":"https:\/\/qtmm.org\/qt\/wp-json\/wp\/v2\/users\/6"}],"replies":[{"embeddable":true,"href":"https:\/\/qtmm.org\/qt\/wp-json\/wp\/v2\/comments?post=78077"}],"version-history":[{"count":1,"href":"https:\/\/qtmm.org\/qt\/wp-json\/wp\/v2\/posts\/78077\/revisions"}],"predecessor-version":[{"id":78078,"href":"https:\/\/qtmm.org\/qt\/wp-json\/wp\/v2\/posts\/78077\/revisions\/78078"}],"wp:featuredmedia":[{"embeddable":true,"href":"https:\/\/qtmm.org\/qt\/wp-json\/wp\/v2\/media\/78073"}],"wp:attachment":[{"href":"https:\/\/qtmm.org\/qt\/wp-json\/wp\/v2\/media?parent=78077"}],"wp:term":[{"taxonomy":"category","embeddable":true,"href":"https:\/\/qtmm.org\/qt\/wp-json\/wp\/v2\/categories?post=78077"},{"taxonomy":"post_tag","embeddable":true,"href":"https:\/\/qtmm.org\/qt\/wp-json\/wp\/v2\/tags?post=78077"}],"curies":[{"name":"wp","href":"https:\/\/api.w.org\/{rel}","templated":true}]}}