




{"id":78023,"date":"2023-01-05T16:24:43","date_gmt":"2023-01-05T13:24:43","guid":{"rendered":"https:\/\/qtmm.org\/?p=78023"},"modified":"2023-01-05T16:30:34","modified_gmt":"2023-01-05T13:30:34","slug":"rusiyenin-topraqlarina-atesler-daa-teren-olacaq-istihbarat-bas-idaresi","status":"publish","type":"post","link":"https:\/\/qtmm.org\/qt\/rusiyenin-topraqlarina-atesler-daa-teren-olacaq-istihbarat-bas-idaresi\/","title":{"rendered":"rusiyeni\u00f1 topraqlar\u0131na ate\u015fler &#8220;daa teren&#8221; olacaq &#8211; \u0130stihbarat ba\u015f idaresi"},"content":{"rendered":"\n<p><sub>Foto: ABC New<\/sub><\/p>\n\n\n\n<p>Ukraina Mudafaa nazirligini\u00f1 \u0130stihbarat ba\u015f idaresini\u00f1 reberi K\u0131r\u0131lo B\u0131danov t\u00fc\u015f\u00fcne ki, rusiyeni\u00f1 topraqlar\u0131na m\u00fcmk\u00fcn olacaq ate\u015fler &#8220;daa teren&#8221; olacaq.<\/p>\n\n\n\n<p><a href=\"https:\/\/abcnews.go.com\/International\/expect-strikes-deeper-deeper-russia-ukraines-spy-chief\/story?id=96127220\">ABC Newske<\/a> intervy\u00fc bergende bun\u0131 bildirdi, <a href=\"https:\/\/www.ukrinform.ua\/rubric-ato\/3646446-budanov-pripuskae-so-udari-po-teritorii-rosii-budut-dedali-glibsimi.html\">Ukrinform<\/a> haber berdi.<\/p>\n\n\n\n<p>Bilgilerge k\u00f6re, Budanov\u011fa Ukrainan\u0131\u00f1 ukrain s\u0131\u00f1\u0131r\u0131ndan 1200 kilometrlik uzaql\u0131qta bulun\u011fan &#8220;Enhels&#8221; rus u\u00e7aq bazas\u0131na ate\u015f a\u00e7\u0131p-a\u00e7ma\u011fan\u0131n\u0131 sora\u011fanda o qayd etti ki, &#8220;tek cenk bitecek so\u00f1&#8221; bu sualge cevap bere bilir.<\/p>\n\n\n\n<p>Ayn\u0131 zamanda MNni\u00f1 \u0130B\u0130ni\u00f1 ba\u015f\u0131 kelecekte bu t\u00fcr ate\u015flerni\u00f1 daa \u00e7oq ol\u0131p-olmayca\u011f\u0131n\u0131 sora\u011fanda \u015fun\u0131 cevap berdi: &#8220;T\u00fc\u015f\u00fcnem ki, ebet&#8221; &#8211; ve qo\u015ft\u0131 ki, olar &#8220;daa teren&#8221; olacaq.<\/p>\n\n\n\n<p>rusiyeni\u00f1 qanuns\u0131z olaraq i\u015f\u011fal etkeni Q\u0131r\u0131m\u011fa ate\u015flerge dair Budanov \u015fun\u0131 aytt\u0131: &#8220;Q\u0131r\u0131m &#8211; ukrain topra\u011f\u0131, biz \u00f6z topra\u011f\u0131m\u0131zda er bir sil\u00e2 qullana bilirmiz&#8221;.<\/p>\n\n\n\n<p>O fikrini bildirdi ki, mart ay\u0131nda e\u00f1 s\u0131caq k\u00fcre\u015fmeler ba\u015flaycaq. On\u0131\u00f1 s\u00f6zlerine k\u00f6re, baarde Ukraina b\u00fcy\u00fck bir \u00fcc\u00fcm az\u0131rlana.<\/p>\n\n\n\n<blockquote class=\"wp-block-quote is-layout-flow wp-block-quote-is-layout-flow\"><p><em>&#8211; Bizim maqsad\u0131m\u0131z &#8211; ve on\u0131 ire\u015fecekmiz &#8211; halqara uquqlarn\u0131\u00f1 b\u00fct\u00fcn subyektlerini\u00f1 tan\u0131n\u011fanlar\u0131 1991 senesindeki Ukrainan\u0131\u00f1 s\u0131\u00f1\u0131rlar\u0131na qaytmaqt\u0131r<\/em>, &#8211; dep Budanov aytt\u0131.<\/p><\/blockquote>\n\n\n\n<p>Bundan \u011fayr\u0131, MNni\u00f1&nbsp;\u0130B\u0130ni\u00f1 reberi qayd etti ki, rusiyeni\u00f1 sil\u00e2s\u0131 az ola\u011fan\u0131 i\u00e7\u00fcn iranl\u0131 Shahed dron-kamikadze kibi daa &#8220;ucuz&#8221; sil\u00e2 qullanma\u011fa ba\u015flad\u0131lar.<\/p>\n\n\n\n<p>rusiyeni\u00f1 kelecegi aqq\u0131nda laf etkende Budanov bun\u0131\u00f1 bir qa\u00e7 yolu ol\u011fan\u0131n\u0131 bildirdi. Ayn\u0131 zamanda aytt\u0131 ki, &#8220;rusiyeni\u00f1 de\u00f1i\u015fmesinden qorqmamaq kerek &#8211; bu da b\u00fct\u00fcn d\u00fcnya i\u00e7\u00fcn faydal\u0131 olacaq&#8221;.&nbsp;<\/p>\n\n\n\n<blockquote class=\"wp-block-quote is-layout-flow wp-block-quote-is-layout-flow\"><p><em>&#8211; rusiye d\u00fcnya i\u00e7\u00fcn endi arbiy bir tel\u00fcke olmay, bu bir masald\u0131r, &#8211; <\/em>dep qo\u015ft\u0131.<\/p><\/blockquote>\n\n\n\n<p>\u0130B\u0130ni\u00f1 reberini\u00f1 s\u00f6zlerine k\u00f6re, qal\u011fan tek bir mesele &#8211; rfn\u0131\u00f1 \u00f6zek sil\u00e2s\u0131 ma\u011faz\u0131 ve &#8220;b\u00fct\u00fcn d\u00fcnyan\u0131\u00f1 rusiyeni \u00f6zek sil\u00e2s\u0131ndan marum etmek ya da e\u00f1 az on\u0131\u00f1 \u00f6zek sil\u00e2s\u0131na halqara nezaretke kerekligini a\u00f1tmas\u0131na&#8221; imk\u00e2n berecek &#8220;kontrol etilmege rejimi&#8221;dir.<\/p>\n\n\n\n<p>Mudafaa nazirligini\u00f1 \u0130B\u0130ni\u00f1 bildilerine k\u00f6re, rusiye cenkni bitirmege planla\u015ft\u0131rmay ve 2023 senesi \u00fcc\u00fcm areketlerini yapma\u011fa devam etecek.<\/p>\n","protected":false},"excerpt":{"rendered":"<p>Foto: ABC New Ukraina Mudafaa nazirligini\u00f1 \u0130stihbarat ba\u015f idaresini\u00f1 reberi K\u0131r\u0131lo B\u0131danov t\u00fc\u015f\u00fcne ki, rusiyeni\u00f1 topraqlar\u0131na m\u00fcmk\u00fcn olacaq ate\u015fler &#8220;daa teren&#8221; olacaq. ABC Newske intervy\u00fc bergende bun\u0131 bildirdi, Ukrinform haber berdi. Bilgilerge k\u00f6re, Budanov\u011fa Ukrainan\u0131\u00f1 ukrain s\u0131\u00f1\u0131r\u0131ndan 1200 kilometrlik uzaql\u0131qta bulun\u011fan &#8220;Enhels&#8221; rus u\u00e7aq bazas\u0131na ate\u015f a\u00e7\u0131p-a\u00e7ma\u011fan\u0131n\u0131 sora\u011fanda o qayd etti ki, &#8220;tek cenk bitecek [&hellip;]<\/p>\n","protected":false},"author":6,"featured_media":78028,"comment_status":"open","ping_status":"open","sticky":false,"template":"","format":"standard","meta":{"inline_featured_image":false,"footnotes":""},"categories":[265],"tags":[],"class_list":["post-78023","post","type-post","status-publish","format-standard","has-post-thumbnail","hentry","category-haberler"],"acf":[],"yoast_head":"<!-- This site is optimized with the Yoast SEO plugin v27.4 - https:\/\/yoast.com\/product\/yoast-seo-wordpress\/ -->\n<title>rusiyeni\u00f1 topraqlar\u0131na ate\u015fler &quot;daa teren&quot; olacaq - \u0130stihbarat ba\u015f idaresi - \u041c\u0435\u0434\u0436\u043b\u0456\u0441<\/title>\n<meta name=\"robots\" content=\"index, follow, max-snippet:-1, max-image-preview:large, max-video-preview:-1\" \/>\n<link rel=\"canonical\" href=\"https:\/\/qtmm.org\/qt\/rusiyenin-topraqlarina-atesler-daa-teren-olacaq-istihbarat-bas-idaresi\/\" \/>\n<meta property=\"og:locale\" content=\"en_US\" \/>\n<meta property=\"og:type\" content=\"article\" \/>\n<meta property=\"og:title\" content=\"rusiyeni\u00f1 topraqlar\u0131na ate\u015fler &quot;daa teren&quot; olacaq - \u0130stihbarat ba\u015f idaresi - \u041c\u0435\u0434\u0436\u043b\u0456\u0441\" \/>\n<meta property=\"og:description\" content=\"Foto: ABC New Ukraina Mudafaa nazirligini\u00f1 \u0130stihbarat ba\u015f idaresini\u00f1 reberi K\u0131r\u0131lo B\u0131danov t\u00fc\u015f\u00fcne ki, rusiyeni\u00f1 topraqlar\u0131na m\u00fcmk\u00fcn olacaq ate\u015fler &#8220;daa teren&#8221; olacaq. ABC Newske intervy\u00fc bergende bun\u0131 bildirdi, Ukrinform haber berdi. Bilgilerge k\u00f6re, Budanov\u011fa Ukrainan\u0131\u00f1 ukrain s\u0131\u00f1\u0131r\u0131ndan 1200 kilometrlik uzaql\u0131qta bulun\u011fan &#8220;Enhels&#8221; rus u\u00e7aq bazas\u0131na ate\u015f a\u00e7\u0131p-a\u00e7ma\u011fan\u0131n\u0131 sora\u011fanda o qayd etti ki, &#8220;tek cenk bitecek [&hellip;]\" \/>\n<meta property=\"og:url\" content=\"https:\/\/qtmm.org\/qt\/rusiyenin-topraqlarina-atesler-daa-teren-olacaq-istihbarat-bas-idaresi\/\" \/>\n<meta property=\"og:site_name\" content=\"\u041c\u0435\u0434\u0436\u043b\u0456\u0441\" \/>\n<meta property=\"article:publisher\" content=\"https:\/\/www.facebook.com\/qtmm.info\/\" \/>\n<meta property=\"article:published_time\" content=\"2023-01-05T13:24:43+00:00\" \/>\n<meta property=\"article:modified_time\" content=\"2023-01-05T13:30:34+00:00\" \/>\n<meta property=\"og:image\" content=\"https:\/\/qtmm.org\/wp-content\/uploads\/2023\/01\/britt-ukraine-spy-chief-abc-mo-20230103_1672773030217_hpembed_16x9_992.jpg\" \/>\n\t<meta property=\"og:image:width\" content=\"992\" \/>\n\t<meta property=\"og:image:height\" content=\"558\" \/>\n\t<meta property=\"og:image:type\" content=\"image\/jpeg\" \/>\n<meta name=\"author\" content=\"milena\" \/>\n<meta name=\"twitter:card\" content=\"summary_large_image\" \/>\n<meta name=\"twitter:label1\" content=\"Written by\" \/>\n\t<meta name=\"twitter:data1\" content=\"milena\" \/>\n\t<meta name=\"twitter:label2\" content=\"Est. reading time\" \/>\n\t<meta name=\"twitter:data2\" content=\"2 minutes\" \/>\n<script type=\"application\/ld+json\" class=\"yoast-schema-graph\">{\"@context\":\"https:\\\/\\\/schema.org\",\"@graph\":[{\"@type\":\"Article\",\"@id\":\"https:\\\/\\\/qtmm.org\\\/qt\\\/rusiyenin-topraqlarina-atesler-daa-teren-olacaq-istihbarat-bas-idaresi\\\/#article\",\"isPartOf\":{\"@id\":\"https:\\\/\\\/qtmm.org\\\/qt\\\/rusiyenin-topraqlarina-atesler-daa-teren-olacaq-istihbarat-bas-idaresi\\\/\"},\"author\":{\"name\":\"milena\",\"@id\":\"https:\\\/\\\/qtmm.org\\\/qt\\\/#\\\/schema\\\/person\\\/e19a16971e1d6077c60771108a0c2eb1\"},\"headline\":\"rusiyeni\u00f1 topraqlar\u0131na ate\u015fler &#8220;daa teren&#8221; olacaq &#8211; \u0130stihbarat ba\u015f idaresi\",\"datePublished\":\"2023-01-05T13:24:43+00:00\",\"dateModified\":\"2023-01-05T13:30:34+00:00\",\"mainEntityOfPage\":{\"@id\":\"https:\\\/\\\/qtmm.org\\\/qt\\\/rusiyenin-topraqlarina-atesler-daa-teren-olacaq-istihbarat-bas-idaresi\\\/\"},\"wordCount\":386,\"commentCount\":0,\"publisher\":{\"@id\":\"https:\\\/\\\/qtmm.org\\\/qt\\\/#organization\"},\"image\":{\"@id\":\"https:\\\/\\\/qtmm.org\\\/qt\\\/rusiyenin-topraqlarina-atesler-daa-teren-olacaq-istihbarat-bas-idaresi\\\/#primaryimage\"},\"thumbnailUrl\":\"https:\\\/\\\/qtmm.org\\\/wp-content\\\/uploads\\\/2023\\\/01\\\/britt-ukraine-spy-chief-abc-mo-20230103_1672773030217_hpembed_16x9_992.jpg\",\"articleSection\":[\"Haberler\"],\"inLanguage\":\"qt\",\"potentialAction\":[{\"@type\":\"CommentAction\",\"name\":\"Comment\",\"target\":[\"https:\\\/\\\/qtmm.org\\\/qt\\\/rusiyenin-topraqlarina-atesler-daa-teren-olacaq-istihbarat-bas-idaresi\\\/#respond\"]}]},{\"@type\":\"WebPage\",\"@id\":\"https:\\\/\\\/qtmm.org\\\/qt\\\/rusiyenin-topraqlarina-atesler-daa-teren-olacaq-istihbarat-bas-idaresi\\\/\",\"url\":\"https:\\\/\\\/qtmm.org\\\/qt\\\/rusiyenin-topraqlarina-atesler-daa-teren-olacaq-istihbarat-bas-idaresi\\\/\",\"name\":\"rusiyeni\u00f1 topraqlar\u0131na ate\u015fler \\\"daa teren\\\" olacaq - \u0130stihbarat ba\u015f idaresi - \u041c\u0435\u0434\u0436\u043b\u0456\u0441\",\"isPartOf\":{\"@id\":\"https:\\\/\\\/qtmm.org\\\/qt\\\/#website\"},\"primaryImageOfPage\":{\"@id\":\"https:\\\/\\\/qtmm.org\\\/qt\\\/rusiyenin-topraqlarina-atesler-daa-teren-olacaq-istihbarat-bas-idaresi\\\/#primaryimage\"},\"image\":{\"@id\":\"https:\\\/\\\/qtmm.org\\\/qt\\\/rusiyenin-topraqlarina-atesler-daa-teren-olacaq-istihbarat-bas-idaresi\\\/#primaryimage\"},\"thumbnailUrl\":\"https:\\\/\\\/qtmm.org\\\/wp-content\\\/uploads\\\/2023\\\/01\\\/britt-ukraine-spy-chief-abc-mo-20230103_1672773030217_hpembed_16x9_992.jpg\",\"datePublished\":\"2023-01-05T13:24:43+00:00\",\"dateModified\":\"2023-01-05T13:30:34+00:00\",\"breadcrumb\":{\"@id\":\"https:\\\/\\\/qtmm.org\\\/qt\\\/rusiyenin-topraqlarina-atesler-daa-teren-olacaq-istihbarat-bas-idaresi\\\/#breadcrumb\"},\"inLanguage\":\"qt\",\"potentialAction\":[{\"@type\":\"ReadAction\",\"target\":[\"https:\\\/\\\/qtmm.org\\\/qt\\\/rusiyenin-topraqlarina-atesler-daa-teren-olacaq-istihbarat-bas-idaresi\\\/\"]}]},{\"@type\":\"ImageObject\",\"inLanguage\":\"qt\",\"@id\":\"https:\\\/\\\/qtmm.org\\\/qt\\\/rusiyenin-topraqlarina-atesler-daa-teren-olacaq-istihbarat-bas-idaresi\\\/#primaryimage\",\"url\":\"https:\\\/\\\/qtmm.org\\\/wp-content\\\/uploads\\\/2023\\\/01\\\/britt-ukraine-spy-chief-abc-mo-20230103_1672773030217_hpembed_16x9_992.jpg\",\"contentUrl\":\"https:\\\/\\\/qtmm.org\\\/wp-content\\\/uploads\\\/2023\\\/01\\\/britt-ukraine-spy-chief-abc-mo-20230103_1672773030217_hpembed_16x9_992.jpg\",\"width\":992,\"height\":558},{\"@type\":\"BreadcrumbList\",\"@id\":\"https:\\\/\\\/qtmm.org\\\/qt\\\/rusiyenin-topraqlarina-atesler-daa-teren-olacaq-istihbarat-bas-idaresi\\\/#breadcrumb\",\"itemListElement\":[{\"@type\":\"ListItem\",\"position\":1,\"name\":\"\u0413\u043e\u043b\u043e\u0432\u043d\u0430\",\"item\":\"https:\\\/\\\/qtmm.org\\\/qt\\\/\"},{\"@type\":\"ListItem\",\"position\":2,\"name\":\"rusiyeni\u00f1 topraqlar\u0131na ate\u015fler &#8220;daa teren&#8221; olacaq &#8211; \u0130stihbarat ba\u015f idaresi\"}]},{\"@type\":\"WebSite\",\"@id\":\"https:\\\/\\\/qtmm.org\\\/qt\\\/#website\",\"url\":\"https:\\\/\\\/qtmm.org\\\/qt\\\/\",\"name\":\"\u041c\u0435\u0434\u0436\u043b\u0456\u0441\",\"description\":\"\",\"publisher\":{\"@id\":\"https:\\\/\\\/qtmm.org\\\/qt\\\/#organization\"},\"potentialAction\":[{\"@type\":\"SearchAction\",\"target\":{\"@type\":\"EntryPoint\",\"urlTemplate\":\"https:\\\/\\\/qtmm.org\\\/qt\\\/?s={search_term_string}\"},\"query-input\":{\"@type\":\"PropertyValueSpecification\",\"valueRequired\":true,\"valueName\":\"search_term_string\"}}],\"inLanguage\":\"qt\"},{\"@type\":\"Organization\",\"@id\":\"https:\\\/\\\/qtmm.org\\\/qt\\\/#organization\",\"name\":\"\u041c\u0435\u0434\u0436\u043b\u0456\u0441\",\"url\":\"https:\\\/\\\/qtmm.org\\\/qt\\\/\",\"logo\":{\"@type\":\"ImageObject\",\"inLanguage\":\"qt\",\"@id\":\"https:\\\/\\\/qtmm.org\\\/qt\\\/#\\\/schema\\\/logo\\\/image\\\/\",\"url\":\"https:\\\/\\\/qtmm.org\\\/wp-content\\\/uploads\\\/2024\\\/12\\\/ua-mejlis-logo-rgb.svg\",\"contentUrl\":\"https:\\\/\\\/qtmm.org\\\/wp-content\\\/uploads\\\/2024\\\/12\\\/ua-mejlis-logo-rgb.svg\",\"caption\":\"\u041c\u0435\u0434\u0436\u043b\u0456\u0441\"},\"image\":{\"@id\":\"https:\\\/\\\/qtmm.org\\\/qt\\\/#\\\/schema\\\/logo\\\/image\\\/\"},\"sameAs\":[\"https:\\\/\\\/www.facebook.com\\\/qtmm.info\\\/\"]},{\"@type\":\"Person\",\"@id\":\"https:\\\/\\\/qtmm.org\\\/qt\\\/#\\\/schema\\\/person\\\/e19a16971e1d6077c60771108a0c2eb1\",\"name\":\"milena\",\"image\":{\"@type\":\"ImageObject\",\"inLanguage\":\"qt\",\"@id\":\"https:\\\/\\\/secure.gravatar.com\\\/avatar\\\/a1c72d47914b6ffa21f1246920d5cff572eced8dc7c4ef1b629898b5a8c18fa5?s=96&d=mm&r=g\",\"url\":\"https:\\\/\\\/secure.gravatar.com\\\/avatar\\\/a1c72d47914b6ffa21f1246920d5cff572eced8dc7c4ef1b629898b5a8c18fa5?s=96&d=mm&r=g\",\"contentUrl\":\"https:\\\/\\\/secure.gravatar.com\\\/avatar\\\/a1c72d47914b6ffa21f1246920d5cff572eced8dc7c4ef1b629898b5a8c18fa5?s=96&d=mm&r=g\",\"caption\":\"milena\"},\"url\":\"https:\\\/\\\/qtmm.org\\\/qt\\\/author\\\/milena\\\/\"}]}<\/script>\n<!-- \/ Yoast SEO plugin. -->","yoast_head_json":{"title":"rusiyeni\u00f1 topraqlar\u0131na ate\u015fler \"daa teren\" olacaq - \u0130stihbarat ba\u015f idaresi - \u041c\u0435\u0434\u0436\u043b\u0456\u0441","robots":{"index":"index","follow":"follow","max-snippet":"max-snippet:-1","max-image-preview":"max-image-preview:large","max-video-preview":"max-video-preview:-1"},"canonical":"https:\/\/qtmm.org\/qt\/rusiyenin-topraqlarina-atesler-daa-teren-olacaq-istihbarat-bas-idaresi\/","og_locale":"en_US","og_type":"article","og_title":"rusiyeni\u00f1 topraqlar\u0131na ate\u015fler \"daa teren\" olacaq - \u0130stihbarat ba\u015f idaresi - \u041c\u0435\u0434\u0436\u043b\u0456\u0441","og_description":"Foto: ABC New Ukraina Mudafaa nazirligini\u00f1 \u0130stihbarat ba\u015f idaresini\u00f1 reberi K\u0131r\u0131lo B\u0131danov t\u00fc\u015f\u00fcne ki, rusiyeni\u00f1 topraqlar\u0131na m\u00fcmk\u00fcn olacaq ate\u015fler &#8220;daa teren&#8221; olacaq. ABC Newske intervy\u00fc bergende bun\u0131 bildirdi, Ukrinform haber berdi. Bilgilerge k\u00f6re, Budanov\u011fa Ukrainan\u0131\u00f1 ukrain s\u0131\u00f1\u0131r\u0131ndan 1200 kilometrlik uzaql\u0131qta bulun\u011fan &#8220;Enhels&#8221; rus u\u00e7aq bazas\u0131na ate\u015f a\u00e7\u0131p-a\u00e7ma\u011fan\u0131n\u0131 sora\u011fanda o qayd etti ki, &#8220;tek cenk bitecek [&hellip;]","og_url":"https:\/\/qtmm.org\/qt\/rusiyenin-topraqlarina-atesler-daa-teren-olacaq-istihbarat-bas-idaresi\/","og_site_name":"\u041c\u0435\u0434\u0436\u043b\u0456\u0441","article_publisher":"https:\/\/www.facebook.com\/qtmm.info\/","article_published_time":"2023-01-05T13:24:43+00:00","article_modified_time":"2023-01-05T13:30:34+00:00","og_image":[{"width":992,"height":558,"url":"https:\/\/qtmm.org\/wp-content\/uploads\/2023\/01\/britt-ukraine-spy-chief-abc-mo-20230103_1672773030217_hpembed_16x9_992.jpg","type":"image\/jpeg"}],"author":"milena","twitter_card":"summary_large_image","twitter_misc":{"Written by":"milena","Est. reading time":"2 minutes"},"schema":{"@context":"https:\/\/schema.org","@graph":[{"@type":"Article","@id":"https:\/\/qtmm.org\/qt\/rusiyenin-topraqlarina-atesler-daa-teren-olacaq-istihbarat-bas-idaresi\/#article","isPartOf":{"@id":"https:\/\/qtmm.org\/qt\/rusiyenin-topraqlarina-atesler-daa-teren-olacaq-istihbarat-bas-idaresi\/"},"author":{"name":"milena","@id":"https:\/\/qtmm.org\/qt\/#\/schema\/person\/e19a16971e1d6077c60771108a0c2eb1"},"headline":"rusiyeni\u00f1 topraqlar\u0131na ate\u015fler &#8220;daa teren&#8221; olacaq &#8211; \u0130stihbarat ba\u015f idaresi","datePublished":"2023-01-05T13:24:43+00:00","dateModified":"2023-01-05T13:30:34+00:00","mainEntityOfPage":{"@id":"https:\/\/qtmm.org\/qt\/rusiyenin-topraqlarina-atesler-daa-teren-olacaq-istihbarat-bas-idaresi\/"},"wordCount":386,"commentCount":0,"publisher":{"@id":"https:\/\/qtmm.org\/qt\/#organization"},"image":{"@id":"https:\/\/qtmm.org\/qt\/rusiyenin-topraqlarina-atesler-daa-teren-olacaq-istihbarat-bas-idaresi\/#primaryimage"},"thumbnailUrl":"https:\/\/qtmm.org\/wp-content\/uploads\/2023\/01\/britt-ukraine-spy-chief-abc-mo-20230103_1672773030217_hpembed_16x9_992.jpg","articleSection":["Haberler"],"inLanguage":"qt","potentialAction":[{"@type":"CommentAction","name":"Comment","target":["https:\/\/qtmm.org\/qt\/rusiyenin-topraqlarina-atesler-daa-teren-olacaq-istihbarat-bas-idaresi\/#respond"]}]},{"@type":"WebPage","@id":"https:\/\/qtmm.org\/qt\/rusiyenin-topraqlarina-atesler-daa-teren-olacaq-istihbarat-bas-idaresi\/","url":"https:\/\/qtmm.org\/qt\/rusiyenin-topraqlarina-atesler-daa-teren-olacaq-istihbarat-bas-idaresi\/","name":"rusiyeni\u00f1 topraqlar\u0131na ate\u015fler \"daa teren\" olacaq - \u0130stihbarat ba\u015f idaresi - \u041c\u0435\u0434\u0436\u043b\u0456\u0441","isPartOf":{"@id":"https:\/\/qtmm.org\/qt\/#website"},"primaryImageOfPage":{"@id":"https:\/\/qtmm.org\/qt\/rusiyenin-topraqlarina-atesler-daa-teren-olacaq-istihbarat-bas-idaresi\/#primaryimage"},"image":{"@id":"https:\/\/qtmm.org\/qt\/rusiyenin-topraqlarina-atesler-daa-teren-olacaq-istihbarat-bas-idaresi\/#primaryimage"},"thumbnailUrl":"https:\/\/qtmm.org\/wp-content\/uploads\/2023\/01\/britt-ukraine-spy-chief-abc-mo-20230103_1672773030217_hpembed_16x9_992.jpg","datePublished":"2023-01-05T13:24:43+00:00","dateModified":"2023-01-05T13:30:34+00:00","breadcrumb":{"@id":"https:\/\/qtmm.org\/qt\/rusiyenin-topraqlarina-atesler-daa-teren-olacaq-istihbarat-bas-idaresi\/#breadcrumb"},"inLanguage":"qt","potentialAction":[{"@type":"ReadAction","target":["https:\/\/qtmm.org\/qt\/rusiyenin-topraqlarina-atesler-daa-teren-olacaq-istihbarat-bas-idaresi\/"]}]},{"@type":"ImageObject","inLanguage":"qt","@id":"https:\/\/qtmm.org\/qt\/rusiyenin-topraqlarina-atesler-daa-teren-olacaq-istihbarat-bas-idaresi\/#primaryimage","url":"https:\/\/qtmm.org\/wp-content\/uploads\/2023\/01\/britt-ukraine-spy-chief-abc-mo-20230103_1672773030217_hpembed_16x9_992.jpg","contentUrl":"https:\/\/qtmm.org\/wp-content\/uploads\/2023\/01\/britt-ukraine-spy-chief-abc-mo-20230103_1672773030217_hpembed_16x9_992.jpg","width":992,"height":558},{"@type":"BreadcrumbList","@id":"https:\/\/qtmm.org\/qt\/rusiyenin-topraqlarina-atesler-daa-teren-olacaq-istihbarat-bas-idaresi\/#breadcrumb","itemListElement":[{"@type":"ListItem","position":1,"name":"\u0413\u043e\u043b\u043e\u0432\u043d\u0430","item":"https:\/\/qtmm.org\/qt\/"},{"@type":"ListItem","position":2,"name":"rusiyeni\u00f1 topraqlar\u0131na ate\u015fler &#8220;daa teren&#8221; olacaq &#8211; \u0130stihbarat ba\u015f idaresi"}]},{"@type":"WebSite","@id":"https:\/\/qtmm.org\/qt\/#website","url":"https:\/\/qtmm.org\/qt\/","name":"\u041c\u0435\u0434\u0436\u043b\u0456\u0441","description":"","publisher":{"@id":"https:\/\/qtmm.org\/qt\/#organization"},"potentialAction":[{"@type":"SearchAction","target":{"@type":"EntryPoint","urlTemplate":"https:\/\/qtmm.org\/qt\/?s={search_term_string}"},"query-input":{"@type":"PropertyValueSpecification","valueRequired":true,"valueName":"search_term_string"}}],"inLanguage":"qt"},{"@type":"Organization","@id":"https:\/\/qtmm.org\/qt\/#organization","name":"\u041c\u0435\u0434\u0436\u043b\u0456\u0441","url":"https:\/\/qtmm.org\/qt\/","logo":{"@type":"ImageObject","inLanguage":"qt","@id":"https:\/\/qtmm.org\/qt\/#\/schema\/logo\/image\/","url":"https:\/\/qtmm.org\/wp-content\/uploads\/2024\/12\/ua-mejlis-logo-rgb.svg","contentUrl":"https:\/\/qtmm.org\/wp-content\/uploads\/2024\/12\/ua-mejlis-logo-rgb.svg","caption":"\u041c\u0435\u0434\u0436\u043b\u0456\u0441"},"image":{"@id":"https:\/\/qtmm.org\/qt\/#\/schema\/logo\/image\/"},"sameAs":["https:\/\/www.facebook.com\/qtmm.info\/"]},{"@type":"Person","@id":"https:\/\/qtmm.org\/qt\/#\/schema\/person\/e19a16971e1d6077c60771108a0c2eb1","name":"milena","image":{"@type":"ImageObject","inLanguage":"qt","@id":"https:\/\/secure.gravatar.com\/avatar\/a1c72d47914b6ffa21f1246920d5cff572eced8dc7c4ef1b629898b5a8c18fa5?s=96&d=mm&r=g","url":"https:\/\/secure.gravatar.com\/avatar\/a1c72d47914b6ffa21f1246920d5cff572eced8dc7c4ef1b629898b5a8c18fa5?s=96&d=mm&r=g","contentUrl":"https:\/\/secure.gravatar.com\/avatar\/a1c72d47914b6ffa21f1246920d5cff572eced8dc7c4ef1b629898b5a8c18fa5?s=96&d=mm&r=g","caption":"milena"},"url":"https:\/\/qtmm.org\/qt\/author\/milena\/"}]}},"_links":{"self":[{"href":"https:\/\/qtmm.org\/qt\/wp-json\/wp\/v2\/posts\/78023","targetHints":{"allow":["GET"]}}],"collection":[{"href":"https:\/\/qtmm.org\/qt\/wp-json\/wp\/v2\/posts"}],"about":[{"href":"https:\/\/qtmm.org\/qt\/wp-json\/wp\/v2\/types\/post"}],"author":[{"embeddable":true,"href":"https:\/\/qtmm.org\/qt\/wp-json\/wp\/v2\/users\/6"}],"replies":[{"embeddable":true,"href":"https:\/\/qtmm.org\/qt\/wp-json\/wp\/v2\/comments?post=78023"}],"version-history":[{"count":2,"href":"https:\/\/qtmm.org\/qt\/wp-json\/wp\/v2\/posts\/78023\/revisions"}],"predecessor-version":[{"id":78035,"href":"https:\/\/qtmm.org\/qt\/wp-json\/wp\/v2\/posts\/78023\/revisions\/78035"}],"wp:featuredmedia":[{"embeddable":true,"href":"https:\/\/qtmm.org\/qt\/wp-json\/wp\/v2\/media\/78028"}],"wp:attachment":[{"href":"https:\/\/qtmm.org\/qt\/wp-json\/wp\/v2\/media?parent=78023"}],"wp:term":[{"taxonomy":"category","embeddable":true,"href":"https:\/\/qtmm.org\/qt\/wp-json\/wp\/v2\/categories?post=78023"},{"taxonomy":"post_tag","embeddable":true,"href":"https:\/\/qtmm.org\/qt\/wp-json\/wp\/v2\/tags?post=78023"}],"curies":[{"name":"wp","href":"https:\/\/api.w.org\/{rel}","templated":true}]}}