




{"id":78003,"date":"2023-01-03T16:06:45","date_gmt":"2023-01-03T13:06:45","guid":{"rendered":"https:\/\/qtmm.org\/?p=78003"},"modified":"2023-01-03T16:06:47","modified_gmt":"2023-01-03T13:06:47","slug":"cebede-qirim-kazagi-volodimir-havriluk-oldurildi","status":"publish","type":"post","link":"https:\/\/qtmm.org\/qt\/cebede-qirim-kazagi-volodimir-havriluk-oldurildi\/","title":{"rendered":"Cebede &#8220;q\u0131r\u0131m kaza\u011f\u0131&#8221; Volod\u0131m\u0131r Havr\u0131l\u00fck \u00f6ld\u00fcrildi"},"content":{"rendered":"\n<p>Cenkte Q\u0131r\u0131mdan \u0130tibar inqil\u00e2b\u0131n\u0131\u00f1 ve ATOn\u0131\u00f1 i\u015ftiraki ve Vinn\u0131ts\u00e2 \u015feerini\u00f1 ilk patrulc\u0131 ol\u011fan Volod\u0131m\u0131r Havr\u0131l\u00fck \u00f6ld\u00fcrildi. Qad\u0131n\u0131 ve g\u00f6\u00f1\u00fclli Yuliya Havr\u0131l\u00fck \u00f6z Facebook saifesinde bu aqq\u0131nda <a href=\"https:\/\/www.facebook.com\/gavrulyuk\/posts\/pfbid0266NyCc8zVQNKLixPC1iPiZ7vjajeQoKWpzHS62pLnZGWRszS1wzNLzhizjsAHMfJl\">haber berdi<\/a>.<\/p>\n\n\n        \n        <div class=\"embedpress-gutenberg-wrapper source-provider-Facebook aligncenter clear   ep-content-protection-disabled inline\" id=\"\" data-embed-type=\"Facebook \">\n            <div class=\"wp-block-embed__wrapper \">\n                <div id=\"ep-gutenberg-content-\" class=\"ep-gutenberg-content\">\n                    <div >\n                        <div class=\"ep-embed-content-wraper preset-default insta-grid ep-google-photos-carousel\"\n                                                                                                                >\n\n                            <div class=\"ose- ose-uid-70eb3c859d246e36c4bf54d8e6eb5c5e ose-embedpress-responsive\" style=\"width:600px; max-width:100%; height: auto; display:inline-block;\"><iframe loading=\"lazy\" allowFullScreen=\"true\" class=\"embera-facebook-iframe-70eb3 embedpress-facebook--iframe\" src=\"https:\/\/www.facebook.com\/plugins\/post.php?href=https%3A%2F%2Fwww.facebook.com%2Fgavrulyuk%2Fposts%2Fpfbid0266NyCc8zVQNKLixPC1iPiZ7vjajeQoKWpzHS62pLnZGWRszS1wzNLzhizjsAHMfJl&#038;width=600&#038;height=730&#038;show_text=true\" width=\"600\" height=\"730\" style=\"border:none;overflow:hidden\" scrolling=\"no\" frameborder=\"0\" allowTransparency=\"true\" allowFullScreen=\"true\" title=\"Cebede &#8220;q\u0131r\u0131m kaza\u011f\u0131&#8221; Volod\u0131m\u0131r Havr\u0131l\u00fck \u00f6ld\u00fcrildi\"><\/iframe><\/div>                        <\/div>\n\n                                            <\/div>\n                <\/div>\n            <\/div>\n        <\/div>\n    \n\n\n<p><a href=\"https:\/\/vinbazar.com\/news\/suspilstvo\/maydanivetsi-z-krimu-yakiy-proyshov-ato-ta-stav-pershim-patrulnim-vinnitsii-na-viyni-zaginuv-volodimir-gavrilyuk\">Vinzbar<\/a> haber bergenine k\u00f6re, 2000 senesinden ba\u015flap Volod\u0131m\u0131r Havr\u0131l\u00fck Q\u0131r\u0131mda ya\u015fay edi. &#8220;Yevromaydan&#8221;da i\u015ftirak etti. Yar\u0131mada i\u015f\u011fal etilgen so\u00f1 q\u0131taviy Ukraina\u011fa k\u00f6\u00e7ti. &#8220;Alt\u0131n qap\u0131&#8221; batalyon\u0131n\u0131\u00f1 azas\u0131 edi, on\u0131\u00f1\u00a0terkibinde ATOda i\u015ftirak etti. Bundan so\u00f1 Vinn\u0131ts\u00e2 \u015feerine k\u00f6\u00e7ip politsiya patrulc\u0131s\u0131 old\u0131. Tolu miqyasl\u0131 tecavuzn\u0131\u00f1 ilk k\u00fcnlerinden USQne qo\u015fuld\u0131. Donetsk vil\u00e2yetinde cenkle\u015fe edi. Havr\u0131l\u00fckni\u00f1 eki balas\u0131 qald\u0131.<\/p>\n","protected":false},"excerpt":{"rendered":"<p>Cenkte Q\u0131r\u0131mdan \u0130tibar inqil\u00e2b\u0131n\u0131\u00f1 ve ATOn\u0131\u00f1 i\u015ftiraki ve Vinn\u0131ts\u00e2 \u015feerini\u00f1 ilk patrulc\u0131 ol\u011fan Volod\u0131m\u0131r Havr\u0131l\u00fck \u00f6ld\u00fcrildi. Qad\u0131n\u0131 ve g\u00f6\u00f1\u00fclli Yuliya Havr\u0131l\u00fck \u00f6z Facebook saifesinde bu aqq\u0131nda haber berdi. Vinzbar haber bergenine k\u00f6re, 2000 senesinden ba\u015flap Volod\u0131m\u0131r Havr\u0131l\u00fck Q\u0131r\u0131mda ya\u015fay edi. &#8220;Yevromaydan&#8221;da i\u015ftirak etti. Yar\u0131mada i\u015f\u011fal etilgen so\u00f1 q\u0131taviy Ukraina\u011fa k\u00f6\u00e7ti. &#8220;Alt\u0131n qap\u0131&#8221; batalyon\u0131n\u0131\u00f1 azas\u0131 edi, [&hellip;]<\/p>\n","protected":false},"author":6,"featured_media":77988,"comment_status":"open","ping_status":"open","sticky":false,"template":"","format":"standard","meta":{"inline_featured_image":false,"footnotes":""},"categories":[265],"tags":[],"class_list":["post-78003","post","type-post","status-publish","format-standard","has-post-thumbnail","hentry","category-haberler"],"acf":[],"yoast_head":"<!-- This site is optimized with the Yoast SEO plugin v27.4 - https:\/\/yoast.com\/product\/yoast-seo-wordpress\/ -->\n<title>Cebede &quot;q\u0131r\u0131m kaza\u011f\u0131&quot; Volod\u0131m\u0131r Havr\u0131l\u00fck \u00f6ld\u00fcrildi - \u041c\u0435\u0434\u0436\u043b\u0456\u0441<\/title>\n<meta name=\"robots\" content=\"index, follow, max-snippet:-1, max-image-preview:large, max-video-preview:-1\" \/>\n<link rel=\"canonical\" href=\"https:\/\/qtmm.org\/qt\/cebede-qirim-kazagi-volodimir-havriluk-oldurildi\/\" \/>\n<meta property=\"og:locale\" content=\"en_US\" \/>\n<meta property=\"og:type\" content=\"article\" \/>\n<meta property=\"og:title\" content=\"Cebede &quot;q\u0131r\u0131m kaza\u011f\u0131&quot; Volod\u0131m\u0131r Havr\u0131l\u00fck \u00f6ld\u00fcrildi - \u041c\u0435\u0434\u0436\u043b\u0456\u0441\" \/>\n<meta property=\"og:description\" content=\"Cenkte Q\u0131r\u0131mdan \u0130tibar inqil\u00e2b\u0131n\u0131\u00f1 ve ATOn\u0131\u00f1 i\u015ftiraki ve Vinn\u0131ts\u00e2 \u015feerini\u00f1 ilk patrulc\u0131 ol\u011fan Volod\u0131m\u0131r Havr\u0131l\u00fck \u00f6ld\u00fcrildi. Qad\u0131n\u0131 ve g\u00f6\u00f1\u00fclli Yuliya Havr\u0131l\u00fck \u00f6z Facebook saifesinde bu aqq\u0131nda haber berdi. Vinzbar haber bergenine k\u00f6re, 2000 senesinden ba\u015flap Volod\u0131m\u0131r Havr\u0131l\u00fck Q\u0131r\u0131mda ya\u015fay edi. &#8220;Yevromaydan&#8221;da i\u015ftirak etti. Yar\u0131mada i\u015f\u011fal etilgen so\u00f1 q\u0131taviy Ukraina\u011fa k\u00f6\u00e7ti. &#8220;Alt\u0131n qap\u0131&#8221; batalyon\u0131n\u0131\u00f1 azas\u0131 edi, [&hellip;]\" \/>\n<meta property=\"og:url\" content=\"https:\/\/qtmm.org\/qt\/cebede-qirim-kazagi-volodimir-havriluk-oldurildi\/\" \/>\n<meta property=\"og:site_name\" content=\"\u041c\u0435\u0434\u0436\u043b\u0456\u0441\" \/>\n<meta property=\"article:publisher\" content=\"https:\/\/www.facebook.com\/qtmm.info\/\" \/>\n<meta property=\"article:published_time\" content=\"2023-01-03T13:06:45+00:00\" \/>\n<meta property=\"article:modified_time\" content=\"2023-01-03T13:06:47+00:00\" \/>\n<meta property=\"og:image\" content=\"https:\/\/qtmm.org\/wp-content\/uploads\/2023\/01\/323320578_870844641030734_3014637124186288147_n.jpg\" \/>\n\t<meta property=\"og:image:width\" content=\"1200\" \/>\n\t<meta property=\"og:image:height\" content=\"1600\" \/>\n\t<meta property=\"og:image:type\" content=\"image\/jpeg\" \/>\n<meta name=\"author\" content=\"milena\" \/>\n<meta name=\"twitter:card\" content=\"summary_large_image\" \/>\n<meta name=\"twitter:label1\" content=\"Written by\" \/>\n\t<meta name=\"twitter:data1\" content=\"milena\" \/>\n\t<meta name=\"twitter:label2\" content=\"Est. reading time\" \/>\n\t<meta name=\"twitter:data2\" content=\"1 minute\" \/>\n<script type=\"application\/ld+json\" class=\"yoast-schema-graph\">{\"@context\":\"https:\\\/\\\/schema.org\",\"@graph\":[{\"@type\":\"Article\",\"@id\":\"https:\\\/\\\/qtmm.org\\\/qt\\\/cebede-qirim-kazagi-volodimir-havriluk-oldurildi\\\/#article\",\"isPartOf\":{\"@id\":\"https:\\\/\\\/qtmm.org\\\/qt\\\/cebede-qirim-kazagi-volodimir-havriluk-oldurildi\\\/\"},\"author\":{\"name\":\"milena\",\"@id\":\"https:\\\/\\\/qtmm.org\\\/qt\\\/#\\\/schema\\\/person\\\/e19a16971e1d6077c60771108a0c2eb1\"},\"headline\":\"Cebede &#8220;q\u0131r\u0131m kaza\u011f\u0131&#8221; Volod\u0131m\u0131r Havr\u0131l\u00fck \u00f6ld\u00fcrildi\",\"datePublished\":\"2023-01-03T13:06:45+00:00\",\"dateModified\":\"2023-01-03T13:06:47+00:00\",\"mainEntityOfPage\":{\"@id\":\"https:\\\/\\\/qtmm.org\\\/qt\\\/cebede-qirim-kazagi-volodimir-havriluk-oldurildi\\\/\"},\"wordCount\":140,\"commentCount\":0,\"publisher\":{\"@id\":\"https:\\\/\\\/qtmm.org\\\/qt\\\/#organization\"},\"image\":{\"@id\":\"https:\\\/\\\/qtmm.org\\\/qt\\\/cebede-qirim-kazagi-volodimir-havriluk-oldurildi\\\/#primaryimage\"},\"thumbnailUrl\":\"https:\\\/\\\/qtmm.org\\\/wp-content\\\/uploads\\\/2023\\\/01\\\/323320578_870844641030734_3014637124186288147_n.jpg\",\"articleSection\":[\"Haberler\"],\"inLanguage\":\"qt\",\"potentialAction\":[{\"@type\":\"CommentAction\",\"name\":\"Comment\",\"target\":[\"https:\\\/\\\/qtmm.org\\\/qt\\\/cebede-qirim-kazagi-volodimir-havriluk-oldurildi\\\/#respond\"]}]},{\"@type\":\"WebPage\",\"@id\":\"https:\\\/\\\/qtmm.org\\\/qt\\\/cebede-qirim-kazagi-volodimir-havriluk-oldurildi\\\/\",\"url\":\"https:\\\/\\\/qtmm.org\\\/qt\\\/cebede-qirim-kazagi-volodimir-havriluk-oldurildi\\\/\",\"name\":\"Cebede \\\"q\u0131r\u0131m kaza\u011f\u0131\\\" Volod\u0131m\u0131r Havr\u0131l\u00fck \u00f6ld\u00fcrildi - \u041c\u0435\u0434\u0436\u043b\u0456\u0441\",\"isPartOf\":{\"@id\":\"https:\\\/\\\/qtmm.org\\\/qt\\\/#website\"},\"primaryImageOfPage\":{\"@id\":\"https:\\\/\\\/qtmm.org\\\/qt\\\/cebede-qirim-kazagi-volodimir-havriluk-oldurildi\\\/#primaryimage\"},\"image\":{\"@id\":\"https:\\\/\\\/qtmm.org\\\/qt\\\/cebede-qirim-kazagi-volodimir-havriluk-oldurildi\\\/#primaryimage\"},\"thumbnailUrl\":\"https:\\\/\\\/qtmm.org\\\/wp-content\\\/uploads\\\/2023\\\/01\\\/323320578_870844641030734_3014637124186288147_n.jpg\",\"datePublished\":\"2023-01-03T13:06:45+00:00\",\"dateModified\":\"2023-01-03T13:06:47+00:00\",\"breadcrumb\":{\"@id\":\"https:\\\/\\\/qtmm.org\\\/qt\\\/cebede-qirim-kazagi-volodimir-havriluk-oldurildi\\\/#breadcrumb\"},\"inLanguage\":\"qt\",\"potentialAction\":[{\"@type\":\"ReadAction\",\"target\":[\"https:\\\/\\\/qtmm.org\\\/qt\\\/cebede-qirim-kazagi-volodimir-havriluk-oldurildi\\\/\"]}]},{\"@type\":\"ImageObject\",\"inLanguage\":\"qt\",\"@id\":\"https:\\\/\\\/qtmm.org\\\/qt\\\/cebede-qirim-kazagi-volodimir-havriluk-oldurildi\\\/#primaryimage\",\"url\":\"https:\\\/\\\/qtmm.org\\\/wp-content\\\/uploads\\\/2023\\\/01\\\/323320578_870844641030734_3014637124186288147_n.jpg\",\"contentUrl\":\"https:\\\/\\\/qtmm.org\\\/wp-content\\\/uploads\\\/2023\\\/01\\\/323320578_870844641030734_3014637124186288147_n.jpg\",\"width\":1200,\"height\":1600},{\"@type\":\"BreadcrumbList\",\"@id\":\"https:\\\/\\\/qtmm.org\\\/qt\\\/cebede-qirim-kazagi-volodimir-havriluk-oldurildi\\\/#breadcrumb\",\"itemListElement\":[{\"@type\":\"ListItem\",\"position\":1,\"name\":\"\u0413\u043e\u043b\u043e\u0432\u043d\u0430\",\"item\":\"https:\\\/\\\/qtmm.org\\\/qt\\\/\"},{\"@type\":\"ListItem\",\"position\":2,\"name\":\"Cebede &#8220;q\u0131r\u0131m kaza\u011f\u0131&#8221; Volod\u0131m\u0131r Havr\u0131l\u00fck \u00f6ld\u00fcrildi\"}]},{\"@type\":\"WebSite\",\"@id\":\"https:\\\/\\\/qtmm.org\\\/qt\\\/#website\",\"url\":\"https:\\\/\\\/qtmm.org\\\/qt\\\/\",\"name\":\"\u041c\u0435\u0434\u0436\u043b\u0456\u0441\",\"description\":\"\",\"publisher\":{\"@id\":\"https:\\\/\\\/qtmm.org\\\/qt\\\/#organization\"},\"potentialAction\":[{\"@type\":\"SearchAction\",\"target\":{\"@type\":\"EntryPoint\",\"urlTemplate\":\"https:\\\/\\\/qtmm.org\\\/qt\\\/?s={search_term_string}\"},\"query-input\":{\"@type\":\"PropertyValueSpecification\",\"valueRequired\":true,\"valueName\":\"search_term_string\"}}],\"inLanguage\":\"qt\"},{\"@type\":\"Organization\",\"@id\":\"https:\\\/\\\/qtmm.org\\\/qt\\\/#organization\",\"name\":\"\u041c\u0435\u0434\u0436\u043b\u0456\u0441\",\"url\":\"https:\\\/\\\/qtmm.org\\\/qt\\\/\",\"logo\":{\"@type\":\"ImageObject\",\"inLanguage\":\"qt\",\"@id\":\"https:\\\/\\\/qtmm.org\\\/qt\\\/#\\\/schema\\\/logo\\\/image\\\/\",\"url\":\"https:\\\/\\\/qtmm.org\\\/wp-content\\\/uploads\\\/2024\\\/12\\\/ua-mejlis-logo-rgb.svg\",\"contentUrl\":\"https:\\\/\\\/qtmm.org\\\/wp-content\\\/uploads\\\/2024\\\/12\\\/ua-mejlis-logo-rgb.svg\",\"caption\":\"\u041c\u0435\u0434\u0436\u043b\u0456\u0441\"},\"image\":{\"@id\":\"https:\\\/\\\/qtmm.org\\\/qt\\\/#\\\/schema\\\/logo\\\/image\\\/\"},\"sameAs\":[\"https:\\\/\\\/www.facebook.com\\\/qtmm.info\\\/\"]},{\"@type\":\"Person\",\"@id\":\"https:\\\/\\\/qtmm.org\\\/qt\\\/#\\\/schema\\\/person\\\/e19a16971e1d6077c60771108a0c2eb1\",\"name\":\"milena\",\"image\":{\"@type\":\"ImageObject\",\"inLanguage\":\"qt\",\"@id\":\"https:\\\/\\\/secure.gravatar.com\\\/avatar\\\/a1c72d47914b6ffa21f1246920d5cff572eced8dc7c4ef1b629898b5a8c18fa5?s=96&d=mm&r=g\",\"url\":\"https:\\\/\\\/secure.gravatar.com\\\/avatar\\\/a1c72d47914b6ffa21f1246920d5cff572eced8dc7c4ef1b629898b5a8c18fa5?s=96&d=mm&r=g\",\"contentUrl\":\"https:\\\/\\\/secure.gravatar.com\\\/avatar\\\/a1c72d47914b6ffa21f1246920d5cff572eced8dc7c4ef1b629898b5a8c18fa5?s=96&d=mm&r=g\",\"caption\":\"milena\"},\"url\":\"https:\\\/\\\/qtmm.org\\\/qt\\\/author\\\/milena\\\/\"}]}<\/script>\n<!-- \/ Yoast SEO plugin. -->","yoast_head_json":{"title":"Cebede \"q\u0131r\u0131m kaza\u011f\u0131\" Volod\u0131m\u0131r Havr\u0131l\u00fck \u00f6ld\u00fcrildi - \u041c\u0435\u0434\u0436\u043b\u0456\u0441","robots":{"index":"index","follow":"follow","max-snippet":"max-snippet:-1","max-image-preview":"max-image-preview:large","max-video-preview":"max-video-preview:-1"},"canonical":"https:\/\/qtmm.org\/qt\/cebede-qirim-kazagi-volodimir-havriluk-oldurildi\/","og_locale":"en_US","og_type":"article","og_title":"Cebede \"q\u0131r\u0131m kaza\u011f\u0131\" Volod\u0131m\u0131r Havr\u0131l\u00fck \u00f6ld\u00fcrildi - \u041c\u0435\u0434\u0436\u043b\u0456\u0441","og_description":"Cenkte Q\u0131r\u0131mdan \u0130tibar inqil\u00e2b\u0131n\u0131\u00f1 ve ATOn\u0131\u00f1 i\u015ftiraki ve Vinn\u0131ts\u00e2 \u015feerini\u00f1 ilk patrulc\u0131 ol\u011fan Volod\u0131m\u0131r Havr\u0131l\u00fck \u00f6ld\u00fcrildi. Qad\u0131n\u0131 ve g\u00f6\u00f1\u00fclli Yuliya Havr\u0131l\u00fck \u00f6z Facebook saifesinde bu aqq\u0131nda haber berdi. Vinzbar haber bergenine k\u00f6re, 2000 senesinden ba\u015flap Volod\u0131m\u0131r Havr\u0131l\u00fck Q\u0131r\u0131mda ya\u015fay edi. &#8220;Yevromaydan&#8221;da i\u015ftirak etti. Yar\u0131mada i\u015f\u011fal etilgen so\u00f1 q\u0131taviy Ukraina\u011fa k\u00f6\u00e7ti. &#8220;Alt\u0131n qap\u0131&#8221; batalyon\u0131n\u0131\u00f1 azas\u0131 edi, [&hellip;]","og_url":"https:\/\/qtmm.org\/qt\/cebede-qirim-kazagi-volodimir-havriluk-oldurildi\/","og_site_name":"\u041c\u0435\u0434\u0436\u043b\u0456\u0441","article_publisher":"https:\/\/www.facebook.com\/qtmm.info\/","article_published_time":"2023-01-03T13:06:45+00:00","article_modified_time":"2023-01-03T13:06:47+00:00","og_image":[{"width":1200,"height":1600,"url":"https:\/\/qtmm.org\/wp-content\/uploads\/2023\/01\/323320578_870844641030734_3014637124186288147_n.jpg","type":"image\/jpeg"}],"author":"milena","twitter_card":"summary_large_image","twitter_misc":{"Written by":"milena","Est. reading time":"1 minute"},"schema":{"@context":"https:\/\/schema.org","@graph":[{"@type":"Article","@id":"https:\/\/qtmm.org\/qt\/cebede-qirim-kazagi-volodimir-havriluk-oldurildi\/#article","isPartOf":{"@id":"https:\/\/qtmm.org\/qt\/cebede-qirim-kazagi-volodimir-havriluk-oldurildi\/"},"author":{"name":"milena","@id":"https:\/\/qtmm.org\/qt\/#\/schema\/person\/e19a16971e1d6077c60771108a0c2eb1"},"headline":"Cebede &#8220;q\u0131r\u0131m kaza\u011f\u0131&#8221; Volod\u0131m\u0131r Havr\u0131l\u00fck \u00f6ld\u00fcrildi","datePublished":"2023-01-03T13:06:45+00:00","dateModified":"2023-01-03T13:06:47+00:00","mainEntityOfPage":{"@id":"https:\/\/qtmm.org\/qt\/cebede-qirim-kazagi-volodimir-havriluk-oldurildi\/"},"wordCount":140,"commentCount":0,"publisher":{"@id":"https:\/\/qtmm.org\/qt\/#organization"},"image":{"@id":"https:\/\/qtmm.org\/qt\/cebede-qirim-kazagi-volodimir-havriluk-oldurildi\/#primaryimage"},"thumbnailUrl":"https:\/\/qtmm.org\/wp-content\/uploads\/2023\/01\/323320578_870844641030734_3014637124186288147_n.jpg","articleSection":["Haberler"],"inLanguage":"qt","potentialAction":[{"@type":"CommentAction","name":"Comment","target":["https:\/\/qtmm.org\/qt\/cebede-qirim-kazagi-volodimir-havriluk-oldurildi\/#respond"]}]},{"@type":"WebPage","@id":"https:\/\/qtmm.org\/qt\/cebede-qirim-kazagi-volodimir-havriluk-oldurildi\/","url":"https:\/\/qtmm.org\/qt\/cebede-qirim-kazagi-volodimir-havriluk-oldurildi\/","name":"Cebede \"q\u0131r\u0131m kaza\u011f\u0131\" Volod\u0131m\u0131r Havr\u0131l\u00fck \u00f6ld\u00fcrildi - \u041c\u0435\u0434\u0436\u043b\u0456\u0441","isPartOf":{"@id":"https:\/\/qtmm.org\/qt\/#website"},"primaryImageOfPage":{"@id":"https:\/\/qtmm.org\/qt\/cebede-qirim-kazagi-volodimir-havriluk-oldurildi\/#primaryimage"},"image":{"@id":"https:\/\/qtmm.org\/qt\/cebede-qirim-kazagi-volodimir-havriluk-oldurildi\/#primaryimage"},"thumbnailUrl":"https:\/\/qtmm.org\/wp-content\/uploads\/2023\/01\/323320578_870844641030734_3014637124186288147_n.jpg","datePublished":"2023-01-03T13:06:45+00:00","dateModified":"2023-01-03T13:06:47+00:00","breadcrumb":{"@id":"https:\/\/qtmm.org\/qt\/cebede-qirim-kazagi-volodimir-havriluk-oldurildi\/#breadcrumb"},"inLanguage":"qt","potentialAction":[{"@type":"ReadAction","target":["https:\/\/qtmm.org\/qt\/cebede-qirim-kazagi-volodimir-havriluk-oldurildi\/"]}]},{"@type":"ImageObject","inLanguage":"qt","@id":"https:\/\/qtmm.org\/qt\/cebede-qirim-kazagi-volodimir-havriluk-oldurildi\/#primaryimage","url":"https:\/\/qtmm.org\/wp-content\/uploads\/2023\/01\/323320578_870844641030734_3014637124186288147_n.jpg","contentUrl":"https:\/\/qtmm.org\/wp-content\/uploads\/2023\/01\/323320578_870844641030734_3014637124186288147_n.jpg","width":1200,"height":1600},{"@type":"BreadcrumbList","@id":"https:\/\/qtmm.org\/qt\/cebede-qirim-kazagi-volodimir-havriluk-oldurildi\/#breadcrumb","itemListElement":[{"@type":"ListItem","position":1,"name":"\u0413\u043e\u043b\u043e\u0432\u043d\u0430","item":"https:\/\/qtmm.org\/qt\/"},{"@type":"ListItem","position":2,"name":"Cebede &#8220;q\u0131r\u0131m kaza\u011f\u0131&#8221; Volod\u0131m\u0131r Havr\u0131l\u00fck \u00f6ld\u00fcrildi"}]},{"@type":"WebSite","@id":"https:\/\/qtmm.org\/qt\/#website","url":"https:\/\/qtmm.org\/qt\/","name":"\u041c\u0435\u0434\u0436\u043b\u0456\u0441","description":"","publisher":{"@id":"https:\/\/qtmm.org\/qt\/#organization"},"potentialAction":[{"@type":"SearchAction","target":{"@type":"EntryPoint","urlTemplate":"https:\/\/qtmm.org\/qt\/?s={search_term_string}"},"query-input":{"@type":"PropertyValueSpecification","valueRequired":true,"valueName":"search_term_string"}}],"inLanguage":"qt"},{"@type":"Organization","@id":"https:\/\/qtmm.org\/qt\/#organization","name":"\u041c\u0435\u0434\u0436\u043b\u0456\u0441","url":"https:\/\/qtmm.org\/qt\/","logo":{"@type":"ImageObject","inLanguage":"qt","@id":"https:\/\/qtmm.org\/qt\/#\/schema\/logo\/image\/","url":"https:\/\/qtmm.org\/wp-content\/uploads\/2024\/12\/ua-mejlis-logo-rgb.svg","contentUrl":"https:\/\/qtmm.org\/wp-content\/uploads\/2024\/12\/ua-mejlis-logo-rgb.svg","caption":"\u041c\u0435\u0434\u0436\u043b\u0456\u0441"},"image":{"@id":"https:\/\/qtmm.org\/qt\/#\/schema\/logo\/image\/"},"sameAs":["https:\/\/www.facebook.com\/qtmm.info\/"]},{"@type":"Person","@id":"https:\/\/qtmm.org\/qt\/#\/schema\/person\/e19a16971e1d6077c60771108a0c2eb1","name":"milena","image":{"@type":"ImageObject","inLanguage":"qt","@id":"https:\/\/secure.gravatar.com\/avatar\/a1c72d47914b6ffa21f1246920d5cff572eced8dc7c4ef1b629898b5a8c18fa5?s=96&d=mm&r=g","url":"https:\/\/secure.gravatar.com\/avatar\/a1c72d47914b6ffa21f1246920d5cff572eced8dc7c4ef1b629898b5a8c18fa5?s=96&d=mm&r=g","contentUrl":"https:\/\/secure.gravatar.com\/avatar\/a1c72d47914b6ffa21f1246920d5cff572eced8dc7c4ef1b629898b5a8c18fa5?s=96&d=mm&r=g","caption":"milena"},"url":"https:\/\/qtmm.org\/qt\/author\/milena\/"}]}},"_links":{"self":[{"href":"https:\/\/qtmm.org\/qt\/wp-json\/wp\/v2\/posts\/78003","targetHints":{"allow":["GET"]}}],"collection":[{"href":"https:\/\/qtmm.org\/qt\/wp-json\/wp\/v2\/posts"}],"about":[{"href":"https:\/\/qtmm.org\/qt\/wp-json\/wp\/v2\/types\/post"}],"author":[{"embeddable":true,"href":"https:\/\/qtmm.org\/qt\/wp-json\/wp\/v2\/users\/6"}],"replies":[{"embeddable":true,"href":"https:\/\/qtmm.org\/qt\/wp-json\/wp\/v2\/comments?post=78003"}],"version-history":[{"count":1,"href":"https:\/\/qtmm.org\/qt\/wp-json\/wp\/v2\/posts\/78003\/revisions"}],"predecessor-version":[{"id":78004,"href":"https:\/\/qtmm.org\/qt\/wp-json\/wp\/v2\/posts\/78003\/revisions\/78004"}],"wp:featuredmedia":[{"embeddable":true,"href":"https:\/\/qtmm.org\/qt\/wp-json\/wp\/v2\/media\/77988"}],"wp:attachment":[{"href":"https:\/\/qtmm.org\/qt\/wp-json\/wp\/v2\/media?parent=78003"}],"wp:term":[{"taxonomy":"category","embeddable":true,"href":"https:\/\/qtmm.org\/qt\/wp-json\/wp\/v2\/categories?post=78003"},{"taxonomy":"post_tag","embeddable":true,"href":"https:\/\/qtmm.org\/qt\/wp-json\/wp\/v2\/tags?post=78003"}],"curies":[{"name":"wp","href":"https:\/\/api.w.org\/{rel}","templated":true}]}}