




{"id":77970,"date":"2022-12-30T16:50:39","date_gmt":"2022-12-30T13:50:39","guid":{"rendered":"https:\/\/qtmm.org\/?p=77970"},"modified":"2022-12-30T16:50:42","modified_gmt":"2022-12-30T13:50:42","slug":"aqmescit-ve-kezlev-seerlerinde-ukrain-tarafli-beyannameleri-taqratildi","status":"publish","type":"post","link":"https:\/\/qtmm.org\/qt\/aqmescit-ve-kezlev-seerlerinde-ukrain-tarafli-beyannameleri-taqratildi\/","title":{"rendered":"Aqmescit ve Kezlev \u015feerlerinde ukrain tarafl\u0131 beyannameleri taqrat\u0131ld\u0131"},"content":{"rendered":"\n<p>Aqmescit ve Kezlev \u015feerlerinde ukrain tarafl\u0131 beyannameleri peyda old\u0131, dep &#8220;Sar\u0131 \u015ferit&#8221; ukrain areketi \u00f6z Telegram kanal\u0131nda haber berdi.<\/p>\n\n\n\n<blockquote class=\"wp-block-quote is-layout-flow wp-block-quote-is-layout-flow\"><p><em>&#8211; Aqmescit ve Kezlev \u015feerlerinde &#8220;Sar\u0131 \u015ferit&#8221; areketini\u00f1\u00a0faalcileri ya\u00f1\u0131 beyannamelerni tarqatt\u0131lar. Anda ra\u015fistlerge 2023 senesini\u00f1 1991 senesindeki Ukrainan\u0131\u00f1 topraq mutaqilligini qaytaruv senesi olaca\u011f\u0131n\u0131 hat\u0131rlata. V\u0130ET Q\u0131r\u0131m MCde ya\u015fa\u011fan Ukraina vatanda\u015flar\u0131 er \u015fey a\u00f1laylar ve ra\u015fistlerden azat etmege bekleyler, olar ukrain bayra\u011f\u0131n\u0131\u00f1 qaytmas\u0131n\u0131 bekleyler<\/em>, &#8211; beyannamede yaz\u0131ld\u0131.<\/p><\/blockquote>\n\n\n\n<p>Ke\u00e7enlerde &#8220;Sar\u0131 \u015ferit&#8221; ukrain areketi bildirdi ki, &#8220;i\u015f\u011fal etilgen Q\u0131r\u0131mda i\u00e7timaiy qar\u015f\u0131l\u0131q quvetlerini \u00e7oqla\u015ft\u0131r\u0131&#8221;.<\/p>\n\n\n<div id=\"telegram-embed-block_63aeec968e7f2\" class=\"testimonial\">\r\n    <script async src=\"https:\/\/telegram.org\/js\/telegram-widget.js\" data-telegram-post=\"\/yellowribbon_ua\/3003\" data-width=\"100%\"><\/script>\r\n<\/div>","protected":false},"excerpt":{"rendered":"<p>Aqmescit ve Kezlev \u015feerlerinde ukrain tarafl\u0131 beyannameleri peyda old\u0131, dep &#8220;Sar\u0131 \u015ferit&#8221; ukrain areketi \u00f6z Telegram kanal\u0131nda haber berdi. &#8211; Aqmescit ve Kezlev \u015feerlerinde &#8220;Sar\u0131 \u015ferit&#8221; areketini\u00f1\u00a0faalcileri ya\u00f1\u0131 beyannamelerni tarqatt\u0131lar. Anda ra\u015fistlerge 2023 senesini\u00f1 1991 senesindeki Ukrainan\u0131\u00f1 topraq mutaqilligini qaytaruv senesi olaca\u011f\u0131n\u0131 hat\u0131rlata. V\u0130ET Q\u0131r\u0131m MCde ya\u015fa\u011fan Ukraina vatanda\u015flar\u0131 er \u015fey a\u00f1laylar ve ra\u015fistlerden azat [&hellip;]<\/p>\n","protected":false},"author":6,"featured_media":77964,"comment_status":"open","ping_status":"open","sticky":false,"template":"","format":"standard","meta":{"inline_featured_image":false,"footnotes":""},"categories":[265],"tags":[],"class_list":["post-77970","post","type-post","status-publish","format-standard","has-post-thumbnail","hentry","category-haberler"],"acf":[],"yoast_head":"<!-- This site is optimized with the Yoast SEO plugin v27.4 - https:\/\/yoast.com\/product\/yoast-seo-wordpress\/ -->\n<title>Aqmescit ve Kezlev \u015feerlerinde ukrain tarafl\u0131 beyannameleri taqrat\u0131ld\u0131 - \u041c\u0435\u0434\u0436\u043b\u0456\u0441<\/title>\n<meta name=\"robots\" content=\"index, follow, max-snippet:-1, max-image-preview:large, max-video-preview:-1\" \/>\n<link rel=\"canonical\" href=\"https:\/\/qtmm.org\/qt\/aqmescit-ve-kezlev-seerlerinde-ukrain-tarafli-beyannameleri-taqratildi\/\" \/>\n<meta property=\"og:locale\" content=\"en_US\" \/>\n<meta property=\"og:type\" content=\"article\" \/>\n<meta property=\"og:title\" content=\"Aqmescit ve Kezlev \u015feerlerinde ukrain tarafl\u0131 beyannameleri taqrat\u0131ld\u0131 - \u041c\u0435\u0434\u0436\u043b\u0456\u0441\" \/>\n<meta property=\"og:description\" content=\"Aqmescit ve Kezlev \u015feerlerinde ukrain tarafl\u0131 beyannameleri peyda old\u0131, dep &#8220;Sar\u0131 \u015ferit&#8221; ukrain areketi \u00f6z Telegram kanal\u0131nda haber berdi. &#8211; Aqmescit ve Kezlev \u015feerlerinde &#8220;Sar\u0131 \u015ferit&#8221; areketini\u00f1\u00a0faalcileri ya\u00f1\u0131 beyannamelerni tarqatt\u0131lar. Anda ra\u015fistlerge 2023 senesini\u00f1 1991 senesindeki Ukrainan\u0131\u00f1 topraq mutaqilligini qaytaruv senesi olaca\u011f\u0131n\u0131 hat\u0131rlata. V\u0130ET Q\u0131r\u0131m MCde ya\u015fa\u011fan Ukraina vatanda\u015flar\u0131 er \u015fey a\u00f1laylar ve ra\u015fistlerden azat [&hellip;]\" \/>\n<meta property=\"og:url\" content=\"https:\/\/qtmm.org\/qt\/aqmescit-ve-kezlev-seerlerinde-ukrain-tarafli-beyannameleri-taqratildi\/\" \/>\n<meta property=\"og:site_name\" content=\"\u041c\u0435\u0434\u0436\u043b\u0456\u0441\" \/>\n<meta property=\"article:publisher\" content=\"https:\/\/www.facebook.com\/qtmm.info\/\" \/>\n<meta property=\"article:published_time\" content=\"2022-12-30T13:50:39+00:00\" \/>\n<meta property=\"article:modified_time\" content=\"2022-12-30T13:50:42+00:00\" \/>\n<meta property=\"og:image\" content=\"https:\/\/qtmm.org\/wp-content\/uploads\/2022\/12\/photo_2022-12-29_13-33-32.jpg\" \/>\n\t<meta property=\"og:image:width\" content=\"960\" \/>\n\t<meta property=\"og:image:height\" content=\"1280\" \/>\n\t<meta property=\"og:image:type\" content=\"image\/jpeg\" \/>\n<meta name=\"author\" content=\"milena\" \/>\n<meta name=\"twitter:card\" content=\"summary_large_image\" \/>\n<meta name=\"twitter:label1\" content=\"Written by\" \/>\n\t<meta name=\"twitter:data1\" content=\"milena\" \/>\n\t<meta name=\"twitter:label2\" content=\"Est. reading time\" \/>\n\t<meta name=\"twitter:data2\" content=\"1 minute\" \/>\n<script type=\"application\/ld+json\" class=\"yoast-schema-graph\">{\"@context\":\"https:\\\/\\\/schema.org\",\"@graph\":[{\"@type\":\"Article\",\"@id\":\"https:\\\/\\\/qtmm.org\\\/qt\\\/aqmescit-ve-kezlev-seerlerinde-ukrain-tarafli-beyannameleri-taqratildi\\\/#article\",\"isPartOf\":{\"@id\":\"https:\\\/\\\/qtmm.org\\\/qt\\\/aqmescit-ve-kezlev-seerlerinde-ukrain-tarafli-beyannameleri-taqratildi\\\/\"},\"author\":{\"name\":\"milena\",\"@id\":\"https:\\\/\\\/qtmm.org\\\/qt\\\/#\\\/schema\\\/person\\\/e19a16971e1d6077c60771108a0c2eb1\"},\"headline\":\"Aqmescit ve Kezlev \u015feerlerinde ukrain tarafl\u0131 beyannameleri taqrat\u0131ld\u0131\",\"datePublished\":\"2022-12-30T13:50:39+00:00\",\"dateModified\":\"2022-12-30T13:50:42+00:00\",\"mainEntityOfPage\":{\"@id\":\"https:\\\/\\\/qtmm.org\\\/qt\\\/aqmescit-ve-kezlev-seerlerinde-ukrain-tarafli-beyannameleri-taqratildi\\\/\"},\"wordCount\":112,\"commentCount\":0,\"publisher\":{\"@id\":\"https:\\\/\\\/qtmm.org\\\/qt\\\/#organization\"},\"image\":{\"@id\":\"https:\\\/\\\/qtmm.org\\\/qt\\\/aqmescit-ve-kezlev-seerlerinde-ukrain-tarafli-beyannameleri-taqratildi\\\/#primaryimage\"},\"thumbnailUrl\":\"https:\\\/\\\/qtmm.org\\\/wp-content\\\/uploads\\\/2022\\\/12\\\/photo_2022-12-29_13-33-32.jpg\",\"articleSection\":[\"Haberler\"],\"inLanguage\":\"qt\",\"potentialAction\":[{\"@type\":\"CommentAction\",\"name\":\"Comment\",\"target\":[\"https:\\\/\\\/qtmm.org\\\/qt\\\/aqmescit-ve-kezlev-seerlerinde-ukrain-tarafli-beyannameleri-taqratildi\\\/#respond\"]}]},{\"@type\":\"WebPage\",\"@id\":\"https:\\\/\\\/qtmm.org\\\/qt\\\/aqmescit-ve-kezlev-seerlerinde-ukrain-tarafli-beyannameleri-taqratildi\\\/\",\"url\":\"https:\\\/\\\/qtmm.org\\\/qt\\\/aqmescit-ve-kezlev-seerlerinde-ukrain-tarafli-beyannameleri-taqratildi\\\/\",\"name\":\"Aqmescit ve Kezlev \u015feerlerinde ukrain tarafl\u0131 beyannameleri taqrat\u0131ld\u0131 - \u041c\u0435\u0434\u0436\u043b\u0456\u0441\",\"isPartOf\":{\"@id\":\"https:\\\/\\\/qtmm.org\\\/qt\\\/#website\"},\"primaryImageOfPage\":{\"@id\":\"https:\\\/\\\/qtmm.org\\\/qt\\\/aqmescit-ve-kezlev-seerlerinde-ukrain-tarafli-beyannameleri-taqratildi\\\/#primaryimage\"},\"image\":{\"@id\":\"https:\\\/\\\/qtmm.org\\\/qt\\\/aqmescit-ve-kezlev-seerlerinde-ukrain-tarafli-beyannameleri-taqratildi\\\/#primaryimage\"},\"thumbnailUrl\":\"https:\\\/\\\/qtmm.org\\\/wp-content\\\/uploads\\\/2022\\\/12\\\/photo_2022-12-29_13-33-32.jpg\",\"datePublished\":\"2022-12-30T13:50:39+00:00\",\"dateModified\":\"2022-12-30T13:50:42+00:00\",\"breadcrumb\":{\"@id\":\"https:\\\/\\\/qtmm.org\\\/qt\\\/aqmescit-ve-kezlev-seerlerinde-ukrain-tarafli-beyannameleri-taqratildi\\\/#breadcrumb\"},\"inLanguage\":\"qt\",\"potentialAction\":[{\"@type\":\"ReadAction\",\"target\":[\"https:\\\/\\\/qtmm.org\\\/qt\\\/aqmescit-ve-kezlev-seerlerinde-ukrain-tarafli-beyannameleri-taqratildi\\\/\"]}]},{\"@type\":\"ImageObject\",\"inLanguage\":\"qt\",\"@id\":\"https:\\\/\\\/qtmm.org\\\/qt\\\/aqmescit-ve-kezlev-seerlerinde-ukrain-tarafli-beyannameleri-taqratildi\\\/#primaryimage\",\"url\":\"https:\\\/\\\/qtmm.org\\\/wp-content\\\/uploads\\\/2022\\\/12\\\/photo_2022-12-29_13-33-32.jpg\",\"contentUrl\":\"https:\\\/\\\/qtmm.org\\\/wp-content\\\/uploads\\\/2022\\\/12\\\/photo_2022-12-29_13-33-32.jpg\",\"width\":960,\"height\":1280},{\"@type\":\"BreadcrumbList\",\"@id\":\"https:\\\/\\\/qtmm.org\\\/qt\\\/aqmescit-ve-kezlev-seerlerinde-ukrain-tarafli-beyannameleri-taqratildi\\\/#breadcrumb\",\"itemListElement\":[{\"@type\":\"ListItem\",\"position\":1,\"name\":\"\u0413\u043e\u043b\u043e\u0432\u043d\u0430\",\"item\":\"https:\\\/\\\/qtmm.org\\\/qt\\\/\"},{\"@type\":\"ListItem\",\"position\":2,\"name\":\"Aqmescit ve Kezlev \u015feerlerinde ukrain tarafl\u0131 beyannameleri taqrat\u0131ld\u0131\"}]},{\"@type\":\"WebSite\",\"@id\":\"https:\\\/\\\/qtmm.org\\\/qt\\\/#website\",\"url\":\"https:\\\/\\\/qtmm.org\\\/qt\\\/\",\"name\":\"\u041c\u0435\u0434\u0436\u043b\u0456\u0441\",\"description\":\"\",\"publisher\":{\"@id\":\"https:\\\/\\\/qtmm.org\\\/qt\\\/#organization\"},\"potentialAction\":[{\"@type\":\"SearchAction\",\"target\":{\"@type\":\"EntryPoint\",\"urlTemplate\":\"https:\\\/\\\/qtmm.org\\\/qt\\\/?s={search_term_string}\"},\"query-input\":{\"@type\":\"PropertyValueSpecification\",\"valueRequired\":true,\"valueName\":\"search_term_string\"}}],\"inLanguage\":\"qt\"},{\"@type\":\"Organization\",\"@id\":\"https:\\\/\\\/qtmm.org\\\/qt\\\/#organization\",\"name\":\"\u041c\u0435\u0434\u0436\u043b\u0456\u0441\",\"url\":\"https:\\\/\\\/qtmm.org\\\/qt\\\/\",\"logo\":{\"@type\":\"ImageObject\",\"inLanguage\":\"qt\",\"@id\":\"https:\\\/\\\/qtmm.org\\\/qt\\\/#\\\/schema\\\/logo\\\/image\\\/\",\"url\":\"https:\\\/\\\/qtmm.org\\\/wp-content\\\/uploads\\\/2024\\\/12\\\/ua-mejlis-logo-rgb.svg\",\"contentUrl\":\"https:\\\/\\\/qtmm.org\\\/wp-content\\\/uploads\\\/2024\\\/12\\\/ua-mejlis-logo-rgb.svg\",\"caption\":\"\u041c\u0435\u0434\u0436\u043b\u0456\u0441\"},\"image\":{\"@id\":\"https:\\\/\\\/qtmm.org\\\/qt\\\/#\\\/schema\\\/logo\\\/image\\\/\"},\"sameAs\":[\"https:\\\/\\\/www.facebook.com\\\/qtmm.info\\\/\"]},{\"@type\":\"Person\",\"@id\":\"https:\\\/\\\/qtmm.org\\\/qt\\\/#\\\/schema\\\/person\\\/e19a16971e1d6077c60771108a0c2eb1\",\"name\":\"milena\",\"image\":{\"@type\":\"ImageObject\",\"inLanguage\":\"qt\",\"@id\":\"https:\\\/\\\/secure.gravatar.com\\\/avatar\\\/a1c72d47914b6ffa21f1246920d5cff572eced8dc7c4ef1b629898b5a8c18fa5?s=96&d=mm&r=g\",\"url\":\"https:\\\/\\\/secure.gravatar.com\\\/avatar\\\/a1c72d47914b6ffa21f1246920d5cff572eced8dc7c4ef1b629898b5a8c18fa5?s=96&d=mm&r=g\",\"contentUrl\":\"https:\\\/\\\/secure.gravatar.com\\\/avatar\\\/a1c72d47914b6ffa21f1246920d5cff572eced8dc7c4ef1b629898b5a8c18fa5?s=96&d=mm&r=g\",\"caption\":\"milena\"},\"url\":\"https:\\\/\\\/qtmm.org\\\/qt\\\/author\\\/milena\\\/\"}]}<\/script>\n<!-- \/ Yoast SEO plugin. -->","yoast_head_json":{"title":"Aqmescit ve Kezlev \u015feerlerinde ukrain tarafl\u0131 beyannameleri taqrat\u0131ld\u0131 - \u041c\u0435\u0434\u0436\u043b\u0456\u0441","robots":{"index":"index","follow":"follow","max-snippet":"max-snippet:-1","max-image-preview":"max-image-preview:large","max-video-preview":"max-video-preview:-1"},"canonical":"https:\/\/qtmm.org\/qt\/aqmescit-ve-kezlev-seerlerinde-ukrain-tarafli-beyannameleri-taqratildi\/","og_locale":"en_US","og_type":"article","og_title":"Aqmescit ve Kezlev \u015feerlerinde ukrain tarafl\u0131 beyannameleri taqrat\u0131ld\u0131 - \u041c\u0435\u0434\u0436\u043b\u0456\u0441","og_description":"Aqmescit ve Kezlev \u015feerlerinde ukrain tarafl\u0131 beyannameleri peyda old\u0131, dep &#8220;Sar\u0131 \u015ferit&#8221; ukrain areketi \u00f6z Telegram kanal\u0131nda haber berdi. &#8211; Aqmescit ve Kezlev \u015feerlerinde &#8220;Sar\u0131 \u015ferit&#8221; areketini\u00f1\u00a0faalcileri ya\u00f1\u0131 beyannamelerni tarqatt\u0131lar. Anda ra\u015fistlerge 2023 senesini\u00f1 1991 senesindeki Ukrainan\u0131\u00f1 topraq mutaqilligini qaytaruv senesi olaca\u011f\u0131n\u0131 hat\u0131rlata. V\u0130ET Q\u0131r\u0131m MCde ya\u015fa\u011fan Ukraina vatanda\u015flar\u0131 er \u015fey a\u00f1laylar ve ra\u015fistlerden azat [&hellip;]","og_url":"https:\/\/qtmm.org\/qt\/aqmescit-ve-kezlev-seerlerinde-ukrain-tarafli-beyannameleri-taqratildi\/","og_site_name":"\u041c\u0435\u0434\u0436\u043b\u0456\u0441","article_publisher":"https:\/\/www.facebook.com\/qtmm.info\/","article_published_time":"2022-12-30T13:50:39+00:00","article_modified_time":"2022-12-30T13:50:42+00:00","og_image":[{"width":960,"height":1280,"url":"https:\/\/qtmm.org\/wp-content\/uploads\/2022\/12\/photo_2022-12-29_13-33-32.jpg","type":"image\/jpeg"}],"author":"milena","twitter_card":"summary_large_image","twitter_misc":{"Written by":"milena","Est. reading time":"1 minute"},"schema":{"@context":"https:\/\/schema.org","@graph":[{"@type":"Article","@id":"https:\/\/qtmm.org\/qt\/aqmescit-ve-kezlev-seerlerinde-ukrain-tarafli-beyannameleri-taqratildi\/#article","isPartOf":{"@id":"https:\/\/qtmm.org\/qt\/aqmescit-ve-kezlev-seerlerinde-ukrain-tarafli-beyannameleri-taqratildi\/"},"author":{"name":"milena","@id":"https:\/\/qtmm.org\/qt\/#\/schema\/person\/e19a16971e1d6077c60771108a0c2eb1"},"headline":"Aqmescit ve Kezlev \u015feerlerinde ukrain tarafl\u0131 beyannameleri taqrat\u0131ld\u0131","datePublished":"2022-12-30T13:50:39+00:00","dateModified":"2022-12-30T13:50:42+00:00","mainEntityOfPage":{"@id":"https:\/\/qtmm.org\/qt\/aqmescit-ve-kezlev-seerlerinde-ukrain-tarafli-beyannameleri-taqratildi\/"},"wordCount":112,"commentCount":0,"publisher":{"@id":"https:\/\/qtmm.org\/qt\/#organization"},"image":{"@id":"https:\/\/qtmm.org\/qt\/aqmescit-ve-kezlev-seerlerinde-ukrain-tarafli-beyannameleri-taqratildi\/#primaryimage"},"thumbnailUrl":"https:\/\/qtmm.org\/wp-content\/uploads\/2022\/12\/photo_2022-12-29_13-33-32.jpg","articleSection":["Haberler"],"inLanguage":"qt","potentialAction":[{"@type":"CommentAction","name":"Comment","target":["https:\/\/qtmm.org\/qt\/aqmescit-ve-kezlev-seerlerinde-ukrain-tarafli-beyannameleri-taqratildi\/#respond"]}]},{"@type":"WebPage","@id":"https:\/\/qtmm.org\/qt\/aqmescit-ve-kezlev-seerlerinde-ukrain-tarafli-beyannameleri-taqratildi\/","url":"https:\/\/qtmm.org\/qt\/aqmescit-ve-kezlev-seerlerinde-ukrain-tarafli-beyannameleri-taqratildi\/","name":"Aqmescit ve Kezlev \u015feerlerinde ukrain tarafl\u0131 beyannameleri taqrat\u0131ld\u0131 - \u041c\u0435\u0434\u0436\u043b\u0456\u0441","isPartOf":{"@id":"https:\/\/qtmm.org\/qt\/#website"},"primaryImageOfPage":{"@id":"https:\/\/qtmm.org\/qt\/aqmescit-ve-kezlev-seerlerinde-ukrain-tarafli-beyannameleri-taqratildi\/#primaryimage"},"image":{"@id":"https:\/\/qtmm.org\/qt\/aqmescit-ve-kezlev-seerlerinde-ukrain-tarafli-beyannameleri-taqratildi\/#primaryimage"},"thumbnailUrl":"https:\/\/qtmm.org\/wp-content\/uploads\/2022\/12\/photo_2022-12-29_13-33-32.jpg","datePublished":"2022-12-30T13:50:39+00:00","dateModified":"2022-12-30T13:50:42+00:00","breadcrumb":{"@id":"https:\/\/qtmm.org\/qt\/aqmescit-ve-kezlev-seerlerinde-ukrain-tarafli-beyannameleri-taqratildi\/#breadcrumb"},"inLanguage":"qt","potentialAction":[{"@type":"ReadAction","target":["https:\/\/qtmm.org\/qt\/aqmescit-ve-kezlev-seerlerinde-ukrain-tarafli-beyannameleri-taqratildi\/"]}]},{"@type":"ImageObject","inLanguage":"qt","@id":"https:\/\/qtmm.org\/qt\/aqmescit-ve-kezlev-seerlerinde-ukrain-tarafli-beyannameleri-taqratildi\/#primaryimage","url":"https:\/\/qtmm.org\/wp-content\/uploads\/2022\/12\/photo_2022-12-29_13-33-32.jpg","contentUrl":"https:\/\/qtmm.org\/wp-content\/uploads\/2022\/12\/photo_2022-12-29_13-33-32.jpg","width":960,"height":1280},{"@type":"BreadcrumbList","@id":"https:\/\/qtmm.org\/qt\/aqmescit-ve-kezlev-seerlerinde-ukrain-tarafli-beyannameleri-taqratildi\/#breadcrumb","itemListElement":[{"@type":"ListItem","position":1,"name":"\u0413\u043e\u043b\u043e\u0432\u043d\u0430","item":"https:\/\/qtmm.org\/qt\/"},{"@type":"ListItem","position":2,"name":"Aqmescit ve Kezlev \u015feerlerinde ukrain tarafl\u0131 beyannameleri taqrat\u0131ld\u0131"}]},{"@type":"WebSite","@id":"https:\/\/qtmm.org\/qt\/#website","url":"https:\/\/qtmm.org\/qt\/","name":"\u041c\u0435\u0434\u0436\u043b\u0456\u0441","description":"","publisher":{"@id":"https:\/\/qtmm.org\/qt\/#organization"},"potentialAction":[{"@type":"SearchAction","target":{"@type":"EntryPoint","urlTemplate":"https:\/\/qtmm.org\/qt\/?s={search_term_string}"},"query-input":{"@type":"PropertyValueSpecification","valueRequired":true,"valueName":"search_term_string"}}],"inLanguage":"qt"},{"@type":"Organization","@id":"https:\/\/qtmm.org\/qt\/#organization","name":"\u041c\u0435\u0434\u0436\u043b\u0456\u0441","url":"https:\/\/qtmm.org\/qt\/","logo":{"@type":"ImageObject","inLanguage":"qt","@id":"https:\/\/qtmm.org\/qt\/#\/schema\/logo\/image\/","url":"https:\/\/qtmm.org\/wp-content\/uploads\/2024\/12\/ua-mejlis-logo-rgb.svg","contentUrl":"https:\/\/qtmm.org\/wp-content\/uploads\/2024\/12\/ua-mejlis-logo-rgb.svg","caption":"\u041c\u0435\u0434\u0436\u043b\u0456\u0441"},"image":{"@id":"https:\/\/qtmm.org\/qt\/#\/schema\/logo\/image\/"},"sameAs":["https:\/\/www.facebook.com\/qtmm.info\/"]},{"@type":"Person","@id":"https:\/\/qtmm.org\/qt\/#\/schema\/person\/e19a16971e1d6077c60771108a0c2eb1","name":"milena","image":{"@type":"ImageObject","inLanguage":"qt","@id":"https:\/\/secure.gravatar.com\/avatar\/a1c72d47914b6ffa21f1246920d5cff572eced8dc7c4ef1b629898b5a8c18fa5?s=96&d=mm&r=g","url":"https:\/\/secure.gravatar.com\/avatar\/a1c72d47914b6ffa21f1246920d5cff572eced8dc7c4ef1b629898b5a8c18fa5?s=96&d=mm&r=g","contentUrl":"https:\/\/secure.gravatar.com\/avatar\/a1c72d47914b6ffa21f1246920d5cff572eced8dc7c4ef1b629898b5a8c18fa5?s=96&d=mm&r=g","caption":"milena"},"url":"https:\/\/qtmm.org\/qt\/author\/milena\/"}]}},"_links":{"self":[{"href":"https:\/\/qtmm.org\/qt\/wp-json\/wp\/v2\/posts\/77970","targetHints":{"allow":["GET"]}}],"collection":[{"href":"https:\/\/qtmm.org\/qt\/wp-json\/wp\/v2\/posts"}],"about":[{"href":"https:\/\/qtmm.org\/qt\/wp-json\/wp\/v2\/types\/post"}],"author":[{"embeddable":true,"href":"https:\/\/qtmm.org\/qt\/wp-json\/wp\/v2\/users\/6"}],"replies":[{"embeddable":true,"href":"https:\/\/qtmm.org\/qt\/wp-json\/wp\/v2\/comments?post=77970"}],"version-history":[{"count":2,"href":"https:\/\/qtmm.org\/qt\/wp-json\/wp\/v2\/posts\/77970\/revisions"}],"predecessor-version":[{"id":77972,"href":"https:\/\/qtmm.org\/qt\/wp-json\/wp\/v2\/posts\/77970\/revisions\/77972"}],"wp:featuredmedia":[{"embeddable":true,"href":"https:\/\/qtmm.org\/qt\/wp-json\/wp\/v2\/media\/77964"}],"wp:attachment":[{"href":"https:\/\/qtmm.org\/qt\/wp-json\/wp\/v2\/media?parent=77970"}],"wp:term":[{"taxonomy":"category","embeddable":true,"href":"https:\/\/qtmm.org\/qt\/wp-json\/wp\/v2\/categories?post=77970"},{"taxonomy":"post_tag","embeddable":true,"href":"https:\/\/qtmm.org\/qt\/wp-json\/wp\/v2\/tags?post=77970"}],"curies":[{"name":"wp","href":"https:\/\/api.w.org\/{rel}","templated":true}]}}