




{"id":77920,"date":"2022-12-27T16:32:56","date_gmt":"2022-12-27T13:32:56","guid":{"rendered":"https:\/\/qtmm.org\/?p=77920"},"modified":"2022-12-27T16:32:58","modified_gmt":"2022-12-27T13:32:58","slug":"turkiye-medeniyet-ve-turizm-nazirinin-muavini-ukrainalilar-ve-qirimtatarlarnin-agrisini-duyamiz","status":"publish","type":"post","link":"https:\/\/qtmm.org\/qt\/turkiye-medeniyet-ve-turizm-nazirinin-muavini-ukrainalilar-ve-qirimtatarlarnin-agrisini-duyamiz\/","title":{"rendered":"T\u00fcrkiye medeniyet ve turizm nazirini\u00f1 muavini: ukrainal\u0131lar ve q\u0131r\u0131mtatarlarn\u0131\u00f1 a\u011fr\u0131s\u0131n\u0131 duyam\u0131z"},"content":{"rendered":"\n<p>T\u00fcrkiye em ukrainal\u0131lar, em q\u0131r\u0131mtatarlarn\u0131\u00f1 a\u011fr\u0131s\u0131n\u0131 duya ve cenkni\u00f1 e\u00f1 yaq\u0131n kelecekte bitmesine \u00fcm\u00fct ete.<\/p>\n\n\n\n<p>Prezidentni\u00f1 QMC daimiy vekili Tamila Ta\u015fevanen k\u00f6r\u00fc\u015f\u00fcv vaqt\u0131nda T\u00fcrkiye medeniyet ve turizm nazirini\u00f1 muavini Serdar \u00c7am bun\u0131 <a href=\"https:\/\/t.me\/c\/1362555855\/59074\">bildirdi<\/a>.<\/p>\n\n\n\n<blockquote class=\"wp-block-quote is-layout-flow wp-block-quote-is-layout-flow\"><p><em>&#8211; Biz em ukrainal\u0131lar, em de q\u0131r\u0131mtatarlarn\u0131\u00f1\u00a0a\u011fr\u0131s\u0131n\u0131 duyam\u0131z. Biz cenkni\u00f1 e\u00f1\u00a0yaq\u0131n kelecekte bitmesine \u00fcm\u00fct etemiz,<\/em> &#8211; dep Serdar \u00c7am qayd etti.<\/p><\/blockquote>\n\n\n\n<p>Bunda \u011fayr\u0131, \u00c7am b\u00fcy\u00fck gumanitar operatsiyalarn\u0131\u00f1 faaliyetini idare ete: T\u00fcrk \u0130\u015fde\u015fligi ve Koordinatsiya Agentligi (T\u0130KA), Yunus Emre \u0130nstitut\u0131 ve Ukrainada \u00e7al\u0131\u015fqan ba\u015fqalar\u0131n\u0131.<\/p>\n\n\n\n<p>Tamila Ta\u015feva Serdar \u00c7am\u011fa Ukrainan\u0131 gumanitar ve insaniy destek etmesi i\u00e7\u00fcn te\u015fekk\u00fcr bildirdi. \u00c7\u00fcnki Ukrainan\u0131\u00f1 bi\u00f1lerce vatanda\u015f\u0131 cenkten tamam T\u00fcrkiyege k\u00f6\u00e7ip keldi.<\/p>\n","protected":false},"excerpt":{"rendered":"<p>T\u00fcrkiye em ukrainal\u0131lar, em q\u0131r\u0131mtatarlarn\u0131\u00f1 a\u011fr\u0131s\u0131n\u0131 duya ve cenkni\u00f1 e\u00f1 yaq\u0131n kelecekte bitmesine \u00fcm\u00fct ete. Prezidentni\u00f1 QMC daimiy vekili Tamila Ta\u015fevanen k\u00f6r\u00fc\u015f\u00fcv vaqt\u0131nda T\u00fcrkiye medeniyet ve turizm nazirini\u00f1 muavini Serdar \u00c7am bun\u0131 bildirdi. &#8211; Biz em ukrainal\u0131lar, em de q\u0131r\u0131mtatarlarn\u0131\u00f1\u00a0a\u011fr\u0131s\u0131n\u0131 duyam\u0131z. Biz cenkni\u00f1 e\u00f1\u00a0yaq\u0131n kelecekte bitmesine \u00fcm\u00fct etemiz, &#8211; dep Serdar \u00c7am qayd etti. Bunda [&hellip;]<\/p>\n","protected":false},"author":6,"featured_media":77914,"comment_status":"open","ping_status":"open","sticky":false,"template":"","format":"standard","meta":{"inline_featured_image":false,"footnotes":""},"categories":[265],"tags":[],"class_list":["post-77920","post","type-post","status-publish","format-standard","has-post-thumbnail","hentry","category-haberler"],"acf":[],"yoast_head":"<!-- This site is optimized with the Yoast SEO plugin v27.4 - https:\/\/yoast.com\/product\/yoast-seo-wordpress\/ -->\n<title>T\u00fcrkiye medeniyet ve turizm nazirini\u00f1 muavini: ukrainal\u0131lar ve q\u0131r\u0131mtatarlarn\u0131\u00f1 a\u011fr\u0131s\u0131n\u0131 duyam\u0131z - \u041c\u0435\u0434\u0436\u043b\u0456\u0441<\/title>\n<meta name=\"robots\" content=\"index, follow, max-snippet:-1, max-image-preview:large, max-video-preview:-1\" \/>\n<link rel=\"canonical\" href=\"https:\/\/qtmm.org\/qt\/turkiye-medeniyet-ve-turizm-nazirinin-muavini-ukrainalilar-ve-qirimtatarlarnin-agrisini-duyamiz\/\" \/>\n<meta property=\"og:locale\" content=\"en_US\" \/>\n<meta property=\"og:type\" content=\"article\" \/>\n<meta property=\"og:title\" content=\"T\u00fcrkiye medeniyet ve turizm nazirini\u00f1 muavini: ukrainal\u0131lar ve q\u0131r\u0131mtatarlarn\u0131\u00f1 a\u011fr\u0131s\u0131n\u0131 duyam\u0131z - \u041c\u0435\u0434\u0436\u043b\u0456\u0441\" \/>\n<meta property=\"og:description\" content=\"T\u00fcrkiye em ukrainal\u0131lar, em q\u0131r\u0131mtatarlarn\u0131\u00f1 a\u011fr\u0131s\u0131n\u0131 duya ve cenkni\u00f1 e\u00f1 yaq\u0131n kelecekte bitmesine \u00fcm\u00fct ete. Prezidentni\u00f1 QMC daimiy vekili Tamila Ta\u015fevanen k\u00f6r\u00fc\u015f\u00fcv vaqt\u0131nda T\u00fcrkiye medeniyet ve turizm nazirini\u00f1 muavini Serdar \u00c7am bun\u0131 bildirdi. &#8211; Biz em ukrainal\u0131lar, em de q\u0131r\u0131mtatarlarn\u0131\u00f1\u00a0a\u011fr\u0131s\u0131n\u0131 duyam\u0131z. Biz cenkni\u00f1 e\u00f1\u00a0yaq\u0131n kelecekte bitmesine \u00fcm\u00fct etemiz, &#8211; dep Serdar \u00c7am qayd etti. Bunda [&hellip;]\" \/>\n<meta property=\"og:url\" content=\"https:\/\/qtmm.org\/qt\/turkiye-medeniyet-ve-turizm-nazirinin-muavini-ukrainalilar-ve-qirimtatarlarnin-agrisini-duyamiz\/\" \/>\n<meta property=\"og:site_name\" content=\"\u041c\u0435\u0434\u0436\u043b\u0456\u0441\" \/>\n<meta property=\"article:publisher\" content=\"https:\/\/www.facebook.com\/qtmm.info\/\" \/>\n<meta property=\"article:published_time\" content=\"2022-12-27T13:32:56+00:00\" \/>\n<meta property=\"article:modified_time\" content=\"2022-12-27T13:32:58+00:00\" \/>\n<meta property=\"og:image\" content=\"https:\/\/qtmm.org\/wp-content\/uploads\/2022\/12\/img_20221226_175935-768x466-1.jpg\" \/>\n\t<meta property=\"og:image:width\" content=\"768\" \/>\n\t<meta property=\"og:image:height\" content=\"466\" \/>\n\t<meta property=\"og:image:type\" content=\"image\/jpeg\" \/>\n<meta name=\"author\" content=\"milena\" \/>\n<meta name=\"twitter:card\" content=\"summary_large_image\" \/>\n<meta name=\"twitter:label1\" content=\"Written by\" \/>\n\t<meta name=\"twitter:data1\" content=\"milena\" \/>\n\t<meta name=\"twitter:label2\" content=\"Est. reading time\" \/>\n\t<meta name=\"twitter:data2\" content=\"1 minute\" \/>\n<script type=\"application\/ld+json\" class=\"yoast-schema-graph\">{\"@context\":\"https:\\\/\\\/schema.org\",\"@graph\":[{\"@type\":\"Article\",\"@id\":\"https:\\\/\\\/qtmm.org\\\/qt\\\/turkiye-medeniyet-ve-turizm-nazirinin-muavini-ukrainalilar-ve-qirimtatarlarnin-agrisini-duyamiz\\\/#article\",\"isPartOf\":{\"@id\":\"https:\\\/\\\/qtmm.org\\\/qt\\\/turkiye-medeniyet-ve-turizm-nazirinin-muavini-ukrainalilar-ve-qirimtatarlarnin-agrisini-duyamiz\\\/\"},\"author\":{\"name\":\"milena\",\"@id\":\"https:\\\/\\\/qtmm.org\\\/qt\\\/#\\\/schema\\\/person\\\/e19a16971e1d6077c60771108a0c2eb1\"},\"headline\":\"T\u00fcrkiye medeniyet ve turizm nazirini\u00f1 muavini: ukrainal\u0131lar ve q\u0131r\u0131mtatarlarn\u0131\u00f1 a\u011fr\u0131s\u0131n\u0131 duyam\u0131z\",\"datePublished\":\"2022-12-27T13:32:56+00:00\",\"dateModified\":\"2022-12-27T13:32:58+00:00\",\"mainEntityOfPage\":{\"@id\":\"https:\\\/\\\/qtmm.org\\\/qt\\\/turkiye-medeniyet-ve-turizm-nazirinin-muavini-ukrainalilar-ve-qirimtatarlarnin-agrisini-duyamiz\\\/\"},\"wordCount\":158,\"commentCount\":0,\"publisher\":{\"@id\":\"https:\\\/\\\/qtmm.org\\\/qt\\\/#organization\"},\"image\":{\"@id\":\"https:\\\/\\\/qtmm.org\\\/qt\\\/turkiye-medeniyet-ve-turizm-nazirinin-muavini-ukrainalilar-ve-qirimtatarlarnin-agrisini-duyamiz\\\/#primaryimage\"},\"thumbnailUrl\":\"https:\\\/\\\/qtmm.org\\\/wp-content\\\/uploads\\\/2022\\\/12\\\/img_20221226_175935-768x466-1.jpg\",\"articleSection\":[\"Haberler\"],\"inLanguage\":\"qt\",\"potentialAction\":[{\"@type\":\"CommentAction\",\"name\":\"Comment\",\"target\":[\"https:\\\/\\\/qtmm.org\\\/qt\\\/turkiye-medeniyet-ve-turizm-nazirinin-muavini-ukrainalilar-ve-qirimtatarlarnin-agrisini-duyamiz\\\/#respond\"]}]},{\"@type\":\"WebPage\",\"@id\":\"https:\\\/\\\/qtmm.org\\\/qt\\\/turkiye-medeniyet-ve-turizm-nazirinin-muavini-ukrainalilar-ve-qirimtatarlarnin-agrisini-duyamiz\\\/\",\"url\":\"https:\\\/\\\/qtmm.org\\\/qt\\\/turkiye-medeniyet-ve-turizm-nazirinin-muavini-ukrainalilar-ve-qirimtatarlarnin-agrisini-duyamiz\\\/\",\"name\":\"T\u00fcrkiye medeniyet ve turizm nazirini\u00f1 muavini: ukrainal\u0131lar ve q\u0131r\u0131mtatarlarn\u0131\u00f1 a\u011fr\u0131s\u0131n\u0131 duyam\u0131z - \u041c\u0435\u0434\u0436\u043b\u0456\u0441\",\"isPartOf\":{\"@id\":\"https:\\\/\\\/qtmm.org\\\/qt\\\/#website\"},\"primaryImageOfPage\":{\"@id\":\"https:\\\/\\\/qtmm.org\\\/qt\\\/turkiye-medeniyet-ve-turizm-nazirinin-muavini-ukrainalilar-ve-qirimtatarlarnin-agrisini-duyamiz\\\/#primaryimage\"},\"image\":{\"@id\":\"https:\\\/\\\/qtmm.org\\\/qt\\\/turkiye-medeniyet-ve-turizm-nazirinin-muavini-ukrainalilar-ve-qirimtatarlarnin-agrisini-duyamiz\\\/#primaryimage\"},\"thumbnailUrl\":\"https:\\\/\\\/qtmm.org\\\/wp-content\\\/uploads\\\/2022\\\/12\\\/img_20221226_175935-768x466-1.jpg\",\"datePublished\":\"2022-12-27T13:32:56+00:00\",\"dateModified\":\"2022-12-27T13:32:58+00:00\",\"breadcrumb\":{\"@id\":\"https:\\\/\\\/qtmm.org\\\/qt\\\/turkiye-medeniyet-ve-turizm-nazirinin-muavini-ukrainalilar-ve-qirimtatarlarnin-agrisini-duyamiz\\\/#breadcrumb\"},\"inLanguage\":\"qt\",\"potentialAction\":[{\"@type\":\"ReadAction\",\"target\":[\"https:\\\/\\\/qtmm.org\\\/qt\\\/turkiye-medeniyet-ve-turizm-nazirinin-muavini-ukrainalilar-ve-qirimtatarlarnin-agrisini-duyamiz\\\/\"]}]},{\"@type\":\"ImageObject\",\"inLanguage\":\"qt\",\"@id\":\"https:\\\/\\\/qtmm.org\\\/qt\\\/turkiye-medeniyet-ve-turizm-nazirinin-muavini-ukrainalilar-ve-qirimtatarlarnin-agrisini-duyamiz\\\/#primaryimage\",\"url\":\"https:\\\/\\\/qtmm.org\\\/wp-content\\\/uploads\\\/2022\\\/12\\\/img_20221226_175935-768x466-1.jpg\",\"contentUrl\":\"https:\\\/\\\/qtmm.org\\\/wp-content\\\/uploads\\\/2022\\\/12\\\/img_20221226_175935-768x466-1.jpg\",\"width\":768,\"height\":466},{\"@type\":\"BreadcrumbList\",\"@id\":\"https:\\\/\\\/qtmm.org\\\/qt\\\/turkiye-medeniyet-ve-turizm-nazirinin-muavini-ukrainalilar-ve-qirimtatarlarnin-agrisini-duyamiz\\\/#breadcrumb\",\"itemListElement\":[{\"@type\":\"ListItem\",\"position\":1,\"name\":\"\u0413\u043e\u043b\u043e\u0432\u043d\u0430\",\"item\":\"https:\\\/\\\/qtmm.org\\\/qt\\\/\"},{\"@type\":\"ListItem\",\"position\":2,\"name\":\"T\u00fcrkiye medeniyet ve turizm nazirini\u00f1 muavini: ukrainal\u0131lar ve q\u0131r\u0131mtatarlarn\u0131\u00f1 a\u011fr\u0131s\u0131n\u0131 duyam\u0131z\"}]},{\"@type\":\"WebSite\",\"@id\":\"https:\\\/\\\/qtmm.org\\\/qt\\\/#website\",\"url\":\"https:\\\/\\\/qtmm.org\\\/qt\\\/\",\"name\":\"\u041c\u0435\u0434\u0436\u043b\u0456\u0441\",\"description\":\"\",\"publisher\":{\"@id\":\"https:\\\/\\\/qtmm.org\\\/qt\\\/#organization\"},\"potentialAction\":[{\"@type\":\"SearchAction\",\"target\":{\"@type\":\"EntryPoint\",\"urlTemplate\":\"https:\\\/\\\/qtmm.org\\\/qt\\\/?s={search_term_string}\"},\"query-input\":{\"@type\":\"PropertyValueSpecification\",\"valueRequired\":true,\"valueName\":\"search_term_string\"}}],\"inLanguage\":\"qt\"},{\"@type\":\"Organization\",\"@id\":\"https:\\\/\\\/qtmm.org\\\/qt\\\/#organization\",\"name\":\"\u041c\u0435\u0434\u0436\u043b\u0456\u0441\",\"url\":\"https:\\\/\\\/qtmm.org\\\/qt\\\/\",\"logo\":{\"@type\":\"ImageObject\",\"inLanguage\":\"qt\",\"@id\":\"https:\\\/\\\/qtmm.org\\\/qt\\\/#\\\/schema\\\/logo\\\/image\\\/\",\"url\":\"https:\\\/\\\/qtmm.org\\\/wp-content\\\/uploads\\\/2024\\\/12\\\/ua-mejlis-logo-rgb.svg\",\"contentUrl\":\"https:\\\/\\\/qtmm.org\\\/wp-content\\\/uploads\\\/2024\\\/12\\\/ua-mejlis-logo-rgb.svg\",\"caption\":\"\u041c\u0435\u0434\u0436\u043b\u0456\u0441\"},\"image\":{\"@id\":\"https:\\\/\\\/qtmm.org\\\/qt\\\/#\\\/schema\\\/logo\\\/image\\\/\"},\"sameAs\":[\"https:\\\/\\\/www.facebook.com\\\/qtmm.info\\\/\"]},{\"@type\":\"Person\",\"@id\":\"https:\\\/\\\/qtmm.org\\\/qt\\\/#\\\/schema\\\/person\\\/e19a16971e1d6077c60771108a0c2eb1\",\"name\":\"milena\",\"image\":{\"@type\":\"ImageObject\",\"inLanguage\":\"qt\",\"@id\":\"https:\\\/\\\/secure.gravatar.com\\\/avatar\\\/a1c72d47914b6ffa21f1246920d5cff572eced8dc7c4ef1b629898b5a8c18fa5?s=96&d=mm&r=g\",\"url\":\"https:\\\/\\\/secure.gravatar.com\\\/avatar\\\/a1c72d47914b6ffa21f1246920d5cff572eced8dc7c4ef1b629898b5a8c18fa5?s=96&d=mm&r=g\",\"contentUrl\":\"https:\\\/\\\/secure.gravatar.com\\\/avatar\\\/a1c72d47914b6ffa21f1246920d5cff572eced8dc7c4ef1b629898b5a8c18fa5?s=96&d=mm&r=g\",\"caption\":\"milena\"},\"url\":\"https:\\\/\\\/qtmm.org\\\/qt\\\/author\\\/milena\\\/\"}]}<\/script>\n<!-- \/ Yoast SEO plugin. -->","yoast_head_json":{"title":"T\u00fcrkiye medeniyet ve turizm nazirini\u00f1 muavini: ukrainal\u0131lar ve q\u0131r\u0131mtatarlarn\u0131\u00f1 a\u011fr\u0131s\u0131n\u0131 duyam\u0131z - \u041c\u0435\u0434\u0436\u043b\u0456\u0441","robots":{"index":"index","follow":"follow","max-snippet":"max-snippet:-1","max-image-preview":"max-image-preview:large","max-video-preview":"max-video-preview:-1"},"canonical":"https:\/\/qtmm.org\/qt\/turkiye-medeniyet-ve-turizm-nazirinin-muavini-ukrainalilar-ve-qirimtatarlarnin-agrisini-duyamiz\/","og_locale":"en_US","og_type":"article","og_title":"T\u00fcrkiye medeniyet ve turizm nazirini\u00f1 muavini: ukrainal\u0131lar ve q\u0131r\u0131mtatarlarn\u0131\u00f1 a\u011fr\u0131s\u0131n\u0131 duyam\u0131z - \u041c\u0435\u0434\u0436\u043b\u0456\u0441","og_description":"T\u00fcrkiye em ukrainal\u0131lar, em q\u0131r\u0131mtatarlarn\u0131\u00f1 a\u011fr\u0131s\u0131n\u0131 duya ve cenkni\u00f1 e\u00f1 yaq\u0131n kelecekte bitmesine \u00fcm\u00fct ete. Prezidentni\u00f1 QMC daimiy vekili Tamila Ta\u015fevanen k\u00f6r\u00fc\u015f\u00fcv vaqt\u0131nda T\u00fcrkiye medeniyet ve turizm nazirini\u00f1 muavini Serdar \u00c7am bun\u0131 bildirdi. &#8211; Biz em ukrainal\u0131lar, em de q\u0131r\u0131mtatarlarn\u0131\u00f1\u00a0a\u011fr\u0131s\u0131n\u0131 duyam\u0131z. Biz cenkni\u00f1 e\u00f1\u00a0yaq\u0131n kelecekte bitmesine \u00fcm\u00fct etemiz, &#8211; dep Serdar \u00c7am qayd etti. Bunda [&hellip;]","og_url":"https:\/\/qtmm.org\/qt\/turkiye-medeniyet-ve-turizm-nazirinin-muavini-ukrainalilar-ve-qirimtatarlarnin-agrisini-duyamiz\/","og_site_name":"\u041c\u0435\u0434\u0436\u043b\u0456\u0441","article_publisher":"https:\/\/www.facebook.com\/qtmm.info\/","article_published_time":"2022-12-27T13:32:56+00:00","article_modified_time":"2022-12-27T13:32:58+00:00","og_image":[{"width":768,"height":466,"url":"https:\/\/qtmm.org\/wp-content\/uploads\/2022\/12\/img_20221226_175935-768x466-1.jpg","type":"image\/jpeg"}],"author":"milena","twitter_card":"summary_large_image","twitter_misc":{"Written by":"milena","Est. reading time":"1 minute"},"schema":{"@context":"https:\/\/schema.org","@graph":[{"@type":"Article","@id":"https:\/\/qtmm.org\/qt\/turkiye-medeniyet-ve-turizm-nazirinin-muavini-ukrainalilar-ve-qirimtatarlarnin-agrisini-duyamiz\/#article","isPartOf":{"@id":"https:\/\/qtmm.org\/qt\/turkiye-medeniyet-ve-turizm-nazirinin-muavini-ukrainalilar-ve-qirimtatarlarnin-agrisini-duyamiz\/"},"author":{"name":"milena","@id":"https:\/\/qtmm.org\/qt\/#\/schema\/person\/e19a16971e1d6077c60771108a0c2eb1"},"headline":"T\u00fcrkiye medeniyet ve turizm nazirini\u00f1 muavini: ukrainal\u0131lar ve q\u0131r\u0131mtatarlarn\u0131\u00f1 a\u011fr\u0131s\u0131n\u0131 duyam\u0131z","datePublished":"2022-12-27T13:32:56+00:00","dateModified":"2022-12-27T13:32:58+00:00","mainEntityOfPage":{"@id":"https:\/\/qtmm.org\/qt\/turkiye-medeniyet-ve-turizm-nazirinin-muavini-ukrainalilar-ve-qirimtatarlarnin-agrisini-duyamiz\/"},"wordCount":158,"commentCount":0,"publisher":{"@id":"https:\/\/qtmm.org\/qt\/#organization"},"image":{"@id":"https:\/\/qtmm.org\/qt\/turkiye-medeniyet-ve-turizm-nazirinin-muavini-ukrainalilar-ve-qirimtatarlarnin-agrisini-duyamiz\/#primaryimage"},"thumbnailUrl":"https:\/\/qtmm.org\/wp-content\/uploads\/2022\/12\/img_20221226_175935-768x466-1.jpg","articleSection":["Haberler"],"inLanguage":"qt","potentialAction":[{"@type":"CommentAction","name":"Comment","target":["https:\/\/qtmm.org\/qt\/turkiye-medeniyet-ve-turizm-nazirinin-muavini-ukrainalilar-ve-qirimtatarlarnin-agrisini-duyamiz\/#respond"]}]},{"@type":"WebPage","@id":"https:\/\/qtmm.org\/qt\/turkiye-medeniyet-ve-turizm-nazirinin-muavini-ukrainalilar-ve-qirimtatarlarnin-agrisini-duyamiz\/","url":"https:\/\/qtmm.org\/qt\/turkiye-medeniyet-ve-turizm-nazirinin-muavini-ukrainalilar-ve-qirimtatarlarnin-agrisini-duyamiz\/","name":"T\u00fcrkiye medeniyet ve turizm nazirini\u00f1 muavini: ukrainal\u0131lar ve q\u0131r\u0131mtatarlarn\u0131\u00f1 a\u011fr\u0131s\u0131n\u0131 duyam\u0131z - \u041c\u0435\u0434\u0436\u043b\u0456\u0441","isPartOf":{"@id":"https:\/\/qtmm.org\/qt\/#website"},"primaryImageOfPage":{"@id":"https:\/\/qtmm.org\/qt\/turkiye-medeniyet-ve-turizm-nazirinin-muavini-ukrainalilar-ve-qirimtatarlarnin-agrisini-duyamiz\/#primaryimage"},"image":{"@id":"https:\/\/qtmm.org\/qt\/turkiye-medeniyet-ve-turizm-nazirinin-muavini-ukrainalilar-ve-qirimtatarlarnin-agrisini-duyamiz\/#primaryimage"},"thumbnailUrl":"https:\/\/qtmm.org\/wp-content\/uploads\/2022\/12\/img_20221226_175935-768x466-1.jpg","datePublished":"2022-12-27T13:32:56+00:00","dateModified":"2022-12-27T13:32:58+00:00","breadcrumb":{"@id":"https:\/\/qtmm.org\/qt\/turkiye-medeniyet-ve-turizm-nazirinin-muavini-ukrainalilar-ve-qirimtatarlarnin-agrisini-duyamiz\/#breadcrumb"},"inLanguage":"qt","potentialAction":[{"@type":"ReadAction","target":["https:\/\/qtmm.org\/qt\/turkiye-medeniyet-ve-turizm-nazirinin-muavini-ukrainalilar-ve-qirimtatarlarnin-agrisini-duyamiz\/"]}]},{"@type":"ImageObject","inLanguage":"qt","@id":"https:\/\/qtmm.org\/qt\/turkiye-medeniyet-ve-turizm-nazirinin-muavini-ukrainalilar-ve-qirimtatarlarnin-agrisini-duyamiz\/#primaryimage","url":"https:\/\/qtmm.org\/wp-content\/uploads\/2022\/12\/img_20221226_175935-768x466-1.jpg","contentUrl":"https:\/\/qtmm.org\/wp-content\/uploads\/2022\/12\/img_20221226_175935-768x466-1.jpg","width":768,"height":466},{"@type":"BreadcrumbList","@id":"https:\/\/qtmm.org\/qt\/turkiye-medeniyet-ve-turizm-nazirinin-muavini-ukrainalilar-ve-qirimtatarlarnin-agrisini-duyamiz\/#breadcrumb","itemListElement":[{"@type":"ListItem","position":1,"name":"\u0413\u043e\u043b\u043e\u0432\u043d\u0430","item":"https:\/\/qtmm.org\/qt\/"},{"@type":"ListItem","position":2,"name":"T\u00fcrkiye medeniyet ve turizm nazirini\u00f1 muavini: ukrainal\u0131lar ve q\u0131r\u0131mtatarlarn\u0131\u00f1 a\u011fr\u0131s\u0131n\u0131 duyam\u0131z"}]},{"@type":"WebSite","@id":"https:\/\/qtmm.org\/qt\/#website","url":"https:\/\/qtmm.org\/qt\/","name":"\u041c\u0435\u0434\u0436\u043b\u0456\u0441","description":"","publisher":{"@id":"https:\/\/qtmm.org\/qt\/#organization"},"potentialAction":[{"@type":"SearchAction","target":{"@type":"EntryPoint","urlTemplate":"https:\/\/qtmm.org\/qt\/?s={search_term_string}"},"query-input":{"@type":"PropertyValueSpecification","valueRequired":true,"valueName":"search_term_string"}}],"inLanguage":"qt"},{"@type":"Organization","@id":"https:\/\/qtmm.org\/qt\/#organization","name":"\u041c\u0435\u0434\u0436\u043b\u0456\u0441","url":"https:\/\/qtmm.org\/qt\/","logo":{"@type":"ImageObject","inLanguage":"qt","@id":"https:\/\/qtmm.org\/qt\/#\/schema\/logo\/image\/","url":"https:\/\/qtmm.org\/wp-content\/uploads\/2024\/12\/ua-mejlis-logo-rgb.svg","contentUrl":"https:\/\/qtmm.org\/wp-content\/uploads\/2024\/12\/ua-mejlis-logo-rgb.svg","caption":"\u041c\u0435\u0434\u0436\u043b\u0456\u0441"},"image":{"@id":"https:\/\/qtmm.org\/qt\/#\/schema\/logo\/image\/"},"sameAs":["https:\/\/www.facebook.com\/qtmm.info\/"]},{"@type":"Person","@id":"https:\/\/qtmm.org\/qt\/#\/schema\/person\/e19a16971e1d6077c60771108a0c2eb1","name":"milena","image":{"@type":"ImageObject","inLanguage":"qt","@id":"https:\/\/secure.gravatar.com\/avatar\/a1c72d47914b6ffa21f1246920d5cff572eced8dc7c4ef1b629898b5a8c18fa5?s=96&d=mm&r=g","url":"https:\/\/secure.gravatar.com\/avatar\/a1c72d47914b6ffa21f1246920d5cff572eced8dc7c4ef1b629898b5a8c18fa5?s=96&d=mm&r=g","contentUrl":"https:\/\/secure.gravatar.com\/avatar\/a1c72d47914b6ffa21f1246920d5cff572eced8dc7c4ef1b629898b5a8c18fa5?s=96&d=mm&r=g","caption":"milena"},"url":"https:\/\/qtmm.org\/qt\/author\/milena\/"}]}},"_links":{"self":[{"href":"https:\/\/qtmm.org\/qt\/wp-json\/wp\/v2\/posts\/77920","targetHints":{"allow":["GET"]}}],"collection":[{"href":"https:\/\/qtmm.org\/qt\/wp-json\/wp\/v2\/posts"}],"about":[{"href":"https:\/\/qtmm.org\/qt\/wp-json\/wp\/v2\/types\/post"}],"author":[{"embeddable":true,"href":"https:\/\/qtmm.org\/qt\/wp-json\/wp\/v2\/users\/6"}],"replies":[{"embeddable":true,"href":"https:\/\/qtmm.org\/qt\/wp-json\/wp\/v2\/comments?post=77920"}],"version-history":[{"count":1,"href":"https:\/\/qtmm.org\/qt\/wp-json\/wp\/v2\/posts\/77920\/revisions"}],"predecessor-version":[{"id":77921,"href":"https:\/\/qtmm.org\/qt\/wp-json\/wp\/v2\/posts\/77920\/revisions\/77921"}],"wp:featuredmedia":[{"embeddable":true,"href":"https:\/\/qtmm.org\/qt\/wp-json\/wp\/v2\/media\/77914"}],"wp:attachment":[{"href":"https:\/\/qtmm.org\/qt\/wp-json\/wp\/v2\/media?parent=77920"}],"wp:term":[{"taxonomy":"category","embeddable":true,"href":"https:\/\/qtmm.org\/qt\/wp-json\/wp\/v2\/categories?post=77920"},{"taxonomy":"post_tag","embeddable":true,"href":"https:\/\/qtmm.org\/qt\/wp-json\/wp\/v2\/tags?post=77920"}],"curies":[{"name":"wp","href":"https:\/\/api.w.org\/{rel}","templated":true}]}}