




{"id":77899,"date":"2022-12-26T17:27:50","date_gmt":"2022-12-26T14:27:50","guid":{"rendered":"https:\/\/qtmm.org\/?p=77899"},"modified":"2022-12-26T17:37:07","modified_gmt":"2022-12-26T14:37:07","slug":"budanov-bizim-boluklerimiz-qirimga-silanen-kirecekler","status":"publish","type":"post","link":"https:\/\/qtmm.org\/qt\/budanov-bizim-boluklerimiz-qirimga-silanen-kirecekler\/","title":{"rendered":"Budanov: Bizim b\u00f6l\u00fcklerimiz Q\u0131r\u0131m\u011fa sil\u00e2nen kirecekler"},"content":{"rendered":"\n<p>Mudafaa nazirligini\u00f1 \u0130stihbarat ba\u015f idaresini\u00f1 reberi K\u0131r\u0131lo Budanov bildirdi ki, Ukraina Q\u0131r\u0131mn\u0131 \u00abbir qa\u00e7 usuln\u0131 birle\u015ftirip\u00bb qaytarcaq. <a href=\"http:\/\/(https:\/\/ua.krymr.com\/a\/news-krym-budanov\/32193895.html\">Q\u0131r\u0131m.Aqiqat<\/a> bu aqq\u0131nda yazd\u0131.<\/p>\n\n\n\n<blockquote class=\"wp-block-quote is-layout-flow wp-block-quote-is-layout-flow\"><p><em>&#8211; B\u0130r qa\u00e7 usuln\u0131 birle\u015ftirip, Q\u0131r\u0131mn\u0131 qaytaracaqm\u0131z: em k\u00fc\u00e7, em de diplomatiya vastas\u0131nen. Amma k\u00fc\u00e7 olmadan i\u00e7 bir \u015fey olmaycaq. Bizim b\u00f6l\u00fcklerimiz o yerge sil\u00e2nen kirecekler, <\/em>&#8211; dep Budanov aytt\u0131.<\/p><\/blockquote>\n\n\n\n<p>O inand\u0131rd\u0131 ki, Ukraina b\u00fct\u00fcn \u011fay\u0131p ol\u011fan topraqlar\u0131n\u0131 qaytaracaq.<\/p>\n\n\n\n<blockquote class=\"wp-block-quote is-layout-flow wp-block-quote-is-layout-flow\"><p><em>&#8211; Ukraina, tan\u0131n\u011fan 1991 senesi s\u0131\u00f1\u0131rlarda bir devletttir. Bunen raz\u0131 olma\u011fanlar, Ekinci cian cenki bitken so\u00f1 yarat\u0131l\u011fan d\u00fcnya nizam\u0131nen ve BMTn\u0131\u00f1 ya\u00f1\u0131 qaidelerinen raz\u0131 olmay, <\/em>&#8211; dep qayd etti.<\/p><\/blockquote>\n\n\n\n<p>2023 senesi yaz mevsiminde ne yerge keteyim dep sualge \u0130B\u0130ni\u00f1 reberi \u015fun\u0131 aytt\u0131: \u00abQ\u0131r\u0131m\u011fa ketmege tavsiye etem. Bu, \u00e7oqtan ukrain turistlerini beklegen Ukrainan\u0131\u00f1 incisidir\u00bb.<\/p>\n\n\n\n<p>Okt\u00e2br ay\u0131n\u0131\u00f1 1-inde ukrain arbiy istihbarat\u0131n\u0131\u00f1 ba\u015f\u0131 bildirdi ki, 2023 senesi baar mevsimini\u00f1 so\u00f1una qadar Ukraina Sil\u00e2l\u0131 Quvetleri Q\u0131r\u0131m\u011fa kirecek.<\/p>\n","protected":false},"excerpt":{"rendered":"<p>Mudafaa nazirligini\u00f1 \u0130stihbarat ba\u015f idaresini\u00f1 reberi K\u0131r\u0131lo Budanov bildirdi ki, Ukraina Q\u0131r\u0131mn\u0131 \u00abbir qa\u00e7 usuln\u0131 birle\u015ftirip\u00bb qaytarcaq. Q\u0131r\u0131m.Aqiqat bu aqq\u0131nda yazd\u0131. &#8211; B\u0130r qa\u00e7 usuln\u0131 birle\u015ftirip, Q\u0131r\u0131mn\u0131 qaytaracaqm\u0131z: em k\u00fc\u00e7, em de diplomatiya vastas\u0131nen. Amma k\u00fc\u00e7 olmadan i\u00e7 bir \u015fey olmaycaq. Bizim b\u00f6l\u00fcklerimiz o yerge sil\u00e2nen kirecekler, &#8211; dep Budanov aytt\u0131. O inand\u0131rd\u0131 ki, Ukraina [&hellip;]<\/p>\n","protected":false},"author":6,"featured_media":77905,"comment_status":"open","ping_status":"open","sticky":false,"template":"","format":"standard","meta":{"inline_featured_image":false,"footnotes":""},"categories":[265],"tags":[],"class_list":["post-77899","post","type-post","status-publish","format-standard","has-post-thumbnail","hentry","category-haberler"],"acf":[],"yoast_head":"<!-- This site is optimized with the Yoast SEO plugin v27.4 - https:\/\/yoast.com\/product\/yoast-seo-wordpress\/ -->\n<title>Budanov: Bizim b\u00f6l\u00fcklerimiz Q\u0131r\u0131m\u011fa sil\u00e2nen kirecekler - \u041c\u0435\u0434\u0436\u043b\u0456\u0441<\/title>\n<meta name=\"robots\" content=\"index, follow, max-snippet:-1, max-image-preview:large, max-video-preview:-1\" \/>\n<link rel=\"canonical\" href=\"https:\/\/qtmm.org\/qt\/budanov-bizim-boluklerimiz-qirimga-silanen-kirecekler\/\" \/>\n<meta property=\"og:locale\" content=\"en_US\" \/>\n<meta property=\"og:type\" content=\"article\" \/>\n<meta property=\"og:title\" content=\"Budanov: Bizim b\u00f6l\u00fcklerimiz Q\u0131r\u0131m\u011fa sil\u00e2nen kirecekler - \u041c\u0435\u0434\u0436\u043b\u0456\u0441\" \/>\n<meta property=\"og:description\" content=\"Mudafaa nazirligini\u00f1 \u0130stihbarat ba\u015f idaresini\u00f1 reberi K\u0131r\u0131lo Budanov bildirdi ki, Ukraina Q\u0131r\u0131mn\u0131 \u00abbir qa\u00e7 usuln\u0131 birle\u015ftirip\u00bb qaytarcaq. Q\u0131r\u0131m.Aqiqat bu aqq\u0131nda yazd\u0131. &#8211; B\u0130r qa\u00e7 usuln\u0131 birle\u015ftirip, Q\u0131r\u0131mn\u0131 qaytaracaqm\u0131z: em k\u00fc\u00e7, em de diplomatiya vastas\u0131nen. Amma k\u00fc\u00e7 olmadan i\u00e7 bir \u015fey olmaycaq. Bizim b\u00f6l\u00fcklerimiz o yerge sil\u00e2nen kirecekler, &#8211; dep Budanov aytt\u0131. O inand\u0131rd\u0131 ki, Ukraina [&hellip;]\" \/>\n<meta property=\"og:url\" content=\"https:\/\/qtmm.org\/qt\/budanov-bizim-boluklerimiz-qirimga-silanen-kirecekler\/\" \/>\n<meta property=\"og:site_name\" content=\"\u041c\u0435\u0434\u0436\u043b\u0456\u0441\" \/>\n<meta property=\"article:publisher\" content=\"https:\/\/www.facebook.com\/qtmm.info\/\" \/>\n<meta property=\"article:published_time\" content=\"2022-12-26T14:27:50+00:00\" \/>\n<meta property=\"article:modified_time\" content=\"2022-12-26T14:37:07+00:00\" \/>\n<meta property=\"og:image\" content=\"https:\/\/qtmm.org\/wp-content\/uploads\/2022\/12\/kyrylo-budanov.jpg\" \/>\n\t<meta property=\"og:image:width\" content=\"1680\" \/>\n\t<meta property=\"og:image:height\" content=\"1120\" \/>\n\t<meta property=\"og:image:type\" content=\"image\/jpeg\" \/>\n<meta name=\"author\" content=\"milena\" \/>\n<meta name=\"twitter:card\" content=\"summary_large_image\" \/>\n<meta name=\"twitter:label1\" content=\"Written by\" \/>\n\t<meta name=\"twitter:data1\" content=\"milena\" \/>\n\t<meta name=\"twitter:label2\" content=\"Est. reading time\" \/>\n\t<meta name=\"twitter:data2\" content=\"1 minute\" \/>\n<script type=\"application\/ld+json\" class=\"yoast-schema-graph\">{\"@context\":\"https:\\\/\\\/schema.org\",\"@graph\":[{\"@type\":\"Article\",\"@id\":\"https:\\\/\\\/qtmm.org\\\/qt\\\/budanov-bizim-boluklerimiz-qirimga-silanen-kirecekler\\\/#article\",\"isPartOf\":{\"@id\":\"https:\\\/\\\/qtmm.org\\\/qt\\\/budanov-bizim-boluklerimiz-qirimga-silanen-kirecekler\\\/\"},\"author\":{\"name\":\"milena\",\"@id\":\"https:\\\/\\\/qtmm.org\\\/qt\\\/#\\\/schema\\\/person\\\/e19a16971e1d6077c60771108a0c2eb1\"},\"headline\":\"Budanov: Bizim b\u00f6l\u00fcklerimiz Q\u0131r\u0131m\u011fa sil\u00e2nen kirecekler\",\"datePublished\":\"2022-12-26T14:27:50+00:00\",\"dateModified\":\"2022-12-26T14:37:07+00:00\",\"mainEntityOfPage\":{\"@id\":\"https:\\\/\\\/qtmm.org\\\/qt\\\/budanov-bizim-boluklerimiz-qirimga-silanen-kirecekler\\\/\"},\"wordCount\":186,\"commentCount\":0,\"publisher\":{\"@id\":\"https:\\\/\\\/qtmm.org\\\/qt\\\/#organization\"},\"image\":{\"@id\":\"https:\\\/\\\/qtmm.org\\\/qt\\\/budanov-bizim-boluklerimiz-qirimga-silanen-kirecekler\\\/#primaryimage\"},\"thumbnailUrl\":\"https:\\\/\\\/qtmm.org\\\/wp-content\\\/uploads\\\/2022\\\/12\\\/kyrylo-budanov.jpg\",\"articleSection\":[\"Haberler\"],\"inLanguage\":\"qt\",\"potentialAction\":[{\"@type\":\"CommentAction\",\"name\":\"Comment\",\"target\":[\"https:\\\/\\\/qtmm.org\\\/qt\\\/budanov-bizim-boluklerimiz-qirimga-silanen-kirecekler\\\/#respond\"]}]},{\"@type\":\"WebPage\",\"@id\":\"https:\\\/\\\/qtmm.org\\\/qt\\\/budanov-bizim-boluklerimiz-qirimga-silanen-kirecekler\\\/\",\"url\":\"https:\\\/\\\/qtmm.org\\\/qt\\\/budanov-bizim-boluklerimiz-qirimga-silanen-kirecekler\\\/\",\"name\":\"Budanov: Bizim b\u00f6l\u00fcklerimiz Q\u0131r\u0131m\u011fa sil\u00e2nen kirecekler - \u041c\u0435\u0434\u0436\u043b\u0456\u0441\",\"isPartOf\":{\"@id\":\"https:\\\/\\\/qtmm.org\\\/qt\\\/#website\"},\"primaryImageOfPage\":{\"@id\":\"https:\\\/\\\/qtmm.org\\\/qt\\\/budanov-bizim-boluklerimiz-qirimga-silanen-kirecekler\\\/#primaryimage\"},\"image\":{\"@id\":\"https:\\\/\\\/qtmm.org\\\/qt\\\/budanov-bizim-boluklerimiz-qirimga-silanen-kirecekler\\\/#primaryimage\"},\"thumbnailUrl\":\"https:\\\/\\\/qtmm.org\\\/wp-content\\\/uploads\\\/2022\\\/12\\\/kyrylo-budanov.jpg\",\"datePublished\":\"2022-12-26T14:27:50+00:00\",\"dateModified\":\"2022-12-26T14:37:07+00:00\",\"breadcrumb\":{\"@id\":\"https:\\\/\\\/qtmm.org\\\/qt\\\/budanov-bizim-boluklerimiz-qirimga-silanen-kirecekler\\\/#breadcrumb\"},\"inLanguage\":\"qt\",\"potentialAction\":[{\"@type\":\"ReadAction\",\"target\":[\"https:\\\/\\\/qtmm.org\\\/qt\\\/budanov-bizim-boluklerimiz-qirimga-silanen-kirecekler\\\/\"]}]},{\"@type\":\"ImageObject\",\"inLanguage\":\"qt\",\"@id\":\"https:\\\/\\\/qtmm.org\\\/qt\\\/budanov-bizim-boluklerimiz-qirimga-silanen-kirecekler\\\/#primaryimage\",\"url\":\"https:\\\/\\\/qtmm.org\\\/wp-content\\\/uploads\\\/2022\\\/12\\\/kyrylo-budanov.jpg\",\"contentUrl\":\"https:\\\/\\\/qtmm.org\\\/wp-content\\\/uploads\\\/2022\\\/12\\\/kyrylo-budanov.jpg\",\"width\":1680,\"height\":1120},{\"@type\":\"BreadcrumbList\",\"@id\":\"https:\\\/\\\/qtmm.org\\\/qt\\\/budanov-bizim-boluklerimiz-qirimga-silanen-kirecekler\\\/#breadcrumb\",\"itemListElement\":[{\"@type\":\"ListItem\",\"position\":1,\"name\":\"\u0413\u043e\u043b\u043e\u0432\u043d\u0430\",\"item\":\"https:\\\/\\\/qtmm.org\\\/qt\\\/\"},{\"@type\":\"ListItem\",\"position\":2,\"name\":\"Budanov: Bizim b\u00f6l\u00fcklerimiz Q\u0131r\u0131m\u011fa sil\u00e2nen kirecekler\"}]},{\"@type\":\"WebSite\",\"@id\":\"https:\\\/\\\/qtmm.org\\\/qt\\\/#website\",\"url\":\"https:\\\/\\\/qtmm.org\\\/qt\\\/\",\"name\":\"\u041c\u0435\u0434\u0436\u043b\u0456\u0441\",\"description\":\"\",\"publisher\":{\"@id\":\"https:\\\/\\\/qtmm.org\\\/qt\\\/#organization\"},\"potentialAction\":[{\"@type\":\"SearchAction\",\"target\":{\"@type\":\"EntryPoint\",\"urlTemplate\":\"https:\\\/\\\/qtmm.org\\\/qt\\\/?s={search_term_string}\"},\"query-input\":{\"@type\":\"PropertyValueSpecification\",\"valueRequired\":true,\"valueName\":\"search_term_string\"}}],\"inLanguage\":\"qt\"},{\"@type\":\"Organization\",\"@id\":\"https:\\\/\\\/qtmm.org\\\/qt\\\/#organization\",\"name\":\"\u041c\u0435\u0434\u0436\u043b\u0456\u0441\",\"url\":\"https:\\\/\\\/qtmm.org\\\/qt\\\/\",\"logo\":{\"@type\":\"ImageObject\",\"inLanguage\":\"qt\",\"@id\":\"https:\\\/\\\/qtmm.org\\\/qt\\\/#\\\/schema\\\/logo\\\/image\\\/\",\"url\":\"https:\\\/\\\/qtmm.org\\\/wp-content\\\/uploads\\\/2024\\\/12\\\/ua-mejlis-logo-rgb.svg\",\"contentUrl\":\"https:\\\/\\\/qtmm.org\\\/wp-content\\\/uploads\\\/2024\\\/12\\\/ua-mejlis-logo-rgb.svg\",\"caption\":\"\u041c\u0435\u0434\u0436\u043b\u0456\u0441\"},\"image\":{\"@id\":\"https:\\\/\\\/qtmm.org\\\/qt\\\/#\\\/schema\\\/logo\\\/image\\\/\"},\"sameAs\":[\"https:\\\/\\\/www.facebook.com\\\/qtmm.info\\\/\"]},{\"@type\":\"Person\",\"@id\":\"https:\\\/\\\/qtmm.org\\\/qt\\\/#\\\/schema\\\/person\\\/e19a16971e1d6077c60771108a0c2eb1\",\"name\":\"milena\",\"image\":{\"@type\":\"ImageObject\",\"inLanguage\":\"qt\",\"@id\":\"https:\\\/\\\/secure.gravatar.com\\\/avatar\\\/a1c72d47914b6ffa21f1246920d5cff572eced8dc7c4ef1b629898b5a8c18fa5?s=96&d=mm&r=g\",\"url\":\"https:\\\/\\\/secure.gravatar.com\\\/avatar\\\/a1c72d47914b6ffa21f1246920d5cff572eced8dc7c4ef1b629898b5a8c18fa5?s=96&d=mm&r=g\",\"contentUrl\":\"https:\\\/\\\/secure.gravatar.com\\\/avatar\\\/a1c72d47914b6ffa21f1246920d5cff572eced8dc7c4ef1b629898b5a8c18fa5?s=96&d=mm&r=g\",\"caption\":\"milena\"},\"url\":\"https:\\\/\\\/qtmm.org\\\/qt\\\/author\\\/milena\\\/\"}]}<\/script>\n<!-- \/ Yoast SEO plugin. -->","yoast_head_json":{"title":"Budanov: Bizim b\u00f6l\u00fcklerimiz Q\u0131r\u0131m\u011fa sil\u00e2nen kirecekler - \u041c\u0435\u0434\u0436\u043b\u0456\u0441","robots":{"index":"index","follow":"follow","max-snippet":"max-snippet:-1","max-image-preview":"max-image-preview:large","max-video-preview":"max-video-preview:-1"},"canonical":"https:\/\/qtmm.org\/qt\/budanov-bizim-boluklerimiz-qirimga-silanen-kirecekler\/","og_locale":"en_US","og_type":"article","og_title":"Budanov: Bizim b\u00f6l\u00fcklerimiz Q\u0131r\u0131m\u011fa sil\u00e2nen kirecekler - \u041c\u0435\u0434\u0436\u043b\u0456\u0441","og_description":"Mudafaa nazirligini\u00f1 \u0130stihbarat ba\u015f idaresini\u00f1 reberi K\u0131r\u0131lo Budanov bildirdi ki, Ukraina Q\u0131r\u0131mn\u0131 \u00abbir qa\u00e7 usuln\u0131 birle\u015ftirip\u00bb qaytarcaq. Q\u0131r\u0131m.Aqiqat bu aqq\u0131nda yazd\u0131. &#8211; B\u0130r qa\u00e7 usuln\u0131 birle\u015ftirip, Q\u0131r\u0131mn\u0131 qaytaracaqm\u0131z: em k\u00fc\u00e7, em de diplomatiya vastas\u0131nen. Amma k\u00fc\u00e7 olmadan i\u00e7 bir \u015fey olmaycaq. Bizim b\u00f6l\u00fcklerimiz o yerge sil\u00e2nen kirecekler, &#8211; dep Budanov aytt\u0131. O inand\u0131rd\u0131 ki, Ukraina [&hellip;]","og_url":"https:\/\/qtmm.org\/qt\/budanov-bizim-boluklerimiz-qirimga-silanen-kirecekler\/","og_site_name":"\u041c\u0435\u0434\u0436\u043b\u0456\u0441","article_publisher":"https:\/\/www.facebook.com\/qtmm.info\/","article_published_time":"2022-12-26T14:27:50+00:00","article_modified_time":"2022-12-26T14:37:07+00:00","og_image":[{"width":1680,"height":1120,"url":"https:\/\/qtmm.org\/wp-content\/uploads\/2022\/12\/kyrylo-budanov.jpg","type":"image\/jpeg"}],"author":"milena","twitter_card":"summary_large_image","twitter_misc":{"Written by":"milena","Est. reading time":"1 minute"},"schema":{"@context":"https:\/\/schema.org","@graph":[{"@type":"Article","@id":"https:\/\/qtmm.org\/qt\/budanov-bizim-boluklerimiz-qirimga-silanen-kirecekler\/#article","isPartOf":{"@id":"https:\/\/qtmm.org\/qt\/budanov-bizim-boluklerimiz-qirimga-silanen-kirecekler\/"},"author":{"name":"milena","@id":"https:\/\/qtmm.org\/qt\/#\/schema\/person\/e19a16971e1d6077c60771108a0c2eb1"},"headline":"Budanov: Bizim b\u00f6l\u00fcklerimiz Q\u0131r\u0131m\u011fa sil\u00e2nen kirecekler","datePublished":"2022-12-26T14:27:50+00:00","dateModified":"2022-12-26T14:37:07+00:00","mainEntityOfPage":{"@id":"https:\/\/qtmm.org\/qt\/budanov-bizim-boluklerimiz-qirimga-silanen-kirecekler\/"},"wordCount":186,"commentCount":0,"publisher":{"@id":"https:\/\/qtmm.org\/qt\/#organization"},"image":{"@id":"https:\/\/qtmm.org\/qt\/budanov-bizim-boluklerimiz-qirimga-silanen-kirecekler\/#primaryimage"},"thumbnailUrl":"https:\/\/qtmm.org\/wp-content\/uploads\/2022\/12\/kyrylo-budanov.jpg","articleSection":["Haberler"],"inLanguage":"qt","potentialAction":[{"@type":"CommentAction","name":"Comment","target":["https:\/\/qtmm.org\/qt\/budanov-bizim-boluklerimiz-qirimga-silanen-kirecekler\/#respond"]}]},{"@type":"WebPage","@id":"https:\/\/qtmm.org\/qt\/budanov-bizim-boluklerimiz-qirimga-silanen-kirecekler\/","url":"https:\/\/qtmm.org\/qt\/budanov-bizim-boluklerimiz-qirimga-silanen-kirecekler\/","name":"Budanov: Bizim b\u00f6l\u00fcklerimiz Q\u0131r\u0131m\u011fa sil\u00e2nen kirecekler - \u041c\u0435\u0434\u0436\u043b\u0456\u0441","isPartOf":{"@id":"https:\/\/qtmm.org\/qt\/#website"},"primaryImageOfPage":{"@id":"https:\/\/qtmm.org\/qt\/budanov-bizim-boluklerimiz-qirimga-silanen-kirecekler\/#primaryimage"},"image":{"@id":"https:\/\/qtmm.org\/qt\/budanov-bizim-boluklerimiz-qirimga-silanen-kirecekler\/#primaryimage"},"thumbnailUrl":"https:\/\/qtmm.org\/wp-content\/uploads\/2022\/12\/kyrylo-budanov.jpg","datePublished":"2022-12-26T14:27:50+00:00","dateModified":"2022-12-26T14:37:07+00:00","breadcrumb":{"@id":"https:\/\/qtmm.org\/qt\/budanov-bizim-boluklerimiz-qirimga-silanen-kirecekler\/#breadcrumb"},"inLanguage":"qt","potentialAction":[{"@type":"ReadAction","target":["https:\/\/qtmm.org\/qt\/budanov-bizim-boluklerimiz-qirimga-silanen-kirecekler\/"]}]},{"@type":"ImageObject","inLanguage":"qt","@id":"https:\/\/qtmm.org\/qt\/budanov-bizim-boluklerimiz-qirimga-silanen-kirecekler\/#primaryimage","url":"https:\/\/qtmm.org\/wp-content\/uploads\/2022\/12\/kyrylo-budanov.jpg","contentUrl":"https:\/\/qtmm.org\/wp-content\/uploads\/2022\/12\/kyrylo-budanov.jpg","width":1680,"height":1120},{"@type":"BreadcrumbList","@id":"https:\/\/qtmm.org\/qt\/budanov-bizim-boluklerimiz-qirimga-silanen-kirecekler\/#breadcrumb","itemListElement":[{"@type":"ListItem","position":1,"name":"\u0413\u043e\u043b\u043e\u0432\u043d\u0430","item":"https:\/\/qtmm.org\/qt\/"},{"@type":"ListItem","position":2,"name":"Budanov: Bizim b\u00f6l\u00fcklerimiz Q\u0131r\u0131m\u011fa sil\u00e2nen kirecekler"}]},{"@type":"WebSite","@id":"https:\/\/qtmm.org\/qt\/#website","url":"https:\/\/qtmm.org\/qt\/","name":"\u041c\u0435\u0434\u0436\u043b\u0456\u0441","description":"","publisher":{"@id":"https:\/\/qtmm.org\/qt\/#organization"},"potentialAction":[{"@type":"SearchAction","target":{"@type":"EntryPoint","urlTemplate":"https:\/\/qtmm.org\/qt\/?s={search_term_string}"},"query-input":{"@type":"PropertyValueSpecification","valueRequired":true,"valueName":"search_term_string"}}],"inLanguage":"qt"},{"@type":"Organization","@id":"https:\/\/qtmm.org\/qt\/#organization","name":"\u041c\u0435\u0434\u0436\u043b\u0456\u0441","url":"https:\/\/qtmm.org\/qt\/","logo":{"@type":"ImageObject","inLanguage":"qt","@id":"https:\/\/qtmm.org\/qt\/#\/schema\/logo\/image\/","url":"https:\/\/qtmm.org\/wp-content\/uploads\/2024\/12\/ua-mejlis-logo-rgb.svg","contentUrl":"https:\/\/qtmm.org\/wp-content\/uploads\/2024\/12\/ua-mejlis-logo-rgb.svg","caption":"\u041c\u0435\u0434\u0436\u043b\u0456\u0441"},"image":{"@id":"https:\/\/qtmm.org\/qt\/#\/schema\/logo\/image\/"},"sameAs":["https:\/\/www.facebook.com\/qtmm.info\/"]},{"@type":"Person","@id":"https:\/\/qtmm.org\/qt\/#\/schema\/person\/e19a16971e1d6077c60771108a0c2eb1","name":"milena","image":{"@type":"ImageObject","inLanguage":"qt","@id":"https:\/\/secure.gravatar.com\/avatar\/a1c72d47914b6ffa21f1246920d5cff572eced8dc7c4ef1b629898b5a8c18fa5?s=96&d=mm&r=g","url":"https:\/\/secure.gravatar.com\/avatar\/a1c72d47914b6ffa21f1246920d5cff572eced8dc7c4ef1b629898b5a8c18fa5?s=96&d=mm&r=g","contentUrl":"https:\/\/secure.gravatar.com\/avatar\/a1c72d47914b6ffa21f1246920d5cff572eced8dc7c4ef1b629898b5a8c18fa5?s=96&d=mm&r=g","caption":"milena"},"url":"https:\/\/qtmm.org\/qt\/author\/milena\/"}]}},"_links":{"self":[{"href":"https:\/\/qtmm.org\/qt\/wp-json\/wp\/v2\/posts\/77899","targetHints":{"allow":["GET"]}}],"collection":[{"href":"https:\/\/qtmm.org\/qt\/wp-json\/wp\/v2\/posts"}],"about":[{"href":"https:\/\/qtmm.org\/qt\/wp-json\/wp\/v2\/types\/post"}],"author":[{"embeddable":true,"href":"https:\/\/qtmm.org\/qt\/wp-json\/wp\/v2\/users\/6"}],"replies":[{"embeddable":true,"href":"https:\/\/qtmm.org\/qt\/wp-json\/wp\/v2\/comments?post=77899"}],"version-history":[{"count":2,"href":"https:\/\/qtmm.org\/qt\/wp-json\/wp\/v2\/posts\/77899\/revisions"}],"predecessor-version":[{"id":77901,"href":"https:\/\/qtmm.org\/qt\/wp-json\/wp\/v2\/posts\/77899\/revisions\/77901"}],"wp:featuredmedia":[{"embeddable":true,"href":"https:\/\/qtmm.org\/qt\/wp-json\/wp\/v2\/media\/77905"}],"wp:attachment":[{"href":"https:\/\/qtmm.org\/qt\/wp-json\/wp\/v2\/media?parent=77899"}],"wp:term":[{"taxonomy":"category","embeddable":true,"href":"https:\/\/qtmm.org\/qt\/wp-json\/wp\/v2\/categories?post=77899"},{"taxonomy":"post_tag","embeddable":true,"href":"https:\/\/qtmm.org\/qt\/wp-json\/wp\/v2\/tags?post=77899"}],"curies":[{"name":"wp","href":"https:\/\/api.w.org\/{rel}","templated":true}]}}