




{"id":77871,"date":"2022-12-22T17:00:44","date_gmt":"2022-12-22T14:00:44","guid":{"rendered":"https:\/\/qtmm.org\/?p=77871"},"modified":"2022-12-22T17:00:47","modified_gmt":"2022-12-22T14:00:47","slug":"zelenskiy-aqs-kongressinde-ciqis-yapti","status":"publish","type":"post","link":"https:\/\/qtmm.org\/qt\/zelenskiy-aqs-kongressinde-ciqis-yapti\/","title":{"rendered":"Zelensk\u0131y AQ\u015e Kongressinde \u00e7\u0131q\u0131\u015f yapt\u0131"},"content":{"rendered":"\n<p>Kelecek sene, Rusiyeni\u00f1 Ukraina\u011fa qar\u015f\u0131 cenkinde al etici olacaq, dep AQ\u015e Kongressinde \u00e7\u0131q\u0131\u015f yapqanda Ukraina prezidenti Volod\u0131m\u0131r Zelensk\u0131y bildirdi. <a href=\"https:\/\/ua.krymr.com\/a\/news-zelenskyi-konhres\/32188694.html\">Q\u0131r\u0131m.Aqiqat<\/a> bu aqq\u0131nda haber berdi.<\/p>\n\n\n\n<blockquote class=\"wp-block-quote is-layout-flow wp-block-quote-is-layout-flow\"><p><em>&#8211; Kelecek sene &#8211; anda al etici vaq\u0131t olacaq. Ukrain cesareti ve amerika azimk\u00e2rl\u0131\u011f\u0131n\u0131\u00f1 bizim serbestligimizni\u00f1 kelecegini kefil olmal\u0131 olaca\u011f\u0131 vaq\u0131t. \u00d6z q\u0131ymetleri i\u00e7\u00fcn cenkle\u015fken insanlarn\u0131\u00f1 serbestligi,<\/em> &#8211; dep prezident aytt\u0131.<\/p><\/blockquote>\n\n\n\n<p>On\u0131\u00f1 s\u00f6zlerine k\u00f6re, Rusiye &#8220;istese&#8221;, bu tecavuzn\u0131 toqtata bilir.<\/p>\n\n\n\n<blockquote class=\"wp-block-quote is-layout-flow wp-block-quote-is-layout-flow\"><p><em>&#8211; Amma siz bizim \u011falebemizni yaq\u0131nla\u015ft\u0131ra bilirsi\u00f1iz, men bun\u0131 bilem. Ve o, ola bilecek er bir tecavuz\u011fa k\u00f6sterecek ki, kimse bizim halq\u0131m\u0131zn\u0131\u00f1 s\u0131\u00f1\u0131rlar\u0131n\u0131 asla bozamaycaq, canavarl\u0131q yapamaycaq ve insanlarn\u0131\u00f1 istegine baqmadan olarn\u0131 kontrol etemeycek. Tecavuzc\u0131 bir devlet olma\u011fa begengen Rusiyeden bar\u0131\u015f\u0131qqa ad\u0131mlar\u0131n\u0131 beklemek manas\u0131zd\u0131r. Rusl\u0131lar Kreml hastal\u0131\u011f\u0131n\u0131 al\u00e2 daa \u00e7ekeler,<\/em> &#8211; dep Zelensk\u0131y qayd etti.<\/p><\/blockquote>\n\n\n\n<p>O qo\u015ft\u0131 ki, AQ\u015en\u0131\u00f1 prezidentinen k\u00f6r\u00fc\u015f\u00fcv vaqt\u0131nda ukrain &#8220;bar\u0131\u015f\u0131q formulas\u0131&#8221;n\u0131 muzakere etti ve Co Bayden bu te\u015febb\u00fcsni destek etti.<\/p>\n\n\n\n<p>Zelensk\u0131y qayd etti ki, &#8220;Rusiyeni tecavuz\u0131n\u0131 ne qadar y\u0131q\u0131l\u0131c\u0131 ol\u011fan\u0131n\u0131 duydurmaq i\u00e7\u00fcn&#8221; AQ\u015e sanktsiyalar\u0131n\u0131 quvetle\u015ftire bilir.<\/p>\n\n\n\n<blockquote class=\"wp-block-quote is-layout-flow wp-block-quote-is-layout-flow\"><p><em>&#8211; Siz bizge, bu sebepsiz ve qanuns\u0131z cenkni ba\u015flatqan er kesni mes\u00fcliyetke \u00e7ekmege yard\u0131m ete bilirsi\u00f1iz. Bun\u0131 yapay\u0131q! Tecavuzc\u0131 bir devlet terror ve tecavuz i\u00e7\u00fcn cevapk\u00e2r ols\u0131n ve cenk neticesinde zararn\u0131 \u00f6desin. D\u00fcnya, Amerika Qo\u015fma \u015etatlar\u0131n\u0131\u00f1 m\u0131nda olmas\u0131n\u0131 k\u00f6rsin, bilsin!, <\/em>&#8211; dep Zelensk\u0131y aytt\u0131.<\/p><\/blockquote>\n","protected":false},"excerpt":{"rendered":"<p>Kelecek sene, Rusiyeni\u00f1 Ukraina\u011fa qar\u015f\u0131 cenkinde al etici olacaq, dep AQ\u015e Kongressinde \u00e7\u0131q\u0131\u015f yapqanda Ukraina prezidenti Volod\u0131m\u0131r Zelensk\u0131y bildirdi. Q\u0131r\u0131m.Aqiqat bu aqq\u0131nda haber berdi. &#8211; Kelecek sene &#8211; anda al etici vaq\u0131t olacaq. Ukrain cesareti ve amerika azimk\u00e2rl\u0131\u011f\u0131n\u0131\u00f1 bizim serbestligimizni\u00f1 kelecegini kefil olmal\u0131 olaca\u011f\u0131 vaq\u0131t. \u00d6z q\u0131ymetleri i\u00e7\u00fcn cenkle\u015fken insanlarn\u0131\u00f1 serbestligi, &#8211; dep prezident aytt\u0131. [&hellip;]<\/p>\n","protected":false},"author":6,"featured_media":77861,"comment_status":"open","ping_status":"open","sticky":false,"template":"","format":"standard","meta":{"inline_featured_image":false,"footnotes":""},"categories":[265],"tags":[],"class_list":["post-77871","post","type-post","status-publish","format-standard","has-post-thumbnail","hentry","category-haberler"],"acf":[],"yoast_head":"<!-- This site is optimized with the Yoast SEO plugin v27.4 - https:\/\/yoast.com\/product\/yoast-seo-wordpress\/ -->\n<title>Zelensk\u0131y AQ\u015e Kongressinde \u00e7\u0131q\u0131\u015f yapt\u0131 - \u041c\u0435\u0434\u0436\u043b\u0456\u0441<\/title>\n<meta name=\"robots\" content=\"index, follow, max-snippet:-1, max-image-preview:large, max-video-preview:-1\" \/>\n<link rel=\"canonical\" href=\"https:\/\/qtmm.org\/qt\/zelenskiy-aqs-kongressinde-ciqis-yapti\/\" \/>\n<meta property=\"og:locale\" content=\"en_US\" \/>\n<meta property=\"og:type\" content=\"article\" \/>\n<meta property=\"og:title\" content=\"Zelensk\u0131y AQ\u015e Kongressinde \u00e7\u0131q\u0131\u015f yapt\u0131 - \u041c\u0435\u0434\u0436\u043b\u0456\u0441\" \/>\n<meta property=\"og:description\" content=\"Kelecek sene, Rusiyeni\u00f1 Ukraina\u011fa qar\u015f\u0131 cenkinde al etici olacaq, dep AQ\u015e Kongressinde \u00e7\u0131q\u0131\u015f yapqanda Ukraina prezidenti Volod\u0131m\u0131r Zelensk\u0131y bildirdi. Q\u0131r\u0131m.Aqiqat bu aqq\u0131nda haber berdi. &#8211; Kelecek sene &#8211; anda al etici vaq\u0131t olacaq. Ukrain cesareti ve amerika azimk\u00e2rl\u0131\u011f\u0131n\u0131\u00f1 bizim serbestligimizni\u00f1 kelecegini kefil olmal\u0131 olaca\u011f\u0131 vaq\u0131t. \u00d6z q\u0131ymetleri i\u00e7\u00fcn cenkle\u015fken insanlarn\u0131\u00f1 serbestligi, &#8211; dep prezident aytt\u0131. [&hellip;]\" \/>\n<meta property=\"og:url\" content=\"https:\/\/qtmm.org\/qt\/zelenskiy-aqs-kongressinde-ciqis-yapti\/\" \/>\n<meta property=\"og:site_name\" content=\"\u041c\u0435\u0434\u0436\u043b\u0456\u0441\" \/>\n<meta property=\"article:publisher\" content=\"https:\/\/www.facebook.com\/qtmm.info\/\" \/>\n<meta property=\"article:published_time\" content=\"2022-12-22T14:00:44+00:00\" \/>\n<meta property=\"article:modified_time\" content=\"2022-12-22T14:00:47+00:00\" \/>\n<meta property=\"og:image\" content=\"https:\/\/qtmm.org\/wp-content\/uploads\/2022\/12\/128097881_gettyimages-1451205798.jpg\" \/>\n\t<meta property=\"og:image:width\" content=\"800\" \/>\n\t<meta property=\"og:image:height\" content=\"450\" \/>\n\t<meta property=\"og:image:type\" content=\"image\/jpeg\" \/>\n<meta name=\"author\" content=\"milena\" \/>\n<meta name=\"twitter:card\" content=\"summary_large_image\" \/>\n<meta name=\"twitter:label1\" content=\"Written by\" \/>\n\t<meta name=\"twitter:data1\" content=\"milena\" \/>\n\t<meta name=\"twitter:label2\" content=\"Est. reading time\" \/>\n\t<meta name=\"twitter:data2\" content=\"2 minutes\" \/>\n<script type=\"application\/ld+json\" class=\"yoast-schema-graph\">{\"@context\":\"https:\\\/\\\/schema.org\",\"@graph\":[{\"@type\":\"Article\",\"@id\":\"https:\\\/\\\/qtmm.org\\\/qt\\\/zelenskiy-aqs-kongressinde-ciqis-yapti\\\/#article\",\"isPartOf\":{\"@id\":\"https:\\\/\\\/qtmm.org\\\/qt\\\/zelenskiy-aqs-kongressinde-ciqis-yapti\\\/\"},\"author\":{\"name\":\"milena\",\"@id\":\"https:\\\/\\\/qtmm.org\\\/qt\\\/#\\\/schema\\\/person\\\/e19a16971e1d6077c60771108a0c2eb1\"},\"headline\":\"Zelensk\u0131y AQ\u015e Kongressinde \u00e7\u0131q\u0131\u015f yapt\u0131\",\"datePublished\":\"2022-12-22T14:00:44+00:00\",\"dateModified\":\"2022-12-22T14:00:47+00:00\",\"mainEntityOfPage\":{\"@id\":\"https:\\\/\\\/qtmm.org\\\/qt\\\/zelenskiy-aqs-kongressinde-ciqis-yapti\\\/\"},\"wordCount\":276,\"commentCount\":0,\"publisher\":{\"@id\":\"https:\\\/\\\/qtmm.org\\\/qt\\\/#organization\"},\"image\":{\"@id\":\"https:\\\/\\\/qtmm.org\\\/qt\\\/zelenskiy-aqs-kongressinde-ciqis-yapti\\\/#primaryimage\"},\"thumbnailUrl\":\"https:\\\/\\\/qtmm.org\\\/wp-content\\\/uploads\\\/2022\\\/12\\\/128097881_gettyimages-1451205798.jpg\",\"articleSection\":[\"Haberler\"],\"inLanguage\":\"qt\",\"potentialAction\":[{\"@type\":\"CommentAction\",\"name\":\"Comment\",\"target\":[\"https:\\\/\\\/qtmm.org\\\/qt\\\/zelenskiy-aqs-kongressinde-ciqis-yapti\\\/#respond\"]}]},{\"@type\":\"WebPage\",\"@id\":\"https:\\\/\\\/qtmm.org\\\/qt\\\/zelenskiy-aqs-kongressinde-ciqis-yapti\\\/\",\"url\":\"https:\\\/\\\/qtmm.org\\\/qt\\\/zelenskiy-aqs-kongressinde-ciqis-yapti\\\/\",\"name\":\"Zelensk\u0131y AQ\u015e Kongressinde \u00e7\u0131q\u0131\u015f yapt\u0131 - \u041c\u0435\u0434\u0436\u043b\u0456\u0441\",\"isPartOf\":{\"@id\":\"https:\\\/\\\/qtmm.org\\\/qt\\\/#website\"},\"primaryImageOfPage\":{\"@id\":\"https:\\\/\\\/qtmm.org\\\/qt\\\/zelenskiy-aqs-kongressinde-ciqis-yapti\\\/#primaryimage\"},\"image\":{\"@id\":\"https:\\\/\\\/qtmm.org\\\/qt\\\/zelenskiy-aqs-kongressinde-ciqis-yapti\\\/#primaryimage\"},\"thumbnailUrl\":\"https:\\\/\\\/qtmm.org\\\/wp-content\\\/uploads\\\/2022\\\/12\\\/128097881_gettyimages-1451205798.jpg\",\"datePublished\":\"2022-12-22T14:00:44+00:00\",\"dateModified\":\"2022-12-22T14:00:47+00:00\",\"breadcrumb\":{\"@id\":\"https:\\\/\\\/qtmm.org\\\/qt\\\/zelenskiy-aqs-kongressinde-ciqis-yapti\\\/#breadcrumb\"},\"inLanguage\":\"qt\",\"potentialAction\":[{\"@type\":\"ReadAction\",\"target\":[\"https:\\\/\\\/qtmm.org\\\/qt\\\/zelenskiy-aqs-kongressinde-ciqis-yapti\\\/\"]}]},{\"@type\":\"ImageObject\",\"inLanguage\":\"qt\",\"@id\":\"https:\\\/\\\/qtmm.org\\\/qt\\\/zelenskiy-aqs-kongressinde-ciqis-yapti\\\/#primaryimage\",\"url\":\"https:\\\/\\\/qtmm.org\\\/wp-content\\\/uploads\\\/2022\\\/12\\\/128097881_gettyimages-1451205798.jpg\",\"contentUrl\":\"https:\\\/\\\/qtmm.org\\\/wp-content\\\/uploads\\\/2022\\\/12\\\/128097881_gettyimages-1451205798.jpg\",\"width\":800,\"height\":450},{\"@type\":\"BreadcrumbList\",\"@id\":\"https:\\\/\\\/qtmm.org\\\/qt\\\/zelenskiy-aqs-kongressinde-ciqis-yapti\\\/#breadcrumb\",\"itemListElement\":[{\"@type\":\"ListItem\",\"position\":1,\"name\":\"\u0413\u043e\u043b\u043e\u0432\u043d\u0430\",\"item\":\"https:\\\/\\\/qtmm.org\\\/qt\\\/\"},{\"@type\":\"ListItem\",\"position\":2,\"name\":\"Zelensk\u0131y AQ\u015e Kongressinde \u00e7\u0131q\u0131\u015f yapt\u0131\"}]},{\"@type\":\"WebSite\",\"@id\":\"https:\\\/\\\/qtmm.org\\\/qt\\\/#website\",\"url\":\"https:\\\/\\\/qtmm.org\\\/qt\\\/\",\"name\":\"\u041c\u0435\u0434\u0436\u043b\u0456\u0441\",\"description\":\"\",\"publisher\":{\"@id\":\"https:\\\/\\\/qtmm.org\\\/qt\\\/#organization\"},\"potentialAction\":[{\"@type\":\"SearchAction\",\"target\":{\"@type\":\"EntryPoint\",\"urlTemplate\":\"https:\\\/\\\/qtmm.org\\\/qt\\\/?s={search_term_string}\"},\"query-input\":{\"@type\":\"PropertyValueSpecification\",\"valueRequired\":true,\"valueName\":\"search_term_string\"}}],\"inLanguage\":\"qt\"},{\"@type\":\"Organization\",\"@id\":\"https:\\\/\\\/qtmm.org\\\/qt\\\/#organization\",\"name\":\"\u041c\u0435\u0434\u0436\u043b\u0456\u0441\",\"url\":\"https:\\\/\\\/qtmm.org\\\/qt\\\/\",\"logo\":{\"@type\":\"ImageObject\",\"inLanguage\":\"qt\",\"@id\":\"https:\\\/\\\/qtmm.org\\\/qt\\\/#\\\/schema\\\/logo\\\/image\\\/\",\"url\":\"https:\\\/\\\/qtmm.org\\\/wp-content\\\/uploads\\\/2024\\\/12\\\/ua-mejlis-logo-rgb.svg\",\"contentUrl\":\"https:\\\/\\\/qtmm.org\\\/wp-content\\\/uploads\\\/2024\\\/12\\\/ua-mejlis-logo-rgb.svg\",\"caption\":\"\u041c\u0435\u0434\u0436\u043b\u0456\u0441\"},\"image\":{\"@id\":\"https:\\\/\\\/qtmm.org\\\/qt\\\/#\\\/schema\\\/logo\\\/image\\\/\"},\"sameAs\":[\"https:\\\/\\\/www.facebook.com\\\/qtmm.info\\\/\"]},{\"@type\":\"Person\",\"@id\":\"https:\\\/\\\/qtmm.org\\\/qt\\\/#\\\/schema\\\/person\\\/e19a16971e1d6077c60771108a0c2eb1\",\"name\":\"milena\",\"image\":{\"@type\":\"ImageObject\",\"inLanguage\":\"qt\",\"@id\":\"https:\\\/\\\/secure.gravatar.com\\\/avatar\\\/a1c72d47914b6ffa21f1246920d5cff572eced8dc7c4ef1b629898b5a8c18fa5?s=96&d=mm&r=g\",\"url\":\"https:\\\/\\\/secure.gravatar.com\\\/avatar\\\/a1c72d47914b6ffa21f1246920d5cff572eced8dc7c4ef1b629898b5a8c18fa5?s=96&d=mm&r=g\",\"contentUrl\":\"https:\\\/\\\/secure.gravatar.com\\\/avatar\\\/a1c72d47914b6ffa21f1246920d5cff572eced8dc7c4ef1b629898b5a8c18fa5?s=96&d=mm&r=g\",\"caption\":\"milena\"},\"url\":\"https:\\\/\\\/qtmm.org\\\/qt\\\/author\\\/milena\\\/\"}]}<\/script>\n<!-- \/ Yoast SEO plugin. -->","yoast_head_json":{"title":"Zelensk\u0131y AQ\u015e Kongressinde \u00e7\u0131q\u0131\u015f yapt\u0131 - \u041c\u0435\u0434\u0436\u043b\u0456\u0441","robots":{"index":"index","follow":"follow","max-snippet":"max-snippet:-1","max-image-preview":"max-image-preview:large","max-video-preview":"max-video-preview:-1"},"canonical":"https:\/\/qtmm.org\/qt\/zelenskiy-aqs-kongressinde-ciqis-yapti\/","og_locale":"en_US","og_type":"article","og_title":"Zelensk\u0131y AQ\u015e Kongressinde \u00e7\u0131q\u0131\u015f yapt\u0131 - \u041c\u0435\u0434\u0436\u043b\u0456\u0441","og_description":"Kelecek sene, Rusiyeni\u00f1 Ukraina\u011fa qar\u015f\u0131 cenkinde al etici olacaq, dep AQ\u015e Kongressinde \u00e7\u0131q\u0131\u015f yapqanda Ukraina prezidenti Volod\u0131m\u0131r Zelensk\u0131y bildirdi. Q\u0131r\u0131m.Aqiqat bu aqq\u0131nda haber berdi. &#8211; Kelecek sene &#8211; anda al etici vaq\u0131t olacaq. Ukrain cesareti ve amerika azimk\u00e2rl\u0131\u011f\u0131n\u0131\u00f1 bizim serbestligimizni\u00f1 kelecegini kefil olmal\u0131 olaca\u011f\u0131 vaq\u0131t. \u00d6z q\u0131ymetleri i\u00e7\u00fcn cenkle\u015fken insanlarn\u0131\u00f1 serbestligi, &#8211; dep prezident aytt\u0131. [&hellip;]","og_url":"https:\/\/qtmm.org\/qt\/zelenskiy-aqs-kongressinde-ciqis-yapti\/","og_site_name":"\u041c\u0435\u0434\u0436\u043b\u0456\u0441","article_publisher":"https:\/\/www.facebook.com\/qtmm.info\/","article_published_time":"2022-12-22T14:00:44+00:00","article_modified_time":"2022-12-22T14:00:47+00:00","og_image":[{"width":800,"height":450,"url":"https:\/\/qtmm.org\/wp-content\/uploads\/2022\/12\/128097881_gettyimages-1451205798.jpg","type":"image\/jpeg"}],"author":"milena","twitter_card":"summary_large_image","twitter_misc":{"Written by":"milena","Est. reading time":"2 minutes"},"schema":{"@context":"https:\/\/schema.org","@graph":[{"@type":"Article","@id":"https:\/\/qtmm.org\/qt\/zelenskiy-aqs-kongressinde-ciqis-yapti\/#article","isPartOf":{"@id":"https:\/\/qtmm.org\/qt\/zelenskiy-aqs-kongressinde-ciqis-yapti\/"},"author":{"name":"milena","@id":"https:\/\/qtmm.org\/qt\/#\/schema\/person\/e19a16971e1d6077c60771108a0c2eb1"},"headline":"Zelensk\u0131y AQ\u015e Kongressinde \u00e7\u0131q\u0131\u015f yapt\u0131","datePublished":"2022-12-22T14:00:44+00:00","dateModified":"2022-12-22T14:00:47+00:00","mainEntityOfPage":{"@id":"https:\/\/qtmm.org\/qt\/zelenskiy-aqs-kongressinde-ciqis-yapti\/"},"wordCount":276,"commentCount":0,"publisher":{"@id":"https:\/\/qtmm.org\/qt\/#organization"},"image":{"@id":"https:\/\/qtmm.org\/qt\/zelenskiy-aqs-kongressinde-ciqis-yapti\/#primaryimage"},"thumbnailUrl":"https:\/\/qtmm.org\/wp-content\/uploads\/2022\/12\/128097881_gettyimages-1451205798.jpg","articleSection":["Haberler"],"inLanguage":"qt","potentialAction":[{"@type":"CommentAction","name":"Comment","target":["https:\/\/qtmm.org\/qt\/zelenskiy-aqs-kongressinde-ciqis-yapti\/#respond"]}]},{"@type":"WebPage","@id":"https:\/\/qtmm.org\/qt\/zelenskiy-aqs-kongressinde-ciqis-yapti\/","url":"https:\/\/qtmm.org\/qt\/zelenskiy-aqs-kongressinde-ciqis-yapti\/","name":"Zelensk\u0131y AQ\u015e Kongressinde \u00e7\u0131q\u0131\u015f yapt\u0131 - \u041c\u0435\u0434\u0436\u043b\u0456\u0441","isPartOf":{"@id":"https:\/\/qtmm.org\/qt\/#website"},"primaryImageOfPage":{"@id":"https:\/\/qtmm.org\/qt\/zelenskiy-aqs-kongressinde-ciqis-yapti\/#primaryimage"},"image":{"@id":"https:\/\/qtmm.org\/qt\/zelenskiy-aqs-kongressinde-ciqis-yapti\/#primaryimage"},"thumbnailUrl":"https:\/\/qtmm.org\/wp-content\/uploads\/2022\/12\/128097881_gettyimages-1451205798.jpg","datePublished":"2022-12-22T14:00:44+00:00","dateModified":"2022-12-22T14:00:47+00:00","breadcrumb":{"@id":"https:\/\/qtmm.org\/qt\/zelenskiy-aqs-kongressinde-ciqis-yapti\/#breadcrumb"},"inLanguage":"qt","potentialAction":[{"@type":"ReadAction","target":["https:\/\/qtmm.org\/qt\/zelenskiy-aqs-kongressinde-ciqis-yapti\/"]}]},{"@type":"ImageObject","inLanguage":"qt","@id":"https:\/\/qtmm.org\/qt\/zelenskiy-aqs-kongressinde-ciqis-yapti\/#primaryimage","url":"https:\/\/qtmm.org\/wp-content\/uploads\/2022\/12\/128097881_gettyimages-1451205798.jpg","contentUrl":"https:\/\/qtmm.org\/wp-content\/uploads\/2022\/12\/128097881_gettyimages-1451205798.jpg","width":800,"height":450},{"@type":"BreadcrumbList","@id":"https:\/\/qtmm.org\/qt\/zelenskiy-aqs-kongressinde-ciqis-yapti\/#breadcrumb","itemListElement":[{"@type":"ListItem","position":1,"name":"\u0413\u043e\u043b\u043e\u0432\u043d\u0430","item":"https:\/\/qtmm.org\/qt\/"},{"@type":"ListItem","position":2,"name":"Zelensk\u0131y AQ\u015e Kongressinde \u00e7\u0131q\u0131\u015f yapt\u0131"}]},{"@type":"WebSite","@id":"https:\/\/qtmm.org\/qt\/#website","url":"https:\/\/qtmm.org\/qt\/","name":"\u041c\u0435\u0434\u0436\u043b\u0456\u0441","description":"","publisher":{"@id":"https:\/\/qtmm.org\/qt\/#organization"},"potentialAction":[{"@type":"SearchAction","target":{"@type":"EntryPoint","urlTemplate":"https:\/\/qtmm.org\/qt\/?s={search_term_string}"},"query-input":{"@type":"PropertyValueSpecification","valueRequired":true,"valueName":"search_term_string"}}],"inLanguage":"qt"},{"@type":"Organization","@id":"https:\/\/qtmm.org\/qt\/#organization","name":"\u041c\u0435\u0434\u0436\u043b\u0456\u0441","url":"https:\/\/qtmm.org\/qt\/","logo":{"@type":"ImageObject","inLanguage":"qt","@id":"https:\/\/qtmm.org\/qt\/#\/schema\/logo\/image\/","url":"https:\/\/qtmm.org\/wp-content\/uploads\/2024\/12\/ua-mejlis-logo-rgb.svg","contentUrl":"https:\/\/qtmm.org\/wp-content\/uploads\/2024\/12\/ua-mejlis-logo-rgb.svg","caption":"\u041c\u0435\u0434\u0436\u043b\u0456\u0441"},"image":{"@id":"https:\/\/qtmm.org\/qt\/#\/schema\/logo\/image\/"},"sameAs":["https:\/\/www.facebook.com\/qtmm.info\/"]},{"@type":"Person","@id":"https:\/\/qtmm.org\/qt\/#\/schema\/person\/e19a16971e1d6077c60771108a0c2eb1","name":"milena","image":{"@type":"ImageObject","inLanguage":"qt","@id":"https:\/\/secure.gravatar.com\/avatar\/a1c72d47914b6ffa21f1246920d5cff572eced8dc7c4ef1b629898b5a8c18fa5?s=96&d=mm&r=g","url":"https:\/\/secure.gravatar.com\/avatar\/a1c72d47914b6ffa21f1246920d5cff572eced8dc7c4ef1b629898b5a8c18fa5?s=96&d=mm&r=g","contentUrl":"https:\/\/secure.gravatar.com\/avatar\/a1c72d47914b6ffa21f1246920d5cff572eced8dc7c4ef1b629898b5a8c18fa5?s=96&d=mm&r=g","caption":"milena"},"url":"https:\/\/qtmm.org\/qt\/author\/milena\/"}]}},"_links":{"self":[{"href":"https:\/\/qtmm.org\/qt\/wp-json\/wp\/v2\/posts\/77871","targetHints":{"allow":["GET"]}}],"collection":[{"href":"https:\/\/qtmm.org\/qt\/wp-json\/wp\/v2\/posts"}],"about":[{"href":"https:\/\/qtmm.org\/qt\/wp-json\/wp\/v2\/types\/post"}],"author":[{"embeddable":true,"href":"https:\/\/qtmm.org\/qt\/wp-json\/wp\/v2\/users\/6"}],"replies":[{"embeddable":true,"href":"https:\/\/qtmm.org\/qt\/wp-json\/wp\/v2\/comments?post=77871"}],"version-history":[{"count":1,"href":"https:\/\/qtmm.org\/qt\/wp-json\/wp\/v2\/posts\/77871\/revisions"}],"predecessor-version":[{"id":77872,"href":"https:\/\/qtmm.org\/qt\/wp-json\/wp\/v2\/posts\/77871\/revisions\/77872"}],"wp:featuredmedia":[{"embeddable":true,"href":"https:\/\/qtmm.org\/qt\/wp-json\/wp\/v2\/media\/77861"}],"wp:attachment":[{"href":"https:\/\/qtmm.org\/qt\/wp-json\/wp\/v2\/media?parent=77871"}],"wp:term":[{"taxonomy":"category","embeddable":true,"href":"https:\/\/qtmm.org\/qt\/wp-json\/wp\/v2\/categories?post=77871"},{"taxonomy":"post_tag","embeddable":true,"href":"https:\/\/qtmm.org\/qt\/wp-json\/wp\/v2\/tags?post=77871"}],"curies":[{"name":"wp","href":"https:\/\/api.w.org\/{rel}","templated":true}]}}