




{"id":77839,"date":"2022-12-21T15:02:03","date_gmt":"2022-12-21T12:02:03","guid":{"rendered":"https:\/\/qtmm.org\/?p=77839"},"modified":"2022-12-21T15:02:05","modified_gmt":"2022-12-21T12:02:05","slug":"biz-azirlanamiz-zelenskiy-qirimni-isgalden-azaz-etuv-aqqinda","status":"publish","type":"post","link":"https:\/\/qtmm.org\/qt\/biz-azirlanamiz-zelenskiy-qirimni-isgalden-azaz-etuv-aqqinda\/","title":{"rendered":"Biz az\u0131rlanam\u0131z &#8211; Zelensk\u0131y Q\u0131r\u0131mn\u0131 i\u015f\u011falden azaz et\u00fcv aqq\u0131nda"},"content":{"rendered":"\n<p>Ukraina Prezidenti Volod\u0131m\u0131r Zelensk\u0131y tasd\u0131qlad\u0131 ki, Sil\u00e2l\u0131 Quvetleri Q\u0131r\u0131mn\u0131 i\u015f\u011falden azat etmege planla\u015ft\u0131ralar. O, bun\u0131\u00f1 ck\u00fcre\u015fni\u00f1 zor olaca\u011f\u0131n\u0131 bildirdi.<\/p>\n\n\n\n<p>\u00abAmma biz az\u0131rlanam\u0131z\u00bb, &#8211; dep ukrain lideri aytt\u0131. <a href=\"https:\/\/www.tf1info.fr\/international\/direct-guerre-ukraine-russie-des-drones-russes-zelensky-poutine-kherson-mouscou-kiev-vendredi-16-decembre-2242076.html\">TF1<\/a> telekanal\u0131na intervy\u00fc bergende prezident, Rusiyeni\u00f1 zapt etkeni yar\u0131madan\u0131 i\u015f\u011falden azat et\u00fcv aqq\u0131nda fikirlerini bildirdi, <a href=\"https:\/\/aspi.com.ua\/news\/politika\/vidvoyuvati-krim-bude-nelegko-ale-armiya-ukraini-nalashtovana-zelenskiy#gsc.tab=0\">ASPINews<\/a> haber berdi.<br>Devletni\u00f1 ba\u015f\u0131 qayd etti ki, ukrain cemaat\u0131 bu meselede beraberdir. Zelensk\u0131yn\u0131\u00f1 bilidirgenine k\u00f6re, Q\u0131r\u0131mn\u0131 qaytaruv operatsiyas\u0131 \u00abker\u00e7ekten de al\u00e2 daa ba\u015flamad\u0131\u00bb.<\/p>\n\n\n\n<blockquote class=\"wp-block-quote is-layout-flow wp-block-quote-is-layout-flow\"><p>&#8211; <em>Olaca\u011f\u0131 vaq\u0131t bun\u0131 e\u015fiteceksi\u00f1iz. Amma men umutlu etem ki, fikirlerde bu operatsiya endi ba\u015flad\u0131, bizim azimk\u00e2rl\u0131\u011f\u0131m\u0131z ve \u0131nt\u0131l\u0131\u015f\u0131m\u0131z endi mevcutt\u0131r,<\/em> &#8211; dep ukrain lideri aytt\u0131.<\/p><\/blockquote>\n\n\n\n<p>O qayd etti ki, devletni\u00f1 cemiyet fikrinde q\u0131r\u0131mtatar yar\u0131madas\u0131n\u0131 i\u015f\u011falcilerden azat etmek kerekligine dair birdemligi bar.<\/p>\n\n\n\n<blockquote class=\"wp-block-quote is-layout-flow wp-block-quote-is-layout-flow\"><p><em>&#8211; Buna az\u0131rlanmaq, k\u00fcre\u015fni\u00f1 zor olaca\u011f\u0131n\u0131, kimseni\u00f1 serbest qald\u0131rmayca\u011f\u0131n\u0131 a\u00f1lamaq kerekmiz. Amma bir azirmk\u00e2rl\u0131qnen tolum\u0131z, &#8211;<\/em> dep Zelensk\u0131y aytt\u0131.<\/p><\/blockquote>\n","protected":false},"excerpt":{"rendered":"<p>Ukraina Prezidenti Volod\u0131m\u0131r Zelensk\u0131y tasd\u0131qlad\u0131 ki, Sil\u00e2l\u0131 Quvetleri Q\u0131r\u0131mn\u0131 i\u015f\u011falden azat etmege planla\u015ft\u0131ralar. O, bun\u0131\u00f1 ck\u00fcre\u015fni\u00f1 zor olaca\u011f\u0131n\u0131 bildirdi. \u00abAmma biz az\u0131rlanam\u0131z\u00bb, &#8211; dep ukrain lideri aytt\u0131. TF1 telekanal\u0131na intervy\u00fc bergende prezident, Rusiyeni\u00f1 zapt etkeni yar\u0131madan\u0131 i\u015f\u011falden azat et\u00fcv aqq\u0131nda fikirlerini bildirdi, ASPINews haber berdi.Devletni\u00f1 ba\u015f\u0131 qayd etti ki, ukrain cemaat\u0131 bu meselede beraberdir. Zelensk\u0131yn\u0131\u00f1 [&hellip;]<\/p>\n","protected":false},"author":6,"featured_media":76146,"comment_status":"open","ping_status":"open","sticky":false,"template":"","format":"standard","meta":{"inline_featured_image":false,"footnotes":""},"categories":[265],"tags":[],"class_list":["post-77839","post","type-post","status-publish","format-standard","has-post-thumbnail","hentry","category-haberler"],"acf":[],"yoast_head":"<!-- This site is optimized with the Yoast SEO plugin v27.4 - https:\/\/yoast.com\/product\/yoast-seo-wordpress\/ -->\n<title>Biz az\u0131rlanam\u0131z - Zelensk\u0131y Q\u0131r\u0131mn\u0131 i\u015f\u011falden azaz et\u00fcv aqq\u0131nda - \u041c\u0435\u0434\u0436\u043b\u0456\u0441<\/title>\n<meta name=\"robots\" content=\"index, follow, max-snippet:-1, max-image-preview:large, max-video-preview:-1\" \/>\n<link rel=\"canonical\" href=\"https:\/\/qtmm.org\/qt\/biz-azirlanamiz-zelenskiy-qirimni-isgalden-azaz-etuv-aqqinda\/\" \/>\n<meta property=\"og:locale\" content=\"en_US\" \/>\n<meta property=\"og:type\" content=\"article\" \/>\n<meta property=\"og:title\" content=\"Biz az\u0131rlanam\u0131z - Zelensk\u0131y Q\u0131r\u0131mn\u0131 i\u015f\u011falden azaz et\u00fcv aqq\u0131nda - \u041c\u0435\u0434\u0436\u043b\u0456\u0441\" \/>\n<meta property=\"og:description\" content=\"Ukraina Prezidenti Volod\u0131m\u0131r Zelensk\u0131y tasd\u0131qlad\u0131 ki, Sil\u00e2l\u0131 Quvetleri Q\u0131r\u0131mn\u0131 i\u015f\u011falden azat etmege planla\u015ft\u0131ralar. O, bun\u0131\u00f1 ck\u00fcre\u015fni\u00f1 zor olaca\u011f\u0131n\u0131 bildirdi. \u00abAmma biz az\u0131rlanam\u0131z\u00bb, &#8211; dep ukrain lideri aytt\u0131. TF1 telekanal\u0131na intervy\u00fc bergende prezident, Rusiyeni\u00f1 zapt etkeni yar\u0131madan\u0131 i\u015f\u011falden azat et\u00fcv aqq\u0131nda fikirlerini bildirdi, ASPINews haber berdi.Devletni\u00f1 ba\u015f\u0131 qayd etti ki, ukrain cemaat\u0131 bu meselede beraberdir. Zelensk\u0131yn\u0131\u00f1 [&hellip;]\" \/>\n<meta property=\"og:url\" content=\"https:\/\/qtmm.org\/qt\/biz-azirlanamiz-zelenskiy-qirimni-isgalden-azaz-etuv-aqqinda\/\" \/>\n<meta property=\"og:site_name\" content=\"\u041c\u0435\u0434\u0436\u043b\u0456\u0441\" \/>\n<meta property=\"article:publisher\" content=\"https:\/\/www.facebook.com\/qtmm.info\/\" \/>\n<meta property=\"article:published_time\" content=\"2022-12-21T12:02:03+00:00\" \/>\n<meta property=\"article:modified_time\" content=\"2022-12-21T12:02:05+00:00\" \/>\n<meta property=\"og:image\" content=\"https:\/\/qtmm.org\/wp-content\/uploads\/2022\/09\/e6881ca74c827bfa1c56dcef440e15a9_1663963246_extra_large.png\" \/>\n\t<meta property=\"og:image:width\" content=\"1076\" \/>\n\t<meta property=\"og:image:height\" content=\"695\" \/>\n\t<meta property=\"og:image:type\" content=\"image\/png\" \/>\n<meta name=\"author\" content=\"milena\" \/>\n<meta name=\"twitter:card\" content=\"summary_large_image\" \/>\n<meta name=\"twitter:label1\" content=\"Written by\" \/>\n\t<meta name=\"twitter:data1\" content=\"milena\" \/>\n\t<meta name=\"twitter:label2\" content=\"Est. reading time\" \/>\n\t<meta name=\"twitter:data2\" content=\"1 minute\" \/>\n<script type=\"application\/ld+json\" class=\"yoast-schema-graph\">{\"@context\":\"https:\\\/\\\/schema.org\",\"@graph\":[{\"@type\":\"Article\",\"@id\":\"https:\\\/\\\/qtmm.org\\\/qt\\\/biz-azirlanamiz-zelenskiy-qirimni-isgalden-azaz-etuv-aqqinda\\\/#article\",\"isPartOf\":{\"@id\":\"https:\\\/\\\/qtmm.org\\\/qt\\\/biz-azirlanamiz-zelenskiy-qirimni-isgalden-azaz-etuv-aqqinda\\\/\"},\"author\":{\"name\":\"milena\",\"@id\":\"https:\\\/\\\/qtmm.org\\\/qt\\\/#\\\/schema\\\/person\\\/e19a16971e1d6077c60771108a0c2eb1\"},\"headline\":\"Biz az\u0131rlanam\u0131z &#8211; Zelensk\u0131y Q\u0131r\u0131mn\u0131 i\u015f\u011falden azaz et\u00fcv aqq\u0131nda\",\"datePublished\":\"2022-12-21T12:02:03+00:00\",\"dateModified\":\"2022-12-21T12:02:05+00:00\",\"mainEntityOfPage\":{\"@id\":\"https:\\\/\\\/qtmm.org\\\/qt\\\/biz-azirlanamiz-zelenskiy-qirimni-isgalden-azaz-etuv-aqqinda\\\/\"},\"wordCount\":197,\"commentCount\":0,\"publisher\":{\"@id\":\"https:\\\/\\\/qtmm.org\\\/qt\\\/#organization\"},\"image\":{\"@id\":\"https:\\\/\\\/qtmm.org\\\/qt\\\/biz-azirlanamiz-zelenskiy-qirimni-isgalden-azaz-etuv-aqqinda\\\/#primaryimage\"},\"thumbnailUrl\":\"https:\\\/\\\/qtmm.org\\\/wp-content\\\/uploads\\\/2022\\\/09\\\/e6881ca74c827bfa1c56dcef440e15a9_1663963246_extra_large.png\",\"articleSection\":[\"Haberler\"],\"inLanguage\":\"qt\",\"potentialAction\":[{\"@type\":\"CommentAction\",\"name\":\"Comment\",\"target\":[\"https:\\\/\\\/qtmm.org\\\/qt\\\/biz-azirlanamiz-zelenskiy-qirimni-isgalden-azaz-etuv-aqqinda\\\/#respond\"]}]},{\"@type\":\"WebPage\",\"@id\":\"https:\\\/\\\/qtmm.org\\\/qt\\\/biz-azirlanamiz-zelenskiy-qirimni-isgalden-azaz-etuv-aqqinda\\\/\",\"url\":\"https:\\\/\\\/qtmm.org\\\/qt\\\/biz-azirlanamiz-zelenskiy-qirimni-isgalden-azaz-etuv-aqqinda\\\/\",\"name\":\"Biz az\u0131rlanam\u0131z - Zelensk\u0131y Q\u0131r\u0131mn\u0131 i\u015f\u011falden azaz et\u00fcv aqq\u0131nda - \u041c\u0435\u0434\u0436\u043b\u0456\u0441\",\"isPartOf\":{\"@id\":\"https:\\\/\\\/qtmm.org\\\/qt\\\/#website\"},\"primaryImageOfPage\":{\"@id\":\"https:\\\/\\\/qtmm.org\\\/qt\\\/biz-azirlanamiz-zelenskiy-qirimni-isgalden-azaz-etuv-aqqinda\\\/#primaryimage\"},\"image\":{\"@id\":\"https:\\\/\\\/qtmm.org\\\/qt\\\/biz-azirlanamiz-zelenskiy-qirimni-isgalden-azaz-etuv-aqqinda\\\/#primaryimage\"},\"thumbnailUrl\":\"https:\\\/\\\/qtmm.org\\\/wp-content\\\/uploads\\\/2022\\\/09\\\/e6881ca74c827bfa1c56dcef440e15a9_1663963246_extra_large.png\",\"datePublished\":\"2022-12-21T12:02:03+00:00\",\"dateModified\":\"2022-12-21T12:02:05+00:00\",\"breadcrumb\":{\"@id\":\"https:\\\/\\\/qtmm.org\\\/qt\\\/biz-azirlanamiz-zelenskiy-qirimni-isgalden-azaz-etuv-aqqinda\\\/#breadcrumb\"},\"inLanguage\":\"qt\",\"potentialAction\":[{\"@type\":\"ReadAction\",\"target\":[\"https:\\\/\\\/qtmm.org\\\/qt\\\/biz-azirlanamiz-zelenskiy-qirimni-isgalden-azaz-etuv-aqqinda\\\/\"]}]},{\"@type\":\"ImageObject\",\"inLanguage\":\"qt\",\"@id\":\"https:\\\/\\\/qtmm.org\\\/qt\\\/biz-azirlanamiz-zelenskiy-qirimni-isgalden-azaz-etuv-aqqinda\\\/#primaryimage\",\"url\":\"https:\\\/\\\/qtmm.org\\\/wp-content\\\/uploads\\\/2022\\\/09\\\/e6881ca74c827bfa1c56dcef440e15a9_1663963246_extra_large.png\",\"contentUrl\":\"https:\\\/\\\/qtmm.org\\\/wp-content\\\/uploads\\\/2022\\\/09\\\/e6881ca74c827bfa1c56dcef440e15a9_1663963246_extra_large.png\",\"width\":1076,\"height\":695},{\"@type\":\"BreadcrumbList\",\"@id\":\"https:\\\/\\\/qtmm.org\\\/qt\\\/biz-azirlanamiz-zelenskiy-qirimni-isgalden-azaz-etuv-aqqinda\\\/#breadcrumb\",\"itemListElement\":[{\"@type\":\"ListItem\",\"position\":1,\"name\":\"\u0413\u043e\u043b\u043e\u0432\u043d\u0430\",\"item\":\"https:\\\/\\\/qtmm.org\\\/qt\\\/\"},{\"@type\":\"ListItem\",\"position\":2,\"name\":\"Biz az\u0131rlanam\u0131z &#8211; Zelensk\u0131y Q\u0131r\u0131mn\u0131 i\u015f\u011falden azaz et\u00fcv aqq\u0131nda\"}]},{\"@type\":\"WebSite\",\"@id\":\"https:\\\/\\\/qtmm.org\\\/qt\\\/#website\",\"url\":\"https:\\\/\\\/qtmm.org\\\/qt\\\/\",\"name\":\"\u041c\u0435\u0434\u0436\u043b\u0456\u0441\",\"description\":\"\",\"publisher\":{\"@id\":\"https:\\\/\\\/qtmm.org\\\/qt\\\/#organization\"},\"potentialAction\":[{\"@type\":\"SearchAction\",\"target\":{\"@type\":\"EntryPoint\",\"urlTemplate\":\"https:\\\/\\\/qtmm.org\\\/qt\\\/?s={search_term_string}\"},\"query-input\":{\"@type\":\"PropertyValueSpecification\",\"valueRequired\":true,\"valueName\":\"search_term_string\"}}],\"inLanguage\":\"qt\"},{\"@type\":\"Organization\",\"@id\":\"https:\\\/\\\/qtmm.org\\\/qt\\\/#organization\",\"name\":\"\u041c\u0435\u0434\u0436\u043b\u0456\u0441\",\"url\":\"https:\\\/\\\/qtmm.org\\\/qt\\\/\",\"logo\":{\"@type\":\"ImageObject\",\"inLanguage\":\"qt\",\"@id\":\"https:\\\/\\\/qtmm.org\\\/qt\\\/#\\\/schema\\\/logo\\\/image\\\/\",\"url\":\"https:\\\/\\\/qtmm.org\\\/wp-content\\\/uploads\\\/2024\\\/12\\\/ua-mejlis-logo-rgb.svg\",\"contentUrl\":\"https:\\\/\\\/qtmm.org\\\/wp-content\\\/uploads\\\/2024\\\/12\\\/ua-mejlis-logo-rgb.svg\",\"caption\":\"\u041c\u0435\u0434\u0436\u043b\u0456\u0441\"},\"image\":{\"@id\":\"https:\\\/\\\/qtmm.org\\\/qt\\\/#\\\/schema\\\/logo\\\/image\\\/\"},\"sameAs\":[\"https:\\\/\\\/www.facebook.com\\\/qtmm.info\\\/\"]},{\"@type\":\"Person\",\"@id\":\"https:\\\/\\\/qtmm.org\\\/qt\\\/#\\\/schema\\\/person\\\/e19a16971e1d6077c60771108a0c2eb1\",\"name\":\"milena\",\"image\":{\"@type\":\"ImageObject\",\"inLanguage\":\"qt\",\"@id\":\"https:\\\/\\\/secure.gravatar.com\\\/avatar\\\/a1c72d47914b6ffa21f1246920d5cff572eced8dc7c4ef1b629898b5a8c18fa5?s=96&d=mm&r=g\",\"url\":\"https:\\\/\\\/secure.gravatar.com\\\/avatar\\\/a1c72d47914b6ffa21f1246920d5cff572eced8dc7c4ef1b629898b5a8c18fa5?s=96&d=mm&r=g\",\"contentUrl\":\"https:\\\/\\\/secure.gravatar.com\\\/avatar\\\/a1c72d47914b6ffa21f1246920d5cff572eced8dc7c4ef1b629898b5a8c18fa5?s=96&d=mm&r=g\",\"caption\":\"milena\"},\"url\":\"https:\\\/\\\/qtmm.org\\\/qt\\\/author\\\/milena\\\/\"}]}<\/script>\n<!-- \/ Yoast SEO plugin. -->","yoast_head_json":{"title":"Biz az\u0131rlanam\u0131z - Zelensk\u0131y Q\u0131r\u0131mn\u0131 i\u015f\u011falden azaz et\u00fcv aqq\u0131nda - \u041c\u0435\u0434\u0436\u043b\u0456\u0441","robots":{"index":"index","follow":"follow","max-snippet":"max-snippet:-1","max-image-preview":"max-image-preview:large","max-video-preview":"max-video-preview:-1"},"canonical":"https:\/\/qtmm.org\/qt\/biz-azirlanamiz-zelenskiy-qirimni-isgalden-azaz-etuv-aqqinda\/","og_locale":"en_US","og_type":"article","og_title":"Biz az\u0131rlanam\u0131z - Zelensk\u0131y Q\u0131r\u0131mn\u0131 i\u015f\u011falden azaz et\u00fcv aqq\u0131nda - \u041c\u0435\u0434\u0436\u043b\u0456\u0441","og_description":"Ukraina Prezidenti Volod\u0131m\u0131r Zelensk\u0131y tasd\u0131qlad\u0131 ki, Sil\u00e2l\u0131 Quvetleri Q\u0131r\u0131mn\u0131 i\u015f\u011falden azat etmege planla\u015ft\u0131ralar. O, bun\u0131\u00f1 ck\u00fcre\u015fni\u00f1 zor olaca\u011f\u0131n\u0131 bildirdi. \u00abAmma biz az\u0131rlanam\u0131z\u00bb, &#8211; dep ukrain lideri aytt\u0131. TF1 telekanal\u0131na intervy\u00fc bergende prezident, Rusiyeni\u00f1 zapt etkeni yar\u0131madan\u0131 i\u015f\u011falden azat et\u00fcv aqq\u0131nda fikirlerini bildirdi, ASPINews haber berdi.Devletni\u00f1 ba\u015f\u0131 qayd etti ki, ukrain cemaat\u0131 bu meselede beraberdir. Zelensk\u0131yn\u0131\u00f1 [&hellip;]","og_url":"https:\/\/qtmm.org\/qt\/biz-azirlanamiz-zelenskiy-qirimni-isgalden-azaz-etuv-aqqinda\/","og_site_name":"\u041c\u0435\u0434\u0436\u043b\u0456\u0441","article_publisher":"https:\/\/www.facebook.com\/qtmm.info\/","article_published_time":"2022-12-21T12:02:03+00:00","article_modified_time":"2022-12-21T12:02:05+00:00","og_image":[{"width":1076,"height":695,"url":"https:\/\/qtmm.org\/wp-content\/uploads\/2022\/09\/e6881ca74c827bfa1c56dcef440e15a9_1663963246_extra_large.png","type":"image\/png"}],"author":"milena","twitter_card":"summary_large_image","twitter_misc":{"Written by":"milena","Est. reading time":"1 minute"},"schema":{"@context":"https:\/\/schema.org","@graph":[{"@type":"Article","@id":"https:\/\/qtmm.org\/qt\/biz-azirlanamiz-zelenskiy-qirimni-isgalden-azaz-etuv-aqqinda\/#article","isPartOf":{"@id":"https:\/\/qtmm.org\/qt\/biz-azirlanamiz-zelenskiy-qirimni-isgalden-azaz-etuv-aqqinda\/"},"author":{"name":"milena","@id":"https:\/\/qtmm.org\/qt\/#\/schema\/person\/e19a16971e1d6077c60771108a0c2eb1"},"headline":"Biz az\u0131rlanam\u0131z &#8211; Zelensk\u0131y Q\u0131r\u0131mn\u0131 i\u015f\u011falden azaz et\u00fcv aqq\u0131nda","datePublished":"2022-12-21T12:02:03+00:00","dateModified":"2022-12-21T12:02:05+00:00","mainEntityOfPage":{"@id":"https:\/\/qtmm.org\/qt\/biz-azirlanamiz-zelenskiy-qirimni-isgalden-azaz-etuv-aqqinda\/"},"wordCount":197,"commentCount":0,"publisher":{"@id":"https:\/\/qtmm.org\/qt\/#organization"},"image":{"@id":"https:\/\/qtmm.org\/qt\/biz-azirlanamiz-zelenskiy-qirimni-isgalden-azaz-etuv-aqqinda\/#primaryimage"},"thumbnailUrl":"https:\/\/qtmm.org\/wp-content\/uploads\/2022\/09\/e6881ca74c827bfa1c56dcef440e15a9_1663963246_extra_large.png","articleSection":["Haberler"],"inLanguage":"qt","potentialAction":[{"@type":"CommentAction","name":"Comment","target":["https:\/\/qtmm.org\/qt\/biz-azirlanamiz-zelenskiy-qirimni-isgalden-azaz-etuv-aqqinda\/#respond"]}]},{"@type":"WebPage","@id":"https:\/\/qtmm.org\/qt\/biz-azirlanamiz-zelenskiy-qirimni-isgalden-azaz-etuv-aqqinda\/","url":"https:\/\/qtmm.org\/qt\/biz-azirlanamiz-zelenskiy-qirimni-isgalden-azaz-etuv-aqqinda\/","name":"Biz az\u0131rlanam\u0131z - Zelensk\u0131y Q\u0131r\u0131mn\u0131 i\u015f\u011falden azaz et\u00fcv aqq\u0131nda - \u041c\u0435\u0434\u0436\u043b\u0456\u0441","isPartOf":{"@id":"https:\/\/qtmm.org\/qt\/#website"},"primaryImageOfPage":{"@id":"https:\/\/qtmm.org\/qt\/biz-azirlanamiz-zelenskiy-qirimni-isgalden-azaz-etuv-aqqinda\/#primaryimage"},"image":{"@id":"https:\/\/qtmm.org\/qt\/biz-azirlanamiz-zelenskiy-qirimni-isgalden-azaz-etuv-aqqinda\/#primaryimage"},"thumbnailUrl":"https:\/\/qtmm.org\/wp-content\/uploads\/2022\/09\/e6881ca74c827bfa1c56dcef440e15a9_1663963246_extra_large.png","datePublished":"2022-12-21T12:02:03+00:00","dateModified":"2022-12-21T12:02:05+00:00","breadcrumb":{"@id":"https:\/\/qtmm.org\/qt\/biz-azirlanamiz-zelenskiy-qirimni-isgalden-azaz-etuv-aqqinda\/#breadcrumb"},"inLanguage":"qt","potentialAction":[{"@type":"ReadAction","target":["https:\/\/qtmm.org\/qt\/biz-azirlanamiz-zelenskiy-qirimni-isgalden-azaz-etuv-aqqinda\/"]}]},{"@type":"ImageObject","inLanguage":"qt","@id":"https:\/\/qtmm.org\/qt\/biz-azirlanamiz-zelenskiy-qirimni-isgalden-azaz-etuv-aqqinda\/#primaryimage","url":"https:\/\/qtmm.org\/wp-content\/uploads\/2022\/09\/e6881ca74c827bfa1c56dcef440e15a9_1663963246_extra_large.png","contentUrl":"https:\/\/qtmm.org\/wp-content\/uploads\/2022\/09\/e6881ca74c827bfa1c56dcef440e15a9_1663963246_extra_large.png","width":1076,"height":695},{"@type":"BreadcrumbList","@id":"https:\/\/qtmm.org\/qt\/biz-azirlanamiz-zelenskiy-qirimni-isgalden-azaz-etuv-aqqinda\/#breadcrumb","itemListElement":[{"@type":"ListItem","position":1,"name":"\u0413\u043e\u043b\u043e\u0432\u043d\u0430","item":"https:\/\/qtmm.org\/qt\/"},{"@type":"ListItem","position":2,"name":"Biz az\u0131rlanam\u0131z &#8211; Zelensk\u0131y Q\u0131r\u0131mn\u0131 i\u015f\u011falden azaz et\u00fcv aqq\u0131nda"}]},{"@type":"WebSite","@id":"https:\/\/qtmm.org\/qt\/#website","url":"https:\/\/qtmm.org\/qt\/","name":"\u041c\u0435\u0434\u0436\u043b\u0456\u0441","description":"","publisher":{"@id":"https:\/\/qtmm.org\/qt\/#organization"},"potentialAction":[{"@type":"SearchAction","target":{"@type":"EntryPoint","urlTemplate":"https:\/\/qtmm.org\/qt\/?s={search_term_string}"},"query-input":{"@type":"PropertyValueSpecification","valueRequired":true,"valueName":"search_term_string"}}],"inLanguage":"qt"},{"@type":"Organization","@id":"https:\/\/qtmm.org\/qt\/#organization","name":"\u041c\u0435\u0434\u0436\u043b\u0456\u0441","url":"https:\/\/qtmm.org\/qt\/","logo":{"@type":"ImageObject","inLanguage":"qt","@id":"https:\/\/qtmm.org\/qt\/#\/schema\/logo\/image\/","url":"https:\/\/qtmm.org\/wp-content\/uploads\/2024\/12\/ua-mejlis-logo-rgb.svg","contentUrl":"https:\/\/qtmm.org\/wp-content\/uploads\/2024\/12\/ua-mejlis-logo-rgb.svg","caption":"\u041c\u0435\u0434\u0436\u043b\u0456\u0441"},"image":{"@id":"https:\/\/qtmm.org\/qt\/#\/schema\/logo\/image\/"},"sameAs":["https:\/\/www.facebook.com\/qtmm.info\/"]},{"@type":"Person","@id":"https:\/\/qtmm.org\/qt\/#\/schema\/person\/e19a16971e1d6077c60771108a0c2eb1","name":"milena","image":{"@type":"ImageObject","inLanguage":"qt","@id":"https:\/\/secure.gravatar.com\/avatar\/a1c72d47914b6ffa21f1246920d5cff572eced8dc7c4ef1b629898b5a8c18fa5?s=96&d=mm&r=g","url":"https:\/\/secure.gravatar.com\/avatar\/a1c72d47914b6ffa21f1246920d5cff572eced8dc7c4ef1b629898b5a8c18fa5?s=96&d=mm&r=g","contentUrl":"https:\/\/secure.gravatar.com\/avatar\/a1c72d47914b6ffa21f1246920d5cff572eced8dc7c4ef1b629898b5a8c18fa5?s=96&d=mm&r=g","caption":"milena"},"url":"https:\/\/qtmm.org\/qt\/author\/milena\/"}]}},"_links":{"self":[{"href":"https:\/\/qtmm.org\/qt\/wp-json\/wp\/v2\/posts\/77839","targetHints":{"allow":["GET"]}}],"collection":[{"href":"https:\/\/qtmm.org\/qt\/wp-json\/wp\/v2\/posts"}],"about":[{"href":"https:\/\/qtmm.org\/qt\/wp-json\/wp\/v2\/types\/post"}],"author":[{"embeddable":true,"href":"https:\/\/qtmm.org\/qt\/wp-json\/wp\/v2\/users\/6"}],"replies":[{"embeddable":true,"href":"https:\/\/qtmm.org\/qt\/wp-json\/wp\/v2\/comments?post=77839"}],"version-history":[{"count":1,"href":"https:\/\/qtmm.org\/qt\/wp-json\/wp\/v2\/posts\/77839\/revisions"}],"predecessor-version":[{"id":77840,"href":"https:\/\/qtmm.org\/qt\/wp-json\/wp\/v2\/posts\/77839\/revisions\/77840"}],"wp:featuredmedia":[{"embeddable":true,"href":"https:\/\/qtmm.org\/qt\/wp-json\/wp\/v2\/media\/76146"}],"wp:attachment":[{"href":"https:\/\/qtmm.org\/qt\/wp-json\/wp\/v2\/media?parent=77839"}],"wp:term":[{"taxonomy":"category","embeddable":true,"href":"https:\/\/qtmm.org\/qt\/wp-json\/wp\/v2\/categories?post=77839"},{"taxonomy":"post_tag","embeddable":true,"href":"https:\/\/qtmm.org\/qt\/wp-json\/wp\/v2\/tags?post=77839"}],"curies":[{"name":"wp","href":"https:\/\/api.w.org\/{rel}","templated":true}]}}