




{"id":77832,"date":"2022-12-20T22:19:41","date_gmt":"2022-12-20T19:19:41","guid":{"rendered":"https:\/\/qtmm.org\/?p=77832"},"modified":"2022-12-20T22:19:43","modified_gmt":"2022-12-20T19:19:43","slug":"ukraina-qirimlilar-icun-vesiqalarni-aluv-sadelestirilgen-ceryanini-azirlay","status":"publish","type":"post","link":"https:\/\/qtmm.org\/qt\/ukraina-qirimlilar-icun-vesiqalarni-aluv-sadelestirilgen-ceryanini-azirlay\/","title":{"rendered":"Ukraina q\u0131r\u0131ml\u0131lar i\u00e7\u00fcn vesiqalarn\u0131 aluv sadele\u015ftirilgen ceryan\u0131n\u0131 az\u0131rlay"},"content":{"rendered":"\n<p>Foto: bykvu.com<\/p>\n\n\n\n<p>Ukrainada vaqt\u0131nca i\u015f\u011fal etilgen Q\u0131r\u0131mn\u0131\u00f1 sakinleri i\u00e7\u00fcn do\u011fma ve \u00f6l\u00fcm \u015feadetnamelerini aluv sadele\u015ftirilgen ceryan\u0131 az\u0131rlana.<\/p>\n\n\n\n<p>Ukraina prezidentini\u00f1 Q\u0131r\u0131m Muhtar Cumhuriyetindeki daimiy vekilini\u00f1 muavini Den\u0131s \u00c7\u0131stikov bun\u0131 bildirdi, dep <a href=\"https:\/\/hromadske.radio\/news\/2022\/12\/20\/ukraina-rozrobliaie-dlia-krymchan-sproshchenu-protseduru-otrymannia-svidotstv-pro-narodzhennia-ta-smert-chystikov\">Hromadske radio<\/a> yazd\u0131.<\/p>\n\n\n\n<p>O qayd etti ki, Ukraina qanunlar\u0131na m\u00fccibi, 2014 senesi Ukraina vatanda\u015flar\u0131 ol\u011fan, vaqt\u0131nca i\u015f\u011fal etilgen Q\u0131r\u0131mn\u0131\u00f1 sakinleri, Ukraina vatanda\u015flar\u0131 da qalalar. Ve b\u00fct\u00fcn medeniy d\u00fcnyanen beraber Ukraina olarn\u0131 Ukraina vatanda\u015flar\u0131 olaraq tan\u0131y.<\/p>\n\n\n\n<blockquote class=\"wp-block-quote is-layout-flow wp-block-quote-is-layout-flow\"><p>&#8211; <em>Olarn\u0131\u00f1 b\u00f6yle degen rus pasportlar\u0131n\u0131 alma\u011fa mecbur qalmalar\u0131 &#8211; tibbiy h\u0131zmetler ve Q\u0131r\u0131mnn\u0131\u00f1 topraqlar\u0131nda ya\u015fama imk\u00e2n\u0131n\u0131 almaq i\u00e7\u00fcn mecburiy bir ad\u0131md\u0131r. Bu, zornen pasportla\u015ft\u0131ruv edi. Rusiye, topraqlarn\u0131 i\u015f\u011fal eter etmez, sakinlerini de alma\u011fa \u0131nt\u0131ld\u0131. Bu, zapt etkenleri topraqlar\u011fa dair m\u00fcstemlekeci siyasetidir,<\/em> &#8211; dep \u00c7\u0131stikov bildirdi.<\/p><\/blockquote>\n\n\n\n<p>Bundan \u011fayr\u0131, rus pasportlar\u0131, siyasiy davalar i\u00e7\u00fcn de zornen berildi. \u00c7\u00fcnki ukrain tarafl\u0131 ol\u011fan Ukraina vatanda\u015flar\u0131na \u00fck\u00fcm \u00e7\u0131qar\u011fan so\u00f1 Rusiye olarn\u0131 Ukraina vatanda\u015flar\u0131 olaraq tan\u0131mad\u0131 ve de\u00f1i\u015fme cedvellerine kirsetmege istemedi.<\/p>\n\n\n\n<p>Den\u0131s \u00c7\u0131stikovn\u0131\u00f1 qayd etkenine k\u00f6re, so\u00f1 8 senedir vesiqalarn\u0131 verifikatsiya ceryan\u0131 ke\u00e7ire.<\/p>\n\n\n\n<p>O hat\u0131rlatt\u0131 ki, tolu miqyasl\u0131 tecavuzdan evel Q\u0131r\u0131mn\u0131\u00f1 sakinlerini\u00f1 Herson vil\u00e2yetinde, DMHni\u00f1 ve VAAQOn\u0131\u00f1 b\u00f6lgelerinde ukrain vesiqalar\u0131n\u0131 almaq imk\u00e2n\u0131 bar edi. Fevral ay\u0131n\u0131\u00f1 24-\u00fcnden so\u00f1 bu daa zor bir ceryan old\u0131, amma b\u00f6yle bir imk\u00e2n bar.<\/p>\n","protected":false},"excerpt":{"rendered":"<p>Foto: bykvu.com Ukrainada vaqt\u0131nca i\u015f\u011fal etilgen Q\u0131r\u0131mn\u0131\u00f1 sakinleri i\u00e7\u00fcn do\u011fma ve \u00f6l\u00fcm \u015feadetnamelerini aluv sadele\u015ftirilgen ceryan\u0131 az\u0131rlana. Ukraina prezidentini\u00f1 Q\u0131r\u0131m Muhtar Cumhuriyetindeki daimiy vekilini\u00f1 muavini Den\u0131s \u00c7\u0131stikov bun\u0131 bildirdi, dep Hromadske radio yazd\u0131. O qayd etti ki, Ukraina qanunlar\u0131na m\u00fccibi, 2014 senesi Ukraina vatanda\u015flar\u0131 ol\u011fan, vaqt\u0131nca i\u015f\u011fal etilgen Q\u0131r\u0131mn\u0131\u00f1 sakinleri, Ukraina vatanda\u015flar\u0131 da qalalar. Ve [&hellip;]<\/p>\n","protected":false},"author":6,"featured_media":77827,"comment_status":"open","ping_status":"open","sticky":false,"template":"","format":"standard","meta":{"inline_featured_image":false,"footnotes":""},"categories":[265],"tags":[],"class_list":["post-77832","post","type-post","status-publish","format-standard","has-post-thumbnail","hentry","category-haberler"],"acf":[],"yoast_head":"<!-- This site is optimized with the Yoast SEO plugin v27.4 - https:\/\/yoast.com\/product\/yoast-seo-wordpress\/ -->\n<title>Ukraina q\u0131r\u0131ml\u0131lar i\u00e7\u00fcn vesiqalarn\u0131 aluv sadele\u015ftirilgen ceryan\u0131n\u0131 az\u0131rlay - \u041c\u0435\u0434\u0436\u043b\u0456\u0441<\/title>\n<meta name=\"robots\" content=\"index, follow, max-snippet:-1, max-image-preview:large, max-video-preview:-1\" \/>\n<link rel=\"canonical\" href=\"https:\/\/qtmm.org\/qt\/ukraina-qirimlilar-icun-vesiqalarni-aluv-sadelestirilgen-ceryanini-azirlay\/\" \/>\n<meta property=\"og:locale\" content=\"en_US\" \/>\n<meta property=\"og:type\" content=\"article\" \/>\n<meta property=\"og:title\" content=\"Ukraina q\u0131r\u0131ml\u0131lar i\u00e7\u00fcn vesiqalarn\u0131 aluv sadele\u015ftirilgen ceryan\u0131n\u0131 az\u0131rlay - \u041c\u0435\u0434\u0436\u043b\u0456\u0441\" \/>\n<meta property=\"og:description\" content=\"Foto: bykvu.com Ukrainada vaqt\u0131nca i\u015f\u011fal etilgen Q\u0131r\u0131mn\u0131\u00f1 sakinleri i\u00e7\u00fcn do\u011fma ve \u00f6l\u00fcm \u015feadetnamelerini aluv sadele\u015ftirilgen ceryan\u0131 az\u0131rlana. Ukraina prezidentini\u00f1 Q\u0131r\u0131m Muhtar Cumhuriyetindeki daimiy vekilini\u00f1 muavini Den\u0131s \u00c7\u0131stikov bun\u0131 bildirdi, dep Hromadske radio yazd\u0131. O qayd etti ki, Ukraina qanunlar\u0131na m\u00fccibi, 2014 senesi Ukraina vatanda\u015flar\u0131 ol\u011fan, vaqt\u0131nca i\u015f\u011fal etilgen Q\u0131r\u0131mn\u0131\u00f1 sakinleri, Ukraina vatanda\u015flar\u0131 da qalalar. Ve [&hellip;]\" \/>\n<meta property=\"og:url\" content=\"https:\/\/qtmm.org\/qt\/ukraina-qirimlilar-icun-vesiqalarni-aluv-sadelestirilgen-ceryanini-azirlay\/\" \/>\n<meta property=\"og:site_name\" content=\"\u041c\u0435\u0434\u0436\u043b\u0456\u0441\" \/>\n<meta property=\"article:publisher\" content=\"https:\/\/www.facebook.com\/qtmm.info\/\" \/>\n<meta property=\"article:published_time\" content=\"2022-12-20T19:19:41+00:00\" \/>\n<meta property=\"article:modified_time\" content=\"2022-12-20T19:19:43+00:00\" \/>\n<meta property=\"og:image\" content=\"https:\/\/qtmm.org\/wp-content\/uploads\/2022\/12\/5.jpg\" \/>\n\t<meta property=\"og:image:width\" content=\"580\" \/>\n\t<meta property=\"og:image:height\" content=\"360\" \/>\n\t<meta property=\"og:image:type\" content=\"image\/jpeg\" \/>\n<meta name=\"author\" content=\"milena\" \/>\n<meta name=\"twitter:card\" content=\"summary_large_image\" \/>\n<meta name=\"twitter:label1\" content=\"Written by\" \/>\n\t<meta name=\"twitter:data1\" content=\"milena\" \/>\n\t<meta name=\"twitter:label2\" content=\"Est. reading time\" \/>\n\t<meta name=\"twitter:data2\" content=\"2 minutes\" \/>\n<script type=\"application\/ld+json\" class=\"yoast-schema-graph\">{\"@context\":\"https:\\\/\\\/schema.org\",\"@graph\":[{\"@type\":\"Article\",\"@id\":\"https:\\\/\\\/qtmm.org\\\/qt\\\/ukraina-qirimlilar-icun-vesiqalarni-aluv-sadelestirilgen-ceryanini-azirlay\\\/#article\",\"isPartOf\":{\"@id\":\"https:\\\/\\\/qtmm.org\\\/qt\\\/ukraina-qirimlilar-icun-vesiqalarni-aluv-sadelestirilgen-ceryanini-azirlay\\\/\"},\"author\":{\"name\":\"milena\",\"@id\":\"https:\\\/\\\/qtmm.org\\\/qt\\\/#\\\/schema\\\/person\\\/e19a16971e1d6077c60771108a0c2eb1\"},\"headline\":\"Ukraina q\u0131r\u0131ml\u0131lar i\u00e7\u00fcn vesiqalarn\u0131 aluv sadele\u015ftirilgen ceryan\u0131n\u0131 az\u0131rlay\",\"datePublished\":\"2022-12-20T19:19:41+00:00\",\"dateModified\":\"2022-12-20T19:19:43+00:00\",\"mainEntityOfPage\":{\"@id\":\"https:\\\/\\\/qtmm.org\\\/qt\\\/ukraina-qirimlilar-icun-vesiqalarni-aluv-sadelestirilgen-ceryanini-azirlay\\\/\"},\"wordCount\":273,\"commentCount\":0,\"publisher\":{\"@id\":\"https:\\\/\\\/qtmm.org\\\/qt\\\/#organization\"},\"image\":{\"@id\":\"https:\\\/\\\/qtmm.org\\\/qt\\\/ukraina-qirimlilar-icun-vesiqalarni-aluv-sadelestirilgen-ceryanini-azirlay\\\/#primaryimage\"},\"thumbnailUrl\":\"https:\\\/\\\/qtmm.org\\\/wp-content\\\/uploads\\\/2022\\\/12\\\/5.jpg\",\"articleSection\":[\"Haberler\"],\"inLanguage\":\"qt\",\"potentialAction\":[{\"@type\":\"CommentAction\",\"name\":\"Comment\",\"target\":[\"https:\\\/\\\/qtmm.org\\\/qt\\\/ukraina-qirimlilar-icun-vesiqalarni-aluv-sadelestirilgen-ceryanini-azirlay\\\/#respond\"]}]},{\"@type\":\"WebPage\",\"@id\":\"https:\\\/\\\/qtmm.org\\\/qt\\\/ukraina-qirimlilar-icun-vesiqalarni-aluv-sadelestirilgen-ceryanini-azirlay\\\/\",\"url\":\"https:\\\/\\\/qtmm.org\\\/qt\\\/ukraina-qirimlilar-icun-vesiqalarni-aluv-sadelestirilgen-ceryanini-azirlay\\\/\",\"name\":\"Ukraina q\u0131r\u0131ml\u0131lar i\u00e7\u00fcn vesiqalarn\u0131 aluv sadele\u015ftirilgen ceryan\u0131n\u0131 az\u0131rlay - \u041c\u0435\u0434\u0436\u043b\u0456\u0441\",\"isPartOf\":{\"@id\":\"https:\\\/\\\/qtmm.org\\\/qt\\\/#website\"},\"primaryImageOfPage\":{\"@id\":\"https:\\\/\\\/qtmm.org\\\/qt\\\/ukraina-qirimlilar-icun-vesiqalarni-aluv-sadelestirilgen-ceryanini-azirlay\\\/#primaryimage\"},\"image\":{\"@id\":\"https:\\\/\\\/qtmm.org\\\/qt\\\/ukraina-qirimlilar-icun-vesiqalarni-aluv-sadelestirilgen-ceryanini-azirlay\\\/#primaryimage\"},\"thumbnailUrl\":\"https:\\\/\\\/qtmm.org\\\/wp-content\\\/uploads\\\/2022\\\/12\\\/5.jpg\",\"datePublished\":\"2022-12-20T19:19:41+00:00\",\"dateModified\":\"2022-12-20T19:19:43+00:00\",\"breadcrumb\":{\"@id\":\"https:\\\/\\\/qtmm.org\\\/qt\\\/ukraina-qirimlilar-icun-vesiqalarni-aluv-sadelestirilgen-ceryanini-azirlay\\\/#breadcrumb\"},\"inLanguage\":\"qt\",\"potentialAction\":[{\"@type\":\"ReadAction\",\"target\":[\"https:\\\/\\\/qtmm.org\\\/qt\\\/ukraina-qirimlilar-icun-vesiqalarni-aluv-sadelestirilgen-ceryanini-azirlay\\\/\"]}]},{\"@type\":\"ImageObject\",\"inLanguage\":\"qt\",\"@id\":\"https:\\\/\\\/qtmm.org\\\/qt\\\/ukraina-qirimlilar-icun-vesiqalarni-aluv-sadelestirilgen-ceryanini-azirlay\\\/#primaryimage\",\"url\":\"https:\\\/\\\/qtmm.org\\\/wp-content\\\/uploads\\\/2022\\\/12\\\/5.jpg\",\"contentUrl\":\"https:\\\/\\\/qtmm.org\\\/wp-content\\\/uploads\\\/2022\\\/12\\\/5.jpg\",\"width\":580,\"height\":360},{\"@type\":\"BreadcrumbList\",\"@id\":\"https:\\\/\\\/qtmm.org\\\/qt\\\/ukraina-qirimlilar-icun-vesiqalarni-aluv-sadelestirilgen-ceryanini-azirlay\\\/#breadcrumb\",\"itemListElement\":[{\"@type\":\"ListItem\",\"position\":1,\"name\":\"\u0413\u043e\u043b\u043e\u0432\u043d\u0430\",\"item\":\"https:\\\/\\\/qtmm.org\\\/qt\\\/\"},{\"@type\":\"ListItem\",\"position\":2,\"name\":\"Ukraina q\u0131r\u0131ml\u0131lar i\u00e7\u00fcn vesiqalarn\u0131 aluv sadele\u015ftirilgen ceryan\u0131n\u0131 az\u0131rlay\"}]},{\"@type\":\"WebSite\",\"@id\":\"https:\\\/\\\/qtmm.org\\\/qt\\\/#website\",\"url\":\"https:\\\/\\\/qtmm.org\\\/qt\\\/\",\"name\":\"\u041c\u0435\u0434\u0436\u043b\u0456\u0441\",\"description\":\"\",\"publisher\":{\"@id\":\"https:\\\/\\\/qtmm.org\\\/qt\\\/#organization\"},\"potentialAction\":[{\"@type\":\"SearchAction\",\"target\":{\"@type\":\"EntryPoint\",\"urlTemplate\":\"https:\\\/\\\/qtmm.org\\\/qt\\\/?s={search_term_string}\"},\"query-input\":{\"@type\":\"PropertyValueSpecification\",\"valueRequired\":true,\"valueName\":\"search_term_string\"}}],\"inLanguage\":\"qt\"},{\"@type\":\"Organization\",\"@id\":\"https:\\\/\\\/qtmm.org\\\/qt\\\/#organization\",\"name\":\"\u041c\u0435\u0434\u0436\u043b\u0456\u0441\",\"url\":\"https:\\\/\\\/qtmm.org\\\/qt\\\/\",\"logo\":{\"@type\":\"ImageObject\",\"inLanguage\":\"qt\",\"@id\":\"https:\\\/\\\/qtmm.org\\\/qt\\\/#\\\/schema\\\/logo\\\/image\\\/\",\"url\":\"https:\\\/\\\/qtmm.org\\\/wp-content\\\/uploads\\\/2024\\\/12\\\/ua-mejlis-logo-rgb.svg\",\"contentUrl\":\"https:\\\/\\\/qtmm.org\\\/wp-content\\\/uploads\\\/2024\\\/12\\\/ua-mejlis-logo-rgb.svg\",\"caption\":\"\u041c\u0435\u0434\u0436\u043b\u0456\u0441\"},\"image\":{\"@id\":\"https:\\\/\\\/qtmm.org\\\/qt\\\/#\\\/schema\\\/logo\\\/image\\\/\"},\"sameAs\":[\"https:\\\/\\\/www.facebook.com\\\/qtmm.info\\\/\"]},{\"@type\":\"Person\",\"@id\":\"https:\\\/\\\/qtmm.org\\\/qt\\\/#\\\/schema\\\/person\\\/e19a16971e1d6077c60771108a0c2eb1\",\"name\":\"milena\",\"image\":{\"@type\":\"ImageObject\",\"inLanguage\":\"qt\",\"@id\":\"https:\\\/\\\/secure.gravatar.com\\\/avatar\\\/a1c72d47914b6ffa21f1246920d5cff572eced8dc7c4ef1b629898b5a8c18fa5?s=96&d=mm&r=g\",\"url\":\"https:\\\/\\\/secure.gravatar.com\\\/avatar\\\/a1c72d47914b6ffa21f1246920d5cff572eced8dc7c4ef1b629898b5a8c18fa5?s=96&d=mm&r=g\",\"contentUrl\":\"https:\\\/\\\/secure.gravatar.com\\\/avatar\\\/a1c72d47914b6ffa21f1246920d5cff572eced8dc7c4ef1b629898b5a8c18fa5?s=96&d=mm&r=g\",\"caption\":\"milena\"},\"url\":\"https:\\\/\\\/qtmm.org\\\/qt\\\/author\\\/milena\\\/\"}]}<\/script>\n<!-- \/ Yoast SEO plugin. -->","yoast_head_json":{"title":"Ukraina q\u0131r\u0131ml\u0131lar i\u00e7\u00fcn vesiqalarn\u0131 aluv sadele\u015ftirilgen ceryan\u0131n\u0131 az\u0131rlay - \u041c\u0435\u0434\u0436\u043b\u0456\u0441","robots":{"index":"index","follow":"follow","max-snippet":"max-snippet:-1","max-image-preview":"max-image-preview:large","max-video-preview":"max-video-preview:-1"},"canonical":"https:\/\/qtmm.org\/qt\/ukraina-qirimlilar-icun-vesiqalarni-aluv-sadelestirilgen-ceryanini-azirlay\/","og_locale":"en_US","og_type":"article","og_title":"Ukraina q\u0131r\u0131ml\u0131lar i\u00e7\u00fcn vesiqalarn\u0131 aluv sadele\u015ftirilgen ceryan\u0131n\u0131 az\u0131rlay - \u041c\u0435\u0434\u0436\u043b\u0456\u0441","og_description":"Foto: bykvu.com Ukrainada vaqt\u0131nca i\u015f\u011fal etilgen Q\u0131r\u0131mn\u0131\u00f1 sakinleri i\u00e7\u00fcn do\u011fma ve \u00f6l\u00fcm \u015feadetnamelerini aluv sadele\u015ftirilgen ceryan\u0131 az\u0131rlana. Ukraina prezidentini\u00f1 Q\u0131r\u0131m Muhtar Cumhuriyetindeki daimiy vekilini\u00f1 muavini Den\u0131s \u00c7\u0131stikov bun\u0131 bildirdi, dep Hromadske radio yazd\u0131. O qayd etti ki, Ukraina qanunlar\u0131na m\u00fccibi, 2014 senesi Ukraina vatanda\u015flar\u0131 ol\u011fan, vaqt\u0131nca i\u015f\u011fal etilgen Q\u0131r\u0131mn\u0131\u00f1 sakinleri, Ukraina vatanda\u015flar\u0131 da qalalar. Ve [&hellip;]","og_url":"https:\/\/qtmm.org\/qt\/ukraina-qirimlilar-icun-vesiqalarni-aluv-sadelestirilgen-ceryanini-azirlay\/","og_site_name":"\u041c\u0435\u0434\u0436\u043b\u0456\u0441","article_publisher":"https:\/\/www.facebook.com\/qtmm.info\/","article_published_time":"2022-12-20T19:19:41+00:00","article_modified_time":"2022-12-20T19:19:43+00:00","og_image":[{"width":580,"height":360,"url":"https:\/\/qtmm.org\/wp-content\/uploads\/2022\/12\/5.jpg","type":"image\/jpeg"}],"author":"milena","twitter_card":"summary_large_image","twitter_misc":{"Written by":"milena","Est. reading time":"2 minutes"},"schema":{"@context":"https:\/\/schema.org","@graph":[{"@type":"Article","@id":"https:\/\/qtmm.org\/qt\/ukraina-qirimlilar-icun-vesiqalarni-aluv-sadelestirilgen-ceryanini-azirlay\/#article","isPartOf":{"@id":"https:\/\/qtmm.org\/qt\/ukraina-qirimlilar-icun-vesiqalarni-aluv-sadelestirilgen-ceryanini-azirlay\/"},"author":{"name":"milena","@id":"https:\/\/qtmm.org\/qt\/#\/schema\/person\/e19a16971e1d6077c60771108a0c2eb1"},"headline":"Ukraina q\u0131r\u0131ml\u0131lar i\u00e7\u00fcn vesiqalarn\u0131 aluv sadele\u015ftirilgen ceryan\u0131n\u0131 az\u0131rlay","datePublished":"2022-12-20T19:19:41+00:00","dateModified":"2022-12-20T19:19:43+00:00","mainEntityOfPage":{"@id":"https:\/\/qtmm.org\/qt\/ukraina-qirimlilar-icun-vesiqalarni-aluv-sadelestirilgen-ceryanini-azirlay\/"},"wordCount":273,"commentCount":0,"publisher":{"@id":"https:\/\/qtmm.org\/qt\/#organization"},"image":{"@id":"https:\/\/qtmm.org\/qt\/ukraina-qirimlilar-icun-vesiqalarni-aluv-sadelestirilgen-ceryanini-azirlay\/#primaryimage"},"thumbnailUrl":"https:\/\/qtmm.org\/wp-content\/uploads\/2022\/12\/5.jpg","articleSection":["Haberler"],"inLanguage":"qt","potentialAction":[{"@type":"CommentAction","name":"Comment","target":["https:\/\/qtmm.org\/qt\/ukraina-qirimlilar-icun-vesiqalarni-aluv-sadelestirilgen-ceryanini-azirlay\/#respond"]}]},{"@type":"WebPage","@id":"https:\/\/qtmm.org\/qt\/ukraina-qirimlilar-icun-vesiqalarni-aluv-sadelestirilgen-ceryanini-azirlay\/","url":"https:\/\/qtmm.org\/qt\/ukraina-qirimlilar-icun-vesiqalarni-aluv-sadelestirilgen-ceryanini-azirlay\/","name":"Ukraina q\u0131r\u0131ml\u0131lar i\u00e7\u00fcn vesiqalarn\u0131 aluv sadele\u015ftirilgen ceryan\u0131n\u0131 az\u0131rlay - \u041c\u0435\u0434\u0436\u043b\u0456\u0441","isPartOf":{"@id":"https:\/\/qtmm.org\/qt\/#website"},"primaryImageOfPage":{"@id":"https:\/\/qtmm.org\/qt\/ukraina-qirimlilar-icun-vesiqalarni-aluv-sadelestirilgen-ceryanini-azirlay\/#primaryimage"},"image":{"@id":"https:\/\/qtmm.org\/qt\/ukraina-qirimlilar-icun-vesiqalarni-aluv-sadelestirilgen-ceryanini-azirlay\/#primaryimage"},"thumbnailUrl":"https:\/\/qtmm.org\/wp-content\/uploads\/2022\/12\/5.jpg","datePublished":"2022-12-20T19:19:41+00:00","dateModified":"2022-12-20T19:19:43+00:00","breadcrumb":{"@id":"https:\/\/qtmm.org\/qt\/ukraina-qirimlilar-icun-vesiqalarni-aluv-sadelestirilgen-ceryanini-azirlay\/#breadcrumb"},"inLanguage":"qt","potentialAction":[{"@type":"ReadAction","target":["https:\/\/qtmm.org\/qt\/ukraina-qirimlilar-icun-vesiqalarni-aluv-sadelestirilgen-ceryanini-azirlay\/"]}]},{"@type":"ImageObject","inLanguage":"qt","@id":"https:\/\/qtmm.org\/qt\/ukraina-qirimlilar-icun-vesiqalarni-aluv-sadelestirilgen-ceryanini-azirlay\/#primaryimage","url":"https:\/\/qtmm.org\/wp-content\/uploads\/2022\/12\/5.jpg","contentUrl":"https:\/\/qtmm.org\/wp-content\/uploads\/2022\/12\/5.jpg","width":580,"height":360},{"@type":"BreadcrumbList","@id":"https:\/\/qtmm.org\/qt\/ukraina-qirimlilar-icun-vesiqalarni-aluv-sadelestirilgen-ceryanini-azirlay\/#breadcrumb","itemListElement":[{"@type":"ListItem","position":1,"name":"\u0413\u043e\u043b\u043e\u0432\u043d\u0430","item":"https:\/\/qtmm.org\/qt\/"},{"@type":"ListItem","position":2,"name":"Ukraina q\u0131r\u0131ml\u0131lar i\u00e7\u00fcn vesiqalarn\u0131 aluv sadele\u015ftirilgen ceryan\u0131n\u0131 az\u0131rlay"}]},{"@type":"WebSite","@id":"https:\/\/qtmm.org\/qt\/#website","url":"https:\/\/qtmm.org\/qt\/","name":"\u041c\u0435\u0434\u0436\u043b\u0456\u0441","description":"","publisher":{"@id":"https:\/\/qtmm.org\/qt\/#organization"},"potentialAction":[{"@type":"SearchAction","target":{"@type":"EntryPoint","urlTemplate":"https:\/\/qtmm.org\/qt\/?s={search_term_string}"},"query-input":{"@type":"PropertyValueSpecification","valueRequired":true,"valueName":"search_term_string"}}],"inLanguage":"qt"},{"@type":"Organization","@id":"https:\/\/qtmm.org\/qt\/#organization","name":"\u041c\u0435\u0434\u0436\u043b\u0456\u0441","url":"https:\/\/qtmm.org\/qt\/","logo":{"@type":"ImageObject","inLanguage":"qt","@id":"https:\/\/qtmm.org\/qt\/#\/schema\/logo\/image\/","url":"https:\/\/qtmm.org\/wp-content\/uploads\/2024\/12\/ua-mejlis-logo-rgb.svg","contentUrl":"https:\/\/qtmm.org\/wp-content\/uploads\/2024\/12\/ua-mejlis-logo-rgb.svg","caption":"\u041c\u0435\u0434\u0436\u043b\u0456\u0441"},"image":{"@id":"https:\/\/qtmm.org\/qt\/#\/schema\/logo\/image\/"},"sameAs":["https:\/\/www.facebook.com\/qtmm.info\/"]},{"@type":"Person","@id":"https:\/\/qtmm.org\/qt\/#\/schema\/person\/e19a16971e1d6077c60771108a0c2eb1","name":"milena","image":{"@type":"ImageObject","inLanguage":"qt","@id":"https:\/\/secure.gravatar.com\/avatar\/a1c72d47914b6ffa21f1246920d5cff572eced8dc7c4ef1b629898b5a8c18fa5?s=96&d=mm&r=g","url":"https:\/\/secure.gravatar.com\/avatar\/a1c72d47914b6ffa21f1246920d5cff572eced8dc7c4ef1b629898b5a8c18fa5?s=96&d=mm&r=g","contentUrl":"https:\/\/secure.gravatar.com\/avatar\/a1c72d47914b6ffa21f1246920d5cff572eced8dc7c4ef1b629898b5a8c18fa5?s=96&d=mm&r=g","caption":"milena"},"url":"https:\/\/qtmm.org\/qt\/author\/milena\/"}]}},"_links":{"self":[{"href":"https:\/\/qtmm.org\/qt\/wp-json\/wp\/v2\/posts\/77832","targetHints":{"allow":["GET"]}}],"collection":[{"href":"https:\/\/qtmm.org\/qt\/wp-json\/wp\/v2\/posts"}],"about":[{"href":"https:\/\/qtmm.org\/qt\/wp-json\/wp\/v2\/types\/post"}],"author":[{"embeddable":true,"href":"https:\/\/qtmm.org\/qt\/wp-json\/wp\/v2\/users\/6"}],"replies":[{"embeddable":true,"href":"https:\/\/qtmm.org\/qt\/wp-json\/wp\/v2\/comments?post=77832"}],"version-history":[{"count":1,"href":"https:\/\/qtmm.org\/qt\/wp-json\/wp\/v2\/posts\/77832\/revisions"}],"predecessor-version":[{"id":77833,"href":"https:\/\/qtmm.org\/qt\/wp-json\/wp\/v2\/posts\/77832\/revisions\/77833"}],"wp:featuredmedia":[{"embeddable":true,"href":"https:\/\/qtmm.org\/qt\/wp-json\/wp\/v2\/media\/77827"}],"wp:attachment":[{"href":"https:\/\/qtmm.org\/qt\/wp-json\/wp\/v2\/media?parent=77832"}],"wp:term":[{"taxonomy":"category","embeddable":true,"href":"https:\/\/qtmm.org\/qt\/wp-json\/wp\/v2\/categories?post=77832"},{"taxonomy":"post_tag","embeddable":true,"href":"https:\/\/qtmm.org\/qt\/wp-json\/wp\/v2\/tags?post=77832"}],"curies":[{"name":"wp","href":"https:\/\/api.w.org\/{rel}","templated":true}]}}