




{"id":77816,"date":"2022-12-19T16:33:21","date_gmt":"2022-12-19T13:33:21","guid":{"rendered":"https:\/\/qtmm.org\/?p=77816"},"modified":"2022-12-19T16:33:23","modified_gmt":"2022-12-19T13:33:23","slug":"ukraina-hansarayni-viran-etuv-sebebinden-unescoga-muracaat-etti","status":"publish","type":"post","link":"https:\/\/qtmm.org\/qt\/ukraina-hansarayni-viran-etuv-sebebinden-unescoga-muracaat-etti\/","title":{"rendered":"Ukraina, Hansarayn\u0131 viran et\u00fcv sebebinden UNESCO\u011fa muracaat etti"},"content":{"rendered":"\n<p>Rusiye, Q\u0131r\u0131mda q\u0131r\u0131mtatarlarn\u0131\u00f1 bar olmas\u0131n\u0131\u00f1 delili ol\u011fan Ba\u011f\u00e7asaraydaki Hansarayn\u0131 viran ete. Bun\u0131\u00f1 i\u00e7\u00fcn Ukraina medeniyet naziri Oleksandr Tka\u00e7enko UNESCO\u011fa muracaat etti, dep <a href=\"https:\/\/zaxid.net\/ukrayina_zvernulasya_do_yunesko_cherez_znishhennya_rosiyeyu_hanskogo_palatsu_n1554799\">zaxid.net<\/a> haber berdi. UNESCO &#8211; medeniy mirasn\u0131 saqlama\u011fa vaazifeli ol\u011fan te\u015fkil\u00e2tt\u0131r.<\/p>\n\n\n\n<p>Nazir hat\u0131rlatt\u0131 ki, Ba\u011f\u00e7asaraydaki Hansaray &#8211; bu topraqlarda q\u0131r\u0131mtatarlarn\u0131\u00f1 bar olmas\u0131, inki\u015faf\u0131 ve etnogenezini saqla\u011fan yek\u00e2ne q\u0131r\u0131mtatar tek mimuriy abidesidir.<\/p>\n\n\n\n<blockquote class=\"wp-block-quote is-layout-flow wp-block-quote-is-layout-flow\"><p>&#8211; <em>\u0130\u015f\u011falciler on\u0131 viran eteler. Olar, Alt\u0131n i\u015f odas\u0131n\u0131\u00f1\u00a0renkli cam resimleri ve dam\u0131n\u0131 bozalar, eski dam\u0131n\u0131 ya\u00f1\u0131 zemaneviy quruc\u0131l\u0131q mazlemelerine de\u00f1i\u015ftireler. Yani milliy abideni ya\u00f1\u0131 in\u015fa vastas\u0131nen yoq eteler. Biz UNESCOn\u0131\u00f1 diqqat\u0131n\u0131 on\u0131\u00f1 daimiy azas\u0131n\u0131\u00f1\u00a0printsipleri ve areketlerine daa bir kere \u00e7ekemiz, &#8211; dep Tka\u00e7enko yazd\u0131.<\/em><\/p><\/blockquote>\n\n\n\n<p>Ke\u00e7enlerde t\u0131\u015f i\u015fleri nazirini\u00f1 muavini Emine Ceppar ayn\u0131 mevzudan UNESCO\u011fa muracaat etti.<\/p>\n\n\n\n<p>Qayd etemiz ki, ke\u00e7kende Hansarayn\u0131\u00f1 ilk k\u00f6r\u00fcni\u015fi de\u00f1i\u015ftirildi. 1736 senesi feldmar\u015fal Burhad Minih as\u0131l Hansarayn\u0131 yaqt\u0131. Ayn\u0131 zamanda Q\u0131r\u0131m hanl\u0131\u011f\u0131n\u0131\u00f1&nbsp;arhivi de yoq etildi. Bundan so\u00f1 o bir qa\u00e7 kere ya\u00f1\u0131dan quruld\u0131. Q\u0131r\u0131mtatar ustalar\u0131n\u0131\u00f1 yapqanlar\u0131 bu quruc\u0131l\u0131q i\u015fleri, muayyen vaq\u0131tqa qadar, as\u0131l dep t\u00fc\u015f\u00fcnmek m\u00fcmk\u00fcn. Soviet vaqt\u0131nda, q\u0131r\u0131mtatarlarn\u0131\u00f1 s\u00fcrg\u00fcnliginden so\u00f1 saray \u00e7oq zarar k\u00f6rdi.<\/p>\n","protected":false},"excerpt":{"rendered":"<p>Rusiye, Q\u0131r\u0131mda q\u0131r\u0131mtatarlarn\u0131\u00f1 bar olmas\u0131n\u0131\u00f1 delili ol\u011fan Ba\u011f\u00e7asaraydaki Hansarayn\u0131 viran ete. Bun\u0131\u00f1 i\u00e7\u00fcn Ukraina medeniyet naziri Oleksandr Tka\u00e7enko UNESCO\u011fa muracaat etti, dep zaxid.net haber berdi. UNESCO &#8211; medeniy mirasn\u0131 saqlama\u011fa vaazifeli ol\u011fan te\u015fkil\u00e2tt\u0131r. Nazir hat\u0131rlatt\u0131 ki, Ba\u011f\u00e7asaraydaki Hansaray &#8211; bu topraqlarda q\u0131r\u0131mtatarlarn\u0131\u00f1 bar olmas\u0131, inki\u015faf\u0131 ve etnogenezini saqla\u011fan yek\u00e2ne q\u0131r\u0131mtatar tek mimuriy abidesidir. &#8211; \u0130\u015f\u011falciler [&hellip;]<\/p>\n","protected":false},"author":6,"featured_media":77811,"comment_status":"open","ping_status":"open","sticky":false,"template":"","format":"standard","meta":{"inline_featured_image":false,"footnotes":""},"categories":[265],"tags":[],"class_list":["post-77816","post","type-post","status-publish","format-standard","has-post-thumbnail","hentry","category-haberler"],"acf":[],"yoast_head":"<!-- This site is optimized with the Yoast SEO plugin v27.4 - https:\/\/yoast.com\/product\/yoast-seo-wordpress\/ -->\n<title>Ukraina, Hansarayn\u0131 viran et\u00fcv sebebinden UNESCO\u011fa muracaat etti - \u041c\u0435\u0434\u0436\u043b\u0456\u0441<\/title>\n<meta name=\"robots\" content=\"index, follow, max-snippet:-1, max-image-preview:large, max-video-preview:-1\" \/>\n<link rel=\"canonical\" href=\"https:\/\/qtmm.org\/qt\/ukraina-hansarayni-viran-etuv-sebebinden-unescoga-muracaat-etti\/\" \/>\n<meta property=\"og:locale\" content=\"en_US\" \/>\n<meta property=\"og:type\" content=\"article\" \/>\n<meta property=\"og:title\" content=\"Ukraina, Hansarayn\u0131 viran et\u00fcv sebebinden UNESCO\u011fa muracaat etti - \u041c\u0435\u0434\u0436\u043b\u0456\u0441\" \/>\n<meta property=\"og:description\" content=\"Rusiye, Q\u0131r\u0131mda q\u0131r\u0131mtatarlarn\u0131\u00f1 bar olmas\u0131n\u0131\u00f1 delili ol\u011fan Ba\u011f\u00e7asaraydaki Hansarayn\u0131 viran ete. Bun\u0131\u00f1 i\u00e7\u00fcn Ukraina medeniyet naziri Oleksandr Tka\u00e7enko UNESCO\u011fa muracaat etti, dep zaxid.net haber berdi. UNESCO &#8211; medeniy mirasn\u0131 saqlama\u011fa vaazifeli ol\u011fan te\u015fkil\u00e2tt\u0131r. Nazir hat\u0131rlatt\u0131 ki, Ba\u011f\u00e7asaraydaki Hansaray &#8211; bu topraqlarda q\u0131r\u0131mtatarlarn\u0131\u00f1 bar olmas\u0131, inki\u015faf\u0131 ve etnogenezini saqla\u011fan yek\u00e2ne q\u0131r\u0131mtatar tek mimuriy abidesidir. &#8211; \u0130\u015f\u011falciler [&hellip;]\" \/>\n<meta property=\"og:url\" content=\"https:\/\/qtmm.org\/qt\/ukraina-hansarayni-viran-etuv-sebebinden-unescoga-muracaat-etti\/\" \/>\n<meta property=\"og:site_name\" content=\"\u041c\u0435\u0434\u0436\u043b\u0456\u0441\" \/>\n<meta property=\"article:publisher\" content=\"https:\/\/www.facebook.com\/qtmm.info\/\" \/>\n<meta property=\"article:published_time\" content=\"2022-12-19T13:33:21+00:00\" \/>\n<meta property=\"article:modified_time\" content=\"2022-12-19T13:33:23+00:00\" \/>\n<meta property=\"og:image\" content=\"https:\/\/qtmm.org\/wp-content\/uploads\/2022\/12\/xanskij-dvorec-baxchisaraj-1-696x430-1.jpg\" \/>\n\t<meta property=\"og:image:width\" content=\"696\" \/>\n\t<meta property=\"og:image:height\" content=\"430\" \/>\n\t<meta property=\"og:image:type\" content=\"image\/jpeg\" \/>\n<meta name=\"author\" content=\"milena\" \/>\n<meta name=\"twitter:card\" content=\"summary_large_image\" \/>\n<meta name=\"twitter:label1\" content=\"Written by\" \/>\n\t<meta name=\"twitter:data1\" content=\"milena\" \/>\n\t<meta name=\"twitter:label2\" content=\"Est. reading time\" \/>\n\t<meta name=\"twitter:data2\" content=\"1 minute\" \/>\n<script type=\"application\/ld+json\" class=\"yoast-schema-graph\">{\"@context\":\"https:\\\/\\\/schema.org\",\"@graph\":[{\"@type\":\"Article\",\"@id\":\"https:\\\/\\\/qtmm.org\\\/qt\\\/ukraina-hansarayni-viran-etuv-sebebinden-unescoga-muracaat-etti\\\/#article\",\"isPartOf\":{\"@id\":\"https:\\\/\\\/qtmm.org\\\/qt\\\/ukraina-hansarayni-viran-etuv-sebebinden-unescoga-muracaat-etti\\\/\"},\"author\":{\"name\":\"milena\",\"@id\":\"https:\\\/\\\/qtmm.org\\\/qt\\\/#\\\/schema\\\/person\\\/e19a16971e1d6077c60771108a0c2eb1\"},\"headline\":\"Ukraina, Hansarayn\u0131 viran et\u00fcv sebebinden UNESCO\u011fa muracaat etti\",\"datePublished\":\"2022-12-19T13:33:21+00:00\",\"dateModified\":\"2022-12-19T13:33:23+00:00\",\"mainEntityOfPage\":{\"@id\":\"https:\\\/\\\/qtmm.org\\\/qt\\\/ukraina-hansarayni-viran-etuv-sebebinden-unescoga-muracaat-etti\\\/\"},\"wordCount\":246,\"commentCount\":0,\"publisher\":{\"@id\":\"https:\\\/\\\/qtmm.org\\\/qt\\\/#organization\"},\"image\":{\"@id\":\"https:\\\/\\\/qtmm.org\\\/qt\\\/ukraina-hansarayni-viran-etuv-sebebinden-unescoga-muracaat-etti\\\/#primaryimage\"},\"thumbnailUrl\":\"https:\\\/\\\/qtmm.org\\\/wp-content\\\/uploads\\\/2022\\\/12\\\/xanskij-dvorec-baxchisaraj-1-696x430-1.jpg\",\"articleSection\":[\"Haberler\"],\"inLanguage\":\"qt\",\"potentialAction\":[{\"@type\":\"CommentAction\",\"name\":\"Comment\",\"target\":[\"https:\\\/\\\/qtmm.org\\\/qt\\\/ukraina-hansarayni-viran-etuv-sebebinden-unescoga-muracaat-etti\\\/#respond\"]}]},{\"@type\":\"WebPage\",\"@id\":\"https:\\\/\\\/qtmm.org\\\/qt\\\/ukraina-hansarayni-viran-etuv-sebebinden-unescoga-muracaat-etti\\\/\",\"url\":\"https:\\\/\\\/qtmm.org\\\/qt\\\/ukraina-hansarayni-viran-etuv-sebebinden-unescoga-muracaat-etti\\\/\",\"name\":\"Ukraina, Hansarayn\u0131 viran et\u00fcv sebebinden UNESCO\u011fa muracaat etti - \u041c\u0435\u0434\u0436\u043b\u0456\u0441\",\"isPartOf\":{\"@id\":\"https:\\\/\\\/qtmm.org\\\/qt\\\/#website\"},\"primaryImageOfPage\":{\"@id\":\"https:\\\/\\\/qtmm.org\\\/qt\\\/ukraina-hansarayni-viran-etuv-sebebinden-unescoga-muracaat-etti\\\/#primaryimage\"},\"image\":{\"@id\":\"https:\\\/\\\/qtmm.org\\\/qt\\\/ukraina-hansarayni-viran-etuv-sebebinden-unescoga-muracaat-etti\\\/#primaryimage\"},\"thumbnailUrl\":\"https:\\\/\\\/qtmm.org\\\/wp-content\\\/uploads\\\/2022\\\/12\\\/xanskij-dvorec-baxchisaraj-1-696x430-1.jpg\",\"datePublished\":\"2022-12-19T13:33:21+00:00\",\"dateModified\":\"2022-12-19T13:33:23+00:00\",\"breadcrumb\":{\"@id\":\"https:\\\/\\\/qtmm.org\\\/qt\\\/ukraina-hansarayni-viran-etuv-sebebinden-unescoga-muracaat-etti\\\/#breadcrumb\"},\"inLanguage\":\"qt\",\"potentialAction\":[{\"@type\":\"ReadAction\",\"target\":[\"https:\\\/\\\/qtmm.org\\\/qt\\\/ukraina-hansarayni-viran-etuv-sebebinden-unescoga-muracaat-etti\\\/\"]}]},{\"@type\":\"ImageObject\",\"inLanguage\":\"qt\",\"@id\":\"https:\\\/\\\/qtmm.org\\\/qt\\\/ukraina-hansarayni-viran-etuv-sebebinden-unescoga-muracaat-etti\\\/#primaryimage\",\"url\":\"https:\\\/\\\/qtmm.org\\\/wp-content\\\/uploads\\\/2022\\\/12\\\/xanskij-dvorec-baxchisaraj-1-696x430-1.jpg\",\"contentUrl\":\"https:\\\/\\\/qtmm.org\\\/wp-content\\\/uploads\\\/2022\\\/12\\\/xanskij-dvorec-baxchisaraj-1-696x430-1.jpg\",\"width\":696,\"height\":430},{\"@type\":\"BreadcrumbList\",\"@id\":\"https:\\\/\\\/qtmm.org\\\/qt\\\/ukraina-hansarayni-viran-etuv-sebebinden-unescoga-muracaat-etti\\\/#breadcrumb\",\"itemListElement\":[{\"@type\":\"ListItem\",\"position\":1,\"name\":\"\u0413\u043e\u043b\u043e\u0432\u043d\u0430\",\"item\":\"https:\\\/\\\/qtmm.org\\\/qt\\\/\"},{\"@type\":\"ListItem\",\"position\":2,\"name\":\"Ukraina, Hansarayn\u0131 viran et\u00fcv sebebinden UNESCO\u011fa muracaat etti\"}]},{\"@type\":\"WebSite\",\"@id\":\"https:\\\/\\\/qtmm.org\\\/qt\\\/#website\",\"url\":\"https:\\\/\\\/qtmm.org\\\/qt\\\/\",\"name\":\"\u041c\u0435\u0434\u0436\u043b\u0456\u0441\",\"description\":\"\",\"publisher\":{\"@id\":\"https:\\\/\\\/qtmm.org\\\/qt\\\/#organization\"},\"potentialAction\":[{\"@type\":\"SearchAction\",\"target\":{\"@type\":\"EntryPoint\",\"urlTemplate\":\"https:\\\/\\\/qtmm.org\\\/qt\\\/?s={search_term_string}\"},\"query-input\":{\"@type\":\"PropertyValueSpecification\",\"valueRequired\":true,\"valueName\":\"search_term_string\"}}],\"inLanguage\":\"qt\"},{\"@type\":\"Organization\",\"@id\":\"https:\\\/\\\/qtmm.org\\\/qt\\\/#organization\",\"name\":\"\u041c\u0435\u0434\u0436\u043b\u0456\u0441\",\"url\":\"https:\\\/\\\/qtmm.org\\\/qt\\\/\",\"logo\":{\"@type\":\"ImageObject\",\"inLanguage\":\"qt\",\"@id\":\"https:\\\/\\\/qtmm.org\\\/qt\\\/#\\\/schema\\\/logo\\\/image\\\/\",\"url\":\"https:\\\/\\\/qtmm.org\\\/wp-content\\\/uploads\\\/2024\\\/12\\\/ua-mejlis-logo-rgb.svg\",\"contentUrl\":\"https:\\\/\\\/qtmm.org\\\/wp-content\\\/uploads\\\/2024\\\/12\\\/ua-mejlis-logo-rgb.svg\",\"caption\":\"\u041c\u0435\u0434\u0436\u043b\u0456\u0441\"},\"image\":{\"@id\":\"https:\\\/\\\/qtmm.org\\\/qt\\\/#\\\/schema\\\/logo\\\/image\\\/\"},\"sameAs\":[\"https:\\\/\\\/www.facebook.com\\\/qtmm.info\\\/\"]},{\"@type\":\"Person\",\"@id\":\"https:\\\/\\\/qtmm.org\\\/qt\\\/#\\\/schema\\\/person\\\/e19a16971e1d6077c60771108a0c2eb1\",\"name\":\"milena\",\"image\":{\"@type\":\"ImageObject\",\"inLanguage\":\"qt\",\"@id\":\"https:\\\/\\\/secure.gravatar.com\\\/avatar\\\/a1c72d47914b6ffa21f1246920d5cff572eced8dc7c4ef1b629898b5a8c18fa5?s=96&d=mm&r=g\",\"url\":\"https:\\\/\\\/secure.gravatar.com\\\/avatar\\\/a1c72d47914b6ffa21f1246920d5cff572eced8dc7c4ef1b629898b5a8c18fa5?s=96&d=mm&r=g\",\"contentUrl\":\"https:\\\/\\\/secure.gravatar.com\\\/avatar\\\/a1c72d47914b6ffa21f1246920d5cff572eced8dc7c4ef1b629898b5a8c18fa5?s=96&d=mm&r=g\",\"caption\":\"milena\"},\"url\":\"https:\\\/\\\/qtmm.org\\\/qt\\\/author\\\/milena\\\/\"}]}<\/script>\n<!-- \/ Yoast SEO plugin. -->","yoast_head_json":{"title":"Ukraina, Hansarayn\u0131 viran et\u00fcv sebebinden UNESCO\u011fa muracaat etti - \u041c\u0435\u0434\u0436\u043b\u0456\u0441","robots":{"index":"index","follow":"follow","max-snippet":"max-snippet:-1","max-image-preview":"max-image-preview:large","max-video-preview":"max-video-preview:-1"},"canonical":"https:\/\/qtmm.org\/qt\/ukraina-hansarayni-viran-etuv-sebebinden-unescoga-muracaat-etti\/","og_locale":"en_US","og_type":"article","og_title":"Ukraina, Hansarayn\u0131 viran et\u00fcv sebebinden UNESCO\u011fa muracaat etti - \u041c\u0435\u0434\u0436\u043b\u0456\u0441","og_description":"Rusiye, Q\u0131r\u0131mda q\u0131r\u0131mtatarlarn\u0131\u00f1 bar olmas\u0131n\u0131\u00f1 delili ol\u011fan Ba\u011f\u00e7asaraydaki Hansarayn\u0131 viran ete. Bun\u0131\u00f1 i\u00e7\u00fcn Ukraina medeniyet naziri Oleksandr Tka\u00e7enko UNESCO\u011fa muracaat etti, dep zaxid.net haber berdi. UNESCO &#8211; medeniy mirasn\u0131 saqlama\u011fa vaazifeli ol\u011fan te\u015fkil\u00e2tt\u0131r. Nazir hat\u0131rlatt\u0131 ki, Ba\u011f\u00e7asaraydaki Hansaray &#8211; bu topraqlarda q\u0131r\u0131mtatarlarn\u0131\u00f1 bar olmas\u0131, inki\u015faf\u0131 ve etnogenezini saqla\u011fan yek\u00e2ne q\u0131r\u0131mtatar tek mimuriy abidesidir. &#8211; \u0130\u015f\u011falciler [&hellip;]","og_url":"https:\/\/qtmm.org\/qt\/ukraina-hansarayni-viran-etuv-sebebinden-unescoga-muracaat-etti\/","og_site_name":"\u041c\u0435\u0434\u0436\u043b\u0456\u0441","article_publisher":"https:\/\/www.facebook.com\/qtmm.info\/","article_published_time":"2022-12-19T13:33:21+00:00","article_modified_time":"2022-12-19T13:33:23+00:00","og_image":[{"width":696,"height":430,"url":"https:\/\/qtmm.org\/wp-content\/uploads\/2022\/12\/xanskij-dvorec-baxchisaraj-1-696x430-1.jpg","type":"image\/jpeg"}],"author":"milena","twitter_card":"summary_large_image","twitter_misc":{"Written by":"milena","Est. reading time":"1 minute"},"schema":{"@context":"https:\/\/schema.org","@graph":[{"@type":"Article","@id":"https:\/\/qtmm.org\/qt\/ukraina-hansarayni-viran-etuv-sebebinden-unescoga-muracaat-etti\/#article","isPartOf":{"@id":"https:\/\/qtmm.org\/qt\/ukraina-hansarayni-viran-etuv-sebebinden-unescoga-muracaat-etti\/"},"author":{"name":"milena","@id":"https:\/\/qtmm.org\/qt\/#\/schema\/person\/e19a16971e1d6077c60771108a0c2eb1"},"headline":"Ukraina, Hansarayn\u0131 viran et\u00fcv sebebinden UNESCO\u011fa muracaat etti","datePublished":"2022-12-19T13:33:21+00:00","dateModified":"2022-12-19T13:33:23+00:00","mainEntityOfPage":{"@id":"https:\/\/qtmm.org\/qt\/ukraina-hansarayni-viran-etuv-sebebinden-unescoga-muracaat-etti\/"},"wordCount":246,"commentCount":0,"publisher":{"@id":"https:\/\/qtmm.org\/qt\/#organization"},"image":{"@id":"https:\/\/qtmm.org\/qt\/ukraina-hansarayni-viran-etuv-sebebinden-unescoga-muracaat-etti\/#primaryimage"},"thumbnailUrl":"https:\/\/qtmm.org\/wp-content\/uploads\/2022\/12\/xanskij-dvorec-baxchisaraj-1-696x430-1.jpg","articleSection":["Haberler"],"inLanguage":"qt","potentialAction":[{"@type":"CommentAction","name":"Comment","target":["https:\/\/qtmm.org\/qt\/ukraina-hansarayni-viran-etuv-sebebinden-unescoga-muracaat-etti\/#respond"]}]},{"@type":"WebPage","@id":"https:\/\/qtmm.org\/qt\/ukraina-hansarayni-viran-etuv-sebebinden-unescoga-muracaat-etti\/","url":"https:\/\/qtmm.org\/qt\/ukraina-hansarayni-viran-etuv-sebebinden-unescoga-muracaat-etti\/","name":"Ukraina, Hansarayn\u0131 viran et\u00fcv sebebinden UNESCO\u011fa muracaat etti - \u041c\u0435\u0434\u0436\u043b\u0456\u0441","isPartOf":{"@id":"https:\/\/qtmm.org\/qt\/#website"},"primaryImageOfPage":{"@id":"https:\/\/qtmm.org\/qt\/ukraina-hansarayni-viran-etuv-sebebinden-unescoga-muracaat-etti\/#primaryimage"},"image":{"@id":"https:\/\/qtmm.org\/qt\/ukraina-hansarayni-viran-etuv-sebebinden-unescoga-muracaat-etti\/#primaryimage"},"thumbnailUrl":"https:\/\/qtmm.org\/wp-content\/uploads\/2022\/12\/xanskij-dvorec-baxchisaraj-1-696x430-1.jpg","datePublished":"2022-12-19T13:33:21+00:00","dateModified":"2022-12-19T13:33:23+00:00","breadcrumb":{"@id":"https:\/\/qtmm.org\/qt\/ukraina-hansarayni-viran-etuv-sebebinden-unescoga-muracaat-etti\/#breadcrumb"},"inLanguage":"qt","potentialAction":[{"@type":"ReadAction","target":["https:\/\/qtmm.org\/qt\/ukraina-hansarayni-viran-etuv-sebebinden-unescoga-muracaat-etti\/"]}]},{"@type":"ImageObject","inLanguage":"qt","@id":"https:\/\/qtmm.org\/qt\/ukraina-hansarayni-viran-etuv-sebebinden-unescoga-muracaat-etti\/#primaryimage","url":"https:\/\/qtmm.org\/wp-content\/uploads\/2022\/12\/xanskij-dvorec-baxchisaraj-1-696x430-1.jpg","contentUrl":"https:\/\/qtmm.org\/wp-content\/uploads\/2022\/12\/xanskij-dvorec-baxchisaraj-1-696x430-1.jpg","width":696,"height":430},{"@type":"BreadcrumbList","@id":"https:\/\/qtmm.org\/qt\/ukraina-hansarayni-viran-etuv-sebebinden-unescoga-muracaat-etti\/#breadcrumb","itemListElement":[{"@type":"ListItem","position":1,"name":"\u0413\u043e\u043b\u043e\u0432\u043d\u0430","item":"https:\/\/qtmm.org\/qt\/"},{"@type":"ListItem","position":2,"name":"Ukraina, Hansarayn\u0131 viran et\u00fcv sebebinden UNESCO\u011fa muracaat etti"}]},{"@type":"WebSite","@id":"https:\/\/qtmm.org\/qt\/#website","url":"https:\/\/qtmm.org\/qt\/","name":"\u041c\u0435\u0434\u0436\u043b\u0456\u0441","description":"","publisher":{"@id":"https:\/\/qtmm.org\/qt\/#organization"},"potentialAction":[{"@type":"SearchAction","target":{"@type":"EntryPoint","urlTemplate":"https:\/\/qtmm.org\/qt\/?s={search_term_string}"},"query-input":{"@type":"PropertyValueSpecification","valueRequired":true,"valueName":"search_term_string"}}],"inLanguage":"qt"},{"@type":"Organization","@id":"https:\/\/qtmm.org\/qt\/#organization","name":"\u041c\u0435\u0434\u0436\u043b\u0456\u0441","url":"https:\/\/qtmm.org\/qt\/","logo":{"@type":"ImageObject","inLanguage":"qt","@id":"https:\/\/qtmm.org\/qt\/#\/schema\/logo\/image\/","url":"https:\/\/qtmm.org\/wp-content\/uploads\/2024\/12\/ua-mejlis-logo-rgb.svg","contentUrl":"https:\/\/qtmm.org\/wp-content\/uploads\/2024\/12\/ua-mejlis-logo-rgb.svg","caption":"\u041c\u0435\u0434\u0436\u043b\u0456\u0441"},"image":{"@id":"https:\/\/qtmm.org\/qt\/#\/schema\/logo\/image\/"},"sameAs":["https:\/\/www.facebook.com\/qtmm.info\/"]},{"@type":"Person","@id":"https:\/\/qtmm.org\/qt\/#\/schema\/person\/e19a16971e1d6077c60771108a0c2eb1","name":"milena","image":{"@type":"ImageObject","inLanguage":"qt","@id":"https:\/\/secure.gravatar.com\/avatar\/a1c72d47914b6ffa21f1246920d5cff572eced8dc7c4ef1b629898b5a8c18fa5?s=96&d=mm&r=g","url":"https:\/\/secure.gravatar.com\/avatar\/a1c72d47914b6ffa21f1246920d5cff572eced8dc7c4ef1b629898b5a8c18fa5?s=96&d=mm&r=g","contentUrl":"https:\/\/secure.gravatar.com\/avatar\/a1c72d47914b6ffa21f1246920d5cff572eced8dc7c4ef1b629898b5a8c18fa5?s=96&d=mm&r=g","caption":"milena"},"url":"https:\/\/qtmm.org\/qt\/author\/milena\/"}]}},"_links":{"self":[{"href":"https:\/\/qtmm.org\/qt\/wp-json\/wp\/v2\/posts\/77816","targetHints":{"allow":["GET"]}}],"collection":[{"href":"https:\/\/qtmm.org\/qt\/wp-json\/wp\/v2\/posts"}],"about":[{"href":"https:\/\/qtmm.org\/qt\/wp-json\/wp\/v2\/types\/post"}],"author":[{"embeddable":true,"href":"https:\/\/qtmm.org\/qt\/wp-json\/wp\/v2\/users\/6"}],"replies":[{"embeddable":true,"href":"https:\/\/qtmm.org\/qt\/wp-json\/wp\/v2\/comments?post=77816"}],"version-history":[{"count":1,"href":"https:\/\/qtmm.org\/qt\/wp-json\/wp\/v2\/posts\/77816\/revisions"}],"predecessor-version":[{"id":77817,"href":"https:\/\/qtmm.org\/qt\/wp-json\/wp\/v2\/posts\/77816\/revisions\/77817"}],"wp:featuredmedia":[{"embeddable":true,"href":"https:\/\/qtmm.org\/qt\/wp-json\/wp\/v2\/media\/77811"}],"wp:attachment":[{"href":"https:\/\/qtmm.org\/qt\/wp-json\/wp\/v2\/media?parent=77816"}],"wp:term":[{"taxonomy":"category","embeddable":true,"href":"https:\/\/qtmm.org\/qt\/wp-json\/wp\/v2\/categories?post=77816"},{"taxonomy":"post_tag","embeddable":true,"href":"https:\/\/qtmm.org\/qt\/wp-json\/wp\/v2\/tags?post=77816"}],"curies":[{"name":"wp","href":"https:\/\/api.w.org\/{rel}","templated":true}]}}