




{"id":77767,"date":"2022-12-16T16:12:57","date_gmt":"2022-12-16T13:12:57","guid":{"rendered":"https:\/\/qtmm.org\/?p=77767"},"modified":"2022-12-16T16:12:59","modified_gmt":"2022-12-16T13:12:59","slug":"yirci-jamala-baydenlernen-korusti","status":"publish","type":"post","link":"https:\/\/qtmm.org\/qt\/yirci-jamala-baydenlernen-korusti\/","title":{"rendered":"Y\u0131rc\u0131 Jamala Baydenlernen k\u00f6r\u00fc\u015fti"},"content":{"rendered":"\n<p>Ukrain ve q\u0131r\u0131mtatar y\u0131rc\u0131s\u0131, the Eurovision Song Contestni\u00f1\u00a0\u011falibi ol\u011fan Jamala, AQ\u015e Prezidenti Cozef Bayden ve qad\u0131n\u0131 Cill Bayden ile k\u00f6r\u00fc\u015fti.<\/p>\n\n\n\n<blockquote class=\"wp-block-quote is-layout-flow wp-block-quote-is-layout-flow\"><p><em>&#8211; T\u00fc\u015f\u00fcnem ki, du\u015fman\u011fa qar\u015f\u0131 bu cenkte tek ba\u015f\u0131m\u0131z\u011fa degilmiz. Co ve Cill Baydenlerge bu k\u00f6r\u00fc\u015f\u00fcv i\u00e7\u00fcn minnetdar\u0131m. Bu t\u00fcr vaqialar, tamam bizim orta \u011falebemizge do\u011fru yaq\u0131nla\u015fma\u011fa k\u00fc\u00e7 berir. Mustaqil Ukrainan\u0131\u00f1 b\u00fct\u00fcn topraqlar\u0131nda,<\/em> &#8211; y\u0131rc\u0131 yazd\u0131.<\/p><\/blockquote>\n\n\n        \n        <div class=\"embedpress-gutenberg-wrapper source-provider-Facebook aligncenter clear   ep-content-protection-disabled inline\" id=\"\" data-embed-type=\"Facebook \">\n            <div class=\"wp-block-embed__wrapper \">\n                <div id=\"ep-gutenberg-content-\" class=\"ep-gutenberg-content\">\n                    <div >\n                        <div class=\"ep-embed-content-wraper preset-default insta-grid ep-google-photos-carousel\"\n                                                                                                                >\n\n                            <div class=\"ose- ose-uid-1a3a8786ea3a36671bcbaeb8296dd3df ose-embedpress-responsive\" style=\"width:600px; max-width:100%; height: auto; display:inline-block;\"><iframe loading=\"lazy\" allowFullScreen=\"true\" class=\"embera-facebook-iframe-1a3a8 embedpress-facebook--iframe\" src=\"https:\/\/www.facebook.com\/plugins\/post.php?href=https%3A%2F%2Fwww.facebook.com%2Fjamalaofficial%2Fposts%2F709344497218137&#038;width=600&#038;height=600&#038;show_text=true\" width=\"600\" height=\"600\" style=\"border:none;overflow:hidden\" scrolling=\"no\" frameborder=\"0\" allowTransparency=\"true\" allowFullScreen=\"true\" title=\"Y\u0131rc\u0131 Jamala Baydenlernen k\u00f6r\u00fc\u015fti\"><\/iframe><\/div>                        <\/div>\n\n                                            <\/div>\n                <\/div>\n            <\/div>\n        <\/div>\n    ","protected":false},"excerpt":{"rendered":"<p>Ukrain ve q\u0131r\u0131mtatar y\u0131rc\u0131s\u0131, the Eurovision Song Contestni\u00f1\u00a0\u011falibi ol\u011fan Jamala, AQ\u015e Prezidenti Cozef Bayden ve qad\u0131n\u0131 Cill Bayden ile k\u00f6r\u00fc\u015fti. &#8211; T\u00fc\u015f\u00fcnem ki, du\u015fman\u011fa qar\u015f\u0131 bu cenkte tek ba\u015f\u0131m\u0131z\u011fa degilmiz. Co ve Cill Baydenlerge bu k\u00f6r\u00fc\u015f\u00fcv i\u00e7\u00fcn minnetdar\u0131m. Bu t\u00fcr vaqialar, tamam bizim orta \u011falebemizge do\u011fru yaq\u0131nla\u015fma\u011fa k\u00fc\u00e7 berir. Mustaqil Ukrainan\u0131\u00f1 b\u00fct\u00fcn topraqlar\u0131nda, &#8211; y\u0131rc\u0131 [&hellip;]<\/p>\n","protected":false},"author":6,"featured_media":77764,"comment_status":"open","ping_status":"open","sticky":false,"template":"","format":"standard","meta":{"inline_featured_image":false,"footnotes":""},"categories":[265],"tags":[],"class_list":["post-77767","post","type-post","status-publish","format-standard","has-post-thumbnail","hentry","category-haberler"],"acf":[],"yoast_head":"<!-- This site is optimized with the Yoast SEO plugin v27.4 - https:\/\/yoast.com\/product\/yoast-seo-wordpress\/ -->\n<title>Y\u0131rc\u0131 Jamala Baydenlernen k\u00f6r\u00fc\u015fti - \u041c\u0435\u0434\u0436\u043b\u0456\u0441<\/title>\n<meta name=\"robots\" content=\"index, follow, max-snippet:-1, max-image-preview:large, max-video-preview:-1\" \/>\n<link rel=\"canonical\" href=\"https:\/\/qtmm.org\/qt\/yirci-jamala-baydenlernen-korusti\/\" \/>\n<meta property=\"og:locale\" content=\"en_US\" \/>\n<meta property=\"og:type\" content=\"article\" \/>\n<meta property=\"og:title\" content=\"Y\u0131rc\u0131 Jamala Baydenlernen k\u00f6r\u00fc\u015fti - \u041c\u0435\u0434\u0436\u043b\u0456\u0441\" \/>\n<meta property=\"og:description\" content=\"Ukrain ve q\u0131r\u0131mtatar y\u0131rc\u0131s\u0131, the Eurovision Song Contestni\u00f1\u00a0\u011falibi ol\u011fan Jamala, AQ\u015e Prezidenti Cozef Bayden ve qad\u0131n\u0131 Cill Bayden ile k\u00f6r\u00fc\u015fti. &#8211; T\u00fc\u015f\u00fcnem ki, du\u015fman\u011fa qar\u015f\u0131 bu cenkte tek ba\u015f\u0131m\u0131z\u011fa degilmiz. Co ve Cill Baydenlerge bu k\u00f6r\u00fc\u015f\u00fcv i\u00e7\u00fcn minnetdar\u0131m. Bu t\u00fcr vaqialar, tamam bizim orta \u011falebemizge do\u011fru yaq\u0131nla\u015fma\u011fa k\u00fc\u00e7 berir. Mustaqil Ukrainan\u0131\u00f1 b\u00fct\u00fcn topraqlar\u0131nda, &#8211; y\u0131rc\u0131 [&hellip;]\" \/>\n<meta property=\"og:url\" content=\"https:\/\/qtmm.org\/qt\/yirci-jamala-baydenlernen-korusti\/\" \/>\n<meta property=\"og:site_name\" content=\"\u041c\u0435\u0434\u0436\u043b\u0456\u0441\" \/>\n<meta property=\"article:publisher\" content=\"https:\/\/www.facebook.com\/qtmm.info\/\" \/>\n<meta property=\"article:published_time\" content=\"2022-12-16T13:12:57+00:00\" \/>\n<meta property=\"article:modified_time\" content=\"2022-12-16T13:12:59+00:00\" \/>\n<meta property=\"og:image\" content=\"https:\/\/qtmm.org\/wp-content\/uploads\/2022\/12\/320332593_1092802488056682_2230092407164324805_n.jpg\" \/>\n\t<meta property=\"og:image:width\" content=\"2048\" \/>\n\t<meta property=\"og:image:height\" content=\"1364\" \/>\n\t<meta property=\"og:image:type\" content=\"image\/jpeg\" \/>\n<meta name=\"author\" content=\"milena\" \/>\n<meta name=\"twitter:card\" content=\"summary_large_image\" \/>\n<meta name=\"twitter:label1\" content=\"Written by\" \/>\n\t<meta name=\"twitter:data1\" content=\"milena\" \/>\n\t<meta name=\"twitter:label2\" content=\"Est. reading time\" \/>\n\t<meta name=\"twitter:data2\" content=\"1 minute\" \/>\n<script type=\"application\/ld+json\" class=\"yoast-schema-graph\">{\"@context\":\"https:\\\/\\\/schema.org\",\"@graph\":[{\"@type\":\"Article\",\"@id\":\"https:\\\/\\\/qtmm.org\\\/qt\\\/yirci-jamala-baydenlernen-korusti\\\/#article\",\"isPartOf\":{\"@id\":\"https:\\\/\\\/qtmm.org\\\/qt\\\/yirci-jamala-baydenlernen-korusti\\\/\"},\"author\":{\"name\":\"milena\",\"@id\":\"https:\\\/\\\/qtmm.org\\\/qt\\\/#\\\/schema\\\/person\\\/e19a16971e1d6077c60771108a0c2eb1\"},\"headline\":\"Y\u0131rc\u0131 Jamala Baydenlernen k\u00f6r\u00fc\u015fti\",\"datePublished\":\"2022-12-16T13:12:57+00:00\",\"dateModified\":\"2022-12-16T13:12:59+00:00\",\"mainEntityOfPage\":{\"@id\":\"https:\\\/\\\/qtmm.org\\\/qt\\\/yirci-jamala-baydenlernen-korusti\\\/\"},\"wordCount\":91,\"commentCount\":0,\"publisher\":{\"@id\":\"https:\\\/\\\/qtmm.org\\\/qt\\\/#organization\"},\"image\":{\"@id\":\"https:\\\/\\\/qtmm.org\\\/qt\\\/yirci-jamala-baydenlernen-korusti\\\/#primaryimage\"},\"thumbnailUrl\":\"https:\\\/\\\/qtmm.org\\\/wp-content\\\/uploads\\\/2022\\\/12\\\/320332593_1092802488056682_2230092407164324805_n.jpg\",\"articleSection\":[\"Haberler\"],\"inLanguage\":\"qt\",\"potentialAction\":[{\"@type\":\"CommentAction\",\"name\":\"Comment\",\"target\":[\"https:\\\/\\\/qtmm.org\\\/qt\\\/yirci-jamala-baydenlernen-korusti\\\/#respond\"]}]},{\"@type\":\"WebPage\",\"@id\":\"https:\\\/\\\/qtmm.org\\\/qt\\\/yirci-jamala-baydenlernen-korusti\\\/\",\"url\":\"https:\\\/\\\/qtmm.org\\\/qt\\\/yirci-jamala-baydenlernen-korusti\\\/\",\"name\":\"Y\u0131rc\u0131 Jamala Baydenlernen k\u00f6r\u00fc\u015fti - \u041c\u0435\u0434\u0436\u043b\u0456\u0441\",\"isPartOf\":{\"@id\":\"https:\\\/\\\/qtmm.org\\\/qt\\\/#website\"},\"primaryImageOfPage\":{\"@id\":\"https:\\\/\\\/qtmm.org\\\/qt\\\/yirci-jamala-baydenlernen-korusti\\\/#primaryimage\"},\"image\":{\"@id\":\"https:\\\/\\\/qtmm.org\\\/qt\\\/yirci-jamala-baydenlernen-korusti\\\/#primaryimage\"},\"thumbnailUrl\":\"https:\\\/\\\/qtmm.org\\\/wp-content\\\/uploads\\\/2022\\\/12\\\/320332593_1092802488056682_2230092407164324805_n.jpg\",\"datePublished\":\"2022-12-16T13:12:57+00:00\",\"dateModified\":\"2022-12-16T13:12:59+00:00\",\"breadcrumb\":{\"@id\":\"https:\\\/\\\/qtmm.org\\\/qt\\\/yirci-jamala-baydenlernen-korusti\\\/#breadcrumb\"},\"inLanguage\":\"qt\",\"potentialAction\":[{\"@type\":\"ReadAction\",\"target\":[\"https:\\\/\\\/qtmm.org\\\/qt\\\/yirci-jamala-baydenlernen-korusti\\\/\"]}]},{\"@type\":\"ImageObject\",\"inLanguage\":\"qt\",\"@id\":\"https:\\\/\\\/qtmm.org\\\/qt\\\/yirci-jamala-baydenlernen-korusti\\\/#primaryimage\",\"url\":\"https:\\\/\\\/qtmm.org\\\/wp-content\\\/uploads\\\/2022\\\/12\\\/320332593_1092802488056682_2230092407164324805_n.jpg\",\"contentUrl\":\"https:\\\/\\\/qtmm.org\\\/wp-content\\\/uploads\\\/2022\\\/12\\\/320332593_1092802488056682_2230092407164324805_n.jpg\",\"width\":2048,\"height\":1364},{\"@type\":\"BreadcrumbList\",\"@id\":\"https:\\\/\\\/qtmm.org\\\/qt\\\/yirci-jamala-baydenlernen-korusti\\\/#breadcrumb\",\"itemListElement\":[{\"@type\":\"ListItem\",\"position\":1,\"name\":\"\u0413\u043e\u043b\u043e\u0432\u043d\u0430\",\"item\":\"https:\\\/\\\/qtmm.org\\\/qt\\\/\"},{\"@type\":\"ListItem\",\"position\":2,\"name\":\"Y\u0131rc\u0131 Jamala Baydenlernen k\u00f6r\u00fc\u015fti\"}]},{\"@type\":\"WebSite\",\"@id\":\"https:\\\/\\\/qtmm.org\\\/qt\\\/#website\",\"url\":\"https:\\\/\\\/qtmm.org\\\/qt\\\/\",\"name\":\"\u041c\u0435\u0434\u0436\u043b\u0456\u0441\",\"description\":\"\",\"publisher\":{\"@id\":\"https:\\\/\\\/qtmm.org\\\/qt\\\/#organization\"},\"potentialAction\":[{\"@type\":\"SearchAction\",\"target\":{\"@type\":\"EntryPoint\",\"urlTemplate\":\"https:\\\/\\\/qtmm.org\\\/qt\\\/?s={search_term_string}\"},\"query-input\":{\"@type\":\"PropertyValueSpecification\",\"valueRequired\":true,\"valueName\":\"search_term_string\"}}],\"inLanguage\":\"qt\"},{\"@type\":\"Organization\",\"@id\":\"https:\\\/\\\/qtmm.org\\\/qt\\\/#organization\",\"name\":\"\u041c\u0435\u0434\u0436\u043b\u0456\u0441\",\"url\":\"https:\\\/\\\/qtmm.org\\\/qt\\\/\",\"logo\":{\"@type\":\"ImageObject\",\"inLanguage\":\"qt\",\"@id\":\"https:\\\/\\\/qtmm.org\\\/qt\\\/#\\\/schema\\\/logo\\\/image\\\/\",\"url\":\"https:\\\/\\\/qtmm.org\\\/wp-content\\\/uploads\\\/2024\\\/12\\\/ua-mejlis-logo-rgb.svg\",\"contentUrl\":\"https:\\\/\\\/qtmm.org\\\/wp-content\\\/uploads\\\/2024\\\/12\\\/ua-mejlis-logo-rgb.svg\",\"caption\":\"\u041c\u0435\u0434\u0436\u043b\u0456\u0441\"},\"image\":{\"@id\":\"https:\\\/\\\/qtmm.org\\\/qt\\\/#\\\/schema\\\/logo\\\/image\\\/\"},\"sameAs\":[\"https:\\\/\\\/www.facebook.com\\\/qtmm.info\\\/\"]},{\"@type\":\"Person\",\"@id\":\"https:\\\/\\\/qtmm.org\\\/qt\\\/#\\\/schema\\\/person\\\/e19a16971e1d6077c60771108a0c2eb1\",\"name\":\"milena\",\"image\":{\"@type\":\"ImageObject\",\"inLanguage\":\"qt\",\"@id\":\"https:\\\/\\\/secure.gravatar.com\\\/avatar\\\/a1c72d47914b6ffa21f1246920d5cff572eced8dc7c4ef1b629898b5a8c18fa5?s=96&d=mm&r=g\",\"url\":\"https:\\\/\\\/secure.gravatar.com\\\/avatar\\\/a1c72d47914b6ffa21f1246920d5cff572eced8dc7c4ef1b629898b5a8c18fa5?s=96&d=mm&r=g\",\"contentUrl\":\"https:\\\/\\\/secure.gravatar.com\\\/avatar\\\/a1c72d47914b6ffa21f1246920d5cff572eced8dc7c4ef1b629898b5a8c18fa5?s=96&d=mm&r=g\",\"caption\":\"milena\"},\"url\":\"https:\\\/\\\/qtmm.org\\\/qt\\\/author\\\/milena\\\/\"}]}<\/script>\n<!-- \/ Yoast SEO plugin. -->","yoast_head_json":{"title":"Y\u0131rc\u0131 Jamala Baydenlernen k\u00f6r\u00fc\u015fti - \u041c\u0435\u0434\u0436\u043b\u0456\u0441","robots":{"index":"index","follow":"follow","max-snippet":"max-snippet:-1","max-image-preview":"max-image-preview:large","max-video-preview":"max-video-preview:-1"},"canonical":"https:\/\/qtmm.org\/qt\/yirci-jamala-baydenlernen-korusti\/","og_locale":"en_US","og_type":"article","og_title":"Y\u0131rc\u0131 Jamala Baydenlernen k\u00f6r\u00fc\u015fti - \u041c\u0435\u0434\u0436\u043b\u0456\u0441","og_description":"Ukrain ve q\u0131r\u0131mtatar y\u0131rc\u0131s\u0131, the Eurovision Song Contestni\u00f1\u00a0\u011falibi ol\u011fan Jamala, AQ\u015e Prezidenti Cozef Bayden ve qad\u0131n\u0131 Cill Bayden ile k\u00f6r\u00fc\u015fti. &#8211; T\u00fc\u015f\u00fcnem ki, du\u015fman\u011fa qar\u015f\u0131 bu cenkte tek ba\u015f\u0131m\u0131z\u011fa degilmiz. Co ve Cill Baydenlerge bu k\u00f6r\u00fc\u015f\u00fcv i\u00e7\u00fcn minnetdar\u0131m. Bu t\u00fcr vaqialar, tamam bizim orta \u011falebemizge do\u011fru yaq\u0131nla\u015fma\u011fa k\u00fc\u00e7 berir. Mustaqil Ukrainan\u0131\u00f1 b\u00fct\u00fcn topraqlar\u0131nda, &#8211; y\u0131rc\u0131 [&hellip;]","og_url":"https:\/\/qtmm.org\/qt\/yirci-jamala-baydenlernen-korusti\/","og_site_name":"\u041c\u0435\u0434\u0436\u043b\u0456\u0441","article_publisher":"https:\/\/www.facebook.com\/qtmm.info\/","article_published_time":"2022-12-16T13:12:57+00:00","article_modified_time":"2022-12-16T13:12:59+00:00","og_image":[{"width":2048,"height":1364,"url":"https:\/\/qtmm.org\/wp-content\/uploads\/2022\/12\/320332593_1092802488056682_2230092407164324805_n.jpg","type":"image\/jpeg"}],"author":"milena","twitter_card":"summary_large_image","twitter_misc":{"Written by":"milena","Est. reading time":"1 minute"},"schema":{"@context":"https:\/\/schema.org","@graph":[{"@type":"Article","@id":"https:\/\/qtmm.org\/qt\/yirci-jamala-baydenlernen-korusti\/#article","isPartOf":{"@id":"https:\/\/qtmm.org\/qt\/yirci-jamala-baydenlernen-korusti\/"},"author":{"name":"milena","@id":"https:\/\/qtmm.org\/qt\/#\/schema\/person\/e19a16971e1d6077c60771108a0c2eb1"},"headline":"Y\u0131rc\u0131 Jamala Baydenlernen k\u00f6r\u00fc\u015fti","datePublished":"2022-12-16T13:12:57+00:00","dateModified":"2022-12-16T13:12:59+00:00","mainEntityOfPage":{"@id":"https:\/\/qtmm.org\/qt\/yirci-jamala-baydenlernen-korusti\/"},"wordCount":91,"commentCount":0,"publisher":{"@id":"https:\/\/qtmm.org\/qt\/#organization"},"image":{"@id":"https:\/\/qtmm.org\/qt\/yirci-jamala-baydenlernen-korusti\/#primaryimage"},"thumbnailUrl":"https:\/\/qtmm.org\/wp-content\/uploads\/2022\/12\/320332593_1092802488056682_2230092407164324805_n.jpg","articleSection":["Haberler"],"inLanguage":"qt","potentialAction":[{"@type":"CommentAction","name":"Comment","target":["https:\/\/qtmm.org\/qt\/yirci-jamala-baydenlernen-korusti\/#respond"]}]},{"@type":"WebPage","@id":"https:\/\/qtmm.org\/qt\/yirci-jamala-baydenlernen-korusti\/","url":"https:\/\/qtmm.org\/qt\/yirci-jamala-baydenlernen-korusti\/","name":"Y\u0131rc\u0131 Jamala Baydenlernen k\u00f6r\u00fc\u015fti - \u041c\u0435\u0434\u0436\u043b\u0456\u0441","isPartOf":{"@id":"https:\/\/qtmm.org\/qt\/#website"},"primaryImageOfPage":{"@id":"https:\/\/qtmm.org\/qt\/yirci-jamala-baydenlernen-korusti\/#primaryimage"},"image":{"@id":"https:\/\/qtmm.org\/qt\/yirci-jamala-baydenlernen-korusti\/#primaryimage"},"thumbnailUrl":"https:\/\/qtmm.org\/wp-content\/uploads\/2022\/12\/320332593_1092802488056682_2230092407164324805_n.jpg","datePublished":"2022-12-16T13:12:57+00:00","dateModified":"2022-12-16T13:12:59+00:00","breadcrumb":{"@id":"https:\/\/qtmm.org\/qt\/yirci-jamala-baydenlernen-korusti\/#breadcrumb"},"inLanguage":"qt","potentialAction":[{"@type":"ReadAction","target":["https:\/\/qtmm.org\/qt\/yirci-jamala-baydenlernen-korusti\/"]}]},{"@type":"ImageObject","inLanguage":"qt","@id":"https:\/\/qtmm.org\/qt\/yirci-jamala-baydenlernen-korusti\/#primaryimage","url":"https:\/\/qtmm.org\/wp-content\/uploads\/2022\/12\/320332593_1092802488056682_2230092407164324805_n.jpg","contentUrl":"https:\/\/qtmm.org\/wp-content\/uploads\/2022\/12\/320332593_1092802488056682_2230092407164324805_n.jpg","width":2048,"height":1364},{"@type":"BreadcrumbList","@id":"https:\/\/qtmm.org\/qt\/yirci-jamala-baydenlernen-korusti\/#breadcrumb","itemListElement":[{"@type":"ListItem","position":1,"name":"\u0413\u043e\u043b\u043e\u0432\u043d\u0430","item":"https:\/\/qtmm.org\/qt\/"},{"@type":"ListItem","position":2,"name":"Y\u0131rc\u0131 Jamala Baydenlernen k\u00f6r\u00fc\u015fti"}]},{"@type":"WebSite","@id":"https:\/\/qtmm.org\/qt\/#website","url":"https:\/\/qtmm.org\/qt\/","name":"\u041c\u0435\u0434\u0436\u043b\u0456\u0441","description":"","publisher":{"@id":"https:\/\/qtmm.org\/qt\/#organization"},"potentialAction":[{"@type":"SearchAction","target":{"@type":"EntryPoint","urlTemplate":"https:\/\/qtmm.org\/qt\/?s={search_term_string}"},"query-input":{"@type":"PropertyValueSpecification","valueRequired":true,"valueName":"search_term_string"}}],"inLanguage":"qt"},{"@type":"Organization","@id":"https:\/\/qtmm.org\/qt\/#organization","name":"\u041c\u0435\u0434\u0436\u043b\u0456\u0441","url":"https:\/\/qtmm.org\/qt\/","logo":{"@type":"ImageObject","inLanguage":"qt","@id":"https:\/\/qtmm.org\/qt\/#\/schema\/logo\/image\/","url":"https:\/\/qtmm.org\/wp-content\/uploads\/2024\/12\/ua-mejlis-logo-rgb.svg","contentUrl":"https:\/\/qtmm.org\/wp-content\/uploads\/2024\/12\/ua-mejlis-logo-rgb.svg","caption":"\u041c\u0435\u0434\u0436\u043b\u0456\u0441"},"image":{"@id":"https:\/\/qtmm.org\/qt\/#\/schema\/logo\/image\/"},"sameAs":["https:\/\/www.facebook.com\/qtmm.info\/"]},{"@type":"Person","@id":"https:\/\/qtmm.org\/qt\/#\/schema\/person\/e19a16971e1d6077c60771108a0c2eb1","name":"milena","image":{"@type":"ImageObject","inLanguage":"qt","@id":"https:\/\/secure.gravatar.com\/avatar\/a1c72d47914b6ffa21f1246920d5cff572eced8dc7c4ef1b629898b5a8c18fa5?s=96&d=mm&r=g","url":"https:\/\/secure.gravatar.com\/avatar\/a1c72d47914b6ffa21f1246920d5cff572eced8dc7c4ef1b629898b5a8c18fa5?s=96&d=mm&r=g","contentUrl":"https:\/\/secure.gravatar.com\/avatar\/a1c72d47914b6ffa21f1246920d5cff572eced8dc7c4ef1b629898b5a8c18fa5?s=96&d=mm&r=g","caption":"milena"},"url":"https:\/\/qtmm.org\/qt\/author\/milena\/"}]}},"_links":{"self":[{"href":"https:\/\/qtmm.org\/qt\/wp-json\/wp\/v2\/posts\/77767","targetHints":{"allow":["GET"]}}],"collection":[{"href":"https:\/\/qtmm.org\/qt\/wp-json\/wp\/v2\/posts"}],"about":[{"href":"https:\/\/qtmm.org\/qt\/wp-json\/wp\/v2\/types\/post"}],"author":[{"embeddable":true,"href":"https:\/\/qtmm.org\/qt\/wp-json\/wp\/v2\/users\/6"}],"replies":[{"embeddable":true,"href":"https:\/\/qtmm.org\/qt\/wp-json\/wp\/v2\/comments?post=77767"}],"version-history":[{"count":1,"href":"https:\/\/qtmm.org\/qt\/wp-json\/wp\/v2\/posts\/77767\/revisions"}],"predecessor-version":[{"id":77768,"href":"https:\/\/qtmm.org\/qt\/wp-json\/wp\/v2\/posts\/77767\/revisions\/77768"}],"wp:featuredmedia":[{"embeddable":true,"href":"https:\/\/qtmm.org\/qt\/wp-json\/wp\/v2\/media\/77764"}],"wp:attachment":[{"href":"https:\/\/qtmm.org\/qt\/wp-json\/wp\/v2\/media?parent=77767"}],"wp:term":[{"taxonomy":"category","embeddable":true,"href":"https:\/\/qtmm.org\/qt\/wp-json\/wp\/v2\/categories?post=77767"},{"taxonomy":"post_tag","embeddable":true,"href":"https:\/\/qtmm.org\/qt\/wp-json\/wp\/v2\/tags?post=77767"}],"curies":[{"name":"wp","href":"https:\/\/api.w.org\/{rel}","templated":true}]}}