




{"id":76114,"date":"2022-09-23T17:33:14","date_gmt":"2022-09-23T14:33:14","guid":{"rendered":"https:\/\/qtmm.org\/?p=76114"},"modified":"2022-09-23T17:33:16","modified_gmt":"2022-09-23T14:33:16","slug":"isgal-etilgen-qirimda-mobilizatsiyadan-nasil-qacinmaq-mumkun-ukraina-prezidentinin-qirim-mcdeki-vekilliginin-talimati","status":"publish","type":"post","link":"https:\/\/qtmm.org\/qt\/isgal-etilgen-qirimda-mobilizatsiyadan-nasil-qacinmaq-mumkun-ukraina-prezidentinin-qirim-mcdeki-vekilliginin-talimati\/","title":{"rendered":"\u0130\u015f\u011fal etilgen Q\u0131r\u0131mda mobilizatsiyadan nas\u0131l qa\u00e7\u0131nmaq m\u00fcmk\u00fcn: Ukraina Prezidentini\u00f1 Q\u0131r\u0131m MCdeki Vekilligini\u00f1\u00a0talimat\u0131"},"content":{"rendered":"\n<p><a href=\"https:\/\/www.facebook.com\/ppu.gov.ua\/posts\/pfbid0a5QR3bqGgsWbLnhT3x4dRrvTbAVxpWUnyVzozzFSCzhUaWYU6289Af23WDsLc2jQl\">Ukraina Prezidentini\u00f1 Q\u0131r\u0131mdaki Vekilligi<\/a> rf ordus\u0131na b\u00f6yle degen q\u0131smiy mobilizatsiyanen ba\u011fl\u0131 Ukraina\u011fa qar\u015f\u0131 cenkte i\u015ftirak etmege istemegenler i\u00e7\u00fcn areketler talimat\u0131n\u0131 yay\u0131nlad\u0131.<\/p>\n\n\n\n<p>Areketler talimat\u0131 advokatlar ve uquq qor\u00e7alay\u0131c\u0131larnen beraber az\u0131rland\u0131.<\/p>\n\n\n\n<blockquote class=\"wp-block-quote is-layout-flow wp-block-quote-is-layout-flow\"><p><em>&#8211; Deral aytacaqm\u0131z &#8211; yaz\u0131q ki, do\u011fru olaraq i\u015fleycek bir \u2018retsept\u2019 yoq, faqat sizge yard\u0131m ete bilecek bir qa\u00e7 tevsiye yay\u0131nlaym\u0131z. Ve er bir alda ad\u0131mlar\u0131\u00f1\u0131zn\u0131 ve tel\u00fckeleri\u00f1izni er basamaqta yah\u015f\u0131ca t\u00fc\u015f\u00fcnmelisi\u00f1iz,<\/em> &#8211; Vekillikni\u00f1\u00a0arizas\u0131nda yaz\u0131la.<\/p><\/blockquote>\n\n\n\n<figure class=\"wp-block-gallery has-nested-images columns-default is-cropped wp-block-gallery-1 is-layout-flex wp-block-gallery-is-layout-flex\">\n<figure class=\"wp-block-image size-large\"><img loading=\"lazy\" decoding=\"async\" width=\"1024\" height=\"706\" data-id=\"76115\" src=\"https:\/\/qtmm.org\/wp-content\/uploads\/2022\/09\/1111-1-1024x706.jpg\" alt=\"\" class=\"wp-image-76115\" srcset=\"https:\/\/qtmm.org\/wp-content\/uploads\/2022\/09\/1111-1-1024x706.jpg 1024w, https:\/\/qtmm.org\/wp-content\/uploads\/2022\/09\/1111-1-300x207.jpg 300w, https:\/\/qtmm.org\/wp-content\/uploads\/2022\/09\/1111-1-768x529.jpg 768w, https:\/\/qtmm.org\/wp-content\/uploads\/2022\/09\/1111-1.jpg 1280w\" sizes=\"auto, (max-width: 1024px) 100vw, 1024px\" \/><\/figure>\n\n\n\n<figure class=\"wp-block-image size-large\"><img loading=\"lazy\" decoding=\"async\" width=\"1024\" height=\"706\" data-id=\"76119\" src=\"https:\/\/qtmm.org\/wp-content\/uploads\/2022\/09\/3333-1-1024x706.jpg\" alt=\"\" class=\"wp-image-76119\" srcset=\"https:\/\/qtmm.org\/wp-content\/uploads\/2022\/09\/3333-1-1024x706.jpg 1024w, https:\/\/qtmm.org\/wp-content\/uploads\/2022\/09\/3333-1-300x207.jpg 300w, https:\/\/qtmm.org\/wp-content\/uploads\/2022\/09\/3333-1-768x529.jpg 768w, https:\/\/qtmm.org\/wp-content\/uploads\/2022\/09\/3333-1.jpg 1280w\" sizes=\"auto, (max-width: 1024px) 100vw, 1024px\" \/><\/figure>\n\n\n\n<figure class=\"wp-block-image size-large\"><img loading=\"lazy\" decoding=\"async\" width=\"1024\" height=\"706\" data-id=\"76124\" src=\"https:\/\/qtmm.org\/wp-content\/uploads\/2022\/09\/22222-1-1024x706.jpg\" alt=\"\" class=\"wp-image-76124\" srcset=\"https:\/\/qtmm.org\/wp-content\/uploads\/2022\/09\/22222-1-1024x706.jpg 1024w, https:\/\/qtmm.org\/wp-content\/uploads\/2022\/09\/22222-1-300x207.jpg 300w, https:\/\/qtmm.org\/wp-content\/uploads\/2022\/09\/22222-1-768x529.jpg 768w, https:\/\/qtmm.org\/wp-content\/uploads\/2022\/09\/22222-1.jpg 1280w\" sizes=\"auto, (max-width: 1024px) 100vw, 1024px\" \/><\/figure>\n\n\n\n<figure class=\"wp-block-image size-large\"><img loading=\"lazy\" decoding=\"async\" width=\"1024\" height=\"706\" data-id=\"76127\" src=\"https:\/\/qtmm.org\/wp-content\/uploads\/2022\/09\/44444-1-1024x706.jpg\" alt=\"\" class=\"wp-image-76127\" srcset=\"https:\/\/qtmm.org\/wp-content\/uploads\/2022\/09\/44444-1-1024x706.jpg 1024w, https:\/\/qtmm.org\/wp-content\/uploads\/2022\/09\/44444-1-300x207.jpg 300w, https:\/\/qtmm.org\/wp-content\/uploads\/2022\/09\/44444-1-768x529.jpg 768w, https:\/\/qtmm.org\/wp-content\/uploads\/2022\/09\/44444-1.jpg 1280w\" sizes=\"auto, (max-width: 1024px) 100vw, 1024px\" \/><\/figure>\n\n\n\n<figure class=\"wp-block-image size-large\"><img loading=\"lazy\" decoding=\"async\" width=\"1024\" height=\"706\" data-id=\"76123\" src=\"https:\/\/qtmm.org\/wp-content\/uploads\/2022\/09\/55555-1-1024x706.jpg\" alt=\"\" class=\"wp-image-76123\" srcset=\"https:\/\/qtmm.org\/wp-content\/uploads\/2022\/09\/55555-1-1024x706.jpg 1024w, https:\/\/qtmm.org\/wp-content\/uploads\/2022\/09\/55555-1-300x207.jpg 300w, https:\/\/qtmm.org\/wp-content\/uploads\/2022\/09\/55555-1-768x529.jpg 768w, https:\/\/qtmm.org\/wp-content\/uploads\/2022\/09\/55555-1.jpg 1280w\" sizes=\"auto, (max-width: 1024px) 100vw, 1024px\" \/><\/figure>\n\n\n\n<figure class=\"wp-block-image size-large\"><img loading=\"lazy\" decoding=\"async\" width=\"1024\" height=\"706\" data-id=\"76125\" src=\"https:\/\/qtmm.org\/wp-content\/uploads\/2022\/09\/66666-1-1024x706.jpg\" alt=\"\" class=\"wp-image-76125\" srcset=\"https:\/\/qtmm.org\/wp-content\/uploads\/2022\/09\/66666-1-1024x706.jpg 1024w, https:\/\/qtmm.org\/wp-content\/uploads\/2022\/09\/66666-1-300x207.jpg 300w, https:\/\/qtmm.org\/wp-content\/uploads\/2022\/09\/66666-1-768x529.jpg 768w, https:\/\/qtmm.org\/wp-content\/uploads\/2022\/09\/66666-1.jpg 1280w\" sizes=\"auto, (max-width: 1024px) 100vw, 1024px\" \/><\/figure>\n<\/figure>\n","protected":false},"excerpt":{"rendered":"<p>Ukraina Prezidentini\u00f1 Q\u0131r\u0131mdaki Vekilligi rf ordus\u0131na b\u00f6yle degen q\u0131smiy mobilizatsiyanen ba\u011fl\u0131 Ukraina\u011fa qar\u015f\u0131 cenkte i\u015ftirak etmege istemegenler i\u00e7\u00fcn areketler talimat\u0131n\u0131 yay\u0131nlad\u0131. Areketler talimat\u0131 advokatlar ve uquq qor\u00e7alay\u0131c\u0131larnen beraber az\u0131rland\u0131. &#8211; Deral aytacaqm\u0131z &#8211; yaz\u0131q ki, do\u011fru olaraq i\u015fleycek bir \u2018retsept\u2019 yoq, faqat sizge yard\u0131m ete bilecek bir qa\u00e7 tevsiye yay\u0131nlaym\u0131z. Ve er bir alda ad\u0131mlar\u0131\u00f1\u0131zn\u0131 [&hellip;]<\/p>\n","protected":false},"author":6,"featured_media":76090,"comment_status":"open","ping_status":"open","sticky":false,"template":"","format":"standard","meta":{"inline_featured_image":false,"footnotes":""},"categories":[263,265],"tags":[],"class_list":["post-76114","post","type-post","status-publish","format-standard","has-post-thumbnail","hentry","category-basqilar-ve-taqipler","category-haberler"],"acf":[],"yoast_head":"<!-- This site is optimized with the Yoast SEO plugin v27.4 - https:\/\/yoast.com\/product\/yoast-seo-wordpress\/ -->\n<title>\u0130\u015f\u011fal etilgen Q\u0131r\u0131mda mobilizatsiyadan nas\u0131l qa\u00e7\u0131nmaq m\u00fcmk\u00fcn: Ukraina Prezidentini\u00f1 Q\u0131r\u0131m MCdeki Vekilligini\u00f1\u00a0talimat\u0131 - \u041c\u0435\u0434\u0436\u043b\u0456\u0441<\/title>\n<meta name=\"robots\" content=\"index, follow, max-snippet:-1, max-image-preview:large, max-video-preview:-1\" \/>\n<link rel=\"canonical\" href=\"https:\/\/qtmm.org\/qt\/isgal-etilgen-qirimda-mobilizatsiyadan-nasil-qacinmaq-mumkun-ukraina-prezidentinin-qirim-mcdeki-vekilliginin-talimati\/\" \/>\n<meta property=\"og:locale\" content=\"en_US\" \/>\n<meta property=\"og:type\" content=\"article\" \/>\n<meta property=\"og:title\" content=\"\u0130\u015f\u011fal etilgen Q\u0131r\u0131mda mobilizatsiyadan nas\u0131l qa\u00e7\u0131nmaq m\u00fcmk\u00fcn: Ukraina Prezidentini\u00f1 Q\u0131r\u0131m MCdeki Vekilligini\u00f1\u00a0talimat\u0131 - \u041c\u0435\u0434\u0436\u043b\u0456\u0441\" \/>\n<meta property=\"og:description\" content=\"Ukraina Prezidentini\u00f1 Q\u0131r\u0131mdaki Vekilligi rf ordus\u0131na b\u00f6yle degen q\u0131smiy mobilizatsiyanen ba\u011fl\u0131 Ukraina\u011fa qar\u015f\u0131 cenkte i\u015ftirak etmege istemegenler i\u00e7\u00fcn areketler talimat\u0131n\u0131 yay\u0131nlad\u0131. Areketler talimat\u0131 advokatlar ve uquq qor\u00e7alay\u0131c\u0131larnen beraber az\u0131rland\u0131. &#8211; Deral aytacaqm\u0131z &#8211; yaz\u0131q ki, do\u011fru olaraq i\u015fleycek bir \u2018retsept\u2019 yoq, faqat sizge yard\u0131m ete bilecek bir qa\u00e7 tevsiye yay\u0131nlaym\u0131z. Ve er bir alda ad\u0131mlar\u0131\u00f1\u0131zn\u0131 [&hellip;]\" \/>\n<meta property=\"og:url\" content=\"https:\/\/qtmm.org\/qt\/isgal-etilgen-qirimda-mobilizatsiyadan-nasil-qacinmaq-mumkun-ukraina-prezidentinin-qirim-mcdeki-vekilliginin-talimati\/\" \/>\n<meta property=\"og:site_name\" content=\"\u041c\u0435\u0434\u0436\u043b\u0456\u0441\" \/>\n<meta property=\"article:publisher\" content=\"https:\/\/www.facebook.com\/qtmm.info\/\" \/>\n<meta property=\"article:published_time\" content=\"2022-09-23T14:33:14+00:00\" \/>\n<meta property=\"article:modified_time\" content=\"2022-09-23T14:33:16+00:00\" \/>\n<meta property=\"og:image\" content=\"https:\/\/qtmm.org\/wp-content\/uploads\/2022\/09\/160585-1_large.jpg\" \/>\n\t<meta property=\"og:image:width\" content=\"1140\" \/>\n\t<meta property=\"og:image:height\" content=\"651\" \/>\n\t<meta property=\"og:image:type\" content=\"image\/jpeg\" \/>\n<meta name=\"author\" content=\"milena\" \/>\n<meta name=\"twitter:card\" content=\"summary_large_image\" \/>\n<meta name=\"twitter:label1\" content=\"Written by\" \/>\n\t<meta name=\"twitter:data1\" content=\"milena\" \/>\n\t<meta name=\"twitter:label2\" content=\"Est. reading time\" \/>\n\t<meta name=\"twitter:data2\" content=\"2 minutes\" \/>\n<script type=\"application\/ld+json\" class=\"yoast-schema-graph\">{\"@context\":\"https:\\\/\\\/schema.org\",\"@graph\":[{\"@type\":\"Article\",\"@id\":\"https:\\\/\\\/qtmm.org\\\/qt\\\/isgal-etilgen-qirimda-mobilizatsiyadan-nasil-qacinmaq-mumkun-ukraina-prezidentinin-qirim-mcdeki-vekilliginin-talimati\\\/#article\",\"isPartOf\":{\"@id\":\"https:\\\/\\\/qtmm.org\\\/qt\\\/isgal-etilgen-qirimda-mobilizatsiyadan-nasil-qacinmaq-mumkun-ukraina-prezidentinin-qirim-mcdeki-vekilliginin-talimati\\\/\"},\"author\":{\"name\":\"milena\",\"@id\":\"https:\\\/\\\/qtmm.org\\\/qt\\\/#\\\/schema\\\/person\\\/e19a16971e1d6077c60771108a0c2eb1\"},\"headline\":\"\u0130\u015f\u011fal etilgen Q\u0131r\u0131mda mobilizatsiyadan nas\u0131l qa\u00e7\u0131nmaq m\u00fcmk\u00fcn: Ukraina Prezidentini\u00f1 Q\u0131r\u0131m MCdeki Vekilligini\u00f1\u00a0talimat\u0131\",\"datePublished\":\"2022-09-23T14:33:14+00:00\",\"dateModified\":\"2022-09-23T14:33:16+00:00\",\"mainEntityOfPage\":{\"@id\":\"https:\\\/\\\/qtmm.org\\\/qt\\\/isgal-etilgen-qirimda-mobilizatsiyadan-nasil-qacinmaq-mumkun-ukraina-prezidentinin-qirim-mcdeki-vekilliginin-talimati\\\/\"},\"wordCount\":117,\"commentCount\":0,\"publisher\":{\"@id\":\"https:\\\/\\\/qtmm.org\\\/qt\\\/#organization\"},\"image\":{\"@id\":\"https:\\\/\\\/qtmm.org\\\/qt\\\/isgal-etilgen-qirimda-mobilizatsiyadan-nasil-qacinmaq-mumkun-ukraina-prezidentinin-qirim-mcdeki-vekilliginin-talimati\\\/#primaryimage\"},\"thumbnailUrl\":\"https:\\\/\\\/qtmm.org\\\/wp-content\\\/uploads\\\/2022\\\/09\\\/160585-1_large.jpg\",\"articleSection\":[\"Basq\u0131lar ve taqipler\",\"Haberler\"],\"inLanguage\":\"qt\",\"potentialAction\":[{\"@type\":\"CommentAction\",\"name\":\"Comment\",\"target\":[\"https:\\\/\\\/qtmm.org\\\/qt\\\/isgal-etilgen-qirimda-mobilizatsiyadan-nasil-qacinmaq-mumkun-ukraina-prezidentinin-qirim-mcdeki-vekilliginin-talimati\\\/#respond\"]}]},{\"@type\":\"WebPage\",\"@id\":\"https:\\\/\\\/qtmm.org\\\/qt\\\/isgal-etilgen-qirimda-mobilizatsiyadan-nasil-qacinmaq-mumkun-ukraina-prezidentinin-qirim-mcdeki-vekilliginin-talimati\\\/\",\"url\":\"https:\\\/\\\/qtmm.org\\\/qt\\\/isgal-etilgen-qirimda-mobilizatsiyadan-nasil-qacinmaq-mumkun-ukraina-prezidentinin-qirim-mcdeki-vekilliginin-talimati\\\/\",\"name\":\"\u0130\u015f\u011fal etilgen Q\u0131r\u0131mda mobilizatsiyadan nas\u0131l qa\u00e7\u0131nmaq m\u00fcmk\u00fcn: Ukraina Prezidentini\u00f1 Q\u0131r\u0131m MCdeki Vekilligini\u00f1\u00a0talimat\u0131 - \u041c\u0435\u0434\u0436\u043b\u0456\u0441\",\"isPartOf\":{\"@id\":\"https:\\\/\\\/qtmm.org\\\/qt\\\/#website\"},\"primaryImageOfPage\":{\"@id\":\"https:\\\/\\\/qtmm.org\\\/qt\\\/isgal-etilgen-qirimda-mobilizatsiyadan-nasil-qacinmaq-mumkun-ukraina-prezidentinin-qirim-mcdeki-vekilliginin-talimati\\\/#primaryimage\"},\"image\":{\"@id\":\"https:\\\/\\\/qtmm.org\\\/qt\\\/isgal-etilgen-qirimda-mobilizatsiyadan-nasil-qacinmaq-mumkun-ukraina-prezidentinin-qirim-mcdeki-vekilliginin-talimati\\\/#primaryimage\"},\"thumbnailUrl\":\"https:\\\/\\\/qtmm.org\\\/wp-content\\\/uploads\\\/2022\\\/09\\\/160585-1_large.jpg\",\"datePublished\":\"2022-09-23T14:33:14+00:00\",\"dateModified\":\"2022-09-23T14:33:16+00:00\",\"breadcrumb\":{\"@id\":\"https:\\\/\\\/qtmm.org\\\/qt\\\/isgal-etilgen-qirimda-mobilizatsiyadan-nasil-qacinmaq-mumkun-ukraina-prezidentinin-qirim-mcdeki-vekilliginin-talimati\\\/#breadcrumb\"},\"inLanguage\":\"qt\",\"potentialAction\":[{\"@type\":\"ReadAction\",\"target\":[\"https:\\\/\\\/qtmm.org\\\/qt\\\/isgal-etilgen-qirimda-mobilizatsiyadan-nasil-qacinmaq-mumkun-ukraina-prezidentinin-qirim-mcdeki-vekilliginin-talimati\\\/\"]}]},{\"@type\":\"ImageObject\",\"inLanguage\":\"qt\",\"@id\":\"https:\\\/\\\/qtmm.org\\\/qt\\\/isgal-etilgen-qirimda-mobilizatsiyadan-nasil-qacinmaq-mumkun-ukraina-prezidentinin-qirim-mcdeki-vekilliginin-talimati\\\/#primaryimage\",\"url\":\"https:\\\/\\\/qtmm.org\\\/wp-content\\\/uploads\\\/2022\\\/09\\\/160585-1_large.jpg\",\"contentUrl\":\"https:\\\/\\\/qtmm.org\\\/wp-content\\\/uploads\\\/2022\\\/09\\\/160585-1_large.jpg\",\"width\":1140,\"height\":651},{\"@type\":\"BreadcrumbList\",\"@id\":\"https:\\\/\\\/qtmm.org\\\/qt\\\/isgal-etilgen-qirimda-mobilizatsiyadan-nasil-qacinmaq-mumkun-ukraina-prezidentinin-qirim-mcdeki-vekilliginin-talimati\\\/#breadcrumb\",\"itemListElement\":[{\"@type\":\"ListItem\",\"position\":1,\"name\":\"\u0413\u043e\u043b\u043e\u0432\u043d\u0430\",\"item\":\"https:\\\/\\\/qtmm.org\\\/qt\\\/\"},{\"@type\":\"ListItem\",\"position\":2,\"name\":\"\u0130\u015f\u011fal etilgen Q\u0131r\u0131mda mobilizatsiyadan nas\u0131l qa\u00e7\u0131nmaq m\u00fcmk\u00fcn: Ukraina Prezidentini\u00f1 Q\u0131r\u0131m MCdeki Vekilligini\u00f1\u00a0talimat\u0131\"}]},{\"@type\":\"WebSite\",\"@id\":\"https:\\\/\\\/qtmm.org\\\/qt\\\/#website\",\"url\":\"https:\\\/\\\/qtmm.org\\\/qt\\\/\",\"name\":\"\u041c\u0435\u0434\u0436\u043b\u0456\u0441\",\"description\":\"\",\"publisher\":{\"@id\":\"https:\\\/\\\/qtmm.org\\\/qt\\\/#organization\"},\"potentialAction\":[{\"@type\":\"SearchAction\",\"target\":{\"@type\":\"EntryPoint\",\"urlTemplate\":\"https:\\\/\\\/qtmm.org\\\/qt\\\/?s={search_term_string}\"},\"query-input\":{\"@type\":\"PropertyValueSpecification\",\"valueRequired\":true,\"valueName\":\"search_term_string\"}}],\"inLanguage\":\"qt\"},{\"@type\":\"Organization\",\"@id\":\"https:\\\/\\\/qtmm.org\\\/qt\\\/#organization\",\"name\":\"\u041c\u0435\u0434\u0436\u043b\u0456\u0441\",\"url\":\"https:\\\/\\\/qtmm.org\\\/qt\\\/\",\"logo\":{\"@type\":\"ImageObject\",\"inLanguage\":\"qt\",\"@id\":\"https:\\\/\\\/qtmm.org\\\/qt\\\/#\\\/schema\\\/logo\\\/image\\\/\",\"url\":\"https:\\\/\\\/qtmm.org\\\/wp-content\\\/uploads\\\/2024\\\/12\\\/ua-mejlis-logo-rgb.svg\",\"contentUrl\":\"https:\\\/\\\/qtmm.org\\\/wp-content\\\/uploads\\\/2024\\\/12\\\/ua-mejlis-logo-rgb.svg\",\"caption\":\"\u041c\u0435\u0434\u0436\u043b\u0456\u0441\"},\"image\":{\"@id\":\"https:\\\/\\\/qtmm.org\\\/qt\\\/#\\\/schema\\\/logo\\\/image\\\/\"},\"sameAs\":[\"https:\\\/\\\/www.facebook.com\\\/qtmm.info\\\/\"]},{\"@type\":\"Person\",\"@id\":\"https:\\\/\\\/qtmm.org\\\/qt\\\/#\\\/schema\\\/person\\\/e19a16971e1d6077c60771108a0c2eb1\",\"name\":\"milena\",\"image\":{\"@type\":\"ImageObject\",\"inLanguage\":\"qt\",\"@id\":\"https:\\\/\\\/secure.gravatar.com\\\/avatar\\\/a1c72d47914b6ffa21f1246920d5cff572eced8dc7c4ef1b629898b5a8c18fa5?s=96&d=mm&r=g\",\"url\":\"https:\\\/\\\/secure.gravatar.com\\\/avatar\\\/a1c72d47914b6ffa21f1246920d5cff572eced8dc7c4ef1b629898b5a8c18fa5?s=96&d=mm&r=g\",\"contentUrl\":\"https:\\\/\\\/secure.gravatar.com\\\/avatar\\\/a1c72d47914b6ffa21f1246920d5cff572eced8dc7c4ef1b629898b5a8c18fa5?s=96&d=mm&r=g\",\"caption\":\"milena\"},\"url\":\"https:\\\/\\\/qtmm.org\\\/qt\\\/author\\\/milena\\\/\"}]}<\/script>\n<!-- \/ Yoast SEO plugin. -->","yoast_head_json":{"title":"\u0130\u015f\u011fal etilgen Q\u0131r\u0131mda mobilizatsiyadan nas\u0131l qa\u00e7\u0131nmaq m\u00fcmk\u00fcn: Ukraina Prezidentini\u00f1 Q\u0131r\u0131m MCdeki Vekilligini\u00f1\u00a0talimat\u0131 - \u041c\u0435\u0434\u0436\u043b\u0456\u0441","robots":{"index":"index","follow":"follow","max-snippet":"max-snippet:-1","max-image-preview":"max-image-preview:large","max-video-preview":"max-video-preview:-1"},"canonical":"https:\/\/qtmm.org\/qt\/isgal-etilgen-qirimda-mobilizatsiyadan-nasil-qacinmaq-mumkun-ukraina-prezidentinin-qirim-mcdeki-vekilliginin-talimati\/","og_locale":"en_US","og_type":"article","og_title":"\u0130\u015f\u011fal etilgen Q\u0131r\u0131mda mobilizatsiyadan nas\u0131l qa\u00e7\u0131nmaq m\u00fcmk\u00fcn: Ukraina Prezidentini\u00f1 Q\u0131r\u0131m MCdeki Vekilligini\u00f1\u00a0talimat\u0131 - \u041c\u0435\u0434\u0436\u043b\u0456\u0441","og_description":"Ukraina Prezidentini\u00f1 Q\u0131r\u0131mdaki Vekilligi rf ordus\u0131na b\u00f6yle degen q\u0131smiy mobilizatsiyanen ba\u011fl\u0131 Ukraina\u011fa qar\u015f\u0131 cenkte i\u015ftirak etmege istemegenler i\u00e7\u00fcn areketler talimat\u0131n\u0131 yay\u0131nlad\u0131. Areketler talimat\u0131 advokatlar ve uquq qor\u00e7alay\u0131c\u0131larnen beraber az\u0131rland\u0131. &#8211; Deral aytacaqm\u0131z &#8211; yaz\u0131q ki, do\u011fru olaraq i\u015fleycek bir \u2018retsept\u2019 yoq, faqat sizge yard\u0131m ete bilecek bir qa\u00e7 tevsiye yay\u0131nlaym\u0131z. Ve er bir alda ad\u0131mlar\u0131\u00f1\u0131zn\u0131 [&hellip;]","og_url":"https:\/\/qtmm.org\/qt\/isgal-etilgen-qirimda-mobilizatsiyadan-nasil-qacinmaq-mumkun-ukraina-prezidentinin-qirim-mcdeki-vekilliginin-talimati\/","og_site_name":"\u041c\u0435\u0434\u0436\u043b\u0456\u0441","article_publisher":"https:\/\/www.facebook.com\/qtmm.info\/","article_published_time":"2022-09-23T14:33:14+00:00","article_modified_time":"2022-09-23T14:33:16+00:00","og_image":[{"width":1140,"height":651,"url":"https:\/\/qtmm.org\/wp-content\/uploads\/2022\/09\/160585-1_large.jpg","type":"image\/jpeg"}],"author":"milena","twitter_card":"summary_large_image","twitter_misc":{"Written by":"milena","Est. reading time":"2 minutes"},"schema":{"@context":"https:\/\/schema.org","@graph":[{"@type":"Article","@id":"https:\/\/qtmm.org\/qt\/isgal-etilgen-qirimda-mobilizatsiyadan-nasil-qacinmaq-mumkun-ukraina-prezidentinin-qirim-mcdeki-vekilliginin-talimati\/#article","isPartOf":{"@id":"https:\/\/qtmm.org\/qt\/isgal-etilgen-qirimda-mobilizatsiyadan-nasil-qacinmaq-mumkun-ukraina-prezidentinin-qirim-mcdeki-vekilliginin-talimati\/"},"author":{"name":"milena","@id":"https:\/\/qtmm.org\/qt\/#\/schema\/person\/e19a16971e1d6077c60771108a0c2eb1"},"headline":"\u0130\u015f\u011fal etilgen Q\u0131r\u0131mda mobilizatsiyadan nas\u0131l qa\u00e7\u0131nmaq m\u00fcmk\u00fcn: Ukraina Prezidentini\u00f1 Q\u0131r\u0131m MCdeki Vekilligini\u00f1\u00a0talimat\u0131","datePublished":"2022-09-23T14:33:14+00:00","dateModified":"2022-09-23T14:33:16+00:00","mainEntityOfPage":{"@id":"https:\/\/qtmm.org\/qt\/isgal-etilgen-qirimda-mobilizatsiyadan-nasil-qacinmaq-mumkun-ukraina-prezidentinin-qirim-mcdeki-vekilliginin-talimati\/"},"wordCount":117,"commentCount":0,"publisher":{"@id":"https:\/\/qtmm.org\/qt\/#organization"},"image":{"@id":"https:\/\/qtmm.org\/qt\/isgal-etilgen-qirimda-mobilizatsiyadan-nasil-qacinmaq-mumkun-ukraina-prezidentinin-qirim-mcdeki-vekilliginin-talimati\/#primaryimage"},"thumbnailUrl":"https:\/\/qtmm.org\/wp-content\/uploads\/2022\/09\/160585-1_large.jpg","articleSection":["Basq\u0131lar ve taqipler","Haberler"],"inLanguage":"qt","potentialAction":[{"@type":"CommentAction","name":"Comment","target":["https:\/\/qtmm.org\/qt\/isgal-etilgen-qirimda-mobilizatsiyadan-nasil-qacinmaq-mumkun-ukraina-prezidentinin-qirim-mcdeki-vekilliginin-talimati\/#respond"]}]},{"@type":"WebPage","@id":"https:\/\/qtmm.org\/qt\/isgal-etilgen-qirimda-mobilizatsiyadan-nasil-qacinmaq-mumkun-ukraina-prezidentinin-qirim-mcdeki-vekilliginin-talimati\/","url":"https:\/\/qtmm.org\/qt\/isgal-etilgen-qirimda-mobilizatsiyadan-nasil-qacinmaq-mumkun-ukraina-prezidentinin-qirim-mcdeki-vekilliginin-talimati\/","name":"\u0130\u015f\u011fal etilgen Q\u0131r\u0131mda mobilizatsiyadan nas\u0131l qa\u00e7\u0131nmaq m\u00fcmk\u00fcn: Ukraina Prezidentini\u00f1 Q\u0131r\u0131m MCdeki Vekilligini\u00f1\u00a0talimat\u0131 - \u041c\u0435\u0434\u0436\u043b\u0456\u0441","isPartOf":{"@id":"https:\/\/qtmm.org\/qt\/#website"},"primaryImageOfPage":{"@id":"https:\/\/qtmm.org\/qt\/isgal-etilgen-qirimda-mobilizatsiyadan-nasil-qacinmaq-mumkun-ukraina-prezidentinin-qirim-mcdeki-vekilliginin-talimati\/#primaryimage"},"image":{"@id":"https:\/\/qtmm.org\/qt\/isgal-etilgen-qirimda-mobilizatsiyadan-nasil-qacinmaq-mumkun-ukraina-prezidentinin-qirim-mcdeki-vekilliginin-talimati\/#primaryimage"},"thumbnailUrl":"https:\/\/qtmm.org\/wp-content\/uploads\/2022\/09\/160585-1_large.jpg","datePublished":"2022-09-23T14:33:14+00:00","dateModified":"2022-09-23T14:33:16+00:00","breadcrumb":{"@id":"https:\/\/qtmm.org\/qt\/isgal-etilgen-qirimda-mobilizatsiyadan-nasil-qacinmaq-mumkun-ukraina-prezidentinin-qirim-mcdeki-vekilliginin-talimati\/#breadcrumb"},"inLanguage":"qt","potentialAction":[{"@type":"ReadAction","target":["https:\/\/qtmm.org\/qt\/isgal-etilgen-qirimda-mobilizatsiyadan-nasil-qacinmaq-mumkun-ukraina-prezidentinin-qirim-mcdeki-vekilliginin-talimati\/"]}]},{"@type":"ImageObject","inLanguage":"qt","@id":"https:\/\/qtmm.org\/qt\/isgal-etilgen-qirimda-mobilizatsiyadan-nasil-qacinmaq-mumkun-ukraina-prezidentinin-qirim-mcdeki-vekilliginin-talimati\/#primaryimage","url":"https:\/\/qtmm.org\/wp-content\/uploads\/2022\/09\/160585-1_large.jpg","contentUrl":"https:\/\/qtmm.org\/wp-content\/uploads\/2022\/09\/160585-1_large.jpg","width":1140,"height":651},{"@type":"BreadcrumbList","@id":"https:\/\/qtmm.org\/qt\/isgal-etilgen-qirimda-mobilizatsiyadan-nasil-qacinmaq-mumkun-ukraina-prezidentinin-qirim-mcdeki-vekilliginin-talimati\/#breadcrumb","itemListElement":[{"@type":"ListItem","position":1,"name":"\u0413\u043e\u043b\u043e\u0432\u043d\u0430","item":"https:\/\/qtmm.org\/qt\/"},{"@type":"ListItem","position":2,"name":"\u0130\u015f\u011fal etilgen Q\u0131r\u0131mda mobilizatsiyadan nas\u0131l qa\u00e7\u0131nmaq m\u00fcmk\u00fcn: Ukraina Prezidentini\u00f1 Q\u0131r\u0131m MCdeki Vekilligini\u00f1\u00a0talimat\u0131"}]},{"@type":"WebSite","@id":"https:\/\/qtmm.org\/qt\/#website","url":"https:\/\/qtmm.org\/qt\/","name":"\u041c\u0435\u0434\u0436\u043b\u0456\u0441","description":"","publisher":{"@id":"https:\/\/qtmm.org\/qt\/#organization"},"potentialAction":[{"@type":"SearchAction","target":{"@type":"EntryPoint","urlTemplate":"https:\/\/qtmm.org\/qt\/?s={search_term_string}"},"query-input":{"@type":"PropertyValueSpecification","valueRequired":true,"valueName":"search_term_string"}}],"inLanguage":"qt"},{"@type":"Organization","@id":"https:\/\/qtmm.org\/qt\/#organization","name":"\u041c\u0435\u0434\u0436\u043b\u0456\u0441","url":"https:\/\/qtmm.org\/qt\/","logo":{"@type":"ImageObject","inLanguage":"qt","@id":"https:\/\/qtmm.org\/qt\/#\/schema\/logo\/image\/","url":"https:\/\/qtmm.org\/wp-content\/uploads\/2024\/12\/ua-mejlis-logo-rgb.svg","contentUrl":"https:\/\/qtmm.org\/wp-content\/uploads\/2024\/12\/ua-mejlis-logo-rgb.svg","caption":"\u041c\u0435\u0434\u0436\u043b\u0456\u0441"},"image":{"@id":"https:\/\/qtmm.org\/qt\/#\/schema\/logo\/image\/"},"sameAs":["https:\/\/www.facebook.com\/qtmm.info\/"]},{"@type":"Person","@id":"https:\/\/qtmm.org\/qt\/#\/schema\/person\/e19a16971e1d6077c60771108a0c2eb1","name":"milena","image":{"@type":"ImageObject","inLanguage":"qt","@id":"https:\/\/secure.gravatar.com\/avatar\/a1c72d47914b6ffa21f1246920d5cff572eced8dc7c4ef1b629898b5a8c18fa5?s=96&d=mm&r=g","url":"https:\/\/secure.gravatar.com\/avatar\/a1c72d47914b6ffa21f1246920d5cff572eced8dc7c4ef1b629898b5a8c18fa5?s=96&d=mm&r=g","contentUrl":"https:\/\/secure.gravatar.com\/avatar\/a1c72d47914b6ffa21f1246920d5cff572eced8dc7c4ef1b629898b5a8c18fa5?s=96&d=mm&r=g","caption":"milena"},"url":"https:\/\/qtmm.org\/qt\/author\/milena\/"}]}},"_links":{"self":[{"href":"https:\/\/qtmm.org\/qt\/wp-json\/wp\/v2\/posts\/76114","targetHints":{"allow":["GET"]}}],"collection":[{"href":"https:\/\/qtmm.org\/qt\/wp-json\/wp\/v2\/posts"}],"about":[{"href":"https:\/\/qtmm.org\/qt\/wp-json\/wp\/v2\/types\/post"}],"author":[{"embeddable":true,"href":"https:\/\/qtmm.org\/qt\/wp-json\/wp\/v2\/users\/6"}],"replies":[{"embeddable":true,"href":"https:\/\/qtmm.org\/qt\/wp-json\/wp\/v2\/comments?post=76114"}],"version-history":[{"count":1,"href":"https:\/\/qtmm.org\/qt\/wp-json\/wp\/v2\/posts\/76114\/revisions"}],"predecessor-version":[{"id":76133,"href":"https:\/\/qtmm.org\/qt\/wp-json\/wp\/v2\/posts\/76114\/revisions\/76133"}],"wp:featuredmedia":[{"embeddable":true,"href":"https:\/\/qtmm.org\/qt\/wp-json\/wp\/v2\/media\/76090"}],"wp:attachment":[{"href":"https:\/\/qtmm.org\/qt\/wp-json\/wp\/v2\/media?parent=76114"}],"wp:term":[{"taxonomy":"category","embeddable":true,"href":"https:\/\/qtmm.org\/qt\/wp-json\/wp\/v2\/categories?post=76114"},{"taxonomy":"post_tag","embeddable":true,"href":"https:\/\/qtmm.org\/qt\/wp-json\/wp\/v2\/tags?post=76114"}],"curies":[{"name":"wp","href":"https:\/\/api.w.org\/{rel}","templated":true}]}}