




{"id":43715,"date":"2014-03-15T23:26:00","date_gmt":"2014-03-15T20:26:00","guid":{"rendered":"http:\/\/qtmm.org\/?p=43715"},"modified":"2022-01-27T23:27:15","modified_gmt":"2022-01-27T20:27:15","slug":"qirimtatar-halqi-meclisinin-ukraina-yuqari-surasinaukraina-halqi-epsi-milletlerge-mensup-ukraina-vatandaslarina-muracaati","status":"publish","type":"post","link":"https:\/\/qtmm.org\/qt\/qirimtatar-halqi-meclisinin-ukraina-yuqari-surasinaukraina-halqi-epsi-milletlerge-mensup-ukraina-vatandaslarina-muracaati\/","title":{"rendered":"Q\u0131r\u0131mtatar halq\u0131 Meclisini\u00f1 Ukraina Yuqar\u0131 \u015euras\u0131na,Ukraina halq\u0131 \u2013epsi milletlerge mens\u00fcp Ukraina vatanda\u015flar\u0131na Muracaat\u0131"},"content":{"rendered":"\n<p class=\"has-text-align-right\"><strong>Ukraina Yuqar\u0131 \u015euras\u0131na<br>Ukraina halq\u0131 \u2013epsi milletlerge mens\u00fcp Ukraina vatanda\u015flar\u0131na<\/strong><br><br>&nbsp;<\/p>\n\n\n\n<p class=\"has-text-align-center\"><strong>Q\u0131r\u0131mtatar halq\u0131 Meclisini\u00f1<br>Ukraina Yuqar\u0131 \u015euras\u0131na,<br>Ukraina halq\u0131 \u2013epsi milletlerge mens\u00fcp Ukraina vatanda\u015flar\u0131na<br>Muracaat\u0131<\/strong><\/p>\n\n\n\n<p><br>Q\u0131r\u0131mtatar halq\u0131n\u0131\u00f1 tolu vek\u00e2letli organ\u0131 &#8211; Q\u0131r\u0131mtatar halq\u0131n\u0131\u00f1 Meclisi<br><br>&#8211; q\u0131r\u0131mtatarlarn\u0131\u00f1 ve Q\u0131r\u0131mn\u0131\u00f1, angi milletke mens\u00fcp ol\u011fan\u0131ndan qatiy nazar, epsi sakinlerini\u00f1 havfs\u0131zl\u0131\u011f\u0131 ve serbestligi tel\u00fcke alt\u0131nda bulun\u011fanda,<br><br>&#8211; yabanc\u0131 devlet taraf\u0131ndan Q\u0131r\u0131mn\u0131\u00f1 i\u015f\u011fal etilmesi ve do\u011frudan-do\u011fru arbiy qar\u0131\u015fuv neticesinde y\u00fcz berecek aqibetlerni\u00f1 k\u00f6lemini tahmin etkeni alda,<br><br>&#8211; q\u0131r\u0131mtatar halq\u0131n\u0131\u00f1 bug\u00fcnki ve kelecek nesilleri \u00f6g\u00fcnde b\u00fcy\u00fck mes\u00fclietini sezgeni alda,<br><br>&#8211; Q\u0131r\u0131m 1783 senesi i\u015f\u011falinden so\u00f1 q\u0131r\u0131mtatar halq\u0131 \u00e7oqas\u0131rl\u0131q devlet\u00e7iliginden mahrum olaraq, ba\u015f\u0131ndan ke\u00e7irgen \u011fay\u0131plar, aqaret, azap-uqubetler, repressiyalarn\u0131 unutma\u011fan\u0131 alda,<br><br>&#8211; Q\u0131r\u0131mtatar halq\u0131 tarihiy Vatan\u0131ndan zorbal\u0131qnen s\u00fcrg\u00fcn etilgen 1944 senesi may\u0131s 18 soyq\u0131r\u0131m\u0131n\u0131\u00f1 tekrarlanmas\u0131na yol bermemege t\u0131r\u0131\u015fqan\u0131 alda,<br><br>&#8211; \u00f6z aqlar\u0131 o\u011frunda k\u00fcre\u015fni\u00f1 qans\u0131z, zorluqs\u0131z usullar\u0131na esaslan\u011fan\u0131 alda,<br><br>&#8211; \u00f6z-\u00f6z\u00fcni belgilev aqq\u0131na kefillik bergen ve tan\u0131l\u011fan halqara vesiqalar \u2013 BMT Nizamnamesi, BMT Ba\u015f Assambleyas\u0131n\u0131\u00f1 1960 senesi dekabr 14-te al\u0131n\u011fan \u2116 1514 (XV) qarar, 1966 senesi dekabr 16-da qabul etilgen \u0130qtisadiy, i\u00e7timaiy ve medeniy aqlar aqq\u0131nda halqara a\u00f1la\u015fma ve vatanda\u015fl\u0131q ve siyasiy aqlar aqq\u0131nda halqara a\u00f1la\u015fma, 1970 senesi okt\u00e2br 24-tte BMT Nizamnamesine muvaf\u0131q qabul etilgen devletler aras\u0131nda dostane munasebetler ve i\u015fbirlikke ait halqara uquq deklaratsiyas\u0131n\u0131\u00f1 printsiplerine esaslanaraq,<br><br>&#8211; BMTni\u00f1 2007 senesi sent\u00e2br 13-te qabul etilgen &#8220;Tam\u0131r halqlarn\u0131\u00f1 aqlar\u0131 aqq\u0131nda&#8221;, c\u00fcmleden a\u015fa\u011f\u0131daki maddelerni k\u00f6zde tutqan:<br>a) tam\u0131r halqn\u0131\u00f1 \u00f6zyerklik aqq\u0131n\u0131 (3-nci madde),<br>b)tam\u0131r halqn\u0131\u00f1 muhtariyet ve kendisi idare et\u00fcv aqq\u0131n\u0131 (4-nci madde),<br>c) tam\u0131r halqn\u0131\u00f1 \u00f6z\u00fc ya\u015fa\u011fan devletni\u00f1 siyasiy, iqtisadiy, i\u00e7timaiy ve medeniy \u00f6m\u00fcrinde \u00f6z istegine k\u00f6re i\u015ftirak etmek aqq\u0131n\u0131 (5-nci madde)<br>d) tam\u0131r halq ya\u015fa\u011fan hududda on\u0131\u00f1 raz\u0131l\u0131\u011f\u0131 ya da on\u0131\u00f1 bu aqta ricas\u0131 olmadan arbiy faaliyet al\u0131p bar\u0131lmas\u0131 yasaqlan\u011fan\u0131 (30-nc\u0131 madde),<br>e) tam\u0131r halqn\u0131\u00f1 devletler ve diger taraflar ile davalarn\u0131\u00f1 adaletli \u00e7ezim protseduras\u0131nda i\u015ftirak etmege aqq\u0131n\u0131 (40-nc\u0131 madde)<br>f) Deklaratsiyan\u0131\u00f1 nizamlar\u0131 mustaqil ve serbest devletni\u00f1 territorial ve siyasiy b\u00fct\u00fcnligine zarar ketirgen \u015fekilde a\u00f1lat\u0131lmas\u0131 ve qullan\u0131lmas\u0131 yasaq etilgeni (46-nc\u0131 madde) Deklaratsiyas\u0131na esaslanaraq,<br>&#8211; 1991 senesi iy\u00fcn 28-de Q\u0131r\u0131mtatar halq\u0131n\u0131\u00f1 11 Qurultay\u0131nda qabul etilgen Q\u0131r\u0131mtatar halq\u0131n\u0131\u00f1 milliy mustaqilligi aqq\u0131ndaki deklaratsiya\u011fa esaslanaraq,<br><br>&#8211; Q\u0131r\u0131mtatar halq\u0131 aqlar\u0131n\u0131\u00f1 \u011fayr\u0131dan tiklemek ve q\u0131r\u0131mtatar halq\u0131n\u0131\u00f1 Q\u0131r\u0131mda tam\u0131r halq status\u0131n\u0131 belgilemek i\u00e7\u00fcn Ukraina devleti o\u00f1a ba\u011fl\u0131 i\u00e7 bir \u015fey yapmad\u0131 ve neticede resmiy akimler taraf\u0131ndan aqs\u0131mlan\u011fan, dep say\u011fan\u0131m\u0131z alda b\u00fct\u00fcn ukrain halq\u0131na, Ukraina Yuqar\u0131 \u015euras\u0131nda on\u0131\u00f1 vekillerine a\u015fa\u011f\u0131dakiler ile muracaat etemiz:<br><br><br>1) Ukrainan\u0131 mevcut s\u0131\u00f1\u0131rlarda serbest ve mustaqil devlet dep say\u011fan\u0131m\u0131zn\u0131 tasdiqlaym\u0131z;<br><br>2) Rusiye Federatsiyas\u0131 taraf\u0131ndan agressiya areketini keskin qaralap, bu areketlerni mevcut devletlerara munasebetler sistemas\u0131, halqara uquqn\u0131 qaba s\u00fcrette bozuv, dep sayam\u0131z;<br><br>3) Q\u0131r\u0131mn\u0131\u00f1 territorial mens\u00fcpligini de\u00f1i\u015ftirmek maqsad\u0131nen 2014 senesi mart 16 k\u00fcn\u00fc ke\u00e7irilgen Q\u0131r\u0131m referendum\u0131n\u0131 Ukraina Anayasas\u0131 ve halqara uquqqa uy\u011fun ve qanuniy dep saymaym\u0131z;<br>4) Q\u0131r\u0131mn\u0131\u00f1 kelecegini Q\u0131r\u0131mn\u0131\u00f1 tam\u0131r halq\u0131 \u2013 q\u0131r\u0131mtatar halq\u0131n\u0131\u00f1 serbest istegi olmadan belgilemek areketlerini kesinliknen red etemiz;<br><br>5) q\u0131r\u0131mtatar halq\u0131 angi devlette ya\u015fama\u011fa aqq\u0131 ol\u011fan\u0131 aqq\u0131nda qararn\u0131 faqat q\u0131r\u0131mtatar halq\u0131n\u0131\u00f1 \u00f6z\u00fc alabilir;<br><br>6) q\u0131r\u0131mtatar halq\u0131 aqlar\u0131n\u0131\u00f1 \u011fayr\u0131dan tiklenmesi ve \u00f6z tarihiy Vatan\u0131nda \u00f6z-\u00f6z\u00fcni belgilev aqq\u0131 mustaqil ve serbest Ukraina devleti erk\u00e2n\u0131da amelge ke\u00e7irilmesi kerekliginde eminmiz;<br><br>7)Q\u0131r\u0131mdaki er angi akimiyet q\u0131r\u0131mtatar halq\u0131n\u0131\u00f1 raz\u0131l\u0131\u011f\u0131 ve istegini serbest ifade etkeni \u015faraitte \u015fekillenmek ve faaliyet k\u00f6stermek kerek, dep sayam\u0131z;<br><br>8) Ukraina Yuqar\u0131 \u015euras\u0131n\u0131 BMTni\u00f1 Tam\u0131r halqlarn\u0131\u00f1 aqlar\u0131 aqq\u0131ndaki deklaratsiyas\u0131na qo\u015fulma\u011fa \u00e7a\u011f\u0131ram\u0131z;<br><br>9) Q\u0131r\u0131mtatar halq\u0131 Q\u0131r\u0131mn\u0131\u00f1 tam\u0131r halq\u0131 ol\u011fan\u0131 tan\u0131lmas\u0131 ve Ukrainan\u0131\u00f1 qanunlar\u0131 ve diger uquqiy aktlar\u0131 ile pekitmege \u00e7a\u011f\u0131ram\u0131z;<br><br>10) Ukraina Yuqar\u0131 \u015euras\u0131 ve devletni\u00f1 diger akimiyet organlar\u0131n\u0131 deral ve halqara te\u015fkil\u00e2tlar (BMT OSCE, Avropa \u015euras\u0131, Avropa Birligi)nen birlikte q\u0131r\u0131mtatar halq\u0131n\u0131\u00f1 tam\u0131r halqlarn\u0131\u00f1 aqlar\u0131 aqq\u0131nda halqara aktlarda k\u00f6zde tutul\u011fan aqlar\u0131n\u0131 amelge ke\u00e7irmek, q\u0131r\u0131mtatar halq\u0131n\u0131\u00f1 \u00f6z tarihiy topra\u011f\u0131 Q\u0131r\u0131mda \u00f6z-\u00f6z\u00fcni belgilemek aqq\u0131n\u0131 elde etmek i\u00e7\u00fcn serbest istek bildirmesini teminlemege \u00e7a\u011f\u0131ram\u0131z.<\/p>\n\n\n\n<p><strong>Refat \u00c7ubarov<br>Q\u0131r\u0131mtatar halq\u0131 Meclisini\u00f1 reisi<\/strong><\/p>\n\n\n\n<p><em>2014 senesi mart 15, Aqmescit \u015f.<\/em><\/p>\n\n\n\n<ul class=\"wp-block-list\"><li><\/li><\/ul>\n","protected":false},"excerpt":{"rendered":"<p>Ukraina Yuqar\u0131 \u015euras\u0131naUkraina halq\u0131 \u2013epsi milletlerge mens\u00fcp Ukraina vatanda\u015flar\u0131na &nbsp; Q\u0131r\u0131mtatar halq\u0131 Meclisini\u00f1Ukraina Yuqar\u0131 \u015euras\u0131na,Ukraina halq\u0131 \u2013epsi milletlerge mens\u00fcp Ukraina vatanda\u015flar\u0131naMuracaat\u0131 Q\u0131r\u0131mtatar halq\u0131n\u0131\u00f1 tolu vek\u00e2letli organ\u0131 &#8211; Q\u0131r\u0131mtatar halq\u0131n\u0131\u00f1 Meclisi &#8211; q\u0131r\u0131mtatarlarn\u0131\u00f1 ve Q\u0131r\u0131mn\u0131\u00f1, angi milletke mens\u00fcp ol\u011fan\u0131ndan qatiy nazar, epsi sakinlerini\u00f1 havfs\u0131zl\u0131\u011f\u0131 ve serbestligi tel\u00fcke alt\u0131nda bulun\u011fanda, &#8211; yabanc\u0131 devlet taraf\u0131ndan Q\u0131r\u0131mn\u0131\u00f1 i\u015f\u011fal etilmesi [&hellip;]<\/p>\n","protected":false},"author":1,"featured_media":0,"comment_status":"open","ping_status":"open","sticky":false,"template":"","format":"standard","meta":{"inline_featured_image":false,"footnotes":""},"categories":[265],"tags":[],"class_list":["post-43715","post","type-post","status-publish","format-standard","hentry","category-haberler"],"acf":[],"yoast_head":"<!-- This site is optimized with the Yoast SEO plugin v27.4 - https:\/\/yoast.com\/product\/yoast-seo-wordpress\/ -->\n<title>Q\u0131r\u0131mtatar halq\u0131 Meclisini\u00f1 Ukraina Yuqar\u0131 \u015euras\u0131na,Ukraina halq\u0131 \u2013epsi milletlerge mens\u00fcp Ukraina vatanda\u015flar\u0131na Muracaat\u0131 - \u041c\u0435\u0434\u0436\u043b\u0456\u0441<\/title>\n<meta name=\"robots\" content=\"index, follow, max-snippet:-1, max-image-preview:large, max-video-preview:-1\" \/>\n<link rel=\"canonical\" href=\"https:\/\/qtmm.org\/qt\/qirimtatar-halqi-meclisinin-ukraina-yuqari-surasinaukraina-halqi-epsi-milletlerge-mensup-ukraina-vatandaslarina-muracaati\/\" \/>\n<meta property=\"og:locale\" content=\"en_US\" \/>\n<meta property=\"og:type\" content=\"article\" \/>\n<meta property=\"og:title\" content=\"Q\u0131r\u0131mtatar halq\u0131 Meclisini\u00f1 Ukraina Yuqar\u0131 \u015euras\u0131na,Ukraina halq\u0131 \u2013epsi milletlerge mens\u00fcp Ukraina vatanda\u015flar\u0131na Muracaat\u0131 - \u041c\u0435\u0434\u0436\u043b\u0456\u0441\" \/>\n<meta property=\"og:description\" content=\"Ukraina Yuqar\u0131 \u015euras\u0131naUkraina halq\u0131 \u2013epsi milletlerge mens\u00fcp Ukraina vatanda\u015flar\u0131na &nbsp; Q\u0131r\u0131mtatar halq\u0131 Meclisini\u00f1Ukraina Yuqar\u0131 \u015euras\u0131na,Ukraina halq\u0131 \u2013epsi milletlerge mens\u00fcp Ukraina vatanda\u015flar\u0131naMuracaat\u0131 Q\u0131r\u0131mtatar halq\u0131n\u0131\u00f1 tolu vek\u00e2letli organ\u0131 &#8211; Q\u0131r\u0131mtatar halq\u0131n\u0131\u00f1 Meclisi &#8211; q\u0131r\u0131mtatarlarn\u0131\u00f1 ve Q\u0131r\u0131mn\u0131\u00f1, angi milletke mens\u00fcp ol\u011fan\u0131ndan qatiy nazar, epsi sakinlerini\u00f1 havfs\u0131zl\u0131\u011f\u0131 ve serbestligi tel\u00fcke alt\u0131nda bulun\u011fanda, &#8211; yabanc\u0131 devlet taraf\u0131ndan Q\u0131r\u0131mn\u0131\u00f1 i\u015f\u011fal etilmesi [&hellip;]\" \/>\n<meta property=\"og:url\" content=\"https:\/\/qtmm.org\/qt\/qirimtatar-halqi-meclisinin-ukraina-yuqari-surasinaukraina-halqi-epsi-milletlerge-mensup-ukraina-vatandaslarina-muracaati\/\" \/>\n<meta property=\"og:site_name\" content=\"\u041c\u0435\u0434\u0436\u043b\u0456\u0441\" \/>\n<meta property=\"article:publisher\" content=\"https:\/\/www.facebook.com\/qtmm.info\/\" \/>\n<meta property=\"article:published_time\" content=\"2014-03-15T20:26:00+00:00\" \/>\n<meta property=\"article:modified_time\" content=\"2022-01-27T20:27:15+00:00\" \/>\n<meta name=\"author\" content=\"Developer\" \/>\n<meta name=\"twitter:card\" content=\"summary_large_image\" \/>\n<meta name=\"twitter:label1\" content=\"Written by\" \/>\n\t<meta name=\"twitter:data1\" content=\"Developer\" \/>\n\t<meta name=\"twitter:label2\" content=\"Est. reading time\" \/>\n\t<meta name=\"twitter:data2\" content=\"4 minutes\" \/>\n<script type=\"application\/ld+json\" class=\"yoast-schema-graph\">{\"@context\":\"https:\\\/\\\/schema.org\",\"@graph\":[{\"@type\":\"Article\",\"@id\":\"https:\\\/\\\/qtmm.org\\\/qt\\\/qirimtatar-halqi-meclisinin-ukraina-yuqari-surasinaukraina-halqi-epsi-milletlerge-mensup-ukraina-vatandaslarina-muracaati\\\/#article\",\"isPartOf\":{\"@id\":\"https:\\\/\\\/qtmm.org\\\/qt\\\/qirimtatar-halqi-meclisinin-ukraina-yuqari-surasinaukraina-halqi-epsi-milletlerge-mensup-ukraina-vatandaslarina-muracaati\\\/\"},\"author\":{\"name\":\"Developer\",\"@id\":\"https:\\\/\\\/qtmm.org\\\/qt\\\/#\\\/schema\\\/person\\\/de562469f971dec226ac06e60bbf74a7\"},\"headline\":\"Q\u0131r\u0131mtatar halq\u0131 Meclisini\u00f1 Ukraina Yuqar\u0131 \u015euras\u0131na,Ukraina halq\u0131 \u2013epsi milletlerge mens\u00fcp Ukraina vatanda\u015flar\u0131na Muracaat\u0131\",\"datePublished\":\"2014-03-15T20:26:00+00:00\",\"dateModified\":\"2022-01-27T20:27:15+00:00\",\"mainEntityOfPage\":{\"@id\":\"https:\\\/\\\/qtmm.org\\\/qt\\\/qirimtatar-halqi-meclisinin-ukraina-yuqari-surasinaukraina-halqi-epsi-milletlerge-mensup-ukraina-vatandaslarina-muracaati\\\/\"},\"wordCount\":861,\"commentCount\":0,\"publisher\":{\"@id\":\"https:\\\/\\\/qtmm.org\\\/qt\\\/#organization\"},\"articleSection\":[\"Haberler\"],\"inLanguage\":\"qt\",\"potentialAction\":[{\"@type\":\"CommentAction\",\"name\":\"Comment\",\"target\":[\"https:\\\/\\\/qtmm.org\\\/qt\\\/qirimtatar-halqi-meclisinin-ukraina-yuqari-surasinaukraina-halqi-epsi-milletlerge-mensup-ukraina-vatandaslarina-muracaati\\\/#respond\"]}]},{\"@type\":\"WebPage\",\"@id\":\"https:\\\/\\\/qtmm.org\\\/qt\\\/qirimtatar-halqi-meclisinin-ukraina-yuqari-surasinaukraina-halqi-epsi-milletlerge-mensup-ukraina-vatandaslarina-muracaati\\\/\",\"url\":\"https:\\\/\\\/qtmm.org\\\/qt\\\/qirimtatar-halqi-meclisinin-ukraina-yuqari-surasinaukraina-halqi-epsi-milletlerge-mensup-ukraina-vatandaslarina-muracaati\\\/\",\"name\":\"Q\u0131r\u0131mtatar halq\u0131 Meclisini\u00f1 Ukraina Yuqar\u0131 \u015euras\u0131na,Ukraina halq\u0131 \u2013epsi milletlerge mens\u00fcp Ukraina vatanda\u015flar\u0131na Muracaat\u0131 - \u041c\u0435\u0434\u0436\u043b\u0456\u0441\",\"isPartOf\":{\"@id\":\"https:\\\/\\\/qtmm.org\\\/qt\\\/#website\"},\"datePublished\":\"2014-03-15T20:26:00+00:00\",\"dateModified\":\"2022-01-27T20:27:15+00:00\",\"breadcrumb\":{\"@id\":\"https:\\\/\\\/qtmm.org\\\/qt\\\/qirimtatar-halqi-meclisinin-ukraina-yuqari-surasinaukraina-halqi-epsi-milletlerge-mensup-ukraina-vatandaslarina-muracaati\\\/#breadcrumb\"},\"inLanguage\":\"qt\",\"potentialAction\":[{\"@type\":\"ReadAction\",\"target\":[\"https:\\\/\\\/qtmm.org\\\/qt\\\/qirimtatar-halqi-meclisinin-ukraina-yuqari-surasinaukraina-halqi-epsi-milletlerge-mensup-ukraina-vatandaslarina-muracaati\\\/\"]}]},{\"@type\":\"BreadcrumbList\",\"@id\":\"https:\\\/\\\/qtmm.org\\\/qt\\\/qirimtatar-halqi-meclisinin-ukraina-yuqari-surasinaukraina-halqi-epsi-milletlerge-mensup-ukraina-vatandaslarina-muracaati\\\/#breadcrumb\",\"itemListElement\":[{\"@type\":\"ListItem\",\"position\":1,\"name\":\"\u0413\u043e\u043b\u043e\u0432\u043d\u0430\",\"item\":\"https:\\\/\\\/qtmm.org\\\/qt\\\/\"},{\"@type\":\"ListItem\",\"position\":2,\"name\":\"Q\u0131r\u0131mtatar halq\u0131 Meclisini\u00f1 Ukraina Yuqar\u0131 \u015euras\u0131na,Ukraina halq\u0131 \u2013epsi milletlerge mens\u00fcp Ukraina vatanda\u015flar\u0131na Muracaat\u0131\"}]},{\"@type\":\"WebSite\",\"@id\":\"https:\\\/\\\/qtmm.org\\\/qt\\\/#website\",\"url\":\"https:\\\/\\\/qtmm.org\\\/qt\\\/\",\"name\":\"\u041c\u0435\u0434\u0436\u043b\u0456\u0441\",\"description\":\"\",\"publisher\":{\"@id\":\"https:\\\/\\\/qtmm.org\\\/qt\\\/#organization\"},\"potentialAction\":[{\"@type\":\"SearchAction\",\"target\":{\"@type\":\"EntryPoint\",\"urlTemplate\":\"https:\\\/\\\/qtmm.org\\\/qt\\\/?s={search_term_string}\"},\"query-input\":{\"@type\":\"PropertyValueSpecification\",\"valueRequired\":true,\"valueName\":\"search_term_string\"}}],\"inLanguage\":\"qt\"},{\"@type\":\"Organization\",\"@id\":\"https:\\\/\\\/qtmm.org\\\/qt\\\/#organization\",\"name\":\"\u041c\u0435\u0434\u0436\u043b\u0456\u0441\",\"url\":\"https:\\\/\\\/qtmm.org\\\/qt\\\/\",\"logo\":{\"@type\":\"ImageObject\",\"inLanguage\":\"qt\",\"@id\":\"https:\\\/\\\/qtmm.org\\\/qt\\\/#\\\/schema\\\/logo\\\/image\\\/\",\"url\":\"https:\\\/\\\/qtmm.org\\\/wp-content\\\/uploads\\\/2024\\\/12\\\/ua-mejlis-logo-rgb.svg\",\"contentUrl\":\"https:\\\/\\\/qtmm.org\\\/wp-content\\\/uploads\\\/2024\\\/12\\\/ua-mejlis-logo-rgb.svg\",\"caption\":\"\u041c\u0435\u0434\u0436\u043b\u0456\u0441\"},\"image\":{\"@id\":\"https:\\\/\\\/qtmm.org\\\/qt\\\/#\\\/schema\\\/logo\\\/image\\\/\"},\"sameAs\":[\"https:\\\/\\\/www.facebook.com\\\/qtmm.info\\\/\"]},{\"@type\":\"Person\",\"@id\":\"https:\\\/\\\/qtmm.org\\\/qt\\\/#\\\/schema\\\/person\\\/de562469f971dec226ac06e60bbf74a7\",\"name\":\"Developer\",\"image\":{\"@type\":\"ImageObject\",\"inLanguage\":\"qt\",\"@id\":\"https:\\\/\\\/secure.gravatar.com\\\/avatar\\\/392b4cc8fbfeb00b39dfeeab4ee6edded39ffd48e25858637e4765810300227e?s=96&d=mm&r=g\",\"url\":\"https:\\\/\\\/secure.gravatar.com\\\/avatar\\\/392b4cc8fbfeb00b39dfeeab4ee6edded39ffd48e25858637e4765810300227e?s=96&d=mm&r=g\",\"contentUrl\":\"https:\\\/\\\/secure.gravatar.com\\\/avatar\\\/392b4cc8fbfeb00b39dfeeab4ee6edded39ffd48e25858637e4765810300227e?s=96&d=mm&r=g\",\"caption\":\"Developer\"},\"url\":\"https:\\\/\\\/qtmm.org\\\/qt\\\/author\\\/Developer\\\/\"}]}<\/script>\n<!-- \/ Yoast SEO plugin. -->","yoast_head_json":{"title":"Q\u0131r\u0131mtatar halq\u0131 Meclisini\u00f1 Ukraina Yuqar\u0131 \u015euras\u0131na,Ukraina halq\u0131 \u2013epsi milletlerge mens\u00fcp Ukraina vatanda\u015flar\u0131na Muracaat\u0131 - \u041c\u0435\u0434\u0436\u043b\u0456\u0441","robots":{"index":"index","follow":"follow","max-snippet":"max-snippet:-1","max-image-preview":"max-image-preview:large","max-video-preview":"max-video-preview:-1"},"canonical":"https:\/\/qtmm.org\/qt\/qirimtatar-halqi-meclisinin-ukraina-yuqari-surasinaukraina-halqi-epsi-milletlerge-mensup-ukraina-vatandaslarina-muracaati\/","og_locale":"en_US","og_type":"article","og_title":"Q\u0131r\u0131mtatar halq\u0131 Meclisini\u00f1 Ukraina Yuqar\u0131 \u015euras\u0131na,Ukraina halq\u0131 \u2013epsi milletlerge mens\u00fcp Ukraina vatanda\u015flar\u0131na Muracaat\u0131 - \u041c\u0435\u0434\u0436\u043b\u0456\u0441","og_description":"Ukraina Yuqar\u0131 \u015euras\u0131naUkraina halq\u0131 \u2013epsi milletlerge mens\u00fcp Ukraina vatanda\u015flar\u0131na &nbsp; Q\u0131r\u0131mtatar halq\u0131 Meclisini\u00f1Ukraina Yuqar\u0131 \u015euras\u0131na,Ukraina halq\u0131 \u2013epsi milletlerge mens\u00fcp Ukraina vatanda\u015flar\u0131naMuracaat\u0131 Q\u0131r\u0131mtatar halq\u0131n\u0131\u00f1 tolu vek\u00e2letli organ\u0131 &#8211; Q\u0131r\u0131mtatar halq\u0131n\u0131\u00f1 Meclisi &#8211; q\u0131r\u0131mtatarlarn\u0131\u00f1 ve Q\u0131r\u0131mn\u0131\u00f1, angi milletke mens\u00fcp ol\u011fan\u0131ndan qatiy nazar, epsi sakinlerini\u00f1 havfs\u0131zl\u0131\u011f\u0131 ve serbestligi tel\u00fcke alt\u0131nda bulun\u011fanda, &#8211; yabanc\u0131 devlet taraf\u0131ndan Q\u0131r\u0131mn\u0131\u00f1 i\u015f\u011fal etilmesi [&hellip;]","og_url":"https:\/\/qtmm.org\/qt\/qirimtatar-halqi-meclisinin-ukraina-yuqari-surasinaukraina-halqi-epsi-milletlerge-mensup-ukraina-vatandaslarina-muracaati\/","og_site_name":"\u041c\u0435\u0434\u0436\u043b\u0456\u0441","article_publisher":"https:\/\/www.facebook.com\/qtmm.info\/","article_published_time":"2014-03-15T20:26:00+00:00","article_modified_time":"2022-01-27T20:27:15+00:00","author":"Developer","twitter_card":"summary_large_image","twitter_misc":{"Written by":"Developer","Est. reading time":"4 minutes"},"schema":{"@context":"https:\/\/schema.org","@graph":[{"@type":"Article","@id":"https:\/\/qtmm.org\/qt\/qirimtatar-halqi-meclisinin-ukraina-yuqari-surasinaukraina-halqi-epsi-milletlerge-mensup-ukraina-vatandaslarina-muracaati\/#article","isPartOf":{"@id":"https:\/\/qtmm.org\/qt\/qirimtatar-halqi-meclisinin-ukraina-yuqari-surasinaukraina-halqi-epsi-milletlerge-mensup-ukraina-vatandaslarina-muracaati\/"},"author":{"name":"Developer","@id":"https:\/\/qtmm.org\/qt\/#\/schema\/person\/de562469f971dec226ac06e60bbf74a7"},"headline":"Q\u0131r\u0131mtatar halq\u0131 Meclisini\u00f1 Ukraina Yuqar\u0131 \u015euras\u0131na,Ukraina halq\u0131 \u2013epsi milletlerge mens\u00fcp Ukraina vatanda\u015flar\u0131na Muracaat\u0131","datePublished":"2014-03-15T20:26:00+00:00","dateModified":"2022-01-27T20:27:15+00:00","mainEntityOfPage":{"@id":"https:\/\/qtmm.org\/qt\/qirimtatar-halqi-meclisinin-ukraina-yuqari-surasinaukraina-halqi-epsi-milletlerge-mensup-ukraina-vatandaslarina-muracaati\/"},"wordCount":861,"commentCount":0,"publisher":{"@id":"https:\/\/qtmm.org\/qt\/#organization"},"articleSection":["Haberler"],"inLanguage":"qt","potentialAction":[{"@type":"CommentAction","name":"Comment","target":["https:\/\/qtmm.org\/qt\/qirimtatar-halqi-meclisinin-ukraina-yuqari-surasinaukraina-halqi-epsi-milletlerge-mensup-ukraina-vatandaslarina-muracaati\/#respond"]}]},{"@type":"WebPage","@id":"https:\/\/qtmm.org\/qt\/qirimtatar-halqi-meclisinin-ukraina-yuqari-surasinaukraina-halqi-epsi-milletlerge-mensup-ukraina-vatandaslarina-muracaati\/","url":"https:\/\/qtmm.org\/qt\/qirimtatar-halqi-meclisinin-ukraina-yuqari-surasinaukraina-halqi-epsi-milletlerge-mensup-ukraina-vatandaslarina-muracaati\/","name":"Q\u0131r\u0131mtatar halq\u0131 Meclisini\u00f1 Ukraina Yuqar\u0131 \u015euras\u0131na,Ukraina halq\u0131 \u2013epsi milletlerge mens\u00fcp Ukraina vatanda\u015flar\u0131na Muracaat\u0131 - \u041c\u0435\u0434\u0436\u043b\u0456\u0441","isPartOf":{"@id":"https:\/\/qtmm.org\/qt\/#website"},"datePublished":"2014-03-15T20:26:00+00:00","dateModified":"2022-01-27T20:27:15+00:00","breadcrumb":{"@id":"https:\/\/qtmm.org\/qt\/qirimtatar-halqi-meclisinin-ukraina-yuqari-surasinaukraina-halqi-epsi-milletlerge-mensup-ukraina-vatandaslarina-muracaati\/#breadcrumb"},"inLanguage":"qt","potentialAction":[{"@type":"ReadAction","target":["https:\/\/qtmm.org\/qt\/qirimtatar-halqi-meclisinin-ukraina-yuqari-surasinaukraina-halqi-epsi-milletlerge-mensup-ukraina-vatandaslarina-muracaati\/"]}]},{"@type":"BreadcrumbList","@id":"https:\/\/qtmm.org\/qt\/qirimtatar-halqi-meclisinin-ukraina-yuqari-surasinaukraina-halqi-epsi-milletlerge-mensup-ukraina-vatandaslarina-muracaati\/#breadcrumb","itemListElement":[{"@type":"ListItem","position":1,"name":"\u0413\u043e\u043b\u043e\u0432\u043d\u0430","item":"https:\/\/qtmm.org\/qt\/"},{"@type":"ListItem","position":2,"name":"Q\u0131r\u0131mtatar halq\u0131 Meclisini\u00f1 Ukraina Yuqar\u0131 \u015euras\u0131na,Ukraina halq\u0131 \u2013epsi milletlerge mens\u00fcp Ukraina vatanda\u015flar\u0131na Muracaat\u0131"}]},{"@type":"WebSite","@id":"https:\/\/qtmm.org\/qt\/#website","url":"https:\/\/qtmm.org\/qt\/","name":"\u041c\u0435\u0434\u0436\u043b\u0456\u0441","description":"","publisher":{"@id":"https:\/\/qtmm.org\/qt\/#organization"},"potentialAction":[{"@type":"SearchAction","target":{"@type":"EntryPoint","urlTemplate":"https:\/\/qtmm.org\/qt\/?s={search_term_string}"},"query-input":{"@type":"PropertyValueSpecification","valueRequired":true,"valueName":"search_term_string"}}],"inLanguage":"qt"},{"@type":"Organization","@id":"https:\/\/qtmm.org\/qt\/#organization","name":"\u041c\u0435\u0434\u0436\u043b\u0456\u0441","url":"https:\/\/qtmm.org\/qt\/","logo":{"@type":"ImageObject","inLanguage":"qt","@id":"https:\/\/qtmm.org\/qt\/#\/schema\/logo\/image\/","url":"https:\/\/qtmm.org\/wp-content\/uploads\/2024\/12\/ua-mejlis-logo-rgb.svg","contentUrl":"https:\/\/qtmm.org\/wp-content\/uploads\/2024\/12\/ua-mejlis-logo-rgb.svg","caption":"\u041c\u0435\u0434\u0436\u043b\u0456\u0441"},"image":{"@id":"https:\/\/qtmm.org\/qt\/#\/schema\/logo\/image\/"},"sameAs":["https:\/\/www.facebook.com\/qtmm.info\/"]},{"@type":"Person","@id":"https:\/\/qtmm.org\/qt\/#\/schema\/person\/de562469f971dec226ac06e60bbf74a7","name":"Developer","image":{"@type":"ImageObject","inLanguage":"qt","@id":"https:\/\/secure.gravatar.com\/avatar\/392b4cc8fbfeb00b39dfeeab4ee6edded39ffd48e25858637e4765810300227e?s=96&d=mm&r=g","url":"https:\/\/secure.gravatar.com\/avatar\/392b4cc8fbfeb00b39dfeeab4ee6edded39ffd48e25858637e4765810300227e?s=96&d=mm&r=g","contentUrl":"https:\/\/secure.gravatar.com\/avatar\/392b4cc8fbfeb00b39dfeeab4ee6edded39ffd48e25858637e4765810300227e?s=96&d=mm&r=g","caption":"Developer"},"url":"https:\/\/qtmm.org\/qt\/author\/Developer\/"}]}},"_links":{"self":[{"href":"https:\/\/qtmm.org\/qt\/wp-json\/wp\/v2\/posts\/43715","targetHints":{"allow":["GET"]}}],"collection":[{"href":"https:\/\/qtmm.org\/qt\/wp-json\/wp\/v2\/posts"}],"about":[{"href":"https:\/\/qtmm.org\/qt\/wp-json\/wp\/v2\/types\/post"}],"author":[{"embeddable":true,"href":"https:\/\/qtmm.org\/qt\/wp-json\/wp\/v2\/users\/1"}],"replies":[{"embeddable":true,"href":"https:\/\/qtmm.org\/qt\/wp-json\/wp\/v2\/comments?post=43715"}],"version-history":[{"count":1,"href":"https:\/\/qtmm.org\/qt\/wp-json\/wp\/v2\/posts\/43715\/revisions"}],"predecessor-version":[{"id":43716,"href":"https:\/\/qtmm.org\/qt\/wp-json\/wp\/v2\/posts\/43715\/revisions\/43716"}],"wp:attachment":[{"href":"https:\/\/qtmm.org\/qt\/wp-json\/wp\/v2\/media?parent=43715"}],"wp:term":[{"taxonomy":"category","embeddable":true,"href":"https:\/\/qtmm.org\/qt\/wp-json\/wp\/v2\/categories?post=43715"},{"taxonomy":"post_tag","embeddable":true,"href":"https:\/\/qtmm.org\/qt\/wp-json\/wp\/v2\/tags?post=43715"}],"curies":[{"name":"wp","href":"https:\/\/api.w.org\/{rel}","templated":true}]}}