




{"id":43713,"date":"2014-03-15T23:25:00","date_gmt":"2014-03-15T20:25:00","guid":{"rendered":"http:\/\/qtmm.org\/?p=43713"},"modified":"2022-01-27T23:26:17","modified_gmt":"2022-01-27T20:26:17","slug":"aqs-qirimdaki-vaqialar-munasebetinen-qoygan-sanktsiyalari-em-ukraina-em-rusiyedeki-sahislarga-toqunacaq","status":"publish","type":"post","link":"https:\/\/qtmm.org\/qt\/aqs-qirimdaki-vaqialar-munasebetinen-qoygan-sanktsiyalari-em-ukraina-em-rusiyedeki-sahislarga-toqunacaq\/","title":{"rendered":"AQ\u015e Q\u0131r\u0131mdaki vaqialar munasebetinen qoy\u011fan sanktsiyalar\u0131 em Ukraina, em Rusiyedeki \u015fah\u0131slar\u011fa toqunacaq"},"content":{"rendered":"\n<p>2014 senesi mart 14 k\u00fcn\u00fc Br\u00fcsselde i\u015f ziyareti ve NATO Ba\u015f k\u00e2tibini\u00f1 muavini Aleksandr Ver\u015fbou, Avropa Birligini\u00f1 t\u0131\u015fq\u0131 siyaset boyunca Aliy temsilcisini\u00f1 yard\u0131mc\u0131s\u0131 Pyer Vimont ve NATO\u011fa kirgen devlet el\u00e7ileri ile ol\u0131p ke\u00e7ken k\u00f6r\u00fc\u015f\u00fcvlerni\u00f1 neticeleri aqq\u0131nda esabat bergen q\u0131r\u0131mtatar halq\u0131n\u0131\u00f1 lideri, Ukraina halq deputat\u0131 Mustafa Cemilev NATO ve Avropa halqara institutlar\u0131 Rusiyege cenk a\u00e7maq variant\u0131n\u0131 k\u00f6zde tutmasalar da sanktsiyalar pek qatt\u0131 olaca\u011f\u0131n\u0131 s\u00f6ylegenlerini bildirdi.<\/p>\n\n\n\n<p>Mart 15 k\u00fcn\u00fc Ukraina halq deputat\u0131 Mustafa Cemilev Kiyevde Ukraina\u011fa resmiy ziyaretnen kelgen Amerika senatorlar\u0131nen k\u00f6r\u00fc\u015fti.<\/p>\n\n\n\n<p>Amerikal\u0131 meslekde\u015fleri ile k\u00f6r\u00fc\u015f\u00fcv vaqt\u0131nda Mustafa Cemilev Q\u0131r\u0131mdaki so\u00f1ki vaqialarnen ba\u011fl\u0131 meseleler ve bun\u0131\u00f1 kibi de Q\u0131r\u0131m ve Q\u0131r\u0131mn\u0131\u00f1 etraf\u0131ndaki siyasiy inqirazn\u0131 \u00e7ez\u00fcv yollar\u0131n\u0131 muzakere etti.<\/p>\n\n\n\n<p>\u00d6z nevbetinde cumhuriyet\u00e7i senator Con Makkeyn qayd etti ki, AQ\u015e Q\u0131r\u0131mdaki vaqialar munasebetinen qoy\u011fan sanktsiyalar\u0131 em Ukraina, em Rusiyedeki \u015fah\u0131slar\u011fa toqunacaq.<\/p>\n\n\n\n<p>On\u0131\u00f1 s\u00f6zlerine k\u00f6re Ukrainada sanktsiyalar\u011fa hususiy \u015fah\u0131slar degil de, yuridik \u015fah\u0131slar, yani biznes kompaniyalar\u0131 da o\u011frat\u0131lacaq. AQ\u015e senatorlar\u0131n\u0131\u00f1 qayd etkenine k\u00f6re Q\u0131r\u0131m inqiraz\u0131n\u0131 faqat siyasiy yolnen \u00e7ezmek m\u00fcmk\u00fcn.<\/p>\n","protected":false},"excerpt":{"rendered":"<p>2014 senesi mart 14 k\u00fcn\u00fc Br\u00fcsselde i\u015f ziyareti ve NATO Ba\u015f k\u00e2tibini\u00f1 muavini Aleksandr Ver\u015fbou, Avropa Birligini\u00f1 t\u0131\u015fq\u0131 siyaset boyunca Aliy temsilcisini\u00f1 yard\u0131mc\u0131s\u0131 Pyer Vimont ve NATO\u011fa kirgen devlet el\u00e7ileri ile ol\u0131p ke\u00e7ken k\u00f6r\u00fc\u015f\u00fcvlerni\u00f1 neticeleri aqq\u0131nda esabat bergen q\u0131r\u0131mtatar halq\u0131n\u0131\u00f1 lideri, Ukraina halq deputat\u0131 Mustafa Cemilev NATO ve Avropa halqara institutlar\u0131 Rusiyege cenk a\u00e7maq variant\u0131n\u0131 [&hellip;]<\/p>\n","protected":false},"author":1,"featured_media":0,"comment_status":"open","ping_status":"open","sticky":false,"template":"","format":"standard","meta":{"inline_featured_image":false,"footnotes":""},"categories":[265],"tags":[],"class_list":["post-43713","post","type-post","status-publish","format-standard","hentry","category-haberler"],"acf":[],"yoast_head":"<!-- This site is optimized with the Yoast SEO plugin v27.4 - https:\/\/yoast.com\/product\/yoast-seo-wordpress\/ -->\n<title>AQ\u015e Q\u0131r\u0131mdaki vaqialar munasebetinen qoy\u011fan sanktsiyalar\u0131 em Ukraina, em Rusiyedeki \u015fah\u0131slar\u011fa toqunacaq - \u041c\u0435\u0434\u0436\u043b\u0456\u0441<\/title>\n<meta name=\"robots\" content=\"index, follow, max-snippet:-1, max-image-preview:large, max-video-preview:-1\" \/>\n<link rel=\"canonical\" href=\"https:\/\/qtmm.org\/qt\/aqs-qirimdaki-vaqialar-munasebetinen-qoygan-sanktsiyalari-em-ukraina-em-rusiyedeki-sahislarga-toqunacaq\/\" \/>\n<meta property=\"og:locale\" content=\"en_US\" \/>\n<meta property=\"og:type\" content=\"article\" \/>\n<meta property=\"og:title\" content=\"AQ\u015e Q\u0131r\u0131mdaki vaqialar munasebetinen qoy\u011fan sanktsiyalar\u0131 em Ukraina, em Rusiyedeki \u015fah\u0131slar\u011fa toqunacaq - \u041c\u0435\u0434\u0436\u043b\u0456\u0441\" \/>\n<meta property=\"og:description\" content=\"2014 senesi mart 14 k\u00fcn\u00fc Br\u00fcsselde i\u015f ziyareti ve NATO Ba\u015f k\u00e2tibini\u00f1 muavini Aleksandr Ver\u015fbou, Avropa Birligini\u00f1 t\u0131\u015fq\u0131 siyaset boyunca Aliy temsilcisini\u00f1 yard\u0131mc\u0131s\u0131 Pyer Vimont ve NATO\u011fa kirgen devlet el\u00e7ileri ile ol\u0131p ke\u00e7ken k\u00f6r\u00fc\u015f\u00fcvlerni\u00f1 neticeleri aqq\u0131nda esabat bergen q\u0131r\u0131mtatar halq\u0131n\u0131\u00f1 lideri, Ukraina halq deputat\u0131 Mustafa Cemilev NATO ve Avropa halqara institutlar\u0131 Rusiyege cenk a\u00e7maq variant\u0131n\u0131 [&hellip;]\" \/>\n<meta property=\"og:url\" content=\"https:\/\/qtmm.org\/qt\/aqs-qirimdaki-vaqialar-munasebetinen-qoygan-sanktsiyalari-em-ukraina-em-rusiyedeki-sahislarga-toqunacaq\/\" \/>\n<meta property=\"og:site_name\" content=\"\u041c\u0435\u0434\u0436\u043b\u0456\u0441\" \/>\n<meta property=\"article:publisher\" content=\"https:\/\/www.facebook.com\/qtmm.info\/\" \/>\n<meta property=\"article:published_time\" content=\"2014-03-15T20:25:00+00:00\" \/>\n<meta property=\"article:modified_time\" content=\"2022-01-27T20:26:17+00:00\" \/>\n<meta name=\"author\" content=\"Developer\" \/>\n<meta name=\"twitter:card\" content=\"summary_large_image\" \/>\n<meta name=\"twitter:label1\" content=\"Written by\" \/>\n\t<meta name=\"twitter:data1\" content=\"Developer\" \/>\n\t<meta name=\"twitter:label2\" content=\"Est. reading time\" \/>\n\t<meta name=\"twitter:data2\" content=\"1 minute\" \/>\n<script type=\"application\/ld+json\" class=\"yoast-schema-graph\">{\"@context\":\"https:\\\/\\\/schema.org\",\"@graph\":[{\"@type\":\"Article\",\"@id\":\"https:\\\/\\\/qtmm.org\\\/qt\\\/aqs-qirimdaki-vaqialar-munasebetinen-qoygan-sanktsiyalari-em-ukraina-em-rusiyedeki-sahislarga-toqunacaq\\\/#article\",\"isPartOf\":{\"@id\":\"https:\\\/\\\/qtmm.org\\\/qt\\\/aqs-qirimdaki-vaqialar-munasebetinen-qoygan-sanktsiyalari-em-ukraina-em-rusiyedeki-sahislarga-toqunacaq\\\/\"},\"author\":{\"name\":\"Developer\",\"@id\":\"https:\\\/\\\/qtmm.org\\\/qt\\\/#\\\/schema\\\/person\\\/de562469f971dec226ac06e60bbf74a7\"},\"headline\":\"AQ\u015e Q\u0131r\u0131mdaki vaqialar munasebetinen qoy\u011fan sanktsiyalar\u0131 em Ukraina, em Rusiyedeki \u015fah\u0131slar\u011fa toqunacaq\",\"datePublished\":\"2014-03-15T20:25:00+00:00\",\"dateModified\":\"2022-01-27T20:26:17+00:00\",\"mainEntityOfPage\":{\"@id\":\"https:\\\/\\\/qtmm.org\\\/qt\\\/aqs-qirimdaki-vaqialar-munasebetinen-qoygan-sanktsiyalari-em-ukraina-em-rusiyedeki-sahislarga-toqunacaq\\\/\"},\"wordCount\":231,\"commentCount\":0,\"publisher\":{\"@id\":\"https:\\\/\\\/qtmm.org\\\/qt\\\/#organization\"},\"articleSection\":[\"Haberler\"],\"inLanguage\":\"qt\",\"potentialAction\":[{\"@type\":\"CommentAction\",\"name\":\"Comment\",\"target\":[\"https:\\\/\\\/qtmm.org\\\/qt\\\/aqs-qirimdaki-vaqialar-munasebetinen-qoygan-sanktsiyalari-em-ukraina-em-rusiyedeki-sahislarga-toqunacaq\\\/#respond\"]}]},{\"@type\":\"WebPage\",\"@id\":\"https:\\\/\\\/qtmm.org\\\/qt\\\/aqs-qirimdaki-vaqialar-munasebetinen-qoygan-sanktsiyalari-em-ukraina-em-rusiyedeki-sahislarga-toqunacaq\\\/\",\"url\":\"https:\\\/\\\/qtmm.org\\\/qt\\\/aqs-qirimdaki-vaqialar-munasebetinen-qoygan-sanktsiyalari-em-ukraina-em-rusiyedeki-sahislarga-toqunacaq\\\/\",\"name\":\"AQ\u015e Q\u0131r\u0131mdaki vaqialar munasebetinen qoy\u011fan sanktsiyalar\u0131 em Ukraina, em Rusiyedeki \u015fah\u0131slar\u011fa toqunacaq - \u041c\u0435\u0434\u0436\u043b\u0456\u0441\",\"isPartOf\":{\"@id\":\"https:\\\/\\\/qtmm.org\\\/qt\\\/#website\"},\"datePublished\":\"2014-03-15T20:25:00+00:00\",\"dateModified\":\"2022-01-27T20:26:17+00:00\",\"breadcrumb\":{\"@id\":\"https:\\\/\\\/qtmm.org\\\/qt\\\/aqs-qirimdaki-vaqialar-munasebetinen-qoygan-sanktsiyalari-em-ukraina-em-rusiyedeki-sahislarga-toqunacaq\\\/#breadcrumb\"},\"inLanguage\":\"qt\",\"potentialAction\":[{\"@type\":\"ReadAction\",\"target\":[\"https:\\\/\\\/qtmm.org\\\/qt\\\/aqs-qirimdaki-vaqialar-munasebetinen-qoygan-sanktsiyalari-em-ukraina-em-rusiyedeki-sahislarga-toqunacaq\\\/\"]}]},{\"@type\":\"BreadcrumbList\",\"@id\":\"https:\\\/\\\/qtmm.org\\\/qt\\\/aqs-qirimdaki-vaqialar-munasebetinen-qoygan-sanktsiyalari-em-ukraina-em-rusiyedeki-sahislarga-toqunacaq\\\/#breadcrumb\",\"itemListElement\":[{\"@type\":\"ListItem\",\"position\":1,\"name\":\"\u0413\u043e\u043b\u043e\u0432\u043d\u0430\",\"item\":\"https:\\\/\\\/qtmm.org\\\/qt\\\/\"},{\"@type\":\"ListItem\",\"position\":2,\"name\":\"AQ\u015e Q\u0131r\u0131mdaki vaqialar munasebetinen qoy\u011fan sanktsiyalar\u0131 em Ukraina, em Rusiyedeki \u015fah\u0131slar\u011fa toqunacaq\"}]},{\"@type\":\"WebSite\",\"@id\":\"https:\\\/\\\/qtmm.org\\\/qt\\\/#website\",\"url\":\"https:\\\/\\\/qtmm.org\\\/qt\\\/\",\"name\":\"\u041c\u0435\u0434\u0436\u043b\u0456\u0441\",\"description\":\"\",\"publisher\":{\"@id\":\"https:\\\/\\\/qtmm.org\\\/qt\\\/#organization\"},\"potentialAction\":[{\"@type\":\"SearchAction\",\"target\":{\"@type\":\"EntryPoint\",\"urlTemplate\":\"https:\\\/\\\/qtmm.org\\\/qt\\\/?s={search_term_string}\"},\"query-input\":{\"@type\":\"PropertyValueSpecification\",\"valueRequired\":true,\"valueName\":\"search_term_string\"}}],\"inLanguage\":\"qt\"},{\"@type\":\"Organization\",\"@id\":\"https:\\\/\\\/qtmm.org\\\/qt\\\/#organization\",\"name\":\"\u041c\u0435\u0434\u0436\u043b\u0456\u0441\",\"url\":\"https:\\\/\\\/qtmm.org\\\/qt\\\/\",\"logo\":{\"@type\":\"ImageObject\",\"inLanguage\":\"qt\",\"@id\":\"https:\\\/\\\/qtmm.org\\\/qt\\\/#\\\/schema\\\/logo\\\/image\\\/\",\"url\":\"https:\\\/\\\/qtmm.org\\\/wp-content\\\/uploads\\\/2024\\\/12\\\/ua-mejlis-logo-rgb.svg\",\"contentUrl\":\"https:\\\/\\\/qtmm.org\\\/wp-content\\\/uploads\\\/2024\\\/12\\\/ua-mejlis-logo-rgb.svg\",\"caption\":\"\u041c\u0435\u0434\u0436\u043b\u0456\u0441\"},\"image\":{\"@id\":\"https:\\\/\\\/qtmm.org\\\/qt\\\/#\\\/schema\\\/logo\\\/image\\\/\"},\"sameAs\":[\"https:\\\/\\\/www.facebook.com\\\/qtmm.info\\\/\"]},{\"@type\":\"Person\",\"@id\":\"https:\\\/\\\/qtmm.org\\\/qt\\\/#\\\/schema\\\/person\\\/de562469f971dec226ac06e60bbf74a7\",\"name\":\"Developer\",\"image\":{\"@type\":\"ImageObject\",\"inLanguage\":\"qt\",\"@id\":\"https:\\\/\\\/secure.gravatar.com\\\/avatar\\\/392b4cc8fbfeb00b39dfeeab4ee6edded39ffd48e25858637e4765810300227e?s=96&d=mm&r=g\",\"url\":\"https:\\\/\\\/secure.gravatar.com\\\/avatar\\\/392b4cc8fbfeb00b39dfeeab4ee6edded39ffd48e25858637e4765810300227e?s=96&d=mm&r=g\",\"contentUrl\":\"https:\\\/\\\/secure.gravatar.com\\\/avatar\\\/392b4cc8fbfeb00b39dfeeab4ee6edded39ffd48e25858637e4765810300227e?s=96&d=mm&r=g\",\"caption\":\"Developer\"},\"url\":\"https:\\\/\\\/qtmm.org\\\/qt\\\/author\\\/Developer\\\/\"}]}<\/script>\n<!-- \/ Yoast SEO plugin. -->","yoast_head_json":{"title":"AQ\u015e Q\u0131r\u0131mdaki vaqialar munasebetinen qoy\u011fan sanktsiyalar\u0131 em Ukraina, em Rusiyedeki \u015fah\u0131slar\u011fa toqunacaq - \u041c\u0435\u0434\u0436\u043b\u0456\u0441","robots":{"index":"index","follow":"follow","max-snippet":"max-snippet:-1","max-image-preview":"max-image-preview:large","max-video-preview":"max-video-preview:-1"},"canonical":"https:\/\/qtmm.org\/qt\/aqs-qirimdaki-vaqialar-munasebetinen-qoygan-sanktsiyalari-em-ukraina-em-rusiyedeki-sahislarga-toqunacaq\/","og_locale":"en_US","og_type":"article","og_title":"AQ\u015e Q\u0131r\u0131mdaki vaqialar munasebetinen qoy\u011fan sanktsiyalar\u0131 em Ukraina, em Rusiyedeki \u015fah\u0131slar\u011fa toqunacaq - \u041c\u0435\u0434\u0436\u043b\u0456\u0441","og_description":"2014 senesi mart 14 k\u00fcn\u00fc Br\u00fcsselde i\u015f ziyareti ve NATO Ba\u015f k\u00e2tibini\u00f1 muavini Aleksandr Ver\u015fbou, Avropa Birligini\u00f1 t\u0131\u015fq\u0131 siyaset boyunca Aliy temsilcisini\u00f1 yard\u0131mc\u0131s\u0131 Pyer Vimont ve NATO\u011fa kirgen devlet el\u00e7ileri ile ol\u0131p ke\u00e7ken k\u00f6r\u00fc\u015f\u00fcvlerni\u00f1 neticeleri aqq\u0131nda esabat bergen q\u0131r\u0131mtatar halq\u0131n\u0131\u00f1 lideri, Ukraina halq deputat\u0131 Mustafa Cemilev NATO ve Avropa halqara institutlar\u0131 Rusiyege cenk a\u00e7maq variant\u0131n\u0131 [&hellip;]","og_url":"https:\/\/qtmm.org\/qt\/aqs-qirimdaki-vaqialar-munasebetinen-qoygan-sanktsiyalari-em-ukraina-em-rusiyedeki-sahislarga-toqunacaq\/","og_site_name":"\u041c\u0435\u0434\u0436\u043b\u0456\u0441","article_publisher":"https:\/\/www.facebook.com\/qtmm.info\/","article_published_time":"2014-03-15T20:25:00+00:00","article_modified_time":"2022-01-27T20:26:17+00:00","author":"Developer","twitter_card":"summary_large_image","twitter_misc":{"Written by":"Developer","Est. reading time":"1 minute"},"schema":{"@context":"https:\/\/schema.org","@graph":[{"@type":"Article","@id":"https:\/\/qtmm.org\/qt\/aqs-qirimdaki-vaqialar-munasebetinen-qoygan-sanktsiyalari-em-ukraina-em-rusiyedeki-sahislarga-toqunacaq\/#article","isPartOf":{"@id":"https:\/\/qtmm.org\/qt\/aqs-qirimdaki-vaqialar-munasebetinen-qoygan-sanktsiyalari-em-ukraina-em-rusiyedeki-sahislarga-toqunacaq\/"},"author":{"name":"Developer","@id":"https:\/\/qtmm.org\/qt\/#\/schema\/person\/de562469f971dec226ac06e60bbf74a7"},"headline":"AQ\u015e Q\u0131r\u0131mdaki vaqialar munasebetinen qoy\u011fan sanktsiyalar\u0131 em Ukraina, em Rusiyedeki \u015fah\u0131slar\u011fa toqunacaq","datePublished":"2014-03-15T20:25:00+00:00","dateModified":"2022-01-27T20:26:17+00:00","mainEntityOfPage":{"@id":"https:\/\/qtmm.org\/qt\/aqs-qirimdaki-vaqialar-munasebetinen-qoygan-sanktsiyalari-em-ukraina-em-rusiyedeki-sahislarga-toqunacaq\/"},"wordCount":231,"commentCount":0,"publisher":{"@id":"https:\/\/qtmm.org\/qt\/#organization"},"articleSection":["Haberler"],"inLanguage":"qt","potentialAction":[{"@type":"CommentAction","name":"Comment","target":["https:\/\/qtmm.org\/qt\/aqs-qirimdaki-vaqialar-munasebetinen-qoygan-sanktsiyalari-em-ukraina-em-rusiyedeki-sahislarga-toqunacaq\/#respond"]}]},{"@type":"WebPage","@id":"https:\/\/qtmm.org\/qt\/aqs-qirimdaki-vaqialar-munasebetinen-qoygan-sanktsiyalari-em-ukraina-em-rusiyedeki-sahislarga-toqunacaq\/","url":"https:\/\/qtmm.org\/qt\/aqs-qirimdaki-vaqialar-munasebetinen-qoygan-sanktsiyalari-em-ukraina-em-rusiyedeki-sahislarga-toqunacaq\/","name":"AQ\u015e Q\u0131r\u0131mdaki vaqialar munasebetinen qoy\u011fan sanktsiyalar\u0131 em Ukraina, em Rusiyedeki \u015fah\u0131slar\u011fa toqunacaq - \u041c\u0435\u0434\u0436\u043b\u0456\u0441","isPartOf":{"@id":"https:\/\/qtmm.org\/qt\/#website"},"datePublished":"2014-03-15T20:25:00+00:00","dateModified":"2022-01-27T20:26:17+00:00","breadcrumb":{"@id":"https:\/\/qtmm.org\/qt\/aqs-qirimdaki-vaqialar-munasebetinen-qoygan-sanktsiyalari-em-ukraina-em-rusiyedeki-sahislarga-toqunacaq\/#breadcrumb"},"inLanguage":"qt","potentialAction":[{"@type":"ReadAction","target":["https:\/\/qtmm.org\/qt\/aqs-qirimdaki-vaqialar-munasebetinen-qoygan-sanktsiyalari-em-ukraina-em-rusiyedeki-sahislarga-toqunacaq\/"]}]},{"@type":"BreadcrumbList","@id":"https:\/\/qtmm.org\/qt\/aqs-qirimdaki-vaqialar-munasebetinen-qoygan-sanktsiyalari-em-ukraina-em-rusiyedeki-sahislarga-toqunacaq\/#breadcrumb","itemListElement":[{"@type":"ListItem","position":1,"name":"\u0413\u043e\u043b\u043e\u0432\u043d\u0430","item":"https:\/\/qtmm.org\/qt\/"},{"@type":"ListItem","position":2,"name":"AQ\u015e Q\u0131r\u0131mdaki vaqialar munasebetinen qoy\u011fan sanktsiyalar\u0131 em Ukraina, em Rusiyedeki \u015fah\u0131slar\u011fa toqunacaq"}]},{"@type":"WebSite","@id":"https:\/\/qtmm.org\/qt\/#website","url":"https:\/\/qtmm.org\/qt\/","name":"\u041c\u0435\u0434\u0436\u043b\u0456\u0441","description":"","publisher":{"@id":"https:\/\/qtmm.org\/qt\/#organization"},"potentialAction":[{"@type":"SearchAction","target":{"@type":"EntryPoint","urlTemplate":"https:\/\/qtmm.org\/qt\/?s={search_term_string}"},"query-input":{"@type":"PropertyValueSpecification","valueRequired":true,"valueName":"search_term_string"}}],"inLanguage":"qt"},{"@type":"Organization","@id":"https:\/\/qtmm.org\/qt\/#organization","name":"\u041c\u0435\u0434\u0436\u043b\u0456\u0441","url":"https:\/\/qtmm.org\/qt\/","logo":{"@type":"ImageObject","inLanguage":"qt","@id":"https:\/\/qtmm.org\/qt\/#\/schema\/logo\/image\/","url":"https:\/\/qtmm.org\/wp-content\/uploads\/2024\/12\/ua-mejlis-logo-rgb.svg","contentUrl":"https:\/\/qtmm.org\/wp-content\/uploads\/2024\/12\/ua-mejlis-logo-rgb.svg","caption":"\u041c\u0435\u0434\u0436\u043b\u0456\u0441"},"image":{"@id":"https:\/\/qtmm.org\/qt\/#\/schema\/logo\/image\/"},"sameAs":["https:\/\/www.facebook.com\/qtmm.info\/"]},{"@type":"Person","@id":"https:\/\/qtmm.org\/qt\/#\/schema\/person\/de562469f971dec226ac06e60bbf74a7","name":"Developer","image":{"@type":"ImageObject","inLanguage":"qt","@id":"https:\/\/secure.gravatar.com\/avatar\/392b4cc8fbfeb00b39dfeeab4ee6edded39ffd48e25858637e4765810300227e?s=96&d=mm&r=g","url":"https:\/\/secure.gravatar.com\/avatar\/392b4cc8fbfeb00b39dfeeab4ee6edded39ffd48e25858637e4765810300227e?s=96&d=mm&r=g","contentUrl":"https:\/\/secure.gravatar.com\/avatar\/392b4cc8fbfeb00b39dfeeab4ee6edded39ffd48e25858637e4765810300227e?s=96&d=mm&r=g","caption":"Developer"},"url":"https:\/\/qtmm.org\/qt\/author\/Developer\/"}]}},"_links":{"self":[{"href":"https:\/\/qtmm.org\/qt\/wp-json\/wp\/v2\/posts\/43713","targetHints":{"allow":["GET"]}}],"collection":[{"href":"https:\/\/qtmm.org\/qt\/wp-json\/wp\/v2\/posts"}],"about":[{"href":"https:\/\/qtmm.org\/qt\/wp-json\/wp\/v2\/types\/post"}],"author":[{"embeddable":true,"href":"https:\/\/qtmm.org\/qt\/wp-json\/wp\/v2\/users\/1"}],"replies":[{"embeddable":true,"href":"https:\/\/qtmm.org\/qt\/wp-json\/wp\/v2\/comments?post=43713"}],"version-history":[{"count":1,"href":"https:\/\/qtmm.org\/qt\/wp-json\/wp\/v2\/posts\/43713\/revisions"}],"predecessor-version":[{"id":43714,"href":"https:\/\/qtmm.org\/qt\/wp-json\/wp\/v2\/posts\/43713\/revisions\/43714"}],"wp:attachment":[{"href":"https:\/\/qtmm.org\/qt\/wp-json\/wp\/v2\/media?parent=43713"}],"wp:term":[{"taxonomy":"category","embeddable":true,"href":"https:\/\/qtmm.org\/qt\/wp-json\/wp\/v2\/categories?post=43713"},{"taxonomy":"post_tag","embeddable":true,"href":"https:\/\/qtmm.org\/qt\/wp-json\/wp\/v2\/tags?post=43713"}],"curies":[{"name":"wp","href":"https:\/\/api.w.org\/{rel}","templated":true}]}}