




{"id":43711,"date":"2014-03-14T23:24:00","date_gmt":"2014-03-14T20:24:00","guid":{"rendered":"http:\/\/qtmm.org\/?p=43711"},"modified":"2022-01-27T23:25:16","modified_gmt":"2022-01-27T20:25:16","slug":"qirimtatar-halqinin-lideri-ukraina-halq-deputati-mustafa-cemilev-is-ziyaretinen-brusselge-belcika-ketti","status":"publish","type":"post","link":"https:\/\/qtmm.org\/qt\/qirimtatar-halqinin-lideri-ukraina-halq-deputati-mustafa-cemilev-is-ziyaretinen-brusselge-belcika-ketti\/","title":{"rendered":"Q\u0131r\u0131mtatar halq\u0131n\u0131\u00f1 lideri, Ukraina halq deputat\u0131 Mustafa Cemilev i\u015f ziyaretinen Br\u00fcsselge (Bel\u00e7ika) ketti"},"content":{"rendered":"\n<p>Ziyaret \u00e7er\u00e7ivesinde mart 14 k\u00fcn\u00fc NATO Ba\u015f k\u00e2tibini\u00f1 muavini Aleksandr Ver\u015fbou, Avropa Birligini\u00f1 t\u0131\u015fq\u0131 siyaset boyunca Aliy vekilini\u00f1 yard\u0131mc\u0131s\u0131 Pyer Vimont ve NATO azalar\u0131 ol\u011fagn devletlerni\u00f1 el\u00e7ilerinen k\u00f6r\u00fc\u015f\u00fcvler ke\u00e7irilmesi planla\u015ft\u0131r\u0131la.<\/p>\n\n\n\n<p>Bundan da \u011fayr\u0131 i\u015f ziyaret devam\u0131nda Mustafa Cemilev Ukrainan\u0131\u00f1 Bel\u00e7ika Q\u0131rall\u0131\u011f\u0131 ve L\u00fcksemburgda Vefqulade ve toluvek\u00e2letli el\u00e7isi, NATOda Ukraina el\u00e7iligini\u00f1 ba\u015f\u0131 \u0130gor Dolgov ile k\u00f6r\u00fc\u015fecek.<\/p>\n\n\n\n<p>K\u00f6r\u00fc\u015f\u00fcvlerde Q\u0131r\u0131m ve Q\u0131r\u0131m etraf\u0131ndaki siyasiy inqiraz \u00e7ezimini\u00f1 t\u0131n\u00e7 yollar\u0131 muzakere etilecek.<br><br>&nbsp;<\/p>\n","protected":false},"excerpt":{"rendered":"<p>Ziyaret \u00e7er\u00e7ivesinde mart 14 k\u00fcn\u00fc NATO Ba\u015f k\u00e2tibini\u00f1 muavini Aleksandr Ver\u015fbou, Avropa Birligini\u00f1 t\u0131\u015fq\u0131 siyaset boyunca Aliy vekilini\u00f1 yard\u0131mc\u0131s\u0131 Pyer Vimont ve NATO azalar\u0131 ol\u011fagn devletlerni\u00f1 el\u00e7ilerinen k\u00f6r\u00fc\u015f\u00fcvler ke\u00e7irilmesi planla\u015ft\u0131r\u0131la. Bundan da \u011fayr\u0131 i\u015f ziyaret devam\u0131nda Mustafa Cemilev Ukrainan\u0131\u00f1 Bel\u00e7ika Q\u0131rall\u0131\u011f\u0131 ve L\u00fcksemburgda Vefqulade ve toluvek\u00e2letli el\u00e7isi, NATOda Ukraina el\u00e7iligini\u00f1 ba\u015f\u0131 \u0130gor Dolgov ile k\u00f6r\u00fc\u015fecek. [&hellip;]<\/p>\n","protected":false},"author":1,"featured_media":0,"comment_status":"open","ping_status":"open","sticky":false,"template":"","format":"standard","meta":{"inline_featured_image":false,"footnotes":""},"categories":[265],"tags":[],"class_list":["post-43711","post","type-post","status-publish","format-standard","hentry","category-haberler"],"acf":[],"yoast_head":"<!-- This site is optimized with the Yoast SEO plugin v27.4 - https:\/\/yoast.com\/product\/yoast-seo-wordpress\/ -->\n<title>Q\u0131r\u0131mtatar halq\u0131n\u0131\u00f1 lideri, Ukraina halq deputat\u0131 Mustafa Cemilev i\u015f ziyaretinen Br\u00fcsselge (Bel\u00e7ika) ketti - \u041c\u0435\u0434\u0436\u043b\u0456\u0441<\/title>\n<meta name=\"robots\" content=\"index, follow, max-snippet:-1, max-image-preview:large, max-video-preview:-1\" \/>\n<link rel=\"canonical\" href=\"https:\/\/qtmm.org\/qt\/qirimtatar-halqinin-lideri-ukraina-halq-deputati-mustafa-cemilev-is-ziyaretinen-brusselge-belcika-ketti\/\" \/>\n<meta property=\"og:locale\" content=\"en_US\" \/>\n<meta property=\"og:type\" content=\"article\" \/>\n<meta property=\"og:title\" content=\"Q\u0131r\u0131mtatar halq\u0131n\u0131\u00f1 lideri, Ukraina halq deputat\u0131 Mustafa Cemilev i\u015f ziyaretinen Br\u00fcsselge (Bel\u00e7ika) ketti - \u041c\u0435\u0434\u0436\u043b\u0456\u0441\" \/>\n<meta property=\"og:description\" content=\"Ziyaret \u00e7er\u00e7ivesinde mart 14 k\u00fcn\u00fc NATO Ba\u015f k\u00e2tibini\u00f1 muavini Aleksandr Ver\u015fbou, Avropa Birligini\u00f1 t\u0131\u015fq\u0131 siyaset boyunca Aliy vekilini\u00f1 yard\u0131mc\u0131s\u0131 Pyer Vimont ve NATO azalar\u0131 ol\u011fagn devletlerni\u00f1 el\u00e7ilerinen k\u00f6r\u00fc\u015f\u00fcvler ke\u00e7irilmesi planla\u015ft\u0131r\u0131la. Bundan da \u011fayr\u0131 i\u015f ziyaret devam\u0131nda Mustafa Cemilev Ukrainan\u0131\u00f1 Bel\u00e7ika Q\u0131rall\u0131\u011f\u0131 ve L\u00fcksemburgda Vefqulade ve toluvek\u00e2letli el\u00e7isi, NATOda Ukraina el\u00e7iligini\u00f1 ba\u015f\u0131 \u0130gor Dolgov ile k\u00f6r\u00fc\u015fecek. [&hellip;]\" \/>\n<meta property=\"og:url\" content=\"https:\/\/qtmm.org\/qt\/qirimtatar-halqinin-lideri-ukraina-halq-deputati-mustafa-cemilev-is-ziyaretinen-brusselge-belcika-ketti\/\" \/>\n<meta property=\"og:site_name\" content=\"\u041c\u0435\u0434\u0436\u043b\u0456\u0441\" \/>\n<meta property=\"article:publisher\" content=\"https:\/\/www.facebook.com\/qtmm.info\/\" \/>\n<meta property=\"article:published_time\" content=\"2014-03-14T20:24:00+00:00\" \/>\n<meta property=\"article:modified_time\" content=\"2022-01-27T20:25:16+00:00\" \/>\n<meta name=\"author\" content=\"Developer\" \/>\n<meta name=\"twitter:card\" content=\"summary_large_image\" \/>\n<meta name=\"twitter:label1\" content=\"Written by\" \/>\n\t<meta name=\"twitter:data1\" content=\"Developer\" \/>\n<script type=\"application\/ld+json\" class=\"yoast-schema-graph\">{\"@context\":\"https:\\\/\\\/schema.org\",\"@graph\":[{\"@type\":\"Article\",\"@id\":\"https:\\\/\\\/qtmm.org\\\/qt\\\/qirimtatar-halqinin-lideri-ukraina-halq-deputati-mustafa-cemilev-is-ziyaretinen-brusselge-belcika-ketti\\\/#article\",\"isPartOf\":{\"@id\":\"https:\\\/\\\/qtmm.org\\\/qt\\\/qirimtatar-halqinin-lideri-ukraina-halq-deputati-mustafa-cemilev-is-ziyaretinen-brusselge-belcika-ketti\\\/\"},\"author\":{\"name\":\"Developer\",\"@id\":\"https:\\\/\\\/qtmm.org\\\/qt\\\/#\\\/schema\\\/person\\\/de562469f971dec226ac06e60bbf74a7\"},\"headline\":\"Q\u0131r\u0131mtatar halq\u0131n\u0131\u00f1 lideri, Ukraina halq deputat\u0131 Mustafa Cemilev i\u015f ziyaretinen Br\u00fcsselge (Bel\u00e7ika) ketti\",\"datePublished\":\"2014-03-14T20:24:00+00:00\",\"dateModified\":\"2022-01-27T20:25:16+00:00\",\"mainEntityOfPage\":{\"@id\":\"https:\\\/\\\/qtmm.org\\\/qt\\\/qirimtatar-halqinin-lideri-ukraina-halq-deputati-mustafa-cemilev-is-ziyaretinen-brusselge-belcika-ketti\\\/\"},\"wordCount\":117,\"commentCount\":0,\"publisher\":{\"@id\":\"https:\\\/\\\/qtmm.org\\\/qt\\\/#organization\"},\"articleSection\":[\"Haberler\"],\"inLanguage\":\"qt\",\"potentialAction\":[{\"@type\":\"CommentAction\",\"name\":\"Comment\",\"target\":[\"https:\\\/\\\/qtmm.org\\\/qt\\\/qirimtatar-halqinin-lideri-ukraina-halq-deputati-mustafa-cemilev-is-ziyaretinen-brusselge-belcika-ketti\\\/#respond\"]}]},{\"@type\":\"WebPage\",\"@id\":\"https:\\\/\\\/qtmm.org\\\/qt\\\/qirimtatar-halqinin-lideri-ukraina-halq-deputati-mustafa-cemilev-is-ziyaretinen-brusselge-belcika-ketti\\\/\",\"url\":\"https:\\\/\\\/qtmm.org\\\/qt\\\/qirimtatar-halqinin-lideri-ukraina-halq-deputati-mustafa-cemilev-is-ziyaretinen-brusselge-belcika-ketti\\\/\",\"name\":\"Q\u0131r\u0131mtatar halq\u0131n\u0131\u00f1 lideri, Ukraina halq deputat\u0131 Mustafa Cemilev i\u015f ziyaretinen Br\u00fcsselge (Bel\u00e7ika) ketti - \u041c\u0435\u0434\u0436\u043b\u0456\u0441\",\"isPartOf\":{\"@id\":\"https:\\\/\\\/qtmm.org\\\/qt\\\/#website\"},\"datePublished\":\"2014-03-14T20:24:00+00:00\",\"dateModified\":\"2022-01-27T20:25:16+00:00\",\"breadcrumb\":{\"@id\":\"https:\\\/\\\/qtmm.org\\\/qt\\\/qirimtatar-halqinin-lideri-ukraina-halq-deputati-mustafa-cemilev-is-ziyaretinen-brusselge-belcika-ketti\\\/#breadcrumb\"},\"inLanguage\":\"qt\",\"potentialAction\":[{\"@type\":\"ReadAction\",\"target\":[\"https:\\\/\\\/qtmm.org\\\/qt\\\/qirimtatar-halqinin-lideri-ukraina-halq-deputati-mustafa-cemilev-is-ziyaretinen-brusselge-belcika-ketti\\\/\"]}]},{\"@type\":\"BreadcrumbList\",\"@id\":\"https:\\\/\\\/qtmm.org\\\/qt\\\/qirimtatar-halqinin-lideri-ukraina-halq-deputati-mustafa-cemilev-is-ziyaretinen-brusselge-belcika-ketti\\\/#breadcrumb\",\"itemListElement\":[{\"@type\":\"ListItem\",\"position\":1,\"name\":\"\u0413\u043e\u043b\u043e\u0432\u043d\u0430\",\"item\":\"https:\\\/\\\/qtmm.org\\\/qt\\\/\"},{\"@type\":\"ListItem\",\"position\":2,\"name\":\"Q\u0131r\u0131mtatar halq\u0131n\u0131\u00f1 lideri, Ukraina halq deputat\u0131 Mustafa Cemilev i\u015f ziyaretinen Br\u00fcsselge (Bel\u00e7ika) ketti\"}]},{\"@type\":\"WebSite\",\"@id\":\"https:\\\/\\\/qtmm.org\\\/qt\\\/#website\",\"url\":\"https:\\\/\\\/qtmm.org\\\/qt\\\/\",\"name\":\"\u041c\u0435\u0434\u0436\u043b\u0456\u0441\",\"description\":\"\",\"publisher\":{\"@id\":\"https:\\\/\\\/qtmm.org\\\/qt\\\/#organization\"},\"potentialAction\":[{\"@type\":\"SearchAction\",\"target\":{\"@type\":\"EntryPoint\",\"urlTemplate\":\"https:\\\/\\\/qtmm.org\\\/qt\\\/?s={search_term_string}\"},\"query-input\":{\"@type\":\"PropertyValueSpecification\",\"valueRequired\":true,\"valueName\":\"search_term_string\"}}],\"inLanguage\":\"qt\"},{\"@type\":\"Organization\",\"@id\":\"https:\\\/\\\/qtmm.org\\\/qt\\\/#organization\",\"name\":\"\u041c\u0435\u0434\u0436\u043b\u0456\u0441\",\"url\":\"https:\\\/\\\/qtmm.org\\\/qt\\\/\",\"logo\":{\"@type\":\"ImageObject\",\"inLanguage\":\"qt\",\"@id\":\"https:\\\/\\\/qtmm.org\\\/qt\\\/#\\\/schema\\\/logo\\\/image\\\/\",\"url\":\"https:\\\/\\\/qtmm.org\\\/wp-content\\\/uploads\\\/2024\\\/12\\\/ua-mejlis-logo-rgb.svg\",\"contentUrl\":\"https:\\\/\\\/qtmm.org\\\/wp-content\\\/uploads\\\/2024\\\/12\\\/ua-mejlis-logo-rgb.svg\",\"caption\":\"\u041c\u0435\u0434\u0436\u043b\u0456\u0441\"},\"image\":{\"@id\":\"https:\\\/\\\/qtmm.org\\\/qt\\\/#\\\/schema\\\/logo\\\/image\\\/\"},\"sameAs\":[\"https:\\\/\\\/www.facebook.com\\\/qtmm.info\\\/\"]},{\"@type\":\"Person\",\"@id\":\"https:\\\/\\\/qtmm.org\\\/qt\\\/#\\\/schema\\\/person\\\/de562469f971dec226ac06e60bbf74a7\",\"name\":\"Developer\",\"image\":{\"@type\":\"ImageObject\",\"inLanguage\":\"qt\",\"@id\":\"https:\\\/\\\/secure.gravatar.com\\\/avatar\\\/392b4cc8fbfeb00b39dfeeab4ee6edded39ffd48e25858637e4765810300227e?s=96&d=mm&r=g\",\"url\":\"https:\\\/\\\/secure.gravatar.com\\\/avatar\\\/392b4cc8fbfeb00b39dfeeab4ee6edded39ffd48e25858637e4765810300227e?s=96&d=mm&r=g\",\"contentUrl\":\"https:\\\/\\\/secure.gravatar.com\\\/avatar\\\/392b4cc8fbfeb00b39dfeeab4ee6edded39ffd48e25858637e4765810300227e?s=96&d=mm&r=g\",\"caption\":\"Developer\"},\"url\":\"https:\\\/\\\/qtmm.org\\\/qt\\\/author\\\/Developer\\\/\"}]}<\/script>\n<!-- \/ Yoast SEO plugin. -->","yoast_head_json":{"title":"Q\u0131r\u0131mtatar halq\u0131n\u0131\u00f1 lideri, Ukraina halq deputat\u0131 Mustafa Cemilev i\u015f ziyaretinen Br\u00fcsselge (Bel\u00e7ika) ketti - \u041c\u0435\u0434\u0436\u043b\u0456\u0441","robots":{"index":"index","follow":"follow","max-snippet":"max-snippet:-1","max-image-preview":"max-image-preview:large","max-video-preview":"max-video-preview:-1"},"canonical":"https:\/\/qtmm.org\/qt\/qirimtatar-halqinin-lideri-ukraina-halq-deputati-mustafa-cemilev-is-ziyaretinen-brusselge-belcika-ketti\/","og_locale":"en_US","og_type":"article","og_title":"Q\u0131r\u0131mtatar halq\u0131n\u0131\u00f1 lideri, Ukraina halq deputat\u0131 Mustafa Cemilev i\u015f ziyaretinen Br\u00fcsselge (Bel\u00e7ika) ketti - \u041c\u0435\u0434\u0436\u043b\u0456\u0441","og_description":"Ziyaret \u00e7er\u00e7ivesinde mart 14 k\u00fcn\u00fc NATO Ba\u015f k\u00e2tibini\u00f1 muavini Aleksandr Ver\u015fbou, Avropa Birligini\u00f1 t\u0131\u015fq\u0131 siyaset boyunca Aliy vekilini\u00f1 yard\u0131mc\u0131s\u0131 Pyer Vimont ve NATO azalar\u0131 ol\u011fagn devletlerni\u00f1 el\u00e7ilerinen k\u00f6r\u00fc\u015f\u00fcvler ke\u00e7irilmesi planla\u015ft\u0131r\u0131la. Bundan da \u011fayr\u0131 i\u015f ziyaret devam\u0131nda Mustafa Cemilev Ukrainan\u0131\u00f1 Bel\u00e7ika Q\u0131rall\u0131\u011f\u0131 ve L\u00fcksemburgda Vefqulade ve toluvek\u00e2letli el\u00e7isi, NATOda Ukraina el\u00e7iligini\u00f1 ba\u015f\u0131 \u0130gor Dolgov ile k\u00f6r\u00fc\u015fecek. [&hellip;]","og_url":"https:\/\/qtmm.org\/qt\/qirimtatar-halqinin-lideri-ukraina-halq-deputati-mustafa-cemilev-is-ziyaretinen-brusselge-belcika-ketti\/","og_site_name":"\u041c\u0435\u0434\u0436\u043b\u0456\u0441","article_publisher":"https:\/\/www.facebook.com\/qtmm.info\/","article_published_time":"2014-03-14T20:24:00+00:00","article_modified_time":"2022-01-27T20:25:16+00:00","author":"Developer","twitter_card":"summary_large_image","twitter_misc":{"Written by":"Developer"},"schema":{"@context":"https:\/\/schema.org","@graph":[{"@type":"Article","@id":"https:\/\/qtmm.org\/qt\/qirimtatar-halqinin-lideri-ukraina-halq-deputati-mustafa-cemilev-is-ziyaretinen-brusselge-belcika-ketti\/#article","isPartOf":{"@id":"https:\/\/qtmm.org\/qt\/qirimtatar-halqinin-lideri-ukraina-halq-deputati-mustafa-cemilev-is-ziyaretinen-brusselge-belcika-ketti\/"},"author":{"name":"Developer","@id":"https:\/\/qtmm.org\/qt\/#\/schema\/person\/de562469f971dec226ac06e60bbf74a7"},"headline":"Q\u0131r\u0131mtatar halq\u0131n\u0131\u00f1 lideri, Ukraina halq deputat\u0131 Mustafa Cemilev i\u015f ziyaretinen Br\u00fcsselge (Bel\u00e7ika) ketti","datePublished":"2014-03-14T20:24:00+00:00","dateModified":"2022-01-27T20:25:16+00:00","mainEntityOfPage":{"@id":"https:\/\/qtmm.org\/qt\/qirimtatar-halqinin-lideri-ukraina-halq-deputati-mustafa-cemilev-is-ziyaretinen-brusselge-belcika-ketti\/"},"wordCount":117,"commentCount":0,"publisher":{"@id":"https:\/\/qtmm.org\/qt\/#organization"},"articleSection":["Haberler"],"inLanguage":"qt","potentialAction":[{"@type":"CommentAction","name":"Comment","target":["https:\/\/qtmm.org\/qt\/qirimtatar-halqinin-lideri-ukraina-halq-deputati-mustafa-cemilev-is-ziyaretinen-brusselge-belcika-ketti\/#respond"]}]},{"@type":"WebPage","@id":"https:\/\/qtmm.org\/qt\/qirimtatar-halqinin-lideri-ukraina-halq-deputati-mustafa-cemilev-is-ziyaretinen-brusselge-belcika-ketti\/","url":"https:\/\/qtmm.org\/qt\/qirimtatar-halqinin-lideri-ukraina-halq-deputati-mustafa-cemilev-is-ziyaretinen-brusselge-belcika-ketti\/","name":"Q\u0131r\u0131mtatar halq\u0131n\u0131\u00f1 lideri, Ukraina halq deputat\u0131 Mustafa Cemilev i\u015f ziyaretinen Br\u00fcsselge (Bel\u00e7ika) ketti - \u041c\u0435\u0434\u0436\u043b\u0456\u0441","isPartOf":{"@id":"https:\/\/qtmm.org\/qt\/#website"},"datePublished":"2014-03-14T20:24:00+00:00","dateModified":"2022-01-27T20:25:16+00:00","breadcrumb":{"@id":"https:\/\/qtmm.org\/qt\/qirimtatar-halqinin-lideri-ukraina-halq-deputati-mustafa-cemilev-is-ziyaretinen-brusselge-belcika-ketti\/#breadcrumb"},"inLanguage":"qt","potentialAction":[{"@type":"ReadAction","target":["https:\/\/qtmm.org\/qt\/qirimtatar-halqinin-lideri-ukraina-halq-deputati-mustafa-cemilev-is-ziyaretinen-brusselge-belcika-ketti\/"]}]},{"@type":"BreadcrumbList","@id":"https:\/\/qtmm.org\/qt\/qirimtatar-halqinin-lideri-ukraina-halq-deputati-mustafa-cemilev-is-ziyaretinen-brusselge-belcika-ketti\/#breadcrumb","itemListElement":[{"@type":"ListItem","position":1,"name":"\u0413\u043e\u043b\u043e\u0432\u043d\u0430","item":"https:\/\/qtmm.org\/qt\/"},{"@type":"ListItem","position":2,"name":"Q\u0131r\u0131mtatar halq\u0131n\u0131\u00f1 lideri, Ukraina halq deputat\u0131 Mustafa Cemilev i\u015f ziyaretinen Br\u00fcsselge (Bel\u00e7ika) ketti"}]},{"@type":"WebSite","@id":"https:\/\/qtmm.org\/qt\/#website","url":"https:\/\/qtmm.org\/qt\/","name":"\u041c\u0435\u0434\u0436\u043b\u0456\u0441","description":"","publisher":{"@id":"https:\/\/qtmm.org\/qt\/#organization"},"potentialAction":[{"@type":"SearchAction","target":{"@type":"EntryPoint","urlTemplate":"https:\/\/qtmm.org\/qt\/?s={search_term_string}"},"query-input":{"@type":"PropertyValueSpecification","valueRequired":true,"valueName":"search_term_string"}}],"inLanguage":"qt"},{"@type":"Organization","@id":"https:\/\/qtmm.org\/qt\/#organization","name":"\u041c\u0435\u0434\u0436\u043b\u0456\u0441","url":"https:\/\/qtmm.org\/qt\/","logo":{"@type":"ImageObject","inLanguage":"qt","@id":"https:\/\/qtmm.org\/qt\/#\/schema\/logo\/image\/","url":"https:\/\/qtmm.org\/wp-content\/uploads\/2024\/12\/ua-mejlis-logo-rgb.svg","contentUrl":"https:\/\/qtmm.org\/wp-content\/uploads\/2024\/12\/ua-mejlis-logo-rgb.svg","caption":"\u041c\u0435\u0434\u0436\u043b\u0456\u0441"},"image":{"@id":"https:\/\/qtmm.org\/qt\/#\/schema\/logo\/image\/"},"sameAs":["https:\/\/www.facebook.com\/qtmm.info\/"]},{"@type":"Person","@id":"https:\/\/qtmm.org\/qt\/#\/schema\/person\/de562469f971dec226ac06e60bbf74a7","name":"Developer","image":{"@type":"ImageObject","inLanguage":"qt","@id":"https:\/\/secure.gravatar.com\/avatar\/392b4cc8fbfeb00b39dfeeab4ee6edded39ffd48e25858637e4765810300227e?s=96&d=mm&r=g","url":"https:\/\/secure.gravatar.com\/avatar\/392b4cc8fbfeb00b39dfeeab4ee6edded39ffd48e25858637e4765810300227e?s=96&d=mm&r=g","contentUrl":"https:\/\/secure.gravatar.com\/avatar\/392b4cc8fbfeb00b39dfeeab4ee6edded39ffd48e25858637e4765810300227e?s=96&d=mm&r=g","caption":"Developer"},"url":"https:\/\/qtmm.org\/qt\/author\/Developer\/"}]}},"_links":{"self":[{"href":"https:\/\/qtmm.org\/qt\/wp-json\/wp\/v2\/posts\/43711","targetHints":{"allow":["GET"]}}],"collection":[{"href":"https:\/\/qtmm.org\/qt\/wp-json\/wp\/v2\/posts"}],"about":[{"href":"https:\/\/qtmm.org\/qt\/wp-json\/wp\/v2\/types\/post"}],"author":[{"embeddable":true,"href":"https:\/\/qtmm.org\/qt\/wp-json\/wp\/v2\/users\/1"}],"replies":[{"embeddable":true,"href":"https:\/\/qtmm.org\/qt\/wp-json\/wp\/v2\/comments?post=43711"}],"version-history":[{"count":1,"href":"https:\/\/qtmm.org\/qt\/wp-json\/wp\/v2\/posts\/43711\/revisions"}],"predecessor-version":[{"id":43712,"href":"https:\/\/qtmm.org\/qt\/wp-json\/wp\/v2\/posts\/43711\/revisions\/43712"}],"wp:attachment":[{"href":"https:\/\/qtmm.org\/qt\/wp-json\/wp\/v2\/media?parent=43711"}],"wp:term":[{"taxonomy":"category","embeddable":true,"href":"https:\/\/qtmm.org\/qt\/wp-json\/wp\/v2\/categories?post=43711"},{"taxonomy":"post_tag","embeddable":true,"href":"https:\/\/qtmm.org\/qt\/wp-json\/wp\/v2\/tags?post=43711"}],"curies":[{"name":"wp","href":"https:\/\/api.w.org\/{rel}","templated":true}]}}