




{"id":43709,"date":"2014-03-13T23:23:00","date_gmt":"2014-03-13T20:23:00","guid":{"rendered":"http:\/\/qtmm.org\/?p=43709"},"modified":"2022-01-27T23:24:37","modified_gmt":"2022-01-27T20:24:37","slug":"2014-cenesi-mart-13-kunu-aqmescitte-meclis-reisi-refat-cubarov-avropa-birligi-azalari-olgan-devletlernin-elcileri-ile-korusti","status":"publish","type":"post","link":"https:\/\/qtmm.org\/qt\/2014-cenesi-mart-13-kunu-aqmescitte-meclis-reisi-refat-cubarov-avropa-birligi-azalari-olgan-devletlernin-elcileri-ile-korusti\/","title":{"rendered":"2014 cenesi mart 13 k\u00fcn\u00fc Aqmescitte Meclis reisi Refat \u00c7ubarov Avropa Birligi azalar\u0131 ol\u011fan devletlerni\u00f1 el\u00e7ileri ile k\u00f6r\u00fc\u015fti"},"content":{"rendered":"\n<p>2014 cenesi mart 13 k\u00fcn\u00fc Aqmescitte Meclis reisi Refat \u00c7ubarov Avropa Birligi azalar\u0131 ol\u011fan devletlerni\u00f1 el\u00e7ileri \u2013 Litvaniyan\u0131\u00f1 Ukrainadaki El\u00e7isi P\u00e2tras Vaytekunas, Frantsiyan\u0131\u00f1 el\u00e7isi Alen Remi, \u015evetsiyan\u0131\u00f1 el\u00e7isi Anreas fon Bekerat ve OSCE reisini\u00f1 devaml\u0131 davalar boyunca mahsus temsilcisi Gedr\u00fcs \u00c7ekuolis ile k\u00f6r\u00fc\u015fti.<\/p>\n\n\n\n<p>Taraflar Q\u0131r\u0131mdaki so\u00f1ki vaqialarnen ba\u011fl\u0131 meselelerni muzakere ettiler<\/p>\n\n\n\n<p>Refat \u00c7ubarov qayd etti ki, Q\u0131r\u0131mtatar halq\u0131n\u0131\u00f1 Meclisi Q\u0131r\u0131mda ya\u015fa\u011fan insanlarn\u0131\u00f1 tel\u00fckesizligini teminlemek i\u00e7\u00fcn er \u015feyni yapa.<\/p>\n\n\n\n<p>Frantsiya, Litvaniya, \u015evetsiya ve OSCE el\u00e7ileri Q\u0131r\u0131m ve Q\u0131r\u0131m etraf\u0131ndaki inqirazn\u0131\u00f1 \u00e7ezimi i\u00e7\u00fcn halqara te\u015fkil\u00e2t ve devletlerini\u00f1 \u00fck\u00fcmetleri ellerinden kelgenini yapacaqlar\u0131n\u0131 i\u015fand\u0131rd\u0131lar.<\/p>\n","protected":false},"excerpt":{"rendered":"<p>2014 cenesi mart 13 k\u00fcn\u00fc Aqmescitte Meclis reisi Refat \u00c7ubarov Avropa Birligi azalar\u0131 ol\u011fan devletlerni\u00f1 el\u00e7ileri \u2013 Litvaniyan\u0131\u00f1 Ukrainadaki El\u00e7isi P\u00e2tras Vaytekunas, Frantsiyan\u0131\u00f1 el\u00e7isi Alen Remi, \u015evetsiyan\u0131\u00f1 el\u00e7isi Anreas fon Bekerat ve OSCE reisini\u00f1 devaml\u0131 davalar boyunca mahsus temsilcisi Gedr\u00fcs \u00c7ekuolis ile k\u00f6r\u00fc\u015fti. Taraflar Q\u0131r\u0131mdaki so\u00f1ki vaqialarnen ba\u011fl\u0131 meselelerni muzakere ettiler Refat \u00c7ubarov qayd etti [&hellip;]<\/p>\n","protected":false},"author":1,"featured_media":0,"comment_status":"open","ping_status":"open","sticky":false,"template":"","format":"standard","meta":{"inline_featured_image":false,"footnotes":""},"categories":[265],"tags":[],"class_list":["post-43709","post","type-post","status-publish","format-standard","hentry","category-haberler"],"acf":[],"yoast_head":"<!-- This site is optimized with the Yoast SEO plugin v27.4 - https:\/\/yoast.com\/product\/yoast-seo-wordpress\/ -->\n<title>2014 cenesi mart 13 k\u00fcn\u00fc Aqmescitte Meclis reisi Refat \u00c7ubarov Avropa Birligi azalar\u0131 ol\u011fan devletlerni\u00f1 el\u00e7ileri ile k\u00f6r\u00fc\u015fti - \u041c\u0435\u0434\u0436\u043b\u0456\u0441<\/title>\n<meta name=\"robots\" content=\"index, follow, max-snippet:-1, max-image-preview:large, max-video-preview:-1\" \/>\n<link rel=\"canonical\" href=\"https:\/\/qtmm.org\/qt\/2014-cenesi-mart-13-kunu-aqmescitte-meclis-reisi-refat-cubarov-avropa-birligi-azalari-olgan-devletlernin-elcileri-ile-korusti\/\" \/>\n<meta property=\"og:locale\" content=\"en_US\" \/>\n<meta property=\"og:type\" content=\"article\" \/>\n<meta property=\"og:title\" content=\"2014 cenesi mart 13 k\u00fcn\u00fc Aqmescitte Meclis reisi Refat \u00c7ubarov Avropa Birligi azalar\u0131 ol\u011fan devletlerni\u00f1 el\u00e7ileri ile k\u00f6r\u00fc\u015fti - \u041c\u0435\u0434\u0436\u043b\u0456\u0441\" \/>\n<meta property=\"og:description\" content=\"2014 cenesi mart 13 k\u00fcn\u00fc Aqmescitte Meclis reisi Refat \u00c7ubarov Avropa Birligi azalar\u0131 ol\u011fan devletlerni\u00f1 el\u00e7ileri \u2013 Litvaniyan\u0131\u00f1 Ukrainadaki El\u00e7isi P\u00e2tras Vaytekunas, Frantsiyan\u0131\u00f1 el\u00e7isi Alen Remi, \u015evetsiyan\u0131\u00f1 el\u00e7isi Anreas fon Bekerat ve OSCE reisini\u00f1 devaml\u0131 davalar boyunca mahsus temsilcisi Gedr\u00fcs \u00c7ekuolis ile k\u00f6r\u00fc\u015fti. Taraflar Q\u0131r\u0131mdaki so\u00f1ki vaqialarnen ba\u011fl\u0131 meselelerni muzakere ettiler Refat \u00c7ubarov qayd etti [&hellip;]\" \/>\n<meta property=\"og:url\" content=\"https:\/\/qtmm.org\/qt\/2014-cenesi-mart-13-kunu-aqmescitte-meclis-reisi-refat-cubarov-avropa-birligi-azalari-olgan-devletlernin-elcileri-ile-korusti\/\" \/>\n<meta property=\"og:site_name\" content=\"\u041c\u0435\u0434\u0436\u043b\u0456\u0441\" \/>\n<meta property=\"article:publisher\" content=\"https:\/\/www.facebook.com\/qtmm.info\/\" \/>\n<meta property=\"article:published_time\" content=\"2014-03-13T20:23:00+00:00\" \/>\n<meta property=\"article:modified_time\" content=\"2022-01-27T20:24:37+00:00\" \/>\n<meta name=\"author\" content=\"Developer\" \/>\n<meta name=\"twitter:card\" content=\"summary_large_image\" \/>\n<meta name=\"twitter:label1\" content=\"Written by\" \/>\n\t<meta name=\"twitter:data1\" content=\"Developer\" \/>\n\t<meta name=\"twitter:label2\" content=\"Est. reading time\" \/>\n\t<meta name=\"twitter:data2\" content=\"1 minute\" \/>\n<script type=\"application\/ld+json\" class=\"yoast-schema-graph\">{\"@context\":\"https:\\\/\\\/schema.org\",\"@graph\":[{\"@type\":\"Article\",\"@id\":\"https:\\\/\\\/qtmm.org\\\/qt\\\/2014-cenesi-mart-13-kunu-aqmescitte-meclis-reisi-refat-cubarov-avropa-birligi-azalari-olgan-devletlernin-elcileri-ile-korusti\\\/#article\",\"isPartOf\":{\"@id\":\"https:\\\/\\\/qtmm.org\\\/qt\\\/2014-cenesi-mart-13-kunu-aqmescitte-meclis-reisi-refat-cubarov-avropa-birligi-azalari-olgan-devletlernin-elcileri-ile-korusti\\\/\"},\"author\":{\"name\":\"Developer\",\"@id\":\"https:\\\/\\\/qtmm.org\\\/qt\\\/#\\\/schema\\\/person\\\/de562469f971dec226ac06e60bbf74a7\"},\"headline\":\"2014 cenesi mart 13 k\u00fcn\u00fc Aqmescitte Meclis reisi Refat \u00c7ubarov Avropa Birligi azalar\u0131 ol\u011fan devletlerni\u00f1 el\u00e7ileri ile k\u00f6r\u00fc\u015fti\",\"datePublished\":\"2014-03-13T20:23:00+00:00\",\"dateModified\":\"2022-01-27T20:24:37+00:00\",\"mainEntityOfPage\":{\"@id\":\"https:\\\/\\\/qtmm.org\\\/qt\\\/2014-cenesi-mart-13-kunu-aqmescitte-meclis-reisi-refat-cubarov-avropa-birligi-azalari-olgan-devletlernin-elcileri-ile-korusti\\\/\"},\"wordCount\":145,\"commentCount\":0,\"publisher\":{\"@id\":\"https:\\\/\\\/qtmm.org\\\/qt\\\/#organization\"},\"articleSection\":[\"Haberler\"],\"inLanguage\":\"qt\",\"potentialAction\":[{\"@type\":\"CommentAction\",\"name\":\"Comment\",\"target\":[\"https:\\\/\\\/qtmm.org\\\/qt\\\/2014-cenesi-mart-13-kunu-aqmescitte-meclis-reisi-refat-cubarov-avropa-birligi-azalari-olgan-devletlernin-elcileri-ile-korusti\\\/#respond\"]}]},{\"@type\":\"WebPage\",\"@id\":\"https:\\\/\\\/qtmm.org\\\/qt\\\/2014-cenesi-mart-13-kunu-aqmescitte-meclis-reisi-refat-cubarov-avropa-birligi-azalari-olgan-devletlernin-elcileri-ile-korusti\\\/\",\"url\":\"https:\\\/\\\/qtmm.org\\\/qt\\\/2014-cenesi-mart-13-kunu-aqmescitte-meclis-reisi-refat-cubarov-avropa-birligi-azalari-olgan-devletlernin-elcileri-ile-korusti\\\/\",\"name\":\"2014 cenesi mart 13 k\u00fcn\u00fc Aqmescitte Meclis reisi Refat \u00c7ubarov Avropa Birligi azalar\u0131 ol\u011fan devletlerni\u00f1 el\u00e7ileri ile k\u00f6r\u00fc\u015fti - \u041c\u0435\u0434\u0436\u043b\u0456\u0441\",\"isPartOf\":{\"@id\":\"https:\\\/\\\/qtmm.org\\\/qt\\\/#website\"},\"datePublished\":\"2014-03-13T20:23:00+00:00\",\"dateModified\":\"2022-01-27T20:24:37+00:00\",\"breadcrumb\":{\"@id\":\"https:\\\/\\\/qtmm.org\\\/qt\\\/2014-cenesi-mart-13-kunu-aqmescitte-meclis-reisi-refat-cubarov-avropa-birligi-azalari-olgan-devletlernin-elcileri-ile-korusti\\\/#breadcrumb\"},\"inLanguage\":\"qt\",\"potentialAction\":[{\"@type\":\"ReadAction\",\"target\":[\"https:\\\/\\\/qtmm.org\\\/qt\\\/2014-cenesi-mart-13-kunu-aqmescitte-meclis-reisi-refat-cubarov-avropa-birligi-azalari-olgan-devletlernin-elcileri-ile-korusti\\\/\"]}]},{\"@type\":\"BreadcrumbList\",\"@id\":\"https:\\\/\\\/qtmm.org\\\/qt\\\/2014-cenesi-mart-13-kunu-aqmescitte-meclis-reisi-refat-cubarov-avropa-birligi-azalari-olgan-devletlernin-elcileri-ile-korusti\\\/#breadcrumb\",\"itemListElement\":[{\"@type\":\"ListItem\",\"position\":1,\"name\":\"\u0413\u043e\u043b\u043e\u0432\u043d\u0430\",\"item\":\"https:\\\/\\\/qtmm.org\\\/qt\\\/\"},{\"@type\":\"ListItem\",\"position\":2,\"name\":\"2014 cenesi mart 13 k\u00fcn\u00fc Aqmescitte Meclis reisi Refat \u00c7ubarov Avropa Birligi azalar\u0131 ol\u011fan devletlerni\u00f1 el\u00e7ileri ile k\u00f6r\u00fc\u015fti\"}]},{\"@type\":\"WebSite\",\"@id\":\"https:\\\/\\\/qtmm.org\\\/qt\\\/#website\",\"url\":\"https:\\\/\\\/qtmm.org\\\/qt\\\/\",\"name\":\"\u041c\u0435\u0434\u0436\u043b\u0456\u0441\",\"description\":\"\",\"publisher\":{\"@id\":\"https:\\\/\\\/qtmm.org\\\/qt\\\/#organization\"},\"potentialAction\":[{\"@type\":\"SearchAction\",\"target\":{\"@type\":\"EntryPoint\",\"urlTemplate\":\"https:\\\/\\\/qtmm.org\\\/qt\\\/?s={search_term_string}\"},\"query-input\":{\"@type\":\"PropertyValueSpecification\",\"valueRequired\":true,\"valueName\":\"search_term_string\"}}],\"inLanguage\":\"qt\"},{\"@type\":\"Organization\",\"@id\":\"https:\\\/\\\/qtmm.org\\\/qt\\\/#organization\",\"name\":\"\u041c\u0435\u0434\u0436\u043b\u0456\u0441\",\"url\":\"https:\\\/\\\/qtmm.org\\\/qt\\\/\",\"logo\":{\"@type\":\"ImageObject\",\"inLanguage\":\"qt\",\"@id\":\"https:\\\/\\\/qtmm.org\\\/qt\\\/#\\\/schema\\\/logo\\\/image\\\/\",\"url\":\"https:\\\/\\\/qtmm.org\\\/wp-content\\\/uploads\\\/2024\\\/12\\\/ua-mejlis-logo-rgb.svg\",\"contentUrl\":\"https:\\\/\\\/qtmm.org\\\/wp-content\\\/uploads\\\/2024\\\/12\\\/ua-mejlis-logo-rgb.svg\",\"caption\":\"\u041c\u0435\u0434\u0436\u043b\u0456\u0441\"},\"image\":{\"@id\":\"https:\\\/\\\/qtmm.org\\\/qt\\\/#\\\/schema\\\/logo\\\/image\\\/\"},\"sameAs\":[\"https:\\\/\\\/www.facebook.com\\\/qtmm.info\\\/\"]},{\"@type\":\"Person\",\"@id\":\"https:\\\/\\\/qtmm.org\\\/qt\\\/#\\\/schema\\\/person\\\/de562469f971dec226ac06e60bbf74a7\",\"name\":\"Developer\",\"image\":{\"@type\":\"ImageObject\",\"inLanguage\":\"qt\",\"@id\":\"https:\\\/\\\/secure.gravatar.com\\\/avatar\\\/392b4cc8fbfeb00b39dfeeab4ee6edded39ffd48e25858637e4765810300227e?s=96&d=mm&r=g\",\"url\":\"https:\\\/\\\/secure.gravatar.com\\\/avatar\\\/392b4cc8fbfeb00b39dfeeab4ee6edded39ffd48e25858637e4765810300227e?s=96&d=mm&r=g\",\"contentUrl\":\"https:\\\/\\\/secure.gravatar.com\\\/avatar\\\/392b4cc8fbfeb00b39dfeeab4ee6edded39ffd48e25858637e4765810300227e?s=96&d=mm&r=g\",\"caption\":\"Developer\"},\"url\":\"https:\\\/\\\/qtmm.org\\\/qt\\\/author\\\/Developer\\\/\"}]}<\/script>\n<!-- \/ Yoast SEO plugin. -->","yoast_head_json":{"title":"2014 cenesi mart 13 k\u00fcn\u00fc Aqmescitte Meclis reisi Refat \u00c7ubarov Avropa Birligi azalar\u0131 ol\u011fan devletlerni\u00f1 el\u00e7ileri ile k\u00f6r\u00fc\u015fti - \u041c\u0435\u0434\u0436\u043b\u0456\u0441","robots":{"index":"index","follow":"follow","max-snippet":"max-snippet:-1","max-image-preview":"max-image-preview:large","max-video-preview":"max-video-preview:-1"},"canonical":"https:\/\/qtmm.org\/qt\/2014-cenesi-mart-13-kunu-aqmescitte-meclis-reisi-refat-cubarov-avropa-birligi-azalari-olgan-devletlernin-elcileri-ile-korusti\/","og_locale":"en_US","og_type":"article","og_title":"2014 cenesi mart 13 k\u00fcn\u00fc Aqmescitte Meclis reisi Refat \u00c7ubarov Avropa Birligi azalar\u0131 ol\u011fan devletlerni\u00f1 el\u00e7ileri ile k\u00f6r\u00fc\u015fti - \u041c\u0435\u0434\u0436\u043b\u0456\u0441","og_description":"2014 cenesi mart 13 k\u00fcn\u00fc Aqmescitte Meclis reisi Refat \u00c7ubarov Avropa Birligi azalar\u0131 ol\u011fan devletlerni\u00f1 el\u00e7ileri \u2013 Litvaniyan\u0131\u00f1 Ukrainadaki El\u00e7isi P\u00e2tras Vaytekunas, Frantsiyan\u0131\u00f1 el\u00e7isi Alen Remi, \u015evetsiyan\u0131\u00f1 el\u00e7isi Anreas fon Bekerat ve OSCE reisini\u00f1 devaml\u0131 davalar boyunca mahsus temsilcisi Gedr\u00fcs \u00c7ekuolis ile k\u00f6r\u00fc\u015fti. Taraflar Q\u0131r\u0131mdaki so\u00f1ki vaqialarnen ba\u011fl\u0131 meselelerni muzakere ettiler Refat \u00c7ubarov qayd etti [&hellip;]","og_url":"https:\/\/qtmm.org\/qt\/2014-cenesi-mart-13-kunu-aqmescitte-meclis-reisi-refat-cubarov-avropa-birligi-azalari-olgan-devletlernin-elcileri-ile-korusti\/","og_site_name":"\u041c\u0435\u0434\u0436\u043b\u0456\u0441","article_publisher":"https:\/\/www.facebook.com\/qtmm.info\/","article_published_time":"2014-03-13T20:23:00+00:00","article_modified_time":"2022-01-27T20:24:37+00:00","author":"Developer","twitter_card":"summary_large_image","twitter_misc":{"Written by":"Developer","Est. reading time":"1 minute"},"schema":{"@context":"https:\/\/schema.org","@graph":[{"@type":"Article","@id":"https:\/\/qtmm.org\/qt\/2014-cenesi-mart-13-kunu-aqmescitte-meclis-reisi-refat-cubarov-avropa-birligi-azalari-olgan-devletlernin-elcileri-ile-korusti\/#article","isPartOf":{"@id":"https:\/\/qtmm.org\/qt\/2014-cenesi-mart-13-kunu-aqmescitte-meclis-reisi-refat-cubarov-avropa-birligi-azalari-olgan-devletlernin-elcileri-ile-korusti\/"},"author":{"name":"Developer","@id":"https:\/\/qtmm.org\/qt\/#\/schema\/person\/de562469f971dec226ac06e60bbf74a7"},"headline":"2014 cenesi mart 13 k\u00fcn\u00fc Aqmescitte Meclis reisi Refat \u00c7ubarov Avropa Birligi azalar\u0131 ol\u011fan devletlerni\u00f1 el\u00e7ileri ile k\u00f6r\u00fc\u015fti","datePublished":"2014-03-13T20:23:00+00:00","dateModified":"2022-01-27T20:24:37+00:00","mainEntityOfPage":{"@id":"https:\/\/qtmm.org\/qt\/2014-cenesi-mart-13-kunu-aqmescitte-meclis-reisi-refat-cubarov-avropa-birligi-azalari-olgan-devletlernin-elcileri-ile-korusti\/"},"wordCount":145,"commentCount":0,"publisher":{"@id":"https:\/\/qtmm.org\/qt\/#organization"},"articleSection":["Haberler"],"inLanguage":"qt","potentialAction":[{"@type":"CommentAction","name":"Comment","target":["https:\/\/qtmm.org\/qt\/2014-cenesi-mart-13-kunu-aqmescitte-meclis-reisi-refat-cubarov-avropa-birligi-azalari-olgan-devletlernin-elcileri-ile-korusti\/#respond"]}]},{"@type":"WebPage","@id":"https:\/\/qtmm.org\/qt\/2014-cenesi-mart-13-kunu-aqmescitte-meclis-reisi-refat-cubarov-avropa-birligi-azalari-olgan-devletlernin-elcileri-ile-korusti\/","url":"https:\/\/qtmm.org\/qt\/2014-cenesi-mart-13-kunu-aqmescitte-meclis-reisi-refat-cubarov-avropa-birligi-azalari-olgan-devletlernin-elcileri-ile-korusti\/","name":"2014 cenesi mart 13 k\u00fcn\u00fc Aqmescitte Meclis reisi Refat \u00c7ubarov Avropa Birligi azalar\u0131 ol\u011fan devletlerni\u00f1 el\u00e7ileri ile k\u00f6r\u00fc\u015fti - \u041c\u0435\u0434\u0436\u043b\u0456\u0441","isPartOf":{"@id":"https:\/\/qtmm.org\/qt\/#website"},"datePublished":"2014-03-13T20:23:00+00:00","dateModified":"2022-01-27T20:24:37+00:00","breadcrumb":{"@id":"https:\/\/qtmm.org\/qt\/2014-cenesi-mart-13-kunu-aqmescitte-meclis-reisi-refat-cubarov-avropa-birligi-azalari-olgan-devletlernin-elcileri-ile-korusti\/#breadcrumb"},"inLanguage":"qt","potentialAction":[{"@type":"ReadAction","target":["https:\/\/qtmm.org\/qt\/2014-cenesi-mart-13-kunu-aqmescitte-meclis-reisi-refat-cubarov-avropa-birligi-azalari-olgan-devletlernin-elcileri-ile-korusti\/"]}]},{"@type":"BreadcrumbList","@id":"https:\/\/qtmm.org\/qt\/2014-cenesi-mart-13-kunu-aqmescitte-meclis-reisi-refat-cubarov-avropa-birligi-azalari-olgan-devletlernin-elcileri-ile-korusti\/#breadcrumb","itemListElement":[{"@type":"ListItem","position":1,"name":"\u0413\u043e\u043b\u043e\u0432\u043d\u0430","item":"https:\/\/qtmm.org\/qt\/"},{"@type":"ListItem","position":2,"name":"2014 cenesi mart 13 k\u00fcn\u00fc Aqmescitte Meclis reisi Refat \u00c7ubarov Avropa Birligi azalar\u0131 ol\u011fan devletlerni\u00f1 el\u00e7ileri ile k\u00f6r\u00fc\u015fti"}]},{"@type":"WebSite","@id":"https:\/\/qtmm.org\/qt\/#website","url":"https:\/\/qtmm.org\/qt\/","name":"\u041c\u0435\u0434\u0436\u043b\u0456\u0441","description":"","publisher":{"@id":"https:\/\/qtmm.org\/qt\/#organization"},"potentialAction":[{"@type":"SearchAction","target":{"@type":"EntryPoint","urlTemplate":"https:\/\/qtmm.org\/qt\/?s={search_term_string}"},"query-input":{"@type":"PropertyValueSpecification","valueRequired":true,"valueName":"search_term_string"}}],"inLanguage":"qt"},{"@type":"Organization","@id":"https:\/\/qtmm.org\/qt\/#organization","name":"\u041c\u0435\u0434\u0436\u043b\u0456\u0441","url":"https:\/\/qtmm.org\/qt\/","logo":{"@type":"ImageObject","inLanguage":"qt","@id":"https:\/\/qtmm.org\/qt\/#\/schema\/logo\/image\/","url":"https:\/\/qtmm.org\/wp-content\/uploads\/2024\/12\/ua-mejlis-logo-rgb.svg","contentUrl":"https:\/\/qtmm.org\/wp-content\/uploads\/2024\/12\/ua-mejlis-logo-rgb.svg","caption":"\u041c\u0435\u0434\u0436\u043b\u0456\u0441"},"image":{"@id":"https:\/\/qtmm.org\/qt\/#\/schema\/logo\/image\/"},"sameAs":["https:\/\/www.facebook.com\/qtmm.info\/"]},{"@type":"Person","@id":"https:\/\/qtmm.org\/qt\/#\/schema\/person\/de562469f971dec226ac06e60bbf74a7","name":"Developer","image":{"@type":"ImageObject","inLanguage":"qt","@id":"https:\/\/secure.gravatar.com\/avatar\/392b4cc8fbfeb00b39dfeeab4ee6edded39ffd48e25858637e4765810300227e?s=96&d=mm&r=g","url":"https:\/\/secure.gravatar.com\/avatar\/392b4cc8fbfeb00b39dfeeab4ee6edded39ffd48e25858637e4765810300227e?s=96&d=mm&r=g","contentUrl":"https:\/\/secure.gravatar.com\/avatar\/392b4cc8fbfeb00b39dfeeab4ee6edded39ffd48e25858637e4765810300227e?s=96&d=mm&r=g","caption":"Developer"},"url":"https:\/\/qtmm.org\/qt\/author\/Developer\/"}]}},"_links":{"self":[{"href":"https:\/\/qtmm.org\/qt\/wp-json\/wp\/v2\/posts\/43709","targetHints":{"allow":["GET"]}}],"collection":[{"href":"https:\/\/qtmm.org\/qt\/wp-json\/wp\/v2\/posts"}],"about":[{"href":"https:\/\/qtmm.org\/qt\/wp-json\/wp\/v2\/types\/post"}],"author":[{"embeddable":true,"href":"https:\/\/qtmm.org\/qt\/wp-json\/wp\/v2\/users\/1"}],"replies":[{"embeddable":true,"href":"https:\/\/qtmm.org\/qt\/wp-json\/wp\/v2\/comments?post=43709"}],"version-history":[{"count":1,"href":"https:\/\/qtmm.org\/qt\/wp-json\/wp\/v2\/posts\/43709\/revisions"}],"predecessor-version":[{"id":43710,"href":"https:\/\/qtmm.org\/qt\/wp-json\/wp\/v2\/posts\/43709\/revisions\/43710"}],"wp:attachment":[{"href":"https:\/\/qtmm.org\/qt\/wp-json\/wp\/v2\/media?parent=43709"}],"wp:term":[{"taxonomy":"category","embeddable":true,"href":"https:\/\/qtmm.org\/qt\/wp-json\/wp\/v2\/categories?post=43709"},{"taxonomy":"post_tag","embeddable":true,"href":"https:\/\/qtmm.org\/qt\/wp-json\/wp\/v2\/tags?post=43709"}],"curies":[{"name":"wp","href":"https:\/\/api.w.org\/{rel}","templated":true}]}}