




{"id":43707,"date":"2014-03-13T19:43:00","date_gmt":"2014-03-13T16:43:00","guid":{"rendered":"http:\/\/qtmm.org\/?p=43707"},"modified":"2022-01-27T23:23:44","modified_gmt":"2022-01-27T20:23:44","slug":"birlesken-milletler-teskilati-bas-katibinin-insan-aqlari-boyunca-yardimcisi-ivan-simanovicni-qirimga-kirsetmediler","status":"publish","type":"post","link":"https:\/\/qtmm.org\/qt\/birlesken-milletler-teskilati-bas-katibinin-insan-aqlari-boyunca-yardimcisi-ivan-simanovicni-qirimga-kirsetmediler\/","title":{"rendered":"Birle\u015fken Milletler Te\u015fkil\u00e2t\u0131 Ba\u015f k\u00e2tibini\u00f1 \u0130nsan aqlar\u0131 boyunca yard\u0131mc\u0131s\u0131 \u0130van \u015eimanovi\u00e7ni Q\u0131r\u0131m\u011fa kirsetmediler"},"content":{"rendered":"\n<p>Bu aqta o, Meclis reisi Refat \u00c7ubarov\u011fa telefon vastas\u0131nen bildirdi.<br><br>Mart 13 k\u00fcn\u00fc Birle\u015fken Milletler Te\u015fkil\u00e2t\u0131 Ba\u015f k\u00e2tibini\u00f1 \u0130nsan aqlar\u0131 boyunca yard\u0131mc\u0131s\u0131 \u0130van \u015eimanovi\u00e7 Milliy Meclis reisi Refat \u00c7ubarov\u011fa telefon a\u00e7\u0131p, Q\u0131r\u0131m\u011fa m\u0131ndaki vaziyetni \u00f6grenmek ve \u00e7e\u015fit taraflarn\u0131\u00f1 vekillerinen k\u00f6r\u00fc\u015fmek i\u00e7\u00fcn kelet\u00e2qanda Q\u0131r\u0131m akimleri o\u00f1a keder etkenlerini haber etti.<\/p>\n\n\n\n<p>Meclis reisi Refat \u00c7ubarov \u0130van \u015eimanovi\u00e7ke Q\u0131r\u0131mdaki vaziyetni a\u00f1lat\u0131p, regionda insan aqlar\u0131 bozul\u011fan\u0131n\u0131 s\u00f6yledi.<\/p>\n\n\n\n<p>\u0130.\u015eimanovi\u00e7ni\u00f1 s\u00f6zlerine k\u00f6re, o BMT Ba\u015f k\u00e2tibine Q\u0131r\u0131mda insan aqlar\u0131 qaba \u015fekilde bozul\u011fan\u0131 aqq\u0131nda mahsus esabat az\u0131rlaycaq. \u0130van \u015eimanovi\u00e7 esabat i\u015fan\u00e7l\u0131 menbadan al\u0131n\u011fan mal\u00fcmatlar\u011fa esaslan\u011fan\u0131 ve Q\u0131r\u0131mdaki vaziyetni obyektiv \u015fekilde tariflegenini qayd etti.<br><br>Birle\u015fken Milletler Te\u015fkil\u00e2t\u0131 Ba\u015f k\u00e2tibini\u00f1 \u0130nsan aqlar\u0131 boyunca yard\u0131mc\u0131s\u0131 \u0130van \u015eimanovi\u00e7 \u015fun\u0131 da ayr\u0131ca qayd etti ki, Q\u0131r\u0131mda tam\u0131r halqn\u0131\u00f1 ve diger millet vekillerini\u00f1 aqlar\u0131n\u0131 teminlemek, meydan\u011fa kelgen vaziyette insanlarn\u0131\u00f1 can\u0131n\u0131 qurtarmaq i\u00e7\u00fcn er \u015feyni yapmaq meram\u0131nda.<\/p>\n","protected":false},"excerpt":{"rendered":"<p>Bu aqta o, Meclis reisi Refat \u00c7ubarov\u011fa telefon vastas\u0131nen bildirdi. Mart 13 k\u00fcn\u00fc Birle\u015fken Milletler Te\u015fkil\u00e2t\u0131 Ba\u015f k\u00e2tibini\u00f1 \u0130nsan aqlar\u0131 boyunca yard\u0131mc\u0131s\u0131 \u0130van \u015eimanovi\u00e7 Milliy Meclis reisi Refat \u00c7ubarov\u011fa telefon a\u00e7\u0131p, Q\u0131r\u0131m\u011fa m\u0131ndaki vaziyetni \u00f6grenmek ve \u00e7e\u015fit taraflarn\u0131\u00f1 vekillerinen k\u00f6r\u00fc\u015fmek i\u00e7\u00fcn kelet\u00e2qanda Q\u0131r\u0131m akimleri o\u00f1a keder etkenlerini haber etti. Meclis reisi Refat \u00c7ubarov \u0130van \u015eimanovi\u00e7ke [&hellip;]<\/p>\n","protected":false},"author":1,"featured_media":0,"comment_status":"open","ping_status":"open","sticky":false,"template":"","format":"standard","meta":{"inline_featured_image":false,"footnotes":""},"categories":[265],"tags":[],"class_list":["post-43707","post","type-post","status-publish","format-standard","hentry","category-haberler"],"acf":[],"yoast_head":"<!-- This site is optimized with the Yoast SEO plugin v27.4 - https:\/\/yoast.com\/product\/yoast-seo-wordpress\/ -->\n<title>Birle\u015fken Milletler Te\u015fkil\u00e2t\u0131 Ba\u015f k\u00e2tibini\u00f1 \u0130nsan aqlar\u0131 boyunca yard\u0131mc\u0131s\u0131 \u0130van \u015eimanovi\u00e7ni Q\u0131r\u0131m\u011fa kirsetmediler - \u041c\u0435\u0434\u0436\u043b\u0456\u0441<\/title>\n<meta name=\"robots\" content=\"index, follow, max-snippet:-1, max-image-preview:large, max-video-preview:-1\" \/>\n<link rel=\"canonical\" href=\"https:\/\/qtmm.org\/qt\/birlesken-milletler-teskilati-bas-katibinin-insan-aqlari-boyunca-yardimcisi-ivan-simanovicni-qirimga-kirsetmediler\/\" \/>\n<meta property=\"og:locale\" content=\"en_US\" \/>\n<meta property=\"og:type\" content=\"article\" \/>\n<meta property=\"og:title\" content=\"Birle\u015fken Milletler Te\u015fkil\u00e2t\u0131 Ba\u015f k\u00e2tibini\u00f1 \u0130nsan aqlar\u0131 boyunca yard\u0131mc\u0131s\u0131 \u0130van \u015eimanovi\u00e7ni Q\u0131r\u0131m\u011fa kirsetmediler - \u041c\u0435\u0434\u0436\u043b\u0456\u0441\" \/>\n<meta property=\"og:description\" content=\"Bu aqta o, Meclis reisi Refat \u00c7ubarov\u011fa telefon vastas\u0131nen bildirdi. Mart 13 k\u00fcn\u00fc Birle\u015fken Milletler Te\u015fkil\u00e2t\u0131 Ba\u015f k\u00e2tibini\u00f1 \u0130nsan aqlar\u0131 boyunca yard\u0131mc\u0131s\u0131 \u0130van \u015eimanovi\u00e7 Milliy Meclis reisi Refat \u00c7ubarov\u011fa telefon a\u00e7\u0131p, Q\u0131r\u0131m\u011fa m\u0131ndaki vaziyetni \u00f6grenmek ve \u00e7e\u015fit taraflarn\u0131\u00f1 vekillerinen k\u00f6r\u00fc\u015fmek i\u00e7\u00fcn kelet\u00e2qanda Q\u0131r\u0131m akimleri o\u00f1a keder etkenlerini haber etti. Meclis reisi Refat \u00c7ubarov \u0130van \u015eimanovi\u00e7ke [&hellip;]\" \/>\n<meta property=\"og:url\" content=\"https:\/\/qtmm.org\/qt\/birlesken-milletler-teskilati-bas-katibinin-insan-aqlari-boyunca-yardimcisi-ivan-simanovicni-qirimga-kirsetmediler\/\" \/>\n<meta property=\"og:site_name\" content=\"\u041c\u0435\u0434\u0436\u043b\u0456\u0441\" \/>\n<meta property=\"article:publisher\" content=\"https:\/\/www.facebook.com\/qtmm.info\/\" \/>\n<meta property=\"article:published_time\" content=\"2014-03-13T16:43:00+00:00\" \/>\n<meta property=\"article:modified_time\" content=\"2022-01-27T20:23:44+00:00\" \/>\n<meta name=\"author\" content=\"Developer\" \/>\n<meta name=\"twitter:card\" content=\"summary_large_image\" \/>\n<meta name=\"twitter:label1\" content=\"Written by\" \/>\n\t<meta name=\"twitter:data1\" content=\"Developer\" \/>\n\t<meta name=\"twitter:label2\" content=\"Est. reading time\" \/>\n\t<meta name=\"twitter:data2\" content=\"1 minute\" \/>\n<script type=\"application\/ld+json\" class=\"yoast-schema-graph\">{\"@context\":\"https:\\\/\\\/schema.org\",\"@graph\":[{\"@type\":\"Article\",\"@id\":\"https:\\\/\\\/qtmm.org\\\/qt\\\/birlesken-milletler-teskilati-bas-katibinin-insan-aqlari-boyunca-yardimcisi-ivan-simanovicni-qirimga-kirsetmediler\\\/#article\",\"isPartOf\":{\"@id\":\"https:\\\/\\\/qtmm.org\\\/qt\\\/birlesken-milletler-teskilati-bas-katibinin-insan-aqlari-boyunca-yardimcisi-ivan-simanovicni-qirimga-kirsetmediler\\\/\"},\"author\":{\"name\":\"Developer\",\"@id\":\"https:\\\/\\\/qtmm.org\\\/qt\\\/#\\\/schema\\\/person\\\/de562469f971dec226ac06e60bbf74a7\"},\"headline\":\"Birle\u015fken Milletler Te\u015fkil\u00e2t\u0131 Ba\u015f k\u00e2tibini\u00f1 \u0130nsan aqlar\u0131 boyunca yard\u0131mc\u0131s\u0131 \u0130van \u015eimanovi\u00e7ni Q\u0131r\u0131m\u011fa kirsetmediler\",\"datePublished\":\"2014-03-13T16:43:00+00:00\",\"dateModified\":\"2022-01-27T20:23:44+00:00\",\"mainEntityOfPage\":{\"@id\":\"https:\\\/\\\/qtmm.org\\\/qt\\\/birlesken-milletler-teskilati-bas-katibinin-insan-aqlari-boyunca-yardimcisi-ivan-simanovicni-qirimga-kirsetmediler\\\/\"},\"wordCount\":219,\"commentCount\":0,\"publisher\":{\"@id\":\"https:\\\/\\\/qtmm.org\\\/qt\\\/#organization\"},\"articleSection\":[\"Haberler\"],\"inLanguage\":\"qt\",\"potentialAction\":[{\"@type\":\"CommentAction\",\"name\":\"Comment\",\"target\":[\"https:\\\/\\\/qtmm.org\\\/qt\\\/birlesken-milletler-teskilati-bas-katibinin-insan-aqlari-boyunca-yardimcisi-ivan-simanovicni-qirimga-kirsetmediler\\\/#respond\"]}]},{\"@type\":\"WebPage\",\"@id\":\"https:\\\/\\\/qtmm.org\\\/qt\\\/birlesken-milletler-teskilati-bas-katibinin-insan-aqlari-boyunca-yardimcisi-ivan-simanovicni-qirimga-kirsetmediler\\\/\",\"url\":\"https:\\\/\\\/qtmm.org\\\/qt\\\/birlesken-milletler-teskilati-bas-katibinin-insan-aqlari-boyunca-yardimcisi-ivan-simanovicni-qirimga-kirsetmediler\\\/\",\"name\":\"Birle\u015fken Milletler Te\u015fkil\u00e2t\u0131 Ba\u015f k\u00e2tibini\u00f1 \u0130nsan aqlar\u0131 boyunca yard\u0131mc\u0131s\u0131 \u0130van \u015eimanovi\u00e7ni Q\u0131r\u0131m\u011fa kirsetmediler - \u041c\u0435\u0434\u0436\u043b\u0456\u0441\",\"isPartOf\":{\"@id\":\"https:\\\/\\\/qtmm.org\\\/qt\\\/#website\"},\"datePublished\":\"2014-03-13T16:43:00+00:00\",\"dateModified\":\"2022-01-27T20:23:44+00:00\",\"breadcrumb\":{\"@id\":\"https:\\\/\\\/qtmm.org\\\/qt\\\/birlesken-milletler-teskilati-bas-katibinin-insan-aqlari-boyunca-yardimcisi-ivan-simanovicni-qirimga-kirsetmediler\\\/#breadcrumb\"},\"inLanguage\":\"qt\",\"potentialAction\":[{\"@type\":\"ReadAction\",\"target\":[\"https:\\\/\\\/qtmm.org\\\/qt\\\/birlesken-milletler-teskilati-bas-katibinin-insan-aqlari-boyunca-yardimcisi-ivan-simanovicni-qirimga-kirsetmediler\\\/\"]}]},{\"@type\":\"BreadcrumbList\",\"@id\":\"https:\\\/\\\/qtmm.org\\\/qt\\\/birlesken-milletler-teskilati-bas-katibinin-insan-aqlari-boyunca-yardimcisi-ivan-simanovicni-qirimga-kirsetmediler\\\/#breadcrumb\",\"itemListElement\":[{\"@type\":\"ListItem\",\"position\":1,\"name\":\"\u0413\u043e\u043b\u043e\u0432\u043d\u0430\",\"item\":\"https:\\\/\\\/qtmm.org\\\/qt\\\/\"},{\"@type\":\"ListItem\",\"position\":2,\"name\":\"Birle\u015fken Milletler Te\u015fkil\u00e2t\u0131 Ba\u015f k\u00e2tibini\u00f1 \u0130nsan aqlar\u0131 boyunca yard\u0131mc\u0131s\u0131 \u0130van \u015eimanovi\u00e7ni Q\u0131r\u0131m\u011fa kirsetmediler\"}]},{\"@type\":\"WebSite\",\"@id\":\"https:\\\/\\\/qtmm.org\\\/qt\\\/#website\",\"url\":\"https:\\\/\\\/qtmm.org\\\/qt\\\/\",\"name\":\"\u041c\u0435\u0434\u0436\u043b\u0456\u0441\",\"description\":\"\",\"publisher\":{\"@id\":\"https:\\\/\\\/qtmm.org\\\/qt\\\/#organization\"},\"potentialAction\":[{\"@type\":\"SearchAction\",\"target\":{\"@type\":\"EntryPoint\",\"urlTemplate\":\"https:\\\/\\\/qtmm.org\\\/qt\\\/?s={search_term_string}\"},\"query-input\":{\"@type\":\"PropertyValueSpecification\",\"valueRequired\":true,\"valueName\":\"search_term_string\"}}],\"inLanguage\":\"qt\"},{\"@type\":\"Organization\",\"@id\":\"https:\\\/\\\/qtmm.org\\\/qt\\\/#organization\",\"name\":\"\u041c\u0435\u0434\u0436\u043b\u0456\u0441\",\"url\":\"https:\\\/\\\/qtmm.org\\\/qt\\\/\",\"logo\":{\"@type\":\"ImageObject\",\"inLanguage\":\"qt\",\"@id\":\"https:\\\/\\\/qtmm.org\\\/qt\\\/#\\\/schema\\\/logo\\\/image\\\/\",\"url\":\"https:\\\/\\\/qtmm.org\\\/wp-content\\\/uploads\\\/2024\\\/12\\\/ua-mejlis-logo-rgb.svg\",\"contentUrl\":\"https:\\\/\\\/qtmm.org\\\/wp-content\\\/uploads\\\/2024\\\/12\\\/ua-mejlis-logo-rgb.svg\",\"caption\":\"\u041c\u0435\u0434\u0436\u043b\u0456\u0441\"},\"image\":{\"@id\":\"https:\\\/\\\/qtmm.org\\\/qt\\\/#\\\/schema\\\/logo\\\/image\\\/\"},\"sameAs\":[\"https:\\\/\\\/www.facebook.com\\\/qtmm.info\\\/\"]},{\"@type\":\"Person\",\"@id\":\"https:\\\/\\\/qtmm.org\\\/qt\\\/#\\\/schema\\\/person\\\/de562469f971dec226ac06e60bbf74a7\",\"name\":\"Developer\",\"image\":{\"@type\":\"ImageObject\",\"inLanguage\":\"qt\",\"@id\":\"https:\\\/\\\/secure.gravatar.com\\\/avatar\\\/392b4cc8fbfeb00b39dfeeab4ee6edded39ffd48e25858637e4765810300227e?s=96&d=mm&r=g\",\"url\":\"https:\\\/\\\/secure.gravatar.com\\\/avatar\\\/392b4cc8fbfeb00b39dfeeab4ee6edded39ffd48e25858637e4765810300227e?s=96&d=mm&r=g\",\"contentUrl\":\"https:\\\/\\\/secure.gravatar.com\\\/avatar\\\/392b4cc8fbfeb00b39dfeeab4ee6edded39ffd48e25858637e4765810300227e?s=96&d=mm&r=g\",\"caption\":\"Developer\"},\"url\":\"https:\\\/\\\/qtmm.org\\\/qt\\\/author\\\/Developer\\\/\"}]}<\/script>\n<!-- \/ Yoast SEO plugin. -->","yoast_head_json":{"title":"Birle\u015fken Milletler Te\u015fkil\u00e2t\u0131 Ba\u015f k\u00e2tibini\u00f1 \u0130nsan aqlar\u0131 boyunca yard\u0131mc\u0131s\u0131 \u0130van \u015eimanovi\u00e7ni Q\u0131r\u0131m\u011fa kirsetmediler - \u041c\u0435\u0434\u0436\u043b\u0456\u0441","robots":{"index":"index","follow":"follow","max-snippet":"max-snippet:-1","max-image-preview":"max-image-preview:large","max-video-preview":"max-video-preview:-1"},"canonical":"https:\/\/qtmm.org\/qt\/birlesken-milletler-teskilati-bas-katibinin-insan-aqlari-boyunca-yardimcisi-ivan-simanovicni-qirimga-kirsetmediler\/","og_locale":"en_US","og_type":"article","og_title":"Birle\u015fken Milletler Te\u015fkil\u00e2t\u0131 Ba\u015f k\u00e2tibini\u00f1 \u0130nsan aqlar\u0131 boyunca yard\u0131mc\u0131s\u0131 \u0130van \u015eimanovi\u00e7ni Q\u0131r\u0131m\u011fa kirsetmediler - \u041c\u0435\u0434\u0436\u043b\u0456\u0441","og_description":"Bu aqta o, Meclis reisi Refat \u00c7ubarov\u011fa telefon vastas\u0131nen bildirdi. Mart 13 k\u00fcn\u00fc Birle\u015fken Milletler Te\u015fkil\u00e2t\u0131 Ba\u015f k\u00e2tibini\u00f1 \u0130nsan aqlar\u0131 boyunca yard\u0131mc\u0131s\u0131 \u0130van \u015eimanovi\u00e7 Milliy Meclis reisi Refat \u00c7ubarov\u011fa telefon a\u00e7\u0131p, Q\u0131r\u0131m\u011fa m\u0131ndaki vaziyetni \u00f6grenmek ve \u00e7e\u015fit taraflarn\u0131\u00f1 vekillerinen k\u00f6r\u00fc\u015fmek i\u00e7\u00fcn kelet\u00e2qanda Q\u0131r\u0131m akimleri o\u00f1a keder etkenlerini haber etti. Meclis reisi Refat \u00c7ubarov \u0130van \u015eimanovi\u00e7ke [&hellip;]","og_url":"https:\/\/qtmm.org\/qt\/birlesken-milletler-teskilati-bas-katibinin-insan-aqlari-boyunca-yardimcisi-ivan-simanovicni-qirimga-kirsetmediler\/","og_site_name":"\u041c\u0435\u0434\u0436\u043b\u0456\u0441","article_publisher":"https:\/\/www.facebook.com\/qtmm.info\/","article_published_time":"2014-03-13T16:43:00+00:00","article_modified_time":"2022-01-27T20:23:44+00:00","author":"Developer","twitter_card":"summary_large_image","twitter_misc":{"Written by":"Developer","Est. reading time":"1 minute"},"schema":{"@context":"https:\/\/schema.org","@graph":[{"@type":"Article","@id":"https:\/\/qtmm.org\/qt\/birlesken-milletler-teskilati-bas-katibinin-insan-aqlari-boyunca-yardimcisi-ivan-simanovicni-qirimga-kirsetmediler\/#article","isPartOf":{"@id":"https:\/\/qtmm.org\/qt\/birlesken-milletler-teskilati-bas-katibinin-insan-aqlari-boyunca-yardimcisi-ivan-simanovicni-qirimga-kirsetmediler\/"},"author":{"name":"Developer","@id":"https:\/\/qtmm.org\/qt\/#\/schema\/person\/de562469f971dec226ac06e60bbf74a7"},"headline":"Birle\u015fken Milletler Te\u015fkil\u00e2t\u0131 Ba\u015f k\u00e2tibini\u00f1 \u0130nsan aqlar\u0131 boyunca yard\u0131mc\u0131s\u0131 \u0130van \u015eimanovi\u00e7ni Q\u0131r\u0131m\u011fa kirsetmediler","datePublished":"2014-03-13T16:43:00+00:00","dateModified":"2022-01-27T20:23:44+00:00","mainEntityOfPage":{"@id":"https:\/\/qtmm.org\/qt\/birlesken-milletler-teskilati-bas-katibinin-insan-aqlari-boyunca-yardimcisi-ivan-simanovicni-qirimga-kirsetmediler\/"},"wordCount":219,"commentCount":0,"publisher":{"@id":"https:\/\/qtmm.org\/qt\/#organization"},"articleSection":["Haberler"],"inLanguage":"qt","potentialAction":[{"@type":"CommentAction","name":"Comment","target":["https:\/\/qtmm.org\/qt\/birlesken-milletler-teskilati-bas-katibinin-insan-aqlari-boyunca-yardimcisi-ivan-simanovicni-qirimga-kirsetmediler\/#respond"]}]},{"@type":"WebPage","@id":"https:\/\/qtmm.org\/qt\/birlesken-milletler-teskilati-bas-katibinin-insan-aqlari-boyunca-yardimcisi-ivan-simanovicni-qirimga-kirsetmediler\/","url":"https:\/\/qtmm.org\/qt\/birlesken-milletler-teskilati-bas-katibinin-insan-aqlari-boyunca-yardimcisi-ivan-simanovicni-qirimga-kirsetmediler\/","name":"Birle\u015fken Milletler Te\u015fkil\u00e2t\u0131 Ba\u015f k\u00e2tibini\u00f1 \u0130nsan aqlar\u0131 boyunca yard\u0131mc\u0131s\u0131 \u0130van \u015eimanovi\u00e7ni Q\u0131r\u0131m\u011fa kirsetmediler - \u041c\u0435\u0434\u0436\u043b\u0456\u0441","isPartOf":{"@id":"https:\/\/qtmm.org\/qt\/#website"},"datePublished":"2014-03-13T16:43:00+00:00","dateModified":"2022-01-27T20:23:44+00:00","breadcrumb":{"@id":"https:\/\/qtmm.org\/qt\/birlesken-milletler-teskilati-bas-katibinin-insan-aqlari-boyunca-yardimcisi-ivan-simanovicni-qirimga-kirsetmediler\/#breadcrumb"},"inLanguage":"qt","potentialAction":[{"@type":"ReadAction","target":["https:\/\/qtmm.org\/qt\/birlesken-milletler-teskilati-bas-katibinin-insan-aqlari-boyunca-yardimcisi-ivan-simanovicni-qirimga-kirsetmediler\/"]}]},{"@type":"BreadcrumbList","@id":"https:\/\/qtmm.org\/qt\/birlesken-milletler-teskilati-bas-katibinin-insan-aqlari-boyunca-yardimcisi-ivan-simanovicni-qirimga-kirsetmediler\/#breadcrumb","itemListElement":[{"@type":"ListItem","position":1,"name":"\u0413\u043e\u043b\u043e\u0432\u043d\u0430","item":"https:\/\/qtmm.org\/qt\/"},{"@type":"ListItem","position":2,"name":"Birle\u015fken Milletler Te\u015fkil\u00e2t\u0131 Ba\u015f k\u00e2tibini\u00f1 \u0130nsan aqlar\u0131 boyunca yard\u0131mc\u0131s\u0131 \u0130van \u015eimanovi\u00e7ni Q\u0131r\u0131m\u011fa kirsetmediler"}]},{"@type":"WebSite","@id":"https:\/\/qtmm.org\/qt\/#website","url":"https:\/\/qtmm.org\/qt\/","name":"\u041c\u0435\u0434\u0436\u043b\u0456\u0441","description":"","publisher":{"@id":"https:\/\/qtmm.org\/qt\/#organization"},"potentialAction":[{"@type":"SearchAction","target":{"@type":"EntryPoint","urlTemplate":"https:\/\/qtmm.org\/qt\/?s={search_term_string}"},"query-input":{"@type":"PropertyValueSpecification","valueRequired":true,"valueName":"search_term_string"}}],"inLanguage":"qt"},{"@type":"Organization","@id":"https:\/\/qtmm.org\/qt\/#organization","name":"\u041c\u0435\u0434\u0436\u043b\u0456\u0441","url":"https:\/\/qtmm.org\/qt\/","logo":{"@type":"ImageObject","inLanguage":"qt","@id":"https:\/\/qtmm.org\/qt\/#\/schema\/logo\/image\/","url":"https:\/\/qtmm.org\/wp-content\/uploads\/2024\/12\/ua-mejlis-logo-rgb.svg","contentUrl":"https:\/\/qtmm.org\/wp-content\/uploads\/2024\/12\/ua-mejlis-logo-rgb.svg","caption":"\u041c\u0435\u0434\u0436\u043b\u0456\u0441"},"image":{"@id":"https:\/\/qtmm.org\/qt\/#\/schema\/logo\/image\/"},"sameAs":["https:\/\/www.facebook.com\/qtmm.info\/"]},{"@type":"Person","@id":"https:\/\/qtmm.org\/qt\/#\/schema\/person\/de562469f971dec226ac06e60bbf74a7","name":"Developer","image":{"@type":"ImageObject","inLanguage":"qt","@id":"https:\/\/secure.gravatar.com\/avatar\/392b4cc8fbfeb00b39dfeeab4ee6edded39ffd48e25858637e4765810300227e?s=96&d=mm&r=g","url":"https:\/\/secure.gravatar.com\/avatar\/392b4cc8fbfeb00b39dfeeab4ee6edded39ffd48e25858637e4765810300227e?s=96&d=mm&r=g","contentUrl":"https:\/\/secure.gravatar.com\/avatar\/392b4cc8fbfeb00b39dfeeab4ee6edded39ffd48e25858637e4765810300227e?s=96&d=mm&r=g","caption":"Developer"},"url":"https:\/\/qtmm.org\/qt\/author\/Developer\/"}]}},"_links":{"self":[{"href":"https:\/\/qtmm.org\/qt\/wp-json\/wp\/v2\/posts\/43707","targetHints":{"allow":["GET"]}}],"collection":[{"href":"https:\/\/qtmm.org\/qt\/wp-json\/wp\/v2\/posts"}],"about":[{"href":"https:\/\/qtmm.org\/qt\/wp-json\/wp\/v2\/types\/post"}],"author":[{"embeddable":true,"href":"https:\/\/qtmm.org\/qt\/wp-json\/wp\/v2\/users\/1"}],"replies":[{"embeddable":true,"href":"https:\/\/qtmm.org\/qt\/wp-json\/wp\/v2\/comments?post=43707"}],"version-history":[{"count":1,"href":"https:\/\/qtmm.org\/qt\/wp-json\/wp\/v2\/posts\/43707\/revisions"}],"predecessor-version":[{"id":43708,"href":"https:\/\/qtmm.org\/qt\/wp-json\/wp\/v2\/posts\/43707\/revisions\/43708"}],"wp:attachment":[{"href":"https:\/\/qtmm.org\/qt\/wp-json\/wp\/v2\/media?parent=43707"}],"wp:term":[{"taxonomy":"category","embeddable":true,"href":"https:\/\/qtmm.org\/qt\/wp-json\/wp\/v2\/categories?post=43707"},{"taxonomy":"post_tag","embeddable":true,"href":"https:\/\/qtmm.org\/qt\/wp-json\/wp\/v2\/tags?post=43707"}],"curies":[{"name":"wp","href":"https:\/\/api.w.org\/{rel}","templated":true}]}}