




{"id":43705,"date":"2014-03-12T19:37:00","date_gmt":"2014-03-12T16:37:00","guid":{"rendered":"http:\/\/qtmm.org\/?p=43705"},"modified":"2022-01-27T19:43:22","modified_gmt":"2022-01-27T16:43:22","slug":"rusiye-prezidenti-vladimir-putin-ve-qirimtatar-halqinin-lideri-ukraina-halq-deputati-mustafa-cemilev-telefon-vastasinen-30-daqqa-devaminda-qirim-ve-umumen-ukrainadaki-vaziyetni-muzakere-ettiler","status":"publish","type":"post","link":"https:\/\/qtmm.org\/qt\/rusiye-prezidenti-vladimir-putin-ve-qirimtatar-halqinin-lideri-ukraina-halq-deputati-mustafa-cemilev-telefon-vastasinen-30-daqqa-devaminda-qirim-ve-umumen-ukrainadaki-vaziyetni-muzakere-ettiler\/","title":{"rendered":"Rusiye Prezidenti Vladimir P\u00fctin ve q\u0131r\u0131mtatar halq\u0131n\u0131\u00f1 lideri, Ukraina halq deputat\u0131 Mustafa Cemilev telefon vastas\u0131nen 30 daqqa devam\u0131nda Q\u0131r\u0131m ve umumen Ukrainadaki vaziyetni muzakere ettiler"},"content":{"rendered":"\n<p>2014 senesi mart 12 k\u00fcn\u00fc Moskvada Ukraina halq deputat\u0131 Mustafa Cemilev Tatarstan Cumhuriyetini\u00f1 birinci prezidenti, Tatarstann\u0131\u00f1 devlet mesleat\u00e7\u0131s\u0131 Mintimer \u015eaymiyev ile k\u00f6r\u00fc\u015fti.<\/p>\n\n\n\n<p>Hat\u0131rlatam\u0131z ki, M. \u015eaymiyevni\u00f1 bundan evelki te\u015febb\u00fcsine k\u00f6re k\u00f6r\u00fc\u015f\u00fcv Qazanda olacaq edi, amma Q\u0131r\u0131mdaki vaziyet sebebinden s\u00f6yle\u015f\u00fcvlerni Moskvada ke\u00e7irmek qarar\u0131 al\u0131nd\u0131.<\/p>\n\n\n\n<p>M. Cemilevni\u00f1 bildirgenine k\u00f6re M. \u015eaymiyevnen 2,5 saatlik k\u00f6r\u00fc\u015f\u00fcvde taraflar Q\u0131r\u0131mdaki vaziyetni muzakere ettiler. &#8220;Men subetde\u015fimni\u00f1 samimiyliginde eminim, &#8211; dedi M. Cemilev Mintimer \u015eaymiyevni\u00f1 Q\u0131r\u0131mdaki inqiraz\u011fa munasebeti aqq\u0131nda. \u015eaymiyev, bu i\u00f1qirazda q\u0131r\u0131mtatarlar\u011fa i\u00e7 bir t\u00fcrl\u00fc zarar toqunmamas\u0131 i\u00e7\u00fcn elinden kelecegini yapaca\u011f\u0131n\u0131 i\u015fand\u0131rd\u0131. Bun\u0131\u00f1 kibi de o, Mustafa Cemilevge s\u00f6z berdi ki, q\u0131r\u0131mtatar meselesi Rusiye yolba\u015f\u00e7\u0131lar\u0131nen e\u00f1 y\u00fcksek seviyedeki k\u00f6r\u00fc\u015f\u00fcvlerde k\u00f6terilecek.<\/p>\n\n\n\n<p>Mintimer \u015eaymiyevnen ol\u0131p ke\u00e7ken devaml\u0131 laq\u0131rd\u0131dan so\u00f1 \u015eaymiyevi\u00f1 teklifi ile Mustafa Cemilev ve Rusiye Prezidenti Vladimir P\u00fctin telefon vastas\u0131nen qonu\u015ft\u0131lar. Bundan evel Rusiye Prezidenti Vladimir P\u00fctin Mintimer \u015eaymiyevge q\u0131r\u0131mtatarlarn\u0131\u00f1 lideri Mustafa Cemilev Moskva\u011fa kelgen kibi olsa on\u0131\u00f1 ile k\u00f6r\u00fc\u015fmek istegini bildirgen.<\/p>\n\n\n\n<p>Rusiye Prezidenti Vladimir P\u00fctin ve q\u0131r\u0131mtatar halq\u0131n\u0131\u00f1 lideri, Ukraina halq deputat\u0131 Mustafa Cemilev 30 daqqa devam\u0131nda Q\u0131r\u0131m ve umumen Ukrainadaki vaziyetni muzakere ettiler.<\/p>\n\n\n\n<p>Q\u0131r\u0131mn\u0131\u00f1 tam\u0131r halq\u0131 ol\u011fan q\u0131r\u0131mtatar halq\u0131n\u0131\u00f1 vekili olaraq Ukraina halq deputat\u0131 Mustafa Cemilev Rusiye Prezidenti Vladimir P\u00fctinge Q\u0131r\u0131mdaki vaziyetke \u00f6z noqtai nazar\u0131n\u0131 bildirip, Q\u0131r\u0131m ealisine nisbeten ay\u0131r\u0131mc\u0131l\u0131q areketlerde bulun\u011fan k\u00fc\u00e7ler taraf\u0131ndan tel\u00fckeden ve bundan birinci nevbette e\u00f1 ziyade q\u0131r\u0131mtatarlar zarar k\u00f6receklerinden saq\u0131n\u011fan\u0131n\u0131 s\u00f6yledi.<\/p>\n\n\n\n<p>Vladimir P\u00fctin i\u00e7 kimse zarar k\u00f6rmeycegini i\u015fand\u0131r\u0131p, \u00f6z taraf\u0131ndan Ukrainadaki vaqialarn\u0131\u00f1 keti\u015fat\u0131na fikirinen payla\u015ft\u0131. M. Cemilevni\u00f1 s\u00f6zlerine k\u00f6re V. P\u00fctin Yanukovi\u00e7 siyasetini aqlamaqtan uzaqt\u0131r.<\/p>\n\n\n\n<p>Qonu\u015fma devam\u0131nda V. P\u00fctin Rusiyeni\u00f1 konkret areketleri aqq\u0131nda qarar Q\u0131r\u0131mda mart 16 k\u00fcn\u00fc ke\u00e7irilgen referendumdan so\u00f1 al\u0131nacaq, dedi. Bu\u00f1a Mustafa Cemilev referendumn\u0131 ne Ukraina ve ne de d\u00fcnya cemaat\u00e7\u0131l\u0131\u011f\u0131 tan\u0131maz, dedi.<\/p>\n\n\n\n<p>Bundan da \u011fayr\u0131, qonu\u015fma detallerinde toqtalaraq M. Cemilev dedi ki, V. P\u00fctinge Q\u0131r\u0131mda nas\u0131ld\u0131r mudafaa vekilleri ve rusiyeli arbiy k\u00fc\u00e7ler taraf\u0131ndan q\u0131r\u0131mtatarlar\u011fa nisbeten basq\u0131 yap\u0131l\u011fan\u0131n\u0131 s\u00f6ylegende, P\u00fctin: &#8220;Yap\u0131p da baqs\u0131nlar\u00e7\u0131!&#8221; dep cevaplan\u011fan.<\/p>\n\n\n\n<p>Subetni\u00f1 so\u00f1unda Vladimir P\u00fctin Mustafa Cemilevge dialogn\u0131 devam ettirmek ve vastac\u0131 olaraq Mintimer \u015eaymiyev belgilenmesini teklif etti.<\/p>\n","protected":false},"excerpt":{"rendered":"<p>2014 senesi mart 12 k\u00fcn\u00fc Moskvada Ukraina halq deputat\u0131 Mustafa Cemilev Tatarstan Cumhuriyetini\u00f1 birinci prezidenti, Tatarstann\u0131\u00f1 devlet mesleat\u00e7\u0131s\u0131 Mintimer \u015eaymiyev ile k\u00f6r\u00fc\u015fti. Hat\u0131rlatam\u0131z ki, M. \u015eaymiyevni\u00f1 bundan evelki te\u015febb\u00fcsine k\u00f6re k\u00f6r\u00fc\u015f\u00fcv Qazanda olacaq edi, amma Q\u0131r\u0131mdaki vaziyet sebebinden s\u00f6yle\u015f\u00fcvlerni Moskvada ke\u00e7irmek qarar\u0131 al\u0131nd\u0131. M. Cemilevni\u00f1 bildirgenine k\u00f6re M. \u015eaymiyevnen 2,5 saatlik k\u00f6r\u00fc\u015f\u00fcvde taraflar Q\u0131r\u0131mdaki vaziyetni [&hellip;]<\/p>\n","protected":false},"author":1,"featured_media":0,"comment_status":"open","ping_status":"open","sticky":false,"template":"","format":"standard","meta":{"inline_featured_image":false,"footnotes":""},"categories":[265],"tags":[],"class_list":["post-43705","post","type-post","status-publish","format-standard","hentry","category-haberler"],"acf":[],"yoast_head":"<!-- This site is optimized with the Yoast SEO plugin v27.4 - https:\/\/yoast.com\/product\/yoast-seo-wordpress\/ -->\n<title>Rusiye Prezidenti Vladimir P\u00fctin ve q\u0131r\u0131mtatar halq\u0131n\u0131\u00f1 lideri, Ukraina halq deputat\u0131 Mustafa Cemilev telefon vastas\u0131nen 30 daqqa devam\u0131nda Q\u0131r\u0131m ve umumen Ukrainadaki vaziyetni muzakere ettiler - \u041c\u0435\u0434\u0436\u043b\u0456\u0441<\/title>\n<meta name=\"robots\" content=\"index, follow, max-snippet:-1, max-image-preview:large, max-video-preview:-1\" \/>\n<link rel=\"canonical\" href=\"https:\/\/qtmm.org\/qt\/rusiye-prezidenti-vladimir-putin-ve-qirimtatar-halqinin-lideri-ukraina-halq-deputati-mustafa-cemilev-telefon-vastasinen-30-daqqa-devaminda-qirim-ve-umumen-ukrainadaki-vaziyetni-muzakere-ettiler\/\" \/>\n<meta property=\"og:locale\" content=\"en_US\" \/>\n<meta property=\"og:type\" content=\"article\" \/>\n<meta property=\"og:title\" content=\"Rusiye Prezidenti Vladimir P\u00fctin ve q\u0131r\u0131mtatar halq\u0131n\u0131\u00f1 lideri, Ukraina halq deputat\u0131 Mustafa Cemilev telefon vastas\u0131nen 30 daqqa devam\u0131nda Q\u0131r\u0131m ve umumen Ukrainadaki vaziyetni muzakere ettiler - \u041c\u0435\u0434\u0436\u043b\u0456\u0441\" \/>\n<meta property=\"og:description\" content=\"2014 senesi mart 12 k\u00fcn\u00fc Moskvada Ukraina halq deputat\u0131 Mustafa Cemilev Tatarstan Cumhuriyetini\u00f1 birinci prezidenti, Tatarstann\u0131\u00f1 devlet mesleat\u00e7\u0131s\u0131 Mintimer \u015eaymiyev ile k\u00f6r\u00fc\u015fti. Hat\u0131rlatam\u0131z ki, M. \u015eaymiyevni\u00f1 bundan evelki te\u015febb\u00fcsine k\u00f6re k\u00f6r\u00fc\u015f\u00fcv Qazanda olacaq edi, amma Q\u0131r\u0131mdaki vaziyet sebebinden s\u00f6yle\u015f\u00fcvlerni Moskvada ke\u00e7irmek qarar\u0131 al\u0131nd\u0131. M. Cemilevni\u00f1 bildirgenine k\u00f6re M. \u015eaymiyevnen 2,5 saatlik k\u00f6r\u00fc\u015f\u00fcvde taraflar Q\u0131r\u0131mdaki vaziyetni [&hellip;]\" \/>\n<meta property=\"og:url\" content=\"https:\/\/qtmm.org\/qt\/rusiye-prezidenti-vladimir-putin-ve-qirimtatar-halqinin-lideri-ukraina-halq-deputati-mustafa-cemilev-telefon-vastasinen-30-daqqa-devaminda-qirim-ve-umumen-ukrainadaki-vaziyetni-muzakere-ettiler\/\" \/>\n<meta property=\"og:site_name\" content=\"\u041c\u0435\u0434\u0436\u043b\u0456\u0441\" \/>\n<meta property=\"article:publisher\" content=\"https:\/\/www.facebook.com\/qtmm.info\/\" \/>\n<meta property=\"article:published_time\" content=\"2014-03-12T16:37:00+00:00\" \/>\n<meta property=\"article:modified_time\" content=\"2022-01-27T16:43:22+00:00\" \/>\n<meta name=\"author\" content=\"Developer\" \/>\n<meta name=\"twitter:card\" content=\"summary_large_image\" \/>\n<meta name=\"twitter:label1\" content=\"Written by\" \/>\n\t<meta name=\"twitter:data1\" content=\"Developer\" \/>\n\t<meta name=\"twitter:label2\" content=\"Est. reading time\" \/>\n\t<meta name=\"twitter:data2\" content=\"2 minutes\" \/>\n<script type=\"application\/ld+json\" class=\"yoast-schema-graph\">{\"@context\":\"https:\\\/\\\/schema.org\",\"@graph\":[{\"@type\":\"Article\",\"@id\":\"https:\\\/\\\/qtmm.org\\\/qt\\\/rusiye-prezidenti-vladimir-putin-ve-qirimtatar-halqinin-lideri-ukraina-halq-deputati-mustafa-cemilev-telefon-vastasinen-30-daqqa-devaminda-qirim-ve-umumen-ukrainadaki-vaziyetni-muzakere-ettiler\\\/#article\",\"isPartOf\":{\"@id\":\"https:\\\/\\\/qtmm.org\\\/qt\\\/rusiye-prezidenti-vladimir-putin-ve-qirimtatar-halqinin-lideri-ukraina-halq-deputati-mustafa-cemilev-telefon-vastasinen-30-daqqa-devaminda-qirim-ve-umumen-ukrainadaki-vaziyetni-muzakere-ettiler\\\/\"},\"author\":{\"name\":\"Developer\",\"@id\":\"https:\\\/\\\/qtmm.org\\\/qt\\\/#\\\/schema\\\/person\\\/de562469f971dec226ac06e60bbf74a7\"},\"headline\":\"Rusiye Prezidenti Vladimir P\u00fctin ve q\u0131r\u0131mtatar halq\u0131n\u0131\u00f1 lideri, Ukraina halq deputat\u0131 Mustafa Cemilev telefon vastas\u0131nen 30 daqqa devam\u0131nda Q\u0131r\u0131m ve umumen Ukrainadaki vaziyetni muzakere ettiler\",\"datePublished\":\"2014-03-12T16:37:00+00:00\",\"dateModified\":\"2022-01-27T16:43:22+00:00\",\"mainEntityOfPage\":{\"@id\":\"https:\\\/\\\/qtmm.org\\\/qt\\\/rusiye-prezidenti-vladimir-putin-ve-qirimtatar-halqinin-lideri-ukraina-halq-deputati-mustafa-cemilev-telefon-vastasinen-30-daqqa-devaminda-qirim-ve-umumen-ukrainadaki-vaziyetni-muzakere-ettiler\\\/\"},\"wordCount\":482,\"commentCount\":0,\"publisher\":{\"@id\":\"https:\\\/\\\/qtmm.org\\\/qt\\\/#organization\"},\"articleSection\":[\"Haberler\"],\"inLanguage\":\"qt\",\"potentialAction\":[{\"@type\":\"CommentAction\",\"name\":\"Comment\",\"target\":[\"https:\\\/\\\/qtmm.org\\\/qt\\\/rusiye-prezidenti-vladimir-putin-ve-qirimtatar-halqinin-lideri-ukraina-halq-deputati-mustafa-cemilev-telefon-vastasinen-30-daqqa-devaminda-qirim-ve-umumen-ukrainadaki-vaziyetni-muzakere-ettiler\\\/#respond\"]}]},{\"@type\":\"WebPage\",\"@id\":\"https:\\\/\\\/qtmm.org\\\/qt\\\/rusiye-prezidenti-vladimir-putin-ve-qirimtatar-halqinin-lideri-ukraina-halq-deputati-mustafa-cemilev-telefon-vastasinen-30-daqqa-devaminda-qirim-ve-umumen-ukrainadaki-vaziyetni-muzakere-ettiler\\\/\",\"url\":\"https:\\\/\\\/qtmm.org\\\/qt\\\/rusiye-prezidenti-vladimir-putin-ve-qirimtatar-halqinin-lideri-ukraina-halq-deputati-mustafa-cemilev-telefon-vastasinen-30-daqqa-devaminda-qirim-ve-umumen-ukrainadaki-vaziyetni-muzakere-ettiler\\\/\",\"name\":\"Rusiye Prezidenti Vladimir P\u00fctin ve q\u0131r\u0131mtatar halq\u0131n\u0131\u00f1 lideri, Ukraina halq deputat\u0131 Mustafa Cemilev telefon vastas\u0131nen 30 daqqa devam\u0131nda Q\u0131r\u0131m ve umumen Ukrainadaki vaziyetni muzakere ettiler - \u041c\u0435\u0434\u0436\u043b\u0456\u0441\",\"isPartOf\":{\"@id\":\"https:\\\/\\\/qtmm.org\\\/qt\\\/#website\"},\"datePublished\":\"2014-03-12T16:37:00+00:00\",\"dateModified\":\"2022-01-27T16:43:22+00:00\",\"breadcrumb\":{\"@id\":\"https:\\\/\\\/qtmm.org\\\/qt\\\/rusiye-prezidenti-vladimir-putin-ve-qirimtatar-halqinin-lideri-ukraina-halq-deputati-mustafa-cemilev-telefon-vastasinen-30-daqqa-devaminda-qirim-ve-umumen-ukrainadaki-vaziyetni-muzakere-ettiler\\\/#breadcrumb\"},\"inLanguage\":\"qt\",\"potentialAction\":[{\"@type\":\"ReadAction\",\"target\":[\"https:\\\/\\\/qtmm.org\\\/qt\\\/rusiye-prezidenti-vladimir-putin-ve-qirimtatar-halqinin-lideri-ukraina-halq-deputati-mustafa-cemilev-telefon-vastasinen-30-daqqa-devaminda-qirim-ve-umumen-ukrainadaki-vaziyetni-muzakere-ettiler\\\/\"]}]},{\"@type\":\"BreadcrumbList\",\"@id\":\"https:\\\/\\\/qtmm.org\\\/qt\\\/rusiye-prezidenti-vladimir-putin-ve-qirimtatar-halqinin-lideri-ukraina-halq-deputati-mustafa-cemilev-telefon-vastasinen-30-daqqa-devaminda-qirim-ve-umumen-ukrainadaki-vaziyetni-muzakere-ettiler\\\/#breadcrumb\",\"itemListElement\":[{\"@type\":\"ListItem\",\"position\":1,\"name\":\"\u0413\u043e\u043b\u043e\u0432\u043d\u0430\",\"item\":\"https:\\\/\\\/qtmm.org\\\/qt\\\/\"},{\"@type\":\"ListItem\",\"position\":2,\"name\":\"Rusiye Prezidenti Vladimir P\u00fctin ve q\u0131r\u0131mtatar halq\u0131n\u0131\u00f1 lideri, Ukraina halq deputat\u0131 Mustafa Cemilev telefon vastas\u0131nen 30 daqqa devam\u0131nda Q\u0131r\u0131m ve umumen Ukrainadaki vaziyetni muzakere ettiler\"}]},{\"@type\":\"WebSite\",\"@id\":\"https:\\\/\\\/qtmm.org\\\/qt\\\/#website\",\"url\":\"https:\\\/\\\/qtmm.org\\\/qt\\\/\",\"name\":\"\u041c\u0435\u0434\u0436\u043b\u0456\u0441\",\"description\":\"\",\"publisher\":{\"@id\":\"https:\\\/\\\/qtmm.org\\\/qt\\\/#organization\"},\"potentialAction\":[{\"@type\":\"SearchAction\",\"target\":{\"@type\":\"EntryPoint\",\"urlTemplate\":\"https:\\\/\\\/qtmm.org\\\/qt\\\/?s={search_term_string}\"},\"query-input\":{\"@type\":\"PropertyValueSpecification\",\"valueRequired\":true,\"valueName\":\"search_term_string\"}}],\"inLanguage\":\"qt\"},{\"@type\":\"Organization\",\"@id\":\"https:\\\/\\\/qtmm.org\\\/qt\\\/#organization\",\"name\":\"\u041c\u0435\u0434\u0436\u043b\u0456\u0441\",\"url\":\"https:\\\/\\\/qtmm.org\\\/qt\\\/\",\"logo\":{\"@type\":\"ImageObject\",\"inLanguage\":\"qt\",\"@id\":\"https:\\\/\\\/qtmm.org\\\/qt\\\/#\\\/schema\\\/logo\\\/image\\\/\",\"url\":\"https:\\\/\\\/qtmm.org\\\/wp-content\\\/uploads\\\/2024\\\/12\\\/ua-mejlis-logo-rgb.svg\",\"contentUrl\":\"https:\\\/\\\/qtmm.org\\\/wp-content\\\/uploads\\\/2024\\\/12\\\/ua-mejlis-logo-rgb.svg\",\"caption\":\"\u041c\u0435\u0434\u0436\u043b\u0456\u0441\"},\"image\":{\"@id\":\"https:\\\/\\\/qtmm.org\\\/qt\\\/#\\\/schema\\\/logo\\\/image\\\/\"},\"sameAs\":[\"https:\\\/\\\/www.facebook.com\\\/qtmm.info\\\/\"]},{\"@type\":\"Person\",\"@id\":\"https:\\\/\\\/qtmm.org\\\/qt\\\/#\\\/schema\\\/person\\\/de562469f971dec226ac06e60bbf74a7\",\"name\":\"Developer\",\"image\":{\"@type\":\"ImageObject\",\"inLanguage\":\"qt\",\"@id\":\"https:\\\/\\\/secure.gravatar.com\\\/avatar\\\/392b4cc8fbfeb00b39dfeeab4ee6edded39ffd48e25858637e4765810300227e?s=96&d=mm&r=g\",\"url\":\"https:\\\/\\\/secure.gravatar.com\\\/avatar\\\/392b4cc8fbfeb00b39dfeeab4ee6edded39ffd48e25858637e4765810300227e?s=96&d=mm&r=g\",\"contentUrl\":\"https:\\\/\\\/secure.gravatar.com\\\/avatar\\\/392b4cc8fbfeb00b39dfeeab4ee6edded39ffd48e25858637e4765810300227e?s=96&d=mm&r=g\",\"caption\":\"Developer\"},\"url\":\"https:\\\/\\\/qtmm.org\\\/qt\\\/author\\\/Developer\\\/\"}]}<\/script>\n<!-- \/ Yoast SEO plugin. -->","yoast_head_json":{"title":"Rusiye Prezidenti Vladimir P\u00fctin ve q\u0131r\u0131mtatar halq\u0131n\u0131\u00f1 lideri, Ukraina halq deputat\u0131 Mustafa Cemilev telefon vastas\u0131nen 30 daqqa devam\u0131nda Q\u0131r\u0131m ve umumen Ukrainadaki vaziyetni muzakere ettiler - \u041c\u0435\u0434\u0436\u043b\u0456\u0441","robots":{"index":"index","follow":"follow","max-snippet":"max-snippet:-1","max-image-preview":"max-image-preview:large","max-video-preview":"max-video-preview:-1"},"canonical":"https:\/\/qtmm.org\/qt\/rusiye-prezidenti-vladimir-putin-ve-qirimtatar-halqinin-lideri-ukraina-halq-deputati-mustafa-cemilev-telefon-vastasinen-30-daqqa-devaminda-qirim-ve-umumen-ukrainadaki-vaziyetni-muzakere-ettiler\/","og_locale":"en_US","og_type":"article","og_title":"Rusiye Prezidenti Vladimir P\u00fctin ve q\u0131r\u0131mtatar halq\u0131n\u0131\u00f1 lideri, Ukraina halq deputat\u0131 Mustafa Cemilev telefon vastas\u0131nen 30 daqqa devam\u0131nda Q\u0131r\u0131m ve umumen Ukrainadaki vaziyetni muzakere ettiler - \u041c\u0435\u0434\u0436\u043b\u0456\u0441","og_description":"2014 senesi mart 12 k\u00fcn\u00fc Moskvada Ukraina halq deputat\u0131 Mustafa Cemilev Tatarstan Cumhuriyetini\u00f1 birinci prezidenti, Tatarstann\u0131\u00f1 devlet mesleat\u00e7\u0131s\u0131 Mintimer \u015eaymiyev ile k\u00f6r\u00fc\u015fti. Hat\u0131rlatam\u0131z ki, M. \u015eaymiyevni\u00f1 bundan evelki te\u015febb\u00fcsine k\u00f6re k\u00f6r\u00fc\u015f\u00fcv Qazanda olacaq edi, amma Q\u0131r\u0131mdaki vaziyet sebebinden s\u00f6yle\u015f\u00fcvlerni Moskvada ke\u00e7irmek qarar\u0131 al\u0131nd\u0131. M. Cemilevni\u00f1 bildirgenine k\u00f6re M. \u015eaymiyevnen 2,5 saatlik k\u00f6r\u00fc\u015f\u00fcvde taraflar Q\u0131r\u0131mdaki vaziyetni [&hellip;]","og_url":"https:\/\/qtmm.org\/qt\/rusiye-prezidenti-vladimir-putin-ve-qirimtatar-halqinin-lideri-ukraina-halq-deputati-mustafa-cemilev-telefon-vastasinen-30-daqqa-devaminda-qirim-ve-umumen-ukrainadaki-vaziyetni-muzakere-ettiler\/","og_site_name":"\u041c\u0435\u0434\u0436\u043b\u0456\u0441","article_publisher":"https:\/\/www.facebook.com\/qtmm.info\/","article_published_time":"2014-03-12T16:37:00+00:00","article_modified_time":"2022-01-27T16:43:22+00:00","author":"Developer","twitter_card":"summary_large_image","twitter_misc":{"Written by":"Developer","Est. reading time":"2 minutes"},"schema":{"@context":"https:\/\/schema.org","@graph":[{"@type":"Article","@id":"https:\/\/qtmm.org\/qt\/rusiye-prezidenti-vladimir-putin-ve-qirimtatar-halqinin-lideri-ukraina-halq-deputati-mustafa-cemilev-telefon-vastasinen-30-daqqa-devaminda-qirim-ve-umumen-ukrainadaki-vaziyetni-muzakere-ettiler\/#article","isPartOf":{"@id":"https:\/\/qtmm.org\/qt\/rusiye-prezidenti-vladimir-putin-ve-qirimtatar-halqinin-lideri-ukraina-halq-deputati-mustafa-cemilev-telefon-vastasinen-30-daqqa-devaminda-qirim-ve-umumen-ukrainadaki-vaziyetni-muzakere-ettiler\/"},"author":{"name":"Developer","@id":"https:\/\/qtmm.org\/qt\/#\/schema\/person\/de562469f971dec226ac06e60bbf74a7"},"headline":"Rusiye Prezidenti Vladimir P\u00fctin ve q\u0131r\u0131mtatar halq\u0131n\u0131\u00f1 lideri, Ukraina halq deputat\u0131 Mustafa Cemilev telefon vastas\u0131nen 30 daqqa devam\u0131nda Q\u0131r\u0131m ve umumen Ukrainadaki vaziyetni muzakere ettiler","datePublished":"2014-03-12T16:37:00+00:00","dateModified":"2022-01-27T16:43:22+00:00","mainEntityOfPage":{"@id":"https:\/\/qtmm.org\/qt\/rusiye-prezidenti-vladimir-putin-ve-qirimtatar-halqinin-lideri-ukraina-halq-deputati-mustafa-cemilev-telefon-vastasinen-30-daqqa-devaminda-qirim-ve-umumen-ukrainadaki-vaziyetni-muzakere-ettiler\/"},"wordCount":482,"commentCount":0,"publisher":{"@id":"https:\/\/qtmm.org\/qt\/#organization"},"articleSection":["Haberler"],"inLanguage":"qt","potentialAction":[{"@type":"CommentAction","name":"Comment","target":["https:\/\/qtmm.org\/qt\/rusiye-prezidenti-vladimir-putin-ve-qirimtatar-halqinin-lideri-ukraina-halq-deputati-mustafa-cemilev-telefon-vastasinen-30-daqqa-devaminda-qirim-ve-umumen-ukrainadaki-vaziyetni-muzakere-ettiler\/#respond"]}]},{"@type":"WebPage","@id":"https:\/\/qtmm.org\/qt\/rusiye-prezidenti-vladimir-putin-ve-qirimtatar-halqinin-lideri-ukraina-halq-deputati-mustafa-cemilev-telefon-vastasinen-30-daqqa-devaminda-qirim-ve-umumen-ukrainadaki-vaziyetni-muzakere-ettiler\/","url":"https:\/\/qtmm.org\/qt\/rusiye-prezidenti-vladimir-putin-ve-qirimtatar-halqinin-lideri-ukraina-halq-deputati-mustafa-cemilev-telefon-vastasinen-30-daqqa-devaminda-qirim-ve-umumen-ukrainadaki-vaziyetni-muzakere-ettiler\/","name":"Rusiye Prezidenti Vladimir P\u00fctin ve q\u0131r\u0131mtatar halq\u0131n\u0131\u00f1 lideri, Ukraina halq deputat\u0131 Mustafa Cemilev telefon vastas\u0131nen 30 daqqa devam\u0131nda Q\u0131r\u0131m ve umumen Ukrainadaki vaziyetni muzakere ettiler - \u041c\u0435\u0434\u0436\u043b\u0456\u0441","isPartOf":{"@id":"https:\/\/qtmm.org\/qt\/#website"},"datePublished":"2014-03-12T16:37:00+00:00","dateModified":"2022-01-27T16:43:22+00:00","breadcrumb":{"@id":"https:\/\/qtmm.org\/qt\/rusiye-prezidenti-vladimir-putin-ve-qirimtatar-halqinin-lideri-ukraina-halq-deputati-mustafa-cemilev-telefon-vastasinen-30-daqqa-devaminda-qirim-ve-umumen-ukrainadaki-vaziyetni-muzakere-ettiler\/#breadcrumb"},"inLanguage":"qt","potentialAction":[{"@type":"ReadAction","target":["https:\/\/qtmm.org\/qt\/rusiye-prezidenti-vladimir-putin-ve-qirimtatar-halqinin-lideri-ukraina-halq-deputati-mustafa-cemilev-telefon-vastasinen-30-daqqa-devaminda-qirim-ve-umumen-ukrainadaki-vaziyetni-muzakere-ettiler\/"]}]},{"@type":"BreadcrumbList","@id":"https:\/\/qtmm.org\/qt\/rusiye-prezidenti-vladimir-putin-ve-qirimtatar-halqinin-lideri-ukraina-halq-deputati-mustafa-cemilev-telefon-vastasinen-30-daqqa-devaminda-qirim-ve-umumen-ukrainadaki-vaziyetni-muzakere-ettiler\/#breadcrumb","itemListElement":[{"@type":"ListItem","position":1,"name":"\u0413\u043e\u043b\u043e\u0432\u043d\u0430","item":"https:\/\/qtmm.org\/qt\/"},{"@type":"ListItem","position":2,"name":"Rusiye Prezidenti Vladimir P\u00fctin ve q\u0131r\u0131mtatar halq\u0131n\u0131\u00f1 lideri, Ukraina halq deputat\u0131 Mustafa Cemilev telefon vastas\u0131nen 30 daqqa devam\u0131nda Q\u0131r\u0131m ve umumen Ukrainadaki vaziyetni muzakere ettiler"}]},{"@type":"WebSite","@id":"https:\/\/qtmm.org\/qt\/#website","url":"https:\/\/qtmm.org\/qt\/","name":"\u041c\u0435\u0434\u0436\u043b\u0456\u0441","description":"","publisher":{"@id":"https:\/\/qtmm.org\/qt\/#organization"},"potentialAction":[{"@type":"SearchAction","target":{"@type":"EntryPoint","urlTemplate":"https:\/\/qtmm.org\/qt\/?s={search_term_string}"},"query-input":{"@type":"PropertyValueSpecification","valueRequired":true,"valueName":"search_term_string"}}],"inLanguage":"qt"},{"@type":"Organization","@id":"https:\/\/qtmm.org\/qt\/#organization","name":"\u041c\u0435\u0434\u0436\u043b\u0456\u0441","url":"https:\/\/qtmm.org\/qt\/","logo":{"@type":"ImageObject","inLanguage":"qt","@id":"https:\/\/qtmm.org\/qt\/#\/schema\/logo\/image\/","url":"https:\/\/qtmm.org\/wp-content\/uploads\/2024\/12\/ua-mejlis-logo-rgb.svg","contentUrl":"https:\/\/qtmm.org\/wp-content\/uploads\/2024\/12\/ua-mejlis-logo-rgb.svg","caption":"\u041c\u0435\u0434\u0436\u043b\u0456\u0441"},"image":{"@id":"https:\/\/qtmm.org\/qt\/#\/schema\/logo\/image\/"},"sameAs":["https:\/\/www.facebook.com\/qtmm.info\/"]},{"@type":"Person","@id":"https:\/\/qtmm.org\/qt\/#\/schema\/person\/de562469f971dec226ac06e60bbf74a7","name":"Developer","image":{"@type":"ImageObject","inLanguage":"qt","@id":"https:\/\/secure.gravatar.com\/avatar\/392b4cc8fbfeb00b39dfeeab4ee6edded39ffd48e25858637e4765810300227e?s=96&d=mm&r=g","url":"https:\/\/secure.gravatar.com\/avatar\/392b4cc8fbfeb00b39dfeeab4ee6edded39ffd48e25858637e4765810300227e?s=96&d=mm&r=g","contentUrl":"https:\/\/secure.gravatar.com\/avatar\/392b4cc8fbfeb00b39dfeeab4ee6edded39ffd48e25858637e4765810300227e?s=96&d=mm&r=g","caption":"Developer"},"url":"https:\/\/qtmm.org\/qt\/author\/Developer\/"}]}},"_links":{"self":[{"href":"https:\/\/qtmm.org\/qt\/wp-json\/wp\/v2\/posts\/43705","targetHints":{"allow":["GET"]}}],"collection":[{"href":"https:\/\/qtmm.org\/qt\/wp-json\/wp\/v2\/posts"}],"about":[{"href":"https:\/\/qtmm.org\/qt\/wp-json\/wp\/v2\/types\/post"}],"author":[{"embeddable":true,"href":"https:\/\/qtmm.org\/qt\/wp-json\/wp\/v2\/users\/1"}],"replies":[{"embeddable":true,"href":"https:\/\/qtmm.org\/qt\/wp-json\/wp\/v2\/comments?post=43705"}],"version-history":[{"count":1,"href":"https:\/\/qtmm.org\/qt\/wp-json\/wp\/v2\/posts\/43705\/revisions"}],"predecessor-version":[{"id":43706,"href":"https:\/\/qtmm.org\/qt\/wp-json\/wp\/v2\/posts\/43705\/revisions\/43706"}],"wp:attachment":[{"href":"https:\/\/qtmm.org\/qt\/wp-json\/wp\/v2\/media?parent=43705"}],"wp:term":[{"taxonomy":"category","embeddable":true,"href":"https:\/\/qtmm.org\/qt\/wp-json\/wp\/v2\/categories?post=43705"},{"taxonomy":"post_tag","embeddable":true,"href":"https:\/\/qtmm.org\/qt\/wp-json\/wp\/v2\/tags?post=43705"}],"curies":[{"name":"wp","href":"https:\/\/api.w.org\/{rel}","templated":true}]}}