




{"id":43703,"date":"2014-03-11T19:36:00","date_gmt":"2014-03-11T16:36:00","guid":{"rendered":"http:\/\/qtmm.org\/?p=43703"},"modified":"2022-01-27T19:37:20","modified_gmt":"2022-01-27T16:37:20","slug":"2014-senesi-mart-11-kunu-aqsam-ukraina-halq-deputati-mustafa-cemilev-moskvaga-keldi","status":"publish","type":"post","link":"https:\/\/qtmm.org\/qt\/2014-senesi-mart-11-kunu-aqsam-ukraina-halq-deputati-mustafa-cemilev-moskvaga-keldi\/","title":{"rendered":"2014 senesi mart 11 k\u00fcn\u00fc aq\u015fam Ukraina halq deputat\u0131 Mustafa Cemilev Moskva\u011fa keldi"},"content":{"rendered":"\n<p>2014 senesi mart 11 k\u00fcn\u00fc Ukraina halq deputat\u0131 Mustafa Cemilev Moskva\u011fa kelip Ukrainan\u0131\u00f1 Rusiyedeki Vefqulade ve Toluvek\u00e2letli El\u00e7isi Vladimirom Yel\u00e7enko ile k\u00f6r\u00fc\u015fti.<\/p>\n\n\n\n<p>K\u00f6r\u00fc\u015f\u00fcvni\u00f1 ba\u015f mevzus\u0131 Q\u0131r\u0131mda meydan\u011fa kelgen inqirazdan \u00e7\u0131quv yollar\u0131n\u0131\u00f1 muzakeresi old\u0131.<\/p>\n\n\n\n<p>2014 senesi mart 11 k\u00fcn\u00fc aq\u015fam Ukraina halq deputat\u0131 Mustafa Cemilev Moskva\u011fa keldi. On\u0131\u00f1 i\u015f ziyareti \u00e7er\u00e7ivesinde Tatarstan Cumhuriyetini\u00f1 birinci prezidenti, Tatarstan devlet mesleat\u00e7\u0131s\u0131 Mintimer \u015eaymiyev ile k\u00f6r\u00fc\u015f\u00fcvi planla\u015ft\u0131r\u0131ld\u0131. Domodedovo ava liman\u0131nda Mustafa Cemilevni Tatarstan Cumhuriyetini\u00f1 Moskvadaki vek\u00e2letli temsilcisi i\u015flerini\u00f1 y\u00f6neticisi Rustem Emirhanov qar\u015f\u0131lap ald\u0131.<\/p>\n\n\n\n<p>Moskva\u011fa kelgeninen Mustafa Cemilev Ukrainan\u0131\u00f1 Rusiyedeki Vefqulade ve Toluvek\u00e2letli El\u00e7isi Vladimirom Yel\u00e7enko ile k\u00f6r\u00fc\u015fti. K\u00f6r\u00fc\u015f\u00fcvni\u00f1 ba\u015f mevzus\u0131 Q\u0131r\u0131mda meydan\u011fa kelgen inqirazdan \u00e7\u0131quv yollar\u0131n\u0131\u00f1 muzakeresi old\u0131.<\/p>\n\n\n\n<p>K\u00f6r\u00fc\u015f\u00fcv devam\u0131nda Vladimir Yel\u00e7enko Ukraina ve Rusiye Federatsiyas\u0131 aras\u0131nda eki devletni\u00f1 munasebetlerini ya\u00f1\u0131 seviyege k\u00f6terebilecek siyasiy dialogn\u0131 canland\u0131rmaq zarurl\u0131\u011f\u0131n\u0131 qayd etti.<br><br>\u0130\u015f ziyaretinde Mustafa Cemilevnen beraber on\u0131\u00f1 mesleat\u00e7\u0131s\u0131 6-nc\u0131 Qurultay delegat\u0131 Rustem \u00dcmerov bulunmaqta.<\/p>\n","protected":false},"excerpt":{"rendered":"<p>2014 senesi mart 11 k\u00fcn\u00fc Ukraina halq deputat\u0131 Mustafa Cemilev Moskva\u011fa kelip Ukrainan\u0131\u00f1 Rusiyedeki Vefqulade ve Toluvek\u00e2letli El\u00e7isi Vladimirom Yel\u00e7enko ile k\u00f6r\u00fc\u015fti. K\u00f6r\u00fc\u015f\u00fcvni\u00f1 ba\u015f mevzus\u0131 Q\u0131r\u0131mda meydan\u011fa kelgen inqirazdan \u00e7\u0131quv yollar\u0131n\u0131\u00f1 muzakeresi old\u0131. 2014 senesi mart 11 k\u00fcn\u00fc aq\u015fam Ukraina halq deputat\u0131 Mustafa Cemilev Moskva\u011fa keldi. On\u0131\u00f1 i\u015f ziyareti \u00e7er\u00e7ivesinde Tatarstan Cumhuriyetini\u00f1 birinci prezidenti, Tatarstan [&hellip;]<\/p>\n","protected":false},"author":1,"featured_media":0,"comment_status":"open","ping_status":"open","sticky":false,"template":"","format":"standard","meta":{"inline_featured_image":false,"footnotes":""},"categories":[265],"tags":[],"class_list":["post-43703","post","type-post","status-publish","format-standard","hentry","category-haberler"],"acf":[],"yoast_head":"<!-- This site is optimized with the Yoast SEO plugin v27.4 - https:\/\/yoast.com\/product\/yoast-seo-wordpress\/ -->\n<title>2014 senesi mart 11 k\u00fcn\u00fc aq\u015fam Ukraina halq deputat\u0131 Mustafa Cemilev Moskva\u011fa keldi - \u041c\u0435\u0434\u0436\u043b\u0456\u0441<\/title>\n<meta name=\"robots\" content=\"index, follow, max-snippet:-1, max-image-preview:large, max-video-preview:-1\" \/>\n<link rel=\"canonical\" href=\"https:\/\/qtmm.org\/qt\/2014-senesi-mart-11-kunu-aqsam-ukraina-halq-deputati-mustafa-cemilev-moskvaga-keldi\/\" \/>\n<meta property=\"og:locale\" content=\"en_US\" \/>\n<meta property=\"og:type\" content=\"article\" \/>\n<meta property=\"og:title\" content=\"2014 senesi mart 11 k\u00fcn\u00fc aq\u015fam Ukraina halq deputat\u0131 Mustafa Cemilev Moskva\u011fa keldi - \u041c\u0435\u0434\u0436\u043b\u0456\u0441\" \/>\n<meta property=\"og:description\" content=\"2014 senesi mart 11 k\u00fcn\u00fc Ukraina halq deputat\u0131 Mustafa Cemilev Moskva\u011fa kelip Ukrainan\u0131\u00f1 Rusiyedeki Vefqulade ve Toluvek\u00e2letli El\u00e7isi Vladimirom Yel\u00e7enko ile k\u00f6r\u00fc\u015fti. K\u00f6r\u00fc\u015f\u00fcvni\u00f1 ba\u015f mevzus\u0131 Q\u0131r\u0131mda meydan\u011fa kelgen inqirazdan \u00e7\u0131quv yollar\u0131n\u0131\u00f1 muzakeresi old\u0131. 2014 senesi mart 11 k\u00fcn\u00fc aq\u015fam Ukraina halq deputat\u0131 Mustafa Cemilev Moskva\u011fa keldi. On\u0131\u00f1 i\u015f ziyareti \u00e7er\u00e7ivesinde Tatarstan Cumhuriyetini\u00f1 birinci prezidenti, Tatarstan [&hellip;]\" \/>\n<meta property=\"og:url\" content=\"https:\/\/qtmm.org\/qt\/2014-senesi-mart-11-kunu-aqsam-ukraina-halq-deputati-mustafa-cemilev-moskvaga-keldi\/\" \/>\n<meta property=\"og:site_name\" content=\"\u041c\u0435\u0434\u0436\u043b\u0456\u0441\" \/>\n<meta property=\"article:publisher\" content=\"https:\/\/www.facebook.com\/qtmm.info\/\" \/>\n<meta property=\"article:published_time\" content=\"2014-03-11T16:36:00+00:00\" \/>\n<meta property=\"article:modified_time\" content=\"2022-01-27T16:37:20+00:00\" \/>\n<meta name=\"author\" content=\"Developer\" \/>\n<meta name=\"twitter:card\" content=\"summary_large_image\" \/>\n<meta name=\"twitter:label1\" content=\"Written by\" \/>\n\t<meta name=\"twitter:data1\" content=\"Developer\" \/>\n\t<meta name=\"twitter:label2\" content=\"Est. reading time\" \/>\n\t<meta name=\"twitter:data2\" content=\"1 minute\" \/>\n<script type=\"application\/ld+json\" class=\"yoast-schema-graph\">{\"@context\":\"https:\\\/\\\/schema.org\",\"@graph\":[{\"@type\":\"Article\",\"@id\":\"https:\\\/\\\/qtmm.org\\\/qt\\\/2014-senesi-mart-11-kunu-aqsam-ukraina-halq-deputati-mustafa-cemilev-moskvaga-keldi\\\/#article\",\"isPartOf\":{\"@id\":\"https:\\\/\\\/qtmm.org\\\/qt\\\/2014-senesi-mart-11-kunu-aqsam-ukraina-halq-deputati-mustafa-cemilev-moskvaga-keldi\\\/\"},\"author\":{\"name\":\"Developer\",\"@id\":\"https:\\\/\\\/qtmm.org\\\/qt\\\/#\\\/schema\\\/person\\\/de562469f971dec226ac06e60bbf74a7\"},\"headline\":\"2014 senesi mart 11 k\u00fcn\u00fc aq\u015fam Ukraina halq deputat\u0131 Mustafa Cemilev Moskva\u011fa keldi\",\"datePublished\":\"2014-03-11T16:36:00+00:00\",\"dateModified\":\"2022-01-27T16:37:20+00:00\",\"mainEntityOfPage\":{\"@id\":\"https:\\\/\\\/qtmm.org\\\/qt\\\/2014-senesi-mart-11-kunu-aqsam-ukraina-halq-deputati-mustafa-cemilev-moskvaga-keldi\\\/\"},\"wordCount\":195,\"commentCount\":0,\"publisher\":{\"@id\":\"https:\\\/\\\/qtmm.org\\\/qt\\\/#organization\"},\"articleSection\":[\"Haberler\"],\"inLanguage\":\"qt\",\"potentialAction\":[{\"@type\":\"CommentAction\",\"name\":\"Comment\",\"target\":[\"https:\\\/\\\/qtmm.org\\\/qt\\\/2014-senesi-mart-11-kunu-aqsam-ukraina-halq-deputati-mustafa-cemilev-moskvaga-keldi\\\/#respond\"]}]},{\"@type\":\"WebPage\",\"@id\":\"https:\\\/\\\/qtmm.org\\\/qt\\\/2014-senesi-mart-11-kunu-aqsam-ukraina-halq-deputati-mustafa-cemilev-moskvaga-keldi\\\/\",\"url\":\"https:\\\/\\\/qtmm.org\\\/qt\\\/2014-senesi-mart-11-kunu-aqsam-ukraina-halq-deputati-mustafa-cemilev-moskvaga-keldi\\\/\",\"name\":\"2014 senesi mart 11 k\u00fcn\u00fc aq\u015fam Ukraina halq deputat\u0131 Mustafa Cemilev Moskva\u011fa keldi - \u041c\u0435\u0434\u0436\u043b\u0456\u0441\",\"isPartOf\":{\"@id\":\"https:\\\/\\\/qtmm.org\\\/qt\\\/#website\"},\"datePublished\":\"2014-03-11T16:36:00+00:00\",\"dateModified\":\"2022-01-27T16:37:20+00:00\",\"breadcrumb\":{\"@id\":\"https:\\\/\\\/qtmm.org\\\/qt\\\/2014-senesi-mart-11-kunu-aqsam-ukraina-halq-deputati-mustafa-cemilev-moskvaga-keldi\\\/#breadcrumb\"},\"inLanguage\":\"qt\",\"potentialAction\":[{\"@type\":\"ReadAction\",\"target\":[\"https:\\\/\\\/qtmm.org\\\/qt\\\/2014-senesi-mart-11-kunu-aqsam-ukraina-halq-deputati-mustafa-cemilev-moskvaga-keldi\\\/\"]}]},{\"@type\":\"BreadcrumbList\",\"@id\":\"https:\\\/\\\/qtmm.org\\\/qt\\\/2014-senesi-mart-11-kunu-aqsam-ukraina-halq-deputati-mustafa-cemilev-moskvaga-keldi\\\/#breadcrumb\",\"itemListElement\":[{\"@type\":\"ListItem\",\"position\":1,\"name\":\"\u0413\u043e\u043b\u043e\u0432\u043d\u0430\",\"item\":\"https:\\\/\\\/qtmm.org\\\/qt\\\/\"},{\"@type\":\"ListItem\",\"position\":2,\"name\":\"2014 senesi mart 11 k\u00fcn\u00fc aq\u015fam Ukraina halq deputat\u0131 Mustafa Cemilev Moskva\u011fa keldi\"}]},{\"@type\":\"WebSite\",\"@id\":\"https:\\\/\\\/qtmm.org\\\/qt\\\/#website\",\"url\":\"https:\\\/\\\/qtmm.org\\\/qt\\\/\",\"name\":\"\u041c\u0435\u0434\u0436\u043b\u0456\u0441\",\"description\":\"\",\"publisher\":{\"@id\":\"https:\\\/\\\/qtmm.org\\\/qt\\\/#organization\"},\"potentialAction\":[{\"@type\":\"SearchAction\",\"target\":{\"@type\":\"EntryPoint\",\"urlTemplate\":\"https:\\\/\\\/qtmm.org\\\/qt\\\/?s={search_term_string}\"},\"query-input\":{\"@type\":\"PropertyValueSpecification\",\"valueRequired\":true,\"valueName\":\"search_term_string\"}}],\"inLanguage\":\"qt\"},{\"@type\":\"Organization\",\"@id\":\"https:\\\/\\\/qtmm.org\\\/qt\\\/#organization\",\"name\":\"\u041c\u0435\u0434\u0436\u043b\u0456\u0441\",\"url\":\"https:\\\/\\\/qtmm.org\\\/qt\\\/\",\"logo\":{\"@type\":\"ImageObject\",\"inLanguage\":\"qt\",\"@id\":\"https:\\\/\\\/qtmm.org\\\/qt\\\/#\\\/schema\\\/logo\\\/image\\\/\",\"url\":\"https:\\\/\\\/qtmm.org\\\/wp-content\\\/uploads\\\/2024\\\/12\\\/ua-mejlis-logo-rgb.svg\",\"contentUrl\":\"https:\\\/\\\/qtmm.org\\\/wp-content\\\/uploads\\\/2024\\\/12\\\/ua-mejlis-logo-rgb.svg\",\"caption\":\"\u041c\u0435\u0434\u0436\u043b\u0456\u0441\"},\"image\":{\"@id\":\"https:\\\/\\\/qtmm.org\\\/qt\\\/#\\\/schema\\\/logo\\\/image\\\/\"},\"sameAs\":[\"https:\\\/\\\/www.facebook.com\\\/qtmm.info\\\/\"]},{\"@type\":\"Person\",\"@id\":\"https:\\\/\\\/qtmm.org\\\/qt\\\/#\\\/schema\\\/person\\\/de562469f971dec226ac06e60bbf74a7\",\"name\":\"Developer\",\"image\":{\"@type\":\"ImageObject\",\"inLanguage\":\"qt\",\"@id\":\"https:\\\/\\\/secure.gravatar.com\\\/avatar\\\/392b4cc8fbfeb00b39dfeeab4ee6edded39ffd48e25858637e4765810300227e?s=96&d=mm&r=g\",\"url\":\"https:\\\/\\\/secure.gravatar.com\\\/avatar\\\/392b4cc8fbfeb00b39dfeeab4ee6edded39ffd48e25858637e4765810300227e?s=96&d=mm&r=g\",\"contentUrl\":\"https:\\\/\\\/secure.gravatar.com\\\/avatar\\\/392b4cc8fbfeb00b39dfeeab4ee6edded39ffd48e25858637e4765810300227e?s=96&d=mm&r=g\",\"caption\":\"Developer\"},\"url\":\"https:\\\/\\\/qtmm.org\\\/qt\\\/author\\\/Developer\\\/\"}]}<\/script>\n<!-- \/ Yoast SEO plugin. -->","yoast_head_json":{"title":"2014 senesi mart 11 k\u00fcn\u00fc aq\u015fam Ukraina halq deputat\u0131 Mustafa Cemilev Moskva\u011fa keldi - \u041c\u0435\u0434\u0436\u043b\u0456\u0441","robots":{"index":"index","follow":"follow","max-snippet":"max-snippet:-1","max-image-preview":"max-image-preview:large","max-video-preview":"max-video-preview:-1"},"canonical":"https:\/\/qtmm.org\/qt\/2014-senesi-mart-11-kunu-aqsam-ukraina-halq-deputati-mustafa-cemilev-moskvaga-keldi\/","og_locale":"en_US","og_type":"article","og_title":"2014 senesi mart 11 k\u00fcn\u00fc aq\u015fam Ukraina halq deputat\u0131 Mustafa Cemilev Moskva\u011fa keldi - \u041c\u0435\u0434\u0436\u043b\u0456\u0441","og_description":"2014 senesi mart 11 k\u00fcn\u00fc Ukraina halq deputat\u0131 Mustafa Cemilev Moskva\u011fa kelip Ukrainan\u0131\u00f1 Rusiyedeki Vefqulade ve Toluvek\u00e2letli El\u00e7isi Vladimirom Yel\u00e7enko ile k\u00f6r\u00fc\u015fti. K\u00f6r\u00fc\u015f\u00fcvni\u00f1 ba\u015f mevzus\u0131 Q\u0131r\u0131mda meydan\u011fa kelgen inqirazdan \u00e7\u0131quv yollar\u0131n\u0131\u00f1 muzakeresi old\u0131. 2014 senesi mart 11 k\u00fcn\u00fc aq\u015fam Ukraina halq deputat\u0131 Mustafa Cemilev Moskva\u011fa keldi. On\u0131\u00f1 i\u015f ziyareti \u00e7er\u00e7ivesinde Tatarstan Cumhuriyetini\u00f1 birinci prezidenti, Tatarstan [&hellip;]","og_url":"https:\/\/qtmm.org\/qt\/2014-senesi-mart-11-kunu-aqsam-ukraina-halq-deputati-mustafa-cemilev-moskvaga-keldi\/","og_site_name":"\u041c\u0435\u0434\u0436\u043b\u0456\u0441","article_publisher":"https:\/\/www.facebook.com\/qtmm.info\/","article_published_time":"2014-03-11T16:36:00+00:00","article_modified_time":"2022-01-27T16:37:20+00:00","author":"Developer","twitter_card":"summary_large_image","twitter_misc":{"Written by":"Developer","Est. reading time":"1 minute"},"schema":{"@context":"https:\/\/schema.org","@graph":[{"@type":"Article","@id":"https:\/\/qtmm.org\/qt\/2014-senesi-mart-11-kunu-aqsam-ukraina-halq-deputati-mustafa-cemilev-moskvaga-keldi\/#article","isPartOf":{"@id":"https:\/\/qtmm.org\/qt\/2014-senesi-mart-11-kunu-aqsam-ukraina-halq-deputati-mustafa-cemilev-moskvaga-keldi\/"},"author":{"name":"Developer","@id":"https:\/\/qtmm.org\/qt\/#\/schema\/person\/de562469f971dec226ac06e60bbf74a7"},"headline":"2014 senesi mart 11 k\u00fcn\u00fc aq\u015fam Ukraina halq deputat\u0131 Mustafa Cemilev Moskva\u011fa keldi","datePublished":"2014-03-11T16:36:00+00:00","dateModified":"2022-01-27T16:37:20+00:00","mainEntityOfPage":{"@id":"https:\/\/qtmm.org\/qt\/2014-senesi-mart-11-kunu-aqsam-ukraina-halq-deputati-mustafa-cemilev-moskvaga-keldi\/"},"wordCount":195,"commentCount":0,"publisher":{"@id":"https:\/\/qtmm.org\/qt\/#organization"},"articleSection":["Haberler"],"inLanguage":"qt","potentialAction":[{"@type":"CommentAction","name":"Comment","target":["https:\/\/qtmm.org\/qt\/2014-senesi-mart-11-kunu-aqsam-ukraina-halq-deputati-mustafa-cemilev-moskvaga-keldi\/#respond"]}]},{"@type":"WebPage","@id":"https:\/\/qtmm.org\/qt\/2014-senesi-mart-11-kunu-aqsam-ukraina-halq-deputati-mustafa-cemilev-moskvaga-keldi\/","url":"https:\/\/qtmm.org\/qt\/2014-senesi-mart-11-kunu-aqsam-ukraina-halq-deputati-mustafa-cemilev-moskvaga-keldi\/","name":"2014 senesi mart 11 k\u00fcn\u00fc aq\u015fam Ukraina halq deputat\u0131 Mustafa Cemilev Moskva\u011fa keldi - \u041c\u0435\u0434\u0436\u043b\u0456\u0441","isPartOf":{"@id":"https:\/\/qtmm.org\/qt\/#website"},"datePublished":"2014-03-11T16:36:00+00:00","dateModified":"2022-01-27T16:37:20+00:00","breadcrumb":{"@id":"https:\/\/qtmm.org\/qt\/2014-senesi-mart-11-kunu-aqsam-ukraina-halq-deputati-mustafa-cemilev-moskvaga-keldi\/#breadcrumb"},"inLanguage":"qt","potentialAction":[{"@type":"ReadAction","target":["https:\/\/qtmm.org\/qt\/2014-senesi-mart-11-kunu-aqsam-ukraina-halq-deputati-mustafa-cemilev-moskvaga-keldi\/"]}]},{"@type":"BreadcrumbList","@id":"https:\/\/qtmm.org\/qt\/2014-senesi-mart-11-kunu-aqsam-ukraina-halq-deputati-mustafa-cemilev-moskvaga-keldi\/#breadcrumb","itemListElement":[{"@type":"ListItem","position":1,"name":"\u0413\u043e\u043b\u043e\u0432\u043d\u0430","item":"https:\/\/qtmm.org\/qt\/"},{"@type":"ListItem","position":2,"name":"2014 senesi mart 11 k\u00fcn\u00fc aq\u015fam Ukraina halq deputat\u0131 Mustafa Cemilev Moskva\u011fa keldi"}]},{"@type":"WebSite","@id":"https:\/\/qtmm.org\/qt\/#website","url":"https:\/\/qtmm.org\/qt\/","name":"\u041c\u0435\u0434\u0436\u043b\u0456\u0441","description":"","publisher":{"@id":"https:\/\/qtmm.org\/qt\/#organization"},"potentialAction":[{"@type":"SearchAction","target":{"@type":"EntryPoint","urlTemplate":"https:\/\/qtmm.org\/qt\/?s={search_term_string}"},"query-input":{"@type":"PropertyValueSpecification","valueRequired":true,"valueName":"search_term_string"}}],"inLanguage":"qt"},{"@type":"Organization","@id":"https:\/\/qtmm.org\/qt\/#organization","name":"\u041c\u0435\u0434\u0436\u043b\u0456\u0441","url":"https:\/\/qtmm.org\/qt\/","logo":{"@type":"ImageObject","inLanguage":"qt","@id":"https:\/\/qtmm.org\/qt\/#\/schema\/logo\/image\/","url":"https:\/\/qtmm.org\/wp-content\/uploads\/2024\/12\/ua-mejlis-logo-rgb.svg","contentUrl":"https:\/\/qtmm.org\/wp-content\/uploads\/2024\/12\/ua-mejlis-logo-rgb.svg","caption":"\u041c\u0435\u0434\u0436\u043b\u0456\u0441"},"image":{"@id":"https:\/\/qtmm.org\/qt\/#\/schema\/logo\/image\/"},"sameAs":["https:\/\/www.facebook.com\/qtmm.info\/"]},{"@type":"Person","@id":"https:\/\/qtmm.org\/qt\/#\/schema\/person\/de562469f971dec226ac06e60bbf74a7","name":"Developer","image":{"@type":"ImageObject","inLanguage":"qt","@id":"https:\/\/secure.gravatar.com\/avatar\/392b4cc8fbfeb00b39dfeeab4ee6edded39ffd48e25858637e4765810300227e?s=96&d=mm&r=g","url":"https:\/\/secure.gravatar.com\/avatar\/392b4cc8fbfeb00b39dfeeab4ee6edded39ffd48e25858637e4765810300227e?s=96&d=mm&r=g","contentUrl":"https:\/\/secure.gravatar.com\/avatar\/392b4cc8fbfeb00b39dfeeab4ee6edded39ffd48e25858637e4765810300227e?s=96&d=mm&r=g","caption":"Developer"},"url":"https:\/\/qtmm.org\/qt\/author\/Developer\/"}]}},"_links":{"self":[{"href":"https:\/\/qtmm.org\/qt\/wp-json\/wp\/v2\/posts\/43703","targetHints":{"allow":["GET"]}}],"collection":[{"href":"https:\/\/qtmm.org\/qt\/wp-json\/wp\/v2\/posts"}],"about":[{"href":"https:\/\/qtmm.org\/qt\/wp-json\/wp\/v2\/types\/post"}],"author":[{"embeddable":true,"href":"https:\/\/qtmm.org\/qt\/wp-json\/wp\/v2\/users\/1"}],"replies":[{"embeddable":true,"href":"https:\/\/qtmm.org\/qt\/wp-json\/wp\/v2\/comments?post=43703"}],"version-history":[{"count":1,"href":"https:\/\/qtmm.org\/qt\/wp-json\/wp\/v2\/posts\/43703\/revisions"}],"predecessor-version":[{"id":43704,"href":"https:\/\/qtmm.org\/qt\/wp-json\/wp\/v2\/posts\/43703\/revisions\/43704"}],"wp:attachment":[{"href":"https:\/\/qtmm.org\/qt\/wp-json\/wp\/v2\/media?parent=43703"}],"wp:term":[{"taxonomy":"category","embeddable":true,"href":"https:\/\/qtmm.org\/qt\/wp-json\/wp\/v2\/categories?post=43703"},{"taxonomy":"post_tag","embeddable":true,"href":"https:\/\/qtmm.org\/qt\/wp-json\/wp\/v2\/tags?post=43703"}],"curies":[{"name":"wp","href":"https:\/\/api.w.org\/{rel}","templated":true}]}}