




{"id":43701,"date":"2014-03-11T19:36:00","date_gmt":"2014-03-11T16:36:00","guid":{"rendered":"http:\/\/qtmm.org\/?p=43701"},"modified":"2022-01-27T19:36:37","modified_gmt":"2022-01-27T16:36:37","slug":"qirim-yuqari-surasi-2014-senesi-mart-11-kunu-qabul-etken-vesiqalarga-qirimtatar-halqi-meclisinin-reisi-refat-cubarovnin-izaatlari","status":"publish","type":"post","link":"https:\/\/qtmm.org\/qt\/qirim-yuqari-surasi-2014-senesi-mart-11-kunu-qabul-etken-vesiqalarga-qirimtatar-halqi-meclisinin-reisi-refat-cubarovnin-izaatlari\/","title":{"rendered":"Q\u0131r\u0131m Yuqar\u0131 \u015euras\u0131 2014 senesi mart 11 k\u00fcn\u00fc qabul etken vesiqalar\u011fa Q\u0131r\u0131mtatar halq\u0131 Meclisini\u00f1 reisi Refat \u00c7ubarovn\u0131\u00f1 izaatlar\u0131"},"content":{"rendered":"\n<p>Q\u0131r\u0131mtatar halq\u0131 Meclisini\u00f1 reisi Refat \u00c7ubarov: &#8220;Q\u0131r\u0131m Yuqar\u0131 \u015euras\u0131n\u0131\u00f1 &#8220;Q\u0131r\u0131m Muhtar Cumhuriyeti ve Aqyar \u015feerini\u00f1 mustaqilligi aqq\u0131nda deklaratsiyas\u0131&#8221; serleval\u0131 vesiqas\u0131na menfiy q\u0131ymet kesem. Q\u0131r\u0131m ve Q\u0131r\u0131m etraf\u0131ndaki inqiraz \u00e7ezilmengence bu kibi qararlarn\u0131\u00f1 qabul etilmesi bu vaziyetten \u00e7\u0131qmaq yollar\u0131n\u0131 ara\u015ft\u0131r\u011fan taraflarn\u0131\u00f1 al\u0131n\u0131 daa da m\u00fcrekkeple\u015ftire, dep sayam.<br><br>Bu aqta Q\u0131r\u0131mtatar halq\u0131 Meclisini\u00f1 reisi Refat \u00c7ubarov Q\u0131r\u0131m Yuqar\u0131 \u015euras\u0131 mart 11 k\u00fcn\u00fc qapal\u0131 topla\u015fuvda qabul etilgen vesiqalar\u011fa izaat berirken s\u00f6yledi.<\/p>\n\n\n\n<p>Q\u0131r\u0131m Yuqar\u0131 \u015euras\u0131n\u0131\u00f1 &#8220;Q\u0131r\u0131mtatar halq\u0131 aqlar\u0131 \u011fayr\u0131dan tiklenmesini\u00f1 kefillikleri ve on\u0131\u00f1 Q\u0131r\u0131m cemiyetine integratsiyas\u0131 aqq\u0131nda&#8221;ki qarar\u0131 husus\u0131nda fikirini bildirirken, Refat \u00c7ubarov mezk\u00fcr vesiqa \u00e7oq y\u0131llar devam\u0131nda q\u0131r\u0131mtatar halq\u0131 taraf\u0131ndan seslendirilgen tekliflerni m\u00fccessemle\u015ftirgen, dep saya. &#8220;Bu vesiqa\u011fa biz meslekde\u015flerimizge (Ukraina ve Q\u0131r\u0131m Yuqar\u0131 \u015euralar\u0131n\u0131\u00f1 deputatlar\u0131na) \u00e7e\u015fit \u015fekillerde muzakere etmege teklif ettigimiz meseleler kirsetilgen. Bu, Q\u0131r\u0131m cemiyetine ve Q\u0131r\u0131mn\u0131 idare etmege dair, Q\u0131r\u0131mn\u0131 a\u011f\u0131r aqibetlerge ketirebilecek areketlerden qor\u00e7alaybilecek printsipial meselelerdir&#8221;, &#8211; dep qayd etti Meclis reisi Q\u0131r\u0131m Yuqar\u0131 \u015euras\u0131 mart 11 k\u00fcn\u00fc qapal\u0131 topla\u015fuvda qabul etilgen vesiqalar\u011fa izaat berirken.<br><br>Refat \u00c7ubarov bun\u0131\u00f1 kibi de qayd etti ki, Meclis Q\u0131r\u0131m cemiyetini\u00f1 terkibiy q\u0131sm\u0131 ol\u011fan q\u0131r\u0131mtatar halq\u0131 aqlar\u0131n\u0131\u00f1 \u011fayr\u0131dan tiklenmesi o\u011frunda tekliflerni daima seslendirip keldi.<\/p>\n\n\n\n<p>&#8220;Teess\u00fcf ki, meslekde\u015flerimiz bizni e\u015fitmediler ve fevral 26 k\u00fcn\u00fc sessiya ke\u00e7irmege t\u0131r\u0131\u015ft\u0131lar, amma naraz\u0131l\u0131q mitingi sebebinden sessiya olmad\u0131. Amma fevral 27 k\u00fcn\u00fc sessiya ol\u0131p ke\u00e7ti ve deputatlar biz aqibetlerini k\u00f6rdigimiz qararlarn\u0131 ald\u0131lar&#8221;.<br><br>R. \u00c7ubarovn\u0131\u00f1 fikrince Q\u0131r\u0131m deputatlar\u0131 m\u00fcrekkep bir vaziyette bulunaraq &#8220;Q\u0131r\u0131mtatar halq\u0131 aqlar\u0131 \u011fayr\u0131dan tiklenmesini\u00f1 kefillikleri ve on\u0131\u00f1 Q\u0131r\u0131m cemiyetine integratsiyas\u0131 aqq\u0131nda&#8221;ki qarar\u0131n\u0131 al\u011fanlar\u0131 Q\u0131r\u0131m parlamenti bug\u00fcn art\u0131q q\u0131r\u0131mtatar halq\u0131 aqlar\u0131n\u0131\u00f1 \u011fayr\u0131dan tiklenilmesini\u00f1 zarurl\u0131\u011f\u0131n\u0131 a\u00f1la\u011fanlar\u0131n\u0131 k\u00f6sterdi.<\/p>\n\n\n\n<p>&#8220;Q\u0131r\u0131m ve Q\u0131r\u0131m etraf\u0131ndaki inqiraz i\u00e7inde bulun\u011fan taraflar i\u00e7\u00fcn sadece bir signald\u0131r, &#8211; devam etti \u00c7ubarov. \u2013 Bu signaln\u0131 epsi taraflar \u2013 Kiyev, Moskva, Va\u015fington, Br\u00fcssel ve diger halqara te\u015fkil\u00e2tlar e\u015fitmeliler. \u00dcm\u00fct etem ki, b\u00f6yle signallar esas\u0131nda biz Q\u0131r\u0131m cemiyetini qasevetlendirgen meselelerni\u00f1 \u00e7ezimini ve e\u00f1 evel\u00e2 sil\u00e2l\u0131 askerlerni\u00f1 keri qaytar\u0131lmas\u0131n\u0131 ba\u015flarm\u0131z&#8221;<\/p>\n\n\n\n<p>Ayn\u0131 zamanda Meclis reisi \u015fun\u0131 da qayd etti ki, bu signal nas\u0131ld\u0131r bir a\u00f1la\u015fmalarn\u0131\u00f1 mevzus\u0131 olamaz.<br><br>&#8220;Referendum&#8221; meselesi boyunca pozitsiyam\u0131zn\u0131 kesinlikle belgiledik. Biz &#8220;referendum&#8221; ke\u00e7irilmesine qar\u015f\u0131m\u0131z, on\u0131 boykot yapam\u0131z ve Q\u0131r\u0131m sakinlerine b\u00f6yle &#8220;referendum&#8221; ke\u00e7irilmesini\u00f1 aqibetlerini a\u00f1latma\u011fa t\u0131r\u0131\u015fam\u0131z, &#8211; dedi R. \u00c7ubarov. \u2013 Tabiiy ki, biz Q\u0131r\u0131m \u00fck\u00fcmetini \u015fekillendir\u00fcvde de i\u015ftirak etmeymiz, \u00e7\u00fcnki o mevcut qanunlar\u011fa z\u0131t \u015fekilde meydan\u011fa ketirildi. B\u00f6yleliknen, biz e\u00f1 yaq\u0131n zamanda Q\u0131r\u0131mda inqiraz \u00e7ezimini\u00f1 a\u00e7\u0131q yollar\u0131 halqara cemiyet azalar\u0131 taraf\u0131ndan tap\u0131lmas\u0131 kerek, dep sayam\u0131z&#8221;<\/p>\n","protected":false},"excerpt":{"rendered":"<p>Q\u0131r\u0131mtatar halq\u0131 Meclisini\u00f1 reisi Refat \u00c7ubarov: &#8220;Q\u0131r\u0131m Yuqar\u0131 \u015euras\u0131n\u0131\u00f1 &#8220;Q\u0131r\u0131m Muhtar Cumhuriyeti ve Aqyar \u015feerini\u00f1 mustaqilligi aqq\u0131nda deklaratsiyas\u0131&#8221; serleval\u0131 vesiqas\u0131na menfiy q\u0131ymet kesem. Q\u0131r\u0131m ve Q\u0131r\u0131m etraf\u0131ndaki inqiraz \u00e7ezilmengence bu kibi qararlarn\u0131\u00f1 qabul etilmesi bu vaziyetten \u00e7\u0131qmaq yollar\u0131n\u0131 ara\u015ft\u0131r\u011fan taraflarn\u0131\u00f1 al\u0131n\u0131 daa da m\u00fcrekkeple\u015ftire, dep sayam. Bu aqta Q\u0131r\u0131mtatar halq\u0131 Meclisini\u00f1 reisi Refat \u00c7ubarov Q\u0131r\u0131m [&hellip;]<\/p>\n","protected":false},"author":1,"featured_media":0,"comment_status":"open","ping_status":"open","sticky":false,"template":"","format":"standard","meta":{"inline_featured_image":false,"footnotes":""},"categories":[265],"tags":[],"class_list":["post-43701","post","type-post","status-publish","format-standard","hentry","category-haberler"],"acf":[],"yoast_head":"<!-- This site is optimized with the Yoast SEO plugin v27.4 - https:\/\/yoast.com\/product\/yoast-seo-wordpress\/ -->\n<title>Q\u0131r\u0131m Yuqar\u0131 \u015euras\u0131 2014 senesi mart 11 k\u00fcn\u00fc qabul etken vesiqalar\u011fa Q\u0131r\u0131mtatar halq\u0131 Meclisini\u00f1 reisi Refat \u00c7ubarovn\u0131\u00f1 izaatlar\u0131 - \u041c\u0435\u0434\u0436\u043b\u0456\u0441<\/title>\n<meta name=\"robots\" content=\"index, follow, max-snippet:-1, max-image-preview:large, max-video-preview:-1\" \/>\n<link rel=\"canonical\" href=\"https:\/\/qtmm.org\/qt\/qirim-yuqari-surasi-2014-senesi-mart-11-kunu-qabul-etken-vesiqalarga-qirimtatar-halqi-meclisinin-reisi-refat-cubarovnin-izaatlari\/\" \/>\n<meta property=\"og:locale\" content=\"en_US\" \/>\n<meta property=\"og:type\" content=\"article\" \/>\n<meta property=\"og:title\" content=\"Q\u0131r\u0131m Yuqar\u0131 \u015euras\u0131 2014 senesi mart 11 k\u00fcn\u00fc qabul etken vesiqalar\u011fa Q\u0131r\u0131mtatar halq\u0131 Meclisini\u00f1 reisi Refat \u00c7ubarovn\u0131\u00f1 izaatlar\u0131 - \u041c\u0435\u0434\u0436\u043b\u0456\u0441\" \/>\n<meta property=\"og:description\" content=\"Q\u0131r\u0131mtatar halq\u0131 Meclisini\u00f1 reisi Refat \u00c7ubarov: &#8220;Q\u0131r\u0131m Yuqar\u0131 \u015euras\u0131n\u0131\u00f1 &#8220;Q\u0131r\u0131m Muhtar Cumhuriyeti ve Aqyar \u015feerini\u00f1 mustaqilligi aqq\u0131nda deklaratsiyas\u0131&#8221; serleval\u0131 vesiqas\u0131na menfiy q\u0131ymet kesem. Q\u0131r\u0131m ve Q\u0131r\u0131m etraf\u0131ndaki inqiraz \u00e7ezilmengence bu kibi qararlarn\u0131\u00f1 qabul etilmesi bu vaziyetten \u00e7\u0131qmaq yollar\u0131n\u0131 ara\u015ft\u0131r\u011fan taraflarn\u0131\u00f1 al\u0131n\u0131 daa da m\u00fcrekkeple\u015ftire, dep sayam. Bu aqta Q\u0131r\u0131mtatar halq\u0131 Meclisini\u00f1 reisi Refat \u00c7ubarov Q\u0131r\u0131m [&hellip;]\" \/>\n<meta property=\"og:url\" content=\"https:\/\/qtmm.org\/qt\/qirim-yuqari-surasi-2014-senesi-mart-11-kunu-qabul-etken-vesiqalarga-qirimtatar-halqi-meclisinin-reisi-refat-cubarovnin-izaatlari\/\" \/>\n<meta property=\"og:site_name\" content=\"\u041c\u0435\u0434\u0436\u043b\u0456\u0441\" \/>\n<meta property=\"article:publisher\" content=\"https:\/\/www.facebook.com\/qtmm.info\/\" \/>\n<meta property=\"article:published_time\" content=\"2014-03-11T16:36:00+00:00\" \/>\n<meta property=\"article:modified_time\" content=\"2022-01-27T16:36:37+00:00\" \/>\n<meta name=\"author\" content=\"Developer\" \/>\n<meta name=\"twitter:card\" content=\"summary_large_image\" \/>\n<meta name=\"twitter:label1\" content=\"Written by\" \/>\n\t<meta name=\"twitter:data1\" content=\"Developer\" \/>\n\t<meta name=\"twitter:label2\" content=\"Est. reading time\" \/>\n\t<meta name=\"twitter:data2\" content=\"3 minutes\" \/>\n<script type=\"application\/ld+json\" class=\"yoast-schema-graph\">{\"@context\":\"https:\\\/\\\/schema.org\",\"@graph\":[{\"@type\":\"Article\",\"@id\":\"https:\\\/\\\/qtmm.org\\\/qt\\\/qirim-yuqari-surasi-2014-senesi-mart-11-kunu-qabul-etken-vesiqalarga-qirimtatar-halqi-meclisinin-reisi-refat-cubarovnin-izaatlari\\\/#article\",\"isPartOf\":{\"@id\":\"https:\\\/\\\/qtmm.org\\\/qt\\\/qirim-yuqari-surasi-2014-senesi-mart-11-kunu-qabul-etken-vesiqalarga-qirimtatar-halqi-meclisinin-reisi-refat-cubarovnin-izaatlari\\\/\"},\"author\":{\"name\":\"Developer\",\"@id\":\"https:\\\/\\\/qtmm.org\\\/qt\\\/#\\\/schema\\\/person\\\/de562469f971dec226ac06e60bbf74a7\"},\"headline\":\"Q\u0131r\u0131m Yuqar\u0131 \u015euras\u0131 2014 senesi mart 11 k\u00fcn\u00fc qabul etken vesiqalar\u011fa Q\u0131r\u0131mtatar halq\u0131 Meclisini\u00f1 reisi Refat \u00c7ubarovn\u0131\u00f1 izaatlar\u0131\",\"datePublished\":\"2014-03-11T16:36:00+00:00\",\"dateModified\":\"2022-01-27T16:36:37+00:00\",\"mainEntityOfPage\":{\"@id\":\"https:\\\/\\\/qtmm.org\\\/qt\\\/qirim-yuqari-surasi-2014-senesi-mart-11-kunu-qabul-etken-vesiqalarga-qirimtatar-halqi-meclisinin-reisi-refat-cubarovnin-izaatlari\\\/\"},\"wordCount\":566,\"commentCount\":0,\"publisher\":{\"@id\":\"https:\\\/\\\/qtmm.org\\\/qt\\\/#organization\"},\"articleSection\":[\"Haberler\"],\"inLanguage\":\"qt\",\"potentialAction\":[{\"@type\":\"CommentAction\",\"name\":\"Comment\",\"target\":[\"https:\\\/\\\/qtmm.org\\\/qt\\\/qirim-yuqari-surasi-2014-senesi-mart-11-kunu-qabul-etken-vesiqalarga-qirimtatar-halqi-meclisinin-reisi-refat-cubarovnin-izaatlari\\\/#respond\"]}]},{\"@type\":\"WebPage\",\"@id\":\"https:\\\/\\\/qtmm.org\\\/qt\\\/qirim-yuqari-surasi-2014-senesi-mart-11-kunu-qabul-etken-vesiqalarga-qirimtatar-halqi-meclisinin-reisi-refat-cubarovnin-izaatlari\\\/\",\"url\":\"https:\\\/\\\/qtmm.org\\\/qt\\\/qirim-yuqari-surasi-2014-senesi-mart-11-kunu-qabul-etken-vesiqalarga-qirimtatar-halqi-meclisinin-reisi-refat-cubarovnin-izaatlari\\\/\",\"name\":\"Q\u0131r\u0131m Yuqar\u0131 \u015euras\u0131 2014 senesi mart 11 k\u00fcn\u00fc qabul etken vesiqalar\u011fa Q\u0131r\u0131mtatar halq\u0131 Meclisini\u00f1 reisi Refat \u00c7ubarovn\u0131\u00f1 izaatlar\u0131 - \u041c\u0435\u0434\u0436\u043b\u0456\u0441\",\"isPartOf\":{\"@id\":\"https:\\\/\\\/qtmm.org\\\/qt\\\/#website\"},\"datePublished\":\"2014-03-11T16:36:00+00:00\",\"dateModified\":\"2022-01-27T16:36:37+00:00\",\"breadcrumb\":{\"@id\":\"https:\\\/\\\/qtmm.org\\\/qt\\\/qirim-yuqari-surasi-2014-senesi-mart-11-kunu-qabul-etken-vesiqalarga-qirimtatar-halqi-meclisinin-reisi-refat-cubarovnin-izaatlari\\\/#breadcrumb\"},\"inLanguage\":\"qt\",\"potentialAction\":[{\"@type\":\"ReadAction\",\"target\":[\"https:\\\/\\\/qtmm.org\\\/qt\\\/qirim-yuqari-surasi-2014-senesi-mart-11-kunu-qabul-etken-vesiqalarga-qirimtatar-halqi-meclisinin-reisi-refat-cubarovnin-izaatlari\\\/\"]}]},{\"@type\":\"BreadcrumbList\",\"@id\":\"https:\\\/\\\/qtmm.org\\\/qt\\\/qirim-yuqari-surasi-2014-senesi-mart-11-kunu-qabul-etken-vesiqalarga-qirimtatar-halqi-meclisinin-reisi-refat-cubarovnin-izaatlari\\\/#breadcrumb\",\"itemListElement\":[{\"@type\":\"ListItem\",\"position\":1,\"name\":\"\u0413\u043e\u043b\u043e\u0432\u043d\u0430\",\"item\":\"https:\\\/\\\/qtmm.org\\\/qt\\\/\"},{\"@type\":\"ListItem\",\"position\":2,\"name\":\"Q\u0131r\u0131m Yuqar\u0131 \u015euras\u0131 2014 senesi mart 11 k\u00fcn\u00fc qabul etken vesiqalar\u011fa Q\u0131r\u0131mtatar halq\u0131 Meclisini\u00f1 reisi Refat \u00c7ubarovn\u0131\u00f1 izaatlar\u0131\"}]},{\"@type\":\"WebSite\",\"@id\":\"https:\\\/\\\/qtmm.org\\\/qt\\\/#website\",\"url\":\"https:\\\/\\\/qtmm.org\\\/qt\\\/\",\"name\":\"\u041c\u0435\u0434\u0436\u043b\u0456\u0441\",\"description\":\"\",\"publisher\":{\"@id\":\"https:\\\/\\\/qtmm.org\\\/qt\\\/#organization\"},\"potentialAction\":[{\"@type\":\"SearchAction\",\"target\":{\"@type\":\"EntryPoint\",\"urlTemplate\":\"https:\\\/\\\/qtmm.org\\\/qt\\\/?s={search_term_string}\"},\"query-input\":{\"@type\":\"PropertyValueSpecification\",\"valueRequired\":true,\"valueName\":\"search_term_string\"}}],\"inLanguage\":\"qt\"},{\"@type\":\"Organization\",\"@id\":\"https:\\\/\\\/qtmm.org\\\/qt\\\/#organization\",\"name\":\"\u041c\u0435\u0434\u0436\u043b\u0456\u0441\",\"url\":\"https:\\\/\\\/qtmm.org\\\/qt\\\/\",\"logo\":{\"@type\":\"ImageObject\",\"inLanguage\":\"qt\",\"@id\":\"https:\\\/\\\/qtmm.org\\\/qt\\\/#\\\/schema\\\/logo\\\/image\\\/\",\"url\":\"https:\\\/\\\/qtmm.org\\\/wp-content\\\/uploads\\\/2024\\\/12\\\/ua-mejlis-logo-rgb.svg\",\"contentUrl\":\"https:\\\/\\\/qtmm.org\\\/wp-content\\\/uploads\\\/2024\\\/12\\\/ua-mejlis-logo-rgb.svg\",\"caption\":\"\u041c\u0435\u0434\u0436\u043b\u0456\u0441\"},\"image\":{\"@id\":\"https:\\\/\\\/qtmm.org\\\/qt\\\/#\\\/schema\\\/logo\\\/image\\\/\"},\"sameAs\":[\"https:\\\/\\\/www.facebook.com\\\/qtmm.info\\\/\"]},{\"@type\":\"Person\",\"@id\":\"https:\\\/\\\/qtmm.org\\\/qt\\\/#\\\/schema\\\/person\\\/de562469f971dec226ac06e60bbf74a7\",\"name\":\"Developer\",\"image\":{\"@type\":\"ImageObject\",\"inLanguage\":\"qt\",\"@id\":\"https:\\\/\\\/secure.gravatar.com\\\/avatar\\\/392b4cc8fbfeb00b39dfeeab4ee6edded39ffd48e25858637e4765810300227e?s=96&d=mm&r=g\",\"url\":\"https:\\\/\\\/secure.gravatar.com\\\/avatar\\\/392b4cc8fbfeb00b39dfeeab4ee6edded39ffd48e25858637e4765810300227e?s=96&d=mm&r=g\",\"contentUrl\":\"https:\\\/\\\/secure.gravatar.com\\\/avatar\\\/392b4cc8fbfeb00b39dfeeab4ee6edded39ffd48e25858637e4765810300227e?s=96&d=mm&r=g\",\"caption\":\"Developer\"},\"url\":\"https:\\\/\\\/qtmm.org\\\/qt\\\/author\\\/Developer\\\/\"}]}<\/script>\n<!-- \/ Yoast SEO plugin. -->","yoast_head_json":{"title":"Q\u0131r\u0131m Yuqar\u0131 \u015euras\u0131 2014 senesi mart 11 k\u00fcn\u00fc qabul etken vesiqalar\u011fa Q\u0131r\u0131mtatar halq\u0131 Meclisini\u00f1 reisi Refat \u00c7ubarovn\u0131\u00f1 izaatlar\u0131 - \u041c\u0435\u0434\u0436\u043b\u0456\u0441","robots":{"index":"index","follow":"follow","max-snippet":"max-snippet:-1","max-image-preview":"max-image-preview:large","max-video-preview":"max-video-preview:-1"},"canonical":"https:\/\/qtmm.org\/qt\/qirim-yuqari-surasi-2014-senesi-mart-11-kunu-qabul-etken-vesiqalarga-qirimtatar-halqi-meclisinin-reisi-refat-cubarovnin-izaatlari\/","og_locale":"en_US","og_type":"article","og_title":"Q\u0131r\u0131m Yuqar\u0131 \u015euras\u0131 2014 senesi mart 11 k\u00fcn\u00fc qabul etken vesiqalar\u011fa Q\u0131r\u0131mtatar halq\u0131 Meclisini\u00f1 reisi Refat \u00c7ubarovn\u0131\u00f1 izaatlar\u0131 - \u041c\u0435\u0434\u0436\u043b\u0456\u0441","og_description":"Q\u0131r\u0131mtatar halq\u0131 Meclisini\u00f1 reisi Refat \u00c7ubarov: &#8220;Q\u0131r\u0131m Yuqar\u0131 \u015euras\u0131n\u0131\u00f1 &#8220;Q\u0131r\u0131m Muhtar Cumhuriyeti ve Aqyar \u015feerini\u00f1 mustaqilligi aqq\u0131nda deklaratsiyas\u0131&#8221; serleval\u0131 vesiqas\u0131na menfiy q\u0131ymet kesem. Q\u0131r\u0131m ve Q\u0131r\u0131m etraf\u0131ndaki inqiraz \u00e7ezilmengence bu kibi qararlarn\u0131\u00f1 qabul etilmesi bu vaziyetten \u00e7\u0131qmaq yollar\u0131n\u0131 ara\u015ft\u0131r\u011fan taraflarn\u0131\u00f1 al\u0131n\u0131 daa da m\u00fcrekkeple\u015ftire, dep sayam. Bu aqta Q\u0131r\u0131mtatar halq\u0131 Meclisini\u00f1 reisi Refat \u00c7ubarov Q\u0131r\u0131m [&hellip;]","og_url":"https:\/\/qtmm.org\/qt\/qirim-yuqari-surasi-2014-senesi-mart-11-kunu-qabul-etken-vesiqalarga-qirimtatar-halqi-meclisinin-reisi-refat-cubarovnin-izaatlari\/","og_site_name":"\u041c\u0435\u0434\u0436\u043b\u0456\u0441","article_publisher":"https:\/\/www.facebook.com\/qtmm.info\/","article_published_time":"2014-03-11T16:36:00+00:00","article_modified_time":"2022-01-27T16:36:37+00:00","author":"Developer","twitter_card":"summary_large_image","twitter_misc":{"Written by":"Developer","Est. reading time":"3 minutes"},"schema":{"@context":"https:\/\/schema.org","@graph":[{"@type":"Article","@id":"https:\/\/qtmm.org\/qt\/qirim-yuqari-surasi-2014-senesi-mart-11-kunu-qabul-etken-vesiqalarga-qirimtatar-halqi-meclisinin-reisi-refat-cubarovnin-izaatlari\/#article","isPartOf":{"@id":"https:\/\/qtmm.org\/qt\/qirim-yuqari-surasi-2014-senesi-mart-11-kunu-qabul-etken-vesiqalarga-qirimtatar-halqi-meclisinin-reisi-refat-cubarovnin-izaatlari\/"},"author":{"name":"Developer","@id":"https:\/\/qtmm.org\/qt\/#\/schema\/person\/de562469f971dec226ac06e60bbf74a7"},"headline":"Q\u0131r\u0131m Yuqar\u0131 \u015euras\u0131 2014 senesi mart 11 k\u00fcn\u00fc qabul etken vesiqalar\u011fa Q\u0131r\u0131mtatar halq\u0131 Meclisini\u00f1 reisi Refat \u00c7ubarovn\u0131\u00f1 izaatlar\u0131","datePublished":"2014-03-11T16:36:00+00:00","dateModified":"2022-01-27T16:36:37+00:00","mainEntityOfPage":{"@id":"https:\/\/qtmm.org\/qt\/qirim-yuqari-surasi-2014-senesi-mart-11-kunu-qabul-etken-vesiqalarga-qirimtatar-halqi-meclisinin-reisi-refat-cubarovnin-izaatlari\/"},"wordCount":566,"commentCount":0,"publisher":{"@id":"https:\/\/qtmm.org\/qt\/#organization"},"articleSection":["Haberler"],"inLanguage":"qt","potentialAction":[{"@type":"CommentAction","name":"Comment","target":["https:\/\/qtmm.org\/qt\/qirim-yuqari-surasi-2014-senesi-mart-11-kunu-qabul-etken-vesiqalarga-qirimtatar-halqi-meclisinin-reisi-refat-cubarovnin-izaatlari\/#respond"]}]},{"@type":"WebPage","@id":"https:\/\/qtmm.org\/qt\/qirim-yuqari-surasi-2014-senesi-mart-11-kunu-qabul-etken-vesiqalarga-qirimtatar-halqi-meclisinin-reisi-refat-cubarovnin-izaatlari\/","url":"https:\/\/qtmm.org\/qt\/qirim-yuqari-surasi-2014-senesi-mart-11-kunu-qabul-etken-vesiqalarga-qirimtatar-halqi-meclisinin-reisi-refat-cubarovnin-izaatlari\/","name":"Q\u0131r\u0131m Yuqar\u0131 \u015euras\u0131 2014 senesi mart 11 k\u00fcn\u00fc qabul etken vesiqalar\u011fa Q\u0131r\u0131mtatar halq\u0131 Meclisini\u00f1 reisi Refat \u00c7ubarovn\u0131\u00f1 izaatlar\u0131 - \u041c\u0435\u0434\u0436\u043b\u0456\u0441","isPartOf":{"@id":"https:\/\/qtmm.org\/qt\/#website"},"datePublished":"2014-03-11T16:36:00+00:00","dateModified":"2022-01-27T16:36:37+00:00","breadcrumb":{"@id":"https:\/\/qtmm.org\/qt\/qirim-yuqari-surasi-2014-senesi-mart-11-kunu-qabul-etken-vesiqalarga-qirimtatar-halqi-meclisinin-reisi-refat-cubarovnin-izaatlari\/#breadcrumb"},"inLanguage":"qt","potentialAction":[{"@type":"ReadAction","target":["https:\/\/qtmm.org\/qt\/qirim-yuqari-surasi-2014-senesi-mart-11-kunu-qabul-etken-vesiqalarga-qirimtatar-halqi-meclisinin-reisi-refat-cubarovnin-izaatlari\/"]}]},{"@type":"BreadcrumbList","@id":"https:\/\/qtmm.org\/qt\/qirim-yuqari-surasi-2014-senesi-mart-11-kunu-qabul-etken-vesiqalarga-qirimtatar-halqi-meclisinin-reisi-refat-cubarovnin-izaatlari\/#breadcrumb","itemListElement":[{"@type":"ListItem","position":1,"name":"\u0413\u043e\u043b\u043e\u0432\u043d\u0430","item":"https:\/\/qtmm.org\/qt\/"},{"@type":"ListItem","position":2,"name":"Q\u0131r\u0131m Yuqar\u0131 \u015euras\u0131 2014 senesi mart 11 k\u00fcn\u00fc qabul etken vesiqalar\u011fa Q\u0131r\u0131mtatar halq\u0131 Meclisini\u00f1 reisi Refat \u00c7ubarovn\u0131\u00f1 izaatlar\u0131"}]},{"@type":"WebSite","@id":"https:\/\/qtmm.org\/qt\/#website","url":"https:\/\/qtmm.org\/qt\/","name":"\u041c\u0435\u0434\u0436\u043b\u0456\u0441","description":"","publisher":{"@id":"https:\/\/qtmm.org\/qt\/#organization"},"potentialAction":[{"@type":"SearchAction","target":{"@type":"EntryPoint","urlTemplate":"https:\/\/qtmm.org\/qt\/?s={search_term_string}"},"query-input":{"@type":"PropertyValueSpecification","valueRequired":true,"valueName":"search_term_string"}}],"inLanguage":"qt"},{"@type":"Organization","@id":"https:\/\/qtmm.org\/qt\/#organization","name":"\u041c\u0435\u0434\u0436\u043b\u0456\u0441","url":"https:\/\/qtmm.org\/qt\/","logo":{"@type":"ImageObject","inLanguage":"qt","@id":"https:\/\/qtmm.org\/qt\/#\/schema\/logo\/image\/","url":"https:\/\/qtmm.org\/wp-content\/uploads\/2024\/12\/ua-mejlis-logo-rgb.svg","contentUrl":"https:\/\/qtmm.org\/wp-content\/uploads\/2024\/12\/ua-mejlis-logo-rgb.svg","caption":"\u041c\u0435\u0434\u0436\u043b\u0456\u0441"},"image":{"@id":"https:\/\/qtmm.org\/qt\/#\/schema\/logo\/image\/"},"sameAs":["https:\/\/www.facebook.com\/qtmm.info\/"]},{"@type":"Person","@id":"https:\/\/qtmm.org\/qt\/#\/schema\/person\/de562469f971dec226ac06e60bbf74a7","name":"Developer","image":{"@type":"ImageObject","inLanguage":"qt","@id":"https:\/\/secure.gravatar.com\/avatar\/392b4cc8fbfeb00b39dfeeab4ee6edded39ffd48e25858637e4765810300227e?s=96&d=mm&r=g","url":"https:\/\/secure.gravatar.com\/avatar\/392b4cc8fbfeb00b39dfeeab4ee6edded39ffd48e25858637e4765810300227e?s=96&d=mm&r=g","contentUrl":"https:\/\/secure.gravatar.com\/avatar\/392b4cc8fbfeb00b39dfeeab4ee6edded39ffd48e25858637e4765810300227e?s=96&d=mm&r=g","caption":"Developer"},"url":"https:\/\/qtmm.org\/qt\/author\/Developer\/"}]}},"_links":{"self":[{"href":"https:\/\/qtmm.org\/qt\/wp-json\/wp\/v2\/posts\/43701","targetHints":{"allow":["GET"]}}],"collection":[{"href":"https:\/\/qtmm.org\/qt\/wp-json\/wp\/v2\/posts"}],"about":[{"href":"https:\/\/qtmm.org\/qt\/wp-json\/wp\/v2\/types\/post"}],"author":[{"embeddable":true,"href":"https:\/\/qtmm.org\/qt\/wp-json\/wp\/v2\/users\/1"}],"replies":[{"embeddable":true,"href":"https:\/\/qtmm.org\/qt\/wp-json\/wp\/v2\/comments?post=43701"}],"version-history":[{"count":1,"href":"https:\/\/qtmm.org\/qt\/wp-json\/wp\/v2\/posts\/43701\/revisions"}],"predecessor-version":[{"id":43702,"href":"https:\/\/qtmm.org\/qt\/wp-json\/wp\/v2\/posts\/43701\/revisions\/43702"}],"wp:attachment":[{"href":"https:\/\/qtmm.org\/qt\/wp-json\/wp\/v2\/media?parent=43701"}],"wp:term":[{"taxonomy":"category","embeddable":true,"href":"https:\/\/qtmm.org\/qt\/wp-json\/wp\/v2\/categories?post=43701"},{"taxonomy":"post_tag","embeddable":true,"href":"https:\/\/qtmm.org\/qt\/wp-json\/wp\/v2\/tags?post=43701"}],"curies":[{"name":"wp","href":"https:\/\/api.w.org\/{rel}","templated":true}]}}