




{"id":43699,"date":"2014-03-08T19:35:00","date_gmt":"2014-03-08T16:35:00","guid":{"rendered":"http:\/\/qtmm.org\/?p=43699"},"modified":"2022-01-27T19:35:43","modified_gmt":"2022-01-27T16:35:43","slug":"qirimtatar-halqi-meclisinin-reisi-aqs-prezidenti-barak-obamanin-adina-muracaat-mektubi-yolladi","status":"publish","type":"post","link":"https:\/\/qtmm.org\/qt\/qirimtatar-halqi-meclisinin-reisi-aqs-prezidenti-barak-obamanin-adina-muracaat-mektubi-yolladi\/","title":{"rendered":"Q\u0131r\u0131mtatar halq\u0131 Meclisini\u00f1 reisi AQ\u015e Prezidenti Barak Obaman\u0131\u00f1 ad\u0131na muracaat mekt\u00fcbi yollad\u0131"},"content":{"rendered":"\n<p class=\"has-text-align-right\"><strong>AMER\u0130KA QO\u015eMA \u015eTATLARINI\u00d1 PREZ\u0130DENT\u0130<br>Cenap BARAK OBAMA\u011fa<\/strong><\/p>\n\n\n\n<p class=\"has-text-align-center\"><strong>\u00dcrmetli cenap Prezident!<\/strong><\/p>\n\n\n\n<p><br>Sizi\u00f1 y\u00fcz\u00fc\u00f1izde Amerika Qo\u015fma \u015etatlar\u0131n\u0131\u00f1 halq\u0131na muracaat etemiz<\/p>\n\n\n\n<p>Q\u0131r\u0131mtatarlarn\u0131\u00f1 tarihiy Vatan\u0131 Q\u0131r\u0131m\u011fa fel\u00e2ket keldi ve bu yar\u0131madan\u0131\u00f1 ruslar, ukrainler, q\u0131r\u0131mtatarlar\u0131ndan ibaret aman-aman eki millionl\u0131 ealisi i\u00e7\u00fcn qocaman insaniy ve i\u00e7timaiy afatqa \u00e7evrilebirilir.<\/p>\n\n\n\n<p>Bir aftadan ziyadedir ki Q\u0131r\u0131mn\u0131\u00f1 \u015feer soqaqlar\u0131 ve yollar\u0131ndan Rusiye ordus\u0131n\u0131\u00f1 sil\u00e2l\u0131 askerleri ve arbiy tehnikas\u0131 k\u00fctleviy \u015fekilde ke\u00e7mekte. Q\u0131r\u0131mn\u0131\u00f1 olar\u011fa i\u015fan\u011fan bir gruppa mes\u00fclietsiz ay\u0131r\u0131mc\u0131 siyaset\u00e7ileri akimiyetni devirdiler.<br><br>Er k\u00fcn Rusiyeden Q\u0131r\u0131m\u011fa ep ya\u00f1\u0131-ya\u00f1\u0131 arbiy qo\u015funlar ke\u00e7irilmekte. Q\u0131r\u0131mda rus arbiylerini\u00f1 say\u0131s\u0131 30 bi\u00f1ni artt\u0131. Olar ukrain ordus\u0131n\u0131\u00f1 b\u00fct\u00fcn garnizonlar\u0131n\u0131 blok ettiler, ava limanlar\u0131 i\u015f\u011fal etilip, Q\u0131r\u0131m\u011fa kiri\u015f ve \u00e7\u0131q\u0131\u015f yollar\u0131n\u0131 qapatt\u0131lar.<br><br>Rusiyeni\u00f1 Krasnodar \u00fclkesi ve diger vil\u00e2yetlerinden b\u00fcy\u00fck-b\u00fcy\u00fck gruppalarnen yar\u0131 askeriy te\u015fkil\u00e2tlarn\u0131\u00f1 azalar\u0131 ol\u011fan &#8220;kazaklarn\u0131\u00f1&#8221; Q\u0131r\u0131mda vaziyetni q\u0131z\u0131\u015ft\u0131rmaq maqsad\u0131nen kel\u00fcvi, t\u0131n\u00e7 ealisi sil\u00e2s\u0131z qal\u011fan\u0131 alda &#8220;\u00f6z-\u00f6z\u00fcni qor\u00e7alav&#8221; otr\u00e2dlar\u0131n\u0131\u00f1 azalar\u0131na sil\u00e2 darkat\u0131luv\u0131 \u00e7oqmilletli Q\u0131r\u0131m ealisini \u011fayet endi\u015felendire.<\/p>\n\n\n\n<p>Endi \u00fc\u00e7\u00fcnci k\u00fcndir ki Q\u0131r\u0131m\u011fa OSCE azalar\u0131 ol\u011fan devletlerni\u00f1 arbiy k\u00f6zeticilerini kirsetmeyler. Er k\u00fcn olarn\u0131 Q\u0131r\u0131m\u011fa kiri\u015fte sil\u00e2l\u0131 insanlar toqtatalar.<br>Sil\u00e2l\u0131 insanlar zorbal\u0131q k\u00f6sterip Birle\u015fken Milletler te\u015fkil\u00e2t\u0131 Ba\u015f k\u00e2tibini\u00f1 mahsus el\u00e7isi cenap Robert Serrini Q\u0131r\u0131mdan quv\u0131p \u00e7\u0131qard\u0131lar.<br><br>\u00dcrmetli cenap Prezident!<\/p>\n\n\n\n<p>Bug\u00fcn b\u00fct\u00fcn medeniyetli d\u00fcnya Q\u0131r\u0131mdaki vaziyetni\u00f1 q\u0131z\u0131\u015ft\u0131r\u0131lmas\u0131 aqibetinde qopabilecek afatn\u0131 qorqu ile beklemekte. Q\u0131r\u0131mn\u0131\u00f1 \u00e7oqmilletli ealisi &#8211; ukrain, ruslar ve q\u0131r\u0131mtatarlar\u0131 \u00f6z balalar\u0131, yaq\u0131nlar\u0131 ve aqrabalar\u0131n\u0131\u00f1 ayat\u0131 i\u00e7\u00fcn qorqu i\u00e7inde ya\u015famaqtalar. Er angi bir anda aqibeti t\u00fczetilmeycek bir \u015fey olabilir.<br><br>XX as\u0131rda Q\u0131r\u0131m endi bir facian\u0131 ya\u015fad\u0131, on\u0131\u00f1 aqibetleri al\u00e2 bug\u00fcnge qadar yoq etilmedi. 1944 senesi may\u0131s 18-de SSSR kommunist rejimi yar\u0131madan\u0131\u00f1 tam\u0131r halq\u0131 q\u0131r\u0131mtatarlarn\u0131 tamamile s\u00fcrg\u00fcn etti. Bir k\u00fcnde bizim Vatan\u0131m\u0131z, evlerimiz ve mal-m\u00fclk\u00fcmiz \u00e7ekip al\u0131nd\u0131. S\u00fcrg\u00fcnlikni\u00f1 birinci y\u0131llar\u0131nda Orta Asiya, Ural ve Sibirni\u00f1 uzaq b\u00f6lgelerinde zorluq, a\u00e7l\u0131q, hastal\u0131q ve azap-uqubetlerden halkn\u0131\u00f1 46 fay\u0131z\u0131 el\u00e2k old\u0131.<br><br>Ancaq 45 y\u0131ldan so\u00f1 biz Vatan\u0131m\u0131z Q\u0131r\u0131m\u011fa al\u0131p qaytqan yol\u011fa \u00e7\u0131qabildik. Q\u0131r\u0131mtatar halq\u0131n\u0131\u00f1 avdeti SSSR da\u011f\u0131t\u0131lmas\u0131 ve biz terkibinde ya\u015fad\u0131\u011f\u0131m\u0131z mustaqil Ukrainan\u0131\u00f1 tiklenmesi devrine do\u011fru keldi. Q\u0131r\u0131mtatarlar zorluq \u00e7ekerek kene \u00f6z Vatan\u0131na yerle\u015fip, rus, ukrain ve diger millet qom\u015fular\u0131nen dostluq ve bar\u0131\u015f\u0131q m\u00fcitinde ya\u015famaqtalar.<br><br>Cenap Prezident!<br><br>So\u00f1ki vaqialar ve Rusiye Federatsiyas\u0131n\u0131\u00f1 Q\u0131r\u0131m\u011fa pek \u00e7oq sil\u00e2l\u0131 k\u00fc\u00e7lerini\u00f1 kirsetilmesinen ba\u011fl\u0131 daa da a\u011f\u0131r aqibetler munasebetinen q\u0131r\u0131mtatarlar ve olarn\u0131\u00f1 rus, ukrain qom\u015fular\u0131 halqara cemiyet ve d\u00fcnyan\u0131\u00f1 yetek\u00e7i devletleri, bilhassa Amerika Qo\u015fma \u015etatlar\u0131na b\u00fcy\u00fck i\u015fan\u00e7 ve \u00fcm\u00fctnen baqalar.<br>Sizge ve AQ\u015e \u00fck\u00fcmetine \u00f6z say\u011f\u0131mn\u0131 ifade eterek, Q\u0131r\u0131mn\u0131\u00f1 y\u00fcz bi\u00f1lernen sakinleri \u2013 q\u0131r\u0131mtatarlar, ruslar, ukrainlerni\u00f1 ad\u0131ndan musaade\u00f1iznen Sizge ve diger devlet yolba\u015f\u00e7\u0131lar\u0131na a\u00e7\u0131qtan-a\u00e7\u0131q sual berem:<br><br>&#8211; Q\u0131r\u0131mda vaziyet q\u0131z\u0131\u015ft\u0131r\u0131lmas\u0131n\u0131 kim toqtatacaq ve Q\u0131r\u0131m ealisini\u00f1 \u00f6m\u00fcrine tel\u00fckeni\u00f1 \u00f6g\u00fcni kim alacaq?<br><br>&#8211; kim ve ne zaman Q\u0131r\u0131mda arbiyler ve olarn\u0131\u00f1 yar\u0131askeriy te\u015fkil\u00e2tlardaki yard\u0131mc\u0131lar\u0131 taraf\u0131ndan uydur\u0131l\u011fan \u00e7at\u0131\u015fmalar qopqan\u0131 taqdirde olmas\u0131 tahmin etilgen milletine k\u00f6re temizlevlerni\u00f1 \u00f6g\u00fcni alacaq?<br><br>Cenap Prezident!<br><br>Eminim ki, bu ve diger bir \u00e7oq suallerge cevaplarn\u0131 AQ\u015e, Ukraina ve Rusiye \u00fck\u00fcmetleri birlikte tapabilirler.<br><br>Q\u0131r\u0131mda ya\u015fa\u011fan y\u00fcz bi\u00f1lernen insanlarn\u0131\u00f1 ayatlar\u0131n\u0131 saqlap qalmaq i\u00e7\u00fcn, bar\u0131\u015f\u0131q ve adalet o\u011frunda emince davran\u0131\u00f1\u0131z.<\/p>\n\n\n\n<p><br><br><em>Say\u011f\u0131lar\u0131m ile<\/em><br><strong>Refat \u00c7ubarov,<br>Q\u0131r\u0131mtatar halq\u0131 Meclisini\u00f1 reisi<\/strong><br><br><br><br>Aqmescit,<br><br>Q\u0131r\u0131m, Ukraina<br><br>2014 senesi mart 8.<\/p>\n","protected":false},"excerpt":{"rendered":"<p>AMER\u0130KA QO\u015eMA \u015eTATLARINI\u00d1 PREZ\u0130DENT\u0130Cenap BARAK OBAMA\u011fa \u00dcrmetli cenap Prezident! Sizi\u00f1 y\u00fcz\u00fc\u00f1izde Amerika Qo\u015fma \u015etatlar\u0131n\u0131\u00f1 halq\u0131na muracaat etemiz Q\u0131r\u0131mtatarlarn\u0131\u00f1 tarihiy Vatan\u0131 Q\u0131r\u0131m\u011fa fel\u00e2ket keldi ve bu yar\u0131madan\u0131\u00f1 ruslar, ukrainler, q\u0131r\u0131mtatarlar\u0131ndan ibaret aman-aman eki millionl\u0131 ealisi i\u00e7\u00fcn qocaman insaniy ve i\u00e7timaiy afatqa \u00e7evrilebirilir. Bir aftadan ziyadedir ki Q\u0131r\u0131mn\u0131\u00f1 \u015feer soqaqlar\u0131 ve yollar\u0131ndan Rusiye ordus\u0131n\u0131\u00f1 sil\u00e2l\u0131 askerleri ve [&hellip;]<\/p>\n","protected":false},"author":1,"featured_media":0,"comment_status":"open","ping_status":"open","sticky":false,"template":"","format":"standard","meta":{"inline_featured_image":false,"footnotes":""},"categories":[265],"tags":[],"class_list":["post-43699","post","type-post","status-publish","format-standard","hentry","category-haberler"],"acf":[],"yoast_head":"<!-- This site is optimized with the Yoast SEO plugin v27.4 - https:\/\/yoast.com\/product\/yoast-seo-wordpress\/ -->\n<title>Q\u0131r\u0131mtatar halq\u0131 Meclisini\u00f1 reisi AQ\u015e Prezidenti Barak Obaman\u0131\u00f1 ad\u0131na muracaat mekt\u00fcbi yollad\u0131 - \u041c\u0435\u0434\u0436\u043b\u0456\u0441<\/title>\n<meta name=\"robots\" content=\"index, follow, max-snippet:-1, max-image-preview:large, max-video-preview:-1\" \/>\n<link rel=\"canonical\" href=\"https:\/\/qtmm.org\/qt\/qirimtatar-halqi-meclisinin-reisi-aqs-prezidenti-barak-obamanin-adina-muracaat-mektubi-yolladi\/\" \/>\n<meta property=\"og:locale\" content=\"en_US\" \/>\n<meta property=\"og:type\" content=\"article\" \/>\n<meta property=\"og:title\" content=\"Q\u0131r\u0131mtatar halq\u0131 Meclisini\u00f1 reisi AQ\u015e Prezidenti Barak Obaman\u0131\u00f1 ad\u0131na muracaat mekt\u00fcbi yollad\u0131 - \u041c\u0435\u0434\u0436\u043b\u0456\u0441\" \/>\n<meta property=\"og:description\" content=\"AMER\u0130KA QO\u015eMA \u015eTATLARINI\u00d1 PREZ\u0130DENT\u0130Cenap BARAK OBAMA\u011fa \u00dcrmetli cenap Prezident! Sizi\u00f1 y\u00fcz\u00fc\u00f1izde Amerika Qo\u015fma \u015etatlar\u0131n\u0131\u00f1 halq\u0131na muracaat etemiz Q\u0131r\u0131mtatarlarn\u0131\u00f1 tarihiy Vatan\u0131 Q\u0131r\u0131m\u011fa fel\u00e2ket keldi ve bu yar\u0131madan\u0131\u00f1 ruslar, ukrainler, q\u0131r\u0131mtatarlar\u0131ndan ibaret aman-aman eki millionl\u0131 ealisi i\u00e7\u00fcn qocaman insaniy ve i\u00e7timaiy afatqa \u00e7evrilebirilir. Bir aftadan ziyadedir ki Q\u0131r\u0131mn\u0131\u00f1 \u015feer soqaqlar\u0131 ve yollar\u0131ndan Rusiye ordus\u0131n\u0131\u00f1 sil\u00e2l\u0131 askerleri ve [&hellip;]\" \/>\n<meta property=\"og:url\" content=\"https:\/\/qtmm.org\/qt\/qirimtatar-halqi-meclisinin-reisi-aqs-prezidenti-barak-obamanin-adina-muracaat-mektubi-yolladi\/\" \/>\n<meta property=\"og:site_name\" content=\"\u041c\u0435\u0434\u0436\u043b\u0456\u0441\" \/>\n<meta property=\"article:publisher\" content=\"https:\/\/www.facebook.com\/qtmm.info\/\" \/>\n<meta property=\"article:published_time\" content=\"2014-03-08T16:35:00+00:00\" \/>\n<meta property=\"article:modified_time\" content=\"2022-01-27T16:35:43+00:00\" \/>\n<meta name=\"author\" content=\"Developer\" \/>\n<meta name=\"twitter:card\" content=\"summary_large_image\" \/>\n<meta name=\"twitter:label1\" content=\"Written by\" \/>\n\t<meta name=\"twitter:data1\" content=\"Developer\" \/>\n\t<meta name=\"twitter:label2\" content=\"Est. reading time\" \/>\n\t<meta name=\"twitter:data2\" content=\"4 minutes\" \/>\n<script type=\"application\/ld+json\" class=\"yoast-schema-graph\">{\"@context\":\"https:\\\/\\\/schema.org\",\"@graph\":[{\"@type\":\"Article\",\"@id\":\"https:\\\/\\\/qtmm.org\\\/qt\\\/qirimtatar-halqi-meclisinin-reisi-aqs-prezidenti-barak-obamanin-adina-muracaat-mektubi-yolladi\\\/#article\",\"isPartOf\":{\"@id\":\"https:\\\/\\\/qtmm.org\\\/qt\\\/qirimtatar-halqi-meclisinin-reisi-aqs-prezidenti-barak-obamanin-adina-muracaat-mektubi-yolladi\\\/\"},\"author\":{\"name\":\"Developer\",\"@id\":\"https:\\\/\\\/qtmm.org\\\/qt\\\/#\\\/schema\\\/person\\\/de562469f971dec226ac06e60bbf74a7\"},\"headline\":\"Q\u0131r\u0131mtatar halq\u0131 Meclisini\u00f1 reisi AQ\u015e Prezidenti Barak Obaman\u0131\u00f1 ad\u0131na muracaat mekt\u00fcbi yollad\u0131\",\"datePublished\":\"2014-03-08T16:35:00+00:00\",\"dateModified\":\"2022-01-27T16:35:43+00:00\",\"mainEntityOfPage\":{\"@id\":\"https:\\\/\\\/qtmm.org\\\/qt\\\/qirimtatar-halqi-meclisinin-reisi-aqs-prezidenti-barak-obamanin-adina-muracaat-mektubi-yolladi\\\/\"},\"wordCount\":744,\"commentCount\":0,\"publisher\":{\"@id\":\"https:\\\/\\\/qtmm.org\\\/qt\\\/#organization\"},\"articleSection\":[\"Haberler\"],\"inLanguage\":\"qt\",\"potentialAction\":[{\"@type\":\"CommentAction\",\"name\":\"Comment\",\"target\":[\"https:\\\/\\\/qtmm.org\\\/qt\\\/qirimtatar-halqi-meclisinin-reisi-aqs-prezidenti-barak-obamanin-adina-muracaat-mektubi-yolladi\\\/#respond\"]}]},{\"@type\":\"WebPage\",\"@id\":\"https:\\\/\\\/qtmm.org\\\/qt\\\/qirimtatar-halqi-meclisinin-reisi-aqs-prezidenti-barak-obamanin-adina-muracaat-mektubi-yolladi\\\/\",\"url\":\"https:\\\/\\\/qtmm.org\\\/qt\\\/qirimtatar-halqi-meclisinin-reisi-aqs-prezidenti-barak-obamanin-adina-muracaat-mektubi-yolladi\\\/\",\"name\":\"Q\u0131r\u0131mtatar halq\u0131 Meclisini\u00f1 reisi AQ\u015e Prezidenti Barak Obaman\u0131\u00f1 ad\u0131na muracaat mekt\u00fcbi yollad\u0131 - \u041c\u0435\u0434\u0436\u043b\u0456\u0441\",\"isPartOf\":{\"@id\":\"https:\\\/\\\/qtmm.org\\\/qt\\\/#website\"},\"datePublished\":\"2014-03-08T16:35:00+00:00\",\"dateModified\":\"2022-01-27T16:35:43+00:00\",\"breadcrumb\":{\"@id\":\"https:\\\/\\\/qtmm.org\\\/qt\\\/qirimtatar-halqi-meclisinin-reisi-aqs-prezidenti-barak-obamanin-adina-muracaat-mektubi-yolladi\\\/#breadcrumb\"},\"inLanguage\":\"qt\",\"potentialAction\":[{\"@type\":\"ReadAction\",\"target\":[\"https:\\\/\\\/qtmm.org\\\/qt\\\/qirimtatar-halqi-meclisinin-reisi-aqs-prezidenti-barak-obamanin-adina-muracaat-mektubi-yolladi\\\/\"]}]},{\"@type\":\"BreadcrumbList\",\"@id\":\"https:\\\/\\\/qtmm.org\\\/qt\\\/qirimtatar-halqi-meclisinin-reisi-aqs-prezidenti-barak-obamanin-adina-muracaat-mektubi-yolladi\\\/#breadcrumb\",\"itemListElement\":[{\"@type\":\"ListItem\",\"position\":1,\"name\":\"\u0413\u043e\u043b\u043e\u0432\u043d\u0430\",\"item\":\"https:\\\/\\\/qtmm.org\\\/qt\\\/\"},{\"@type\":\"ListItem\",\"position\":2,\"name\":\"Q\u0131r\u0131mtatar halq\u0131 Meclisini\u00f1 reisi AQ\u015e Prezidenti Barak Obaman\u0131\u00f1 ad\u0131na muracaat mekt\u00fcbi yollad\u0131\"}]},{\"@type\":\"WebSite\",\"@id\":\"https:\\\/\\\/qtmm.org\\\/qt\\\/#website\",\"url\":\"https:\\\/\\\/qtmm.org\\\/qt\\\/\",\"name\":\"\u041c\u0435\u0434\u0436\u043b\u0456\u0441\",\"description\":\"\",\"publisher\":{\"@id\":\"https:\\\/\\\/qtmm.org\\\/qt\\\/#organization\"},\"potentialAction\":[{\"@type\":\"SearchAction\",\"target\":{\"@type\":\"EntryPoint\",\"urlTemplate\":\"https:\\\/\\\/qtmm.org\\\/qt\\\/?s={search_term_string}\"},\"query-input\":{\"@type\":\"PropertyValueSpecification\",\"valueRequired\":true,\"valueName\":\"search_term_string\"}}],\"inLanguage\":\"qt\"},{\"@type\":\"Organization\",\"@id\":\"https:\\\/\\\/qtmm.org\\\/qt\\\/#organization\",\"name\":\"\u041c\u0435\u0434\u0436\u043b\u0456\u0441\",\"url\":\"https:\\\/\\\/qtmm.org\\\/qt\\\/\",\"logo\":{\"@type\":\"ImageObject\",\"inLanguage\":\"qt\",\"@id\":\"https:\\\/\\\/qtmm.org\\\/qt\\\/#\\\/schema\\\/logo\\\/image\\\/\",\"url\":\"https:\\\/\\\/qtmm.org\\\/wp-content\\\/uploads\\\/2024\\\/12\\\/ua-mejlis-logo-rgb.svg\",\"contentUrl\":\"https:\\\/\\\/qtmm.org\\\/wp-content\\\/uploads\\\/2024\\\/12\\\/ua-mejlis-logo-rgb.svg\",\"caption\":\"\u041c\u0435\u0434\u0436\u043b\u0456\u0441\"},\"image\":{\"@id\":\"https:\\\/\\\/qtmm.org\\\/qt\\\/#\\\/schema\\\/logo\\\/image\\\/\"},\"sameAs\":[\"https:\\\/\\\/www.facebook.com\\\/qtmm.info\\\/\"]},{\"@type\":\"Person\",\"@id\":\"https:\\\/\\\/qtmm.org\\\/qt\\\/#\\\/schema\\\/person\\\/de562469f971dec226ac06e60bbf74a7\",\"name\":\"Developer\",\"image\":{\"@type\":\"ImageObject\",\"inLanguage\":\"qt\",\"@id\":\"https:\\\/\\\/secure.gravatar.com\\\/avatar\\\/392b4cc8fbfeb00b39dfeeab4ee6edded39ffd48e25858637e4765810300227e?s=96&d=mm&r=g\",\"url\":\"https:\\\/\\\/secure.gravatar.com\\\/avatar\\\/392b4cc8fbfeb00b39dfeeab4ee6edded39ffd48e25858637e4765810300227e?s=96&d=mm&r=g\",\"contentUrl\":\"https:\\\/\\\/secure.gravatar.com\\\/avatar\\\/392b4cc8fbfeb00b39dfeeab4ee6edded39ffd48e25858637e4765810300227e?s=96&d=mm&r=g\",\"caption\":\"Developer\"},\"url\":\"https:\\\/\\\/qtmm.org\\\/qt\\\/author\\\/Developer\\\/\"}]}<\/script>\n<!-- \/ Yoast SEO plugin. -->","yoast_head_json":{"title":"Q\u0131r\u0131mtatar halq\u0131 Meclisini\u00f1 reisi AQ\u015e Prezidenti Barak Obaman\u0131\u00f1 ad\u0131na muracaat mekt\u00fcbi yollad\u0131 - \u041c\u0435\u0434\u0436\u043b\u0456\u0441","robots":{"index":"index","follow":"follow","max-snippet":"max-snippet:-1","max-image-preview":"max-image-preview:large","max-video-preview":"max-video-preview:-1"},"canonical":"https:\/\/qtmm.org\/qt\/qirimtatar-halqi-meclisinin-reisi-aqs-prezidenti-barak-obamanin-adina-muracaat-mektubi-yolladi\/","og_locale":"en_US","og_type":"article","og_title":"Q\u0131r\u0131mtatar halq\u0131 Meclisini\u00f1 reisi AQ\u015e Prezidenti Barak Obaman\u0131\u00f1 ad\u0131na muracaat mekt\u00fcbi yollad\u0131 - \u041c\u0435\u0434\u0436\u043b\u0456\u0441","og_description":"AMER\u0130KA QO\u015eMA \u015eTATLARINI\u00d1 PREZ\u0130DENT\u0130Cenap BARAK OBAMA\u011fa \u00dcrmetli cenap Prezident! Sizi\u00f1 y\u00fcz\u00fc\u00f1izde Amerika Qo\u015fma \u015etatlar\u0131n\u0131\u00f1 halq\u0131na muracaat etemiz Q\u0131r\u0131mtatarlarn\u0131\u00f1 tarihiy Vatan\u0131 Q\u0131r\u0131m\u011fa fel\u00e2ket keldi ve bu yar\u0131madan\u0131\u00f1 ruslar, ukrainler, q\u0131r\u0131mtatarlar\u0131ndan ibaret aman-aman eki millionl\u0131 ealisi i\u00e7\u00fcn qocaman insaniy ve i\u00e7timaiy afatqa \u00e7evrilebirilir. Bir aftadan ziyadedir ki Q\u0131r\u0131mn\u0131\u00f1 \u015feer soqaqlar\u0131 ve yollar\u0131ndan Rusiye ordus\u0131n\u0131\u00f1 sil\u00e2l\u0131 askerleri ve [&hellip;]","og_url":"https:\/\/qtmm.org\/qt\/qirimtatar-halqi-meclisinin-reisi-aqs-prezidenti-barak-obamanin-adina-muracaat-mektubi-yolladi\/","og_site_name":"\u041c\u0435\u0434\u0436\u043b\u0456\u0441","article_publisher":"https:\/\/www.facebook.com\/qtmm.info\/","article_published_time":"2014-03-08T16:35:00+00:00","article_modified_time":"2022-01-27T16:35:43+00:00","author":"Developer","twitter_card":"summary_large_image","twitter_misc":{"Written by":"Developer","Est. reading time":"4 minutes"},"schema":{"@context":"https:\/\/schema.org","@graph":[{"@type":"Article","@id":"https:\/\/qtmm.org\/qt\/qirimtatar-halqi-meclisinin-reisi-aqs-prezidenti-barak-obamanin-adina-muracaat-mektubi-yolladi\/#article","isPartOf":{"@id":"https:\/\/qtmm.org\/qt\/qirimtatar-halqi-meclisinin-reisi-aqs-prezidenti-barak-obamanin-adina-muracaat-mektubi-yolladi\/"},"author":{"name":"Developer","@id":"https:\/\/qtmm.org\/qt\/#\/schema\/person\/de562469f971dec226ac06e60bbf74a7"},"headline":"Q\u0131r\u0131mtatar halq\u0131 Meclisini\u00f1 reisi AQ\u015e Prezidenti Barak Obaman\u0131\u00f1 ad\u0131na muracaat mekt\u00fcbi yollad\u0131","datePublished":"2014-03-08T16:35:00+00:00","dateModified":"2022-01-27T16:35:43+00:00","mainEntityOfPage":{"@id":"https:\/\/qtmm.org\/qt\/qirimtatar-halqi-meclisinin-reisi-aqs-prezidenti-barak-obamanin-adina-muracaat-mektubi-yolladi\/"},"wordCount":744,"commentCount":0,"publisher":{"@id":"https:\/\/qtmm.org\/qt\/#organization"},"articleSection":["Haberler"],"inLanguage":"qt","potentialAction":[{"@type":"CommentAction","name":"Comment","target":["https:\/\/qtmm.org\/qt\/qirimtatar-halqi-meclisinin-reisi-aqs-prezidenti-barak-obamanin-adina-muracaat-mektubi-yolladi\/#respond"]}]},{"@type":"WebPage","@id":"https:\/\/qtmm.org\/qt\/qirimtatar-halqi-meclisinin-reisi-aqs-prezidenti-barak-obamanin-adina-muracaat-mektubi-yolladi\/","url":"https:\/\/qtmm.org\/qt\/qirimtatar-halqi-meclisinin-reisi-aqs-prezidenti-barak-obamanin-adina-muracaat-mektubi-yolladi\/","name":"Q\u0131r\u0131mtatar halq\u0131 Meclisini\u00f1 reisi AQ\u015e Prezidenti Barak Obaman\u0131\u00f1 ad\u0131na muracaat mekt\u00fcbi yollad\u0131 - \u041c\u0435\u0434\u0436\u043b\u0456\u0441","isPartOf":{"@id":"https:\/\/qtmm.org\/qt\/#website"},"datePublished":"2014-03-08T16:35:00+00:00","dateModified":"2022-01-27T16:35:43+00:00","breadcrumb":{"@id":"https:\/\/qtmm.org\/qt\/qirimtatar-halqi-meclisinin-reisi-aqs-prezidenti-barak-obamanin-adina-muracaat-mektubi-yolladi\/#breadcrumb"},"inLanguage":"qt","potentialAction":[{"@type":"ReadAction","target":["https:\/\/qtmm.org\/qt\/qirimtatar-halqi-meclisinin-reisi-aqs-prezidenti-barak-obamanin-adina-muracaat-mektubi-yolladi\/"]}]},{"@type":"BreadcrumbList","@id":"https:\/\/qtmm.org\/qt\/qirimtatar-halqi-meclisinin-reisi-aqs-prezidenti-barak-obamanin-adina-muracaat-mektubi-yolladi\/#breadcrumb","itemListElement":[{"@type":"ListItem","position":1,"name":"\u0413\u043e\u043b\u043e\u0432\u043d\u0430","item":"https:\/\/qtmm.org\/qt\/"},{"@type":"ListItem","position":2,"name":"Q\u0131r\u0131mtatar halq\u0131 Meclisini\u00f1 reisi AQ\u015e Prezidenti Barak Obaman\u0131\u00f1 ad\u0131na muracaat mekt\u00fcbi yollad\u0131"}]},{"@type":"WebSite","@id":"https:\/\/qtmm.org\/qt\/#website","url":"https:\/\/qtmm.org\/qt\/","name":"\u041c\u0435\u0434\u0436\u043b\u0456\u0441","description":"","publisher":{"@id":"https:\/\/qtmm.org\/qt\/#organization"},"potentialAction":[{"@type":"SearchAction","target":{"@type":"EntryPoint","urlTemplate":"https:\/\/qtmm.org\/qt\/?s={search_term_string}"},"query-input":{"@type":"PropertyValueSpecification","valueRequired":true,"valueName":"search_term_string"}}],"inLanguage":"qt"},{"@type":"Organization","@id":"https:\/\/qtmm.org\/qt\/#organization","name":"\u041c\u0435\u0434\u0436\u043b\u0456\u0441","url":"https:\/\/qtmm.org\/qt\/","logo":{"@type":"ImageObject","inLanguage":"qt","@id":"https:\/\/qtmm.org\/qt\/#\/schema\/logo\/image\/","url":"https:\/\/qtmm.org\/wp-content\/uploads\/2024\/12\/ua-mejlis-logo-rgb.svg","contentUrl":"https:\/\/qtmm.org\/wp-content\/uploads\/2024\/12\/ua-mejlis-logo-rgb.svg","caption":"\u041c\u0435\u0434\u0436\u043b\u0456\u0441"},"image":{"@id":"https:\/\/qtmm.org\/qt\/#\/schema\/logo\/image\/"},"sameAs":["https:\/\/www.facebook.com\/qtmm.info\/"]},{"@type":"Person","@id":"https:\/\/qtmm.org\/qt\/#\/schema\/person\/de562469f971dec226ac06e60bbf74a7","name":"Developer","image":{"@type":"ImageObject","inLanguage":"qt","@id":"https:\/\/secure.gravatar.com\/avatar\/392b4cc8fbfeb00b39dfeeab4ee6edded39ffd48e25858637e4765810300227e?s=96&d=mm&r=g","url":"https:\/\/secure.gravatar.com\/avatar\/392b4cc8fbfeb00b39dfeeab4ee6edded39ffd48e25858637e4765810300227e?s=96&d=mm&r=g","contentUrl":"https:\/\/secure.gravatar.com\/avatar\/392b4cc8fbfeb00b39dfeeab4ee6edded39ffd48e25858637e4765810300227e?s=96&d=mm&r=g","caption":"Developer"},"url":"https:\/\/qtmm.org\/qt\/author\/Developer\/"}]}},"_links":{"self":[{"href":"https:\/\/qtmm.org\/qt\/wp-json\/wp\/v2\/posts\/43699","targetHints":{"allow":["GET"]}}],"collection":[{"href":"https:\/\/qtmm.org\/qt\/wp-json\/wp\/v2\/posts"}],"about":[{"href":"https:\/\/qtmm.org\/qt\/wp-json\/wp\/v2\/types\/post"}],"author":[{"embeddable":true,"href":"https:\/\/qtmm.org\/qt\/wp-json\/wp\/v2\/users\/1"}],"replies":[{"embeddable":true,"href":"https:\/\/qtmm.org\/qt\/wp-json\/wp\/v2\/comments?post=43699"}],"version-history":[{"count":1,"href":"https:\/\/qtmm.org\/qt\/wp-json\/wp\/v2\/posts\/43699\/revisions"}],"predecessor-version":[{"id":43700,"href":"https:\/\/qtmm.org\/qt\/wp-json\/wp\/v2\/posts\/43699\/revisions\/43700"}],"wp:attachment":[{"href":"https:\/\/qtmm.org\/qt\/wp-json\/wp\/v2\/media?parent=43699"}],"wp:term":[{"taxonomy":"category","embeddable":true,"href":"https:\/\/qtmm.org\/qt\/wp-json\/wp\/v2\/categories?post=43699"},{"taxonomy":"post_tag","embeddable":true,"href":"https:\/\/qtmm.org\/qt\/wp-json\/wp\/v2\/tags?post=43699"}],"curies":[{"name":"wp","href":"https:\/\/api.w.org\/{rel}","templated":true}]}}