




{"id":43697,"date":"2014-03-07T19:34:00","date_gmt":"2014-03-07T16:34:00","guid":{"rendered":"http:\/\/qtmm.org\/?p=43697"},"modified":"2022-01-27T19:34:52","modified_gmt":"2022-01-27T16:34:52","slug":"refat-cubarov-ve-mustafa-cemilev-qirimda-kenis-kolemli-provokatsiyalar-oluvi-telukesi-bar-dep-sayalar","status":"publish","type":"post","link":"https:\/\/qtmm.org\/qt\/refat-cubarov-ve-mustafa-cemilev-qirimda-kenis-kolemli-provokatsiyalar-oluvi-telukesi-bar-dep-sayalar\/","title":{"rendered":"Refat \u00c7ubarov ve Mustafa Cemilev Q\u0131r\u0131mda keni\u015f k\u00f6lemli provokatsiyalar oluv\u0131 tel\u00fckesi bar, dep sayalar"},"content":{"rendered":"\n<p>Bu aqta olar 2014 senesi mart 7 k\u00fcn\u00fc T\u00fcrkiye T\u0131\u015f i\u015fleri naziri mesleat\u00e7\u0131s\u0131n\u0131\u00f1 yard\u0131mc\u0131s\u0131 Ali Kemal Ayd\u0131n ve T\u00fcrkiyeni\u00f1 Ukrainadaki Vefqulade ve Toluvek\u00e2letli El\u00e7isi Mehmet Samsar ile k\u00f6r\u00fc\u015f\u00fcvde bildirdiler.<\/p>\n\n\n\n<p>Meclis reisi Refat \u00c7ubarov ve q\u0131r\u0131mtatar halq\u0131n\u0131\u00f1 lideri, Ukraina halq deputat\u0131 Mustafa Cemilev T\u00fcrkiye T\u0131\u015f i\u015fleri naziri mesleat\u00e7\u0131s\u0131n\u0131\u00f1 yard\u0131mc\u0131s\u0131 Ali Kemal Ayd\u0131n ve T\u00fcrkiyeni\u00f1 Ukrainadaki Vefqulade ve Toluvek\u00e2letli El\u00e7isi Mehmet Samsar ile k\u00f6r\u00fc\u015ftiler. K\u00f6r\u00fc\u015f\u00fcvde bun\u0131\u00f1 kibi de T\u00fcrkiye Cumhuriyetini\u00f1 Odessada Ba\u015f konsul\u0131 Nur Sagman ve T\u00fcrkiyeni\u00f1 Ukrainadaki El\u00e7iligini\u00f1 2-nci k\u00e2tibi Fatih Ozturk i\u015ftirak ettiler.<br><br>Meclis reisi Q\u0131r\u0131mda so\u00f1ki k\u00fcnlerde meydan\u011fa kelgen vaziyetni tafsil\u00e2tl\u0131 tarif etip, bu vaziyetten Ukraina mustaqilligini saqlap qaluv ve t\u0131n\u00e7 \u00e7ezimge esaslan\u011fan Meclisni\u00f1 pozitsiyas\u0131n\u0131 ve tekliflerini beyan etti.<\/p>\n\n\n\n<p>Refat \u00c7ubarov ve Mustafa Cemilev Q\u0131r\u0131mda \u00e7e\u015fit millet mens\u00fcplerini\u00f1 \u00f6m\u00fcrine tel\u00fckeli ol\u011fan keni\u015f k\u00f6lemli provokatsiyalar yap\u0131labilir, dep sayalar. Ve ayn\u0131 \u015fu sebepten Meclis halqara cemaat\u00e7\u0131l\u0131qqa BMT bar\u0131\u015f\u0131q k\u00fc\u00e7lerini\u00f1 Q\u0131r\u0131m\u011fa kirsetilmesi ricas\u0131nen muracaat etti. Meclis reisi yaramada sakinlerini &#8220;referendum&#8221;\u011fa az\u0131rl\u0131q devam\u0131nda boykot etmege \u00e7a\u011f\u0131rd\u0131.<\/p>\n\n\n\n<p>\u00d6z taraf\u0131ndan t\u00fcrkiyeli musafirler Q\u0131r\u0131mdaki i\u00f1qirazn\u0131 faqat diplomatik yolnen \u00e7ezmek o\u011frunda T\u00fcrkiye \u00fck\u00fcmeti yapqan areketleri aqq\u0131nda bildirdiler.<br><br>C\u00fcmleden, Ali Kemal Ayd\u0131n \u015fun\u0131 da hat\u0131rlatt\u0131 ki, Q\u0131r\u0131mdaki vaziyet boyunca T\u00fcrkiye T\u0131\u015f i\u015fler naziri Ahmed Davuto\u011flu Ukraina yolba\u015f\u00e7\u0131lar\u0131nen, bun\u0131\u00f1 kibi de T\u00fcrkiyedeki Q\u0131r\u0131mtatar derneklerini\u00f1 vekillerinen bir s\u0131ra k\u00f6r\u00fc\u015f\u00fcvler ke\u00e7irdi.<\/p>\n\n\n\n<p>Bundan da \u011fayr\u0131, T\u00fcrkiye T\u0131\u015f i\u015fleri naziri mesleat\u00e7\u0131s\u0131n\u0131\u00f1 yard\u0131mc\u0131s\u0131 Ali Kemal Ayd\u0131nn\u0131\u00f1 bildirgenine k\u00f6re, T\u00fcrkiye Ba\u015f naziri Recep Tayip Erdo\u011fan T\u00fcrkiye B\u00fcy\u00fck Meclisni\u00f1 q\u0131r\u0131mtatar tam\u0131rlar\u0131 ol\u011fan deputatlar ve \u00f6z yard\u0131mc\u0131lar\u0131 ile keni\u015f bir k\u00f6r\u00fc\u015f\u00fcv \u00f6tkerdi.<\/p>\n\n\n\n<p>Ali Kemal Ayd\u0131n \u015fun\u0131 da qayd etti ki, T\u00fcrkiye ba\u015f naziri Recep Tayip Erdo\u011fan Rusiye prezidenti Vldaiimr P\u00fctin ile telefon vastas\u0131nen ol\u011fan subetinde Ukraina territorital b\u00fct\u00fcnligi ve Q\u0131r\u0131mdaki inqirazn\u0131 t\u0131n\u00e7 yolnen \u00e7ezilmesine T\u00fcrkiyeni\u00f1 pozitsiyas\u0131n\u0131 bildirdi.<\/p>\n","protected":false},"excerpt":{"rendered":"<p>Bu aqta olar 2014 senesi mart 7 k\u00fcn\u00fc T\u00fcrkiye T\u0131\u015f i\u015fleri naziri mesleat\u00e7\u0131s\u0131n\u0131\u00f1 yard\u0131mc\u0131s\u0131 Ali Kemal Ayd\u0131n ve T\u00fcrkiyeni\u00f1 Ukrainadaki Vefqulade ve Toluvek\u00e2letli El\u00e7isi Mehmet Samsar ile k\u00f6r\u00fc\u015f\u00fcvde bildirdiler. Meclis reisi Refat \u00c7ubarov ve q\u0131r\u0131mtatar halq\u0131n\u0131\u00f1 lideri, Ukraina halq deputat\u0131 Mustafa Cemilev T\u00fcrkiye T\u0131\u015f i\u015fleri naziri mesleat\u00e7\u0131s\u0131n\u0131\u00f1 yard\u0131mc\u0131s\u0131 Ali Kemal Ayd\u0131n ve T\u00fcrkiyeni\u00f1 Ukrainadaki Vefqulade [&hellip;]<\/p>\n","protected":false},"author":1,"featured_media":0,"comment_status":"open","ping_status":"open","sticky":false,"template":"","format":"standard","meta":{"inline_featured_image":false,"footnotes":""},"categories":[265],"tags":[],"class_list":["post-43697","post","type-post","status-publish","format-standard","hentry","category-haberler"],"acf":[],"yoast_head":"<!-- This site is optimized with the Yoast SEO plugin v27.4 - https:\/\/yoast.com\/product\/yoast-seo-wordpress\/ -->\n<title>Refat \u00c7ubarov ve Mustafa Cemilev Q\u0131r\u0131mda keni\u015f k\u00f6lemli provokatsiyalar oluv\u0131 tel\u00fckesi bar, dep sayalar - \u041c\u0435\u0434\u0436\u043b\u0456\u0441<\/title>\n<meta name=\"robots\" content=\"index, follow, max-snippet:-1, max-image-preview:large, max-video-preview:-1\" \/>\n<link rel=\"canonical\" href=\"https:\/\/qtmm.org\/qt\/refat-cubarov-ve-mustafa-cemilev-qirimda-kenis-kolemli-provokatsiyalar-oluvi-telukesi-bar-dep-sayalar\/\" \/>\n<meta property=\"og:locale\" content=\"en_US\" \/>\n<meta property=\"og:type\" content=\"article\" \/>\n<meta property=\"og:title\" content=\"Refat \u00c7ubarov ve Mustafa Cemilev Q\u0131r\u0131mda keni\u015f k\u00f6lemli provokatsiyalar oluv\u0131 tel\u00fckesi bar, dep sayalar - \u041c\u0435\u0434\u0436\u043b\u0456\u0441\" \/>\n<meta property=\"og:description\" content=\"Bu aqta olar 2014 senesi mart 7 k\u00fcn\u00fc T\u00fcrkiye T\u0131\u015f i\u015fleri naziri mesleat\u00e7\u0131s\u0131n\u0131\u00f1 yard\u0131mc\u0131s\u0131 Ali Kemal Ayd\u0131n ve T\u00fcrkiyeni\u00f1 Ukrainadaki Vefqulade ve Toluvek\u00e2letli El\u00e7isi Mehmet Samsar ile k\u00f6r\u00fc\u015f\u00fcvde bildirdiler. Meclis reisi Refat \u00c7ubarov ve q\u0131r\u0131mtatar halq\u0131n\u0131\u00f1 lideri, Ukraina halq deputat\u0131 Mustafa Cemilev T\u00fcrkiye T\u0131\u015f i\u015fleri naziri mesleat\u00e7\u0131s\u0131n\u0131\u00f1 yard\u0131mc\u0131s\u0131 Ali Kemal Ayd\u0131n ve T\u00fcrkiyeni\u00f1 Ukrainadaki Vefqulade [&hellip;]\" \/>\n<meta property=\"og:url\" content=\"https:\/\/qtmm.org\/qt\/refat-cubarov-ve-mustafa-cemilev-qirimda-kenis-kolemli-provokatsiyalar-oluvi-telukesi-bar-dep-sayalar\/\" \/>\n<meta property=\"og:site_name\" content=\"\u041c\u0435\u0434\u0436\u043b\u0456\u0441\" \/>\n<meta property=\"article:publisher\" content=\"https:\/\/www.facebook.com\/qtmm.info\/\" \/>\n<meta property=\"article:published_time\" content=\"2014-03-07T16:34:00+00:00\" \/>\n<meta property=\"article:modified_time\" content=\"2022-01-27T16:34:52+00:00\" \/>\n<meta name=\"author\" content=\"Developer\" \/>\n<meta name=\"twitter:card\" content=\"summary_large_image\" \/>\n<meta name=\"twitter:label1\" content=\"Written by\" \/>\n\t<meta name=\"twitter:data1\" content=\"Developer\" \/>\n\t<meta name=\"twitter:label2\" content=\"Est. reading time\" \/>\n\t<meta name=\"twitter:data2\" content=\"2 minutes\" \/>\n<script type=\"application\/ld+json\" class=\"yoast-schema-graph\">{\"@context\":\"https:\\\/\\\/schema.org\",\"@graph\":[{\"@type\":\"Article\",\"@id\":\"https:\\\/\\\/qtmm.org\\\/qt\\\/refat-cubarov-ve-mustafa-cemilev-qirimda-kenis-kolemli-provokatsiyalar-oluvi-telukesi-bar-dep-sayalar\\\/#article\",\"isPartOf\":{\"@id\":\"https:\\\/\\\/qtmm.org\\\/qt\\\/refat-cubarov-ve-mustafa-cemilev-qirimda-kenis-kolemli-provokatsiyalar-oluvi-telukesi-bar-dep-sayalar\\\/\"},\"author\":{\"name\":\"Developer\",\"@id\":\"https:\\\/\\\/qtmm.org\\\/qt\\\/#\\\/schema\\\/person\\\/de562469f971dec226ac06e60bbf74a7\"},\"headline\":\"Refat \u00c7ubarov ve Mustafa Cemilev Q\u0131r\u0131mda keni\u015f k\u00f6lemli provokatsiyalar oluv\u0131 tel\u00fckesi bar, dep sayalar\",\"datePublished\":\"2014-03-07T16:34:00+00:00\",\"dateModified\":\"2022-01-27T16:34:52+00:00\",\"mainEntityOfPage\":{\"@id\":\"https:\\\/\\\/qtmm.org\\\/qt\\\/refat-cubarov-ve-mustafa-cemilev-qirimda-kenis-kolemli-provokatsiyalar-oluvi-telukesi-bar-dep-sayalar\\\/\"},\"wordCount\":412,\"commentCount\":0,\"publisher\":{\"@id\":\"https:\\\/\\\/qtmm.org\\\/qt\\\/#organization\"},\"articleSection\":[\"Haberler\"],\"inLanguage\":\"qt\",\"potentialAction\":[{\"@type\":\"CommentAction\",\"name\":\"Comment\",\"target\":[\"https:\\\/\\\/qtmm.org\\\/qt\\\/refat-cubarov-ve-mustafa-cemilev-qirimda-kenis-kolemli-provokatsiyalar-oluvi-telukesi-bar-dep-sayalar\\\/#respond\"]}]},{\"@type\":\"WebPage\",\"@id\":\"https:\\\/\\\/qtmm.org\\\/qt\\\/refat-cubarov-ve-mustafa-cemilev-qirimda-kenis-kolemli-provokatsiyalar-oluvi-telukesi-bar-dep-sayalar\\\/\",\"url\":\"https:\\\/\\\/qtmm.org\\\/qt\\\/refat-cubarov-ve-mustafa-cemilev-qirimda-kenis-kolemli-provokatsiyalar-oluvi-telukesi-bar-dep-sayalar\\\/\",\"name\":\"Refat \u00c7ubarov ve Mustafa Cemilev Q\u0131r\u0131mda keni\u015f k\u00f6lemli provokatsiyalar oluv\u0131 tel\u00fckesi bar, dep sayalar - \u041c\u0435\u0434\u0436\u043b\u0456\u0441\",\"isPartOf\":{\"@id\":\"https:\\\/\\\/qtmm.org\\\/qt\\\/#website\"},\"datePublished\":\"2014-03-07T16:34:00+00:00\",\"dateModified\":\"2022-01-27T16:34:52+00:00\",\"breadcrumb\":{\"@id\":\"https:\\\/\\\/qtmm.org\\\/qt\\\/refat-cubarov-ve-mustafa-cemilev-qirimda-kenis-kolemli-provokatsiyalar-oluvi-telukesi-bar-dep-sayalar\\\/#breadcrumb\"},\"inLanguage\":\"qt\",\"potentialAction\":[{\"@type\":\"ReadAction\",\"target\":[\"https:\\\/\\\/qtmm.org\\\/qt\\\/refat-cubarov-ve-mustafa-cemilev-qirimda-kenis-kolemli-provokatsiyalar-oluvi-telukesi-bar-dep-sayalar\\\/\"]}]},{\"@type\":\"BreadcrumbList\",\"@id\":\"https:\\\/\\\/qtmm.org\\\/qt\\\/refat-cubarov-ve-mustafa-cemilev-qirimda-kenis-kolemli-provokatsiyalar-oluvi-telukesi-bar-dep-sayalar\\\/#breadcrumb\",\"itemListElement\":[{\"@type\":\"ListItem\",\"position\":1,\"name\":\"\u0413\u043e\u043b\u043e\u0432\u043d\u0430\",\"item\":\"https:\\\/\\\/qtmm.org\\\/qt\\\/\"},{\"@type\":\"ListItem\",\"position\":2,\"name\":\"Refat \u00c7ubarov ve Mustafa Cemilev Q\u0131r\u0131mda keni\u015f k\u00f6lemli provokatsiyalar oluv\u0131 tel\u00fckesi bar, dep sayalar\"}]},{\"@type\":\"WebSite\",\"@id\":\"https:\\\/\\\/qtmm.org\\\/qt\\\/#website\",\"url\":\"https:\\\/\\\/qtmm.org\\\/qt\\\/\",\"name\":\"\u041c\u0435\u0434\u0436\u043b\u0456\u0441\",\"description\":\"\",\"publisher\":{\"@id\":\"https:\\\/\\\/qtmm.org\\\/qt\\\/#organization\"},\"potentialAction\":[{\"@type\":\"SearchAction\",\"target\":{\"@type\":\"EntryPoint\",\"urlTemplate\":\"https:\\\/\\\/qtmm.org\\\/qt\\\/?s={search_term_string}\"},\"query-input\":{\"@type\":\"PropertyValueSpecification\",\"valueRequired\":true,\"valueName\":\"search_term_string\"}}],\"inLanguage\":\"qt\"},{\"@type\":\"Organization\",\"@id\":\"https:\\\/\\\/qtmm.org\\\/qt\\\/#organization\",\"name\":\"\u041c\u0435\u0434\u0436\u043b\u0456\u0441\",\"url\":\"https:\\\/\\\/qtmm.org\\\/qt\\\/\",\"logo\":{\"@type\":\"ImageObject\",\"inLanguage\":\"qt\",\"@id\":\"https:\\\/\\\/qtmm.org\\\/qt\\\/#\\\/schema\\\/logo\\\/image\\\/\",\"url\":\"https:\\\/\\\/qtmm.org\\\/wp-content\\\/uploads\\\/2024\\\/12\\\/ua-mejlis-logo-rgb.svg\",\"contentUrl\":\"https:\\\/\\\/qtmm.org\\\/wp-content\\\/uploads\\\/2024\\\/12\\\/ua-mejlis-logo-rgb.svg\",\"caption\":\"\u041c\u0435\u0434\u0436\u043b\u0456\u0441\"},\"image\":{\"@id\":\"https:\\\/\\\/qtmm.org\\\/qt\\\/#\\\/schema\\\/logo\\\/image\\\/\"},\"sameAs\":[\"https:\\\/\\\/www.facebook.com\\\/qtmm.info\\\/\"]},{\"@type\":\"Person\",\"@id\":\"https:\\\/\\\/qtmm.org\\\/qt\\\/#\\\/schema\\\/person\\\/de562469f971dec226ac06e60bbf74a7\",\"name\":\"Developer\",\"image\":{\"@type\":\"ImageObject\",\"inLanguage\":\"qt\",\"@id\":\"https:\\\/\\\/secure.gravatar.com\\\/avatar\\\/392b4cc8fbfeb00b39dfeeab4ee6edded39ffd48e25858637e4765810300227e?s=96&d=mm&r=g\",\"url\":\"https:\\\/\\\/secure.gravatar.com\\\/avatar\\\/392b4cc8fbfeb00b39dfeeab4ee6edded39ffd48e25858637e4765810300227e?s=96&d=mm&r=g\",\"contentUrl\":\"https:\\\/\\\/secure.gravatar.com\\\/avatar\\\/392b4cc8fbfeb00b39dfeeab4ee6edded39ffd48e25858637e4765810300227e?s=96&d=mm&r=g\",\"caption\":\"Developer\"},\"url\":\"https:\\\/\\\/qtmm.org\\\/qt\\\/author\\\/Developer\\\/\"}]}<\/script>\n<!-- \/ Yoast SEO plugin. -->","yoast_head_json":{"title":"Refat \u00c7ubarov ve Mustafa Cemilev Q\u0131r\u0131mda keni\u015f k\u00f6lemli provokatsiyalar oluv\u0131 tel\u00fckesi bar, dep sayalar - \u041c\u0435\u0434\u0436\u043b\u0456\u0441","robots":{"index":"index","follow":"follow","max-snippet":"max-snippet:-1","max-image-preview":"max-image-preview:large","max-video-preview":"max-video-preview:-1"},"canonical":"https:\/\/qtmm.org\/qt\/refat-cubarov-ve-mustafa-cemilev-qirimda-kenis-kolemli-provokatsiyalar-oluvi-telukesi-bar-dep-sayalar\/","og_locale":"en_US","og_type":"article","og_title":"Refat \u00c7ubarov ve Mustafa Cemilev Q\u0131r\u0131mda keni\u015f k\u00f6lemli provokatsiyalar oluv\u0131 tel\u00fckesi bar, dep sayalar - \u041c\u0435\u0434\u0436\u043b\u0456\u0441","og_description":"Bu aqta olar 2014 senesi mart 7 k\u00fcn\u00fc T\u00fcrkiye T\u0131\u015f i\u015fleri naziri mesleat\u00e7\u0131s\u0131n\u0131\u00f1 yard\u0131mc\u0131s\u0131 Ali Kemal Ayd\u0131n ve T\u00fcrkiyeni\u00f1 Ukrainadaki Vefqulade ve Toluvek\u00e2letli El\u00e7isi Mehmet Samsar ile k\u00f6r\u00fc\u015f\u00fcvde bildirdiler. Meclis reisi Refat \u00c7ubarov ve q\u0131r\u0131mtatar halq\u0131n\u0131\u00f1 lideri, Ukraina halq deputat\u0131 Mustafa Cemilev T\u00fcrkiye T\u0131\u015f i\u015fleri naziri mesleat\u00e7\u0131s\u0131n\u0131\u00f1 yard\u0131mc\u0131s\u0131 Ali Kemal Ayd\u0131n ve T\u00fcrkiyeni\u00f1 Ukrainadaki Vefqulade [&hellip;]","og_url":"https:\/\/qtmm.org\/qt\/refat-cubarov-ve-mustafa-cemilev-qirimda-kenis-kolemli-provokatsiyalar-oluvi-telukesi-bar-dep-sayalar\/","og_site_name":"\u041c\u0435\u0434\u0436\u043b\u0456\u0441","article_publisher":"https:\/\/www.facebook.com\/qtmm.info\/","article_published_time":"2014-03-07T16:34:00+00:00","article_modified_time":"2022-01-27T16:34:52+00:00","author":"Developer","twitter_card":"summary_large_image","twitter_misc":{"Written by":"Developer","Est. reading time":"2 minutes"},"schema":{"@context":"https:\/\/schema.org","@graph":[{"@type":"Article","@id":"https:\/\/qtmm.org\/qt\/refat-cubarov-ve-mustafa-cemilev-qirimda-kenis-kolemli-provokatsiyalar-oluvi-telukesi-bar-dep-sayalar\/#article","isPartOf":{"@id":"https:\/\/qtmm.org\/qt\/refat-cubarov-ve-mustafa-cemilev-qirimda-kenis-kolemli-provokatsiyalar-oluvi-telukesi-bar-dep-sayalar\/"},"author":{"name":"Developer","@id":"https:\/\/qtmm.org\/qt\/#\/schema\/person\/de562469f971dec226ac06e60bbf74a7"},"headline":"Refat \u00c7ubarov ve Mustafa Cemilev Q\u0131r\u0131mda keni\u015f k\u00f6lemli provokatsiyalar oluv\u0131 tel\u00fckesi bar, dep sayalar","datePublished":"2014-03-07T16:34:00+00:00","dateModified":"2022-01-27T16:34:52+00:00","mainEntityOfPage":{"@id":"https:\/\/qtmm.org\/qt\/refat-cubarov-ve-mustafa-cemilev-qirimda-kenis-kolemli-provokatsiyalar-oluvi-telukesi-bar-dep-sayalar\/"},"wordCount":412,"commentCount":0,"publisher":{"@id":"https:\/\/qtmm.org\/qt\/#organization"},"articleSection":["Haberler"],"inLanguage":"qt","potentialAction":[{"@type":"CommentAction","name":"Comment","target":["https:\/\/qtmm.org\/qt\/refat-cubarov-ve-mustafa-cemilev-qirimda-kenis-kolemli-provokatsiyalar-oluvi-telukesi-bar-dep-sayalar\/#respond"]}]},{"@type":"WebPage","@id":"https:\/\/qtmm.org\/qt\/refat-cubarov-ve-mustafa-cemilev-qirimda-kenis-kolemli-provokatsiyalar-oluvi-telukesi-bar-dep-sayalar\/","url":"https:\/\/qtmm.org\/qt\/refat-cubarov-ve-mustafa-cemilev-qirimda-kenis-kolemli-provokatsiyalar-oluvi-telukesi-bar-dep-sayalar\/","name":"Refat \u00c7ubarov ve Mustafa Cemilev Q\u0131r\u0131mda keni\u015f k\u00f6lemli provokatsiyalar oluv\u0131 tel\u00fckesi bar, dep sayalar - \u041c\u0435\u0434\u0436\u043b\u0456\u0441","isPartOf":{"@id":"https:\/\/qtmm.org\/qt\/#website"},"datePublished":"2014-03-07T16:34:00+00:00","dateModified":"2022-01-27T16:34:52+00:00","breadcrumb":{"@id":"https:\/\/qtmm.org\/qt\/refat-cubarov-ve-mustafa-cemilev-qirimda-kenis-kolemli-provokatsiyalar-oluvi-telukesi-bar-dep-sayalar\/#breadcrumb"},"inLanguage":"qt","potentialAction":[{"@type":"ReadAction","target":["https:\/\/qtmm.org\/qt\/refat-cubarov-ve-mustafa-cemilev-qirimda-kenis-kolemli-provokatsiyalar-oluvi-telukesi-bar-dep-sayalar\/"]}]},{"@type":"BreadcrumbList","@id":"https:\/\/qtmm.org\/qt\/refat-cubarov-ve-mustafa-cemilev-qirimda-kenis-kolemli-provokatsiyalar-oluvi-telukesi-bar-dep-sayalar\/#breadcrumb","itemListElement":[{"@type":"ListItem","position":1,"name":"\u0413\u043e\u043b\u043e\u0432\u043d\u0430","item":"https:\/\/qtmm.org\/qt\/"},{"@type":"ListItem","position":2,"name":"Refat \u00c7ubarov ve Mustafa Cemilev Q\u0131r\u0131mda keni\u015f k\u00f6lemli provokatsiyalar oluv\u0131 tel\u00fckesi bar, dep sayalar"}]},{"@type":"WebSite","@id":"https:\/\/qtmm.org\/qt\/#website","url":"https:\/\/qtmm.org\/qt\/","name":"\u041c\u0435\u0434\u0436\u043b\u0456\u0441","description":"","publisher":{"@id":"https:\/\/qtmm.org\/qt\/#organization"},"potentialAction":[{"@type":"SearchAction","target":{"@type":"EntryPoint","urlTemplate":"https:\/\/qtmm.org\/qt\/?s={search_term_string}"},"query-input":{"@type":"PropertyValueSpecification","valueRequired":true,"valueName":"search_term_string"}}],"inLanguage":"qt"},{"@type":"Organization","@id":"https:\/\/qtmm.org\/qt\/#organization","name":"\u041c\u0435\u0434\u0436\u043b\u0456\u0441","url":"https:\/\/qtmm.org\/qt\/","logo":{"@type":"ImageObject","inLanguage":"qt","@id":"https:\/\/qtmm.org\/qt\/#\/schema\/logo\/image\/","url":"https:\/\/qtmm.org\/wp-content\/uploads\/2024\/12\/ua-mejlis-logo-rgb.svg","contentUrl":"https:\/\/qtmm.org\/wp-content\/uploads\/2024\/12\/ua-mejlis-logo-rgb.svg","caption":"\u041c\u0435\u0434\u0436\u043b\u0456\u0441"},"image":{"@id":"https:\/\/qtmm.org\/qt\/#\/schema\/logo\/image\/"},"sameAs":["https:\/\/www.facebook.com\/qtmm.info\/"]},{"@type":"Person","@id":"https:\/\/qtmm.org\/qt\/#\/schema\/person\/de562469f971dec226ac06e60bbf74a7","name":"Developer","image":{"@type":"ImageObject","inLanguage":"qt","@id":"https:\/\/secure.gravatar.com\/avatar\/392b4cc8fbfeb00b39dfeeab4ee6edded39ffd48e25858637e4765810300227e?s=96&d=mm&r=g","url":"https:\/\/secure.gravatar.com\/avatar\/392b4cc8fbfeb00b39dfeeab4ee6edded39ffd48e25858637e4765810300227e?s=96&d=mm&r=g","contentUrl":"https:\/\/secure.gravatar.com\/avatar\/392b4cc8fbfeb00b39dfeeab4ee6edded39ffd48e25858637e4765810300227e?s=96&d=mm&r=g","caption":"Developer"},"url":"https:\/\/qtmm.org\/qt\/author\/Developer\/"}]}},"_links":{"self":[{"href":"https:\/\/qtmm.org\/qt\/wp-json\/wp\/v2\/posts\/43697","targetHints":{"allow":["GET"]}}],"collection":[{"href":"https:\/\/qtmm.org\/qt\/wp-json\/wp\/v2\/posts"}],"about":[{"href":"https:\/\/qtmm.org\/qt\/wp-json\/wp\/v2\/types\/post"}],"author":[{"embeddable":true,"href":"https:\/\/qtmm.org\/qt\/wp-json\/wp\/v2\/users\/1"}],"replies":[{"embeddable":true,"href":"https:\/\/qtmm.org\/qt\/wp-json\/wp\/v2\/comments?post=43697"}],"version-history":[{"count":1,"href":"https:\/\/qtmm.org\/qt\/wp-json\/wp\/v2\/posts\/43697\/revisions"}],"predecessor-version":[{"id":43698,"href":"https:\/\/qtmm.org\/qt\/wp-json\/wp\/v2\/posts\/43697\/revisions\/43698"}],"wp:attachment":[{"href":"https:\/\/qtmm.org\/qt\/wp-json\/wp\/v2\/media?parent=43697"}],"wp:term":[{"taxonomy":"category","embeddable":true,"href":"https:\/\/qtmm.org\/qt\/wp-json\/wp\/v2\/categories?post=43697"},{"taxonomy":"post_tag","embeddable":true,"href":"https:\/\/qtmm.org\/qt\/wp-json\/wp\/v2\/tags?post=43697"}],"curies":[{"name":"wp","href":"https:\/\/api.w.org\/{rel}","templated":true}]}}