




{"id":43695,"date":"2014-03-07T19:31:00","date_gmt":"2014-03-07T16:31:00","guid":{"rendered":"http:\/\/qtmm.org\/?p=43695"},"modified":"2022-01-27T19:31:54","modified_gmt":"2022-01-27T16:31:54","slug":"qirimtatar-halqi-meclisinin-qirim-yarimadasinda-vaziyetni-cezuv-aqqinda-muracaati","status":"publish","type":"post","link":"https:\/\/qtmm.org\/qt\/qirimtatar-halqi-meclisinin-qirim-yarimadasinda-vaziyetni-cezuv-aqqinda-muracaati\/","title":{"rendered":"Q\u0131r\u0131mtatar halq\u0131 Meclisini\u00f1 \u00abQ\u0131r\u0131m yar\u0131madas\u0131nda vaziyetni \u00e7ez\u00fcv aqq\u0131nda\u00bb muracaat\u0131"},"content":{"rendered":"\n<p class=\"has-text-align-right\"><strong>B\u0130RLE\u015eKEN M\u0130LLETLER TE\u015eK\u0130L\u00c2TINA<br>AVROPADA TEM\u0130NLEV VE \u0130\u015eB\u0130RL\u0130K TE\u015eK\u0130L\u00c2TINA<br>AVROPA KE\u00d1E\u015e\u0130NE<br>AVROPA B\u0130RL\u0130G\u0130NE<br>DEVLETLERN\u0130\u00d1 PARLAMENTLER\u0130 VE \u00dcK\u00dcMETLER\u0130NE<\/strong><\/p>\n\n\n\n<p class=\"has-text-align-center\"><br><br><strong>QIRIMTATAR HALQI MECL\u0130S\u0130N\u0130\u00d1<br>&#8220;QIRIM YARIMADASINDA VAZ\u0130YETN\u0130 \u00c7EZ\u00dcV AQQINDA&#8221;<br>MURACAATI<\/strong><\/p>\n\n\n\n<p><br><br>Q\u0131r\u0131m ve Q\u0131r\u0131m etraf\u0131nda vaziyet ep kerginle\u015fmekte.<\/p>\n\n\n\n<p>2014 senesi mart 6-da Q\u0131r\u0131m Yuqar\u0131 \u015euras\u0131n\u0131\u00f1 &#8220;Umumq\u0131r\u0131m referenlum\u0131n\u0131 ke\u00e7ir\u00fcv aqq\u0131nda&#8221; qarar almas\u0131 ve on\u0131 mart 16-da ke\u00e7irmek qarar\u0131 Q\u0131r\u0131m cemiyetinde kerginlik \u015fiddetle\u015fmesini\u00f1 ya\u00f1\u0131 faktor\u0131 old\u0131. Yar\u0131madan\u0131\u00f1 \u00e7oqmilletli ealisi Q\u0131r\u0131m\u011fa Krasnodar \u00fclkesi ve Rusiyeni\u00f1 diger vil\u00e2yetlerinden k\u00fctleviy s\u00fcrette kelgen qazaq te\u015fkil\u00e2tlar\u0131n\u0131\u00f1 vekilleri te\u015fkil\u00e2tland\u0131rabilecek keni\u015f k\u00f6lemli provokatsiyalardan saq\u0131nalar.<\/p>\n\n\n\n<p>Yar\u0131madada Rusiye qo\u015funlar\u0131n\u0131\u00f1 bulunuv\u0131, jurnalist ve diplomatlarn\u0131\u00f1 i\u015fine keder etken, Q\u0131r\u0131m\u011fa \u00d6BSE k\u00f6zeticilerini kirsetmegen &#8220;halq qoruy\u0131c\u0131lar\u0131&#8221;n\u0131\u00f1 pek faalle\u015fkeni vaziyet insanlarn\u0131\u00f1 \u00f6m\u00fcrine tel\u00fckeli olmas\u0131 seviyesine k\u00f6terileceginden del\u00e2let bere.<br><br>Yar\u0131madada ya\u015fa\u011fan ve angilerini\u00f1 ki Q\u0131r\u0131mn\u0131 Ukrainadan ay\u0131rmaq siyasetini al\u0131p bar\u011fanlarn\u0131\u00f1 bir fikirde olma\u011fan ukrainler, q\u0131r\u0131mtatarlar ve umumen Ukraina grajdanlar\u0131na nisbeten zorbal\u0131q k\u00f6sterilmesi real olabilir. Q\u0131r\u0131mn\u0131\u00f1 bug\u00fcnki &#8220;akimiyeti&#8221;ni\u00f1 siyasetine raz\u0131 olma\u011fan diger millet insanlar\u0131na nisbeten de zorbal\u0131q yap\u0131labilir.<\/p>\n\n\n\n<p>Angi milletke mens\u00fcp ol\u011fan\u0131ndan qatiy nazar epsi insanlar\u011fa facial\u0131 olacaq b\u00fcy\u00fck fel\u00e2ketni\u00f1 \u00f6g\u00fcni almaq ve Meydan\u011fa kelgen vaziyetten bar\u0131\u015f\u0131q yolnen \u00e7\u0131qmaq maqsad\u0131nda Q\u0131r\u0131mtatar halq\u0131n\u0131\u00f1 Meclisi halqara te\u015fkil\u00e2tlar\u011fa, devletlerni\u00f1 parlamentleri ve \u00dck\u00fcmetlerini Q\u0131r\u0131m\u011fa BMT ni\u00f1 bar\u0131\u015f k\u00fc\u00e7lerini kirsetmek imk\u00e2n\u0131n\u0131 deral baqma\u011fa \u00e7a\u011f\u0131ra.<br>&nbsp;<\/p>\n\n\n\n<p><br><strong>Refat \u00c7ubarov<br>Q\u0131r\u0131mtatar halq\u0131 Meclisini\u00f1 reisi<\/strong><br><br><em>2014 senesi mart 6.<\/em><\/p>\n","protected":false},"excerpt":{"rendered":"<p>B\u0130RLE\u015eKEN M\u0130LLETLER TE\u015eK\u0130L\u00c2TINAAVROPADA TEM\u0130NLEV VE \u0130\u015eB\u0130RL\u0130K TE\u015eK\u0130L\u00c2TINAAVROPA KE\u00d1E\u015e\u0130NEAVROPA B\u0130RL\u0130G\u0130NEDEVLETLERN\u0130\u00d1 PARLAMENTLER\u0130 VE \u00dcK\u00dcMETLER\u0130NE QIRIMTATAR HALQI MECL\u0130S\u0130N\u0130\u00d1&#8220;QIRIM YARIMADASINDA VAZ\u0130YETN\u0130 \u00c7EZ\u00dcV AQQINDA&#8221;MURACAATI Q\u0131r\u0131m ve Q\u0131r\u0131m etraf\u0131nda vaziyet ep kerginle\u015fmekte. 2014 senesi mart 6-da Q\u0131r\u0131m Yuqar\u0131 \u015euras\u0131n\u0131\u00f1 &#8220;Umumq\u0131r\u0131m referenlum\u0131n\u0131 ke\u00e7ir\u00fcv aqq\u0131nda&#8221; qarar almas\u0131 ve on\u0131 mart 16-da ke\u00e7irmek qarar\u0131 Q\u0131r\u0131m cemiyetinde kerginlik \u015fiddetle\u015fmesini\u00f1 ya\u00f1\u0131 faktor\u0131 old\u0131. Yar\u0131madan\u0131\u00f1 \u00e7oqmilletli ealisi [&hellip;]<\/p>\n","protected":false},"author":1,"featured_media":0,"comment_status":"open","ping_status":"open","sticky":false,"template":"","format":"standard","meta":{"inline_featured_image":false,"footnotes":""},"categories":[265],"tags":[],"class_list":["post-43695","post","type-post","status-publish","format-standard","hentry","category-haberler"],"acf":[],"yoast_head":"<!-- This site is optimized with the Yoast SEO plugin v27.4 - https:\/\/yoast.com\/product\/yoast-seo-wordpress\/ -->\n<title>Q\u0131r\u0131mtatar halq\u0131 Meclisini\u00f1 \u00abQ\u0131r\u0131m yar\u0131madas\u0131nda vaziyetni \u00e7ez\u00fcv aqq\u0131nda\u00bb muracaat\u0131 - \u041c\u0435\u0434\u0436\u043b\u0456\u0441<\/title>\n<meta name=\"robots\" content=\"index, follow, max-snippet:-1, max-image-preview:large, max-video-preview:-1\" \/>\n<link rel=\"canonical\" href=\"https:\/\/qtmm.org\/qt\/qirimtatar-halqi-meclisinin-qirim-yarimadasinda-vaziyetni-cezuv-aqqinda-muracaati\/\" \/>\n<meta property=\"og:locale\" content=\"en_US\" \/>\n<meta property=\"og:type\" content=\"article\" \/>\n<meta property=\"og:title\" content=\"Q\u0131r\u0131mtatar halq\u0131 Meclisini\u00f1 \u00abQ\u0131r\u0131m yar\u0131madas\u0131nda vaziyetni \u00e7ez\u00fcv aqq\u0131nda\u00bb muracaat\u0131 - \u041c\u0435\u0434\u0436\u043b\u0456\u0441\" \/>\n<meta property=\"og:description\" content=\"B\u0130RLE\u015eKEN M\u0130LLETLER TE\u015eK\u0130L\u00c2TINAAVROPADA TEM\u0130NLEV VE \u0130\u015eB\u0130RL\u0130K TE\u015eK\u0130L\u00c2TINAAVROPA KE\u00d1E\u015e\u0130NEAVROPA B\u0130RL\u0130G\u0130NEDEVLETLERN\u0130\u00d1 PARLAMENTLER\u0130 VE \u00dcK\u00dcMETLER\u0130NE QIRIMTATAR HALQI MECL\u0130S\u0130N\u0130\u00d1&#8220;QIRIM YARIMADASINDA VAZ\u0130YETN\u0130 \u00c7EZ\u00dcV AQQINDA&#8221;MURACAATI Q\u0131r\u0131m ve Q\u0131r\u0131m etraf\u0131nda vaziyet ep kerginle\u015fmekte. 2014 senesi mart 6-da Q\u0131r\u0131m Yuqar\u0131 \u015euras\u0131n\u0131\u00f1 &#8220;Umumq\u0131r\u0131m referenlum\u0131n\u0131 ke\u00e7ir\u00fcv aqq\u0131nda&#8221; qarar almas\u0131 ve on\u0131 mart 16-da ke\u00e7irmek qarar\u0131 Q\u0131r\u0131m cemiyetinde kerginlik \u015fiddetle\u015fmesini\u00f1 ya\u00f1\u0131 faktor\u0131 old\u0131. Yar\u0131madan\u0131\u00f1 \u00e7oqmilletli ealisi [&hellip;]\" \/>\n<meta property=\"og:url\" content=\"https:\/\/qtmm.org\/qt\/qirimtatar-halqi-meclisinin-qirim-yarimadasinda-vaziyetni-cezuv-aqqinda-muracaati\/\" \/>\n<meta property=\"og:site_name\" content=\"\u041c\u0435\u0434\u0436\u043b\u0456\u0441\" \/>\n<meta property=\"article:publisher\" content=\"https:\/\/www.facebook.com\/qtmm.info\/\" \/>\n<meta property=\"article:published_time\" content=\"2014-03-07T16:31:00+00:00\" \/>\n<meta property=\"article:modified_time\" content=\"2022-01-27T16:31:54+00:00\" \/>\n<meta name=\"author\" content=\"Developer\" \/>\n<meta name=\"twitter:card\" content=\"summary_large_image\" \/>\n<meta name=\"twitter:label1\" content=\"Written by\" \/>\n\t<meta name=\"twitter:data1\" content=\"Developer\" \/>\n\t<meta name=\"twitter:label2\" content=\"Est. reading time\" \/>\n\t<meta name=\"twitter:data2\" content=\"2 minutes\" \/>\n<script type=\"application\/ld+json\" class=\"yoast-schema-graph\">{\"@context\":\"https:\\\/\\\/schema.org\",\"@graph\":[{\"@type\":\"Article\",\"@id\":\"https:\\\/\\\/qtmm.org\\\/qt\\\/qirimtatar-halqi-meclisinin-qirim-yarimadasinda-vaziyetni-cezuv-aqqinda-muracaati\\\/#article\",\"isPartOf\":{\"@id\":\"https:\\\/\\\/qtmm.org\\\/qt\\\/qirimtatar-halqi-meclisinin-qirim-yarimadasinda-vaziyetni-cezuv-aqqinda-muracaati\\\/\"},\"author\":{\"name\":\"Developer\",\"@id\":\"https:\\\/\\\/qtmm.org\\\/qt\\\/#\\\/schema\\\/person\\\/de562469f971dec226ac06e60bbf74a7\"},\"headline\":\"Q\u0131r\u0131mtatar halq\u0131 Meclisini\u00f1 \u00abQ\u0131r\u0131m yar\u0131madas\u0131nda vaziyetni \u00e7ez\u00fcv aqq\u0131nda\u00bb muracaat\u0131\",\"datePublished\":\"2014-03-07T16:31:00+00:00\",\"dateModified\":\"2022-01-27T16:31:54+00:00\",\"mainEntityOfPage\":{\"@id\":\"https:\\\/\\\/qtmm.org\\\/qt\\\/qirimtatar-halqi-meclisinin-qirim-yarimadasinda-vaziyetni-cezuv-aqqinda-muracaati\\\/\"},\"wordCount\":328,\"commentCount\":0,\"publisher\":{\"@id\":\"https:\\\/\\\/qtmm.org\\\/qt\\\/#organization\"},\"articleSection\":[\"Haberler\"],\"inLanguage\":\"qt\",\"potentialAction\":[{\"@type\":\"CommentAction\",\"name\":\"Comment\",\"target\":[\"https:\\\/\\\/qtmm.org\\\/qt\\\/qirimtatar-halqi-meclisinin-qirim-yarimadasinda-vaziyetni-cezuv-aqqinda-muracaati\\\/#respond\"]}]},{\"@type\":\"WebPage\",\"@id\":\"https:\\\/\\\/qtmm.org\\\/qt\\\/qirimtatar-halqi-meclisinin-qirim-yarimadasinda-vaziyetni-cezuv-aqqinda-muracaati\\\/\",\"url\":\"https:\\\/\\\/qtmm.org\\\/qt\\\/qirimtatar-halqi-meclisinin-qirim-yarimadasinda-vaziyetni-cezuv-aqqinda-muracaati\\\/\",\"name\":\"Q\u0131r\u0131mtatar halq\u0131 Meclisini\u00f1 \u00abQ\u0131r\u0131m yar\u0131madas\u0131nda vaziyetni \u00e7ez\u00fcv aqq\u0131nda\u00bb muracaat\u0131 - \u041c\u0435\u0434\u0436\u043b\u0456\u0441\",\"isPartOf\":{\"@id\":\"https:\\\/\\\/qtmm.org\\\/qt\\\/#website\"},\"datePublished\":\"2014-03-07T16:31:00+00:00\",\"dateModified\":\"2022-01-27T16:31:54+00:00\",\"breadcrumb\":{\"@id\":\"https:\\\/\\\/qtmm.org\\\/qt\\\/qirimtatar-halqi-meclisinin-qirim-yarimadasinda-vaziyetni-cezuv-aqqinda-muracaati\\\/#breadcrumb\"},\"inLanguage\":\"qt\",\"potentialAction\":[{\"@type\":\"ReadAction\",\"target\":[\"https:\\\/\\\/qtmm.org\\\/qt\\\/qirimtatar-halqi-meclisinin-qirim-yarimadasinda-vaziyetni-cezuv-aqqinda-muracaati\\\/\"]}]},{\"@type\":\"BreadcrumbList\",\"@id\":\"https:\\\/\\\/qtmm.org\\\/qt\\\/qirimtatar-halqi-meclisinin-qirim-yarimadasinda-vaziyetni-cezuv-aqqinda-muracaati\\\/#breadcrumb\",\"itemListElement\":[{\"@type\":\"ListItem\",\"position\":1,\"name\":\"\u0413\u043e\u043b\u043e\u0432\u043d\u0430\",\"item\":\"https:\\\/\\\/qtmm.org\\\/qt\\\/\"},{\"@type\":\"ListItem\",\"position\":2,\"name\":\"Q\u0131r\u0131mtatar halq\u0131 Meclisini\u00f1 \u00abQ\u0131r\u0131m yar\u0131madas\u0131nda vaziyetni \u00e7ez\u00fcv aqq\u0131nda\u00bb muracaat\u0131\"}]},{\"@type\":\"WebSite\",\"@id\":\"https:\\\/\\\/qtmm.org\\\/qt\\\/#website\",\"url\":\"https:\\\/\\\/qtmm.org\\\/qt\\\/\",\"name\":\"\u041c\u0435\u0434\u0436\u043b\u0456\u0441\",\"description\":\"\",\"publisher\":{\"@id\":\"https:\\\/\\\/qtmm.org\\\/qt\\\/#organization\"},\"potentialAction\":[{\"@type\":\"SearchAction\",\"target\":{\"@type\":\"EntryPoint\",\"urlTemplate\":\"https:\\\/\\\/qtmm.org\\\/qt\\\/?s={search_term_string}\"},\"query-input\":{\"@type\":\"PropertyValueSpecification\",\"valueRequired\":true,\"valueName\":\"search_term_string\"}}],\"inLanguage\":\"qt\"},{\"@type\":\"Organization\",\"@id\":\"https:\\\/\\\/qtmm.org\\\/qt\\\/#organization\",\"name\":\"\u041c\u0435\u0434\u0436\u043b\u0456\u0441\",\"url\":\"https:\\\/\\\/qtmm.org\\\/qt\\\/\",\"logo\":{\"@type\":\"ImageObject\",\"inLanguage\":\"qt\",\"@id\":\"https:\\\/\\\/qtmm.org\\\/qt\\\/#\\\/schema\\\/logo\\\/image\\\/\",\"url\":\"https:\\\/\\\/qtmm.org\\\/wp-content\\\/uploads\\\/2024\\\/12\\\/ua-mejlis-logo-rgb.svg\",\"contentUrl\":\"https:\\\/\\\/qtmm.org\\\/wp-content\\\/uploads\\\/2024\\\/12\\\/ua-mejlis-logo-rgb.svg\",\"caption\":\"\u041c\u0435\u0434\u0436\u043b\u0456\u0441\"},\"image\":{\"@id\":\"https:\\\/\\\/qtmm.org\\\/qt\\\/#\\\/schema\\\/logo\\\/image\\\/\"},\"sameAs\":[\"https:\\\/\\\/www.facebook.com\\\/qtmm.info\\\/\"]},{\"@type\":\"Person\",\"@id\":\"https:\\\/\\\/qtmm.org\\\/qt\\\/#\\\/schema\\\/person\\\/de562469f971dec226ac06e60bbf74a7\",\"name\":\"Developer\",\"image\":{\"@type\":\"ImageObject\",\"inLanguage\":\"qt\",\"@id\":\"https:\\\/\\\/secure.gravatar.com\\\/avatar\\\/392b4cc8fbfeb00b39dfeeab4ee6edded39ffd48e25858637e4765810300227e?s=96&d=mm&r=g\",\"url\":\"https:\\\/\\\/secure.gravatar.com\\\/avatar\\\/392b4cc8fbfeb00b39dfeeab4ee6edded39ffd48e25858637e4765810300227e?s=96&d=mm&r=g\",\"contentUrl\":\"https:\\\/\\\/secure.gravatar.com\\\/avatar\\\/392b4cc8fbfeb00b39dfeeab4ee6edded39ffd48e25858637e4765810300227e?s=96&d=mm&r=g\",\"caption\":\"Developer\"},\"url\":\"https:\\\/\\\/qtmm.org\\\/qt\\\/author\\\/Developer\\\/\"}]}<\/script>\n<!-- \/ Yoast SEO plugin. -->","yoast_head_json":{"title":"Q\u0131r\u0131mtatar halq\u0131 Meclisini\u00f1 \u00abQ\u0131r\u0131m yar\u0131madas\u0131nda vaziyetni \u00e7ez\u00fcv aqq\u0131nda\u00bb muracaat\u0131 - \u041c\u0435\u0434\u0436\u043b\u0456\u0441","robots":{"index":"index","follow":"follow","max-snippet":"max-snippet:-1","max-image-preview":"max-image-preview:large","max-video-preview":"max-video-preview:-1"},"canonical":"https:\/\/qtmm.org\/qt\/qirimtatar-halqi-meclisinin-qirim-yarimadasinda-vaziyetni-cezuv-aqqinda-muracaati\/","og_locale":"en_US","og_type":"article","og_title":"Q\u0131r\u0131mtatar halq\u0131 Meclisini\u00f1 \u00abQ\u0131r\u0131m yar\u0131madas\u0131nda vaziyetni \u00e7ez\u00fcv aqq\u0131nda\u00bb muracaat\u0131 - \u041c\u0435\u0434\u0436\u043b\u0456\u0441","og_description":"B\u0130RLE\u015eKEN M\u0130LLETLER TE\u015eK\u0130L\u00c2TINAAVROPADA TEM\u0130NLEV VE \u0130\u015eB\u0130RL\u0130K TE\u015eK\u0130L\u00c2TINAAVROPA KE\u00d1E\u015e\u0130NEAVROPA B\u0130RL\u0130G\u0130NEDEVLETLERN\u0130\u00d1 PARLAMENTLER\u0130 VE \u00dcK\u00dcMETLER\u0130NE QIRIMTATAR HALQI MECL\u0130S\u0130N\u0130\u00d1&#8220;QIRIM YARIMADASINDA VAZ\u0130YETN\u0130 \u00c7EZ\u00dcV AQQINDA&#8221;MURACAATI Q\u0131r\u0131m ve Q\u0131r\u0131m etraf\u0131nda vaziyet ep kerginle\u015fmekte. 2014 senesi mart 6-da Q\u0131r\u0131m Yuqar\u0131 \u015euras\u0131n\u0131\u00f1 &#8220;Umumq\u0131r\u0131m referenlum\u0131n\u0131 ke\u00e7ir\u00fcv aqq\u0131nda&#8221; qarar almas\u0131 ve on\u0131 mart 16-da ke\u00e7irmek qarar\u0131 Q\u0131r\u0131m cemiyetinde kerginlik \u015fiddetle\u015fmesini\u00f1 ya\u00f1\u0131 faktor\u0131 old\u0131. Yar\u0131madan\u0131\u00f1 \u00e7oqmilletli ealisi [&hellip;]","og_url":"https:\/\/qtmm.org\/qt\/qirimtatar-halqi-meclisinin-qirim-yarimadasinda-vaziyetni-cezuv-aqqinda-muracaati\/","og_site_name":"\u041c\u0435\u0434\u0436\u043b\u0456\u0441","article_publisher":"https:\/\/www.facebook.com\/qtmm.info\/","article_published_time":"2014-03-07T16:31:00+00:00","article_modified_time":"2022-01-27T16:31:54+00:00","author":"Developer","twitter_card":"summary_large_image","twitter_misc":{"Written by":"Developer","Est. reading time":"2 minutes"},"schema":{"@context":"https:\/\/schema.org","@graph":[{"@type":"Article","@id":"https:\/\/qtmm.org\/qt\/qirimtatar-halqi-meclisinin-qirim-yarimadasinda-vaziyetni-cezuv-aqqinda-muracaati\/#article","isPartOf":{"@id":"https:\/\/qtmm.org\/qt\/qirimtatar-halqi-meclisinin-qirim-yarimadasinda-vaziyetni-cezuv-aqqinda-muracaati\/"},"author":{"name":"Developer","@id":"https:\/\/qtmm.org\/qt\/#\/schema\/person\/de562469f971dec226ac06e60bbf74a7"},"headline":"Q\u0131r\u0131mtatar halq\u0131 Meclisini\u00f1 \u00abQ\u0131r\u0131m yar\u0131madas\u0131nda vaziyetni \u00e7ez\u00fcv aqq\u0131nda\u00bb muracaat\u0131","datePublished":"2014-03-07T16:31:00+00:00","dateModified":"2022-01-27T16:31:54+00:00","mainEntityOfPage":{"@id":"https:\/\/qtmm.org\/qt\/qirimtatar-halqi-meclisinin-qirim-yarimadasinda-vaziyetni-cezuv-aqqinda-muracaati\/"},"wordCount":328,"commentCount":0,"publisher":{"@id":"https:\/\/qtmm.org\/qt\/#organization"},"articleSection":["Haberler"],"inLanguage":"qt","potentialAction":[{"@type":"CommentAction","name":"Comment","target":["https:\/\/qtmm.org\/qt\/qirimtatar-halqi-meclisinin-qirim-yarimadasinda-vaziyetni-cezuv-aqqinda-muracaati\/#respond"]}]},{"@type":"WebPage","@id":"https:\/\/qtmm.org\/qt\/qirimtatar-halqi-meclisinin-qirim-yarimadasinda-vaziyetni-cezuv-aqqinda-muracaati\/","url":"https:\/\/qtmm.org\/qt\/qirimtatar-halqi-meclisinin-qirim-yarimadasinda-vaziyetni-cezuv-aqqinda-muracaati\/","name":"Q\u0131r\u0131mtatar halq\u0131 Meclisini\u00f1 \u00abQ\u0131r\u0131m yar\u0131madas\u0131nda vaziyetni \u00e7ez\u00fcv aqq\u0131nda\u00bb muracaat\u0131 - \u041c\u0435\u0434\u0436\u043b\u0456\u0441","isPartOf":{"@id":"https:\/\/qtmm.org\/qt\/#website"},"datePublished":"2014-03-07T16:31:00+00:00","dateModified":"2022-01-27T16:31:54+00:00","breadcrumb":{"@id":"https:\/\/qtmm.org\/qt\/qirimtatar-halqi-meclisinin-qirim-yarimadasinda-vaziyetni-cezuv-aqqinda-muracaati\/#breadcrumb"},"inLanguage":"qt","potentialAction":[{"@type":"ReadAction","target":["https:\/\/qtmm.org\/qt\/qirimtatar-halqi-meclisinin-qirim-yarimadasinda-vaziyetni-cezuv-aqqinda-muracaati\/"]}]},{"@type":"BreadcrumbList","@id":"https:\/\/qtmm.org\/qt\/qirimtatar-halqi-meclisinin-qirim-yarimadasinda-vaziyetni-cezuv-aqqinda-muracaati\/#breadcrumb","itemListElement":[{"@type":"ListItem","position":1,"name":"\u0413\u043e\u043b\u043e\u0432\u043d\u0430","item":"https:\/\/qtmm.org\/qt\/"},{"@type":"ListItem","position":2,"name":"Q\u0131r\u0131mtatar halq\u0131 Meclisini\u00f1 \u00abQ\u0131r\u0131m yar\u0131madas\u0131nda vaziyetni \u00e7ez\u00fcv aqq\u0131nda\u00bb muracaat\u0131"}]},{"@type":"WebSite","@id":"https:\/\/qtmm.org\/qt\/#website","url":"https:\/\/qtmm.org\/qt\/","name":"\u041c\u0435\u0434\u0436\u043b\u0456\u0441","description":"","publisher":{"@id":"https:\/\/qtmm.org\/qt\/#organization"},"potentialAction":[{"@type":"SearchAction","target":{"@type":"EntryPoint","urlTemplate":"https:\/\/qtmm.org\/qt\/?s={search_term_string}"},"query-input":{"@type":"PropertyValueSpecification","valueRequired":true,"valueName":"search_term_string"}}],"inLanguage":"qt"},{"@type":"Organization","@id":"https:\/\/qtmm.org\/qt\/#organization","name":"\u041c\u0435\u0434\u0436\u043b\u0456\u0441","url":"https:\/\/qtmm.org\/qt\/","logo":{"@type":"ImageObject","inLanguage":"qt","@id":"https:\/\/qtmm.org\/qt\/#\/schema\/logo\/image\/","url":"https:\/\/qtmm.org\/wp-content\/uploads\/2024\/12\/ua-mejlis-logo-rgb.svg","contentUrl":"https:\/\/qtmm.org\/wp-content\/uploads\/2024\/12\/ua-mejlis-logo-rgb.svg","caption":"\u041c\u0435\u0434\u0436\u043b\u0456\u0441"},"image":{"@id":"https:\/\/qtmm.org\/qt\/#\/schema\/logo\/image\/"},"sameAs":["https:\/\/www.facebook.com\/qtmm.info\/"]},{"@type":"Person","@id":"https:\/\/qtmm.org\/qt\/#\/schema\/person\/de562469f971dec226ac06e60bbf74a7","name":"Developer","image":{"@type":"ImageObject","inLanguage":"qt","@id":"https:\/\/secure.gravatar.com\/avatar\/392b4cc8fbfeb00b39dfeeab4ee6edded39ffd48e25858637e4765810300227e?s=96&d=mm&r=g","url":"https:\/\/secure.gravatar.com\/avatar\/392b4cc8fbfeb00b39dfeeab4ee6edded39ffd48e25858637e4765810300227e?s=96&d=mm&r=g","contentUrl":"https:\/\/secure.gravatar.com\/avatar\/392b4cc8fbfeb00b39dfeeab4ee6edded39ffd48e25858637e4765810300227e?s=96&d=mm&r=g","caption":"Developer"},"url":"https:\/\/qtmm.org\/qt\/author\/Developer\/"}]}},"_links":{"self":[{"href":"https:\/\/qtmm.org\/qt\/wp-json\/wp\/v2\/posts\/43695","targetHints":{"allow":["GET"]}}],"collection":[{"href":"https:\/\/qtmm.org\/qt\/wp-json\/wp\/v2\/posts"}],"about":[{"href":"https:\/\/qtmm.org\/qt\/wp-json\/wp\/v2\/types\/post"}],"author":[{"embeddable":true,"href":"https:\/\/qtmm.org\/qt\/wp-json\/wp\/v2\/users\/1"}],"replies":[{"embeddable":true,"href":"https:\/\/qtmm.org\/qt\/wp-json\/wp\/v2\/comments?post=43695"}],"version-history":[{"count":1,"href":"https:\/\/qtmm.org\/qt\/wp-json\/wp\/v2\/posts\/43695\/revisions"}],"predecessor-version":[{"id":43696,"href":"https:\/\/qtmm.org\/qt\/wp-json\/wp\/v2\/posts\/43695\/revisions\/43696"}],"wp:attachment":[{"href":"https:\/\/qtmm.org\/qt\/wp-json\/wp\/v2\/media?parent=43695"}],"wp:term":[{"taxonomy":"category","embeddable":true,"href":"https:\/\/qtmm.org\/qt\/wp-json\/wp\/v2\/categories?post=43695"},{"taxonomy":"post_tag","embeddable":true,"href":"https:\/\/qtmm.org\/qt\/wp-json\/wp\/v2\/tags?post=43695"}],"curies":[{"name":"wp","href":"https:\/\/api.w.org\/{rel}","templated":true}]}}